{"id":19969,"date":"2018-11-29T08:23:55","date_gmt":"2018-11-29T11:23:55","guid":{"rendered":"http:\/\/www.eldiariodetucuman.com\/web\/?p=19969"},"modified":"2018-11-29T08:23:55","modified_gmt":"2018-11-29T11:23:55","slug":"como-sera-el-nuevo-esquema-de-atencion-del-subsidio-de-salud","status":"publish","type":"post","link":"https:\/\/www.eldiariodetucuman.com\/web\/como-sera-el-nuevo-esquema-de-atencion-del-subsidio-de-salud\/","title":{"rendered":"C\u00f3mo ser\u00e1 el nuevo esquema de atenci\u00f3n del Subsidio de Salud"},"content":{"rendered":"<div class=\"feature-img\">El Instituto de Previsi\u00f3n y Seguridad Social de Tucum\u00e1n (IPSST) inform\u00f3 a sus afiliados que desde el 1 de diciembre se dejar\u00e1n de emitir y entregar Recetarios ya que no ser\u00e1n necesarios en el marco del nuevo esquema de atenci\u00f3n de la obra social.<\/div>\n<p><!--more--><\/p>\n<div class=\"entry-content\">\n<p class=\"selectionShareable\">As\u00ed lo expres\u00f3 el titular del IPSST,\u00a0<strong>Fernando Avellaneda<\/strong>, que se\u00f1al\u00f3 que desde la semana pr\u00f3xima la obra social no emitir\u00e1 recetarios preimpresos. \u201cCuando uno vaya al m\u00e9dico, si el medicamento necesita que sea prescripto, el profesional deber\u00e1 hacerlo en su recetario como se hace en muchas obras sociales y prepagas\u201d, coment\u00f3.<\/p>\n<div class=\"video_wrap\"><iframe loading=\"lazy\" src=\"http:\/\/www.youtube.com\/embed\/aIompjpDsxI\" width=\"650\" height=\"315\" data-mce-fragment=\"1\"><\/iframe><\/div>\n<p class=\"selectionShareable\">De esta manera, el m\u00e9dico indicar\u00e1 los medicamentos, hasta cuatro mensuales por paciente con un tope de dos por recetario, y ser\u00e1n dispensados\u00a0 en\u00a0 la farmacia que el afiliado elija.<\/p>\n<p class=\"selectionShareable\"><strong>La prescripci\u00f3n \u00a0debe contener:<\/strong><\/p>\n<ul>\n<li>Membrete del m\u00e9dico o centro m\u00e9dico. Sello y Firma.<\/li>\n<li>Nombre completo y CUIL del afiliado<\/li>\n<li>\u00a0Nombre del gen\u00e9rico (principio activo). Dosis, cantidad y presentaci\u00f3n<\/li>\n<\/ul>\n<ul>\n<li>Diagn\u00f3stico<\/li>\n<\/ul>\n<p class=\"selectionShareable\">Las personas que adquirieron sus recetas antes del 1 de diciembre\u00a0podr\u00e1n usarlas hasta la fecha de su vencimiento.<\/p>\n<p class=\"selectionShareable\"><strong>Descentralizan la entrega de medicamentos del Plan Materno Infantil<\/strong><\/p>\n<p class=\"selectionShareable\">Avellaneda tambi\u00e9n inform\u00f3 que desde el 1 de diciembre la dispensa \u00a0de medicamentos del Plan Materno Infantil se realizar\u00e1 en las farmacias que el afiliado elija sin la necesidad de acudir al Departamento de Programas y Gesti\u00f3n Racional de Medicamentos, Calidad de Vida \u00a0o filiales para auditor\u00eda.<\/p>\n<p class=\"selectionShareable\">Este sistema busca facilitar el acceso a medicamentos concurriendo directamente desde el consultorio m\u00e9dico a la farmacia con el recetario oficial del Plan. Con esta alternativa, ser\u00e1n beneficiados m\u00e1s de 20.000 ni\u00f1os y embarazadas.<\/p>\n<p class=\"selectionShareable\">El beneficiario debe concurrir directamente con la receta del m\u00e9dico o pediatra a cualquiera de las farmacias habilitadas de la Red, donde se autorizar\u00e1 mediante un Sistema de Validaci\u00f3n Online, seg\u00fan vadem\u00e9cum vigente.<\/p>\n<p class=\"selectionShareable\"><strong>Consultas<\/strong><\/p>\n<p class=\"selectionShareable\">Por cualquier duda e informaci\u00f3n ingresar a\u00a0<a href=\"http:\/\/www.ipsst.gov.ar\/\">www.ipsst.gov.ar<\/a><\/p>\n<p><strong>Fuente:\u00a0<\/strong><a href=\"http:\/\/comunicaciontucuman.gob.ar\/2018\/11\/subsidio-descentralizan-la-prescripcion-de-medicamentos\/\">http:\/\/comunicaciontucuman.gob.ar\/2018\/11\/subsidio-descentralizan-la-prescripcion-de-medicamentos\/<\/a><\/p>\n<\/div>\n","protected":false},"excerpt":{"rendered":"<p>El Instituto de Previsi\u00f3n y Seguridad Social de Tucum\u00e1n (IPSST) inform\u00f3 a sus afiliados que desde el 1 de diciembre se dejar\u00e1n de emitir y entregar Recetarios ya que no ser\u00e1n necesarios en el marco del nuevo esquema de atenci\u00f3n de la obra social.<\/p>\n","protected":false},"author":5,"featured_media":19970,"comment_status":"closed","ping_status":"open","sticky":false,"template":"","format":"standard","meta":{"footnotes":""},"categories":[2],"tags":[],"class_list":{"0":"post-19969","1":"post","2":"type-post","3":"status-publish","4":"format-standard","5":"has-post-thumbnail","7":"category-actualidad"},"yoast_head":"<!-- This site is optimized with the Yoast SEO plugin v27.4 - https:\/\/yoast.com\/product\/yoast-seo-wordpress\/ -->\n<title>C\u00f3mo ser\u00e1 el nuevo esquema de atenci\u00f3n del Subsidio de Salud - El Diario de Tucuman<\/title>\n<meta name=\"robots\" content=\"index, follow, max-snippet:-1, max-image-preview:large, max-video-preview:-1\" \/>\n<link rel=\"canonical\" href=\"https:\/\/www.eldiariodetucuman.com\/web\/como-sera-el-nuevo-esquema-de-atencion-del-subsidio-de-salud\/\" \/>\n<meta property=\"og:locale\" content=\"es_ES\" \/>\n<meta property=\"og:type\" content=\"article\" \/>\n<meta property=\"og:title\" content=\"C\u00f3mo ser\u00e1 el nuevo esquema de atenci\u00f3n del Subsidio de Salud - El Diario de Tucuman\" \/>\n<meta property=\"og:description\" content=\"El Instituto de Previsi\u00f3n y Seguridad Social de Tucum\u00e1n (IPSST) inform\u00f3 a sus afiliados que desde el 1 de diciembre se dejar\u00e1n de emitir y entregar Recetarios ya que no ser\u00e1n necesarios en el marco del nuevo esquema de atenci\u00f3n de la obra social.\" \/>\n<meta property=\"og:url\" content=\"https:\/\/www.eldiariodetucuman.com\/web\/como-sera-el-nuevo-esquema-de-atencion-del-subsidio-de-salud\/\" \/>\n<meta property=\"og:site_name\" content=\"El Diario de Tucuman\" \/>\n<meta property=\"article:published_time\" content=\"2018-11-29T11:23:55+00:00\" \/>\n<meta property=\"og:image\" content=\"https:\/\/www.eldiariodetucuman.com\/web\/wp-content\/uploads\/2018\/11\/subsidio.jpg\" \/>\n\t<meta property=\"og:image:width\" content=\"818\" \/>\n\t<meta property=\"og:image:height\" content=\"460\" \/>\n\t<meta property=\"og:image:type\" content=\"image\/jpeg\" \/>\n<meta name=\"author\" content=\"Redactor Uno\" \/>\n<meta name=\"twitter:card\" content=\"summary_large_image\" \/>\n<meta name=\"twitter:label1\" content=\"Escrito por\" \/>\n\t<meta name=\"twitter:data1\" content=\"Redactor Uno\" \/>\n\t<meta name=\"twitter:label2\" content=\"Tiempo de lectura\" \/>\n\t<meta name=\"twitter:data2\" content=\"2 minutos\" \/>\n<script type=\"application\/ld+json\" class=\"yoast-schema-graph\">{\"@context\":\"https:\\\/\\\/schema.org\",\"@graph\":[{\"@type\":\"Article\",\"@id\":\"https:\\\/\\\/www.eldiariodetucuman.com\\\/web\\\/como-sera-el-nuevo-esquema-de-atencion-del-subsidio-de-salud\\\/#article\",\"isPartOf\":{\"@id\":\"https:\\\/\\\/www.eldiariodetucuman.com\\\/web\\\/como-sera-el-nuevo-esquema-de-atencion-del-subsidio-de-salud\\\/\"},\"author\":{\"name\":\"Redactor Uno\",\"@id\":\"https:\\\/\\\/www.eldiariodetucuman.com\\\/web\\\/#\\\/schema\\\/person\\\/7e6644a46e60888f6b868594407e08dd\"},\"headline\":\"C\u00f3mo ser\u00e1 el nuevo esquema de atenci\u00f3n del Subsidio de Salud\",\"datePublished\":\"2018-11-29T11:23:55+00:00\",\"mainEntityOfPage\":{\"@id\":\"https:\\\/\\\/www.eldiariodetucuman.com\\\/web\\\/como-sera-el-nuevo-esquema-de-atencion-del-subsidio-de-salud\\\/\"},\"wordCount\":353,\"publisher\":{\"@id\":\"https:\\\/\\\/www.eldiariodetucuman.com\\\/web\\\/#organization\"},\"image\":{\"@id\":\"https:\\\/\\\/www.eldiariodetucuman.com\\\/web\\\/como-sera-el-nuevo-esquema-de-atencion-del-subsidio-de-salud\\\/#primaryimage\"},\"thumbnailUrl\":\"https:\\\/\\\/www.eldiariodetucuman.com\\\/web\\\/wp-content\\\/uploads\\\/2018\\\/11\\\/subsidio.jpg\",\"articleSection\":[\"Actualidad\"],\"inLanguage\":\"es\"},{\"@type\":\"WebPage\",\"@id\":\"https:\\\/\\\/www.eldiariodetucuman.com\\\/web\\\/como-sera-el-nuevo-esquema-de-atencion-del-subsidio-de-salud\\\/\",\"url\":\"https:\\\/\\\/www.eldiariodetucuman.com\\\/web\\\/como-sera-el-nuevo-esquema-de-atencion-del-subsidio-de-salud\\\/\",\"name\":\"C\u00f3mo ser\u00e1 el nuevo esquema de atenci\u00f3n del Subsidio de Salud - El Diario de Tucuman\",\"isPartOf\":{\"@id\":\"https:\\\/\\\/www.eldiariodetucuman.com\\\/web\\\/#website\"},\"primaryImageOfPage\":{\"@id\":\"https:\\\/\\\/www.eldiariodetucuman.com\\\/web\\\/como-sera-el-nuevo-esquema-de-atencion-del-subsidio-de-salud\\\/#primaryimage\"},\"image\":{\"@id\":\"https:\\\/\\\/www.eldiariodetucuman.com\\\/web\\\/como-sera-el-nuevo-esquema-de-atencion-del-subsidio-de-salud\\\/#primaryimage\"},\"thumbnailUrl\":\"https:\\\/\\\/www.eldiariodetucuman.com\\\/web\\\/wp-content\\\/uploads\\\/2018\\\/11\\\/subsidio.jpg\",\"datePublished\":\"2018-11-29T11:23:55+00:00\",\"breadcrumb\":{\"@id\":\"https:\\\/\\\/www.eldiariodetucuman.com\\\/web\\\/como-sera-el-nuevo-esquema-de-atencion-del-subsidio-de-salud\\\/#breadcrumb\"},\"inLanguage\":\"es\",\"potentialAction\":[{\"@type\":\"ReadAction\",\"target\":[\"https:\\\/\\\/www.eldiariodetucuman.com\\\/web\\\/como-sera-el-nuevo-esquema-de-atencion-del-subsidio-de-salud\\\/\"]}]},{\"@type\":\"ImageObject\",\"inLanguage\":\"es\",\"@id\":\"https:\\\/\\\/www.eldiariodetucuman.com\\\/web\\\/como-sera-el-nuevo-esquema-de-atencion-del-subsidio-de-salud\\\/#primaryimage\",\"url\":\"https:\\\/\\\/www.eldiariodetucuman.com\\\/web\\\/wp-content\\\/uploads\\\/2018\\\/11\\\/subsidio.jpg\",\"contentUrl\":\"https:\\\/\\\/www.eldiariodetucuman.com\\\/web\\\/wp-content\\\/uploads\\\/2018\\\/11\\\/subsidio.jpg\",\"width\":818,\"height\":460},{\"@type\":\"BreadcrumbList\",\"@id\":\"https:\\\/\\\/www.eldiariodetucuman.com\\\/web\\\/como-sera-el-nuevo-esquema-de-atencion-del-subsidio-de-salud\\\/#breadcrumb\",\"itemListElement\":[{\"@type\":\"ListItem\",\"position\":1,\"name\":\"Portada\",\"item\":\"https:\\\/\\\/www.eldiariodetucuman.com\\\/web\\\/\"},{\"@type\":\"ListItem\",\"position\":2,\"name\":\"C\u00f3mo ser\u00e1 el nuevo esquema de atenci\u00f3n del Subsidio de Salud\"}]},{\"@type\":\"WebSite\",\"@id\":\"https:\\\/\\\/www.eldiariodetucuman.com\\\/web\\\/#website\",\"url\":\"https:\\\/\\\/www.eldiariodetucuman.com\\\/web\\\/\",\"name\":\"El Diario de Tucuman\",\"description\":\"Diario Tucuman - Informaci\u00f3n y noticias\",\"publisher\":{\"@id\":\"https:\\\/\\\/www.eldiariodetucuman.com\\\/web\\\/#organization\"},\"potentialAction\":[{\"@type\":\"SearchAction\",\"target\":{\"@type\":\"EntryPoint\",\"urlTemplate\":\"https:\\\/\\\/www.eldiariodetucuman.com\\\/web\\\/?s={search_term_string}\"},\"query-input\":{\"@type\":\"PropertyValueSpecification\",\"valueRequired\":true,\"valueName\":\"search_term_string\"}}],\"inLanguage\":\"es\"},{\"@type\":\"Organization\",\"@id\":\"https:\\\/\\\/www.eldiariodetucuman.com\\\/web\\\/#organization\",\"name\":\"El Diario de Tucuman\",\"url\":\"https:\\\/\\\/www.eldiariodetucuman.com\\\/web\\\/\",\"logo\":{\"@type\":\"ImageObject\",\"inLanguage\":\"es\",\"@id\":\"https:\\\/\\\/www.eldiariodetucuman.com\\\/web\\\/#\\\/schema\\\/logo\\\/image\\\/\",\"url\":\"http:\\\/\\\/www.eldiariodetucuman.com\\\/web\\\/wp-content\\\/uploads\\\/2017\\\/12\\\/el-diario-de-tucuman.jpg\",\"contentUrl\":\"http:\\\/\\\/www.eldiariodetucuman.com\\\/web\\\/wp-content\\\/uploads\\\/2017\\\/12\\\/el-diario-de-tucuman.jpg\",\"width\":272,\"height\":92,\"caption\":\"El Diario de Tucuman\"},\"image\":{\"@id\":\"https:\\\/\\\/www.eldiariodetucuman.com\\\/web\\\/#\\\/schema\\\/logo\\\/image\\\/\"}},{\"@type\":\"Person\",\"@id\":\"https:\\\/\\\/www.eldiariodetucuman.com\\\/web\\\/#\\\/schema\\\/person\\\/7e6644a46e60888f6b868594407e08dd\",\"name\":\"Redactor Uno\",\"image\":{\"@type\":\"ImageObject\",\"inLanguage\":\"es\",\"@id\":\"https:\\\/\\\/secure.gravatar.com\\\/avatar\\\/0049b1bdf1bd548385c9ea6b9356431717930913089febd2ba904f0187d7d074?s=96&d=mm&r=g\",\"url\":\"https:\\\/\\\/secure.gravatar.com\\\/avatar\\\/0049b1bdf1bd548385c9ea6b9356431717930913089febd2ba904f0187d7d074?s=96&d=mm&r=g\",\"contentUrl\":\"https:\\\/\\\/secure.gravatar.com\\\/avatar\\\/0049b1bdf1bd548385c9ea6b9356431717930913089febd2ba904f0187d7d074?s=96&d=mm&r=g\",\"caption\":\"Redactor Uno\"},\"url\":\"https:\\\/\\\/www.eldiariodetucuman.com\\\/web\\\/author\\\/mramasco\\\/\"}]}<\/script>\n<!-- \/ Yoast SEO plugin. -->","yoast_head_json":{"title":"C\u00f3mo ser\u00e1 el nuevo esquema de atenci\u00f3n del Subsidio de Salud - El Diario de Tucuman","robots":{"index":"index","follow":"follow","max-snippet":"max-snippet:-1","max-image-preview":"max-image-preview:large","max-video-preview":"max-video-preview:-1"},"canonical":"https:\/\/www.eldiariodetucuman.com\/web\/como-sera-el-nuevo-esquema-de-atencion-del-subsidio-de-salud\/","og_locale":"es_ES","og_type":"article","og_title":"C\u00f3mo ser\u00e1 el nuevo esquema de atenci\u00f3n del Subsidio de Salud - El Diario de Tucuman","og_description":"El Instituto de Previsi\u00f3n y Seguridad Social de Tucum\u00e1n (IPSST) inform\u00f3 a sus afiliados que desde el 1 de diciembre se dejar\u00e1n de emitir y entregar Recetarios ya que no ser\u00e1n necesarios en el marco del nuevo esquema de atenci\u00f3n de la obra social.","og_url":"https:\/\/www.eldiariodetucuman.com\/web\/como-sera-el-nuevo-esquema-de-atencion-del-subsidio-de-salud\/","og_site_name":"El Diario de Tucuman","article_published_time":"2018-11-29T11:23:55+00:00","og_image":[{"width":818,"height":460,"url":"https:\/\/www.eldiariodetucuman.com\/web\/wp-content\/uploads\/2018\/11\/subsidio.jpg","type":"image\/jpeg"}],"author":"Redactor Uno","twitter_card":"summary_large_image","twitter_misc":{"Escrito por":"Redactor Uno","Tiempo de lectura":"2 minutos"},"schema":{"@context":"https:\/\/schema.org","@graph":[{"@type":"Article","@id":"https:\/\/www.eldiariodetucuman.com\/web\/como-sera-el-nuevo-esquema-de-atencion-del-subsidio-de-salud\/#article","isPartOf":{"@id":"https:\/\/www.eldiariodetucuman.com\/web\/como-sera-el-nuevo-esquema-de-atencion-del-subsidio-de-salud\/"},"author":{"name":"Redactor Uno","@id":"https:\/\/www.eldiariodetucuman.com\/web\/#\/schema\/person\/7e6644a46e60888f6b868594407e08dd"},"headline":"C\u00f3mo ser\u00e1 el nuevo esquema de atenci\u00f3n del Subsidio de Salud","datePublished":"2018-11-29T11:23:55+00:00","mainEntityOfPage":{"@id":"https:\/\/www.eldiariodetucuman.com\/web\/como-sera-el-nuevo-esquema-de-atencion-del-subsidio-de-salud\/"},"wordCount":353,"publisher":{"@id":"https:\/\/www.eldiariodetucuman.com\/web\/#organization"},"image":{"@id":"https:\/\/www.eldiariodetucuman.com\/web\/como-sera-el-nuevo-esquema-de-atencion-del-subsidio-de-salud\/#primaryimage"},"thumbnailUrl":"https:\/\/www.eldiariodetucuman.com\/web\/wp-content\/uploads\/2018\/11\/subsidio.jpg","articleSection":["Actualidad"],"inLanguage":"es"},{"@type":"WebPage","@id":"https:\/\/www.eldiariodetucuman.com\/web\/como-sera-el-nuevo-esquema-de-atencion-del-subsidio-de-salud\/","url":"https:\/\/www.eldiariodetucuman.com\/web\/como-sera-el-nuevo-esquema-de-atencion-del-subsidio-de-salud\/","name":"C\u00f3mo ser\u00e1 el nuevo esquema de atenci\u00f3n del Subsidio de Salud - El Diario de Tucuman","isPartOf":{"@id":"https:\/\/www.eldiariodetucuman.com\/web\/#website"},"primaryImageOfPage":{"@id":"https:\/\/www.eldiariodetucuman.com\/web\/como-sera-el-nuevo-esquema-de-atencion-del-subsidio-de-salud\/#primaryimage"},"image":{"@id":"https:\/\/www.eldiariodetucuman.com\/web\/como-sera-el-nuevo-esquema-de-atencion-del-subsidio-de-salud\/#primaryimage"},"thumbnailUrl":"https:\/\/www.eldiariodetucuman.com\/web\/wp-content\/uploads\/2018\/11\/subsidio.jpg","datePublished":"2018-11-29T11:23:55+00:00","breadcrumb":{"@id":"https:\/\/www.eldiariodetucuman.com\/web\/como-sera-el-nuevo-esquema-de-atencion-del-subsidio-de-salud\/#breadcrumb"},"inLanguage":"es","potentialAction":[{"@type":"ReadAction","target":["https:\/\/www.eldiariodetucuman.com\/web\/como-sera-el-nuevo-esquema-de-atencion-del-subsidio-de-salud\/"]}]},{"@type":"ImageObject","inLanguage":"es","@id":"https:\/\/www.eldiariodetucuman.com\/web\/como-sera-el-nuevo-esquema-de-atencion-del-subsidio-de-salud\/#primaryimage","url":"https:\/\/www.eldiariodetucuman.com\/web\/wp-content\/uploads\/2018\/11\/subsidio.jpg","contentUrl":"https:\/\/www.eldiariodetucuman.com\/web\/wp-content\/uploads\/2018\/11\/subsidio.jpg","width":818,"height":460},{"@type":"BreadcrumbList","@id":"https:\/\/www.eldiariodetucuman.com\/web\/como-sera-el-nuevo-esquema-de-atencion-del-subsidio-de-salud\/#breadcrumb","itemListElement":[{"@type":"ListItem","position":1,"name":"Portada","item":"https:\/\/www.eldiariodetucuman.com\/web\/"},{"@type":"ListItem","position":2,"name":"C\u00f3mo ser\u00e1 el nuevo esquema de atenci\u00f3n del Subsidio de Salud"}]},{"@type":"WebSite","@id":"https:\/\/www.eldiariodetucuman.com\/web\/#website","url":"https:\/\/www.eldiariodetucuman.com\/web\/","name":"El Diario de Tucuman","description":"Diario Tucuman - Informaci\u00f3n y noticias","publisher":{"@id":"https:\/\/www.eldiariodetucuman.com\/web\/#organization"},"potentialAction":[{"@type":"SearchAction","target":{"@type":"EntryPoint","urlTemplate":"https:\/\/www.eldiariodetucuman.com\/web\/?s={search_term_string}"},"query-input":{"@type":"PropertyValueSpecification","valueRequired":true,"valueName":"search_term_string"}}],"inLanguage":"es"},{"@type":"Organization","@id":"https:\/\/www.eldiariodetucuman.com\/web\/#organization","name":"El Diario de Tucuman","url":"https:\/\/www.eldiariodetucuman.com\/web\/","logo":{"@type":"ImageObject","inLanguage":"es","@id":"https:\/\/www.eldiariodetucuman.com\/web\/#\/schema\/logo\/image\/","url":"http:\/\/www.eldiariodetucuman.com\/web\/wp-content\/uploads\/2017\/12\/el-diario-de-tucuman.jpg","contentUrl":"http:\/\/www.eldiariodetucuman.com\/web\/wp-content\/uploads\/2017\/12\/el-diario-de-tucuman.jpg","width":272,"height":92,"caption":"El Diario de Tucuman"},"image":{"@id":"https:\/\/www.eldiariodetucuman.com\/web\/#\/schema\/logo\/image\/"}},{"@type":"Person","@id":"https:\/\/www.eldiariodetucuman.com\/web\/#\/schema\/person\/7e6644a46e60888f6b868594407e08dd","name":"Redactor Uno","image":{"@type":"ImageObject","inLanguage":"es","@id":"https:\/\/secure.gravatar.com\/avatar\/0049b1bdf1bd548385c9ea6b9356431717930913089febd2ba904f0187d7d074?s=96&d=mm&r=g","url":"https:\/\/secure.gravatar.com\/avatar\/0049b1bdf1bd548385c9ea6b9356431717930913089febd2ba904f0187d7d074?s=96&d=mm&r=g","contentUrl":"https:\/\/secure.gravatar.com\/avatar\/0049b1bdf1bd548385c9ea6b9356431717930913089febd2ba904f0187d7d074?s=96&d=mm&r=g","caption":"Redactor Uno"},"url":"https:\/\/www.eldiariodetucuman.com\/web\/author\/mramasco\/"}]}},"_links":{"self":[{"href":"https:\/\/www.eldiariodetucuman.com\/web\/wp-json\/wp\/v2\/posts\/19969","targetHints":{"allow":["GET"]}}],"collection":[{"href":"https:\/\/www.eldiariodetucuman.com\/web\/wp-json\/wp\/v2\/posts"}],"about":[{"href":"https:\/\/www.eldiariodetucuman.com\/web\/wp-json\/wp\/v2\/types\/post"}],"author":[{"embeddable":true,"href":"https:\/\/www.eldiariodetucuman.com\/web\/wp-json\/wp\/v2\/users\/5"}],"replies":[{"embeddable":true,"href":"https:\/\/www.eldiariodetucuman.com\/web\/wp-json\/wp\/v2\/comments?post=19969"}],"version-history":[{"count":1,"href":"https:\/\/www.eldiariodetucuman.com\/web\/wp-json\/wp\/v2\/posts\/19969\/revisions"}],"predecessor-version":[{"id":19971,"href":"https:\/\/www.eldiariodetucuman.com\/web\/wp-json\/wp\/v2\/posts\/19969\/revisions\/19971"}],"wp:featuredmedia":[{"embeddable":true,"href":"https:\/\/www.eldiariodetucuman.com\/web\/wp-json\/wp\/v2\/media\/19970"}],"wp:attachment":[{"href":"https:\/\/www.eldiariodetucuman.com\/web\/wp-json\/wp\/v2\/media?parent=19969"}],"wp:term":[{"taxonomy":"category","embeddable":true,"href":"https:\/\/www.eldiariodetucuman.com\/web\/wp-json\/wp\/v2\/categories?post=19969"},{"taxonomy":"post_tag","embeddable":true,"href":"https:\/\/www.eldiariodetucuman.com\/web\/wp-json\/wp\/v2\/tags?post=19969"}],"curies":[{"name":"wp","href":"https:\/\/api.w.org\/{rel}","templated":true}]}}