{"id":19963,"date":"2018-11-29T08:15:25","date_gmt":"2018-11-29T11:15:25","guid":{"rendered":"http:\/\/www.eldiariodetucuman.com\/web\/?p=19963"},"modified":"2018-11-29T08:28:35","modified_gmt":"2018-11-29T11:28:35","slug":"la-mitad-de-los-trabajadores-ganan-menos-que-el-costo-de-una-canasta-de-pobreza","status":"publish","type":"post","link":"https:\/\/www.eldiariodetucuman.com\/web\/la-mitad-de-los-trabajadores-ganan-menos-que-el-costo-de-una-canasta-de-pobreza\/","title":{"rendered":"La mitad de los trabajadores ganan menos que el costo de una canasta de pobreza"},"content":{"rendered":"<header class=\"entry-header\"><\/header>\n<p>La crisis que est\u00e1 atravesando la econom\u00eda, adem\u00e1s de afectar el nivel de empleo, tambi\u00e9n est\u00e1 impactando fuerte en los salarios de los trabajadores. Seg\u00fan un informe del Ministerio de Trabajo, la mitad de los\u00a0empleados en relaci\u00f3n de dependencia\u00a0del\u00a0sector privado no ganaron lo suficiente, de bolsillo, para afrontar el costo de una canasta familiar de pobreza.<\/p>\n<p><!--more--><\/p>\n<div class=\"entry-content herald-entry-content\">\n<p>En septiembre (\u00faltimo dato disponible en SIPA) la\u00a0<strong>mitad de los trabajadores privados<\/strong>\u00a0ganaron 25.425 pesos en bruto, salario al que si se le resta el 17% por cargas sociales y descuentos previstos por ley, termina significando un\u00a0<strong>ingreso neto de $21.102,75<\/strong>.<\/p>\n<p>Si comparamos ese ingreso mensual de la mitad de los trabajadores con el costo de una\u00a0<strong>Canasta B\u00e1sica Total (CBT) para una familia de cuatro integrantes<\/strong>, que en\u00a0<strong>septiembre<\/strong>\u00a0fue de<strong>\u00a022.558 pesos<\/strong>, vemos que por primera vez en el a\u00f1o esa persona no gan\u00f3 lo suficiente para cubrirla, ya que estuvo\u00a0<strong>$1455,25 por debajo de esa linea<\/strong>.<\/p>\n<p>Esta imposibilidad que tuvo la mitad de los trabajadores del sector privado de afrontar una CBT en septiembre fue porque el\u00a0<strong>salario mediano cay\u00f3 un 12%\u00a0<\/strong>en la comparaci\u00f3n\u00a0<strong>interanual<\/strong>. De esta manera, se encadenaron cinco meses consecutivos de ca\u00eddas del poder adquisitivo.<\/p>\n<p>Si, en cambio, se toma el\u00a0<strong>salario promedio\u00a0<\/strong>(una medida que no es tan representativa como la anterior) en septiembre los trabajadores del sector privado ganaron\u00a0<strong>$31.898 en bruto<\/strong>\u00a0($26.475 de bolsillo), lo que tambi\u00e9n signific\u00f3 una<strong>\u00a0ca\u00edda<\/strong>\u00a0si se compara con lo que hab\u00edan cobrado el mismo mes de 2017 (<strong>-9,6%<\/strong>).<\/p>\n<p><strong>Fuente:<\/strong>\u00a0<a href=\"http:\/\/www.losprimeros.tv\/nota\/72607\/la-mitad-los-trabajadores-ganan-menos-costo-una-canasta-pobreza.html\" target=\"_blank\" rel=\"noopener\">Cronista<\/a><\/p>\n<\/div>\n","protected":false},"excerpt":{"rendered":"<p>La crisis que est\u00e1 atravesando la econom\u00eda, adem\u00e1s de afectar el nivel de empleo, tambi\u00e9n est\u00e1 impactando fuerte en los salarios de los trabajadores. Seg\u00fan un informe del Ministerio de Trabajo, la mitad de los\u00a0empleados en relaci\u00f3n de dependencia\u00a0del\u00a0sector privado no ganaron lo suficiente, de bolsillo, para afrontar el costo de una canasta familiar de [&hellip;]<\/p>\n","protected":false},"author":5,"featured_media":19964,"comment_status":"closed","ping_status":"open","sticky":false,"template":"","format":"standard","meta":{"footnotes":""},"categories":[2],"tags":[847,455,1746],"class_list":{"0":"post-19963","1":"post","2":"type-post","3":"status-publish","4":"format-standard","5":"has-post-thumbnail","7":"category-actualidad","8":"tag-economia","9":"tag-empleados","10":"tag-salarios"},"yoast_head":"<!-- This site is optimized with the Yoast SEO plugin v27.4 - https:\/\/yoast.com\/product\/yoast-seo-wordpress\/ -->\n<title>La mitad de los trabajadores ganan menos que el costo de una canasta de pobreza - El Diario de Tucuman<\/title>\n<meta name=\"robots\" content=\"index, follow, max-snippet:-1, max-image-preview:large, max-video-preview:-1\" \/>\n<link rel=\"canonical\" href=\"https:\/\/www.eldiariodetucuman.com\/web\/la-mitad-de-los-trabajadores-ganan-menos-que-el-costo-de-una-canasta-de-pobreza\/\" \/>\n<meta property=\"og:locale\" content=\"es_ES\" \/>\n<meta property=\"og:type\" content=\"article\" \/>\n<meta property=\"og:title\" content=\"La mitad de los trabajadores ganan menos que el costo de una canasta de pobreza - El Diario de Tucuman\" \/>\n<meta property=\"og:description\" content=\"La crisis que est\u00e1 atravesando la econom\u00eda, adem\u00e1s de afectar el nivel de empleo, tambi\u00e9n est\u00e1 impactando fuerte en los salarios de los trabajadores. Seg\u00fan un informe del Ministerio de Trabajo, la mitad de los\u00a0empleados en relaci\u00f3n de dependencia\u00a0del\u00a0sector privado no ganaron lo suficiente, de bolsillo, para afrontar el costo de una canasta familiar de [&hellip;]\" \/>\n<meta property=\"og:url\" content=\"https:\/\/www.eldiariodetucuman.com\/web\/la-mitad-de-los-trabajadores-ganan-menos-que-el-costo-de-una-canasta-de-pobreza\/\" \/>\n<meta property=\"og:site_name\" content=\"El Diario de Tucuman\" \/>\n<meta property=\"article:published_time\" content=\"2018-11-29T11:15:25+00:00\" \/>\n<meta property=\"article:modified_time\" content=\"2018-11-29T11:28:35+00:00\" \/>\n<meta property=\"og:image\" content=\"https:\/\/www.eldiariodetucuman.com\/web\/wp-content\/uploads\/2018\/11\/empleados.jpg\" \/>\n\t<meta property=\"og:image:width\" content=\"818\" \/>\n\t<meta property=\"og:image:height\" content=\"460\" \/>\n\t<meta property=\"og:image:type\" content=\"image\/jpeg\" \/>\n<meta name=\"author\" content=\"Redactor Uno\" \/>\n<meta name=\"twitter:card\" content=\"summary_large_image\" \/>\n<meta name=\"twitter:label1\" content=\"Escrito por\" \/>\n\t<meta name=\"twitter:data1\" content=\"Redactor Uno\" \/>\n\t<meta name=\"twitter:label2\" content=\"Tiempo de lectura\" \/>\n\t<meta name=\"twitter:data2\" content=\"1 minuto\" \/>\n<script type=\"application\/ld+json\" class=\"yoast-schema-graph\">{\"@context\":\"https:\\\/\\\/schema.org\",\"@graph\":[{\"@type\":\"Article\",\"@id\":\"https:\\\/\\\/www.eldiariodetucuman.com\\\/web\\\/la-mitad-de-los-trabajadores-ganan-menos-que-el-costo-de-una-canasta-de-pobreza\\\/#article\",\"isPartOf\":{\"@id\":\"https:\\\/\\\/www.eldiariodetucuman.com\\\/web\\\/la-mitad-de-los-trabajadores-ganan-menos-que-el-costo-de-una-canasta-de-pobreza\\\/\"},\"author\":{\"name\":\"Redactor Uno\",\"@id\":\"https:\\\/\\\/www.eldiariodetucuman.com\\\/web\\\/#\\\/schema\\\/person\\\/7e6644a46e60888f6b868594407e08dd\"},\"headline\":\"La mitad de los trabajadores ganan menos que el costo de una canasta de pobreza\",\"datePublished\":\"2018-11-29T11:15:25+00:00\",\"dateModified\":\"2018-11-29T11:28:35+00:00\",\"mainEntityOfPage\":{\"@id\":\"https:\\\/\\\/www.eldiariodetucuman.com\\\/web\\\/la-mitad-de-los-trabajadores-ganan-menos-que-el-costo-de-una-canasta-de-pobreza\\\/\"},\"wordCount\":274,\"publisher\":{\"@id\":\"https:\\\/\\\/www.eldiariodetucuman.com\\\/web\\\/#organization\"},\"image\":{\"@id\":\"https:\\\/\\\/www.eldiariodetucuman.com\\\/web\\\/la-mitad-de-los-trabajadores-ganan-menos-que-el-costo-de-una-canasta-de-pobreza\\\/#primaryimage\"},\"thumbnailUrl\":\"https:\\\/\\\/www.eldiariodetucuman.com\\\/web\\\/wp-content\\\/uploads\\\/2018\\\/11\\\/empleados.jpg\",\"keywords\":[\"economia\",\"Empleados\",\"salarios\"],\"articleSection\":[\"Actualidad\"],\"inLanguage\":\"es\"},{\"@type\":\"WebPage\",\"@id\":\"https:\\\/\\\/www.eldiariodetucuman.com\\\/web\\\/la-mitad-de-los-trabajadores-ganan-menos-que-el-costo-de-una-canasta-de-pobreza\\\/\",\"url\":\"https:\\\/\\\/www.eldiariodetucuman.com\\\/web\\\/la-mitad-de-los-trabajadores-ganan-menos-que-el-costo-de-una-canasta-de-pobreza\\\/\",\"name\":\"La mitad de los trabajadores ganan menos que el costo de una canasta de pobreza - El Diario de Tucuman\",\"isPartOf\":{\"@id\":\"https:\\\/\\\/www.eldiariodetucuman.com\\\/web\\\/#website\"},\"primaryImageOfPage\":{\"@id\":\"https:\\\/\\\/www.eldiariodetucuman.com\\\/web\\\/la-mitad-de-los-trabajadores-ganan-menos-que-el-costo-de-una-canasta-de-pobreza\\\/#primaryimage\"},\"image\":{\"@id\":\"https:\\\/\\\/www.eldiariodetucuman.com\\\/web\\\/la-mitad-de-los-trabajadores-ganan-menos-que-el-costo-de-una-canasta-de-pobreza\\\/#primaryimage\"},\"thumbnailUrl\":\"https:\\\/\\\/www.eldiariodetucuman.com\\\/web\\\/wp-content\\\/uploads\\\/2018\\\/11\\\/empleados.jpg\",\"datePublished\":\"2018-11-29T11:15:25+00:00\",\"dateModified\":\"2018-11-29T11:28:35+00:00\",\"breadcrumb\":{\"@id\":\"https:\\\/\\\/www.eldiariodetucuman.com\\\/web\\\/la-mitad-de-los-trabajadores-ganan-menos-que-el-costo-de-una-canasta-de-pobreza\\\/#breadcrumb\"},\"inLanguage\":\"es\",\"potentialAction\":[{\"@type\":\"ReadAction\",\"target\":[\"https:\\\/\\\/www.eldiariodetucuman.com\\\/web\\\/la-mitad-de-los-trabajadores-ganan-menos-que-el-costo-de-una-canasta-de-pobreza\\\/\"]}]},{\"@type\":\"ImageObject\",\"inLanguage\":\"es\",\"@id\":\"https:\\\/\\\/www.eldiariodetucuman.com\\\/web\\\/la-mitad-de-los-trabajadores-ganan-menos-que-el-costo-de-una-canasta-de-pobreza\\\/#primaryimage\",\"url\":\"https:\\\/\\\/www.eldiariodetucuman.com\\\/web\\\/wp-content\\\/uploads\\\/2018\\\/11\\\/empleados.jpg\",\"contentUrl\":\"https:\\\/\\\/www.eldiariodetucuman.com\\\/web\\\/wp-content\\\/uploads\\\/2018\\\/11\\\/empleados.jpg\",\"width\":818,\"height\":460},{\"@type\":\"BreadcrumbList\",\"@id\":\"https:\\\/\\\/www.eldiariodetucuman.com\\\/web\\\/la-mitad-de-los-trabajadores-ganan-menos-que-el-costo-de-una-canasta-de-pobreza\\\/#breadcrumb\",\"itemListElement\":[{\"@type\":\"ListItem\",\"position\":1,\"name\":\"Portada\",\"item\":\"https:\\\/\\\/www.eldiariodetucuman.com\\\/web\\\/\"},{\"@type\":\"ListItem\",\"position\":2,\"name\":\"La mitad de los trabajadores ganan menos que el costo de una canasta de pobreza\"}]},{\"@type\":\"WebSite\",\"@id\":\"https:\\\/\\\/www.eldiariodetucuman.com\\\/web\\\/#website\",\"url\":\"https:\\\/\\\/www.eldiariodetucuman.com\\\/web\\\/\",\"name\":\"El Diario de Tucuman\",\"description\":\"Diario Tucuman - Informaci\u00f3n y noticias\",\"publisher\":{\"@id\":\"https:\\\/\\\/www.eldiariodetucuman.com\\\/web\\\/#organization\"},\"potentialAction\":[{\"@type\":\"SearchAction\",\"target\":{\"@type\":\"EntryPoint\",\"urlTemplate\":\"https:\\\/\\\/www.eldiariodetucuman.com\\\/web\\\/?s={search_term_string}\"},\"query-input\":{\"@type\":\"PropertyValueSpecification\",\"valueRequired\":true,\"valueName\":\"search_term_string\"}}],\"inLanguage\":\"es\"},{\"@type\":\"Organization\",\"@id\":\"https:\\\/\\\/www.eldiariodetucuman.com\\\/web\\\/#organization\",\"name\":\"El Diario de Tucuman\",\"url\":\"https:\\\/\\\/www.eldiariodetucuman.com\\\/web\\\/\",\"logo\":{\"@type\":\"ImageObject\",\"inLanguage\":\"es\",\"@id\":\"https:\\\/\\\/www.eldiariodetucuman.com\\\/web\\\/#\\\/schema\\\/logo\\\/image\\\/\",\"url\":\"http:\\\/\\\/www.eldiariodetucuman.com\\\/web\\\/wp-content\\\/uploads\\\/2017\\\/12\\\/el-diario-de-tucuman.jpg\",\"contentUrl\":\"http:\\\/\\\/www.eldiariodetucuman.com\\\/web\\\/wp-content\\\/uploads\\\/2017\\\/12\\\/el-diario-de-tucuman.jpg\",\"width\":272,\"height\":92,\"caption\":\"El Diario de Tucuman\"},\"image\":{\"@id\":\"https:\\\/\\\/www.eldiariodetucuman.com\\\/web\\\/#\\\/schema\\\/logo\\\/image\\\/\"}},{\"@type\":\"Person\",\"@id\":\"https:\\\/\\\/www.eldiariodetucuman.com\\\/web\\\/#\\\/schema\\\/person\\\/7e6644a46e60888f6b868594407e08dd\",\"name\":\"Redactor Uno\",\"image\":{\"@type\":\"ImageObject\",\"inLanguage\":\"es\",\"@id\":\"https:\\\/\\\/secure.gravatar.com\\\/avatar\\\/0049b1bdf1bd548385c9ea6b9356431717930913089febd2ba904f0187d7d074?s=96&d=mm&r=g\",\"url\":\"https:\\\/\\\/secure.gravatar.com\\\/avatar\\\/0049b1bdf1bd548385c9ea6b9356431717930913089febd2ba904f0187d7d074?s=96&d=mm&r=g\",\"contentUrl\":\"https:\\\/\\\/secure.gravatar.com\\\/avatar\\\/0049b1bdf1bd548385c9ea6b9356431717930913089febd2ba904f0187d7d074?s=96&d=mm&r=g\",\"caption\":\"Redactor Uno\"},\"url\":\"https:\\\/\\\/www.eldiariodetucuman.com\\\/web\\\/author\\\/mramasco\\\/\"}]}<\/script>\n<!-- \/ Yoast SEO plugin. -->","yoast_head_json":{"title":"La mitad de los trabajadores ganan menos que el costo de una canasta de pobreza - El Diario de Tucuman","robots":{"index":"index","follow":"follow","max-snippet":"max-snippet:-1","max-image-preview":"max-image-preview:large","max-video-preview":"max-video-preview:-1"},"canonical":"https:\/\/www.eldiariodetucuman.com\/web\/la-mitad-de-los-trabajadores-ganan-menos-que-el-costo-de-una-canasta-de-pobreza\/","og_locale":"es_ES","og_type":"article","og_title":"La mitad de los trabajadores ganan menos que el costo de una canasta de pobreza - El Diario de Tucuman","og_description":"La crisis que est\u00e1 atravesando la econom\u00eda, adem\u00e1s de afectar el nivel de empleo, tambi\u00e9n est\u00e1 impactando fuerte en los salarios de los trabajadores. Seg\u00fan un informe del Ministerio de Trabajo, la mitad de los\u00a0empleados en relaci\u00f3n de dependencia\u00a0del\u00a0sector privado no ganaron lo suficiente, de bolsillo, para afrontar el costo de una canasta familiar de [&hellip;]","og_url":"https:\/\/www.eldiariodetucuman.com\/web\/la-mitad-de-los-trabajadores-ganan-menos-que-el-costo-de-una-canasta-de-pobreza\/","og_site_name":"El Diario de Tucuman","article_published_time":"2018-11-29T11:15:25+00:00","article_modified_time":"2018-11-29T11:28:35+00:00","og_image":[{"width":818,"height":460,"url":"https:\/\/www.eldiariodetucuman.com\/web\/wp-content\/uploads\/2018\/11\/empleados.jpg","type":"image\/jpeg"}],"author":"Redactor Uno","twitter_card":"summary_large_image","twitter_misc":{"Escrito por":"Redactor Uno","Tiempo de lectura":"1 minuto"},"schema":{"@context":"https:\/\/schema.org","@graph":[{"@type":"Article","@id":"https:\/\/www.eldiariodetucuman.com\/web\/la-mitad-de-los-trabajadores-ganan-menos-que-el-costo-de-una-canasta-de-pobreza\/#article","isPartOf":{"@id":"https:\/\/www.eldiariodetucuman.com\/web\/la-mitad-de-los-trabajadores-ganan-menos-que-el-costo-de-una-canasta-de-pobreza\/"},"author":{"name":"Redactor Uno","@id":"https:\/\/www.eldiariodetucuman.com\/web\/#\/schema\/person\/7e6644a46e60888f6b868594407e08dd"},"headline":"La mitad de los trabajadores ganan menos que el costo de una canasta de pobreza","datePublished":"2018-11-29T11:15:25+00:00","dateModified":"2018-11-29T11:28:35+00:00","mainEntityOfPage":{"@id":"https:\/\/www.eldiariodetucuman.com\/web\/la-mitad-de-los-trabajadores-ganan-menos-que-el-costo-de-una-canasta-de-pobreza\/"},"wordCount":274,"publisher":{"@id":"https:\/\/www.eldiariodetucuman.com\/web\/#organization"},"image":{"@id":"https:\/\/www.eldiariodetucuman.com\/web\/la-mitad-de-los-trabajadores-ganan-menos-que-el-costo-de-una-canasta-de-pobreza\/#primaryimage"},"thumbnailUrl":"https:\/\/www.eldiariodetucuman.com\/web\/wp-content\/uploads\/2018\/11\/empleados.jpg","keywords":["economia","Empleados","salarios"],"articleSection":["Actualidad"],"inLanguage":"es"},{"@type":"WebPage","@id":"https:\/\/www.eldiariodetucuman.com\/web\/la-mitad-de-los-trabajadores-ganan-menos-que-el-costo-de-una-canasta-de-pobreza\/","url":"https:\/\/www.eldiariodetucuman.com\/web\/la-mitad-de-los-trabajadores-ganan-menos-que-el-costo-de-una-canasta-de-pobreza\/","name":"La mitad de los trabajadores ganan menos que el costo de una canasta de pobreza - El Diario de Tucuman","isPartOf":{"@id":"https:\/\/www.eldiariodetucuman.com\/web\/#website"},"primaryImageOfPage":{"@id":"https:\/\/www.eldiariodetucuman.com\/web\/la-mitad-de-los-trabajadores-ganan-menos-que-el-costo-de-una-canasta-de-pobreza\/#primaryimage"},"image":{"@id":"https:\/\/www.eldiariodetucuman.com\/web\/la-mitad-de-los-trabajadores-ganan-menos-que-el-costo-de-una-canasta-de-pobreza\/#primaryimage"},"thumbnailUrl":"https:\/\/www.eldiariodetucuman.com\/web\/wp-content\/uploads\/2018\/11\/empleados.jpg","datePublished":"2018-11-29T11:15:25+00:00","dateModified":"2018-11-29T11:28:35+00:00","breadcrumb":{"@id":"https:\/\/www.eldiariodetucuman.com\/web\/la-mitad-de-los-trabajadores-ganan-menos-que-el-costo-de-una-canasta-de-pobreza\/#breadcrumb"},"inLanguage":"es","potentialAction":[{"@type":"ReadAction","target":["https:\/\/www.eldiariodetucuman.com\/web\/la-mitad-de-los-trabajadores-ganan-menos-que-el-costo-de-una-canasta-de-pobreza\/"]}]},{"@type":"ImageObject","inLanguage":"es","@id":"https:\/\/www.eldiariodetucuman.com\/web\/la-mitad-de-los-trabajadores-ganan-menos-que-el-costo-de-una-canasta-de-pobreza\/#primaryimage","url":"https:\/\/www.eldiariodetucuman.com\/web\/wp-content\/uploads\/2018\/11\/empleados.jpg","contentUrl":"https:\/\/www.eldiariodetucuman.com\/web\/wp-content\/uploads\/2018\/11\/empleados.jpg","width":818,"height":460},{"@type":"BreadcrumbList","@id":"https:\/\/www.eldiariodetucuman.com\/web\/la-mitad-de-los-trabajadores-ganan-menos-que-el-costo-de-una-canasta-de-pobreza\/#breadcrumb","itemListElement":[{"@type":"ListItem","position":1,"name":"Portada","item":"https:\/\/www.eldiariodetucuman.com\/web\/"},{"@type":"ListItem","position":2,"name":"La mitad de los trabajadores ganan menos que el costo de una canasta de pobreza"}]},{"@type":"WebSite","@id":"https:\/\/www.eldiariodetucuman.com\/web\/#website","url":"https:\/\/www.eldiariodetucuman.com\/web\/","name":"El Diario de Tucuman","description":"Diario Tucuman - Informaci\u00f3n y noticias","publisher":{"@id":"https:\/\/www.eldiariodetucuman.com\/web\/#organization"},"potentialAction":[{"@type":"SearchAction","target":{"@type":"EntryPoint","urlTemplate":"https:\/\/www.eldiariodetucuman.com\/web\/?s={search_term_string}"},"query-input":{"@type":"PropertyValueSpecification","valueRequired":true,"valueName":"search_term_string"}}],"inLanguage":"es"},{"@type":"Organization","@id":"https:\/\/www.eldiariodetucuman.com\/web\/#organization","name":"El Diario de Tucuman","url":"https:\/\/www.eldiariodetucuman.com\/web\/","logo":{"@type":"ImageObject","inLanguage":"es","@id":"https:\/\/www.eldiariodetucuman.com\/web\/#\/schema\/logo\/image\/","url":"http:\/\/www.eldiariodetucuman.com\/web\/wp-content\/uploads\/2017\/12\/el-diario-de-tucuman.jpg","contentUrl":"http:\/\/www.eldiariodetucuman.com\/web\/wp-content\/uploads\/2017\/12\/el-diario-de-tucuman.jpg","width":272,"height":92,"caption":"El Diario de Tucuman"},"image":{"@id":"https:\/\/www.eldiariodetucuman.com\/web\/#\/schema\/logo\/image\/"}},{"@type":"Person","@id":"https:\/\/www.eldiariodetucuman.com\/web\/#\/schema\/person\/7e6644a46e60888f6b868594407e08dd","name":"Redactor Uno","image":{"@type":"ImageObject","inLanguage":"es","@id":"https:\/\/secure.gravatar.com\/avatar\/0049b1bdf1bd548385c9ea6b9356431717930913089febd2ba904f0187d7d074?s=96&d=mm&r=g","url":"https:\/\/secure.gravatar.com\/avatar\/0049b1bdf1bd548385c9ea6b9356431717930913089febd2ba904f0187d7d074?s=96&d=mm&r=g","contentUrl":"https:\/\/secure.gravatar.com\/avatar\/0049b1bdf1bd548385c9ea6b9356431717930913089febd2ba904f0187d7d074?s=96&d=mm&r=g","caption":"Redactor Uno"},"url":"https:\/\/www.eldiariodetucuman.com\/web\/author\/mramasco\/"}]}},"_links":{"self":[{"href":"https:\/\/www.eldiariodetucuman.com\/web\/wp-json\/wp\/v2\/posts\/19963","targetHints":{"allow":["GET"]}}],"collection":[{"href":"https:\/\/www.eldiariodetucuman.com\/web\/wp-json\/wp\/v2\/posts"}],"about":[{"href":"https:\/\/www.eldiariodetucuman.com\/web\/wp-json\/wp\/v2\/types\/post"}],"author":[{"embeddable":true,"href":"https:\/\/www.eldiariodetucuman.com\/web\/wp-json\/wp\/v2\/users\/5"}],"replies":[{"embeddable":true,"href":"https:\/\/www.eldiariodetucuman.com\/web\/wp-json\/wp\/v2\/comments?post=19963"}],"version-history":[{"count":3,"href":"https:\/\/www.eldiariodetucuman.com\/web\/wp-json\/wp\/v2\/posts\/19963\/revisions"}],"predecessor-version":[{"id":19973,"href":"https:\/\/www.eldiariodetucuman.com\/web\/wp-json\/wp\/v2\/posts\/19963\/revisions\/19973"}],"wp:featuredmedia":[{"embeddable":true,"href":"https:\/\/www.eldiariodetucuman.com\/web\/wp-json\/wp\/v2\/media\/19964"}],"wp:attachment":[{"href":"https:\/\/www.eldiariodetucuman.com\/web\/wp-json\/wp\/v2\/media?parent=19963"}],"wp:term":[{"taxonomy":"category","embeddable":true,"href":"https:\/\/www.eldiariodetucuman.com\/web\/wp-json\/wp\/v2\/categories?post=19963"},{"taxonomy":"post_tag","embeddable":true,"href":"https:\/\/www.eldiariodetucuman.com\/web\/wp-json\/wp\/v2\/tags?post=19963"}],"curies":[{"name":"wp","href":"https:\/\/api.w.org\/{rel}","templated":true}]}}