{"id":19959,"date":"2018-11-29T08:09:40","date_gmt":"2018-11-29T11:09:40","guid":{"rendered":"http:\/\/www.eldiariodetucuman.com\/web\/?p=19959"},"modified":"2018-11-29T08:09:55","modified_gmt":"2018-11-29T11:09:55","slug":"se-disputa-la-ultima-fecha-del-rally-provincial","status":"publish","type":"post","link":"https:\/\/www.eldiariodetucuman.com\/web\/se-disputa-la-ultima-fecha-del-rally-provincial\/","title":{"rendered":"Se disputa la \u00faltima fecha del Rally Provincial"},"content":{"rendered":"<div class=\"col-xs-12 col-sm-12 col-md-12 col-lg-12 widget-head\">\n<div class=\"col-lg-12 col-xs-12\">\n<div>Se realiz\u00f3 la presentaci\u00f3n de la \u00faltima fecha del Rally Provincial.<\/div>\n<\/div>\n<\/div>\n<p><!--more--><\/p>\n<div class=\"col-xs-12 col-sm-12 col-md-12 col-lg-9\" role=\"main\">\n<div id=\"grid\" class=\"col-xs-12 col-sm-12 col-md-12 col-lg-12\">\n<p class=\"grid\">El fin de semana se realizar\u00e1 el gran premio coronaci\u00f3n. La plaza principal de dicha localidad ser\u00e1 el escenario de la largada simb\u00f3lica el viernes a partir de las 21 horas.<\/p>\n<p class=\"grid\">\u201cMuy contento de poder recibirlos. Esto mueve mucho a la econom\u00eda. Es un mensaje claro a los j\u00f3venes para que se vuelquen al deporte\u201d, sostuvo el intendente de Trancas, Roberto Moreno.<\/p>\n<p class=\"grid\">\u201cCuando se trabaja en forma conjunta las cosas tienen que salir\u201d, sosuvo en la conferencia de prensa en donde se present\u00f3 el evento que se realizar\u00e1 el viernes, s\u00e1bado y domingo en dicha localidad.<\/p>\n<p class=\"grid\">La largada simb\u00f3lica est\u00e1 prevista para el viernes a las 21 horas en la plaza principal de Trancas. La prueba es organizada por el club Tucum\u00e1n Motor Sport.<\/p>\n<p class=\"grid\">La presentaci\u00f3n cont\u00f3 con la presencia del flamante presidente de la Federaci\u00f3n Tucumana de Automovilismo Deportivo, Manuel Jim\u00e9nez. \u00abEmpezando la presidencia con gente que quiere trabajar y con grandes proyectos y esperamos que en estos dos a\u00f1os podamos concretar todo lo que est\u00e1 planeado\u201d, dijo el titular de la federaci\u00f3n.<\/p>\n<p class=\"grid\">Entre los proyectos que impulsa, est\u00e1 la realizaci\u00f3n de un gran Rally Nacional que re\u00fana cerca de 200 autos de todo el pa\u00eds en nuestra provincia. \u201cHay que trabajar un a\u00f1o con eso. Vamos a darle impulso con la federaci\u00f3n a ver si podemos lograrlo\u201d, asegur\u00f3.<\/p>\n<p><strong>Fuente:<\/strong><a href=\"https:\/\/lv12.com.ar\/nota\/50763\/trancas-se-prepara-para-recibir-la-ultima-fecha-del-rally-provincial\">\u00a0https:\/\/lv12.com.ar\/nota\/50763\/trancas-se-prepara-para-recibir-la-ultima-fecha-del-rally-provincial<\/a><\/p>\n<\/div>\n<\/div>\n","protected":false},"excerpt":{"rendered":"<p>Se realiz\u00f3 la presentaci\u00f3n de la \u00faltima fecha del Rally Provincial.<\/p>\n","protected":false},"author":5,"featured_media":19960,"comment_status":"closed","ping_status":"open","sticky":false,"template":"","format":"standard","meta":{"footnotes":""},"categories":[2],"tags":[945,2252,2253,61],"class_list":{"0":"post-19959","1":"post","2":"type-post","3":"status-publish","4":"format-standard","5":"has-post-thumbnail","7":"category-actualidad","8":"tag-deportes","9":"tag-rally-nacional","10":"tag-trancas","11":"tag-tucuman"},"yoast_head":"<!-- This site is optimized with the Yoast SEO plugin v27.4 - https:\/\/yoast.com\/product\/yoast-seo-wordpress\/ -->\n<title>Se disputa la \u00faltima fecha del Rally Provincial - El Diario de Tucuman<\/title>\n<meta name=\"robots\" content=\"index, follow, max-snippet:-1, max-image-preview:large, max-video-preview:-1\" \/>\n<link rel=\"canonical\" href=\"https:\/\/www.eldiariodetucuman.com\/web\/se-disputa-la-ultima-fecha-del-rally-provincial\/\" \/>\n<meta property=\"og:locale\" content=\"es_ES\" \/>\n<meta property=\"og:type\" content=\"article\" \/>\n<meta property=\"og:title\" content=\"Se disputa la \u00faltima fecha del Rally Provincial - El Diario de Tucuman\" \/>\n<meta property=\"og:description\" content=\"Se realiz\u00f3 la presentaci\u00f3n de la \u00faltima fecha del Rally Provincial.\" \/>\n<meta property=\"og:url\" content=\"https:\/\/www.eldiariodetucuman.com\/web\/se-disputa-la-ultima-fecha-del-rally-provincial\/\" \/>\n<meta property=\"og:site_name\" content=\"El Diario de Tucuman\" \/>\n<meta property=\"article:published_time\" content=\"2018-11-29T11:09:40+00:00\" \/>\n<meta property=\"article:modified_time\" content=\"2018-11-29T11:09:55+00:00\" \/>\n<meta property=\"og:image\" content=\"https:\/\/www.eldiariodetucuman.com\/web\/wp-content\/uploads\/2018\/11\/trancas.jpg\" \/>\n\t<meta property=\"og:image:width\" content=\"1024\" \/>\n\t<meta property=\"og:image:height\" content=\"768\" \/>\n\t<meta property=\"og:image:type\" content=\"image\/jpeg\" \/>\n<meta name=\"author\" content=\"Redactor Uno\" \/>\n<meta name=\"twitter:card\" content=\"summary_large_image\" \/>\n<meta name=\"twitter:label1\" content=\"Escrito por\" \/>\n\t<meta name=\"twitter:data1\" content=\"Redactor Uno\" \/>\n\t<meta name=\"twitter:label2\" content=\"Tiempo de lectura\" \/>\n\t<meta name=\"twitter:data2\" content=\"1 minuto\" \/>\n<script type=\"application\/ld+json\" class=\"yoast-schema-graph\">{\"@context\":\"https:\\\/\\\/schema.org\",\"@graph\":[{\"@type\":\"Article\",\"@id\":\"https:\\\/\\\/www.eldiariodetucuman.com\\\/web\\\/se-disputa-la-ultima-fecha-del-rally-provincial\\\/#article\",\"isPartOf\":{\"@id\":\"https:\\\/\\\/www.eldiariodetucuman.com\\\/web\\\/se-disputa-la-ultima-fecha-del-rally-provincial\\\/\"},\"author\":{\"name\":\"Redactor Uno\",\"@id\":\"https:\\\/\\\/www.eldiariodetucuman.com\\\/web\\\/#\\\/schema\\\/person\\\/7e6644a46e60888f6b868594407e08dd\"},\"headline\":\"Se disputa la \u00faltima fecha del Rally Provincial\",\"datePublished\":\"2018-11-29T11:09:40+00:00\",\"dateModified\":\"2018-11-29T11:09:55+00:00\",\"mainEntityOfPage\":{\"@id\":\"https:\\\/\\\/www.eldiariodetucuman.com\\\/web\\\/se-disputa-la-ultima-fecha-del-rally-provincial\\\/\"},\"wordCount\":261,\"publisher\":{\"@id\":\"https:\\\/\\\/www.eldiariodetucuman.com\\\/web\\\/#organization\"},\"image\":{\"@id\":\"https:\\\/\\\/www.eldiariodetucuman.com\\\/web\\\/se-disputa-la-ultima-fecha-del-rally-provincial\\\/#primaryimage\"},\"thumbnailUrl\":\"https:\\\/\\\/www.eldiariodetucuman.com\\\/web\\\/wp-content\\\/uploads\\\/2018\\\/11\\\/trancas.jpg\",\"keywords\":[\"deportes\",\"rally nacional\",\"trancas\",\"Tucuman\"],\"articleSection\":[\"Actualidad\"],\"inLanguage\":\"es\"},{\"@type\":\"WebPage\",\"@id\":\"https:\\\/\\\/www.eldiariodetucuman.com\\\/web\\\/se-disputa-la-ultima-fecha-del-rally-provincial\\\/\",\"url\":\"https:\\\/\\\/www.eldiariodetucuman.com\\\/web\\\/se-disputa-la-ultima-fecha-del-rally-provincial\\\/\",\"name\":\"Se disputa la \u00faltima fecha del Rally Provincial - El Diario de Tucuman\",\"isPartOf\":{\"@id\":\"https:\\\/\\\/www.eldiariodetucuman.com\\\/web\\\/#website\"},\"primaryImageOfPage\":{\"@id\":\"https:\\\/\\\/www.eldiariodetucuman.com\\\/web\\\/se-disputa-la-ultima-fecha-del-rally-provincial\\\/#primaryimage\"},\"image\":{\"@id\":\"https:\\\/\\\/www.eldiariodetucuman.com\\\/web\\\/se-disputa-la-ultima-fecha-del-rally-provincial\\\/#primaryimage\"},\"thumbnailUrl\":\"https:\\\/\\\/www.eldiariodetucuman.com\\\/web\\\/wp-content\\\/uploads\\\/2018\\\/11\\\/trancas.jpg\",\"datePublished\":\"2018-11-29T11:09:40+00:00\",\"dateModified\":\"2018-11-29T11:09:55+00:00\",\"breadcrumb\":{\"@id\":\"https:\\\/\\\/www.eldiariodetucuman.com\\\/web\\\/se-disputa-la-ultima-fecha-del-rally-provincial\\\/#breadcrumb\"},\"inLanguage\":\"es\",\"potentialAction\":[{\"@type\":\"ReadAction\",\"target\":[\"https:\\\/\\\/www.eldiariodetucuman.com\\\/web\\\/se-disputa-la-ultima-fecha-del-rally-provincial\\\/\"]}]},{\"@type\":\"ImageObject\",\"inLanguage\":\"es\",\"@id\":\"https:\\\/\\\/www.eldiariodetucuman.com\\\/web\\\/se-disputa-la-ultima-fecha-del-rally-provincial\\\/#primaryimage\",\"url\":\"https:\\\/\\\/www.eldiariodetucuman.com\\\/web\\\/wp-content\\\/uploads\\\/2018\\\/11\\\/trancas.jpg\",\"contentUrl\":\"https:\\\/\\\/www.eldiariodetucuman.com\\\/web\\\/wp-content\\\/uploads\\\/2018\\\/11\\\/trancas.jpg\",\"width\":1024,\"height\":768},{\"@type\":\"BreadcrumbList\",\"@id\":\"https:\\\/\\\/www.eldiariodetucuman.com\\\/web\\\/se-disputa-la-ultima-fecha-del-rally-provincial\\\/#breadcrumb\",\"itemListElement\":[{\"@type\":\"ListItem\",\"position\":1,\"name\":\"Portada\",\"item\":\"https:\\\/\\\/www.eldiariodetucuman.com\\\/web\\\/\"},{\"@type\":\"ListItem\",\"position\":2,\"name\":\"Se disputa la \u00faltima fecha del Rally Provincial\"}]},{\"@type\":\"WebSite\",\"@id\":\"https:\\\/\\\/www.eldiariodetucuman.com\\\/web\\\/#website\",\"url\":\"https:\\\/\\\/www.eldiariodetucuman.com\\\/web\\\/\",\"name\":\"El Diario de Tucuman\",\"description\":\"Diario Tucuman - Informaci\u00f3n y noticias\",\"publisher\":{\"@id\":\"https:\\\/\\\/www.eldiariodetucuman.com\\\/web\\\/#organization\"},\"potentialAction\":[{\"@type\":\"SearchAction\",\"target\":{\"@type\":\"EntryPoint\",\"urlTemplate\":\"https:\\\/\\\/www.eldiariodetucuman.com\\\/web\\\/?s={search_term_string}\"},\"query-input\":{\"@type\":\"PropertyValueSpecification\",\"valueRequired\":true,\"valueName\":\"search_term_string\"}}],\"inLanguage\":\"es\"},{\"@type\":\"Organization\",\"@id\":\"https:\\\/\\\/www.eldiariodetucuman.com\\\/web\\\/#organization\",\"name\":\"El Diario de Tucuman\",\"url\":\"https:\\\/\\\/www.eldiariodetucuman.com\\\/web\\\/\",\"logo\":{\"@type\":\"ImageObject\",\"inLanguage\":\"es\",\"@id\":\"https:\\\/\\\/www.eldiariodetucuman.com\\\/web\\\/#\\\/schema\\\/logo\\\/image\\\/\",\"url\":\"http:\\\/\\\/www.eldiariodetucuman.com\\\/web\\\/wp-content\\\/uploads\\\/2017\\\/12\\\/el-diario-de-tucuman.jpg\",\"contentUrl\":\"http:\\\/\\\/www.eldiariodetucuman.com\\\/web\\\/wp-content\\\/uploads\\\/2017\\\/12\\\/el-diario-de-tucuman.jpg\",\"width\":272,\"height\":92,\"caption\":\"El Diario de Tucuman\"},\"image\":{\"@id\":\"https:\\\/\\\/www.eldiariodetucuman.com\\\/web\\\/#\\\/schema\\\/logo\\\/image\\\/\"}},{\"@type\":\"Person\",\"@id\":\"https:\\\/\\\/www.eldiariodetucuman.com\\\/web\\\/#\\\/schema\\\/person\\\/7e6644a46e60888f6b868594407e08dd\",\"name\":\"Redactor Uno\",\"image\":{\"@type\":\"ImageObject\",\"inLanguage\":\"es\",\"@id\":\"https:\\\/\\\/secure.gravatar.com\\\/avatar\\\/0049b1bdf1bd548385c9ea6b9356431717930913089febd2ba904f0187d7d074?s=96&d=mm&r=g\",\"url\":\"https:\\\/\\\/secure.gravatar.com\\\/avatar\\\/0049b1bdf1bd548385c9ea6b9356431717930913089febd2ba904f0187d7d074?s=96&d=mm&r=g\",\"contentUrl\":\"https:\\\/\\\/secure.gravatar.com\\\/avatar\\\/0049b1bdf1bd548385c9ea6b9356431717930913089febd2ba904f0187d7d074?s=96&d=mm&r=g\",\"caption\":\"Redactor Uno\"},\"url\":\"https:\\\/\\\/www.eldiariodetucuman.com\\\/web\\\/author\\\/mramasco\\\/\"}]}<\/script>\n<!-- \/ Yoast SEO plugin. -->","yoast_head_json":{"title":"Se disputa la \u00faltima fecha del Rally Provincial - El Diario de Tucuman","robots":{"index":"index","follow":"follow","max-snippet":"max-snippet:-1","max-image-preview":"max-image-preview:large","max-video-preview":"max-video-preview:-1"},"canonical":"https:\/\/www.eldiariodetucuman.com\/web\/se-disputa-la-ultima-fecha-del-rally-provincial\/","og_locale":"es_ES","og_type":"article","og_title":"Se disputa la \u00faltima fecha del Rally Provincial - El Diario de Tucuman","og_description":"Se realiz\u00f3 la presentaci\u00f3n de la \u00faltima fecha del Rally Provincial.","og_url":"https:\/\/www.eldiariodetucuman.com\/web\/se-disputa-la-ultima-fecha-del-rally-provincial\/","og_site_name":"El Diario de Tucuman","article_published_time":"2018-11-29T11:09:40+00:00","article_modified_time":"2018-11-29T11:09:55+00:00","og_image":[{"width":1024,"height":768,"url":"https:\/\/www.eldiariodetucuman.com\/web\/wp-content\/uploads\/2018\/11\/trancas.jpg","type":"image\/jpeg"}],"author":"Redactor Uno","twitter_card":"summary_large_image","twitter_misc":{"Escrito por":"Redactor Uno","Tiempo de lectura":"1 minuto"},"schema":{"@context":"https:\/\/schema.org","@graph":[{"@type":"Article","@id":"https:\/\/www.eldiariodetucuman.com\/web\/se-disputa-la-ultima-fecha-del-rally-provincial\/#article","isPartOf":{"@id":"https:\/\/www.eldiariodetucuman.com\/web\/se-disputa-la-ultima-fecha-del-rally-provincial\/"},"author":{"name":"Redactor Uno","@id":"https:\/\/www.eldiariodetucuman.com\/web\/#\/schema\/person\/7e6644a46e60888f6b868594407e08dd"},"headline":"Se disputa la \u00faltima fecha del Rally Provincial","datePublished":"2018-11-29T11:09:40+00:00","dateModified":"2018-11-29T11:09:55+00:00","mainEntityOfPage":{"@id":"https:\/\/www.eldiariodetucuman.com\/web\/se-disputa-la-ultima-fecha-del-rally-provincial\/"},"wordCount":261,"publisher":{"@id":"https:\/\/www.eldiariodetucuman.com\/web\/#organization"},"image":{"@id":"https:\/\/www.eldiariodetucuman.com\/web\/se-disputa-la-ultima-fecha-del-rally-provincial\/#primaryimage"},"thumbnailUrl":"https:\/\/www.eldiariodetucuman.com\/web\/wp-content\/uploads\/2018\/11\/trancas.jpg","keywords":["deportes","rally nacional","trancas","Tucuman"],"articleSection":["Actualidad"],"inLanguage":"es"},{"@type":"WebPage","@id":"https:\/\/www.eldiariodetucuman.com\/web\/se-disputa-la-ultima-fecha-del-rally-provincial\/","url":"https:\/\/www.eldiariodetucuman.com\/web\/se-disputa-la-ultima-fecha-del-rally-provincial\/","name":"Se disputa la \u00faltima fecha del Rally Provincial - El Diario de Tucuman","isPartOf":{"@id":"https:\/\/www.eldiariodetucuman.com\/web\/#website"},"primaryImageOfPage":{"@id":"https:\/\/www.eldiariodetucuman.com\/web\/se-disputa-la-ultima-fecha-del-rally-provincial\/#primaryimage"},"image":{"@id":"https:\/\/www.eldiariodetucuman.com\/web\/se-disputa-la-ultima-fecha-del-rally-provincial\/#primaryimage"},"thumbnailUrl":"https:\/\/www.eldiariodetucuman.com\/web\/wp-content\/uploads\/2018\/11\/trancas.jpg","datePublished":"2018-11-29T11:09:40+00:00","dateModified":"2018-11-29T11:09:55+00:00","breadcrumb":{"@id":"https:\/\/www.eldiariodetucuman.com\/web\/se-disputa-la-ultima-fecha-del-rally-provincial\/#breadcrumb"},"inLanguage":"es","potentialAction":[{"@type":"ReadAction","target":["https:\/\/www.eldiariodetucuman.com\/web\/se-disputa-la-ultima-fecha-del-rally-provincial\/"]}]},{"@type":"ImageObject","inLanguage":"es","@id":"https:\/\/www.eldiariodetucuman.com\/web\/se-disputa-la-ultima-fecha-del-rally-provincial\/#primaryimage","url":"https:\/\/www.eldiariodetucuman.com\/web\/wp-content\/uploads\/2018\/11\/trancas.jpg","contentUrl":"https:\/\/www.eldiariodetucuman.com\/web\/wp-content\/uploads\/2018\/11\/trancas.jpg","width":1024,"height":768},{"@type":"BreadcrumbList","@id":"https:\/\/www.eldiariodetucuman.com\/web\/se-disputa-la-ultima-fecha-del-rally-provincial\/#breadcrumb","itemListElement":[{"@type":"ListItem","position":1,"name":"Portada","item":"https:\/\/www.eldiariodetucuman.com\/web\/"},{"@type":"ListItem","position":2,"name":"Se disputa la \u00faltima fecha del Rally Provincial"}]},{"@type":"WebSite","@id":"https:\/\/www.eldiariodetucuman.com\/web\/#website","url":"https:\/\/www.eldiariodetucuman.com\/web\/","name":"El Diario de Tucuman","description":"Diario Tucuman - Informaci\u00f3n y noticias","publisher":{"@id":"https:\/\/www.eldiariodetucuman.com\/web\/#organization"},"potentialAction":[{"@type":"SearchAction","target":{"@type":"EntryPoint","urlTemplate":"https:\/\/www.eldiariodetucuman.com\/web\/?s={search_term_string}"},"query-input":{"@type":"PropertyValueSpecification","valueRequired":true,"valueName":"search_term_string"}}],"inLanguage":"es"},{"@type":"Organization","@id":"https:\/\/www.eldiariodetucuman.com\/web\/#organization","name":"El Diario de Tucuman","url":"https:\/\/www.eldiariodetucuman.com\/web\/","logo":{"@type":"ImageObject","inLanguage":"es","@id":"https:\/\/www.eldiariodetucuman.com\/web\/#\/schema\/logo\/image\/","url":"http:\/\/www.eldiariodetucuman.com\/web\/wp-content\/uploads\/2017\/12\/el-diario-de-tucuman.jpg","contentUrl":"http:\/\/www.eldiariodetucuman.com\/web\/wp-content\/uploads\/2017\/12\/el-diario-de-tucuman.jpg","width":272,"height":92,"caption":"El Diario de Tucuman"},"image":{"@id":"https:\/\/www.eldiariodetucuman.com\/web\/#\/schema\/logo\/image\/"}},{"@type":"Person","@id":"https:\/\/www.eldiariodetucuman.com\/web\/#\/schema\/person\/7e6644a46e60888f6b868594407e08dd","name":"Redactor Uno","image":{"@type":"ImageObject","inLanguage":"es","@id":"https:\/\/secure.gravatar.com\/avatar\/0049b1bdf1bd548385c9ea6b9356431717930913089febd2ba904f0187d7d074?s=96&d=mm&r=g","url":"https:\/\/secure.gravatar.com\/avatar\/0049b1bdf1bd548385c9ea6b9356431717930913089febd2ba904f0187d7d074?s=96&d=mm&r=g","contentUrl":"https:\/\/secure.gravatar.com\/avatar\/0049b1bdf1bd548385c9ea6b9356431717930913089febd2ba904f0187d7d074?s=96&d=mm&r=g","caption":"Redactor Uno"},"url":"https:\/\/www.eldiariodetucuman.com\/web\/author\/mramasco\/"}]}},"_links":{"self":[{"href":"https:\/\/www.eldiariodetucuman.com\/web\/wp-json\/wp\/v2\/posts\/19959","targetHints":{"allow":["GET"]}}],"collection":[{"href":"https:\/\/www.eldiariodetucuman.com\/web\/wp-json\/wp\/v2\/posts"}],"about":[{"href":"https:\/\/www.eldiariodetucuman.com\/web\/wp-json\/wp\/v2\/types\/post"}],"author":[{"embeddable":true,"href":"https:\/\/www.eldiariodetucuman.com\/web\/wp-json\/wp\/v2\/users\/5"}],"replies":[{"embeddable":true,"href":"https:\/\/www.eldiariodetucuman.com\/web\/wp-json\/wp\/v2\/comments?post=19959"}],"version-history":[{"count":2,"href":"https:\/\/www.eldiariodetucuman.com\/web\/wp-json\/wp\/v2\/posts\/19959\/revisions"}],"predecessor-version":[{"id":19962,"href":"https:\/\/www.eldiariodetucuman.com\/web\/wp-json\/wp\/v2\/posts\/19959\/revisions\/19962"}],"wp:featuredmedia":[{"embeddable":true,"href":"https:\/\/www.eldiariodetucuman.com\/web\/wp-json\/wp\/v2\/media\/19960"}],"wp:attachment":[{"href":"https:\/\/www.eldiariodetucuman.com\/web\/wp-json\/wp\/v2\/media?parent=19959"}],"wp:term":[{"taxonomy":"category","embeddable":true,"href":"https:\/\/www.eldiariodetucuman.com\/web\/wp-json\/wp\/v2\/categories?post=19959"},{"taxonomy":"post_tag","embeddable":true,"href":"https:\/\/www.eldiariodetucuman.com\/web\/wp-json\/wp\/v2\/tags?post=19959"}],"curies":[{"name":"wp","href":"https:\/\/api.w.org\/{rel}","templated":true}]}}