{"id":19955,"date":"2018-11-29T08:00:44","date_gmt":"2018-11-29T11:00:44","guid":{"rendered":"http:\/\/www.eldiariodetucuman.com\/web\/?p=19955"},"modified":"2018-11-29T08:01:25","modified_gmt":"2018-11-29T11:01:25","slug":"sancor-baja-la-persiana-y-despide-a-todo-el-personal-en-bahia-blanca","status":"publish","type":"post","link":"https:\/\/www.eldiariodetucuman.com\/web\/sancor-baja-la-persiana-y-despide-a-todo-el-personal-en-bahia-blanca\/","title":{"rendered":"Sancor baja la persiana y despide a todo el personal en Bah\u00eda Blanca"},"content":{"rendered":"<div class=\"ntbaj entry-summary\">Son alrededor de 40 las familias que quedar\u00e1n sin sustento econ\u00f3mico. En dos a\u00f1os, la firma redujo en un 60% su personal en todo el pa\u00eds.<\/div>\n<p><!--more--><\/p>\n<div class=\"nttxt entry-content\">\n<p>La empresa Sancor confirm\u00f3 en las \u00faltimas horas el cierre de su f\u00e1brica en Bah\u00eda Blanca y 40 personas se quedan sin su puesto de trabajo. As\u00ed lo se\u00f1al\u00f3 el titular de la Seccional local de la Asociaci\u00f3n de Trabajadores de la Industria Lechera de la Rep\u00fablica Argentina (ATILRA), Roberto Tejeda, quien adelant\u00f3 que el cierre se har\u00e1 el pr\u00f3ximo viernes 30 de noviembre.<\/p>\n<p>\u201cLa decisi\u00f3n de la empresa es cerrar todos los centros log\u00edsticos del pa\u00eds a ra\u00edz de la situaci\u00f3n econ\u00f3mica que est\u00e1 atravesando\u201d, explic\u00f3 en di\u00e1logo con Canal Siete. Tejeda adelant\u00f3 que unos 40 trabajadores se ver\u00e1n afectados, entre los que se encuentra personal del \u00e1rea de log\u00edstica, administrativo y ventas.<\/p>\n<p>\u201cHemos hecho algunas propuestas a la empresa y la raz\u00f3n del cierre es que no le da los costos para mantenerla abierta. Hoy donde est\u00e1 funcionando tiene un costo de entre $ 700 mil y $ 800 mil por mes\u201d, confes\u00f3.<\/p>\n<p>Seg\u00fan inform\u00f3 La Nueva, la firma redujo en los \u00faltimos dos a\u00f1os al 60 % de su personal en todo el pa\u00eds y pas\u00f3 de tener cinco mil empleados a dos mil, cerrando a principio de mes su sucursal en Neuqu\u00e9n.<\/p>\n<p><strong>Fuente:\u00a0<\/strong><a href=\"http:\/\/www.primerafuente.com.ar\/noticias\/77806\/sancor-baja-persiana-bahia-blanca-despide-todo-personal\">http:\/\/www.primerafuente.com.ar\/noticias\/77806\/sancor-baja-persiana-bahia-blanca-despide-todo-personal<\/a><\/p>\n<\/div>\n","protected":false},"excerpt":{"rendered":"<p>Son alrededor de 40 las familias que quedar\u00e1n sin sustento econ\u00f3mico. En dos a\u00f1os, la firma redujo en un 60% su personal en todo el pa\u00eds.<\/p>\n","protected":false},"author":5,"featured_media":19956,"comment_status":"closed","ping_status":"open","sticky":false,"template":"","format":"standard","meta":{"footnotes":""},"categories":[2],"tags":[1854,847,2251],"class_list":{"0":"post-19955","1":"post","2":"type-post","3":"status-publish","4":"format-standard","5":"has-post-thumbnail","7":"category-actualidad","8":"tag-crisis","9":"tag-economia","10":"tag-sancor"},"yoast_head":"<!-- This site is optimized with the Yoast SEO plugin v27.4 - https:\/\/yoast.com\/product\/yoast-seo-wordpress\/ -->\n<title>Sancor baja la persiana y despide a todo el personal en Bah\u00eda Blanca - El Diario de Tucuman<\/title>\n<meta name=\"robots\" content=\"index, follow, max-snippet:-1, max-image-preview:large, max-video-preview:-1\" \/>\n<link rel=\"canonical\" href=\"https:\/\/www.eldiariodetucuman.com\/web\/sancor-baja-la-persiana-y-despide-a-todo-el-personal-en-bahia-blanca\/\" \/>\n<meta property=\"og:locale\" content=\"es_ES\" \/>\n<meta property=\"og:type\" content=\"article\" \/>\n<meta property=\"og:title\" content=\"Sancor baja la persiana y despide a todo el personal en Bah\u00eda Blanca - El Diario de Tucuman\" \/>\n<meta property=\"og:description\" content=\"Son alrededor de 40 las familias que quedar\u00e1n sin sustento econ\u00f3mico. En dos a\u00f1os, la firma redujo en un 60% su personal en todo el pa\u00eds.\" \/>\n<meta property=\"og:url\" content=\"https:\/\/www.eldiariodetucuman.com\/web\/sancor-baja-la-persiana-y-despide-a-todo-el-personal-en-bahia-blanca\/\" \/>\n<meta property=\"og:site_name\" content=\"El Diario de Tucuman\" \/>\n<meta property=\"article:published_time\" content=\"2018-11-29T11:00:44+00:00\" \/>\n<meta property=\"article:modified_time\" content=\"2018-11-29T11:01:25+00:00\" \/>\n<meta property=\"og:image\" content=\"https:\/\/www.eldiariodetucuman.com\/web\/wp-content\/uploads\/2018\/11\/sancor.jpg\" \/>\n\t<meta property=\"og:image:width\" content=\"800\" \/>\n\t<meta property=\"og:image:height\" content=\"483\" \/>\n\t<meta property=\"og:image:type\" content=\"image\/jpeg\" \/>\n<meta name=\"author\" content=\"Redactor Uno\" \/>\n<meta name=\"twitter:card\" content=\"summary_large_image\" \/>\n<meta name=\"twitter:label1\" content=\"Escrito por\" \/>\n\t<meta name=\"twitter:data1\" content=\"Redactor Uno\" \/>\n\t<meta name=\"twitter:label2\" content=\"Tiempo de lectura\" \/>\n\t<meta name=\"twitter:data2\" content=\"1 minuto\" \/>\n<script type=\"application\/ld+json\" class=\"yoast-schema-graph\">{\"@context\":\"https:\\\/\\\/schema.org\",\"@graph\":[{\"@type\":\"Article\",\"@id\":\"https:\\\/\\\/www.eldiariodetucuman.com\\\/web\\\/sancor-baja-la-persiana-y-despide-a-todo-el-personal-en-bahia-blanca\\\/#article\",\"isPartOf\":{\"@id\":\"https:\\\/\\\/www.eldiariodetucuman.com\\\/web\\\/sancor-baja-la-persiana-y-despide-a-todo-el-personal-en-bahia-blanca\\\/\"},\"author\":{\"name\":\"Redactor Uno\",\"@id\":\"https:\\\/\\\/www.eldiariodetucuman.com\\\/web\\\/#\\\/schema\\\/person\\\/7e6644a46e60888f6b868594407e08dd\"},\"headline\":\"Sancor baja la persiana y despide a todo el personal en Bah\u00eda Blanca\",\"datePublished\":\"2018-11-29T11:00:44+00:00\",\"dateModified\":\"2018-11-29T11:01:25+00:00\",\"mainEntityOfPage\":{\"@id\":\"https:\\\/\\\/www.eldiariodetucuman.com\\\/web\\\/sancor-baja-la-persiana-y-despide-a-todo-el-personal-en-bahia-blanca\\\/\"},\"wordCount\":257,\"publisher\":{\"@id\":\"https:\\\/\\\/www.eldiariodetucuman.com\\\/web\\\/#organization\"},\"image\":{\"@id\":\"https:\\\/\\\/www.eldiariodetucuman.com\\\/web\\\/sancor-baja-la-persiana-y-despide-a-todo-el-personal-en-bahia-blanca\\\/#primaryimage\"},\"thumbnailUrl\":\"https:\\\/\\\/www.eldiariodetucuman.com\\\/web\\\/wp-content\\\/uploads\\\/2018\\\/11\\\/sancor.jpg\",\"keywords\":[\"crisis\",\"economia\",\"sancor\"],\"articleSection\":[\"Actualidad\"],\"inLanguage\":\"es\"},{\"@type\":\"WebPage\",\"@id\":\"https:\\\/\\\/www.eldiariodetucuman.com\\\/web\\\/sancor-baja-la-persiana-y-despide-a-todo-el-personal-en-bahia-blanca\\\/\",\"url\":\"https:\\\/\\\/www.eldiariodetucuman.com\\\/web\\\/sancor-baja-la-persiana-y-despide-a-todo-el-personal-en-bahia-blanca\\\/\",\"name\":\"Sancor baja la persiana y despide a todo el personal en Bah\u00eda Blanca - El Diario de Tucuman\",\"isPartOf\":{\"@id\":\"https:\\\/\\\/www.eldiariodetucuman.com\\\/web\\\/#website\"},\"primaryImageOfPage\":{\"@id\":\"https:\\\/\\\/www.eldiariodetucuman.com\\\/web\\\/sancor-baja-la-persiana-y-despide-a-todo-el-personal-en-bahia-blanca\\\/#primaryimage\"},\"image\":{\"@id\":\"https:\\\/\\\/www.eldiariodetucuman.com\\\/web\\\/sancor-baja-la-persiana-y-despide-a-todo-el-personal-en-bahia-blanca\\\/#primaryimage\"},\"thumbnailUrl\":\"https:\\\/\\\/www.eldiariodetucuman.com\\\/web\\\/wp-content\\\/uploads\\\/2018\\\/11\\\/sancor.jpg\",\"datePublished\":\"2018-11-29T11:00:44+00:00\",\"dateModified\":\"2018-11-29T11:01:25+00:00\",\"breadcrumb\":{\"@id\":\"https:\\\/\\\/www.eldiariodetucuman.com\\\/web\\\/sancor-baja-la-persiana-y-despide-a-todo-el-personal-en-bahia-blanca\\\/#breadcrumb\"},\"inLanguage\":\"es\",\"potentialAction\":[{\"@type\":\"ReadAction\",\"target\":[\"https:\\\/\\\/www.eldiariodetucuman.com\\\/web\\\/sancor-baja-la-persiana-y-despide-a-todo-el-personal-en-bahia-blanca\\\/\"]}]},{\"@type\":\"ImageObject\",\"inLanguage\":\"es\",\"@id\":\"https:\\\/\\\/www.eldiariodetucuman.com\\\/web\\\/sancor-baja-la-persiana-y-despide-a-todo-el-personal-en-bahia-blanca\\\/#primaryimage\",\"url\":\"https:\\\/\\\/www.eldiariodetucuman.com\\\/web\\\/wp-content\\\/uploads\\\/2018\\\/11\\\/sancor.jpg\",\"contentUrl\":\"https:\\\/\\\/www.eldiariodetucuman.com\\\/web\\\/wp-content\\\/uploads\\\/2018\\\/11\\\/sancor.jpg\",\"width\":800,\"height\":483},{\"@type\":\"BreadcrumbList\",\"@id\":\"https:\\\/\\\/www.eldiariodetucuman.com\\\/web\\\/sancor-baja-la-persiana-y-despide-a-todo-el-personal-en-bahia-blanca\\\/#breadcrumb\",\"itemListElement\":[{\"@type\":\"ListItem\",\"position\":1,\"name\":\"Portada\",\"item\":\"https:\\\/\\\/www.eldiariodetucuman.com\\\/web\\\/\"},{\"@type\":\"ListItem\",\"position\":2,\"name\":\"Sancor baja la persiana y despide a todo el personal en Bah\u00eda Blanca\"}]},{\"@type\":\"WebSite\",\"@id\":\"https:\\\/\\\/www.eldiariodetucuman.com\\\/web\\\/#website\",\"url\":\"https:\\\/\\\/www.eldiariodetucuman.com\\\/web\\\/\",\"name\":\"El Diario de Tucuman\",\"description\":\"Diario Tucuman - Informaci\u00f3n y noticias\",\"publisher\":{\"@id\":\"https:\\\/\\\/www.eldiariodetucuman.com\\\/web\\\/#organization\"},\"potentialAction\":[{\"@type\":\"SearchAction\",\"target\":{\"@type\":\"EntryPoint\",\"urlTemplate\":\"https:\\\/\\\/www.eldiariodetucuman.com\\\/web\\\/?s={search_term_string}\"},\"query-input\":{\"@type\":\"PropertyValueSpecification\",\"valueRequired\":true,\"valueName\":\"search_term_string\"}}],\"inLanguage\":\"es\"},{\"@type\":\"Organization\",\"@id\":\"https:\\\/\\\/www.eldiariodetucuman.com\\\/web\\\/#organization\",\"name\":\"El Diario de Tucuman\",\"url\":\"https:\\\/\\\/www.eldiariodetucuman.com\\\/web\\\/\",\"logo\":{\"@type\":\"ImageObject\",\"inLanguage\":\"es\",\"@id\":\"https:\\\/\\\/www.eldiariodetucuman.com\\\/web\\\/#\\\/schema\\\/logo\\\/image\\\/\",\"url\":\"http:\\\/\\\/www.eldiariodetucuman.com\\\/web\\\/wp-content\\\/uploads\\\/2017\\\/12\\\/el-diario-de-tucuman.jpg\",\"contentUrl\":\"http:\\\/\\\/www.eldiariodetucuman.com\\\/web\\\/wp-content\\\/uploads\\\/2017\\\/12\\\/el-diario-de-tucuman.jpg\",\"width\":272,\"height\":92,\"caption\":\"El Diario de Tucuman\"},\"image\":{\"@id\":\"https:\\\/\\\/www.eldiariodetucuman.com\\\/web\\\/#\\\/schema\\\/logo\\\/image\\\/\"}},{\"@type\":\"Person\",\"@id\":\"https:\\\/\\\/www.eldiariodetucuman.com\\\/web\\\/#\\\/schema\\\/person\\\/7e6644a46e60888f6b868594407e08dd\",\"name\":\"Redactor Uno\",\"image\":{\"@type\":\"ImageObject\",\"inLanguage\":\"es\",\"@id\":\"https:\\\/\\\/secure.gravatar.com\\\/avatar\\\/0049b1bdf1bd548385c9ea6b9356431717930913089febd2ba904f0187d7d074?s=96&d=mm&r=g\",\"url\":\"https:\\\/\\\/secure.gravatar.com\\\/avatar\\\/0049b1bdf1bd548385c9ea6b9356431717930913089febd2ba904f0187d7d074?s=96&d=mm&r=g\",\"contentUrl\":\"https:\\\/\\\/secure.gravatar.com\\\/avatar\\\/0049b1bdf1bd548385c9ea6b9356431717930913089febd2ba904f0187d7d074?s=96&d=mm&r=g\",\"caption\":\"Redactor Uno\"},\"url\":\"https:\\\/\\\/www.eldiariodetucuman.com\\\/web\\\/author\\\/mramasco\\\/\"}]}<\/script>\n<!-- \/ Yoast SEO plugin. -->","yoast_head_json":{"title":"Sancor baja la persiana y despide a todo el personal en Bah\u00eda Blanca - El Diario de Tucuman","robots":{"index":"index","follow":"follow","max-snippet":"max-snippet:-1","max-image-preview":"max-image-preview:large","max-video-preview":"max-video-preview:-1"},"canonical":"https:\/\/www.eldiariodetucuman.com\/web\/sancor-baja-la-persiana-y-despide-a-todo-el-personal-en-bahia-blanca\/","og_locale":"es_ES","og_type":"article","og_title":"Sancor baja la persiana y despide a todo el personal en Bah\u00eda Blanca - El Diario de Tucuman","og_description":"Son alrededor de 40 las familias que quedar\u00e1n sin sustento econ\u00f3mico. En dos a\u00f1os, la firma redujo en un 60% su personal en todo el pa\u00eds.","og_url":"https:\/\/www.eldiariodetucuman.com\/web\/sancor-baja-la-persiana-y-despide-a-todo-el-personal-en-bahia-blanca\/","og_site_name":"El Diario de Tucuman","article_published_time":"2018-11-29T11:00:44+00:00","article_modified_time":"2018-11-29T11:01:25+00:00","og_image":[{"width":800,"height":483,"url":"https:\/\/www.eldiariodetucuman.com\/web\/wp-content\/uploads\/2018\/11\/sancor.jpg","type":"image\/jpeg"}],"author":"Redactor Uno","twitter_card":"summary_large_image","twitter_misc":{"Escrito por":"Redactor Uno","Tiempo de lectura":"1 minuto"},"schema":{"@context":"https:\/\/schema.org","@graph":[{"@type":"Article","@id":"https:\/\/www.eldiariodetucuman.com\/web\/sancor-baja-la-persiana-y-despide-a-todo-el-personal-en-bahia-blanca\/#article","isPartOf":{"@id":"https:\/\/www.eldiariodetucuman.com\/web\/sancor-baja-la-persiana-y-despide-a-todo-el-personal-en-bahia-blanca\/"},"author":{"name":"Redactor Uno","@id":"https:\/\/www.eldiariodetucuman.com\/web\/#\/schema\/person\/7e6644a46e60888f6b868594407e08dd"},"headline":"Sancor baja la persiana y despide a todo el personal en Bah\u00eda Blanca","datePublished":"2018-11-29T11:00:44+00:00","dateModified":"2018-11-29T11:01:25+00:00","mainEntityOfPage":{"@id":"https:\/\/www.eldiariodetucuman.com\/web\/sancor-baja-la-persiana-y-despide-a-todo-el-personal-en-bahia-blanca\/"},"wordCount":257,"publisher":{"@id":"https:\/\/www.eldiariodetucuman.com\/web\/#organization"},"image":{"@id":"https:\/\/www.eldiariodetucuman.com\/web\/sancor-baja-la-persiana-y-despide-a-todo-el-personal-en-bahia-blanca\/#primaryimage"},"thumbnailUrl":"https:\/\/www.eldiariodetucuman.com\/web\/wp-content\/uploads\/2018\/11\/sancor.jpg","keywords":["crisis","economia","sancor"],"articleSection":["Actualidad"],"inLanguage":"es"},{"@type":"WebPage","@id":"https:\/\/www.eldiariodetucuman.com\/web\/sancor-baja-la-persiana-y-despide-a-todo-el-personal-en-bahia-blanca\/","url":"https:\/\/www.eldiariodetucuman.com\/web\/sancor-baja-la-persiana-y-despide-a-todo-el-personal-en-bahia-blanca\/","name":"Sancor baja la persiana y despide a todo el personal en Bah\u00eda Blanca - El Diario de Tucuman","isPartOf":{"@id":"https:\/\/www.eldiariodetucuman.com\/web\/#website"},"primaryImageOfPage":{"@id":"https:\/\/www.eldiariodetucuman.com\/web\/sancor-baja-la-persiana-y-despide-a-todo-el-personal-en-bahia-blanca\/#primaryimage"},"image":{"@id":"https:\/\/www.eldiariodetucuman.com\/web\/sancor-baja-la-persiana-y-despide-a-todo-el-personal-en-bahia-blanca\/#primaryimage"},"thumbnailUrl":"https:\/\/www.eldiariodetucuman.com\/web\/wp-content\/uploads\/2018\/11\/sancor.jpg","datePublished":"2018-11-29T11:00:44+00:00","dateModified":"2018-11-29T11:01:25+00:00","breadcrumb":{"@id":"https:\/\/www.eldiariodetucuman.com\/web\/sancor-baja-la-persiana-y-despide-a-todo-el-personal-en-bahia-blanca\/#breadcrumb"},"inLanguage":"es","potentialAction":[{"@type":"ReadAction","target":["https:\/\/www.eldiariodetucuman.com\/web\/sancor-baja-la-persiana-y-despide-a-todo-el-personal-en-bahia-blanca\/"]}]},{"@type":"ImageObject","inLanguage":"es","@id":"https:\/\/www.eldiariodetucuman.com\/web\/sancor-baja-la-persiana-y-despide-a-todo-el-personal-en-bahia-blanca\/#primaryimage","url":"https:\/\/www.eldiariodetucuman.com\/web\/wp-content\/uploads\/2018\/11\/sancor.jpg","contentUrl":"https:\/\/www.eldiariodetucuman.com\/web\/wp-content\/uploads\/2018\/11\/sancor.jpg","width":800,"height":483},{"@type":"BreadcrumbList","@id":"https:\/\/www.eldiariodetucuman.com\/web\/sancor-baja-la-persiana-y-despide-a-todo-el-personal-en-bahia-blanca\/#breadcrumb","itemListElement":[{"@type":"ListItem","position":1,"name":"Portada","item":"https:\/\/www.eldiariodetucuman.com\/web\/"},{"@type":"ListItem","position":2,"name":"Sancor baja la persiana y despide a todo el personal en Bah\u00eda Blanca"}]},{"@type":"WebSite","@id":"https:\/\/www.eldiariodetucuman.com\/web\/#website","url":"https:\/\/www.eldiariodetucuman.com\/web\/","name":"El Diario de Tucuman","description":"Diario Tucuman - Informaci\u00f3n y noticias","publisher":{"@id":"https:\/\/www.eldiariodetucuman.com\/web\/#organization"},"potentialAction":[{"@type":"SearchAction","target":{"@type":"EntryPoint","urlTemplate":"https:\/\/www.eldiariodetucuman.com\/web\/?s={search_term_string}"},"query-input":{"@type":"PropertyValueSpecification","valueRequired":true,"valueName":"search_term_string"}}],"inLanguage":"es"},{"@type":"Organization","@id":"https:\/\/www.eldiariodetucuman.com\/web\/#organization","name":"El Diario de Tucuman","url":"https:\/\/www.eldiariodetucuman.com\/web\/","logo":{"@type":"ImageObject","inLanguage":"es","@id":"https:\/\/www.eldiariodetucuman.com\/web\/#\/schema\/logo\/image\/","url":"http:\/\/www.eldiariodetucuman.com\/web\/wp-content\/uploads\/2017\/12\/el-diario-de-tucuman.jpg","contentUrl":"http:\/\/www.eldiariodetucuman.com\/web\/wp-content\/uploads\/2017\/12\/el-diario-de-tucuman.jpg","width":272,"height":92,"caption":"El Diario de Tucuman"},"image":{"@id":"https:\/\/www.eldiariodetucuman.com\/web\/#\/schema\/logo\/image\/"}},{"@type":"Person","@id":"https:\/\/www.eldiariodetucuman.com\/web\/#\/schema\/person\/7e6644a46e60888f6b868594407e08dd","name":"Redactor Uno","image":{"@type":"ImageObject","inLanguage":"es","@id":"https:\/\/secure.gravatar.com\/avatar\/0049b1bdf1bd548385c9ea6b9356431717930913089febd2ba904f0187d7d074?s=96&d=mm&r=g","url":"https:\/\/secure.gravatar.com\/avatar\/0049b1bdf1bd548385c9ea6b9356431717930913089febd2ba904f0187d7d074?s=96&d=mm&r=g","contentUrl":"https:\/\/secure.gravatar.com\/avatar\/0049b1bdf1bd548385c9ea6b9356431717930913089febd2ba904f0187d7d074?s=96&d=mm&r=g","caption":"Redactor Uno"},"url":"https:\/\/www.eldiariodetucuman.com\/web\/author\/mramasco\/"}]}},"_links":{"self":[{"href":"https:\/\/www.eldiariodetucuman.com\/web\/wp-json\/wp\/v2\/posts\/19955","targetHints":{"allow":["GET"]}}],"collection":[{"href":"https:\/\/www.eldiariodetucuman.com\/web\/wp-json\/wp\/v2\/posts"}],"about":[{"href":"https:\/\/www.eldiariodetucuman.com\/web\/wp-json\/wp\/v2\/types\/post"}],"author":[{"embeddable":true,"href":"https:\/\/www.eldiariodetucuman.com\/web\/wp-json\/wp\/v2\/users\/5"}],"replies":[{"embeddable":true,"href":"https:\/\/www.eldiariodetucuman.com\/web\/wp-json\/wp\/v2\/comments?post=19955"}],"version-history":[{"count":2,"href":"https:\/\/www.eldiariodetucuman.com\/web\/wp-json\/wp\/v2\/posts\/19955\/revisions"}],"predecessor-version":[{"id":19958,"href":"https:\/\/www.eldiariodetucuman.com\/web\/wp-json\/wp\/v2\/posts\/19955\/revisions\/19958"}],"wp:featuredmedia":[{"embeddable":true,"href":"https:\/\/www.eldiariodetucuman.com\/web\/wp-json\/wp\/v2\/media\/19956"}],"wp:attachment":[{"href":"https:\/\/www.eldiariodetucuman.com\/web\/wp-json\/wp\/v2\/media?parent=19955"}],"wp:term":[{"taxonomy":"category","embeddable":true,"href":"https:\/\/www.eldiariodetucuman.com\/web\/wp-json\/wp\/v2\/categories?post=19955"},{"taxonomy":"post_tag","embeddable":true,"href":"https:\/\/www.eldiariodetucuman.com\/web\/wp-json\/wp\/v2\/tags?post=19955"}],"curies":[{"name":"wp","href":"https:\/\/api.w.org\/{rel}","templated":true}]}}