{"id":19951,"date":"2018-11-29T00:07:39","date_gmt":"2018-11-29T03:07:39","guid":{"rendered":"http:\/\/www.eldiariodetucuman.com\/web\/provincia-evitara-un-aumento-de-250-al-transporte\/"},"modified":"2018-11-29T00:07:40","modified_gmt":"2018-11-29T03:07:40","slug":"provincia-evitara-un-aumento-de-250-al-transporte","status":"publish","type":"post","link":"https:\/\/www.eldiariodetucuman.com\/web\/provincia-evitara-un-aumento-de-250-al-transporte\/","title":{"rendered":"Provincia evitar\u00e1 un aumento de 250 % al transporte"},"content":{"rendered":"<div>\n<div readability=\"64\">\n<p>El vicegobernador, a cargo del Poder Ejecutivo,<strong> Osvaldo Jaldo<\/strong>, visit\u00f3, este mi\u00e9rcoles Concepci\u00f3n y asegur\u00f3 que ante la decisi\u00f3n de Naci\u00f3n de quitar subsidios al transporte la Provincia se har\u00e1 cargo evitando un desmedido aumento en el boleto.<\/p>\n<p>\u201cEl transporte p\u00fablico es un servicio p\u00fablico, usado por la mayor\u00eda de la sociedad, por eso quienes ocupamos un rol institucional debemos colaborar\u201d, expres\u00f3 Jaldo, luego de reunirse con el intendente de Concepci\u00f3n <strong>Roberto S\u00e1nchez,<\/strong> en el marco de la inauguraci\u00f3n de un anexo del entro Judicial.<\/p>\n<blockquote class=\"mom_quote \"><p>Jaldo explic\u00f3 que \u201cen el Presupuesto Nacional 2019 no est\u00e1n incluidos los aportes de subsidio del transporte para Tucum\u00e1n y deb\u00edamos buscar una soluci\u00f3n\u201d, por eso \u201cel viernes sancionaremos una ley para que Provincia aporte 1500 millones de pesos anuales, con los 700 millones que Naci\u00f3n aportar\u00e1 alcanzar\u00edamos los 2200 millones anuales que necesita el sector\u201d y a\u00f1adi\u00f3: \u201cDe este modo evitamos que el boleto tenga un incremento del 250 por ciento\u201d.<\/p><\/blockquote>\n<p>A su vez, aclar\u00f3 que \u201cla provincia nunca asumi\u00f3 hacerse cargo del subsidio que deja de mandar Naci\u00f3n, pero s\u00ed se acord\u00f3 que las provincias junto a Naci\u00f3n afrontar\u00edan el problema, por eso hace 48 horas el Gobierno dijo que aportar\u00eda los 700 millones que se necesitan\u201d.<\/p>\n<p>Respecto a la reuni\u00f3n que mantuvo con S\u00e1nchez dijo que \u201chablamos sobre la situaci\u00f3n del transporte, debido a que Concepci\u00f3n tiene colectivos urbanos. A su vez, dijo que fueron acompa\u00f1ados por los concejales. Esto quiere la gente, que quienes tengamos responsabilidades institucionales, nos sentemos juntos y veamos c\u00f3mo podemos solucionar los problemas de la sociedad\u201d.<\/p>\n<\/div>\n<\/div>\n<p>Fuente: http:\/\/comunicaciontucuman.gob.ar\/2018\/11\/provincia-evitara-un-aumento-de-250-al-transporte\/<\/p>\n","protected":false},"excerpt":{"rendered":"<p>El vicegobernador, a cargo del Poder Ejecutivo, Osvaldo Jaldo, visit\u00f3, este mi\u00e9rcoles Concepci\u00f3n y asegur\u00f3 que ante la decisi\u00f3n de Naci\u00f3n de quitar subsidios al transporte la Provincia se har\u00e1 cargo evitando un desmedido aumento en el boleto. \u201cEl transporte p\u00fablico es un servicio p\u00fablico, usado por la mayor\u00eda de la sociedad, por eso quienes [&hellip;]<\/p>\n","protected":false},"author":1,"featured_media":19952,"comment_status":"open","ping_status":"closed","sticky":false,"template":"","format":"standard","meta":{"footnotes":""},"categories":[3],"tags":[],"class_list":{"0":"post-19951","1":"post","2":"type-post","3":"status-publish","4":"format-standard","5":"has-post-thumbnail","7":"category-politica"},"yoast_head":"<!-- This site is optimized with the Yoast SEO plugin v27.4 - https:\/\/yoast.com\/product\/yoast-seo-wordpress\/ -->\n<title>Provincia evitar\u00e1 un aumento de 250 % al transporte - El Diario de Tucuman<\/title>\n<meta name=\"robots\" content=\"index, follow, max-snippet:-1, max-image-preview:large, max-video-preview:-1\" \/>\n<link rel=\"canonical\" href=\"https:\/\/www.eldiariodetucuman.com\/web\/provincia-evitara-un-aumento-de-250-al-transporte\/\" \/>\n<meta property=\"og:locale\" content=\"es_ES\" \/>\n<meta property=\"og:type\" content=\"article\" \/>\n<meta property=\"og:title\" content=\"Provincia evitar\u00e1 un aumento de 250 % al transporte - El Diario de Tucuman\" \/>\n<meta property=\"og:description\" content=\"El vicegobernador, a cargo del Poder Ejecutivo, Osvaldo Jaldo, visit\u00f3, este mi\u00e9rcoles Concepci\u00f3n y asegur\u00f3 que ante la decisi\u00f3n de Naci\u00f3n de quitar subsidios al transporte la Provincia se har\u00e1 cargo evitando un desmedido aumento en el boleto. \u201cEl transporte p\u00fablico es un servicio p\u00fablico, usado por la mayor\u00eda de la sociedad, por eso quienes [&hellip;]\" \/>\n<meta property=\"og:url\" content=\"https:\/\/www.eldiariodetucuman.com\/web\/provincia-evitara-un-aumento-de-250-al-transporte\/\" \/>\n<meta property=\"og:site_name\" content=\"El Diario de Tucuman\" \/>\n<meta property=\"article:published_time\" content=\"2018-11-29T03:07:39+00:00\" \/>\n<meta property=\"article:modified_time\" content=\"2018-11-29T03:07:40+00:00\" \/>\n<meta property=\"og:image\" content=\"https:\/\/www.eldiariodetucuman.com\/web\/wp-content\/uploads\/2018\/11\/4c4f14dddd3c255c68abd8546e2fcad8.jpeg\" \/>\n\t<meta property=\"og:image:width\" content=\"300\" \/>\n\t<meta property=\"og:image:height\" content=\"166\" \/>\n\t<meta property=\"og:image:type\" content=\"image\/jpeg\" \/>\n<meta name=\"author\" content=\"admin\" \/>\n<meta name=\"twitter:card\" content=\"summary_large_image\" \/>\n<meta name=\"twitter:label1\" content=\"Escrito por\" \/>\n\t<meta name=\"twitter:data1\" content=\"admin\" \/>\n\t<meta name=\"twitter:label2\" content=\"Tiempo de lectura\" \/>\n\t<meta name=\"twitter:data2\" content=\"1 minuto\" \/>\n<script type=\"application\/ld+json\" class=\"yoast-schema-graph\">{\"@context\":\"https:\\\/\\\/schema.org\",\"@graph\":[{\"@type\":\"Article\",\"@id\":\"https:\\\/\\\/www.eldiariodetucuman.com\\\/web\\\/provincia-evitara-un-aumento-de-250-al-transporte\\\/#article\",\"isPartOf\":{\"@id\":\"https:\\\/\\\/www.eldiariodetucuman.com\\\/web\\\/provincia-evitara-un-aumento-de-250-al-transporte\\\/\"},\"author\":{\"name\":\"admin\",\"@id\":\"https:\\\/\\\/www.eldiariodetucuman.com\\\/web\\\/#\\\/schema\\\/person\\\/9250197d75ab5483412e19678b121caa\"},\"headline\":\"Provincia evitar\u00e1 un aumento de 250 % al transporte\",\"datePublished\":\"2018-11-29T03:07:39+00:00\",\"dateModified\":\"2018-11-29T03:07:40+00:00\",\"mainEntityOfPage\":{\"@id\":\"https:\\\/\\\/www.eldiariodetucuman.com\\\/web\\\/provincia-evitara-un-aumento-de-250-al-transporte\\\/\"},\"wordCount\":293,\"commentCount\":0,\"publisher\":{\"@id\":\"https:\\\/\\\/www.eldiariodetucuman.com\\\/web\\\/#organization\"},\"image\":{\"@id\":\"https:\\\/\\\/www.eldiariodetucuman.com\\\/web\\\/provincia-evitara-un-aumento-de-250-al-transporte\\\/#primaryimage\"},\"thumbnailUrl\":\"https:\\\/\\\/www.eldiariodetucuman.com\\\/web\\\/wp-content\\\/uploads\\\/2018\\\/11\\\/4c4f14dddd3c255c68abd8546e2fcad8.jpeg\",\"articleSection\":[\"Politica\"],\"inLanguage\":\"es\",\"potentialAction\":[{\"@type\":\"CommentAction\",\"name\":\"Comment\",\"target\":[\"https:\\\/\\\/www.eldiariodetucuman.com\\\/web\\\/provincia-evitara-un-aumento-de-250-al-transporte\\\/#respond\"]}]},{\"@type\":\"WebPage\",\"@id\":\"https:\\\/\\\/www.eldiariodetucuman.com\\\/web\\\/provincia-evitara-un-aumento-de-250-al-transporte\\\/\",\"url\":\"https:\\\/\\\/www.eldiariodetucuman.com\\\/web\\\/provincia-evitara-un-aumento-de-250-al-transporte\\\/\",\"name\":\"Provincia evitar\u00e1 un aumento de 250 % al transporte - El Diario de Tucuman\",\"isPartOf\":{\"@id\":\"https:\\\/\\\/www.eldiariodetucuman.com\\\/web\\\/#website\"},\"primaryImageOfPage\":{\"@id\":\"https:\\\/\\\/www.eldiariodetucuman.com\\\/web\\\/provincia-evitara-un-aumento-de-250-al-transporte\\\/#primaryimage\"},\"image\":{\"@id\":\"https:\\\/\\\/www.eldiariodetucuman.com\\\/web\\\/provincia-evitara-un-aumento-de-250-al-transporte\\\/#primaryimage\"},\"thumbnailUrl\":\"https:\\\/\\\/www.eldiariodetucuman.com\\\/web\\\/wp-content\\\/uploads\\\/2018\\\/11\\\/4c4f14dddd3c255c68abd8546e2fcad8.jpeg\",\"datePublished\":\"2018-11-29T03:07:39+00:00\",\"dateModified\":\"2018-11-29T03:07:40+00:00\",\"breadcrumb\":{\"@id\":\"https:\\\/\\\/www.eldiariodetucuman.com\\\/web\\\/provincia-evitara-un-aumento-de-250-al-transporte\\\/#breadcrumb\"},\"inLanguage\":\"es\",\"potentialAction\":[{\"@type\":\"ReadAction\",\"target\":[\"https:\\\/\\\/www.eldiariodetucuman.com\\\/web\\\/provincia-evitara-un-aumento-de-250-al-transporte\\\/\"]}]},{\"@type\":\"ImageObject\",\"inLanguage\":\"es\",\"@id\":\"https:\\\/\\\/www.eldiariodetucuman.com\\\/web\\\/provincia-evitara-un-aumento-de-250-al-transporte\\\/#primaryimage\",\"url\":\"https:\\\/\\\/www.eldiariodetucuman.com\\\/web\\\/wp-content\\\/uploads\\\/2018\\\/11\\\/4c4f14dddd3c255c68abd8546e2fcad8.jpeg\",\"contentUrl\":\"https:\\\/\\\/www.eldiariodetucuman.com\\\/web\\\/wp-content\\\/uploads\\\/2018\\\/11\\\/4c4f14dddd3c255c68abd8546e2fcad8.jpeg\",\"width\":300,\"height\":166},{\"@type\":\"BreadcrumbList\",\"@id\":\"https:\\\/\\\/www.eldiariodetucuman.com\\\/web\\\/provincia-evitara-un-aumento-de-250-al-transporte\\\/#breadcrumb\",\"itemListElement\":[{\"@type\":\"ListItem\",\"position\":1,\"name\":\"Portada\",\"item\":\"https:\\\/\\\/www.eldiariodetucuman.com\\\/web\\\/\"},{\"@type\":\"ListItem\",\"position\":2,\"name\":\"Provincia evitar\u00e1 un aumento de 250 % al transporte\"}]},{\"@type\":\"WebSite\",\"@id\":\"https:\\\/\\\/www.eldiariodetucuman.com\\\/web\\\/#website\",\"url\":\"https:\\\/\\\/www.eldiariodetucuman.com\\\/web\\\/\",\"name\":\"El Diario de Tucuman\",\"description\":\"Diario Tucuman - Informaci\u00f3n y noticias\",\"publisher\":{\"@id\":\"https:\\\/\\\/www.eldiariodetucuman.com\\\/web\\\/#organization\"},\"potentialAction\":[{\"@type\":\"SearchAction\",\"target\":{\"@type\":\"EntryPoint\",\"urlTemplate\":\"https:\\\/\\\/www.eldiariodetucuman.com\\\/web\\\/?s={search_term_string}\"},\"query-input\":{\"@type\":\"PropertyValueSpecification\",\"valueRequired\":true,\"valueName\":\"search_term_string\"}}],\"inLanguage\":\"es\"},{\"@type\":\"Organization\",\"@id\":\"https:\\\/\\\/www.eldiariodetucuman.com\\\/web\\\/#organization\",\"name\":\"El Diario de Tucuman\",\"url\":\"https:\\\/\\\/www.eldiariodetucuman.com\\\/web\\\/\",\"logo\":{\"@type\":\"ImageObject\",\"inLanguage\":\"es\",\"@id\":\"https:\\\/\\\/www.eldiariodetucuman.com\\\/web\\\/#\\\/schema\\\/logo\\\/image\\\/\",\"url\":\"http:\\\/\\\/www.eldiariodetucuman.com\\\/web\\\/wp-content\\\/uploads\\\/2017\\\/12\\\/el-diario-de-tucuman.jpg\",\"contentUrl\":\"http:\\\/\\\/www.eldiariodetucuman.com\\\/web\\\/wp-content\\\/uploads\\\/2017\\\/12\\\/el-diario-de-tucuman.jpg\",\"width\":272,\"height\":92,\"caption\":\"El Diario de Tucuman\"},\"image\":{\"@id\":\"https:\\\/\\\/www.eldiariodetucuman.com\\\/web\\\/#\\\/schema\\\/logo\\\/image\\\/\"}},{\"@type\":\"Person\",\"@id\":\"https:\\\/\\\/www.eldiariodetucuman.com\\\/web\\\/#\\\/schema\\\/person\\\/9250197d75ab5483412e19678b121caa\",\"name\":\"admin\",\"image\":{\"@type\":\"ImageObject\",\"inLanguage\":\"es\",\"@id\":\"https:\\\/\\\/secure.gravatar.com\\\/avatar\\\/c44d117c2be811212c22cb481f6b8384b6873de103fbc49e7a03cc58d7dea4ac?s=96&d=mm&r=g\",\"url\":\"https:\\\/\\\/secure.gravatar.com\\\/avatar\\\/c44d117c2be811212c22cb481f6b8384b6873de103fbc49e7a03cc58d7dea4ac?s=96&d=mm&r=g\",\"contentUrl\":\"https:\\\/\\\/secure.gravatar.com\\\/avatar\\\/c44d117c2be811212c22cb481f6b8384b6873de103fbc49e7a03cc58d7dea4ac?s=96&d=mm&r=g\",\"caption\":\"admin\"},\"url\":\"https:\\\/\\\/www.eldiariodetucuman.com\\\/web\\\/author\\\/admin\\\/\"}]}<\/script>\n<!-- \/ Yoast SEO plugin. -->","yoast_head_json":{"title":"Provincia evitar\u00e1 un aumento de 250 % al transporte - El Diario de Tucuman","robots":{"index":"index","follow":"follow","max-snippet":"max-snippet:-1","max-image-preview":"max-image-preview:large","max-video-preview":"max-video-preview:-1"},"canonical":"https:\/\/www.eldiariodetucuman.com\/web\/provincia-evitara-un-aumento-de-250-al-transporte\/","og_locale":"es_ES","og_type":"article","og_title":"Provincia evitar\u00e1 un aumento de 250 % al transporte - El Diario de Tucuman","og_description":"El vicegobernador, a cargo del Poder Ejecutivo, Osvaldo Jaldo, visit\u00f3, este mi\u00e9rcoles Concepci\u00f3n y asegur\u00f3 que ante la decisi\u00f3n de Naci\u00f3n de quitar subsidios al transporte la Provincia se har\u00e1 cargo evitando un desmedido aumento en el boleto. \u201cEl transporte p\u00fablico es un servicio p\u00fablico, usado por la mayor\u00eda de la sociedad, por eso quienes [&hellip;]","og_url":"https:\/\/www.eldiariodetucuman.com\/web\/provincia-evitara-un-aumento-de-250-al-transporte\/","og_site_name":"El Diario de Tucuman","article_published_time":"2018-11-29T03:07:39+00:00","article_modified_time":"2018-11-29T03:07:40+00:00","og_image":[{"width":300,"height":166,"url":"https:\/\/www.eldiariodetucuman.com\/web\/wp-content\/uploads\/2018\/11\/4c4f14dddd3c255c68abd8546e2fcad8.jpeg","type":"image\/jpeg"}],"author":"admin","twitter_card":"summary_large_image","twitter_misc":{"Escrito por":"admin","Tiempo de lectura":"1 minuto"},"schema":{"@context":"https:\/\/schema.org","@graph":[{"@type":"Article","@id":"https:\/\/www.eldiariodetucuman.com\/web\/provincia-evitara-un-aumento-de-250-al-transporte\/#article","isPartOf":{"@id":"https:\/\/www.eldiariodetucuman.com\/web\/provincia-evitara-un-aumento-de-250-al-transporte\/"},"author":{"name":"admin","@id":"https:\/\/www.eldiariodetucuman.com\/web\/#\/schema\/person\/9250197d75ab5483412e19678b121caa"},"headline":"Provincia evitar\u00e1 un aumento de 250 % al transporte","datePublished":"2018-11-29T03:07:39+00:00","dateModified":"2018-11-29T03:07:40+00:00","mainEntityOfPage":{"@id":"https:\/\/www.eldiariodetucuman.com\/web\/provincia-evitara-un-aumento-de-250-al-transporte\/"},"wordCount":293,"commentCount":0,"publisher":{"@id":"https:\/\/www.eldiariodetucuman.com\/web\/#organization"},"image":{"@id":"https:\/\/www.eldiariodetucuman.com\/web\/provincia-evitara-un-aumento-de-250-al-transporte\/#primaryimage"},"thumbnailUrl":"https:\/\/www.eldiariodetucuman.com\/web\/wp-content\/uploads\/2018\/11\/4c4f14dddd3c255c68abd8546e2fcad8.jpeg","articleSection":["Politica"],"inLanguage":"es","potentialAction":[{"@type":"CommentAction","name":"Comment","target":["https:\/\/www.eldiariodetucuman.com\/web\/provincia-evitara-un-aumento-de-250-al-transporte\/#respond"]}]},{"@type":"WebPage","@id":"https:\/\/www.eldiariodetucuman.com\/web\/provincia-evitara-un-aumento-de-250-al-transporte\/","url":"https:\/\/www.eldiariodetucuman.com\/web\/provincia-evitara-un-aumento-de-250-al-transporte\/","name":"Provincia evitar\u00e1 un aumento de 250 % al transporte - El Diario de Tucuman","isPartOf":{"@id":"https:\/\/www.eldiariodetucuman.com\/web\/#website"},"primaryImageOfPage":{"@id":"https:\/\/www.eldiariodetucuman.com\/web\/provincia-evitara-un-aumento-de-250-al-transporte\/#primaryimage"},"image":{"@id":"https:\/\/www.eldiariodetucuman.com\/web\/provincia-evitara-un-aumento-de-250-al-transporte\/#primaryimage"},"thumbnailUrl":"https:\/\/www.eldiariodetucuman.com\/web\/wp-content\/uploads\/2018\/11\/4c4f14dddd3c255c68abd8546e2fcad8.jpeg","datePublished":"2018-11-29T03:07:39+00:00","dateModified":"2018-11-29T03:07:40+00:00","breadcrumb":{"@id":"https:\/\/www.eldiariodetucuman.com\/web\/provincia-evitara-un-aumento-de-250-al-transporte\/#breadcrumb"},"inLanguage":"es","potentialAction":[{"@type":"ReadAction","target":["https:\/\/www.eldiariodetucuman.com\/web\/provincia-evitara-un-aumento-de-250-al-transporte\/"]}]},{"@type":"ImageObject","inLanguage":"es","@id":"https:\/\/www.eldiariodetucuman.com\/web\/provincia-evitara-un-aumento-de-250-al-transporte\/#primaryimage","url":"https:\/\/www.eldiariodetucuman.com\/web\/wp-content\/uploads\/2018\/11\/4c4f14dddd3c255c68abd8546e2fcad8.jpeg","contentUrl":"https:\/\/www.eldiariodetucuman.com\/web\/wp-content\/uploads\/2018\/11\/4c4f14dddd3c255c68abd8546e2fcad8.jpeg","width":300,"height":166},{"@type":"BreadcrumbList","@id":"https:\/\/www.eldiariodetucuman.com\/web\/provincia-evitara-un-aumento-de-250-al-transporte\/#breadcrumb","itemListElement":[{"@type":"ListItem","position":1,"name":"Portada","item":"https:\/\/www.eldiariodetucuman.com\/web\/"},{"@type":"ListItem","position":2,"name":"Provincia evitar\u00e1 un aumento de 250 % al transporte"}]},{"@type":"WebSite","@id":"https:\/\/www.eldiariodetucuman.com\/web\/#website","url":"https:\/\/www.eldiariodetucuman.com\/web\/","name":"El Diario de Tucuman","description":"Diario Tucuman - Informaci\u00f3n y noticias","publisher":{"@id":"https:\/\/www.eldiariodetucuman.com\/web\/#organization"},"potentialAction":[{"@type":"SearchAction","target":{"@type":"EntryPoint","urlTemplate":"https:\/\/www.eldiariodetucuman.com\/web\/?s={search_term_string}"},"query-input":{"@type":"PropertyValueSpecification","valueRequired":true,"valueName":"search_term_string"}}],"inLanguage":"es"},{"@type":"Organization","@id":"https:\/\/www.eldiariodetucuman.com\/web\/#organization","name":"El Diario de Tucuman","url":"https:\/\/www.eldiariodetucuman.com\/web\/","logo":{"@type":"ImageObject","inLanguage":"es","@id":"https:\/\/www.eldiariodetucuman.com\/web\/#\/schema\/logo\/image\/","url":"http:\/\/www.eldiariodetucuman.com\/web\/wp-content\/uploads\/2017\/12\/el-diario-de-tucuman.jpg","contentUrl":"http:\/\/www.eldiariodetucuman.com\/web\/wp-content\/uploads\/2017\/12\/el-diario-de-tucuman.jpg","width":272,"height":92,"caption":"El Diario de Tucuman"},"image":{"@id":"https:\/\/www.eldiariodetucuman.com\/web\/#\/schema\/logo\/image\/"}},{"@type":"Person","@id":"https:\/\/www.eldiariodetucuman.com\/web\/#\/schema\/person\/9250197d75ab5483412e19678b121caa","name":"admin","image":{"@type":"ImageObject","inLanguage":"es","@id":"https:\/\/secure.gravatar.com\/avatar\/c44d117c2be811212c22cb481f6b8384b6873de103fbc49e7a03cc58d7dea4ac?s=96&d=mm&r=g","url":"https:\/\/secure.gravatar.com\/avatar\/c44d117c2be811212c22cb481f6b8384b6873de103fbc49e7a03cc58d7dea4ac?s=96&d=mm&r=g","contentUrl":"https:\/\/secure.gravatar.com\/avatar\/c44d117c2be811212c22cb481f6b8384b6873de103fbc49e7a03cc58d7dea4ac?s=96&d=mm&r=g","caption":"admin"},"url":"https:\/\/www.eldiariodetucuman.com\/web\/author\/admin\/"}]}},"_links":{"self":[{"href":"https:\/\/www.eldiariodetucuman.com\/web\/wp-json\/wp\/v2\/posts\/19951","targetHints":{"allow":["GET"]}}],"collection":[{"href":"https:\/\/www.eldiariodetucuman.com\/web\/wp-json\/wp\/v2\/posts"}],"about":[{"href":"https:\/\/www.eldiariodetucuman.com\/web\/wp-json\/wp\/v2\/types\/post"}],"author":[{"embeddable":true,"href":"https:\/\/www.eldiariodetucuman.com\/web\/wp-json\/wp\/v2\/users\/1"}],"replies":[{"embeddable":true,"href":"https:\/\/www.eldiariodetucuman.com\/web\/wp-json\/wp\/v2\/comments?post=19951"}],"version-history":[{"count":1,"href":"https:\/\/www.eldiariodetucuman.com\/web\/wp-json\/wp\/v2\/posts\/19951\/revisions"}],"predecessor-version":[{"id":19953,"href":"https:\/\/www.eldiariodetucuman.com\/web\/wp-json\/wp\/v2\/posts\/19951\/revisions\/19953"}],"wp:featuredmedia":[{"embeddable":true,"href":"https:\/\/www.eldiariodetucuman.com\/web\/wp-json\/wp\/v2\/media\/19952"}],"wp:attachment":[{"href":"https:\/\/www.eldiariodetucuman.com\/web\/wp-json\/wp\/v2\/media?parent=19951"}],"wp:term":[{"taxonomy":"category","embeddable":true,"href":"https:\/\/www.eldiariodetucuman.com\/web\/wp-json\/wp\/v2\/categories?post=19951"},{"taxonomy":"post_tag","embeddable":true,"href":"https:\/\/www.eldiariodetucuman.com\/web\/wp-json\/wp\/v2\/tags?post=19951"}],"curies":[{"name":"wp","href":"https:\/\/api.w.org\/{rel}","templated":true}]}}