{"id":19949,"date":"2018-11-28T12:50:15","date_gmt":"2018-11-28T15:50:15","guid":{"rendered":"http:\/\/www.eldiariodetucuman.com\/web\/chino-creo-los-primeros-bebes-por-edicion-genetica\/"},"modified":"2018-11-28T12:50:15","modified_gmt":"2018-11-28T15:50:15","slug":"chino-creo-los-primeros-bebes-por-edicion-genetica","status":"publish","type":"post","link":"https:\/\/www.eldiariodetucuman.com\/web\/chino-creo-los-primeros-bebes-por-edicion-genetica\/","title":{"rendered":"Chino cre\u00f3 los primeros beb\u00e9s por edici\u00f3n gen\u00e9tica"},"content":{"rendered":"<div>\n<div itemprop=\"articleBody\" readability=\"92.045247148289\">\n<p>Un cient\u00edfico chino asegur\u00f3 que cre\u00f3 los primero   <a href=\"https:\/\/www.cronica.com.ar\/tags\/beb%C3%A9s\">beb\u00e9s<\/a> editados de manera gen\u00e9tica, a los que volvi\u00f3 inmunes al   <a href=\"https:\/\/www.cronica.com.ar\/tags\/VIH\">VIH<\/a>. Sin embargo, la comunidad internacional ya expres\u00f3 su repudio a la iniciativa y hasta su propio gobierno le pidi\u00f3 explicaciones. Pese a las controversias \u00e9ticas, <strong>He Jiankui<\/strong>, investigador de la Universidad de Ciencia y Tecnolog\u00eda del Sur (SUSTech), en la ciudad china de Shenzhen, revel\u00f3 que particip\u00f3 de la primera modificaci\u00f3n de embriones de   <a href=\"https:\/\/www.cronica.com.ar\/tags\/beb%C3%A9s\">beb\u00e9s<\/a> en el mundo.<\/p>\n<p>Fruto de su trabajo nacieron hace <em>\u00abvarias semanas\u00bb<\/em> dos gemelas, a las que les alter\u00f3 el   <a href=\"https:\/\/www.cronica.com.ar\/tags\/ADN\">ADN<\/a> para hacerlas inmunes al virus del   <a href=\"https:\/\/www.cronica.com.ar\/tags\/VIH\">VIH<\/a>. Seg\u00fan dijo, las bebas, Lulu y Nana, se encuentran en perfecto estado de salud y detall\u00f3 que su pap\u00e1, <strong>Mark<\/strong>, es portador del   <a href=\"https:\/\/www.cronica.com.ar\/tags\/VIH\">VIH<\/a> y nunca pens\u00f3 que podr\u00eda convertirse en padre.<\/p>\n<p>Para lograr este hito, utiliz\u00f3 la t\u00e9cnica de edici\u00f3n de genes llamada CRISPR\/Cas9, que funciona como una \u00abtijera\u00bb molecular que permite \u00abcortar\u00bb y hacer cambios en el   <a href=\"https:\/\/www.cronica.com.ar\/tags\/ADN\">ADN<\/a>. Fue a trav\u00e9s de ella que logr\u00f3 mutar un gen para hacer inmunes a las peque\u00f1as al virus que causa el sida.<\/p>\n<p>Su desarrollo comenz\u00f3 en el laboratorio y luego los embriones fueron implantados en el \u00fatero de la madre, tras lo cual, comprobaron que la \u00fanica mutaci\u00f3n gen\u00e9tica era la prevista. \u00ab<em>Ning\u00fan otro gen present\u00f3 cambios<\/em>\u00ab, asegur\u00f3 He. <em>\u00abSiento una fuerte responsabilidad que no es s\u00f3lo por hacer algo por primera vez, sino tambi\u00e9n para poner el ejemplo\u00bb<\/em>, se\u00f1al\u00f3 el genetista, quien agreg\u00f3 que ser\u00e1 la sociedad la que<em> \u00abdecidir\u00e1 qu\u00e9 hacer despu\u00e9s\u00bb.<\/em><\/p>\n<p><u><strong>Cr\u00edticas<\/strong><\/u><\/p>\n<p>Mientras se aguarda una confirmaci\u00f3n oficial del trabajo encabezado por el genetista, a He ya le llovieron las cr\u00edticas. En Shenzhen, sudeste de China, las autoridades cient\u00edficas aseguraron que nadie tramit\u00f3 ante ellas el permiso necesario para desarrollar la mutaci\u00f3n gen\u00e9tica, a la vez que cuestionaron los fundamentos \u00e9ticos del especialista.<\/p>\n<p>Por eso, la Comisi\u00f3n Nacional de Salud expres\u00f3 su preocupaci\u00f3n y orden\u00f3 <em>\u00abque se investigue inmediatamente y se clarifique el asunto<\/em>\u00ab. \u00ab<em>Tenemos que ser responsables por la salud del pueblo y actuaremos en esto seg\u00fan la ley<\/em>\u00ab, aseguraron. En el mismo sentido se expres\u00f3 la SUSTech, que se declar\u00f3 \u00abprofundamente conmocionada\u00bb por el anuncio, ya que la investigaci\u00f3n no hab\u00eda sido informada, por lo que \u00ab<em>desconoc\u00edan este proyecto de investigaci\u00f3n y su naturaleza\u00bb<\/em>.<\/p>\n<p>Por lo tanto, revelaron que el Comit\u00e9 Acad\u00e9mico de su Departamento de Biolog\u00eda <em>\u00abcree que la conducta del doctor He Jiankui al usar CRISPR\/Cas9 para editar embriones humanos ha violado gravemente la \u00e9tica y los c\u00f3digos de conducta acad\u00e9micos\u00bb.<\/em><\/p>\n<\/div>\n<\/div>\n","protected":false},"excerpt":{"rendered":"<p>Un cient\u00edfico chino asegur\u00f3 que cre\u00f3 los primero beb\u00e9s editados de manera gen\u00e9tica, a los que volvi\u00f3 inmunes al VIH. Sin embargo, la comunidad internacional ya expres\u00f3 su repudio a la iniciativa y hasta su propio gobierno le pidi\u00f3 explicaciones. Pese a las controversias \u00e9ticas, He Jiankui, investigador de la Universidad de Ciencia y Tecnolog\u00eda [&hellip;]<\/p>\n","protected":false},"author":4,"featured_media":19950,"comment_status":"open","ping_status":"closed","sticky":false,"template":"","format":"standard","meta":{"footnotes":""},"categories":[194],"tags":[],"class_list":{"0":"post-19949","1":"post","2":"type-post","3":"status-publish","4":"format-standard","5":"has-post-thumbnail","7":"category-internacionales"},"yoast_head":"<!-- This site is optimized with the Yoast SEO plugin v27.4 - https:\/\/yoast.com\/product\/yoast-seo-wordpress\/ -->\n<title>Chino cre\u00f3 los primeros beb\u00e9s por edici\u00f3n gen\u00e9tica - El Diario de Tucuman<\/title>\n<meta name=\"robots\" content=\"index, follow, max-snippet:-1, max-image-preview:large, max-video-preview:-1\" \/>\n<link rel=\"canonical\" href=\"https:\/\/www.eldiariodetucuman.com\/web\/chino-creo-los-primeros-bebes-por-edicion-genetica\/\" \/>\n<meta property=\"og:locale\" content=\"es_ES\" \/>\n<meta property=\"og:type\" content=\"article\" \/>\n<meta property=\"og:title\" content=\"Chino cre\u00f3 los primeros beb\u00e9s por edici\u00f3n gen\u00e9tica - El Diario de Tucuman\" \/>\n<meta property=\"og:description\" content=\"Un cient\u00edfico chino asegur\u00f3 que cre\u00f3 los primero beb\u00e9s editados de manera gen\u00e9tica, a los que volvi\u00f3 inmunes al VIH. Sin embargo, la comunidad internacional ya expres\u00f3 su repudio a la iniciativa y hasta su propio gobierno le pidi\u00f3 explicaciones. Pese a las controversias \u00e9ticas, He Jiankui, investigador de la Universidad de Ciencia y Tecnolog\u00eda [&hellip;]\" \/>\n<meta property=\"og:url\" content=\"https:\/\/www.eldiariodetucuman.com\/web\/chino-creo-los-primeros-bebes-por-edicion-genetica\/\" \/>\n<meta property=\"og:site_name\" content=\"El Diario de Tucuman\" \/>\n<meta property=\"article:published_time\" content=\"2018-11-28T15:50:15+00:00\" \/>\n<meta property=\"og:image\" content=\"https:\/\/www.eldiariodetucuman.com\/web\/wp-content\/uploads\/2018\/11\/7cff272d6f893da954dd04fce69173e5.jpeg\" \/>\n\t<meta property=\"og:image:width\" content=\"970\" \/>\n\t<meta property=\"og:image:height\" content=\"546\" \/>\n\t<meta property=\"og:image:type\" content=\"image\/jpeg\" \/>\n<meta name=\"author\" content=\"eldiario detucuman\" \/>\n<meta name=\"twitter:card\" content=\"summary_large_image\" \/>\n<meta name=\"twitter:label1\" content=\"Escrito por\" \/>\n\t<meta name=\"twitter:data1\" content=\"eldiario detucuman\" \/>\n\t<meta name=\"twitter:label2\" content=\"Tiempo de lectura\" \/>\n\t<meta name=\"twitter:data2\" content=\"2 minutos\" \/>\n<script type=\"application\/ld+json\" class=\"yoast-schema-graph\">{\"@context\":\"https:\\\/\\\/schema.org\",\"@graph\":[{\"@type\":\"Article\",\"@id\":\"https:\\\/\\\/www.eldiariodetucuman.com\\\/web\\\/chino-creo-los-primeros-bebes-por-edicion-genetica\\\/#article\",\"isPartOf\":{\"@id\":\"https:\\\/\\\/www.eldiariodetucuman.com\\\/web\\\/chino-creo-los-primeros-bebes-por-edicion-genetica\\\/\"},\"author\":{\"name\":\"eldiario detucuman\",\"@id\":\"https:\\\/\\\/www.eldiariodetucuman.com\\\/web\\\/#\\\/schema\\\/person\\\/6f95946e54fde848b878ffa4928071d5\"},\"headline\":\"Chino cre\u00f3 los primeros beb\u00e9s por edici\u00f3n gen\u00e9tica\",\"datePublished\":\"2018-11-28T15:50:15+00:00\",\"mainEntityOfPage\":{\"@id\":\"https:\\\/\\\/www.eldiariodetucuman.com\\\/web\\\/chino-creo-los-primeros-bebes-por-edicion-genetica\\\/\"},\"wordCount\":469,\"commentCount\":0,\"publisher\":{\"@id\":\"https:\\\/\\\/www.eldiariodetucuman.com\\\/web\\\/#organization\"},\"image\":{\"@id\":\"https:\\\/\\\/www.eldiariodetucuman.com\\\/web\\\/chino-creo-los-primeros-bebes-por-edicion-genetica\\\/#primaryimage\"},\"thumbnailUrl\":\"https:\\\/\\\/www.eldiariodetucuman.com\\\/web\\\/wp-content\\\/uploads\\\/2018\\\/11\\\/7cff272d6f893da954dd04fce69173e5.jpeg\",\"articleSection\":[\"Internacionales\"],\"inLanguage\":\"es\",\"potentialAction\":[{\"@type\":\"CommentAction\",\"name\":\"Comment\",\"target\":[\"https:\\\/\\\/www.eldiariodetucuman.com\\\/web\\\/chino-creo-los-primeros-bebes-por-edicion-genetica\\\/#respond\"]}]},{\"@type\":\"WebPage\",\"@id\":\"https:\\\/\\\/www.eldiariodetucuman.com\\\/web\\\/chino-creo-los-primeros-bebes-por-edicion-genetica\\\/\",\"url\":\"https:\\\/\\\/www.eldiariodetucuman.com\\\/web\\\/chino-creo-los-primeros-bebes-por-edicion-genetica\\\/\",\"name\":\"Chino cre\u00f3 los primeros beb\u00e9s por edici\u00f3n gen\u00e9tica - El Diario de Tucuman\",\"isPartOf\":{\"@id\":\"https:\\\/\\\/www.eldiariodetucuman.com\\\/web\\\/#website\"},\"primaryImageOfPage\":{\"@id\":\"https:\\\/\\\/www.eldiariodetucuman.com\\\/web\\\/chino-creo-los-primeros-bebes-por-edicion-genetica\\\/#primaryimage\"},\"image\":{\"@id\":\"https:\\\/\\\/www.eldiariodetucuman.com\\\/web\\\/chino-creo-los-primeros-bebes-por-edicion-genetica\\\/#primaryimage\"},\"thumbnailUrl\":\"https:\\\/\\\/www.eldiariodetucuman.com\\\/web\\\/wp-content\\\/uploads\\\/2018\\\/11\\\/7cff272d6f893da954dd04fce69173e5.jpeg\",\"datePublished\":\"2018-11-28T15:50:15+00:00\",\"breadcrumb\":{\"@id\":\"https:\\\/\\\/www.eldiariodetucuman.com\\\/web\\\/chino-creo-los-primeros-bebes-por-edicion-genetica\\\/#breadcrumb\"},\"inLanguage\":\"es\",\"potentialAction\":[{\"@type\":\"ReadAction\",\"target\":[\"https:\\\/\\\/www.eldiariodetucuman.com\\\/web\\\/chino-creo-los-primeros-bebes-por-edicion-genetica\\\/\"]}]},{\"@type\":\"ImageObject\",\"inLanguage\":\"es\",\"@id\":\"https:\\\/\\\/www.eldiariodetucuman.com\\\/web\\\/chino-creo-los-primeros-bebes-por-edicion-genetica\\\/#primaryimage\",\"url\":\"https:\\\/\\\/www.eldiariodetucuman.com\\\/web\\\/wp-content\\\/uploads\\\/2018\\\/11\\\/7cff272d6f893da954dd04fce69173e5.jpeg\",\"contentUrl\":\"https:\\\/\\\/www.eldiariodetucuman.com\\\/web\\\/wp-content\\\/uploads\\\/2018\\\/11\\\/7cff272d6f893da954dd04fce69173e5.jpeg\",\"width\":970,\"height\":546},{\"@type\":\"BreadcrumbList\",\"@id\":\"https:\\\/\\\/www.eldiariodetucuman.com\\\/web\\\/chino-creo-los-primeros-bebes-por-edicion-genetica\\\/#breadcrumb\",\"itemListElement\":[{\"@type\":\"ListItem\",\"position\":1,\"name\":\"Portada\",\"item\":\"https:\\\/\\\/www.eldiariodetucuman.com\\\/web\\\/\"},{\"@type\":\"ListItem\",\"position\":2,\"name\":\"Chino cre\u00f3 los primeros beb\u00e9s por edici\u00f3n gen\u00e9tica\"}]},{\"@type\":\"WebSite\",\"@id\":\"https:\\\/\\\/www.eldiariodetucuman.com\\\/web\\\/#website\",\"url\":\"https:\\\/\\\/www.eldiariodetucuman.com\\\/web\\\/\",\"name\":\"El Diario de Tucuman\",\"description\":\"Diario Tucuman - Informaci\u00f3n y noticias\",\"publisher\":{\"@id\":\"https:\\\/\\\/www.eldiariodetucuman.com\\\/web\\\/#organization\"},\"potentialAction\":[{\"@type\":\"SearchAction\",\"target\":{\"@type\":\"EntryPoint\",\"urlTemplate\":\"https:\\\/\\\/www.eldiariodetucuman.com\\\/web\\\/?s={search_term_string}\"},\"query-input\":{\"@type\":\"PropertyValueSpecification\",\"valueRequired\":true,\"valueName\":\"search_term_string\"}}],\"inLanguage\":\"es\"},{\"@type\":\"Organization\",\"@id\":\"https:\\\/\\\/www.eldiariodetucuman.com\\\/web\\\/#organization\",\"name\":\"El Diario de Tucuman\",\"url\":\"https:\\\/\\\/www.eldiariodetucuman.com\\\/web\\\/\",\"logo\":{\"@type\":\"ImageObject\",\"inLanguage\":\"es\",\"@id\":\"https:\\\/\\\/www.eldiariodetucuman.com\\\/web\\\/#\\\/schema\\\/logo\\\/image\\\/\",\"url\":\"http:\\\/\\\/www.eldiariodetucuman.com\\\/web\\\/wp-content\\\/uploads\\\/2017\\\/12\\\/el-diario-de-tucuman.jpg\",\"contentUrl\":\"http:\\\/\\\/www.eldiariodetucuman.com\\\/web\\\/wp-content\\\/uploads\\\/2017\\\/12\\\/el-diario-de-tucuman.jpg\",\"width\":272,\"height\":92,\"caption\":\"El Diario de Tucuman\"},\"image\":{\"@id\":\"https:\\\/\\\/www.eldiariodetucuman.com\\\/web\\\/#\\\/schema\\\/logo\\\/image\\\/\"}},{\"@type\":\"Person\",\"@id\":\"https:\\\/\\\/www.eldiariodetucuman.com\\\/web\\\/#\\\/schema\\\/person\\\/6f95946e54fde848b878ffa4928071d5\",\"name\":\"eldiario detucuman\",\"image\":{\"@type\":\"ImageObject\",\"inLanguage\":\"es\",\"@id\":\"https:\\\/\\\/secure.gravatar.com\\\/avatar\\\/b6e1f89c5c4044c4962c8e6c20b1ca2cc99f549c965908afd4ec5308b3f51bfe?s=96&d=mm&r=g\",\"url\":\"https:\\\/\\\/secure.gravatar.com\\\/avatar\\\/b6e1f89c5c4044c4962c8e6c20b1ca2cc99f549c965908afd4ec5308b3f51bfe?s=96&d=mm&r=g\",\"contentUrl\":\"https:\\\/\\\/secure.gravatar.com\\\/avatar\\\/b6e1f89c5c4044c4962c8e6c20b1ca2cc99f549c965908afd4ec5308b3f51bfe?s=96&d=mm&r=g\",\"caption\":\"eldiario detucuman\"},\"url\":\"https:\\\/\\\/www.eldiariodetucuman.com\\\/web\\\/author\\\/eldiariodetucuman\\\/\"}]}<\/script>\n<!-- \/ Yoast SEO plugin. -->","yoast_head_json":{"title":"Chino cre\u00f3 los primeros beb\u00e9s por edici\u00f3n gen\u00e9tica - El Diario de Tucuman","robots":{"index":"index","follow":"follow","max-snippet":"max-snippet:-1","max-image-preview":"max-image-preview:large","max-video-preview":"max-video-preview:-1"},"canonical":"https:\/\/www.eldiariodetucuman.com\/web\/chino-creo-los-primeros-bebes-por-edicion-genetica\/","og_locale":"es_ES","og_type":"article","og_title":"Chino cre\u00f3 los primeros beb\u00e9s por edici\u00f3n gen\u00e9tica - El Diario de Tucuman","og_description":"Un cient\u00edfico chino asegur\u00f3 que cre\u00f3 los primero beb\u00e9s editados de manera gen\u00e9tica, a los que volvi\u00f3 inmunes al VIH. Sin embargo, la comunidad internacional ya expres\u00f3 su repudio a la iniciativa y hasta su propio gobierno le pidi\u00f3 explicaciones. Pese a las controversias \u00e9ticas, He Jiankui, investigador de la Universidad de Ciencia y Tecnolog\u00eda [&hellip;]","og_url":"https:\/\/www.eldiariodetucuman.com\/web\/chino-creo-los-primeros-bebes-por-edicion-genetica\/","og_site_name":"El Diario de Tucuman","article_published_time":"2018-11-28T15:50:15+00:00","og_image":[{"width":970,"height":546,"url":"https:\/\/www.eldiariodetucuman.com\/web\/wp-content\/uploads\/2018\/11\/7cff272d6f893da954dd04fce69173e5.jpeg","type":"image\/jpeg"}],"author":"eldiario detucuman","twitter_card":"summary_large_image","twitter_misc":{"Escrito por":"eldiario detucuman","Tiempo de lectura":"2 minutos"},"schema":{"@context":"https:\/\/schema.org","@graph":[{"@type":"Article","@id":"https:\/\/www.eldiariodetucuman.com\/web\/chino-creo-los-primeros-bebes-por-edicion-genetica\/#article","isPartOf":{"@id":"https:\/\/www.eldiariodetucuman.com\/web\/chino-creo-los-primeros-bebes-por-edicion-genetica\/"},"author":{"name":"eldiario detucuman","@id":"https:\/\/www.eldiariodetucuman.com\/web\/#\/schema\/person\/6f95946e54fde848b878ffa4928071d5"},"headline":"Chino cre\u00f3 los primeros beb\u00e9s por edici\u00f3n gen\u00e9tica","datePublished":"2018-11-28T15:50:15+00:00","mainEntityOfPage":{"@id":"https:\/\/www.eldiariodetucuman.com\/web\/chino-creo-los-primeros-bebes-por-edicion-genetica\/"},"wordCount":469,"commentCount":0,"publisher":{"@id":"https:\/\/www.eldiariodetucuman.com\/web\/#organization"},"image":{"@id":"https:\/\/www.eldiariodetucuman.com\/web\/chino-creo-los-primeros-bebes-por-edicion-genetica\/#primaryimage"},"thumbnailUrl":"https:\/\/www.eldiariodetucuman.com\/web\/wp-content\/uploads\/2018\/11\/7cff272d6f893da954dd04fce69173e5.jpeg","articleSection":["Internacionales"],"inLanguage":"es","potentialAction":[{"@type":"CommentAction","name":"Comment","target":["https:\/\/www.eldiariodetucuman.com\/web\/chino-creo-los-primeros-bebes-por-edicion-genetica\/#respond"]}]},{"@type":"WebPage","@id":"https:\/\/www.eldiariodetucuman.com\/web\/chino-creo-los-primeros-bebes-por-edicion-genetica\/","url":"https:\/\/www.eldiariodetucuman.com\/web\/chino-creo-los-primeros-bebes-por-edicion-genetica\/","name":"Chino cre\u00f3 los primeros beb\u00e9s por edici\u00f3n gen\u00e9tica - El Diario de Tucuman","isPartOf":{"@id":"https:\/\/www.eldiariodetucuman.com\/web\/#website"},"primaryImageOfPage":{"@id":"https:\/\/www.eldiariodetucuman.com\/web\/chino-creo-los-primeros-bebes-por-edicion-genetica\/#primaryimage"},"image":{"@id":"https:\/\/www.eldiariodetucuman.com\/web\/chino-creo-los-primeros-bebes-por-edicion-genetica\/#primaryimage"},"thumbnailUrl":"https:\/\/www.eldiariodetucuman.com\/web\/wp-content\/uploads\/2018\/11\/7cff272d6f893da954dd04fce69173e5.jpeg","datePublished":"2018-11-28T15:50:15+00:00","breadcrumb":{"@id":"https:\/\/www.eldiariodetucuman.com\/web\/chino-creo-los-primeros-bebes-por-edicion-genetica\/#breadcrumb"},"inLanguage":"es","potentialAction":[{"@type":"ReadAction","target":["https:\/\/www.eldiariodetucuman.com\/web\/chino-creo-los-primeros-bebes-por-edicion-genetica\/"]}]},{"@type":"ImageObject","inLanguage":"es","@id":"https:\/\/www.eldiariodetucuman.com\/web\/chino-creo-los-primeros-bebes-por-edicion-genetica\/#primaryimage","url":"https:\/\/www.eldiariodetucuman.com\/web\/wp-content\/uploads\/2018\/11\/7cff272d6f893da954dd04fce69173e5.jpeg","contentUrl":"https:\/\/www.eldiariodetucuman.com\/web\/wp-content\/uploads\/2018\/11\/7cff272d6f893da954dd04fce69173e5.jpeg","width":970,"height":546},{"@type":"BreadcrumbList","@id":"https:\/\/www.eldiariodetucuman.com\/web\/chino-creo-los-primeros-bebes-por-edicion-genetica\/#breadcrumb","itemListElement":[{"@type":"ListItem","position":1,"name":"Portada","item":"https:\/\/www.eldiariodetucuman.com\/web\/"},{"@type":"ListItem","position":2,"name":"Chino cre\u00f3 los primeros beb\u00e9s por edici\u00f3n gen\u00e9tica"}]},{"@type":"WebSite","@id":"https:\/\/www.eldiariodetucuman.com\/web\/#website","url":"https:\/\/www.eldiariodetucuman.com\/web\/","name":"El Diario de Tucuman","description":"Diario Tucuman - Informaci\u00f3n y noticias","publisher":{"@id":"https:\/\/www.eldiariodetucuman.com\/web\/#organization"},"potentialAction":[{"@type":"SearchAction","target":{"@type":"EntryPoint","urlTemplate":"https:\/\/www.eldiariodetucuman.com\/web\/?s={search_term_string}"},"query-input":{"@type":"PropertyValueSpecification","valueRequired":true,"valueName":"search_term_string"}}],"inLanguage":"es"},{"@type":"Organization","@id":"https:\/\/www.eldiariodetucuman.com\/web\/#organization","name":"El Diario de Tucuman","url":"https:\/\/www.eldiariodetucuman.com\/web\/","logo":{"@type":"ImageObject","inLanguage":"es","@id":"https:\/\/www.eldiariodetucuman.com\/web\/#\/schema\/logo\/image\/","url":"http:\/\/www.eldiariodetucuman.com\/web\/wp-content\/uploads\/2017\/12\/el-diario-de-tucuman.jpg","contentUrl":"http:\/\/www.eldiariodetucuman.com\/web\/wp-content\/uploads\/2017\/12\/el-diario-de-tucuman.jpg","width":272,"height":92,"caption":"El Diario de Tucuman"},"image":{"@id":"https:\/\/www.eldiariodetucuman.com\/web\/#\/schema\/logo\/image\/"}},{"@type":"Person","@id":"https:\/\/www.eldiariodetucuman.com\/web\/#\/schema\/person\/6f95946e54fde848b878ffa4928071d5","name":"eldiario detucuman","image":{"@type":"ImageObject","inLanguage":"es","@id":"https:\/\/secure.gravatar.com\/avatar\/b6e1f89c5c4044c4962c8e6c20b1ca2cc99f549c965908afd4ec5308b3f51bfe?s=96&d=mm&r=g","url":"https:\/\/secure.gravatar.com\/avatar\/b6e1f89c5c4044c4962c8e6c20b1ca2cc99f549c965908afd4ec5308b3f51bfe?s=96&d=mm&r=g","contentUrl":"https:\/\/secure.gravatar.com\/avatar\/b6e1f89c5c4044c4962c8e6c20b1ca2cc99f549c965908afd4ec5308b3f51bfe?s=96&d=mm&r=g","caption":"eldiario detucuman"},"url":"https:\/\/www.eldiariodetucuman.com\/web\/author\/eldiariodetucuman\/"}]}},"_links":{"self":[{"href":"https:\/\/www.eldiariodetucuman.com\/web\/wp-json\/wp\/v2\/posts\/19949","targetHints":{"allow":["GET"]}}],"collection":[{"href":"https:\/\/www.eldiariodetucuman.com\/web\/wp-json\/wp\/v2\/posts"}],"about":[{"href":"https:\/\/www.eldiariodetucuman.com\/web\/wp-json\/wp\/v2\/types\/post"}],"author":[{"embeddable":true,"href":"https:\/\/www.eldiariodetucuman.com\/web\/wp-json\/wp\/v2\/users\/4"}],"replies":[{"embeddable":true,"href":"https:\/\/www.eldiariodetucuman.com\/web\/wp-json\/wp\/v2\/comments?post=19949"}],"version-history":[{"count":0,"href":"https:\/\/www.eldiariodetucuman.com\/web\/wp-json\/wp\/v2\/posts\/19949\/revisions"}],"wp:featuredmedia":[{"embeddable":true,"href":"https:\/\/www.eldiariodetucuman.com\/web\/wp-json\/wp\/v2\/media\/19950"}],"wp:attachment":[{"href":"https:\/\/www.eldiariodetucuman.com\/web\/wp-json\/wp\/v2\/media?parent=19949"}],"wp:term":[{"taxonomy":"category","embeddable":true,"href":"https:\/\/www.eldiariodetucuman.com\/web\/wp-json\/wp\/v2\/categories?post=19949"},{"taxonomy":"post_tag","embeddable":true,"href":"https:\/\/www.eldiariodetucuman.com\/web\/wp-json\/wp\/v2\/tags?post=19949"}],"curies":[{"name":"wp","href":"https:\/\/api.w.org\/{rel}","templated":true}]}}