{"id":19947,"date":"2018-11-28T12:50:06","date_gmt":"2018-11-28T15:50:06","guid":{"rendered":"http:\/\/www.eldiariodetucuman.com\/web\/sonda-de-la-nasa-aterrizo-con-exito-en-marte\/"},"modified":"2018-11-28T12:50:06","modified_gmt":"2018-11-28T15:50:06","slug":"sonda-de-la-nasa-aterrizo-con-exito-en-marte","status":"publish","type":"post","link":"https:\/\/www.eldiariodetucuman.com\/web\/sonda-de-la-nasa-aterrizo-con-exito-en-marte\/","title":{"rendered":"Sonda de la NASA aterriz\u00f3 con \u00e9xito en Marte"},"content":{"rendered":"<div>\n<div itemprop=\"articleBody\" readability=\"51.470588235294\">\n<p>Los \u201cseis minutos de terror\u201d fueron superados. La sonda de la   <a href=\"https:\/\/www.cronica.com.ar\/tags\/NASA\">NASA<\/a> InSight logr\u00f3 este lunes\u00a0posarse sobre la superficie de   <a href=\"https:\/\/www.cronica.com.ar\/tags\/Marte\">Marte<\/a>, en una misi\u00f3n sin precedentes para analizar el interior de ese planeta. <em>\u201cAterrizaje confirmado<\/em>\u201d, anunciaron los supervisores de la misi\u00f3n, en medio de aplausos y gritos de alegr\u00eda.<\/p>\n<p>La sonda fue lanzada el 5 de mayo \u00faltimo y atraves\u00f3 la atm\u00f3sfera del planeta rojo a casi 20.000 kil\u00f3metros por hora antes de los \u201cseis minutos de terror\u201d, en los que debi\u00f3 bajar su velocidad a s\u00f3lo cinco kil\u00f3metros para poder amartizar, sin que sus controladores pudieran seguirlo en tiempo real.<\/p>\n<p>Por eso, comprobaron su \u00e9xito una vez que el proceso estuvo terminado. En los pr\u00f3ximos dos a\u00f1os, la estaci\u00f3n estudiar\u00e1 la estructura interna del planeta, registrar\u00e1 su actividad sismol\u00f3gica y utilizar\u00e1 sondas para investigar los flujos de calor<\/p>\n<\/div>\n<\/div>\n","protected":false},"excerpt":{"rendered":"<p>Los \u201cseis minutos de terror\u201d fueron superados. La sonda de la NASA InSight logr\u00f3 este lunes\u00a0posarse sobre la superficie de Marte, en una misi\u00f3n sin precedentes para analizar el interior de ese planeta. \u201cAterrizaje confirmado\u201d, anunciaron los supervisores de la misi\u00f3n, en medio de aplausos y gritos de alegr\u00eda. La sonda fue lanzada el 5 [&hellip;]<\/p>\n","protected":false},"author":4,"featured_media":19948,"comment_status":"open","ping_status":"closed","sticky":false,"template":"","format":"standard","meta":{"footnotes":""},"categories":[194],"tags":[],"class_list":{"0":"post-19947","1":"post","2":"type-post","3":"status-publish","4":"format-standard","5":"has-post-thumbnail","7":"category-internacionales"},"yoast_head":"<!-- This site is optimized with the Yoast SEO plugin v27.4 - https:\/\/yoast.com\/product\/yoast-seo-wordpress\/ -->\n<title>Sonda de la NASA aterriz\u00f3 con \u00e9xito en Marte - El Diario de Tucuman<\/title>\n<meta name=\"robots\" content=\"index, follow, max-snippet:-1, max-image-preview:large, max-video-preview:-1\" \/>\n<link rel=\"canonical\" href=\"https:\/\/www.eldiariodetucuman.com\/web\/sonda-de-la-nasa-aterrizo-con-exito-en-marte\/\" \/>\n<meta property=\"og:locale\" content=\"es_ES\" \/>\n<meta property=\"og:type\" content=\"article\" \/>\n<meta property=\"og:title\" content=\"Sonda de la NASA aterriz\u00f3 con \u00e9xito en Marte - El Diario de Tucuman\" \/>\n<meta property=\"og:description\" content=\"Los \u201cseis minutos de terror\u201d fueron superados. La sonda de la NASA InSight logr\u00f3 este lunes\u00a0posarse sobre la superficie de Marte, en una misi\u00f3n sin precedentes para analizar el interior de ese planeta. \u201cAterrizaje confirmado\u201d, anunciaron los supervisores de la misi\u00f3n, en medio de aplausos y gritos de alegr\u00eda. La sonda fue lanzada el 5 [&hellip;]\" \/>\n<meta property=\"og:url\" content=\"https:\/\/www.eldiariodetucuman.com\/web\/sonda-de-la-nasa-aterrizo-con-exito-en-marte\/\" \/>\n<meta property=\"og:site_name\" content=\"El Diario de Tucuman\" \/>\n<meta property=\"article:published_time\" content=\"2018-11-28T15:50:06+00:00\" \/>\n<meta property=\"og:image\" content=\"https:\/\/www.eldiariodetucuman.com\/web\/wp-content\/uploads\/2018\/11\/250d24fddc90d82a0907bf14186d8d35.jpeg\" \/>\n\t<meta property=\"og:image:width\" content=\"970\" \/>\n\t<meta property=\"og:image:height\" content=\"546\" \/>\n\t<meta property=\"og:image:type\" content=\"image\/jpeg\" \/>\n<meta name=\"author\" content=\"eldiario detucuman\" \/>\n<meta name=\"twitter:card\" content=\"summary_large_image\" \/>\n<meta name=\"twitter:label1\" content=\"Escrito por\" \/>\n\t<meta name=\"twitter:data1\" content=\"eldiario detucuman\" \/>\n\t<meta name=\"twitter:label2\" content=\"Tiempo de lectura\" \/>\n\t<meta name=\"twitter:data2\" content=\"1 minuto\" \/>\n<script type=\"application\/ld+json\" class=\"yoast-schema-graph\">{\"@context\":\"https:\\\/\\\/schema.org\",\"@graph\":[{\"@type\":\"Article\",\"@id\":\"https:\\\/\\\/www.eldiariodetucuman.com\\\/web\\\/sonda-de-la-nasa-aterrizo-con-exito-en-marte\\\/#article\",\"isPartOf\":{\"@id\":\"https:\\\/\\\/www.eldiariodetucuman.com\\\/web\\\/sonda-de-la-nasa-aterrizo-con-exito-en-marte\\\/\"},\"author\":{\"name\":\"eldiario detucuman\",\"@id\":\"https:\\\/\\\/www.eldiariodetucuman.com\\\/web\\\/#\\\/schema\\\/person\\\/6f95946e54fde848b878ffa4928071d5\"},\"headline\":\"Sonda de la NASA aterriz\u00f3 con \u00e9xito en Marte\",\"datePublished\":\"2018-11-28T15:50:06+00:00\",\"mainEntityOfPage\":{\"@id\":\"https:\\\/\\\/www.eldiariodetucuman.com\\\/web\\\/sonda-de-la-nasa-aterrizo-con-exito-en-marte\\\/\"},\"wordCount\":158,\"commentCount\":0,\"publisher\":{\"@id\":\"https:\\\/\\\/www.eldiariodetucuman.com\\\/web\\\/#organization\"},\"image\":{\"@id\":\"https:\\\/\\\/www.eldiariodetucuman.com\\\/web\\\/sonda-de-la-nasa-aterrizo-con-exito-en-marte\\\/#primaryimage\"},\"thumbnailUrl\":\"https:\\\/\\\/www.eldiariodetucuman.com\\\/web\\\/wp-content\\\/uploads\\\/2018\\\/11\\\/250d24fddc90d82a0907bf14186d8d35.jpeg\",\"articleSection\":[\"Internacionales\"],\"inLanguage\":\"es\",\"potentialAction\":[{\"@type\":\"CommentAction\",\"name\":\"Comment\",\"target\":[\"https:\\\/\\\/www.eldiariodetucuman.com\\\/web\\\/sonda-de-la-nasa-aterrizo-con-exito-en-marte\\\/#respond\"]}]},{\"@type\":\"WebPage\",\"@id\":\"https:\\\/\\\/www.eldiariodetucuman.com\\\/web\\\/sonda-de-la-nasa-aterrizo-con-exito-en-marte\\\/\",\"url\":\"https:\\\/\\\/www.eldiariodetucuman.com\\\/web\\\/sonda-de-la-nasa-aterrizo-con-exito-en-marte\\\/\",\"name\":\"Sonda de la NASA aterriz\u00f3 con \u00e9xito en Marte - El Diario de Tucuman\",\"isPartOf\":{\"@id\":\"https:\\\/\\\/www.eldiariodetucuman.com\\\/web\\\/#website\"},\"primaryImageOfPage\":{\"@id\":\"https:\\\/\\\/www.eldiariodetucuman.com\\\/web\\\/sonda-de-la-nasa-aterrizo-con-exito-en-marte\\\/#primaryimage\"},\"image\":{\"@id\":\"https:\\\/\\\/www.eldiariodetucuman.com\\\/web\\\/sonda-de-la-nasa-aterrizo-con-exito-en-marte\\\/#primaryimage\"},\"thumbnailUrl\":\"https:\\\/\\\/www.eldiariodetucuman.com\\\/web\\\/wp-content\\\/uploads\\\/2018\\\/11\\\/250d24fddc90d82a0907bf14186d8d35.jpeg\",\"datePublished\":\"2018-11-28T15:50:06+00:00\",\"breadcrumb\":{\"@id\":\"https:\\\/\\\/www.eldiariodetucuman.com\\\/web\\\/sonda-de-la-nasa-aterrizo-con-exito-en-marte\\\/#breadcrumb\"},\"inLanguage\":\"es\",\"potentialAction\":[{\"@type\":\"ReadAction\",\"target\":[\"https:\\\/\\\/www.eldiariodetucuman.com\\\/web\\\/sonda-de-la-nasa-aterrizo-con-exito-en-marte\\\/\"]}]},{\"@type\":\"ImageObject\",\"inLanguage\":\"es\",\"@id\":\"https:\\\/\\\/www.eldiariodetucuman.com\\\/web\\\/sonda-de-la-nasa-aterrizo-con-exito-en-marte\\\/#primaryimage\",\"url\":\"https:\\\/\\\/www.eldiariodetucuman.com\\\/web\\\/wp-content\\\/uploads\\\/2018\\\/11\\\/250d24fddc90d82a0907bf14186d8d35.jpeg\",\"contentUrl\":\"https:\\\/\\\/www.eldiariodetucuman.com\\\/web\\\/wp-content\\\/uploads\\\/2018\\\/11\\\/250d24fddc90d82a0907bf14186d8d35.jpeg\",\"width\":970,\"height\":546},{\"@type\":\"BreadcrumbList\",\"@id\":\"https:\\\/\\\/www.eldiariodetucuman.com\\\/web\\\/sonda-de-la-nasa-aterrizo-con-exito-en-marte\\\/#breadcrumb\",\"itemListElement\":[{\"@type\":\"ListItem\",\"position\":1,\"name\":\"Portada\",\"item\":\"https:\\\/\\\/www.eldiariodetucuman.com\\\/web\\\/\"},{\"@type\":\"ListItem\",\"position\":2,\"name\":\"Sonda de la NASA aterriz\u00f3 con \u00e9xito en Marte\"}]},{\"@type\":\"WebSite\",\"@id\":\"https:\\\/\\\/www.eldiariodetucuman.com\\\/web\\\/#website\",\"url\":\"https:\\\/\\\/www.eldiariodetucuman.com\\\/web\\\/\",\"name\":\"El Diario de Tucuman\",\"description\":\"Diario Tucuman - Informaci\u00f3n y noticias\",\"publisher\":{\"@id\":\"https:\\\/\\\/www.eldiariodetucuman.com\\\/web\\\/#organization\"},\"potentialAction\":[{\"@type\":\"SearchAction\",\"target\":{\"@type\":\"EntryPoint\",\"urlTemplate\":\"https:\\\/\\\/www.eldiariodetucuman.com\\\/web\\\/?s={search_term_string}\"},\"query-input\":{\"@type\":\"PropertyValueSpecification\",\"valueRequired\":true,\"valueName\":\"search_term_string\"}}],\"inLanguage\":\"es\"},{\"@type\":\"Organization\",\"@id\":\"https:\\\/\\\/www.eldiariodetucuman.com\\\/web\\\/#organization\",\"name\":\"El Diario de Tucuman\",\"url\":\"https:\\\/\\\/www.eldiariodetucuman.com\\\/web\\\/\",\"logo\":{\"@type\":\"ImageObject\",\"inLanguage\":\"es\",\"@id\":\"https:\\\/\\\/www.eldiariodetucuman.com\\\/web\\\/#\\\/schema\\\/logo\\\/image\\\/\",\"url\":\"http:\\\/\\\/www.eldiariodetucuman.com\\\/web\\\/wp-content\\\/uploads\\\/2017\\\/12\\\/el-diario-de-tucuman.jpg\",\"contentUrl\":\"http:\\\/\\\/www.eldiariodetucuman.com\\\/web\\\/wp-content\\\/uploads\\\/2017\\\/12\\\/el-diario-de-tucuman.jpg\",\"width\":272,\"height\":92,\"caption\":\"El Diario de Tucuman\"},\"image\":{\"@id\":\"https:\\\/\\\/www.eldiariodetucuman.com\\\/web\\\/#\\\/schema\\\/logo\\\/image\\\/\"}},{\"@type\":\"Person\",\"@id\":\"https:\\\/\\\/www.eldiariodetucuman.com\\\/web\\\/#\\\/schema\\\/person\\\/6f95946e54fde848b878ffa4928071d5\",\"name\":\"eldiario detucuman\",\"image\":{\"@type\":\"ImageObject\",\"inLanguage\":\"es\",\"@id\":\"https:\\\/\\\/secure.gravatar.com\\\/avatar\\\/b6e1f89c5c4044c4962c8e6c20b1ca2cc99f549c965908afd4ec5308b3f51bfe?s=96&d=mm&r=g\",\"url\":\"https:\\\/\\\/secure.gravatar.com\\\/avatar\\\/b6e1f89c5c4044c4962c8e6c20b1ca2cc99f549c965908afd4ec5308b3f51bfe?s=96&d=mm&r=g\",\"contentUrl\":\"https:\\\/\\\/secure.gravatar.com\\\/avatar\\\/b6e1f89c5c4044c4962c8e6c20b1ca2cc99f549c965908afd4ec5308b3f51bfe?s=96&d=mm&r=g\",\"caption\":\"eldiario detucuman\"},\"url\":\"https:\\\/\\\/www.eldiariodetucuman.com\\\/web\\\/author\\\/eldiariodetucuman\\\/\"}]}<\/script>\n<!-- \/ Yoast SEO plugin. -->","yoast_head_json":{"title":"Sonda de la NASA aterriz\u00f3 con \u00e9xito en Marte - El Diario de Tucuman","robots":{"index":"index","follow":"follow","max-snippet":"max-snippet:-1","max-image-preview":"max-image-preview:large","max-video-preview":"max-video-preview:-1"},"canonical":"https:\/\/www.eldiariodetucuman.com\/web\/sonda-de-la-nasa-aterrizo-con-exito-en-marte\/","og_locale":"es_ES","og_type":"article","og_title":"Sonda de la NASA aterriz\u00f3 con \u00e9xito en Marte - El Diario de Tucuman","og_description":"Los \u201cseis minutos de terror\u201d fueron superados. La sonda de la NASA InSight logr\u00f3 este lunes\u00a0posarse sobre la superficie de Marte, en una misi\u00f3n sin precedentes para analizar el interior de ese planeta. \u201cAterrizaje confirmado\u201d, anunciaron los supervisores de la misi\u00f3n, en medio de aplausos y gritos de alegr\u00eda. La sonda fue lanzada el 5 [&hellip;]","og_url":"https:\/\/www.eldiariodetucuman.com\/web\/sonda-de-la-nasa-aterrizo-con-exito-en-marte\/","og_site_name":"El Diario de Tucuman","article_published_time":"2018-11-28T15:50:06+00:00","og_image":[{"width":970,"height":546,"url":"https:\/\/www.eldiariodetucuman.com\/web\/wp-content\/uploads\/2018\/11\/250d24fddc90d82a0907bf14186d8d35.jpeg","type":"image\/jpeg"}],"author":"eldiario detucuman","twitter_card":"summary_large_image","twitter_misc":{"Escrito por":"eldiario detucuman","Tiempo de lectura":"1 minuto"},"schema":{"@context":"https:\/\/schema.org","@graph":[{"@type":"Article","@id":"https:\/\/www.eldiariodetucuman.com\/web\/sonda-de-la-nasa-aterrizo-con-exito-en-marte\/#article","isPartOf":{"@id":"https:\/\/www.eldiariodetucuman.com\/web\/sonda-de-la-nasa-aterrizo-con-exito-en-marte\/"},"author":{"name":"eldiario detucuman","@id":"https:\/\/www.eldiariodetucuman.com\/web\/#\/schema\/person\/6f95946e54fde848b878ffa4928071d5"},"headline":"Sonda de la NASA aterriz\u00f3 con \u00e9xito en Marte","datePublished":"2018-11-28T15:50:06+00:00","mainEntityOfPage":{"@id":"https:\/\/www.eldiariodetucuman.com\/web\/sonda-de-la-nasa-aterrizo-con-exito-en-marte\/"},"wordCount":158,"commentCount":0,"publisher":{"@id":"https:\/\/www.eldiariodetucuman.com\/web\/#organization"},"image":{"@id":"https:\/\/www.eldiariodetucuman.com\/web\/sonda-de-la-nasa-aterrizo-con-exito-en-marte\/#primaryimage"},"thumbnailUrl":"https:\/\/www.eldiariodetucuman.com\/web\/wp-content\/uploads\/2018\/11\/250d24fddc90d82a0907bf14186d8d35.jpeg","articleSection":["Internacionales"],"inLanguage":"es","potentialAction":[{"@type":"CommentAction","name":"Comment","target":["https:\/\/www.eldiariodetucuman.com\/web\/sonda-de-la-nasa-aterrizo-con-exito-en-marte\/#respond"]}]},{"@type":"WebPage","@id":"https:\/\/www.eldiariodetucuman.com\/web\/sonda-de-la-nasa-aterrizo-con-exito-en-marte\/","url":"https:\/\/www.eldiariodetucuman.com\/web\/sonda-de-la-nasa-aterrizo-con-exito-en-marte\/","name":"Sonda de la NASA aterriz\u00f3 con \u00e9xito en Marte - El Diario de Tucuman","isPartOf":{"@id":"https:\/\/www.eldiariodetucuman.com\/web\/#website"},"primaryImageOfPage":{"@id":"https:\/\/www.eldiariodetucuman.com\/web\/sonda-de-la-nasa-aterrizo-con-exito-en-marte\/#primaryimage"},"image":{"@id":"https:\/\/www.eldiariodetucuman.com\/web\/sonda-de-la-nasa-aterrizo-con-exito-en-marte\/#primaryimage"},"thumbnailUrl":"https:\/\/www.eldiariodetucuman.com\/web\/wp-content\/uploads\/2018\/11\/250d24fddc90d82a0907bf14186d8d35.jpeg","datePublished":"2018-11-28T15:50:06+00:00","breadcrumb":{"@id":"https:\/\/www.eldiariodetucuman.com\/web\/sonda-de-la-nasa-aterrizo-con-exito-en-marte\/#breadcrumb"},"inLanguage":"es","potentialAction":[{"@type":"ReadAction","target":["https:\/\/www.eldiariodetucuman.com\/web\/sonda-de-la-nasa-aterrizo-con-exito-en-marte\/"]}]},{"@type":"ImageObject","inLanguage":"es","@id":"https:\/\/www.eldiariodetucuman.com\/web\/sonda-de-la-nasa-aterrizo-con-exito-en-marte\/#primaryimage","url":"https:\/\/www.eldiariodetucuman.com\/web\/wp-content\/uploads\/2018\/11\/250d24fddc90d82a0907bf14186d8d35.jpeg","contentUrl":"https:\/\/www.eldiariodetucuman.com\/web\/wp-content\/uploads\/2018\/11\/250d24fddc90d82a0907bf14186d8d35.jpeg","width":970,"height":546},{"@type":"BreadcrumbList","@id":"https:\/\/www.eldiariodetucuman.com\/web\/sonda-de-la-nasa-aterrizo-con-exito-en-marte\/#breadcrumb","itemListElement":[{"@type":"ListItem","position":1,"name":"Portada","item":"https:\/\/www.eldiariodetucuman.com\/web\/"},{"@type":"ListItem","position":2,"name":"Sonda de la NASA aterriz\u00f3 con \u00e9xito en Marte"}]},{"@type":"WebSite","@id":"https:\/\/www.eldiariodetucuman.com\/web\/#website","url":"https:\/\/www.eldiariodetucuman.com\/web\/","name":"El Diario de Tucuman","description":"Diario Tucuman - Informaci\u00f3n y noticias","publisher":{"@id":"https:\/\/www.eldiariodetucuman.com\/web\/#organization"},"potentialAction":[{"@type":"SearchAction","target":{"@type":"EntryPoint","urlTemplate":"https:\/\/www.eldiariodetucuman.com\/web\/?s={search_term_string}"},"query-input":{"@type":"PropertyValueSpecification","valueRequired":true,"valueName":"search_term_string"}}],"inLanguage":"es"},{"@type":"Organization","@id":"https:\/\/www.eldiariodetucuman.com\/web\/#organization","name":"El Diario de Tucuman","url":"https:\/\/www.eldiariodetucuman.com\/web\/","logo":{"@type":"ImageObject","inLanguage":"es","@id":"https:\/\/www.eldiariodetucuman.com\/web\/#\/schema\/logo\/image\/","url":"http:\/\/www.eldiariodetucuman.com\/web\/wp-content\/uploads\/2017\/12\/el-diario-de-tucuman.jpg","contentUrl":"http:\/\/www.eldiariodetucuman.com\/web\/wp-content\/uploads\/2017\/12\/el-diario-de-tucuman.jpg","width":272,"height":92,"caption":"El Diario de Tucuman"},"image":{"@id":"https:\/\/www.eldiariodetucuman.com\/web\/#\/schema\/logo\/image\/"}},{"@type":"Person","@id":"https:\/\/www.eldiariodetucuman.com\/web\/#\/schema\/person\/6f95946e54fde848b878ffa4928071d5","name":"eldiario detucuman","image":{"@type":"ImageObject","inLanguage":"es","@id":"https:\/\/secure.gravatar.com\/avatar\/b6e1f89c5c4044c4962c8e6c20b1ca2cc99f549c965908afd4ec5308b3f51bfe?s=96&d=mm&r=g","url":"https:\/\/secure.gravatar.com\/avatar\/b6e1f89c5c4044c4962c8e6c20b1ca2cc99f549c965908afd4ec5308b3f51bfe?s=96&d=mm&r=g","contentUrl":"https:\/\/secure.gravatar.com\/avatar\/b6e1f89c5c4044c4962c8e6c20b1ca2cc99f549c965908afd4ec5308b3f51bfe?s=96&d=mm&r=g","caption":"eldiario detucuman"},"url":"https:\/\/www.eldiariodetucuman.com\/web\/author\/eldiariodetucuman\/"}]}},"_links":{"self":[{"href":"https:\/\/www.eldiariodetucuman.com\/web\/wp-json\/wp\/v2\/posts\/19947","targetHints":{"allow":["GET"]}}],"collection":[{"href":"https:\/\/www.eldiariodetucuman.com\/web\/wp-json\/wp\/v2\/posts"}],"about":[{"href":"https:\/\/www.eldiariodetucuman.com\/web\/wp-json\/wp\/v2\/types\/post"}],"author":[{"embeddable":true,"href":"https:\/\/www.eldiariodetucuman.com\/web\/wp-json\/wp\/v2\/users\/4"}],"replies":[{"embeddable":true,"href":"https:\/\/www.eldiariodetucuman.com\/web\/wp-json\/wp\/v2\/comments?post=19947"}],"version-history":[{"count":0,"href":"https:\/\/www.eldiariodetucuman.com\/web\/wp-json\/wp\/v2\/posts\/19947\/revisions"}],"wp:featuredmedia":[{"embeddable":true,"href":"https:\/\/www.eldiariodetucuman.com\/web\/wp-json\/wp\/v2\/media\/19948"}],"wp:attachment":[{"href":"https:\/\/www.eldiariodetucuman.com\/web\/wp-json\/wp\/v2\/media?parent=19947"}],"wp:term":[{"taxonomy":"category","embeddable":true,"href":"https:\/\/www.eldiariodetucuman.com\/web\/wp-json\/wp\/v2\/categories?post=19947"},{"taxonomy":"post_tag","embeddable":true,"href":"https:\/\/www.eldiariodetucuman.com\/web\/wp-json\/wp\/v2\/tags?post=19947"}],"curies":[{"name":"wp","href":"https:\/\/api.w.org\/{rel}","templated":true}]}}