{"id":19944,"date":"2018-11-28T12:36:51","date_gmt":"2018-11-28T15:36:51","guid":{"rendered":"http:\/\/www.eldiariodetucuman.com\/web\/remueven-al-titular-de-la-unidad-auditoria-interna-del-instituto-nacional-de-promocion-turistica\/"},"modified":"2018-11-28T12:36:52","modified_gmt":"2018-11-28T15:36:52","slug":"remueven-al-titular-de-la-unidad-auditoria-interna-del-instituto-nacional-de-promocion-turistica","status":"publish","type":"post","link":"https:\/\/www.eldiariodetucuman.com\/web\/remueven-al-titular-de-la-unidad-auditoria-interna-del-instituto-nacional-de-promocion-turistica\/","title":{"rendered":"Remueven al titular de la Unidad Auditor\u00eda Interna del Instituto Nacional de Promoci\u00f3n Tur\u00edstica"},"content":{"rendered":"<div>\n<div readability=\"58.268733850129\">\n<p>Desde la <a href=\"https:\/\/www.elintransigente.com\/politica\/2018\/11\/5\/aprobaron-el-planeamiento-de-las-unidades-de-auditoria-interna-521527.html\">Sindicatura General de la Naci\u00f3n<\/a> decidieron remover al Doctor\u00a0<strong>Alejandro Ariel Lauro<\/strong>,\u00a0del cargo de <strong>titular de la Unidad Auditor\u00eda Interna del Instituto Nacional de Promoci\u00f3n Tur\u00edstica<\/strong>, dependiente de la <a href=\"https:\/\/www.elintransigente.com\/sociedad\/2018\/11\/4\/en-verano-hospedarse-en-mar-del-plata-sera-mas-barato-que-en-los-paises-vecinos-521421.html\">Secretar\u00eda de Gobierno de Turismo<\/a>, a partir del primer d\u00eda h\u00e1bil siguiente a la fecha de su notificaci\u00f3n.<\/p>\n<p>Seg\u00fan la <strong>Resoluci\u00f3n 195\/2018, publicada hoy en el Bolet\u00edn Oficial<\/strong>, desde la Presidencia establecieron que el doctor Lauro deber\u00e1 cumplir con la presentaci\u00f3n de la documentaci\u00f3n que le requiera la Secretar\u00eda de Gobierno de Turismo, a fin de completar su legajo personal.<\/p>\n<aside class=\"htmlinline \"><!-- politica 2 300 x 250 imagen --><ins class=\"adsbygoogle\" data-ad-client=\"ca-pub-7781556717282971\" data-ad-slot=\"3120775563\"><\/ins><br \/>\n<\/aside>\n<p>Mediante la Resoluci\u00f3n SIGEN N\u00b0 51\/18, se design\u00f3 al Doctor\u00a0<strong>Alejandro Ariel Lauro, \u00a0en el cargo de titular de la Unidad de Auditor\u00eda Interna del Instituto Nacional de Promoci\u00f3n Tur\u00edstica<\/strong> (INPROTUR), dependiente del entonces Ministerio de Turismo. En este sentido, cuando se realiz\u00f3 el nombramiento, la Sindicatura no hab\u00eda dictado los requisitos y proceso que hoy rigen para la selecci\u00f3n y designaci\u00f3n de los titulares de las unidades de auditor\u00eda interna.<\/p>\n<p>De esta manera, el Secretario Ejecutivo del INPROTUR, Roberto Palais, manifest\u00f3 que el Doctor Lauro: &#8220;&#8230;<strong>no se ha venido ajustando a los procesos de trabajo que el organismo requiere, por lo que no ha cumplido satisfactoriamente con la funci\u00f3n encomendada y tampoco le ha aportado valor alguno al cargo en cuesti\u00f3n&#8221;<\/strong>.<\/p>\n<aside class=\"htmlinline \"><!-- politica 5 300 x 250 texto mas imagen --><ins class=\"adsbygoogle\" data-ad-client=\"ca-pub-7781556717282971\" data-ad-slot=\"3033145653\"><\/ins><br \/>\n<\/aside>\n<p>Asimismo inform\u00f3 que Lauro hab\u00eda notificado un <strong>pedido de licencia a su organismo<\/strong> que, respecto a la funci\u00f3n de auditor interno titular en una unidad unipersonal como la del INPROTUR, &#8220;deja desprotegida la labor del control interno a cubrir, independientemente de la observancia de las normas legales que rigen la contrataci\u00f3n del Dr. Lauro por parte de INPROTUR&#8221;, explica.<\/p>\n<p>De esta manera, seg\u00fan la medida, publicada hoy, la Gerencia de Control del Sector Productivo de la Sindicatura General de la Naci\u00f3n tom\u00f3 la intervenci\u00f3n de su competencia y, habiendo analizado este caso en particular, <strong>consider\u00f3 aconsejable remover al actual titular de la Unidad de Auditor\u00eda Interna del INPROTUR y dar inicio al proceso de selecci\u00f3n<\/strong> previsto en la Resoluci\u00f3n SIGEN N\u00b0 69\/2018, &#8220;sobre la base de la evidente falta de sinergia entre el titular de auditor\u00eda del organismo y su autoridad superior&#8221;, aclara el texto oficial.<\/p>\n<\/div>\n<\/div>\n<p>Fuente: https:\/\/www.elintransigente.com\/politica\/2018\/11\/28\/remueven-al-titular-de-la-unidad-auditoria-interna-del-instituto-nacional-de-promocion-turistica-526147.html<\/p>\n","protected":false},"excerpt":{"rendered":"<p>Desde la Sindicatura General de la Naci\u00f3n decidieron remover al Doctor\u00a0Alejandro Ariel Lauro,\u00a0del cargo de titular de la Unidad Auditor\u00eda Interna del Instituto Nacional de Promoci\u00f3n Tur\u00edstica, dependiente de la Secretar\u00eda de Gobierno de Turismo, a partir del primer d\u00eda h\u00e1bil siguiente a la fecha de su notificaci\u00f3n. Seg\u00fan la Resoluci\u00f3n 195\/2018, publicada hoy en [&hellip;]<\/p>\n","protected":false},"author":1,"featured_media":19945,"comment_status":"open","ping_status":"closed","sticky":false,"template":"","format":"standard","meta":{"footnotes":""},"categories":[1],"tags":[],"class_list":{"0":"post-19944","1":"post","2":"type-post","3":"status-publish","4":"format-standard","5":"has-post-thumbnail","7":"category-portada"},"yoast_head":"<!-- This site is optimized with the Yoast SEO plugin v27.4 - https:\/\/yoast.com\/product\/yoast-seo-wordpress\/ -->\n<title>Remueven al titular de la Unidad Auditor\u00eda Interna del Instituto Nacional de Promoci\u00f3n Tur\u00edstica - El Diario de Tucuman<\/title>\n<meta name=\"robots\" content=\"index, follow, max-snippet:-1, max-image-preview:large, max-video-preview:-1\" \/>\n<link rel=\"canonical\" href=\"https:\/\/www.eldiariodetucuman.com\/web\/remueven-al-titular-de-la-unidad-auditoria-interna-del-instituto-nacional-de-promocion-turistica\/\" \/>\n<meta property=\"og:locale\" content=\"es_ES\" \/>\n<meta property=\"og:type\" content=\"article\" \/>\n<meta property=\"og:title\" content=\"Remueven al titular de la Unidad Auditor\u00eda Interna del Instituto Nacional de Promoci\u00f3n Tur\u00edstica - El Diario de Tucuman\" \/>\n<meta property=\"og:description\" content=\"Desde la Sindicatura General de la Naci\u00f3n decidieron remover al Doctor\u00a0Alejandro Ariel Lauro,\u00a0del cargo de titular de la Unidad Auditor\u00eda Interna del Instituto Nacional de Promoci\u00f3n Tur\u00edstica, dependiente de la Secretar\u00eda de Gobierno de Turismo, a partir del primer d\u00eda h\u00e1bil siguiente a la fecha de su notificaci\u00f3n. Seg\u00fan la Resoluci\u00f3n 195\/2018, publicada hoy en [&hellip;]\" \/>\n<meta property=\"og:url\" content=\"https:\/\/www.eldiariodetucuman.com\/web\/remueven-al-titular-de-la-unidad-auditoria-interna-del-instituto-nacional-de-promocion-turistica\/\" \/>\n<meta property=\"og:site_name\" content=\"El Diario de Tucuman\" \/>\n<meta property=\"article:published_time\" content=\"2018-11-28T15:36:51+00:00\" \/>\n<meta property=\"article:modified_time\" content=\"2018-11-28T15:36:52+00:00\" \/>\n<meta property=\"og:image\" content=\"https:\/\/www.eldiariodetucuman.com\/web\/wp-content\/uploads\/2018\/11\/8031c21e2c029919954424cd1a968b97.jpeg\" \/>\n\t<meta property=\"og:image:width\" content=\"960\" \/>\n\t<meta property=\"og:image:height\" content=\"417\" \/>\n\t<meta property=\"og:image:type\" content=\"image\/jpeg\" \/>\n<meta name=\"author\" content=\"admin\" \/>\n<meta name=\"twitter:card\" content=\"summary_large_image\" \/>\n<meta name=\"twitter:label1\" content=\"Escrito por\" \/>\n\t<meta name=\"twitter:data1\" content=\"admin\" \/>\n\t<meta name=\"twitter:label2\" content=\"Tiempo de lectura\" \/>\n\t<meta name=\"twitter:data2\" content=\"2 minutos\" \/>\n<script type=\"application\/ld+json\" class=\"yoast-schema-graph\">{\"@context\":\"https:\\\/\\\/schema.org\",\"@graph\":[{\"@type\":\"Article\",\"@id\":\"https:\\\/\\\/www.eldiariodetucuman.com\\\/web\\\/remueven-al-titular-de-la-unidad-auditoria-interna-del-instituto-nacional-de-promocion-turistica\\\/#article\",\"isPartOf\":{\"@id\":\"https:\\\/\\\/www.eldiariodetucuman.com\\\/web\\\/remueven-al-titular-de-la-unidad-auditoria-interna-del-instituto-nacional-de-promocion-turistica\\\/\"},\"author\":{\"name\":\"admin\",\"@id\":\"https:\\\/\\\/www.eldiariodetucuman.com\\\/web\\\/#\\\/schema\\\/person\\\/9250197d75ab5483412e19678b121caa\"},\"headline\":\"Remueven al titular de la Unidad Auditor\u00eda Interna del Instituto Nacional de Promoci\u00f3n Tur\u00edstica\",\"datePublished\":\"2018-11-28T15:36:51+00:00\",\"dateModified\":\"2018-11-28T15:36:52+00:00\",\"mainEntityOfPage\":{\"@id\":\"https:\\\/\\\/www.eldiariodetucuman.com\\\/web\\\/remueven-al-titular-de-la-unidad-auditoria-interna-del-instituto-nacional-de-promocion-turistica\\\/\"},\"wordCount\":416,\"commentCount\":0,\"publisher\":{\"@id\":\"https:\\\/\\\/www.eldiariodetucuman.com\\\/web\\\/#organization\"},\"image\":{\"@id\":\"https:\\\/\\\/www.eldiariodetucuman.com\\\/web\\\/remueven-al-titular-de-la-unidad-auditoria-interna-del-instituto-nacional-de-promocion-turistica\\\/#primaryimage\"},\"thumbnailUrl\":\"https:\\\/\\\/www.eldiariodetucuman.com\\\/web\\\/wp-content\\\/uploads\\\/2018\\\/11\\\/8031c21e2c029919954424cd1a968b97.jpeg\",\"articleSection\":[\"Portada\"],\"inLanguage\":\"es\",\"potentialAction\":[{\"@type\":\"CommentAction\",\"name\":\"Comment\",\"target\":[\"https:\\\/\\\/www.eldiariodetucuman.com\\\/web\\\/remueven-al-titular-de-la-unidad-auditoria-interna-del-instituto-nacional-de-promocion-turistica\\\/#respond\"]}]},{\"@type\":\"WebPage\",\"@id\":\"https:\\\/\\\/www.eldiariodetucuman.com\\\/web\\\/remueven-al-titular-de-la-unidad-auditoria-interna-del-instituto-nacional-de-promocion-turistica\\\/\",\"url\":\"https:\\\/\\\/www.eldiariodetucuman.com\\\/web\\\/remueven-al-titular-de-la-unidad-auditoria-interna-del-instituto-nacional-de-promocion-turistica\\\/\",\"name\":\"Remueven al titular de la Unidad Auditor\u00eda Interna del Instituto Nacional de Promoci\u00f3n Tur\u00edstica - El Diario de Tucuman\",\"isPartOf\":{\"@id\":\"https:\\\/\\\/www.eldiariodetucuman.com\\\/web\\\/#website\"},\"primaryImageOfPage\":{\"@id\":\"https:\\\/\\\/www.eldiariodetucuman.com\\\/web\\\/remueven-al-titular-de-la-unidad-auditoria-interna-del-instituto-nacional-de-promocion-turistica\\\/#primaryimage\"},\"image\":{\"@id\":\"https:\\\/\\\/www.eldiariodetucuman.com\\\/web\\\/remueven-al-titular-de-la-unidad-auditoria-interna-del-instituto-nacional-de-promocion-turistica\\\/#primaryimage\"},\"thumbnailUrl\":\"https:\\\/\\\/www.eldiariodetucuman.com\\\/web\\\/wp-content\\\/uploads\\\/2018\\\/11\\\/8031c21e2c029919954424cd1a968b97.jpeg\",\"datePublished\":\"2018-11-28T15:36:51+00:00\",\"dateModified\":\"2018-11-28T15:36:52+00:00\",\"breadcrumb\":{\"@id\":\"https:\\\/\\\/www.eldiariodetucuman.com\\\/web\\\/remueven-al-titular-de-la-unidad-auditoria-interna-del-instituto-nacional-de-promocion-turistica\\\/#breadcrumb\"},\"inLanguage\":\"es\",\"potentialAction\":[{\"@type\":\"ReadAction\",\"target\":[\"https:\\\/\\\/www.eldiariodetucuman.com\\\/web\\\/remueven-al-titular-de-la-unidad-auditoria-interna-del-instituto-nacional-de-promocion-turistica\\\/\"]}]},{\"@type\":\"ImageObject\",\"inLanguage\":\"es\",\"@id\":\"https:\\\/\\\/www.eldiariodetucuman.com\\\/web\\\/remueven-al-titular-de-la-unidad-auditoria-interna-del-instituto-nacional-de-promocion-turistica\\\/#primaryimage\",\"url\":\"https:\\\/\\\/www.eldiariodetucuman.com\\\/web\\\/wp-content\\\/uploads\\\/2018\\\/11\\\/8031c21e2c029919954424cd1a968b97.jpeg\",\"contentUrl\":\"https:\\\/\\\/www.eldiariodetucuman.com\\\/web\\\/wp-content\\\/uploads\\\/2018\\\/11\\\/8031c21e2c029919954424cd1a968b97.jpeg\",\"width\":960,\"height\":417},{\"@type\":\"BreadcrumbList\",\"@id\":\"https:\\\/\\\/www.eldiariodetucuman.com\\\/web\\\/remueven-al-titular-de-la-unidad-auditoria-interna-del-instituto-nacional-de-promocion-turistica\\\/#breadcrumb\",\"itemListElement\":[{\"@type\":\"ListItem\",\"position\":1,\"name\":\"Portada\",\"item\":\"https:\\\/\\\/www.eldiariodetucuman.com\\\/web\\\/\"},{\"@type\":\"ListItem\",\"position\":2,\"name\":\"Remueven al titular de la Unidad Auditor\u00eda Interna del Instituto Nacional de Promoci\u00f3n Tur\u00edstica\"}]},{\"@type\":\"WebSite\",\"@id\":\"https:\\\/\\\/www.eldiariodetucuman.com\\\/web\\\/#website\",\"url\":\"https:\\\/\\\/www.eldiariodetucuman.com\\\/web\\\/\",\"name\":\"El Diario de Tucuman\",\"description\":\"Diario Tucuman - Informaci\u00f3n y noticias\",\"publisher\":{\"@id\":\"https:\\\/\\\/www.eldiariodetucuman.com\\\/web\\\/#organization\"},\"potentialAction\":[{\"@type\":\"SearchAction\",\"target\":{\"@type\":\"EntryPoint\",\"urlTemplate\":\"https:\\\/\\\/www.eldiariodetucuman.com\\\/web\\\/?s={search_term_string}\"},\"query-input\":{\"@type\":\"PropertyValueSpecification\",\"valueRequired\":true,\"valueName\":\"search_term_string\"}}],\"inLanguage\":\"es\"},{\"@type\":\"Organization\",\"@id\":\"https:\\\/\\\/www.eldiariodetucuman.com\\\/web\\\/#organization\",\"name\":\"El Diario de Tucuman\",\"url\":\"https:\\\/\\\/www.eldiariodetucuman.com\\\/web\\\/\",\"logo\":{\"@type\":\"ImageObject\",\"inLanguage\":\"es\",\"@id\":\"https:\\\/\\\/www.eldiariodetucuman.com\\\/web\\\/#\\\/schema\\\/logo\\\/image\\\/\",\"url\":\"http:\\\/\\\/www.eldiariodetucuman.com\\\/web\\\/wp-content\\\/uploads\\\/2017\\\/12\\\/el-diario-de-tucuman.jpg\",\"contentUrl\":\"http:\\\/\\\/www.eldiariodetucuman.com\\\/web\\\/wp-content\\\/uploads\\\/2017\\\/12\\\/el-diario-de-tucuman.jpg\",\"width\":272,\"height\":92,\"caption\":\"El Diario de Tucuman\"},\"image\":{\"@id\":\"https:\\\/\\\/www.eldiariodetucuman.com\\\/web\\\/#\\\/schema\\\/logo\\\/image\\\/\"}},{\"@type\":\"Person\",\"@id\":\"https:\\\/\\\/www.eldiariodetucuman.com\\\/web\\\/#\\\/schema\\\/person\\\/9250197d75ab5483412e19678b121caa\",\"name\":\"admin\",\"image\":{\"@type\":\"ImageObject\",\"inLanguage\":\"es\",\"@id\":\"https:\\\/\\\/secure.gravatar.com\\\/avatar\\\/c44d117c2be811212c22cb481f6b8384b6873de103fbc49e7a03cc58d7dea4ac?s=96&d=mm&r=g\",\"url\":\"https:\\\/\\\/secure.gravatar.com\\\/avatar\\\/c44d117c2be811212c22cb481f6b8384b6873de103fbc49e7a03cc58d7dea4ac?s=96&d=mm&r=g\",\"contentUrl\":\"https:\\\/\\\/secure.gravatar.com\\\/avatar\\\/c44d117c2be811212c22cb481f6b8384b6873de103fbc49e7a03cc58d7dea4ac?s=96&d=mm&r=g\",\"caption\":\"admin\"},\"url\":\"https:\\\/\\\/www.eldiariodetucuman.com\\\/web\\\/author\\\/admin\\\/\"}]}<\/script>\n<!-- \/ Yoast SEO plugin. -->","yoast_head_json":{"title":"Remueven al titular de la Unidad Auditor\u00eda Interna del Instituto Nacional de Promoci\u00f3n Tur\u00edstica - El Diario de Tucuman","robots":{"index":"index","follow":"follow","max-snippet":"max-snippet:-1","max-image-preview":"max-image-preview:large","max-video-preview":"max-video-preview:-1"},"canonical":"https:\/\/www.eldiariodetucuman.com\/web\/remueven-al-titular-de-la-unidad-auditoria-interna-del-instituto-nacional-de-promocion-turistica\/","og_locale":"es_ES","og_type":"article","og_title":"Remueven al titular de la Unidad Auditor\u00eda Interna del Instituto Nacional de Promoci\u00f3n Tur\u00edstica - El Diario de Tucuman","og_description":"Desde la Sindicatura General de la Naci\u00f3n decidieron remover al Doctor\u00a0Alejandro Ariel Lauro,\u00a0del cargo de titular de la Unidad Auditor\u00eda Interna del Instituto Nacional de Promoci\u00f3n Tur\u00edstica, dependiente de la Secretar\u00eda de Gobierno de Turismo, a partir del primer d\u00eda h\u00e1bil siguiente a la fecha de su notificaci\u00f3n. Seg\u00fan la Resoluci\u00f3n 195\/2018, publicada hoy en [&hellip;]","og_url":"https:\/\/www.eldiariodetucuman.com\/web\/remueven-al-titular-de-la-unidad-auditoria-interna-del-instituto-nacional-de-promocion-turistica\/","og_site_name":"El Diario de Tucuman","article_published_time":"2018-11-28T15:36:51+00:00","article_modified_time":"2018-11-28T15:36:52+00:00","og_image":[{"width":960,"height":417,"url":"https:\/\/www.eldiariodetucuman.com\/web\/wp-content\/uploads\/2018\/11\/8031c21e2c029919954424cd1a968b97.jpeg","type":"image\/jpeg"}],"author":"admin","twitter_card":"summary_large_image","twitter_misc":{"Escrito por":"admin","Tiempo de lectura":"2 minutos"},"schema":{"@context":"https:\/\/schema.org","@graph":[{"@type":"Article","@id":"https:\/\/www.eldiariodetucuman.com\/web\/remueven-al-titular-de-la-unidad-auditoria-interna-del-instituto-nacional-de-promocion-turistica\/#article","isPartOf":{"@id":"https:\/\/www.eldiariodetucuman.com\/web\/remueven-al-titular-de-la-unidad-auditoria-interna-del-instituto-nacional-de-promocion-turistica\/"},"author":{"name":"admin","@id":"https:\/\/www.eldiariodetucuman.com\/web\/#\/schema\/person\/9250197d75ab5483412e19678b121caa"},"headline":"Remueven al titular de la Unidad Auditor\u00eda Interna del Instituto Nacional de Promoci\u00f3n Tur\u00edstica","datePublished":"2018-11-28T15:36:51+00:00","dateModified":"2018-11-28T15:36:52+00:00","mainEntityOfPage":{"@id":"https:\/\/www.eldiariodetucuman.com\/web\/remueven-al-titular-de-la-unidad-auditoria-interna-del-instituto-nacional-de-promocion-turistica\/"},"wordCount":416,"commentCount":0,"publisher":{"@id":"https:\/\/www.eldiariodetucuman.com\/web\/#organization"},"image":{"@id":"https:\/\/www.eldiariodetucuman.com\/web\/remueven-al-titular-de-la-unidad-auditoria-interna-del-instituto-nacional-de-promocion-turistica\/#primaryimage"},"thumbnailUrl":"https:\/\/www.eldiariodetucuman.com\/web\/wp-content\/uploads\/2018\/11\/8031c21e2c029919954424cd1a968b97.jpeg","articleSection":["Portada"],"inLanguage":"es","potentialAction":[{"@type":"CommentAction","name":"Comment","target":["https:\/\/www.eldiariodetucuman.com\/web\/remueven-al-titular-de-la-unidad-auditoria-interna-del-instituto-nacional-de-promocion-turistica\/#respond"]}]},{"@type":"WebPage","@id":"https:\/\/www.eldiariodetucuman.com\/web\/remueven-al-titular-de-la-unidad-auditoria-interna-del-instituto-nacional-de-promocion-turistica\/","url":"https:\/\/www.eldiariodetucuman.com\/web\/remueven-al-titular-de-la-unidad-auditoria-interna-del-instituto-nacional-de-promocion-turistica\/","name":"Remueven al titular de la Unidad Auditor\u00eda Interna del Instituto Nacional de Promoci\u00f3n Tur\u00edstica - El Diario de Tucuman","isPartOf":{"@id":"https:\/\/www.eldiariodetucuman.com\/web\/#website"},"primaryImageOfPage":{"@id":"https:\/\/www.eldiariodetucuman.com\/web\/remueven-al-titular-de-la-unidad-auditoria-interna-del-instituto-nacional-de-promocion-turistica\/#primaryimage"},"image":{"@id":"https:\/\/www.eldiariodetucuman.com\/web\/remueven-al-titular-de-la-unidad-auditoria-interna-del-instituto-nacional-de-promocion-turistica\/#primaryimage"},"thumbnailUrl":"https:\/\/www.eldiariodetucuman.com\/web\/wp-content\/uploads\/2018\/11\/8031c21e2c029919954424cd1a968b97.jpeg","datePublished":"2018-11-28T15:36:51+00:00","dateModified":"2018-11-28T15:36:52+00:00","breadcrumb":{"@id":"https:\/\/www.eldiariodetucuman.com\/web\/remueven-al-titular-de-la-unidad-auditoria-interna-del-instituto-nacional-de-promocion-turistica\/#breadcrumb"},"inLanguage":"es","potentialAction":[{"@type":"ReadAction","target":["https:\/\/www.eldiariodetucuman.com\/web\/remueven-al-titular-de-la-unidad-auditoria-interna-del-instituto-nacional-de-promocion-turistica\/"]}]},{"@type":"ImageObject","inLanguage":"es","@id":"https:\/\/www.eldiariodetucuman.com\/web\/remueven-al-titular-de-la-unidad-auditoria-interna-del-instituto-nacional-de-promocion-turistica\/#primaryimage","url":"https:\/\/www.eldiariodetucuman.com\/web\/wp-content\/uploads\/2018\/11\/8031c21e2c029919954424cd1a968b97.jpeg","contentUrl":"https:\/\/www.eldiariodetucuman.com\/web\/wp-content\/uploads\/2018\/11\/8031c21e2c029919954424cd1a968b97.jpeg","width":960,"height":417},{"@type":"BreadcrumbList","@id":"https:\/\/www.eldiariodetucuman.com\/web\/remueven-al-titular-de-la-unidad-auditoria-interna-del-instituto-nacional-de-promocion-turistica\/#breadcrumb","itemListElement":[{"@type":"ListItem","position":1,"name":"Portada","item":"https:\/\/www.eldiariodetucuman.com\/web\/"},{"@type":"ListItem","position":2,"name":"Remueven al titular de la Unidad Auditor\u00eda Interna del Instituto Nacional de Promoci\u00f3n Tur\u00edstica"}]},{"@type":"WebSite","@id":"https:\/\/www.eldiariodetucuman.com\/web\/#website","url":"https:\/\/www.eldiariodetucuman.com\/web\/","name":"El Diario de Tucuman","description":"Diario Tucuman - Informaci\u00f3n y noticias","publisher":{"@id":"https:\/\/www.eldiariodetucuman.com\/web\/#organization"},"potentialAction":[{"@type":"SearchAction","target":{"@type":"EntryPoint","urlTemplate":"https:\/\/www.eldiariodetucuman.com\/web\/?s={search_term_string}"},"query-input":{"@type":"PropertyValueSpecification","valueRequired":true,"valueName":"search_term_string"}}],"inLanguage":"es"},{"@type":"Organization","@id":"https:\/\/www.eldiariodetucuman.com\/web\/#organization","name":"El Diario de Tucuman","url":"https:\/\/www.eldiariodetucuman.com\/web\/","logo":{"@type":"ImageObject","inLanguage":"es","@id":"https:\/\/www.eldiariodetucuman.com\/web\/#\/schema\/logo\/image\/","url":"http:\/\/www.eldiariodetucuman.com\/web\/wp-content\/uploads\/2017\/12\/el-diario-de-tucuman.jpg","contentUrl":"http:\/\/www.eldiariodetucuman.com\/web\/wp-content\/uploads\/2017\/12\/el-diario-de-tucuman.jpg","width":272,"height":92,"caption":"El Diario de Tucuman"},"image":{"@id":"https:\/\/www.eldiariodetucuman.com\/web\/#\/schema\/logo\/image\/"}},{"@type":"Person","@id":"https:\/\/www.eldiariodetucuman.com\/web\/#\/schema\/person\/9250197d75ab5483412e19678b121caa","name":"admin","image":{"@type":"ImageObject","inLanguage":"es","@id":"https:\/\/secure.gravatar.com\/avatar\/c44d117c2be811212c22cb481f6b8384b6873de103fbc49e7a03cc58d7dea4ac?s=96&d=mm&r=g","url":"https:\/\/secure.gravatar.com\/avatar\/c44d117c2be811212c22cb481f6b8384b6873de103fbc49e7a03cc58d7dea4ac?s=96&d=mm&r=g","contentUrl":"https:\/\/secure.gravatar.com\/avatar\/c44d117c2be811212c22cb481f6b8384b6873de103fbc49e7a03cc58d7dea4ac?s=96&d=mm&r=g","caption":"admin"},"url":"https:\/\/www.eldiariodetucuman.com\/web\/author\/admin\/"}]}},"_links":{"self":[{"href":"https:\/\/www.eldiariodetucuman.com\/web\/wp-json\/wp\/v2\/posts\/19944","targetHints":{"allow":["GET"]}}],"collection":[{"href":"https:\/\/www.eldiariodetucuman.com\/web\/wp-json\/wp\/v2\/posts"}],"about":[{"href":"https:\/\/www.eldiariodetucuman.com\/web\/wp-json\/wp\/v2\/types\/post"}],"author":[{"embeddable":true,"href":"https:\/\/www.eldiariodetucuman.com\/web\/wp-json\/wp\/v2\/users\/1"}],"replies":[{"embeddable":true,"href":"https:\/\/www.eldiariodetucuman.com\/web\/wp-json\/wp\/v2\/comments?post=19944"}],"version-history":[{"count":1,"href":"https:\/\/www.eldiariodetucuman.com\/web\/wp-json\/wp\/v2\/posts\/19944\/revisions"}],"predecessor-version":[{"id":19946,"href":"https:\/\/www.eldiariodetucuman.com\/web\/wp-json\/wp\/v2\/posts\/19944\/revisions\/19946"}],"wp:featuredmedia":[{"embeddable":true,"href":"https:\/\/www.eldiariodetucuman.com\/web\/wp-json\/wp\/v2\/media\/19945"}],"wp:attachment":[{"href":"https:\/\/www.eldiariodetucuman.com\/web\/wp-json\/wp\/v2\/media?parent=19944"}],"wp:term":[{"taxonomy":"category","embeddable":true,"href":"https:\/\/www.eldiariodetucuman.com\/web\/wp-json\/wp\/v2\/categories?post=19944"},{"taxonomy":"post_tag","embeddable":true,"href":"https:\/\/www.eldiariodetucuman.com\/web\/wp-json\/wp\/v2\/tags?post=19944"}],"curies":[{"name":"wp","href":"https:\/\/api.w.org\/{rel}","templated":true}]}}