{"id":18922,"date":"2018-11-04T11:43:03","date_gmt":"2018-11-04T14:43:03","guid":{"rendered":"http:\/\/www.eldiariodetucuman.com\/web\/la-sociedad-pide-a-gritos-que-haya-presos-por-la-plata-que-nos-han-robado\/"},"modified":"2018-11-04T11:43:05","modified_gmt":"2018-11-04T14:43:05","slug":"la-sociedad-pide-a-gritos-que-haya-presos-por-la-plata-que-nos-han-robado","status":"publish","type":"post","link":"https:\/\/www.eldiariodetucuman.com\/web\/la-sociedad-pide-a-gritos-que-haya-presos-por-la-plata-que-nos-han-robado\/","title":{"rendered":"\u00abLa sociedad pide a gritos que haya presos por la plata que nos han robado\u00bb"},"content":{"rendered":"<div>\n<div readability=\"68.451435552841\">\n<p>El <a href=\"https:\/\/www.elintransigente.com\/noticias\/buscar\/?buscar=fiscal+federal+Federico+Delgado\"><strong>fiscal federal Federico Delgado<\/strong><\/a> renov\u00f3 hoy sus cr\u00edticas sobre el accionar del <a href=\"https:\/\/www.elintransigente.com\/noticias\/buscar\/?buscar=Poder+Judicial\">Poder Judicial<\/a> y lo cierto es que no dud\u00f3 al sostener que en el pa\u00eds <strong>\u00abhay un proceso de desgaste de la Justicia desde hace mucho tiempo\u00bb<\/strong>. Seg\u00fan entiende, \u00abla palabra de los jueces y fiscales est\u00e1 desafiada en el sentido de que no les cree nadie\u00bb.\u00a0Tampoco pas\u00f3 por alto la causa de los cuadernos K ni la pol\u00e9mica de que algunos jueces no pagan Ganacias.\u00a0<\/p>\n<aside class=\"relacionadas con-foto\">\n<h5>Noticias Relacionadas<\/h5>\n<\/aside>\n<p>En el aire de Radio Con Vos, Delgado lanz\u00f3: <strong>\u00abEstamos viendo que la ley se ha despojado de todo contenido \u00e9tico y moral con lo cual, la ley pasa a ser un arma\u00bb<\/strong>. Acto seguido, el fiscal se\u00f1al\u00f3\u00a0que \u00abuno de los problemas m\u00e1s grandes que tiene la Justicia y muchas de las instituciones en la Argentina es que no son fuertes\u00bb.\u00a0<\/p>\n<aside class=\"htmlinline \"><!-- politica 2 300 x 250 imagen --><ins class=\"adsbygoogle\" data-ad-client=\"ca-pub-7781556717282971\" data-ad-slot=\"3120775563\"><\/ins><br \/>\n<\/aside>\n<p><strong>\u00abSon d\u00e9biles y si son d\u00e9biles se cuelan intereses particulares\u00bb<\/strong>, advirti\u00f3 este s\u00e1bado para luego sentenciar que todos los magistrados deben pagar el <strong>impuesto a las Ganancias<\/strong>. \u00abMe parece como regla principal que el salario no debe pagar (ese impuesto). Ahora si el salario paga Ganancias, las pagamos todos\u00a0por una cuesti\u00f3n de equidad\u00bb.\u00a0<\/p>\n<p>Siguiendo esa l\u00ednea, subray\u00f3 que no ve \u00abpor qu\u00e9 el juez y el fiscal no\u00bb deben pagar dicha carga. \u00abEs intolerable para la sociedad\u00bb, enfatiz\u00f3 al ser entrevistado en el ciclo Las Cosas Como Son. Cabe recordar que en la actualidad los jueces que fueron designados desde 2017 son los \u00fanicos que pagan el impuesto en cuesti\u00f3n.<\/p>\n<aside class=\"htmlinline \"><!-- politica 5 300 x 250 texto mas imagen --><ins class=\"adsbygoogle\" data-ad-client=\"ca-pub-7781556717282971\" data-ad-slot=\"3033145653\"><\/ins><br \/>\n<\/aside>\n<p>En este marco, dirigentes radicales se encargaron de presentar un proyecto de ley en el Palacio Legislativo con el objetivo de los jueces nombrados previo a 2007 paguen Ganancias. Cabe subrayar que la iniciativa imgresada al Congreso de la Naci\u00f3n cont\u00f3 con el respaldo de Germ\u00e1n Garavano, ministro de Justicia.\u00a0<\/p>\n<p>En otro tramo de la entrevista, Federico Delgado se col\u00f3 en la pol\u00e9mica causa por los cuadernos con detalles sobre el presunto pago de coimas por parte de empresarios a exfuncionarios a cambio de obra p\u00fablica durante el kirchnerismo.<strong> \u00abLa Justicia nuestra tiene los problemas que tiene de lejan\u00eda, de lo que tarda, pero la causa de los cuadernos es una oportunidad \u00fanica para reconciliar a los argentinos con la ley\u00bb<\/strong>, evalu\u00f3.\u00a0<\/p>\n<p>\u00abLa causa de los cuadernos tiene lo que no tiene ninguna, tiene los imputados diciendo &#8216;nosotros coimeamos&#8217;, eso es algo que no se ve jam\u00e1s y ten\u00e9s la mitad del trabajo resuelto\u00bb, sum\u00f3 al tiempo que se refiri\u00f3 al uso de la prisi\u00f3n preventiva. \u00abEst\u00e1 funcionando como una pena anticipada, porque la sociedad no tolera m\u00e1s la impunidad y pide a gritos que haya presos por la plata que nos han robado\u00bb, expres\u00f3 convencido.\u00a0<\/p>\n<p>Sin embargo, razon\u00f3 que<strong> \u00abla prisi\u00f3n preventiva es un mecanismo excepcional, hay que usarlo muy pocas veces, lo que hay que hacer es hacer juicios r\u00e1pidos, cortos, que se vean por TV\u00bb<\/strong>. As\u00ed, Delgado volvi\u00f3 a cargar contra el Poder\u00a0Judicial: \u00abLa respuesta de los jueces no llega y si llega, llega tarde, llega mal. Es uno de los grandes problemas, las causas cuando bajan la tensi\u00f3n medi\u00e1tica lamentablemente entran en un in pass y nunca m\u00e1s nadie sabe qu\u00e9 pas\u00f3\u00bb.<\/p>\n<\/div>\n<\/div>\n<p>Fuente: https:\/\/www.elintransigente.com\/politica\/2018\/11\/3\/la-sociedad-pide-gritos-que-haya-presos-por-la-plata-que-nos-han-robado-521302.html<\/p>\n","protected":false},"excerpt":{"rendered":"<p>El fiscal federal Federico Delgado renov\u00f3 hoy sus cr\u00edticas sobre el accionar del Poder Judicial y lo cierto es que no dud\u00f3 al sostener que en el pa\u00eds \u00abhay un proceso de desgaste de la Justicia desde hace mucho tiempo\u00bb. Seg\u00fan entiende, \u00abla palabra de los jueces y fiscales est\u00e1 desafiada en el sentido de [&hellip;]<\/p>\n","protected":false},"author":1,"featured_media":18923,"comment_status":"open","ping_status":"closed","sticky":false,"template":"","format":"standard","meta":{"footnotes":""},"categories":[1],"tags":[],"class_list":{"0":"post-18922","1":"post","2":"type-post","3":"status-publish","4":"format-standard","5":"has-post-thumbnail","7":"category-portada"},"yoast_head":"<!-- This site is optimized with the Yoast SEO plugin v27.4 - https:\/\/yoast.com\/product\/yoast-seo-wordpress\/ -->\n<title>&quot;La sociedad pide a gritos que haya presos por la plata que nos han robado&quot; - El Diario de Tucuman<\/title>\n<meta name=\"robots\" content=\"index, follow, max-snippet:-1, max-image-preview:large, max-video-preview:-1\" \/>\n<link rel=\"canonical\" href=\"https:\/\/www.eldiariodetucuman.com\/web\/la-sociedad-pide-a-gritos-que-haya-presos-por-la-plata-que-nos-han-robado\/\" \/>\n<meta property=\"og:locale\" content=\"es_ES\" \/>\n<meta property=\"og:type\" content=\"article\" \/>\n<meta property=\"og:title\" content=\"&quot;La sociedad pide a gritos que haya presos por la plata que nos han robado&quot; - El Diario de Tucuman\" \/>\n<meta property=\"og:description\" content=\"El fiscal federal Federico Delgado renov\u00f3 hoy sus cr\u00edticas sobre el accionar del Poder Judicial y lo cierto es que no dud\u00f3 al sostener que en el pa\u00eds \u00abhay un proceso de desgaste de la Justicia desde hace mucho tiempo\u00bb. Seg\u00fan entiende, \u00abla palabra de los jueces y fiscales est\u00e1 desafiada en el sentido de [&hellip;]\" \/>\n<meta property=\"og:url\" content=\"https:\/\/www.eldiariodetucuman.com\/web\/la-sociedad-pide-a-gritos-que-haya-presos-por-la-plata-que-nos-han-robado\/\" \/>\n<meta property=\"og:site_name\" content=\"El Diario de Tucuman\" \/>\n<meta property=\"article:published_time\" content=\"2018-11-04T14:43:03+00:00\" \/>\n<meta property=\"article:modified_time\" content=\"2018-11-04T14:43:05+00:00\" \/>\n<meta property=\"og:image\" content=\"https:\/\/www.eldiariodetucuman.com\/web\/wp-content\/uploads\/2018\/11\/bf6b3c78cd7ba9f5f020baee5f2675e0.jpeg\" \/>\n\t<meta property=\"og:image:width\" content=\"960\" \/>\n\t<meta property=\"og:image:height\" content=\"540\" \/>\n\t<meta property=\"og:image:type\" content=\"image\/jpeg\" \/>\n<meta name=\"author\" content=\"admin\" \/>\n<meta name=\"twitter:card\" content=\"summary_large_image\" \/>\n<meta name=\"twitter:label1\" content=\"Escrito por\" \/>\n\t<meta name=\"twitter:data1\" content=\"admin\" \/>\n\t<meta name=\"twitter:label2\" content=\"Tiempo de lectura\" \/>\n\t<meta name=\"twitter:data2\" content=\"3 minutos\" \/>\n<script type=\"application\/ld+json\" class=\"yoast-schema-graph\">{\"@context\":\"https:\\\/\\\/schema.org\",\"@graph\":[{\"@type\":\"Article\",\"@id\":\"https:\\\/\\\/www.eldiariodetucuman.com\\\/web\\\/la-sociedad-pide-a-gritos-que-haya-presos-por-la-plata-que-nos-han-robado\\\/#article\",\"isPartOf\":{\"@id\":\"https:\\\/\\\/www.eldiariodetucuman.com\\\/web\\\/la-sociedad-pide-a-gritos-que-haya-presos-por-la-plata-que-nos-han-robado\\\/\"},\"author\":{\"name\":\"admin\",\"@id\":\"https:\\\/\\\/www.eldiariodetucuman.com\\\/web\\\/#\\\/schema\\\/person\\\/9250197d75ab5483412e19678b121caa\"},\"headline\":\"\u00abLa sociedad pide a gritos que haya presos por la plata que nos han robado\u00bb\",\"datePublished\":\"2018-11-04T14:43:03+00:00\",\"dateModified\":\"2018-11-04T14:43:05+00:00\",\"mainEntityOfPage\":{\"@id\":\"https:\\\/\\\/www.eldiariodetucuman.com\\\/web\\\/la-sociedad-pide-a-gritos-que-haya-presos-por-la-plata-que-nos-han-robado\\\/\"},\"wordCount\":579,\"commentCount\":0,\"publisher\":{\"@id\":\"https:\\\/\\\/www.eldiariodetucuman.com\\\/web\\\/#organization\"},\"image\":{\"@id\":\"https:\\\/\\\/www.eldiariodetucuman.com\\\/web\\\/la-sociedad-pide-a-gritos-que-haya-presos-por-la-plata-que-nos-han-robado\\\/#primaryimage\"},\"thumbnailUrl\":\"https:\\\/\\\/www.eldiariodetucuman.com\\\/web\\\/wp-content\\\/uploads\\\/2018\\\/11\\\/bf6b3c78cd7ba9f5f020baee5f2675e0.jpeg\",\"articleSection\":[\"Portada\"],\"inLanguage\":\"es\",\"potentialAction\":[{\"@type\":\"CommentAction\",\"name\":\"Comment\",\"target\":[\"https:\\\/\\\/www.eldiariodetucuman.com\\\/web\\\/la-sociedad-pide-a-gritos-que-haya-presos-por-la-plata-que-nos-han-robado\\\/#respond\"]}]},{\"@type\":\"WebPage\",\"@id\":\"https:\\\/\\\/www.eldiariodetucuman.com\\\/web\\\/la-sociedad-pide-a-gritos-que-haya-presos-por-la-plata-que-nos-han-robado\\\/\",\"url\":\"https:\\\/\\\/www.eldiariodetucuman.com\\\/web\\\/la-sociedad-pide-a-gritos-que-haya-presos-por-la-plata-que-nos-han-robado\\\/\",\"name\":\"\\\"La sociedad pide a gritos que haya presos por la plata que nos han robado\\\" - El Diario de Tucuman\",\"isPartOf\":{\"@id\":\"https:\\\/\\\/www.eldiariodetucuman.com\\\/web\\\/#website\"},\"primaryImageOfPage\":{\"@id\":\"https:\\\/\\\/www.eldiariodetucuman.com\\\/web\\\/la-sociedad-pide-a-gritos-que-haya-presos-por-la-plata-que-nos-han-robado\\\/#primaryimage\"},\"image\":{\"@id\":\"https:\\\/\\\/www.eldiariodetucuman.com\\\/web\\\/la-sociedad-pide-a-gritos-que-haya-presos-por-la-plata-que-nos-han-robado\\\/#primaryimage\"},\"thumbnailUrl\":\"https:\\\/\\\/www.eldiariodetucuman.com\\\/web\\\/wp-content\\\/uploads\\\/2018\\\/11\\\/bf6b3c78cd7ba9f5f020baee5f2675e0.jpeg\",\"datePublished\":\"2018-11-04T14:43:03+00:00\",\"dateModified\":\"2018-11-04T14:43:05+00:00\",\"breadcrumb\":{\"@id\":\"https:\\\/\\\/www.eldiariodetucuman.com\\\/web\\\/la-sociedad-pide-a-gritos-que-haya-presos-por-la-plata-que-nos-han-robado\\\/#breadcrumb\"},\"inLanguage\":\"es\",\"potentialAction\":[{\"@type\":\"ReadAction\",\"target\":[\"https:\\\/\\\/www.eldiariodetucuman.com\\\/web\\\/la-sociedad-pide-a-gritos-que-haya-presos-por-la-plata-que-nos-han-robado\\\/\"]}]},{\"@type\":\"ImageObject\",\"inLanguage\":\"es\",\"@id\":\"https:\\\/\\\/www.eldiariodetucuman.com\\\/web\\\/la-sociedad-pide-a-gritos-que-haya-presos-por-la-plata-que-nos-han-robado\\\/#primaryimage\",\"url\":\"https:\\\/\\\/www.eldiariodetucuman.com\\\/web\\\/wp-content\\\/uploads\\\/2018\\\/11\\\/bf6b3c78cd7ba9f5f020baee5f2675e0.jpeg\",\"contentUrl\":\"https:\\\/\\\/www.eldiariodetucuman.com\\\/web\\\/wp-content\\\/uploads\\\/2018\\\/11\\\/bf6b3c78cd7ba9f5f020baee5f2675e0.jpeg\",\"width\":960,\"height\":540},{\"@type\":\"BreadcrumbList\",\"@id\":\"https:\\\/\\\/www.eldiariodetucuman.com\\\/web\\\/la-sociedad-pide-a-gritos-que-haya-presos-por-la-plata-que-nos-han-robado\\\/#breadcrumb\",\"itemListElement\":[{\"@type\":\"ListItem\",\"position\":1,\"name\":\"Portada\",\"item\":\"https:\\\/\\\/www.eldiariodetucuman.com\\\/web\\\/\"},{\"@type\":\"ListItem\",\"position\":2,\"name\":\"\u00abLa sociedad pide a gritos que haya presos por la plata que nos han robado\u00bb\"}]},{\"@type\":\"WebSite\",\"@id\":\"https:\\\/\\\/www.eldiariodetucuman.com\\\/web\\\/#website\",\"url\":\"https:\\\/\\\/www.eldiariodetucuman.com\\\/web\\\/\",\"name\":\"El Diario de Tucuman\",\"description\":\"Diario Tucuman - Informaci\u00f3n y noticias\",\"publisher\":{\"@id\":\"https:\\\/\\\/www.eldiariodetucuman.com\\\/web\\\/#organization\"},\"potentialAction\":[{\"@type\":\"SearchAction\",\"target\":{\"@type\":\"EntryPoint\",\"urlTemplate\":\"https:\\\/\\\/www.eldiariodetucuman.com\\\/web\\\/?s={search_term_string}\"},\"query-input\":{\"@type\":\"PropertyValueSpecification\",\"valueRequired\":true,\"valueName\":\"search_term_string\"}}],\"inLanguage\":\"es\"},{\"@type\":\"Organization\",\"@id\":\"https:\\\/\\\/www.eldiariodetucuman.com\\\/web\\\/#organization\",\"name\":\"El Diario de Tucuman\",\"url\":\"https:\\\/\\\/www.eldiariodetucuman.com\\\/web\\\/\",\"logo\":{\"@type\":\"ImageObject\",\"inLanguage\":\"es\",\"@id\":\"https:\\\/\\\/www.eldiariodetucuman.com\\\/web\\\/#\\\/schema\\\/logo\\\/image\\\/\",\"url\":\"http:\\\/\\\/www.eldiariodetucuman.com\\\/web\\\/wp-content\\\/uploads\\\/2017\\\/12\\\/el-diario-de-tucuman.jpg\",\"contentUrl\":\"http:\\\/\\\/www.eldiariodetucuman.com\\\/web\\\/wp-content\\\/uploads\\\/2017\\\/12\\\/el-diario-de-tucuman.jpg\",\"width\":272,\"height\":92,\"caption\":\"El Diario de Tucuman\"},\"image\":{\"@id\":\"https:\\\/\\\/www.eldiariodetucuman.com\\\/web\\\/#\\\/schema\\\/logo\\\/image\\\/\"}},{\"@type\":\"Person\",\"@id\":\"https:\\\/\\\/www.eldiariodetucuman.com\\\/web\\\/#\\\/schema\\\/person\\\/9250197d75ab5483412e19678b121caa\",\"name\":\"admin\",\"image\":{\"@type\":\"ImageObject\",\"inLanguage\":\"es\",\"@id\":\"https:\\\/\\\/secure.gravatar.com\\\/avatar\\\/c44d117c2be811212c22cb481f6b8384b6873de103fbc49e7a03cc58d7dea4ac?s=96&d=mm&r=g\",\"url\":\"https:\\\/\\\/secure.gravatar.com\\\/avatar\\\/c44d117c2be811212c22cb481f6b8384b6873de103fbc49e7a03cc58d7dea4ac?s=96&d=mm&r=g\",\"contentUrl\":\"https:\\\/\\\/secure.gravatar.com\\\/avatar\\\/c44d117c2be811212c22cb481f6b8384b6873de103fbc49e7a03cc58d7dea4ac?s=96&d=mm&r=g\",\"caption\":\"admin\"},\"url\":\"https:\\\/\\\/www.eldiariodetucuman.com\\\/web\\\/author\\\/admin\\\/\"}]}<\/script>\n<!-- \/ Yoast SEO plugin. -->","yoast_head_json":{"title":"\"La sociedad pide a gritos que haya presos por la plata que nos han robado\" - El Diario de Tucuman","robots":{"index":"index","follow":"follow","max-snippet":"max-snippet:-1","max-image-preview":"max-image-preview:large","max-video-preview":"max-video-preview:-1"},"canonical":"https:\/\/www.eldiariodetucuman.com\/web\/la-sociedad-pide-a-gritos-que-haya-presos-por-la-plata-que-nos-han-robado\/","og_locale":"es_ES","og_type":"article","og_title":"\"La sociedad pide a gritos que haya presos por la plata que nos han robado\" - El Diario de Tucuman","og_description":"El fiscal federal Federico Delgado renov\u00f3 hoy sus cr\u00edticas sobre el accionar del Poder Judicial y lo cierto es que no dud\u00f3 al sostener que en el pa\u00eds \u00abhay un proceso de desgaste de la Justicia desde hace mucho tiempo\u00bb. Seg\u00fan entiende, \u00abla palabra de los jueces y fiscales est\u00e1 desafiada en el sentido de [&hellip;]","og_url":"https:\/\/www.eldiariodetucuman.com\/web\/la-sociedad-pide-a-gritos-que-haya-presos-por-la-plata-que-nos-han-robado\/","og_site_name":"El Diario de Tucuman","article_published_time":"2018-11-04T14:43:03+00:00","article_modified_time":"2018-11-04T14:43:05+00:00","og_image":[{"width":960,"height":540,"url":"https:\/\/www.eldiariodetucuman.com\/web\/wp-content\/uploads\/2018\/11\/bf6b3c78cd7ba9f5f020baee5f2675e0.jpeg","type":"image\/jpeg"}],"author":"admin","twitter_card":"summary_large_image","twitter_misc":{"Escrito por":"admin","Tiempo de lectura":"3 minutos"},"schema":{"@context":"https:\/\/schema.org","@graph":[{"@type":"Article","@id":"https:\/\/www.eldiariodetucuman.com\/web\/la-sociedad-pide-a-gritos-que-haya-presos-por-la-plata-que-nos-han-robado\/#article","isPartOf":{"@id":"https:\/\/www.eldiariodetucuman.com\/web\/la-sociedad-pide-a-gritos-que-haya-presos-por-la-plata-que-nos-han-robado\/"},"author":{"name":"admin","@id":"https:\/\/www.eldiariodetucuman.com\/web\/#\/schema\/person\/9250197d75ab5483412e19678b121caa"},"headline":"\u00abLa sociedad pide a gritos que haya presos por la plata que nos han robado\u00bb","datePublished":"2018-11-04T14:43:03+00:00","dateModified":"2018-11-04T14:43:05+00:00","mainEntityOfPage":{"@id":"https:\/\/www.eldiariodetucuman.com\/web\/la-sociedad-pide-a-gritos-que-haya-presos-por-la-plata-que-nos-han-robado\/"},"wordCount":579,"commentCount":0,"publisher":{"@id":"https:\/\/www.eldiariodetucuman.com\/web\/#organization"},"image":{"@id":"https:\/\/www.eldiariodetucuman.com\/web\/la-sociedad-pide-a-gritos-que-haya-presos-por-la-plata-que-nos-han-robado\/#primaryimage"},"thumbnailUrl":"https:\/\/www.eldiariodetucuman.com\/web\/wp-content\/uploads\/2018\/11\/bf6b3c78cd7ba9f5f020baee5f2675e0.jpeg","articleSection":["Portada"],"inLanguage":"es","potentialAction":[{"@type":"CommentAction","name":"Comment","target":["https:\/\/www.eldiariodetucuman.com\/web\/la-sociedad-pide-a-gritos-que-haya-presos-por-la-plata-que-nos-han-robado\/#respond"]}]},{"@type":"WebPage","@id":"https:\/\/www.eldiariodetucuman.com\/web\/la-sociedad-pide-a-gritos-que-haya-presos-por-la-plata-que-nos-han-robado\/","url":"https:\/\/www.eldiariodetucuman.com\/web\/la-sociedad-pide-a-gritos-que-haya-presos-por-la-plata-que-nos-han-robado\/","name":"\"La sociedad pide a gritos que haya presos por la plata que nos han robado\" - El Diario de Tucuman","isPartOf":{"@id":"https:\/\/www.eldiariodetucuman.com\/web\/#website"},"primaryImageOfPage":{"@id":"https:\/\/www.eldiariodetucuman.com\/web\/la-sociedad-pide-a-gritos-que-haya-presos-por-la-plata-que-nos-han-robado\/#primaryimage"},"image":{"@id":"https:\/\/www.eldiariodetucuman.com\/web\/la-sociedad-pide-a-gritos-que-haya-presos-por-la-plata-que-nos-han-robado\/#primaryimage"},"thumbnailUrl":"https:\/\/www.eldiariodetucuman.com\/web\/wp-content\/uploads\/2018\/11\/bf6b3c78cd7ba9f5f020baee5f2675e0.jpeg","datePublished":"2018-11-04T14:43:03+00:00","dateModified":"2018-11-04T14:43:05+00:00","breadcrumb":{"@id":"https:\/\/www.eldiariodetucuman.com\/web\/la-sociedad-pide-a-gritos-que-haya-presos-por-la-plata-que-nos-han-robado\/#breadcrumb"},"inLanguage":"es","potentialAction":[{"@type":"ReadAction","target":["https:\/\/www.eldiariodetucuman.com\/web\/la-sociedad-pide-a-gritos-que-haya-presos-por-la-plata-que-nos-han-robado\/"]}]},{"@type":"ImageObject","inLanguage":"es","@id":"https:\/\/www.eldiariodetucuman.com\/web\/la-sociedad-pide-a-gritos-que-haya-presos-por-la-plata-que-nos-han-robado\/#primaryimage","url":"https:\/\/www.eldiariodetucuman.com\/web\/wp-content\/uploads\/2018\/11\/bf6b3c78cd7ba9f5f020baee5f2675e0.jpeg","contentUrl":"https:\/\/www.eldiariodetucuman.com\/web\/wp-content\/uploads\/2018\/11\/bf6b3c78cd7ba9f5f020baee5f2675e0.jpeg","width":960,"height":540},{"@type":"BreadcrumbList","@id":"https:\/\/www.eldiariodetucuman.com\/web\/la-sociedad-pide-a-gritos-que-haya-presos-por-la-plata-que-nos-han-robado\/#breadcrumb","itemListElement":[{"@type":"ListItem","position":1,"name":"Portada","item":"https:\/\/www.eldiariodetucuman.com\/web\/"},{"@type":"ListItem","position":2,"name":"\u00abLa sociedad pide a gritos que haya presos por la plata que nos han robado\u00bb"}]},{"@type":"WebSite","@id":"https:\/\/www.eldiariodetucuman.com\/web\/#website","url":"https:\/\/www.eldiariodetucuman.com\/web\/","name":"El Diario de Tucuman","description":"Diario Tucuman - Informaci\u00f3n y noticias","publisher":{"@id":"https:\/\/www.eldiariodetucuman.com\/web\/#organization"},"potentialAction":[{"@type":"SearchAction","target":{"@type":"EntryPoint","urlTemplate":"https:\/\/www.eldiariodetucuman.com\/web\/?s={search_term_string}"},"query-input":{"@type":"PropertyValueSpecification","valueRequired":true,"valueName":"search_term_string"}}],"inLanguage":"es"},{"@type":"Organization","@id":"https:\/\/www.eldiariodetucuman.com\/web\/#organization","name":"El Diario de Tucuman","url":"https:\/\/www.eldiariodetucuman.com\/web\/","logo":{"@type":"ImageObject","inLanguage":"es","@id":"https:\/\/www.eldiariodetucuman.com\/web\/#\/schema\/logo\/image\/","url":"http:\/\/www.eldiariodetucuman.com\/web\/wp-content\/uploads\/2017\/12\/el-diario-de-tucuman.jpg","contentUrl":"http:\/\/www.eldiariodetucuman.com\/web\/wp-content\/uploads\/2017\/12\/el-diario-de-tucuman.jpg","width":272,"height":92,"caption":"El Diario de Tucuman"},"image":{"@id":"https:\/\/www.eldiariodetucuman.com\/web\/#\/schema\/logo\/image\/"}},{"@type":"Person","@id":"https:\/\/www.eldiariodetucuman.com\/web\/#\/schema\/person\/9250197d75ab5483412e19678b121caa","name":"admin","image":{"@type":"ImageObject","inLanguage":"es","@id":"https:\/\/secure.gravatar.com\/avatar\/c44d117c2be811212c22cb481f6b8384b6873de103fbc49e7a03cc58d7dea4ac?s=96&d=mm&r=g","url":"https:\/\/secure.gravatar.com\/avatar\/c44d117c2be811212c22cb481f6b8384b6873de103fbc49e7a03cc58d7dea4ac?s=96&d=mm&r=g","contentUrl":"https:\/\/secure.gravatar.com\/avatar\/c44d117c2be811212c22cb481f6b8384b6873de103fbc49e7a03cc58d7dea4ac?s=96&d=mm&r=g","caption":"admin"},"url":"https:\/\/www.eldiariodetucuman.com\/web\/author\/admin\/"}]}},"_links":{"self":[{"href":"https:\/\/www.eldiariodetucuman.com\/web\/wp-json\/wp\/v2\/posts\/18922","targetHints":{"allow":["GET"]}}],"collection":[{"href":"https:\/\/www.eldiariodetucuman.com\/web\/wp-json\/wp\/v2\/posts"}],"about":[{"href":"https:\/\/www.eldiariodetucuman.com\/web\/wp-json\/wp\/v2\/types\/post"}],"author":[{"embeddable":true,"href":"https:\/\/www.eldiariodetucuman.com\/web\/wp-json\/wp\/v2\/users\/1"}],"replies":[{"embeddable":true,"href":"https:\/\/www.eldiariodetucuman.com\/web\/wp-json\/wp\/v2\/comments?post=18922"}],"version-history":[{"count":1,"href":"https:\/\/www.eldiariodetucuman.com\/web\/wp-json\/wp\/v2\/posts\/18922\/revisions"}],"predecessor-version":[{"id":18924,"href":"https:\/\/www.eldiariodetucuman.com\/web\/wp-json\/wp\/v2\/posts\/18922\/revisions\/18924"}],"wp:featuredmedia":[{"embeddable":true,"href":"https:\/\/www.eldiariodetucuman.com\/web\/wp-json\/wp\/v2\/media\/18923"}],"wp:attachment":[{"href":"https:\/\/www.eldiariodetucuman.com\/web\/wp-json\/wp\/v2\/media?parent=18922"}],"wp:term":[{"taxonomy":"category","embeddable":true,"href":"https:\/\/www.eldiariodetucuman.com\/web\/wp-json\/wp\/v2\/categories?post=18922"},{"taxonomy":"post_tag","embeddable":true,"href":"https:\/\/www.eldiariodetucuman.com\/web\/wp-json\/wp\/v2\/tags?post=18922"}],"curies":[{"name":"wp","href":"https:\/\/api.w.org\/{rel}","templated":true}]}}