{"id":18920,"date":"2018-11-03T12:50:52","date_gmt":"2018-11-03T15:50:52","guid":{"rendered":"http:\/\/www.eldiariodetucuman.com\/web\/encontraron-cuerpos-de-pasajeros-abrochados-a-sus-asientos-en-el-fondo-del-mar\/"},"modified":"2018-11-03T12:50:52","modified_gmt":"2018-11-03T15:50:52","slug":"encontraron-cuerpos-de-pasajeros-abrochados-a-sus-asientos-en-el-fondo-del-mar","status":"publish","type":"post","link":"https:\/\/www.eldiariodetucuman.com\/web\/encontraron-cuerpos-de-pasajeros-abrochados-a-sus-asientos-en-el-fondo-del-mar\/","title":{"rendered":"Encontraron cuerpos de pasajeros abrochados a sus asientos en el fondo del mar"},"content":{"rendered":"<div>\n<div itemprop=\"articleBody\" readability=\"52.8675\">\n<p>Buzos de   <a href=\"https:\/\/www.cronica.com.ar\/tags\/Indonesia\">Indonesia<\/a> revelaron que encontraron cad\u00e1veres entre trozos de metal retorcidos y piezas de fuselaje del Boeing 737\u00a0estrellado\u00a0en el lecho del mar de Java.\u00a0El accidente a\u00e9reo fue protagonizado por una nave de Lion Air y los pasajeros fueron encontrados abrochados\u00a0a sus asientos en el fondo del oc\u00e9ano.<\/p>\n<p>Por el momento localizaron m\u00faltiples\u00a0piezas peque\u00f1as de la aeronave. Tambi\u00e9n fue\u00a0descubierta\u00a0parte del tren de aterrizaje pero las esperanzas de encontrar grandes secciones del avi\u00f3n son m\u00ednimas.<\/p>\n<p><em>LE\u00c9 TAMBI\u00c9N:\u00a0<\/em><em><a href=\"https:\/\/www.cronica.com.ar\/mundo\/Un-avion-se-estrello-en-%20%20<a%20href='https:\/\/www.cronica.com.ar\/tags\/Indonesia'>Indonesia<\/a>-con-188-personas-a-bordo-20181029-0004.html\u00bb target=\u00bb_blank\u00bb><span><strong><span>Un avi\u00f3n se estrell\u00f3 en   <a href=\"https:\/\/www.cronica.com.ar\/tags\/Indonesia\">Indonesia<\/a> con 188 personas a bordo<\/span><\/strong><\/span><\/a><\/em><\/p>\n<p>Las autoridades indonesias desplegaron buzos, barcos de b\u00fasqueda y rescate, cuatro detectores de sonar y una baliza ac\u00fastica submarina en una operaci\u00f3n de rastrillaje. Los equipos encontraron una de las cajas negras entre los restos del Boeing 737, que revelar\u00eda la causa del accidente.<\/p>\n<p>Cada avi\u00f3n cuenta con dos cajas negras, una de las cuales registra las voces en la cabina y la otra los datos de seguimiento del vuelo.<\/p>\n<p>El subjefe del Comit\u00e9 de seguridad de transporte de   <a href=\"https:\/\/www.cronica.com.ar\/tags\/Indonesia\">Indonesia<\/a>, <strong>Haryo Satmiko<\/strong>,<strong> <\/strong>afirm\u00f3 que los expertos estaban descargando los datos almacenados en la caja negra.<\/p>\n<p><b><i><u>Los restos<\/u><\/i><\/b><br \/>\u00a0<\/p>\n<p>\n <iframe loading=\"lazy\" allow=\"accelerometer; autoplay; encrypted-media; gyroscope; picture-in-picture\" allowfullscreen=\"\" frameborder=\"0\" height=\"315\" src=\"https:\/\/www.youtube.com\/embed\/so298yJpA3k\" width=\"560\"><\/iframe><br \/>\n <span class=\"item first\"><\/span><br \/>\n <span class=\"item second\"><\/span><br \/>\n <span class=\"item third\"><\/span>\n<\/p>\n<p>\u00a0<\/p>\n<\/div>\n<\/div>\n","protected":false},"excerpt":{"rendered":"<p>Buzos de Indonesia revelaron que encontraron cad\u00e1veres entre trozos de metal retorcidos y piezas de fuselaje del Boeing 737\u00a0estrellado\u00a0en el lecho del mar de Java.\u00a0El accidente a\u00e9reo fue protagonizado por una nave de Lion Air y los pasajeros fueron encontrados abrochados\u00a0a sus asientos en el fondo del oc\u00e9ano. Por el momento localizaron m\u00faltiples\u00a0piezas peque\u00f1as de [&hellip;]<\/p>\n","protected":false},"author":4,"featured_media":18921,"comment_status":"open","ping_status":"closed","sticky":false,"template":"","format":"standard","meta":{"footnotes":""},"categories":[194],"tags":[],"class_list":{"0":"post-18920","1":"post","2":"type-post","3":"status-publish","4":"format-standard","5":"has-post-thumbnail","7":"category-internacionales"},"yoast_head":"<!-- This site is optimized with the Yoast SEO plugin v27.4 - https:\/\/yoast.com\/product\/yoast-seo-wordpress\/ -->\n<title>Encontraron cuerpos de pasajeros abrochados a sus asientos en el fondo del mar - El Diario de Tucuman<\/title>\n<meta name=\"robots\" content=\"index, follow, max-snippet:-1, max-image-preview:large, max-video-preview:-1\" \/>\n<link rel=\"canonical\" href=\"https:\/\/www.eldiariodetucuman.com\/web\/encontraron-cuerpos-de-pasajeros-abrochados-a-sus-asientos-en-el-fondo-del-mar\/\" \/>\n<meta property=\"og:locale\" content=\"es_ES\" \/>\n<meta property=\"og:type\" content=\"article\" \/>\n<meta property=\"og:title\" content=\"Encontraron cuerpos de pasajeros abrochados a sus asientos en el fondo del mar - El Diario de Tucuman\" \/>\n<meta property=\"og:description\" content=\"Buzos de Indonesia revelaron que encontraron cad\u00e1veres entre trozos de metal retorcidos y piezas de fuselaje del Boeing 737\u00a0estrellado\u00a0en el lecho del mar de Java.\u00a0El accidente a\u00e9reo fue protagonizado por una nave de Lion Air y los pasajeros fueron encontrados abrochados\u00a0a sus asientos en el fondo del oc\u00e9ano. Por el momento localizaron m\u00faltiples\u00a0piezas peque\u00f1as de [&hellip;]\" \/>\n<meta property=\"og:url\" content=\"https:\/\/www.eldiariodetucuman.com\/web\/encontraron-cuerpos-de-pasajeros-abrochados-a-sus-asientos-en-el-fondo-del-mar\/\" \/>\n<meta property=\"og:site_name\" content=\"El Diario de Tucuman\" \/>\n<meta property=\"article:published_time\" content=\"2018-11-03T15:50:52+00:00\" \/>\n<meta property=\"og:image\" content=\"https:\/\/www.eldiariodetucuman.com\/web\/wp-content\/uploads\/2018\/11\/daca5766d05d9184223be5f5c2c4561b.jpeg\" \/>\n\t<meta property=\"og:image:width\" content=\"970\" \/>\n\t<meta property=\"og:image:height\" content=\"546\" \/>\n\t<meta property=\"og:image:type\" content=\"image\/jpeg\" \/>\n<meta name=\"author\" content=\"eldiario detucuman\" \/>\n<meta name=\"twitter:card\" content=\"summary_large_image\" \/>\n<meta name=\"twitter:label1\" content=\"Escrito por\" \/>\n\t<meta name=\"twitter:data1\" content=\"eldiario detucuman\" \/>\n\t<meta name=\"twitter:label2\" content=\"Tiempo de lectura\" \/>\n\t<meta name=\"twitter:data2\" content=\"1 minuto\" \/>\n<script type=\"application\/ld+json\" class=\"yoast-schema-graph\">{\"@context\":\"https:\\\/\\\/schema.org\",\"@graph\":[{\"@type\":\"Article\",\"@id\":\"https:\\\/\\\/www.eldiariodetucuman.com\\\/web\\\/encontraron-cuerpos-de-pasajeros-abrochados-a-sus-asientos-en-el-fondo-del-mar\\\/#article\",\"isPartOf\":{\"@id\":\"https:\\\/\\\/www.eldiariodetucuman.com\\\/web\\\/encontraron-cuerpos-de-pasajeros-abrochados-a-sus-asientos-en-el-fondo-del-mar\\\/\"},\"author\":{\"name\":\"eldiario detucuman\",\"@id\":\"https:\\\/\\\/www.eldiariodetucuman.com\\\/web\\\/#\\\/schema\\\/person\\\/6f95946e54fde848b878ffa4928071d5\"},\"headline\":\"Encontraron cuerpos de pasajeros abrochados a sus asientos en el fondo del mar\",\"datePublished\":\"2018-11-03T15:50:52+00:00\",\"mainEntityOfPage\":{\"@id\":\"https:\\\/\\\/www.eldiariodetucuman.com\\\/web\\\/encontraron-cuerpos-de-pasajeros-abrochados-a-sus-asientos-en-el-fondo-del-mar\\\/\"},\"wordCount\":216,\"commentCount\":0,\"publisher\":{\"@id\":\"https:\\\/\\\/www.eldiariodetucuman.com\\\/web\\\/#organization\"},\"image\":{\"@id\":\"https:\\\/\\\/www.eldiariodetucuman.com\\\/web\\\/encontraron-cuerpos-de-pasajeros-abrochados-a-sus-asientos-en-el-fondo-del-mar\\\/#primaryimage\"},\"thumbnailUrl\":\"https:\\\/\\\/www.eldiariodetucuman.com\\\/web\\\/wp-content\\\/uploads\\\/2018\\\/11\\\/daca5766d05d9184223be5f5c2c4561b.jpeg\",\"articleSection\":[\"Internacionales\"],\"inLanguage\":\"es\",\"potentialAction\":[{\"@type\":\"CommentAction\",\"name\":\"Comment\",\"target\":[\"https:\\\/\\\/www.eldiariodetucuman.com\\\/web\\\/encontraron-cuerpos-de-pasajeros-abrochados-a-sus-asientos-en-el-fondo-del-mar\\\/#respond\"]}]},{\"@type\":\"WebPage\",\"@id\":\"https:\\\/\\\/www.eldiariodetucuman.com\\\/web\\\/encontraron-cuerpos-de-pasajeros-abrochados-a-sus-asientos-en-el-fondo-del-mar\\\/\",\"url\":\"https:\\\/\\\/www.eldiariodetucuman.com\\\/web\\\/encontraron-cuerpos-de-pasajeros-abrochados-a-sus-asientos-en-el-fondo-del-mar\\\/\",\"name\":\"Encontraron cuerpos de pasajeros abrochados a sus asientos en el fondo del mar - El Diario de Tucuman\",\"isPartOf\":{\"@id\":\"https:\\\/\\\/www.eldiariodetucuman.com\\\/web\\\/#website\"},\"primaryImageOfPage\":{\"@id\":\"https:\\\/\\\/www.eldiariodetucuman.com\\\/web\\\/encontraron-cuerpos-de-pasajeros-abrochados-a-sus-asientos-en-el-fondo-del-mar\\\/#primaryimage\"},\"image\":{\"@id\":\"https:\\\/\\\/www.eldiariodetucuman.com\\\/web\\\/encontraron-cuerpos-de-pasajeros-abrochados-a-sus-asientos-en-el-fondo-del-mar\\\/#primaryimage\"},\"thumbnailUrl\":\"https:\\\/\\\/www.eldiariodetucuman.com\\\/web\\\/wp-content\\\/uploads\\\/2018\\\/11\\\/daca5766d05d9184223be5f5c2c4561b.jpeg\",\"datePublished\":\"2018-11-03T15:50:52+00:00\",\"breadcrumb\":{\"@id\":\"https:\\\/\\\/www.eldiariodetucuman.com\\\/web\\\/encontraron-cuerpos-de-pasajeros-abrochados-a-sus-asientos-en-el-fondo-del-mar\\\/#breadcrumb\"},\"inLanguage\":\"es\",\"potentialAction\":[{\"@type\":\"ReadAction\",\"target\":[\"https:\\\/\\\/www.eldiariodetucuman.com\\\/web\\\/encontraron-cuerpos-de-pasajeros-abrochados-a-sus-asientos-en-el-fondo-del-mar\\\/\"]}]},{\"@type\":\"ImageObject\",\"inLanguage\":\"es\",\"@id\":\"https:\\\/\\\/www.eldiariodetucuman.com\\\/web\\\/encontraron-cuerpos-de-pasajeros-abrochados-a-sus-asientos-en-el-fondo-del-mar\\\/#primaryimage\",\"url\":\"https:\\\/\\\/www.eldiariodetucuman.com\\\/web\\\/wp-content\\\/uploads\\\/2018\\\/11\\\/daca5766d05d9184223be5f5c2c4561b.jpeg\",\"contentUrl\":\"https:\\\/\\\/www.eldiariodetucuman.com\\\/web\\\/wp-content\\\/uploads\\\/2018\\\/11\\\/daca5766d05d9184223be5f5c2c4561b.jpeg\",\"width\":970,\"height\":546},{\"@type\":\"BreadcrumbList\",\"@id\":\"https:\\\/\\\/www.eldiariodetucuman.com\\\/web\\\/encontraron-cuerpos-de-pasajeros-abrochados-a-sus-asientos-en-el-fondo-del-mar\\\/#breadcrumb\",\"itemListElement\":[{\"@type\":\"ListItem\",\"position\":1,\"name\":\"Portada\",\"item\":\"https:\\\/\\\/www.eldiariodetucuman.com\\\/web\\\/\"},{\"@type\":\"ListItem\",\"position\":2,\"name\":\"Encontraron cuerpos de pasajeros abrochados a sus asientos en el fondo del mar\"}]},{\"@type\":\"WebSite\",\"@id\":\"https:\\\/\\\/www.eldiariodetucuman.com\\\/web\\\/#website\",\"url\":\"https:\\\/\\\/www.eldiariodetucuman.com\\\/web\\\/\",\"name\":\"El Diario de Tucuman\",\"description\":\"Diario Tucuman - Informaci\u00f3n y noticias\",\"publisher\":{\"@id\":\"https:\\\/\\\/www.eldiariodetucuman.com\\\/web\\\/#organization\"},\"potentialAction\":[{\"@type\":\"SearchAction\",\"target\":{\"@type\":\"EntryPoint\",\"urlTemplate\":\"https:\\\/\\\/www.eldiariodetucuman.com\\\/web\\\/?s={search_term_string}\"},\"query-input\":{\"@type\":\"PropertyValueSpecification\",\"valueRequired\":true,\"valueName\":\"search_term_string\"}}],\"inLanguage\":\"es\"},{\"@type\":\"Organization\",\"@id\":\"https:\\\/\\\/www.eldiariodetucuman.com\\\/web\\\/#organization\",\"name\":\"El Diario de Tucuman\",\"url\":\"https:\\\/\\\/www.eldiariodetucuman.com\\\/web\\\/\",\"logo\":{\"@type\":\"ImageObject\",\"inLanguage\":\"es\",\"@id\":\"https:\\\/\\\/www.eldiariodetucuman.com\\\/web\\\/#\\\/schema\\\/logo\\\/image\\\/\",\"url\":\"http:\\\/\\\/www.eldiariodetucuman.com\\\/web\\\/wp-content\\\/uploads\\\/2017\\\/12\\\/el-diario-de-tucuman.jpg\",\"contentUrl\":\"http:\\\/\\\/www.eldiariodetucuman.com\\\/web\\\/wp-content\\\/uploads\\\/2017\\\/12\\\/el-diario-de-tucuman.jpg\",\"width\":272,\"height\":92,\"caption\":\"El Diario de Tucuman\"},\"image\":{\"@id\":\"https:\\\/\\\/www.eldiariodetucuman.com\\\/web\\\/#\\\/schema\\\/logo\\\/image\\\/\"}},{\"@type\":\"Person\",\"@id\":\"https:\\\/\\\/www.eldiariodetucuman.com\\\/web\\\/#\\\/schema\\\/person\\\/6f95946e54fde848b878ffa4928071d5\",\"name\":\"eldiario detucuman\",\"image\":{\"@type\":\"ImageObject\",\"inLanguage\":\"es\",\"@id\":\"https:\\\/\\\/secure.gravatar.com\\\/avatar\\\/b6e1f89c5c4044c4962c8e6c20b1ca2cc99f549c965908afd4ec5308b3f51bfe?s=96&d=mm&r=g\",\"url\":\"https:\\\/\\\/secure.gravatar.com\\\/avatar\\\/b6e1f89c5c4044c4962c8e6c20b1ca2cc99f549c965908afd4ec5308b3f51bfe?s=96&d=mm&r=g\",\"contentUrl\":\"https:\\\/\\\/secure.gravatar.com\\\/avatar\\\/b6e1f89c5c4044c4962c8e6c20b1ca2cc99f549c965908afd4ec5308b3f51bfe?s=96&d=mm&r=g\",\"caption\":\"eldiario detucuman\"},\"url\":\"https:\\\/\\\/www.eldiariodetucuman.com\\\/web\\\/author\\\/eldiariodetucuman\\\/\"}]}<\/script>\n<!-- \/ Yoast SEO plugin. -->","yoast_head_json":{"title":"Encontraron cuerpos de pasajeros abrochados a sus asientos en el fondo del mar - El Diario de Tucuman","robots":{"index":"index","follow":"follow","max-snippet":"max-snippet:-1","max-image-preview":"max-image-preview:large","max-video-preview":"max-video-preview:-1"},"canonical":"https:\/\/www.eldiariodetucuman.com\/web\/encontraron-cuerpos-de-pasajeros-abrochados-a-sus-asientos-en-el-fondo-del-mar\/","og_locale":"es_ES","og_type":"article","og_title":"Encontraron cuerpos de pasajeros abrochados a sus asientos en el fondo del mar - El Diario de Tucuman","og_description":"Buzos de Indonesia revelaron que encontraron cad\u00e1veres entre trozos de metal retorcidos y piezas de fuselaje del Boeing 737\u00a0estrellado\u00a0en el lecho del mar de Java.\u00a0El accidente a\u00e9reo fue protagonizado por una nave de Lion Air y los pasajeros fueron encontrados abrochados\u00a0a sus asientos en el fondo del oc\u00e9ano. Por el momento localizaron m\u00faltiples\u00a0piezas peque\u00f1as de [&hellip;]","og_url":"https:\/\/www.eldiariodetucuman.com\/web\/encontraron-cuerpos-de-pasajeros-abrochados-a-sus-asientos-en-el-fondo-del-mar\/","og_site_name":"El Diario de Tucuman","article_published_time":"2018-11-03T15:50:52+00:00","og_image":[{"width":970,"height":546,"url":"https:\/\/www.eldiariodetucuman.com\/web\/wp-content\/uploads\/2018\/11\/daca5766d05d9184223be5f5c2c4561b.jpeg","type":"image\/jpeg"}],"author":"eldiario detucuman","twitter_card":"summary_large_image","twitter_misc":{"Escrito por":"eldiario detucuman","Tiempo de lectura":"1 minuto"},"schema":{"@context":"https:\/\/schema.org","@graph":[{"@type":"Article","@id":"https:\/\/www.eldiariodetucuman.com\/web\/encontraron-cuerpos-de-pasajeros-abrochados-a-sus-asientos-en-el-fondo-del-mar\/#article","isPartOf":{"@id":"https:\/\/www.eldiariodetucuman.com\/web\/encontraron-cuerpos-de-pasajeros-abrochados-a-sus-asientos-en-el-fondo-del-mar\/"},"author":{"name":"eldiario detucuman","@id":"https:\/\/www.eldiariodetucuman.com\/web\/#\/schema\/person\/6f95946e54fde848b878ffa4928071d5"},"headline":"Encontraron cuerpos de pasajeros abrochados a sus asientos en el fondo del mar","datePublished":"2018-11-03T15:50:52+00:00","mainEntityOfPage":{"@id":"https:\/\/www.eldiariodetucuman.com\/web\/encontraron-cuerpos-de-pasajeros-abrochados-a-sus-asientos-en-el-fondo-del-mar\/"},"wordCount":216,"commentCount":0,"publisher":{"@id":"https:\/\/www.eldiariodetucuman.com\/web\/#organization"},"image":{"@id":"https:\/\/www.eldiariodetucuman.com\/web\/encontraron-cuerpos-de-pasajeros-abrochados-a-sus-asientos-en-el-fondo-del-mar\/#primaryimage"},"thumbnailUrl":"https:\/\/www.eldiariodetucuman.com\/web\/wp-content\/uploads\/2018\/11\/daca5766d05d9184223be5f5c2c4561b.jpeg","articleSection":["Internacionales"],"inLanguage":"es","potentialAction":[{"@type":"CommentAction","name":"Comment","target":["https:\/\/www.eldiariodetucuman.com\/web\/encontraron-cuerpos-de-pasajeros-abrochados-a-sus-asientos-en-el-fondo-del-mar\/#respond"]}]},{"@type":"WebPage","@id":"https:\/\/www.eldiariodetucuman.com\/web\/encontraron-cuerpos-de-pasajeros-abrochados-a-sus-asientos-en-el-fondo-del-mar\/","url":"https:\/\/www.eldiariodetucuman.com\/web\/encontraron-cuerpos-de-pasajeros-abrochados-a-sus-asientos-en-el-fondo-del-mar\/","name":"Encontraron cuerpos de pasajeros abrochados a sus asientos en el fondo del mar - El Diario de Tucuman","isPartOf":{"@id":"https:\/\/www.eldiariodetucuman.com\/web\/#website"},"primaryImageOfPage":{"@id":"https:\/\/www.eldiariodetucuman.com\/web\/encontraron-cuerpos-de-pasajeros-abrochados-a-sus-asientos-en-el-fondo-del-mar\/#primaryimage"},"image":{"@id":"https:\/\/www.eldiariodetucuman.com\/web\/encontraron-cuerpos-de-pasajeros-abrochados-a-sus-asientos-en-el-fondo-del-mar\/#primaryimage"},"thumbnailUrl":"https:\/\/www.eldiariodetucuman.com\/web\/wp-content\/uploads\/2018\/11\/daca5766d05d9184223be5f5c2c4561b.jpeg","datePublished":"2018-11-03T15:50:52+00:00","breadcrumb":{"@id":"https:\/\/www.eldiariodetucuman.com\/web\/encontraron-cuerpos-de-pasajeros-abrochados-a-sus-asientos-en-el-fondo-del-mar\/#breadcrumb"},"inLanguage":"es","potentialAction":[{"@type":"ReadAction","target":["https:\/\/www.eldiariodetucuman.com\/web\/encontraron-cuerpos-de-pasajeros-abrochados-a-sus-asientos-en-el-fondo-del-mar\/"]}]},{"@type":"ImageObject","inLanguage":"es","@id":"https:\/\/www.eldiariodetucuman.com\/web\/encontraron-cuerpos-de-pasajeros-abrochados-a-sus-asientos-en-el-fondo-del-mar\/#primaryimage","url":"https:\/\/www.eldiariodetucuman.com\/web\/wp-content\/uploads\/2018\/11\/daca5766d05d9184223be5f5c2c4561b.jpeg","contentUrl":"https:\/\/www.eldiariodetucuman.com\/web\/wp-content\/uploads\/2018\/11\/daca5766d05d9184223be5f5c2c4561b.jpeg","width":970,"height":546},{"@type":"BreadcrumbList","@id":"https:\/\/www.eldiariodetucuman.com\/web\/encontraron-cuerpos-de-pasajeros-abrochados-a-sus-asientos-en-el-fondo-del-mar\/#breadcrumb","itemListElement":[{"@type":"ListItem","position":1,"name":"Portada","item":"https:\/\/www.eldiariodetucuman.com\/web\/"},{"@type":"ListItem","position":2,"name":"Encontraron cuerpos de pasajeros abrochados a sus asientos en el fondo del mar"}]},{"@type":"WebSite","@id":"https:\/\/www.eldiariodetucuman.com\/web\/#website","url":"https:\/\/www.eldiariodetucuman.com\/web\/","name":"El Diario de Tucuman","description":"Diario Tucuman - Informaci\u00f3n y noticias","publisher":{"@id":"https:\/\/www.eldiariodetucuman.com\/web\/#organization"},"potentialAction":[{"@type":"SearchAction","target":{"@type":"EntryPoint","urlTemplate":"https:\/\/www.eldiariodetucuman.com\/web\/?s={search_term_string}"},"query-input":{"@type":"PropertyValueSpecification","valueRequired":true,"valueName":"search_term_string"}}],"inLanguage":"es"},{"@type":"Organization","@id":"https:\/\/www.eldiariodetucuman.com\/web\/#organization","name":"El Diario de Tucuman","url":"https:\/\/www.eldiariodetucuman.com\/web\/","logo":{"@type":"ImageObject","inLanguage":"es","@id":"https:\/\/www.eldiariodetucuman.com\/web\/#\/schema\/logo\/image\/","url":"http:\/\/www.eldiariodetucuman.com\/web\/wp-content\/uploads\/2017\/12\/el-diario-de-tucuman.jpg","contentUrl":"http:\/\/www.eldiariodetucuman.com\/web\/wp-content\/uploads\/2017\/12\/el-diario-de-tucuman.jpg","width":272,"height":92,"caption":"El Diario de Tucuman"},"image":{"@id":"https:\/\/www.eldiariodetucuman.com\/web\/#\/schema\/logo\/image\/"}},{"@type":"Person","@id":"https:\/\/www.eldiariodetucuman.com\/web\/#\/schema\/person\/6f95946e54fde848b878ffa4928071d5","name":"eldiario detucuman","image":{"@type":"ImageObject","inLanguage":"es","@id":"https:\/\/secure.gravatar.com\/avatar\/b6e1f89c5c4044c4962c8e6c20b1ca2cc99f549c965908afd4ec5308b3f51bfe?s=96&d=mm&r=g","url":"https:\/\/secure.gravatar.com\/avatar\/b6e1f89c5c4044c4962c8e6c20b1ca2cc99f549c965908afd4ec5308b3f51bfe?s=96&d=mm&r=g","contentUrl":"https:\/\/secure.gravatar.com\/avatar\/b6e1f89c5c4044c4962c8e6c20b1ca2cc99f549c965908afd4ec5308b3f51bfe?s=96&d=mm&r=g","caption":"eldiario detucuman"},"url":"https:\/\/www.eldiariodetucuman.com\/web\/author\/eldiariodetucuman\/"}]}},"_links":{"self":[{"href":"https:\/\/www.eldiariodetucuman.com\/web\/wp-json\/wp\/v2\/posts\/18920","targetHints":{"allow":["GET"]}}],"collection":[{"href":"https:\/\/www.eldiariodetucuman.com\/web\/wp-json\/wp\/v2\/posts"}],"about":[{"href":"https:\/\/www.eldiariodetucuman.com\/web\/wp-json\/wp\/v2\/types\/post"}],"author":[{"embeddable":true,"href":"https:\/\/www.eldiariodetucuman.com\/web\/wp-json\/wp\/v2\/users\/4"}],"replies":[{"embeddable":true,"href":"https:\/\/www.eldiariodetucuman.com\/web\/wp-json\/wp\/v2\/comments?post=18920"}],"version-history":[{"count":0,"href":"https:\/\/www.eldiariodetucuman.com\/web\/wp-json\/wp\/v2\/posts\/18920\/revisions"}],"wp:featuredmedia":[{"embeddable":true,"href":"https:\/\/www.eldiariodetucuman.com\/web\/wp-json\/wp\/v2\/media\/18921"}],"wp:attachment":[{"href":"https:\/\/www.eldiariodetucuman.com\/web\/wp-json\/wp\/v2\/media?parent=18920"}],"wp:term":[{"taxonomy":"category","embeddable":true,"href":"https:\/\/www.eldiariodetucuman.com\/web\/wp-json\/wp\/v2\/categories?post=18920"},{"taxonomy":"post_tag","embeddable":true,"href":"https:\/\/www.eldiariodetucuman.com\/web\/wp-json\/wp\/v2\/tags?post=18920"}],"curies":[{"name":"wp","href":"https:\/\/api.w.org\/{rel}","templated":true}]}}