{"id":18301,"date":"2018-10-20T12:50:13","date_gmt":"2018-10-20T15:50:13","guid":{"rendered":"http:\/\/www.eldiariodetucuman.com\/web\/trump-prometio-enviar-tropas-militares-para-impedir-el-paso-de-migrantes\/"},"modified":"2018-10-20T12:50:13","modified_gmt":"2018-10-20T15:50:13","slug":"trump-prometio-enviar-tropas-militares-para-impedir-el-paso-de-migrantes","status":"publish","type":"post","link":"https:\/\/www.eldiariodetucuman.com\/web\/trump-prometio-enviar-tropas-militares-para-impedir-el-paso-de-migrantes\/","title":{"rendered":"Trump prometi\u00f3 enviar tropas militares para impedir el paso de migrantes"},"content":{"rendered":"<div>\n<div itemprop=\"articleBody\" readability=\"85.814364640884\">\n<p>El sue\u00f1o empieza a hacerse realidad. La   <a href=\"https:\/\/www.cronica.com.ar\/tags\/caravana\">caravana<\/a> de m\u00e1s de 3.000 personas que parti\u00f3 hace una semana desde Honduras rumbo a Estados Unidos y que sum\u00f3 en su camino a pobladores de El Salvador y Guatemala logr\u00f3 entrar a   <a href=\"https:\/\/www.cronica.com.ar\/tags\/M%C3%A9xico\">M\u00e9xico<\/a>. Pese a que el gobierno azteca hab\u00eda reforzado la seguridad en la frontera sur, los migrantes se las ingeniaron para sortear las vallas de seguridad y atravesaron la frontera.<\/p>\n<p>En Ciudad Hidalgo, el puente internacional <strong>Rodolfo Robles<\/strong>, sobre el r\u00edo Suchiate que divide   <a href=\"https:\/\/www.cronica.com.ar\/tags\/M%C3%A9xico\">M\u00e9xico<\/a> de Guatemala, estaba repleto. No cab\u00eda un alma m\u00e1s. Y nadie estaba dispuesto a esperar una reacci\u00f3n de las fuerzas aztecas, apostadas en cercan\u00eda del paso fronterizo. Por eso, mientras muchos aguardaban la posibilidad de avanzar, otros decidieron tomar -una vez m\u00e1s- el destino en sus propias manos y a pedradas se abrieron paso hasta romper el cerco de seguridad.<\/p>\n<p>En medio de las interminables corridas en cualquier direcci\u00f3n, algunos, mientras tanto, buscaron maneras diferentes para dejar atr\u00e1s Am\u00e9rica Central y cruzaron el curso de agua en precarios botes. No faltaron quienes atravesaran parte del puente caminando por el lado externo de la baranda, aferrados a la reja de protecci\u00f3n y caminando por una peque\u00f1a cornisa en la que apenas cab\u00edan sus pies.<\/p>\n<p>Desde all\u00ed se tiraron para nadar o ser rescatados por los balseros que los llevaban a   <a href=\"https:\/\/www.cronica.com.ar\/tags\/M%C3%A9xico\">M\u00e9xico<\/a>. Todo val\u00eda en su odisea con Estados Unidos como \u00faltimo destino.. Pese a los esfuerzos y al deseo de miles de personas de seguir su camino, polic\u00edas y militares lograron contener a la gran mayor\u00eda de migrantes, quienes anoche segu\u00edan instalados sobre el puente y en sus inmediaciones.<\/p>\n<p><strong>Acceso permitido <\/strong><br \/>En medio del descontrol que se gener\u00f3 en el puente, las autoridades mexicanas entendieron que las mujeres y los menores corr\u00edan un grave riesgo si permanec\u00edan en el lugar, por lo que decidieron facilitarles el acceso a su territorio. Entonces, unas 50 personas fueron trasladadas en micro hasta las instalaciones del Instituto Nacional de Migraci\u00f3n para iniciar los tr\u00e1mites que les permitir\u00edan quedarse en el pa\u00eds.<\/p>\n<p>Sin embargo, ese no es su objetivo. La intenci\u00f3n de las miles de personas que integran la   <a href=\"https:\/\/www.cronica.com.ar\/tags\/caravana\">caravana<\/a> es llegar a Estados Unidos, empresa que no ser\u00e1 f\u00e1cil. A\u00fan deben atravesar unos 2.000 kil\u00f3metros, en los que se cruzar\u00e1n con la represi\u00f3n de las fuerzas de seguridad y los traficantes de personas, hasta alcanzar el punto m\u00e1s cr\u00edtico de su peligroso viaje: la frontera sur de los yanquis.<\/p>\n<p>All\u00ed, el presidente<strong> Donald Trump <\/strong>prometi\u00f3 enviar a los militares para impedir su ingreso ilegal al pa\u00eds. Sin embargo, para sortear ese desaf\u00edo, quienes buscan una vida mejor todav\u00eda tienen mucho para recorrer.<\/p>\n<\/div>\n<\/div>\n","protected":false},"excerpt":{"rendered":"<p>El sue\u00f1o empieza a hacerse realidad. La caravana de m\u00e1s de 3.000 personas que parti\u00f3 hace una semana desde Honduras rumbo a Estados Unidos y que sum\u00f3 en su camino a pobladores de El Salvador y Guatemala logr\u00f3 entrar a M\u00e9xico. Pese a que el gobierno azteca hab\u00eda reforzado la seguridad en la frontera sur, [&hellip;]<\/p>\n","protected":false},"author":4,"featured_media":18302,"comment_status":"open","ping_status":"closed","sticky":false,"template":"","format":"standard","meta":{"footnotes":""},"categories":[194],"tags":[],"class_list":{"0":"post-18301","1":"post","2":"type-post","3":"status-publish","4":"format-standard","5":"has-post-thumbnail","7":"category-internacionales"},"yoast_head":"<!-- This site is optimized with the Yoast SEO plugin v27.4 - https:\/\/yoast.com\/product\/yoast-seo-wordpress\/ -->\n<title>Trump prometi\u00f3 enviar tropas militares para impedir el paso de migrantes - El Diario de Tucuman<\/title>\n<meta name=\"robots\" content=\"index, follow, max-snippet:-1, max-image-preview:large, max-video-preview:-1\" \/>\n<link rel=\"canonical\" href=\"https:\/\/www.eldiariodetucuman.com\/web\/trump-prometio-enviar-tropas-militares-para-impedir-el-paso-de-migrantes\/\" \/>\n<meta property=\"og:locale\" content=\"es_ES\" \/>\n<meta property=\"og:type\" content=\"article\" \/>\n<meta property=\"og:title\" content=\"Trump prometi\u00f3 enviar tropas militares para impedir el paso de migrantes - El Diario de Tucuman\" \/>\n<meta property=\"og:description\" content=\"El sue\u00f1o empieza a hacerse realidad. La caravana de m\u00e1s de 3.000 personas que parti\u00f3 hace una semana desde Honduras rumbo a Estados Unidos y que sum\u00f3 en su camino a pobladores de El Salvador y Guatemala logr\u00f3 entrar a M\u00e9xico. Pese a que el gobierno azteca hab\u00eda reforzado la seguridad en la frontera sur, [&hellip;]\" \/>\n<meta property=\"og:url\" content=\"https:\/\/www.eldiariodetucuman.com\/web\/trump-prometio-enviar-tropas-militares-para-impedir-el-paso-de-migrantes\/\" \/>\n<meta property=\"og:site_name\" content=\"El Diario de Tucuman\" \/>\n<meta property=\"article:published_time\" content=\"2018-10-20T15:50:13+00:00\" \/>\n<meta property=\"og:image\" content=\"https:\/\/www.eldiariodetucuman.com\/web\/wp-content\/uploads\/2018\/10\/c1d55a980290bd220698eafdae015533.jpeg\" \/>\n\t<meta property=\"og:image:width\" content=\"970\" \/>\n\t<meta property=\"og:image:height\" content=\"546\" \/>\n\t<meta property=\"og:image:type\" content=\"image\/jpeg\" \/>\n<meta name=\"author\" content=\"eldiario detucuman\" \/>\n<meta name=\"twitter:card\" content=\"summary_large_image\" \/>\n<meta name=\"twitter:label1\" content=\"Escrito por\" \/>\n\t<meta name=\"twitter:data1\" content=\"eldiario detucuman\" \/>\n\t<meta name=\"twitter:label2\" content=\"Tiempo de lectura\" \/>\n\t<meta name=\"twitter:data2\" content=\"2 minutos\" \/>\n<script type=\"application\/ld+json\" class=\"yoast-schema-graph\">{\"@context\":\"https:\\\/\\\/schema.org\",\"@graph\":[{\"@type\":\"Article\",\"@id\":\"https:\\\/\\\/www.eldiariodetucuman.com\\\/web\\\/trump-prometio-enviar-tropas-militares-para-impedir-el-paso-de-migrantes\\\/#article\",\"isPartOf\":{\"@id\":\"https:\\\/\\\/www.eldiariodetucuman.com\\\/web\\\/trump-prometio-enviar-tropas-militares-para-impedir-el-paso-de-migrantes\\\/\"},\"author\":{\"name\":\"eldiario detucuman\",\"@id\":\"https:\\\/\\\/www.eldiariodetucuman.com\\\/web\\\/#\\\/schema\\\/person\\\/6f95946e54fde848b878ffa4928071d5\"},\"headline\":\"Trump prometi\u00f3 enviar tropas militares para impedir el paso de migrantes\",\"datePublished\":\"2018-10-20T15:50:13+00:00\",\"mainEntityOfPage\":{\"@id\":\"https:\\\/\\\/www.eldiariodetucuman.com\\\/web\\\/trump-prometio-enviar-tropas-militares-para-impedir-el-paso-de-migrantes\\\/\"},\"wordCount\":489,\"commentCount\":0,\"publisher\":{\"@id\":\"https:\\\/\\\/www.eldiariodetucuman.com\\\/web\\\/#organization\"},\"image\":{\"@id\":\"https:\\\/\\\/www.eldiariodetucuman.com\\\/web\\\/trump-prometio-enviar-tropas-militares-para-impedir-el-paso-de-migrantes\\\/#primaryimage\"},\"thumbnailUrl\":\"https:\\\/\\\/www.eldiariodetucuman.com\\\/web\\\/wp-content\\\/uploads\\\/2018\\\/10\\\/c1d55a980290bd220698eafdae015533.jpeg\",\"articleSection\":[\"Internacionales\"],\"inLanguage\":\"es\",\"potentialAction\":[{\"@type\":\"CommentAction\",\"name\":\"Comment\",\"target\":[\"https:\\\/\\\/www.eldiariodetucuman.com\\\/web\\\/trump-prometio-enviar-tropas-militares-para-impedir-el-paso-de-migrantes\\\/#respond\"]}]},{\"@type\":\"WebPage\",\"@id\":\"https:\\\/\\\/www.eldiariodetucuman.com\\\/web\\\/trump-prometio-enviar-tropas-militares-para-impedir-el-paso-de-migrantes\\\/\",\"url\":\"https:\\\/\\\/www.eldiariodetucuman.com\\\/web\\\/trump-prometio-enviar-tropas-militares-para-impedir-el-paso-de-migrantes\\\/\",\"name\":\"Trump prometi\u00f3 enviar tropas militares para impedir el paso de migrantes - El Diario de Tucuman\",\"isPartOf\":{\"@id\":\"https:\\\/\\\/www.eldiariodetucuman.com\\\/web\\\/#website\"},\"primaryImageOfPage\":{\"@id\":\"https:\\\/\\\/www.eldiariodetucuman.com\\\/web\\\/trump-prometio-enviar-tropas-militares-para-impedir-el-paso-de-migrantes\\\/#primaryimage\"},\"image\":{\"@id\":\"https:\\\/\\\/www.eldiariodetucuman.com\\\/web\\\/trump-prometio-enviar-tropas-militares-para-impedir-el-paso-de-migrantes\\\/#primaryimage\"},\"thumbnailUrl\":\"https:\\\/\\\/www.eldiariodetucuman.com\\\/web\\\/wp-content\\\/uploads\\\/2018\\\/10\\\/c1d55a980290bd220698eafdae015533.jpeg\",\"datePublished\":\"2018-10-20T15:50:13+00:00\",\"breadcrumb\":{\"@id\":\"https:\\\/\\\/www.eldiariodetucuman.com\\\/web\\\/trump-prometio-enviar-tropas-militares-para-impedir-el-paso-de-migrantes\\\/#breadcrumb\"},\"inLanguage\":\"es\",\"potentialAction\":[{\"@type\":\"ReadAction\",\"target\":[\"https:\\\/\\\/www.eldiariodetucuman.com\\\/web\\\/trump-prometio-enviar-tropas-militares-para-impedir-el-paso-de-migrantes\\\/\"]}]},{\"@type\":\"ImageObject\",\"inLanguage\":\"es\",\"@id\":\"https:\\\/\\\/www.eldiariodetucuman.com\\\/web\\\/trump-prometio-enviar-tropas-militares-para-impedir-el-paso-de-migrantes\\\/#primaryimage\",\"url\":\"https:\\\/\\\/www.eldiariodetucuman.com\\\/web\\\/wp-content\\\/uploads\\\/2018\\\/10\\\/c1d55a980290bd220698eafdae015533.jpeg\",\"contentUrl\":\"https:\\\/\\\/www.eldiariodetucuman.com\\\/web\\\/wp-content\\\/uploads\\\/2018\\\/10\\\/c1d55a980290bd220698eafdae015533.jpeg\",\"width\":970,\"height\":546},{\"@type\":\"BreadcrumbList\",\"@id\":\"https:\\\/\\\/www.eldiariodetucuman.com\\\/web\\\/trump-prometio-enviar-tropas-militares-para-impedir-el-paso-de-migrantes\\\/#breadcrumb\",\"itemListElement\":[{\"@type\":\"ListItem\",\"position\":1,\"name\":\"Portada\",\"item\":\"https:\\\/\\\/www.eldiariodetucuman.com\\\/web\\\/\"},{\"@type\":\"ListItem\",\"position\":2,\"name\":\"Trump prometi\u00f3 enviar tropas militares para impedir el paso de migrantes\"}]},{\"@type\":\"WebSite\",\"@id\":\"https:\\\/\\\/www.eldiariodetucuman.com\\\/web\\\/#website\",\"url\":\"https:\\\/\\\/www.eldiariodetucuman.com\\\/web\\\/\",\"name\":\"El Diario de Tucuman\",\"description\":\"Diario Tucuman - Informaci\u00f3n y noticias\",\"publisher\":{\"@id\":\"https:\\\/\\\/www.eldiariodetucuman.com\\\/web\\\/#organization\"},\"potentialAction\":[{\"@type\":\"SearchAction\",\"target\":{\"@type\":\"EntryPoint\",\"urlTemplate\":\"https:\\\/\\\/www.eldiariodetucuman.com\\\/web\\\/?s={search_term_string}\"},\"query-input\":{\"@type\":\"PropertyValueSpecification\",\"valueRequired\":true,\"valueName\":\"search_term_string\"}}],\"inLanguage\":\"es\"},{\"@type\":\"Organization\",\"@id\":\"https:\\\/\\\/www.eldiariodetucuman.com\\\/web\\\/#organization\",\"name\":\"El Diario de Tucuman\",\"url\":\"https:\\\/\\\/www.eldiariodetucuman.com\\\/web\\\/\",\"logo\":{\"@type\":\"ImageObject\",\"inLanguage\":\"es\",\"@id\":\"https:\\\/\\\/www.eldiariodetucuman.com\\\/web\\\/#\\\/schema\\\/logo\\\/image\\\/\",\"url\":\"http:\\\/\\\/www.eldiariodetucuman.com\\\/web\\\/wp-content\\\/uploads\\\/2017\\\/12\\\/el-diario-de-tucuman.jpg\",\"contentUrl\":\"http:\\\/\\\/www.eldiariodetucuman.com\\\/web\\\/wp-content\\\/uploads\\\/2017\\\/12\\\/el-diario-de-tucuman.jpg\",\"width\":272,\"height\":92,\"caption\":\"El Diario de Tucuman\"},\"image\":{\"@id\":\"https:\\\/\\\/www.eldiariodetucuman.com\\\/web\\\/#\\\/schema\\\/logo\\\/image\\\/\"}},{\"@type\":\"Person\",\"@id\":\"https:\\\/\\\/www.eldiariodetucuman.com\\\/web\\\/#\\\/schema\\\/person\\\/6f95946e54fde848b878ffa4928071d5\",\"name\":\"eldiario detucuman\",\"image\":{\"@type\":\"ImageObject\",\"inLanguage\":\"es\",\"@id\":\"https:\\\/\\\/secure.gravatar.com\\\/avatar\\\/b6e1f89c5c4044c4962c8e6c20b1ca2cc99f549c965908afd4ec5308b3f51bfe?s=96&d=mm&r=g\",\"url\":\"https:\\\/\\\/secure.gravatar.com\\\/avatar\\\/b6e1f89c5c4044c4962c8e6c20b1ca2cc99f549c965908afd4ec5308b3f51bfe?s=96&d=mm&r=g\",\"contentUrl\":\"https:\\\/\\\/secure.gravatar.com\\\/avatar\\\/b6e1f89c5c4044c4962c8e6c20b1ca2cc99f549c965908afd4ec5308b3f51bfe?s=96&d=mm&r=g\",\"caption\":\"eldiario detucuman\"},\"url\":\"https:\\\/\\\/www.eldiariodetucuman.com\\\/web\\\/author\\\/eldiariodetucuman\\\/\"}]}<\/script>\n<!-- \/ Yoast SEO plugin. -->","yoast_head_json":{"title":"Trump prometi\u00f3 enviar tropas militares para impedir el paso de migrantes - El Diario de Tucuman","robots":{"index":"index","follow":"follow","max-snippet":"max-snippet:-1","max-image-preview":"max-image-preview:large","max-video-preview":"max-video-preview:-1"},"canonical":"https:\/\/www.eldiariodetucuman.com\/web\/trump-prometio-enviar-tropas-militares-para-impedir-el-paso-de-migrantes\/","og_locale":"es_ES","og_type":"article","og_title":"Trump prometi\u00f3 enviar tropas militares para impedir el paso de migrantes - El Diario de Tucuman","og_description":"El sue\u00f1o empieza a hacerse realidad. La caravana de m\u00e1s de 3.000 personas que parti\u00f3 hace una semana desde Honduras rumbo a Estados Unidos y que sum\u00f3 en su camino a pobladores de El Salvador y Guatemala logr\u00f3 entrar a M\u00e9xico. Pese a que el gobierno azteca hab\u00eda reforzado la seguridad en la frontera sur, [&hellip;]","og_url":"https:\/\/www.eldiariodetucuman.com\/web\/trump-prometio-enviar-tropas-militares-para-impedir-el-paso-de-migrantes\/","og_site_name":"El Diario de Tucuman","article_published_time":"2018-10-20T15:50:13+00:00","og_image":[{"width":970,"height":546,"url":"https:\/\/www.eldiariodetucuman.com\/web\/wp-content\/uploads\/2018\/10\/c1d55a980290bd220698eafdae015533.jpeg","type":"image\/jpeg"}],"author":"eldiario detucuman","twitter_card":"summary_large_image","twitter_misc":{"Escrito por":"eldiario detucuman","Tiempo de lectura":"2 minutos"},"schema":{"@context":"https:\/\/schema.org","@graph":[{"@type":"Article","@id":"https:\/\/www.eldiariodetucuman.com\/web\/trump-prometio-enviar-tropas-militares-para-impedir-el-paso-de-migrantes\/#article","isPartOf":{"@id":"https:\/\/www.eldiariodetucuman.com\/web\/trump-prometio-enviar-tropas-militares-para-impedir-el-paso-de-migrantes\/"},"author":{"name":"eldiario detucuman","@id":"https:\/\/www.eldiariodetucuman.com\/web\/#\/schema\/person\/6f95946e54fde848b878ffa4928071d5"},"headline":"Trump prometi\u00f3 enviar tropas militares para impedir el paso de migrantes","datePublished":"2018-10-20T15:50:13+00:00","mainEntityOfPage":{"@id":"https:\/\/www.eldiariodetucuman.com\/web\/trump-prometio-enviar-tropas-militares-para-impedir-el-paso-de-migrantes\/"},"wordCount":489,"commentCount":0,"publisher":{"@id":"https:\/\/www.eldiariodetucuman.com\/web\/#organization"},"image":{"@id":"https:\/\/www.eldiariodetucuman.com\/web\/trump-prometio-enviar-tropas-militares-para-impedir-el-paso-de-migrantes\/#primaryimage"},"thumbnailUrl":"https:\/\/www.eldiariodetucuman.com\/web\/wp-content\/uploads\/2018\/10\/c1d55a980290bd220698eafdae015533.jpeg","articleSection":["Internacionales"],"inLanguage":"es","potentialAction":[{"@type":"CommentAction","name":"Comment","target":["https:\/\/www.eldiariodetucuman.com\/web\/trump-prometio-enviar-tropas-militares-para-impedir-el-paso-de-migrantes\/#respond"]}]},{"@type":"WebPage","@id":"https:\/\/www.eldiariodetucuman.com\/web\/trump-prometio-enviar-tropas-militares-para-impedir-el-paso-de-migrantes\/","url":"https:\/\/www.eldiariodetucuman.com\/web\/trump-prometio-enviar-tropas-militares-para-impedir-el-paso-de-migrantes\/","name":"Trump prometi\u00f3 enviar tropas militares para impedir el paso de migrantes - El Diario de Tucuman","isPartOf":{"@id":"https:\/\/www.eldiariodetucuman.com\/web\/#website"},"primaryImageOfPage":{"@id":"https:\/\/www.eldiariodetucuman.com\/web\/trump-prometio-enviar-tropas-militares-para-impedir-el-paso-de-migrantes\/#primaryimage"},"image":{"@id":"https:\/\/www.eldiariodetucuman.com\/web\/trump-prometio-enviar-tropas-militares-para-impedir-el-paso-de-migrantes\/#primaryimage"},"thumbnailUrl":"https:\/\/www.eldiariodetucuman.com\/web\/wp-content\/uploads\/2018\/10\/c1d55a980290bd220698eafdae015533.jpeg","datePublished":"2018-10-20T15:50:13+00:00","breadcrumb":{"@id":"https:\/\/www.eldiariodetucuman.com\/web\/trump-prometio-enviar-tropas-militares-para-impedir-el-paso-de-migrantes\/#breadcrumb"},"inLanguage":"es","potentialAction":[{"@type":"ReadAction","target":["https:\/\/www.eldiariodetucuman.com\/web\/trump-prometio-enviar-tropas-militares-para-impedir-el-paso-de-migrantes\/"]}]},{"@type":"ImageObject","inLanguage":"es","@id":"https:\/\/www.eldiariodetucuman.com\/web\/trump-prometio-enviar-tropas-militares-para-impedir-el-paso-de-migrantes\/#primaryimage","url":"https:\/\/www.eldiariodetucuman.com\/web\/wp-content\/uploads\/2018\/10\/c1d55a980290bd220698eafdae015533.jpeg","contentUrl":"https:\/\/www.eldiariodetucuman.com\/web\/wp-content\/uploads\/2018\/10\/c1d55a980290bd220698eafdae015533.jpeg","width":970,"height":546},{"@type":"BreadcrumbList","@id":"https:\/\/www.eldiariodetucuman.com\/web\/trump-prometio-enviar-tropas-militares-para-impedir-el-paso-de-migrantes\/#breadcrumb","itemListElement":[{"@type":"ListItem","position":1,"name":"Portada","item":"https:\/\/www.eldiariodetucuman.com\/web\/"},{"@type":"ListItem","position":2,"name":"Trump prometi\u00f3 enviar tropas militares para impedir el paso de migrantes"}]},{"@type":"WebSite","@id":"https:\/\/www.eldiariodetucuman.com\/web\/#website","url":"https:\/\/www.eldiariodetucuman.com\/web\/","name":"El Diario de Tucuman","description":"Diario Tucuman - Informaci\u00f3n y noticias","publisher":{"@id":"https:\/\/www.eldiariodetucuman.com\/web\/#organization"},"potentialAction":[{"@type":"SearchAction","target":{"@type":"EntryPoint","urlTemplate":"https:\/\/www.eldiariodetucuman.com\/web\/?s={search_term_string}"},"query-input":{"@type":"PropertyValueSpecification","valueRequired":true,"valueName":"search_term_string"}}],"inLanguage":"es"},{"@type":"Organization","@id":"https:\/\/www.eldiariodetucuman.com\/web\/#organization","name":"El Diario de Tucuman","url":"https:\/\/www.eldiariodetucuman.com\/web\/","logo":{"@type":"ImageObject","inLanguage":"es","@id":"https:\/\/www.eldiariodetucuman.com\/web\/#\/schema\/logo\/image\/","url":"http:\/\/www.eldiariodetucuman.com\/web\/wp-content\/uploads\/2017\/12\/el-diario-de-tucuman.jpg","contentUrl":"http:\/\/www.eldiariodetucuman.com\/web\/wp-content\/uploads\/2017\/12\/el-diario-de-tucuman.jpg","width":272,"height":92,"caption":"El Diario de Tucuman"},"image":{"@id":"https:\/\/www.eldiariodetucuman.com\/web\/#\/schema\/logo\/image\/"}},{"@type":"Person","@id":"https:\/\/www.eldiariodetucuman.com\/web\/#\/schema\/person\/6f95946e54fde848b878ffa4928071d5","name":"eldiario detucuman","image":{"@type":"ImageObject","inLanguage":"es","@id":"https:\/\/secure.gravatar.com\/avatar\/b6e1f89c5c4044c4962c8e6c20b1ca2cc99f549c965908afd4ec5308b3f51bfe?s=96&d=mm&r=g","url":"https:\/\/secure.gravatar.com\/avatar\/b6e1f89c5c4044c4962c8e6c20b1ca2cc99f549c965908afd4ec5308b3f51bfe?s=96&d=mm&r=g","contentUrl":"https:\/\/secure.gravatar.com\/avatar\/b6e1f89c5c4044c4962c8e6c20b1ca2cc99f549c965908afd4ec5308b3f51bfe?s=96&d=mm&r=g","caption":"eldiario detucuman"},"url":"https:\/\/www.eldiariodetucuman.com\/web\/author\/eldiariodetucuman\/"}]}},"_links":{"self":[{"href":"https:\/\/www.eldiariodetucuman.com\/web\/wp-json\/wp\/v2\/posts\/18301","targetHints":{"allow":["GET"]}}],"collection":[{"href":"https:\/\/www.eldiariodetucuman.com\/web\/wp-json\/wp\/v2\/posts"}],"about":[{"href":"https:\/\/www.eldiariodetucuman.com\/web\/wp-json\/wp\/v2\/types\/post"}],"author":[{"embeddable":true,"href":"https:\/\/www.eldiariodetucuman.com\/web\/wp-json\/wp\/v2\/users\/4"}],"replies":[{"embeddable":true,"href":"https:\/\/www.eldiariodetucuman.com\/web\/wp-json\/wp\/v2\/comments?post=18301"}],"version-history":[{"count":0,"href":"https:\/\/www.eldiariodetucuman.com\/web\/wp-json\/wp\/v2\/posts\/18301\/revisions"}],"wp:featuredmedia":[{"embeddable":true,"href":"https:\/\/www.eldiariodetucuman.com\/web\/wp-json\/wp\/v2\/media\/18302"}],"wp:attachment":[{"href":"https:\/\/www.eldiariodetucuman.com\/web\/wp-json\/wp\/v2\/media?parent=18301"}],"wp:term":[{"taxonomy":"category","embeddable":true,"href":"https:\/\/www.eldiariodetucuman.com\/web\/wp-json\/wp\/v2\/categories?post=18301"},{"taxonomy":"post_tag","embeddable":true,"href":"https:\/\/www.eldiariodetucuman.com\/web\/wp-json\/wp\/v2\/tags?post=18301"}],"curies":[{"name":"wp","href":"https:\/\/api.w.org\/{rel}","templated":true}]}}