{"id":18296,"date":"2018-10-20T12:37:31","date_gmt":"2018-10-20T15:37:31","guid":{"rendered":"http:\/\/www.eldiariodetucuman.com\/web\/federico-delgado-la-ley-se-transformo-en-un-arma-para-destruir-y-presionar\/"},"modified":"2018-10-20T12:37:33","modified_gmt":"2018-10-20T15:37:33","slug":"federico-delgado-la-ley-se-transformo-en-un-arma-para-destruir-y-presionar","status":"publish","type":"post","link":"https:\/\/www.eldiariodetucuman.com\/web\/federico-delgado-la-ley-se-transformo-en-un-arma-para-destruir-y-presionar\/","title":{"rendered":"Federico Delgado: \u00abLa ley se transform\u00f3 en un arma para destruir y presionar\u00bb"},"content":{"rendered":"<div>\n<div readability=\"56.376481312671\">\n<p>El fiscal federal <a href=\"https:\/\/www.elintransigente.com\/noticias\/buscar\/?buscar=federico+delgado\">Federico Delgado<\/a> habl\u00f3 sobre la <a href=\"https:\/\/www.elintransigente.com\/noticias\/buscar\/?buscar=justicia\">Justicia<\/a> argentina y asegur\u00f3 que <strong>&#8220;se trasform\u00f3 en un arma para destruir y presionar&#8221;<\/strong>, utilizada por la pol\u00edtica. Adem\u00e1s, agreg\u00f3 que es &#8220;cada vez m\u00e1s dif\u00edcil investigar al poder&#8221;.<\/p>\n<p><strong>\u00abLa Justicia argentina est\u00e1 muy mal, en un grado de descomposici\u00f3n<\/strong>. La ley ha sido despojada de todo contenido \u00e9tico y moral, por lo tanto un mecanismo que naci\u00f3 para fundar libertades y cuerpos pol\u00edticos se transform\u00f3 en un arma para destruir, presionar o resolver an\u00f3malamente conflictos\u00bb, sostuvo el fiscal, en di\u00e1logo con FM La Patriada.<\/p>\n<aside class=\"htmlinline \"><!-- politica 2 300 x 250 imagen --><ins class=\"adsbygoogle\" data-ad-client=\"ca-pub-7781556717282971\" data-ad-slot=\"3120775563\"><\/ins><br \/>\n<\/aside>\n<p>\u00abLa ley se transform\u00f3 en una herramienta que la utiliza aquel que tiene poder pol\u00edtico o econ\u00f3mico\u00bb, se\u00f1al\u00f3, y explic\u00f3 que \u00abeso degrada a\u00fan m\u00e1s la vida p\u00fablica, desincentiva a los ciudadanos a concurrir a la Justicia y nos acerca cada vez m\u00e1s a un Estado prepol\u00edtico\u00bb.<\/p>\n<p>En ese sentido, Delgado subray\u00f3 que <strong>\u00abla pol\u00edtica se desplaz\u00f3 hacia el espacio judicial, porque permite a muchas personas que no pueden construir mayor\u00eda conseguir a trav\u00e9s de una denuncia <\/strong>o un amparo lo que no pueden conseguir en un Parlamento\u00bb.<\/p>\n<aside class=\"htmlinline \"><!-- politica 5 300 x 250 texto mas imagen --><ins class=\"adsbygoogle\" data-ad-client=\"ca-pub-7781556717282971\" data-ad-slot=\"3033145653\"><\/ins><br \/>\n<\/aside>\n<p>\u00abEl sistema judicial y la institucionalidad en general es muy permeable a intereses particulares. Eso hace que la Justicia, que fue pensada como un poder moderador, a veces juegue el juego que debe controlar\u00bb, estableci\u00f3.<\/p>\n<p>Al referirse a la causa de los cuadernos K, el fiscal asegur\u00f3 que<strong> &#8220;es cada vez m\u00e1s dif\u00edcil investigar al poder y hemos llegado al nivel en que se inventan causas<\/strong>. Lo peor de todo es que quienes tienen que ejercer el control sobre eso permanecen como m\u00ednimo indiferentes\u00bb. \u00abEl tema de los cuadernos va a ser un antes y un despu\u00e9s, termine como termine, porque va a cambiar la relaci\u00f3n entre el Estado y la comunidad de empresarios, as\u00ed como tambi\u00e9n porque es un desaf\u00edo para la Justicia\u00bb, confirm\u00f3.<\/p>\n<p>Por \u00faltimo, el integrante del Ministerio P\u00fablico se refiri\u00f3 a la pol\u00e9mica generada por la aplicaci\u00f3n de prisi\u00f3n preventiva y opin\u00f3 que: \u00abTiene que ser una excepci\u00f3n. Tiene que haber juicios r\u00e1pidos. No puede funcionar como una pena anticipada para calmar las ansias de regeneraci\u00f3n institucional que con raz\u00f3n tiene la sociedad\u00bb.<\/p>\n<\/div>\n<\/div>\n<p>Fuente: https:\/\/www.elintransigente.com\/politica\/2018\/10\/20\/federico-delgado-la-ley-se-transformo-en-un-arma-para-destruir-presionar-518438.html<\/p>\n","protected":false},"excerpt":{"rendered":"<p>El fiscal federal Federico Delgado habl\u00f3 sobre la Justicia argentina y asegur\u00f3 que &#8220;se trasform\u00f3 en un arma para destruir y presionar&#8221;, utilizada por la pol\u00edtica. Adem\u00e1s, agreg\u00f3 que es &#8220;cada vez m\u00e1s dif\u00edcil investigar al poder&#8221;. \u00abLa Justicia argentina est\u00e1 muy mal, en un grado de descomposici\u00f3n. La ley ha sido despojada de todo [&hellip;]<\/p>\n","protected":false},"author":1,"featured_media":18297,"comment_status":"open","ping_status":"closed","sticky":false,"template":"","format":"standard","meta":{"footnotes":""},"categories":[1],"tags":[],"class_list":{"0":"post-18296","1":"post","2":"type-post","3":"status-publish","4":"format-standard","5":"has-post-thumbnail","7":"category-portada"},"yoast_head":"<!-- This site is optimized with the Yoast SEO plugin v27.4 - https:\/\/yoast.com\/product\/yoast-seo-wordpress\/ -->\n<title>Federico Delgado: &quot;La ley se transform\u00f3 en un arma para destruir y presionar&quot; - El Diario de Tucuman<\/title>\n<meta name=\"robots\" content=\"index, follow, max-snippet:-1, max-image-preview:large, max-video-preview:-1\" \/>\n<link rel=\"canonical\" href=\"https:\/\/www.eldiariodetucuman.com\/web\/federico-delgado-la-ley-se-transformo-en-un-arma-para-destruir-y-presionar\/\" \/>\n<meta property=\"og:locale\" content=\"es_ES\" \/>\n<meta property=\"og:type\" content=\"article\" \/>\n<meta property=\"og:title\" content=\"Federico Delgado: &quot;La ley se transform\u00f3 en un arma para destruir y presionar&quot; - El Diario de Tucuman\" \/>\n<meta property=\"og:description\" content=\"El fiscal federal Federico Delgado habl\u00f3 sobre la Justicia argentina y asegur\u00f3 que &#8220;se trasform\u00f3 en un arma para destruir y presionar&#8221;, utilizada por la pol\u00edtica. Adem\u00e1s, agreg\u00f3 que es &#8220;cada vez m\u00e1s dif\u00edcil investigar al poder&#8221;. \u00abLa Justicia argentina est\u00e1 muy mal, en un grado de descomposici\u00f3n. La ley ha sido despojada de todo [&hellip;]\" \/>\n<meta property=\"og:url\" content=\"https:\/\/www.eldiariodetucuman.com\/web\/federico-delgado-la-ley-se-transformo-en-un-arma-para-destruir-y-presionar\/\" \/>\n<meta property=\"og:site_name\" content=\"El Diario de Tucuman\" \/>\n<meta property=\"article:published_time\" content=\"2018-10-20T15:37:31+00:00\" \/>\n<meta property=\"article:modified_time\" content=\"2018-10-20T15:37:33+00:00\" \/>\n<meta property=\"og:image\" content=\"https:\/\/www.eldiariodetucuman.com\/web\/wp-content\/uploads\/2018\/10\/05237d67ce283c3b26b006b16321d35b.jpeg\" \/>\n\t<meta property=\"og:image:width\" content=\"960\" \/>\n\t<meta property=\"og:image:height\" content=\"539\" \/>\n\t<meta property=\"og:image:type\" content=\"image\/jpeg\" \/>\n<meta name=\"author\" content=\"admin\" \/>\n<meta name=\"twitter:card\" content=\"summary_large_image\" \/>\n<meta name=\"twitter:label1\" content=\"Escrito por\" \/>\n\t<meta name=\"twitter:data1\" content=\"admin\" \/>\n\t<meta name=\"twitter:label2\" content=\"Tiempo de lectura\" \/>\n\t<meta name=\"twitter:data2\" content=\"2 minutos\" \/>\n<script type=\"application\/ld+json\" class=\"yoast-schema-graph\">{\"@context\":\"https:\\\/\\\/schema.org\",\"@graph\":[{\"@type\":\"Article\",\"@id\":\"https:\\\/\\\/www.eldiariodetucuman.com\\\/web\\\/federico-delgado-la-ley-se-transformo-en-un-arma-para-destruir-y-presionar\\\/#article\",\"isPartOf\":{\"@id\":\"https:\\\/\\\/www.eldiariodetucuman.com\\\/web\\\/federico-delgado-la-ley-se-transformo-en-un-arma-para-destruir-y-presionar\\\/\"},\"author\":{\"name\":\"admin\",\"@id\":\"https:\\\/\\\/www.eldiariodetucuman.com\\\/web\\\/#\\\/schema\\\/person\\\/9250197d75ab5483412e19678b121caa\"},\"headline\":\"Federico Delgado: \u00abLa ley se transform\u00f3 en un arma para destruir y presionar\u00bb\",\"datePublished\":\"2018-10-20T15:37:31+00:00\",\"dateModified\":\"2018-10-20T15:37:33+00:00\",\"mainEntityOfPage\":{\"@id\":\"https:\\\/\\\/www.eldiariodetucuman.com\\\/web\\\/federico-delgado-la-ley-se-transformo-en-un-arma-para-destruir-y-presionar\\\/\"},\"wordCount\":413,\"commentCount\":0,\"publisher\":{\"@id\":\"https:\\\/\\\/www.eldiariodetucuman.com\\\/web\\\/#organization\"},\"image\":{\"@id\":\"https:\\\/\\\/www.eldiariodetucuman.com\\\/web\\\/federico-delgado-la-ley-se-transformo-en-un-arma-para-destruir-y-presionar\\\/#primaryimage\"},\"thumbnailUrl\":\"https:\\\/\\\/www.eldiariodetucuman.com\\\/web\\\/wp-content\\\/uploads\\\/2018\\\/10\\\/05237d67ce283c3b26b006b16321d35b.jpeg\",\"articleSection\":[\"Portada\"],\"inLanguage\":\"es\",\"potentialAction\":[{\"@type\":\"CommentAction\",\"name\":\"Comment\",\"target\":[\"https:\\\/\\\/www.eldiariodetucuman.com\\\/web\\\/federico-delgado-la-ley-se-transformo-en-un-arma-para-destruir-y-presionar\\\/#respond\"]}]},{\"@type\":\"WebPage\",\"@id\":\"https:\\\/\\\/www.eldiariodetucuman.com\\\/web\\\/federico-delgado-la-ley-se-transformo-en-un-arma-para-destruir-y-presionar\\\/\",\"url\":\"https:\\\/\\\/www.eldiariodetucuman.com\\\/web\\\/federico-delgado-la-ley-se-transformo-en-un-arma-para-destruir-y-presionar\\\/\",\"name\":\"Federico Delgado: \\\"La ley se transform\u00f3 en un arma para destruir y presionar\\\" - El Diario de Tucuman\",\"isPartOf\":{\"@id\":\"https:\\\/\\\/www.eldiariodetucuman.com\\\/web\\\/#website\"},\"primaryImageOfPage\":{\"@id\":\"https:\\\/\\\/www.eldiariodetucuman.com\\\/web\\\/federico-delgado-la-ley-se-transformo-en-un-arma-para-destruir-y-presionar\\\/#primaryimage\"},\"image\":{\"@id\":\"https:\\\/\\\/www.eldiariodetucuman.com\\\/web\\\/federico-delgado-la-ley-se-transformo-en-un-arma-para-destruir-y-presionar\\\/#primaryimage\"},\"thumbnailUrl\":\"https:\\\/\\\/www.eldiariodetucuman.com\\\/web\\\/wp-content\\\/uploads\\\/2018\\\/10\\\/05237d67ce283c3b26b006b16321d35b.jpeg\",\"datePublished\":\"2018-10-20T15:37:31+00:00\",\"dateModified\":\"2018-10-20T15:37:33+00:00\",\"breadcrumb\":{\"@id\":\"https:\\\/\\\/www.eldiariodetucuman.com\\\/web\\\/federico-delgado-la-ley-se-transformo-en-un-arma-para-destruir-y-presionar\\\/#breadcrumb\"},\"inLanguage\":\"es\",\"potentialAction\":[{\"@type\":\"ReadAction\",\"target\":[\"https:\\\/\\\/www.eldiariodetucuman.com\\\/web\\\/federico-delgado-la-ley-se-transformo-en-un-arma-para-destruir-y-presionar\\\/\"]}]},{\"@type\":\"ImageObject\",\"inLanguage\":\"es\",\"@id\":\"https:\\\/\\\/www.eldiariodetucuman.com\\\/web\\\/federico-delgado-la-ley-se-transformo-en-un-arma-para-destruir-y-presionar\\\/#primaryimage\",\"url\":\"https:\\\/\\\/www.eldiariodetucuman.com\\\/web\\\/wp-content\\\/uploads\\\/2018\\\/10\\\/05237d67ce283c3b26b006b16321d35b.jpeg\",\"contentUrl\":\"https:\\\/\\\/www.eldiariodetucuman.com\\\/web\\\/wp-content\\\/uploads\\\/2018\\\/10\\\/05237d67ce283c3b26b006b16321d35b.jpeg\",\"width\":960,\"height\":539},{\"@type\":\"BreadcrumbList\",\"@id\":\"https:\\\/\\\/www.eldiariodetucuman.com\\\/web\\\/federico-delgado-la-ley-se-transformo-en-un-arma-para-destruir-y-presionar\\\/#breadcrumb\",\"itemListElement\":[{\"@type\":\"ListItem\",\"position\":1,\"name\":\"Portada\",\"item\":\"https:\\\/\\\/www.eldiariodetucuman.com\\\/web\\\/\"},{\"@type\":\"ListItem\",\"position\":2,\"name\":\"Federico Delgado: \u00abLa ley se transform\u00f3 en un arma para destruir y presionar\u00bb\"}]},{\"@type\":\"WebSite\",\"@id\":\"https:\\\/\\\/www.eldiariodetucuman.com\\\/web\\\/#website\",\"url\":\"https:\\\/\\\/www.eldiariodetucuman.com\\\/web\\\/\",\"name\":\"El Diario de Tucuman\",\"description\":\"Diario Tucuman - Informaci\u00f3n y noticias\",\"publisher\":{\"@id\":\"https:\\\/\\\/www.eldiariodetucuman.com\\\/web\\\/#organization\"},\"potentialAction\":[{\"@type\":\"SearchAction\",\"target\":{\"@type\":\"EntryPoint\",\"urlTemplate\":\"https:\\\/\\\/www.eldiariodetucuman.com\\\/web\\\/?s={search_term_string}\"},\"query-input\":{\"@type\":\"PropertyValueSpecification\",\"valueRequired\":true,\"valueName\":\"search_term_string\"}}],\"inLanguage\":\"es\"},{\"@type\":\"Organization\",\"@id\":\"https:\\\/\\\/www.eldiariodetucuman.com\\\/web\\\/#organization\",\"name\":\"El Diario de Tucuman\",\"url\":\"https:\\\/\\\/www.eldiariodetucuman.com\\\/web\\\/\",\"logo\":{\"@type\":\"ImageObject\",\"inLanguage\":\"es\",\"@id\":\"https:\\\/\\\/www.eldiariodetucuman.com\\\/web\\\/#\\\/schema\\\/logo\\\/image\\\/\",\"url\":\"http:\\\/\\\/www.eldiariodetucuman.com\\\/web\\\/wp-content\\\/uploads\\\/2017\\\/12\\\/el-diario-de-tucuman.jpg\",\"contentUrl\":\"http:\\\/\\\/www.eldiariodetucuman.com\\\/web\\\/wp-content\\\/uploads\\\/2017\\\/12\\\/el-diario-de-tucuman.jpg\",\"width\":272,\"height\":92,\"caption\":\"El Diario de Tucuman\"},\"image\":{\"@id\":\"https:\\\/\\\/www.eldiariodetucuman.com\\\/web\\\/#\\\/schema\\\/logo\\\/image\\\/\"}},{\"@type\":\"Person\",\"@id\":\"https:\\\/\\\/www.eldiariodetucuman.com\\\/web\\\/#\\\/schema\\\/person\\\/9250197d75ab5483412e19678b121caa\",\"name\":\"admin\",\"image\":{\"@type\":\"ImageObject\",\"inLanguage\":\"es\",\"@id\":\"https:\\\/\\\/secure.gravatar.com\\\/avatar\\\/c44d117c2be811212c22cb481f6b8384b6873de103fbc49e7a03cc58d7dea4ac?s=96&d=mm&r=g\",\"url\":\"https:\\\/\\\/secure.gravatar.com\\\/avatar\\\/c44d117c2be811212c22cb481f6b8384b6873de103fbc49e7a03cc58d7dea4ac?s=96&d=mm&r=g\",\"contentUrl\":\"https:\\\/\\\/secure.gravatar.com\\\/avatar\\\/c44d117c2be811212c22cb481f6b8384b6873de103fbc49e7a03cc58d7dea4ac?s=96&d=mm&r=g\",\"caption\":\"admin\"},\"url\":\"https:\\\/\\\/www.eldiariodetucuman.com\\\/web\\\/author\\\/admin\\\/\"}]}<\/script>\n<!-- \/ Yoast SEO plugin. -->","yoast_head_json":{"title":"Federico Delgado: \"La ley se transform\u00f3 en un arma para destruir y presionar\" - El Diario de Tucuman","robots":{"index":"index","follow":"follow","max-snippet":"max-snippet:-1","max-image-preview":"max-image-preview:large","max-video-preview":"max-video-preview:-1"},"canonical":"https:\/\/www.eldiariodetucuman.com\/web\/federico-delgado-la-ley-se-transformo-en-un-arma-para-destruir-y-presionar\/","og_locale":"es_ES","og_type":"article","og_title":"Federico Delgado: \"La ley se transform\u00f3 en un arma para destruir y presionar\" - El Diario de Tucuman","og_description":"El fiscal federal Federico Delgado habl\u00f3 sobre la Justicia argentina y asegur\u00f3 que &#8220;se trasform\u00f3 en un arma para destruir y presionar&#8221;, utilizada por la pol\u00edtica. Adem\u00e1s, agreg\u00f3 que es &#8220;cada vez m\u00e1s dif\u00edcil investigar al poder&#8221;. \u00abLa Justicia argentina est\u00e1 muy mal, en un grado de descomposici\u00f3n. La ley ha sido despojada de todo [&hellip;]","og_url":"https:\/\/www.eldiariodetucuman.com\/web\/federico-delgado-la-ley-se-transformo-en-un-arma-para-destruir-y-presionar\/","og_site_name":"El Diario de Tucuman","article_published_time":"2018-10-20T15:37:31+00:00","article_modified_time":"2018-10-20T15:37:33+00:00","og_image":[{"width":960,"height":539,"url":"https:\/\/www.eldiariodetucuman.com\/web\/wp-content\/uploads\/2018\/10\/05237d67ce283c3b26b006b16321d35b.jpeg","type":"image\/jpeg"}],"author":"admin","twitter_card":"summary_large_image","twitter_misc":{"Escrito por":"admin","Tiempo de lectura":"2 minutos"},"schema":{"@context":"https:\/\/schema.org","@graph":[{"@type":"Article","@id":"https:\/\/www.eldiariodetucuman.com\/web\/federico-delgado-la-ley-se-transformo-en-un-arma-para-destruir-y-presionar\/#article","isPartOf":{"@id":"https:\/\/www.eldiariodetucuman.com\/web\/federico-delgado-la-ley-se-transformo-en-un-arma-para-destruir-y-presionar\/"},"author":{"name":"admin","@id":"https:\/\/www.eldiariodetucuman.com\/web\/#\/schema\/person\/9250197d75ab5483412e19678b121caa"},"headline":"Federico Delgado: \u00abLa ley se transform\u00f3 en un arma para destruir y presionar\u00bb","datePublished":"2018-10-20T15:37:31+00:00","dateModified":"2018-10-20T15:37:33+00:00","mainEntityOfPage":{"@id":"https:\/\/www.eldiariodetucuman.com\/web\/federico-delgado-la-ley-se-transformo-en-un-arma-para-destruir-y-presionar\/"},"wordCount":413,"commentCount":0,"publisher":{"@id":"https:\/\/www.eldiariodetucuman.com\/web\/#organization"},"image":{"@id":"https:\/\/www.eldiariodetucuman.com\/web\/federico-delgado-la-ley-se-transformo-en-un-arma-para-destruir-y-presionar\/#primaryimage"},"thumbnailUrl":"https:\/\/www.eldiariodetucuman.com\/web\/wp-content\/uploads\/2018\/10\/05237d67ce283c3b26b006b16321d35b.jpeg","articleSection":["Portada"],"inLanguage":"es","potentialAction":[{"@type":"CommentAction","name":"Comment","target":["https:\/\/www.eldiariodetucuman.com\/web\/federico-delgado-la-ley-se-transformo-en-un-arma-para-destruir-y-presionar\/#respond"]}]},{"@type":"WebPage","@id":"https:\/\/www.eldiariodetucuman.com\/web\/federico-delgado-la-ley-se-transformo-en-un-arma-para-destruir-y-presionar\/","url":"https:\/\/www.eldiariodetucuman.com\/web\/federico-delgado-la-ley-se-transformo-en-un-arma-para-destruir-y-presionar\/","name":"Federico Delgado: \"La ley se transform\u00f3 en un arma para destruir y presionar\" - El Diario de Tucuman","isPartOf":{"@id":"https:\/\/www.eldiariodetucuman.com\/web\/#website"},"primaryImageOfPage":{"@id":"https:\/\/www.eldiariodetucuman.com\/web\/federico-delgado-la-ley-se-transformo-en-un-arma-para-destruir-y-presionar\/#primaryimage"},"image":{"@id":"https:\/\/www.eldiariodetucuman.com\/web\/federico-delgado-la-ley-se-transformo-en-un-arma-para-destruir-y-presionar\/#primaryimage"},"thumbnailUrl":"https:\/\/www.eldiariodetucuman.com\/web\/wp-content\/uploads\/2018\/10\/05237d67ce283c3b26b006b16321d35b.jpeg","datePublished":"2018-10-20T15:37:31+00:00","dateModified":"2018-10-20T15:37:33+00:00","breadcrumb":{"@id":"https:\/\/www.eldiariodetucuman.com\/web\/federico-delgado-la-ley-se-transformo-en-un-arma-para-destruir-y-presionar\/#breadcrumb"},"inLanguage":"es","potentialAction":[{"@type":"ReadAction","target":["https:\/\/www.eldiariodetucuman.com\/web\/federico-delgado-la-ley-se-transformo-en-un-arma-para-destruir-y-presionar\/"]}]},{"@type":"ImageObject","inLanguage":"es","@id":"https:\/\/www.eldiariodetucuman.com\/web\/federico-delgado-la-ley-se-transformo-en-un-arma-para-destruir-y-presionar\/#primaryimage","url":"https:\/\/www.eldiariodetucuman.com\/web\/wp-content\/uploads\/2018\/10\/05237d67ce283c3b26b006b16321d35b.jpeg","contentUrl":"https:\/\/www.eldiariodetucuman.com\/web\/wp-content\/uploads\/2018\/10\/05237d67ce283c3b26b006b16321d35b.jpeg","width":960,"height":539},{"@type":"BreadcrumbList","@id":"https:\/\/www.eldiariodetucuman.com\/web\/federico-delgado-la-ley-se-transformo-en-un-arma-para-destruir-y-presionar\/#breadcrumb","itemListElement":[{"@type":"ListItem","position":1,"name":"Portada","item":"https:\/\/www.eldiariodetucuman.com\/web\/"},{"@type":"ListItem","position":2,"name":"Federico Delgado: \u00abLa ley se transform\u00f3 en un arma para destruir y presionar\u00bb"}]},{"@type":"WebSite","@id":"https:\/\/www.eldiariodetucuman.com\/web\/#website","url":"https:\/\/www.eldiariodetucuman.com\/web\/","name":"El Diario de Tucuman","description":"Diario Tucuman - Informaci\u00f3n y noticias","publisher":{"@id":"https:\/\/www.eldiariodetucuman.com\/web\/#organization"},"potentialAction":[{"@type":"SearchAction","target":{"@type":"EntryPoint","urlTemplate":"https:\/\/www.eldiariodetucuman.com\/web\/?s={search_term_string}"},"query-input":{"@type":"PropertyValueSpecification","valueRequired":true,"valueName":"search_term_string"}}],"inLanguage":"es"},{"@type":"Organization","@id":"https:\/\/www.eldiariodetucuman.com\/web\/#organization","name":"El Diario de Tucuman","url":"https:\/\/www.eldiariodetucuman.com\/web\/","logo":{"@type":"ImageObject","inLanguage":"es","@id":"https:\/\/www.eldiariodetucuman.com\/web\/#\/schema\/logo\/image\/","url":"http:\/\/www.eldiariodetucuman.com\/web\/wp-content\/uploads\/2017\/12\/el-diario-de-tucuman.jpg","contentUrl":"http:\/\/www.eldiariodetucuman.com\/web\/wp-content\/uploads\/2017\/12\/el-diario-de-tucuman.jpg","width":272,"height":92,"caption":"El Diario de Tucuman"},"image":{"@id":"https:\/\/www.eldiariodetucuman.com\/web\/#\/schema\/logo\/image\/"}},{"@type":"Person","@id":"https:\/\/www.eldiariodetucuman.com\/web\/#\/schema\/person\/9250197d75ab5483412e19678b121caa","name":"admin","image":{"@type":"ImageObject","inLanguage":"es","@id":"https:\/\/secure.gravatar.com\/avatar\/c44d117c2be811212c22cb481f6b8384b6873de103fbc49e7a03cc58d7dea4ac?s=96&d=mm&r=g","url":"https:\/\/secure.gravatar.com\/avatar\/c44d117c2be811212c22cb481f6b8384b6873de103fbc49e7a03cc58d7dea4ac?s=96&d=mm&r=g","contentUrl":"https:\/\/secure.gravatar.com\/avatar\/c44d117c2be811212c22cb481f6b8384b6873de103fbc49e7a03cc58d7dea4ac?s=96&d=mm&r=g","caption":"admin"},"url":"https:\/\/www.eldiariodetucuman.com\/web\/author\/admin\/"}]}},"_links":{"self":[{"href":"https:\/\/www.eldiariodetucuman.com\/web\/wp-json\/wp\/v2\/posts\/18296","targetHints":{"allow":["GET"]}}],"collection":[{"href":"https:\/\/www.eldiariodetucuman.com\/web\/wp-json\/wp\/v2\/posts"}],"about":[{"href":"https:\/\/www.eldiariodetucuman.com\/web\/wp-json\/wp\/v2\/types\/post"}],"author":[{"embeddable":true,"href":"https:\/\/www.eldiariodetucuman.com\/web\/wp-json\/wp\/v2\/users\/1"}],"replies":[{"embeddable":true,"href":"https:\/\/www.eldiariodetucuman.com\/web\/wp-json\/wp\/v2\/comments?post=18296"}],"version-history":[{"count":1,"href":"https:\/\/www.eldiariodetucuman.com\/web\/wp-json\/wp\/v2\/posts\/18296\/revisions"}],"predecessor-version":[{"id":18298,"href":"https:\/\/www.eldiariodetucuman.com\/web\/wp-json\/wp\/v2\/posts\/18296\/revisions\/18298"}],"wp:featuredmedia":[{"embeddable":true,"href":"https:\/\/www.eldiariodetucuman.com\/web\/wp-json\/wp\/v2\/media\/18297"}],"wp:attachment":[{"href":"https:\/\/www.eldiariodetucuman.com\/web\/wp-json\/wp\/v2\/media?parent=18296"}],"wp:term":[{"taxonomy":"category","embeddable":true,"href":"https:\/\/www.eldiariodetucuman.com\/web\/wp-json\/wp\/v2\/categories?post=18296"},{"taxonomy":"post_tag","embeddable":true,"href":"https:\/\/www.eldiariodetucuman.com\/web\/wp-json\/wp\/v2\/tags?post=18296"}],"curies":[{"name":"wp","href":"https:\/\/api.w.org\/{rel}","templated":true}]}}