{"id":18293,"date":"2018-10-20T12:37:22","date_gmt":"2018-10-20T15:37:22","guid":{"rendered":"http:\/\/www.eldiariodetucuman.com\/web\/cambiemos-encabeza-un-timbreo-nacional-que-se-extendera-hasta-las-ultimas-horas-de-la-tarde\/"},"modified":"2018-10-20T12:37:26","modified_gmt":"2018-10-20T15:37:26","slug":"cambiemos-encabeza-un-timbreo-nacional-que-se-extendera-hasta-las-ultimas-horas-de-la-tarde","status":"publish","type":"post","link":"https:\/\/www.eldiariodetucuman.com\/web\/cambiemos-encabeza-un-timbreo-nacional-que-se-extendera-hasta-las-ultimas-horas-de-la-tarde\/","title":{"rendered":"Cambiemos encabeza un timbreo nacional que se extender\u00e1 hasta las \u00faltimas horas de la tarde"},"content":{"rendered":"<div>\n<div readability=\"48.344218415418\">\n<p>Con una jornada de lluvias aisladas, el espacio pol\u00edtico <a href=\"https:\/\/www.elintransigente.com\/noticias\/buscar\/?buscar=cambiemos\">Cambiemos<\/a><strong> encabeza un <a href=\"https:\/\/www.elintransigente.com\/noticias\/buscar\/?buscar=timbreo\">timbreo nacional<\/a>\u00a0<\/strong>del que participar\u00e1n pol\u00edticos, funcionarios y voluntarios del partido oficialista.<\/p>\n<p><strong>A partir de las 10 horas<\/strong>, las personalidades del Gobierno comenzaron a recorrer las ciudades de los distritos que gobiernan, bajo el lema \u00abEscuchar a los vecinos\u00bb. <strong>Continuar\u00e1n hasta las \u00faltimas horas de la tarde. <\/strong>El anuncio se realiz\u00f3 el viernes 19\u00a0y, adem\u00e1s de invitar a participar a todos los afines al espacio pol\u00edtico, se inici\u00f3 una acci\u00f3n en las redes sociales\u00a0con el hashtag #CambiandoJuntos. De esta forma, el oficialismo se prepara para las elecciones del 2019.<\/p>\n<aside class=\"htmlinline \"><!-- politica 2 300 x 250 imagen --><ins class=\"adsbygoogle\" data-ad-client=\"ca-pub-7781556717282971\" data-ad-slot=\"3120775563\"><\/ins><br \/>\n<\/aside>\n<p><img decoding=\"async\" alt=\"\" src=\"https:\/\/www.elintransigente.com\/u\/fotografias\/m\/2018\/10\/20\/f768x0-482504_482522_9.jpg\"><\/p>\n<p>En las redes se puede ver la participaci\u00f3n de la Ministra de Seguridad, Patricia Bullrich;\u00a0el Ministro de Educaci\u00f3n, Alejandro Finocchiaro; el diputado cordob\u00e9s\u00a0H\u00e9ctor Baldassi; el diputado provincial Rub\u00e9n Manzi; al concejal de Florencio\u00a0Varela Pablo Alaniz; el diputado de CABA Eduardo Santamarina; el Secretario General de la provincia de Buenos Aires, Fabi\u00e1n Perechodnik; el Ministro de Desarrollo Social de la provincia de Buenos Aires, Santiago Medrano, entre otros funcionarios.<\/p>\n<aside class=\"htmlinline \"><!-- politica 5 300 x 250 texto mas imagen --><ins class=\"adsbygoogle\" data-ad-client=\"ca-pub-7781556717282971\" data-ad-slot=\"3033145653\"><\/ins><br \/>\n<\/aside>\n<p><img loading=\"lazy\" decoding=\"async\" alt=\"\" height=\"576\" src=\"https:\/\/www.elintransigente.com\/u\/fotografias\/m\/2018\/10\/20\/f768x0-482506_482524_31.jpg\" width=\"768\"><\/p>\n<p>Adem\u00e1s, un d\u00eda antes, 60 intendentes\u00a0de los municipios gobernados por Cambiemos\u00a0<strong>comenzaron su camino a las elecciones<\/strong> y se reunieron en un foro en Vicente L\u00f3pez, donde analizaron la coyuntura econ\u00f3mica y escucharon el discurso del consultor Jaime Dur\u00e1n Barba sobre estrategias comunicacionales a nivel local y sobre la campa\u00f1a que se viene.<\/p>\n<p><img loading=\"lazy\" decoding=\"async\" alt=\"\" height=\"576\" src=\"https:\/\/www.elintransigente.com\/u\/fotografias\/m\/2018\/10\/20\/f768x0-482502_482520_31.jpg\" width=\"768\"><\/p>\n<p>Durante la reuni\u00f3n, realizada en el\u00a0C\u00edrculo de la Fuerza A\u00e9rea Argentina,\u00a0en ese distrito del norte del conurbano, se analizaron las distintas gestiones de gobiernos locales. Tambi\u00e9n expusieron el ministro de Producci\u00f3n y Trabajo de la Naci\u00f3n, Dante Sica, y su colega provincial, Javier Tizado sobre el desaf\u00edo de las pymes en un contexto de recesi\u00f3n.<\/p>\n<p><img loading=\"lazy\" decoding=\"async\" alt=\"\" height=\"576\" src=\"https:\/\/www.elintransigente.com\/u\/fotografias\/m\/2018\/10\/20\/f768x0-482511_482529_31.jpg\" width=\"768\"><\/p>\n<\/div>\n<\/div>\n<p>Fuente: https:\/\/www.elintransigente.com\/politica\/2018\/10\/20\/cambiemos-encabeza-un-timbreo-nacional-que-se-extendera-hasta-las-ultimas-horas-de-la-tarde-518441.html<\/p>\n","protected":false},"excerpt":{"rendered":"<p>Con una jornada de lluvias aisladas, el espacio pol\u00edtico Cambiemos encabeza un timbreo nacional\u00a0del que participar\u00e1n pol\u00edticos, funcionarios y voluntarios del partido oficialista. A partir de las 10 horas, las personalidades del Gobierno comenzaron a recorrer las ciudades de los distritos que gobiernan, bajo el lema \u00abEscuchar a los vecinos\u00bb. Continuar\u00e1n hasta las \u00faltimas horas [&hellip;]<\/p>\n","protected":false},"author":1,"featured_media":18294,"comment_status":"open","ping_status":"closed","sticky":false,"template":"","format":"standard","meta":{"footnotes":""},"categories":[1],"tags":[],"class_list":{"0":"post-18293","1":"post","2":"type-post","3":"status-publish","4":"format-standard","5":"has-post-thumbnail","7":"category-portada"},"yoast_head":"<!-- This site is optimized with the Yoast SEO plugin v27.4 - https:\/\/yoast.com\/product\/yoast-seo-wordpress\/ -->\n<title>Cambiemos encabeza un timbreo nacional que se extender\u00e1 hasta las \u00faltimas horas de la tarde - El Diario de Tucuman<\/title>\n<meta name=\"robots\" content=\"index, follow, max-snippet:-1, max-image-preview:large, max-video-preview:-1\" \/>\n<link rel=\"canonical\" href=\"https:\/\/www.eldiariodetucuman.com\/web\/cambiemos-encabeza-un-timbreo-nacional-que-se-extendera-hasta-las-ultimas-horas-de-la-tarde\/\" \/>\n<meta property=\"og:locale\" content=\"es_ES\" \/>\n<meta property=\"og:type\" content=\"article\" \/>\n<meta property=\"og:title\" content=\"Cambiemos encabeza un timbreo nacional que se extender\u00e1 hasta las \u00faltimas horas de la tarde - El Diario de Tucuman\" \/>\n<meta property=\"og:description\" content=\"Con una jornada de lluvias aisladas, el espacio pol\u00edtico Cambiemos encabeza un timbreo nacional\u00a0del que participar\u00e1n pol\u00edticos, funcionarios y voluntarios del partido oficialista. A partir de las 10 horas, las personalidades del Gobierno comenzaron a recorrer las ciudades de los distritos que gobiernan, bajo el lema \u00abEscuchar a los vecinos\u00bb. Continuar\u00e1n hasta las \u00faltimas horas [&hellip;]\" \/>\n<meta property=\"og:url\" content=\"https:\/\/www.eldiariodetucuman.com\/web\/cambiemos-encabeza-un-timbreo-nacional-que-se-extendera-hasta-las-ultimas-horas-de-la-tarde\/\" \/>\n<meta property=\"og:site_name\" content=\"El Diario de Tucuman\" \/>\n<meta property=\"article:published_time\" content=\"2018-10-20T15:37:22+00:00\" \/>\n<meta property=\"article:modified_time\" content=\"2018-10-20T15:37:26+00:00\" \/>\n<meta property=\"og:image\" content=\"https:\/\/www.eldiariodetucuman.com\/web\/wp-content\/uploads\/2018\/10\/ef031c7f9e05f44cc7c6cc9bf4271046.jpeg\" \/>\n\t<meta property=\"og:image:width\" content=\"960\" \/>\n\t<meta property=\"og:image:height\" content=\"720\" \/>\n\t<meta property=\"og:image:type\" content=\"image\/jpeg\" \/>\n<meta name=\"author\" content=\"admin\" \/>\n<meta name=\"twitter:card\" content=\"summary_large_image\" \/>\n<meta name=\"twitter:label1\" content=\"Escrito por\" \/>\n\t<meta name=\"twitter:data1\" content=\"admin\" \/>\n\t<meta name=\"twitter:label2\" content=\"Tiempo de lectura\" \/>\n\t<meta name=\"twitter:data2\" content=\"2 minutos\" \/>\n<script type=\"application\/ld+json\" class=\"yoast-schema-graph\">{\"@context\":\"https:\\\/\\\/schema.org\",\"@graph\":[{\"@type\":\"Article\",\"@id\":\"https:\\\/\\\/www.eldiariodetucuman.com\\\/web\\\/cambiemos-encabeza-un-timbreo-nacional-que-se-extendera-hasta-las-ultimas-horas-de-la-tarde\\\/#article\",\"isPartOf\":{\"@id\":\"https:\\\/\\\/www.eldiariodetucuman.com\\\/web\\\/cambiemos-encabeza-un-timbreo-nacional-que-se-extendera-hasta-las-ultimas-horas-de-la-tarde\\\/\"},\"author\":{\"name\":\"admin\",\"@id\":\"https:\\\/\\\/www.eldiariodetucuman.com\\\/web\\\/#\\\/schema\\\/person\\\/9250197d75ab5483412e19678b121caa\"},\"headline\":\"Cambiemos encabeza un timbreo nacional que se extender\u00e1 hasta las \u00faltimas horas de la tarde\",\"datePublished\":\"2018-10-20T15:37:22+00:00\",\"dateModified\":\"2018-10-20T15:37:26+00:00\",\"mainEntityOfPage\":{\"@id\":\"https:\\\/\\\/www.eldiariodetucuman.com\\\/web\\\/cambiemos-encabeza-un-timbreo-nacional-que-se-extendera-hasta-las-ultimas-horas-de-la-tarde\\\/\"},\"wordCount\":331,\"commentCount\":0,\"publisher\":{\"@id\":\"https:\\\/\\\/www.eldiariodetucuman.com\\\/web\\\/#organization\"},\"image\":{\"@id\":\"https:\\\/\\\/www.eldiariodetucuman.com\\\/web\\\/cambiemos-encabeza-un-timbreo-nacional-que-se-extendera-hasta-las-ultimas-horas-de-la-tarde\\\/#primaryimage\"},\"thumbnailUrl\":\"https:\\\/\\\/www.eldiariodetucuman.com\\\/web\\\/wp-content\\\/uploads\\\/2018\\\/10\\\/ef031c7f9e05f44cc7c6cc9bf4271046.jpeg\",\"articleSection\":[\"Portada\"],\"inLanguage\":\"es\",\"potentialAction\":[{\"@type\":\"CommentAction\",\"name\":\"Comment\",\"target\":[\"https:\\\/\\\/www.eldiariodetucuman.com\\\/web\\\/cambiemos-encabeza-un-timbreo-nacional-que-se-extendera-hasta-las-ultimas-horas-de-la-tarde\\\/#respond\"]}]},{\"@type\":\"WebPage\",\"@id\":\"https:\\\/\\\/www.eldiariodetucuman.com\\\/web\\\/cambiemos-encabeza-un-timbreo-nacional-que-se-extendera-hasta-las-ultimas-horas-de-la-tarde\\\/\",\"url\":\"https:\\\/\\\/www.eldiariodetucuman.com\\\/web\\\/cambiemos-encabeza-un-timbreo-nacional-que-se-extendera-hasta-las-ultimas-horas-de-la-tarde\\\/\",\"name\":\"Cambiemos encabeza un timbreo nacional que se extender\u00e1 hasta las \u00faltimas horas de la tarde - El Diario de Tucuman\",\"isPartOf\":{\"@id\":\"https:\\\/\\\/www.eldiariodetucuman.com\\\/web\\\/#website\"},\"primaryImageOfPage\":{\"@id\":\"https:\\\/\\\/www.eldiariodetucuman.com\\\/web\\\/cambiemos-encabeza-un-timbreo-nacional-que-se-extendera-hasta-las-ultimas-horas-de-la-tarde\\\/#primaryimage\"},\"image\":{\"@id\":\"https:\\\/\\\/www.eldiariodetucuman.com\\\/web\\\/cambiemos-encabeza-un-timbreo-nacional-que-se-extendera-hasta-las-ultimas-horas-de-la-tarde\\\/#primaryimage\"},\"thumbnailUrl\":\"https:\\\/\\\/www.eldiariodetucuman.com\\\/web\\\/wp-content\\\/uploads\\\/2018\\\/10\\\/ef031c7f9e05f44cc7c6cc9bf4271046.jpeg\",\"datePublished\":\"2018-10-20T15:37:22+00:00\",\"dateModified\":\"2018-10-20T15:37:26+00:00\",\"breadcrumb\":{\"@id\":\"https:\\\/\\\/www.eldiariodetucuman.com\\\/web\\\/cambiemos-encabeza-un-timbreo-nacional-que-se-extendera-hasta-las-ultimas-horas-de-la-tarde\\\/#breadcrumb\"},\"inLanguage\":\"es\",\"potentialAction\":[{\"@type\":\"ReadAction\",\"target\":[\"https:\\\/\\\/www.eldiariodetucuman.com\\\/web\\\/cambiemos-encabeza-un-timbreo-nacional-que-se-extendera-hasta-las-ultimas-horas-de-la-tarde\\\/\"]}]},{\"@type\":\"ImageObject\",\"inLanguage\":\"es\",\"@id\":\"https:\\\/\\\/www.eldiariodetucuman.com\\\/web\\\/cambiemos-encabeza-un-timbreo-nacional-que-se-extendera-hasta-las-ultimas-horas-de-la-tarde\\\/#primaryimage\",\"url\":\"https:\\\/\\\/www.eldiariodetucuman.com\\\/web\\\/wp-content\\\/uploads\\\/2018\\\/10\\\/ef031c7f9e05f44cc7c6cc9bf4271046.jpeg\",\"contentUrl\":\"https:\\\/\\\/www.eldiariodetucuman.com\\\/web\\\/wp-content\\\/uploads\\\/2018\\\/10\\\/ef031c7f9e05f44cc7c6cc9bf4271046.jpeg\",\"width\":960,\"height\":720},{\"@type\":\"BreadcrumbList\",\"@id\":\"https:\\\/\\\/www.eldiariodetucuman.com\\\/web\\\/cambiemos-encabeza-un-timbreo-nacional-que-se-extendera-hasta-las-ultimas-horas-de-la-tarde\\\/#breadcrumb\",\"itemListElement\":[{\"@type\":\"ListItem\",\"position\":1,\"name\":\"Portada\",\"item\":\"https:\\\/\\\/www.eldiariodetucuman.com\\\/web\\\/\"},{\"@type\":\"ListItem\",\"position\":2,\"name\":\"Cambiemos encabeza un timbreo nacional que se extender\u00e1 hasta las \u00faltimas horas de la tarde\"}]},{\"@type\":\"WebSite\",\"@id\":\"https:\\\/\\\/www.eldiariodetucuman.com\\\/web\\\/#website\",\"url\":\"https:\\\/\\\/www.eldiariodetucuman.com\\\/web\\\/\",\"name\":\"El Diario de Tucuman\",\"description\":\"Diario Tucuman - Informaci\u00f3n y noticias\",\"publisher\":{\"@id\":\"https:\\\/\\\/www.eldiariodetucuman.com\\\/web\\\/#organization\"},\"potentialAction\":[{\"@type\":\"SearchAction\",\"target\":{\"@type\":\"EntryPoint\",\"urlTemplate\":\"https:\\\/\\\/www.eldiariodetucuman.com\\\/web\\\/?s={search_term_string}\"},\"query-input\":{\"@type\":\"PropertyValueSpecification\",\"valueRequired\":true,\"valueName\":\"search_term_string\"}}],\"inLanguage\":\"es\"},{\"@type\":\"Organization\",\"@id\":\"https:\\\/\\\/www.eldiariodetucuman.com\\\/web\\\/#organization\",\"name\":\"El Diario de Tucuman\",\"url\":\"https:\\\/\\\/www.eldiariodetucuman.com\\\/web\\\/\",\"logo\":{\"@type\":\"ImageObject\",\"inLanguage\":\"es\",\"@id\":\"https:\\\/\\\/www.eldiariodetucuman.com\\\/web\\\/#\\\/schema\\\/logo\\\/image\\\/\",\"url\":\"http:\\\/\\\/www.eldiariodetucuman.com\\\/web\\\/wp-content\\\/uploads\\\/2017\\\/12\\\/el-diario-de-tucuman.jpg\",\"contentUrl\":\"http:\\\/\\\/www.eldiariodetucuman.com\\\/web\\\/wp-content\\\/uploads\\\/2017\\\/12\\\/el-diario-de-tucuman.jpg\",\"width\":272,\"height\":92,\"caption\":\"El Diario de Tucuman\"},\"image\":{\"@id\":\"https:\\\/\\\/www.eldiariodetucuman.com\\\/web\\\/#\\\/schema\\\/logo\\\/image\\\/\"}},{\"@type\":\"Person\",\"@id\":\"https:\\\/\\\/www.eldiariodetucuman.com\\\/web\\\/#\\\/schema\\\/person\\\/9250197d75ab5483412e19678b121caa\",\"name\":\"admin\",\"image\":{\"@type\":\"ImageObject\",\"inLanguage\":\"es\",\"@id\":\"https:\\\/\\\/secure.gravatar.com\\\/avatar\\\/c44d117c2be811212c22cb481f6b8384b6873de103fbc49e7a03cc58d7dea4ac?s=96&d=mm&r=g\",\"url\":\"https:\\\/\\\/secure.gravatar.com\\\/avatar\\\/c44d117c2be811212c22cb481f6b8384b6873de103fbc49e7a03cc58d7dea4ac?s=96&d=mm&r=g\",\"contentUrl\":\"https:\\\/\\\/secure.gravatar.com\\\/avatar\\\/c44d117c2be811212c22cb481f6b8384b6873de103fbc49e7a03cc58d7dea4ac?s=96&d=mm&r=g\",\"caption\":\"admin\"},\"url\":\"https:\\\/\\\/www.eldiariodetucuman.com\\\/web\\\/author\\\/admin\\\/\"}]}<\/script>\n<!-- \/ Yoast SEO plugin. -->","yoast_head_json":{"title":"Cambiemos encabeza un timbreo nacional que se extender\u00e1 hasta las \u00faltimas horas de la tarde - El Diario de Tucuman","robots":{"index":"index","follow":"follow","max-snippet":"max-snippet:-1","max-image-preview":"max-image-preview:large","max-video-preview":"max-video-preview:-1"},"canonical":"https:\/\/www.eldiariodetucuman.com\/web\/cambiemos-encabeza-un-timbreo-nacional-que-se-extendera-hasta-las-ultimas-horas-de-la-tarde\/","og_locale":"es_ES","og_type":"article","og_title":"Cambiemos encabeza un timbreo nacional que se extender\u00e1 hasta las \u00faltimas horas de la tarde - El Diario de Tucuman","og_description":"Con una jornada de lluvias aisladas, el espacio pol\u00edtico Cambiemos encabeza un timbreo nacional\u00a0del que participar\u00e1n pol\u00edticos, funcionarios y voluntarios del partido oficialista. A partir de las 10 horas, las personalidades del Gobierno comenzaron a recorrer las ciudades de los distritos que gobiernan, bajo el lema \u00abEscuchar a los vecinos\u00bb. Continuar\u00e1n hasta las \u00faltimas horas [&hellip;]","og_url":"https:\/\/www.eldiariodetucuman.com\/web\/cambiemos-encabeza-un-timbreo-nacional-que-se-extendera-hasta-las-ultimas-horas-de-la-tarde\/","og_site_name":"El Diario de Tucuman","article_published_time":"2018-10-20T15:37:22+00:00","article_modified_time":"2018-10-20T15:37:26+00:00","og_image":[{"width":960,"height":720,"url":"https:\/\/www.eldiariodetucuman.com\/web\/wp-content\/uploads\/2018\/10\/ef031c7f9e05f44cc7c6cc9bf4271046.jpeg","type":"image\/jpeg"}],"author":"admin","twitter_card":"summary_large_image","twitter_misc":{"Escrito por":"admin","Tiempo de lectura":"2 minutos"},"schema":{"@context":"https:\/\/schema.org","@graph":[{"@type":"Article","@id":"https:\/\/www.eldiariodetucuman.com\/web\/cambiemos-encabeza-un-timbreo-nacional-que-se-extendera-hasta-las-ultimas-horas-de-la-tarde\/#article","isPartOf":{"@id":"https:\/\/www.eldiariodetucuman.com\/web\/cambiemos-encabeza-un-timbreo-nacional-que-se-extendera-hasta-las-ultimas-horas-de-la-tarde\/"},"author":{"name":"admin","@id":"https:\/\/www.eldiariodetucuman.com\/web\/#\/schema\/person\/9250197d75ab5483412e19678b121caa"},"headline":"Cambiemos encabeza un timbreo nacional que se extender\u00e1 hasta las \u00faltimas horas de la tarde","datePublished":"2018-10-20T15:37:22+00:00","dateModified":"2018-10-20T15:37:26+00:00","mainEntityOfPage":{"@id":"https:\/\/www.eldiariodetucuman.com\/web\/cambiemos-encabeza-un-timbreo-nacional-que-se-extendera-hasta-las-ultimas-horas-de-la-tarde\/"},"wordCount":331,"commentCount":0,"publisher":{"@id":"https:\/\/www.eldiariodetucuman.com\/web\/#organization"},"image":{"@id":"https:\/\/www.eldiariodetucuman.com\/web\/cambiemos-encabeza-un-timbreo-nacional-que-se-extendera-hasta-las-ultimas-horas-de-la-tarde\/#primaryimage"},"thumbnailUrl":"https:\/\/www.eldiariodetucuman.com\/web\/wp-content\/uploads\/2018\/10\/ef031c7f9e05f44cc7c6cc9bf4271046.jpeg","articleSection":["Portada"],"inLanguage":"es","potentialAction":[{"@type":"CommentAction","name":"Comment","target":["https:\/\/www.eldiariodetucuman.com\/web\/cambiemos-encabeza-un-timbreo-nacional-que-se-extendera-hasta-las-ultimas-horas-de-la-tarde\/#respond"]}]},{"@type":"WebPage","@id":"https:\/\/www.eldiariodetucuman.com\/web\/cambiemos-encabeza-un-timbreo-nacional-que-se-extendera-hasta-las-ultimas-horas-de-la-tarde\/","url":"https:\/\/www.eldiariodetucuman.com\/web\/cambiemos-encabeza-un-timbreo-nacional-que-se-extendera-hasta-las-ultimas-horas-de-la-tarde\/","name":"Cambiemos encabeza un timbreo nacional que se extender\u00e1 hasta las \u00faltimas horas de la tarde - El Diario de Tucuman","isPartOf":{"@id":"https:\/\/www.eldiariodetucuman.com\/web\/#website"},"primaryImageOfPage":{"@id":"https:\/\/www.eldiariodetucuman.com\/web\/cambiemos-encabeza-un-timbreo-nacional-que-se-extendera-hasta-las-ultimas-horas-de-la-tarde\/#primaryimage"},"image":{"@id":"https:\/\/www.eldiariodetucuman.com\/web\/cambiemos-encabeza-un-timbreo-nacional-que-se-extendera-hasta-las-ultimas-horas-de-la-tarde\/#primaryimage"},"thumbnailUrl":"https:\/\/www.eldiariodetucuman.com\/web\/wp-content\/uploads\/2018\/10\/ef031c7f9e05f44cc7c6cc9bf4271046.jpeg","datePublished":"2018-10-20T15:37:22+00:00","dateModified":"2018-10-20T15:37:26+00:00","breadcrumb":{"@id":"https:\/\/www.eldiariodetucuman.com\/web\/cambiemos-encabeza-un-timbreo-nacional-que-se-extendera-hasta-las-ultimas-horas-de-la-tarde\/#breadcrumb"},"inLanguage":"es","potentialAction":[{"@type":"ReadAction","target":["https:\/\/www.eldiariodetucuman.com\/web\/cambiemos-encabeza-un-timbreo-nacional-que-se-extendera-hasta-las-ultimas-horas-de-la-tarde\/"]}]},{"@type":"ImageObject","inLanguage":"es","@id":"https:\/\/www.eldiariodetucuman.com\/web\/cambiemos-encabeza-un-timbreo-nacional-que-se-extendera-hasta-las-ultimas-horas-de-la-tarde\/#primaryimage","url":"https:\/\/www.eldiariodetucuman.com\/web\/wp-content\/uploads\/2018\/10\/ef031c7f9e05f44cc7c6cc9bf4271046.jpeg","contentUrl":"https:\/\/www.eldiariodetucuman.com\/web\/wp-content\/uploads\/2018\/10\/ef031c7f9e05f44cc7c6cc9bf4271046.jpeg","width":960,"height":720},{"@type":"BreadcrumbList","@id":"https:\/\/www.eldiariodetucuman.com\/web\/cambiemos-encabeza-un-timbreo-nacional-que-se-extendera-hasta-las-ultimas-horas-de-la-tarde\/#breadcrumb","itemListElement":[{"@type":"ListItem","position":1,"name":"Portada","item":"https:\/\/www.eldiariodetucuman.com\/web\/"},{"@type":"ListItem","position":2,"name":"Cambiemos encabeza un timbreo nacional que se extender\u00e1 hasta las \u00faltimas horas de la tarde"}]},{"@type":"WebSite","@id":"https:\/\/www.eldiariodetucuman.com\/web\/#website","url":"https:\/\/www.eldiariodetucuman.com\/web\/","name":"El Diario de Tucuman","description":"Diario Tucuman - Informaci\u00f3n y noticias","publisher":{"@id":"https:\/\/www.eldiariodetucuman.com\/web\/#organization"},"potentialAction":[{"@type":"SearchAction","target":{"@type":"EntryPoint","urlTemplate":"https:\/\/www.eldiariodetucuman.com\/web\/?s={search_term_string}"},"query-input":{"@type":"PropertyValueSpecification","valueRequired":true,"valueName":"search_term_string"}}],"inLanguage":"es"},{"@type":"Organization","@id":"https:\/\/www.eldiariodetucuman.com\/web\/#organization","name":"El Diario de Tucuman","url":"https:\/\/www.eldiariodetucuman.com\/web\/","logo":{"@type":"ImageObject","inLanguage":"es","@id":"https:\/\/www.eldiariodetucuman.com\/web\/#\/schema\/logo\/image\/","url":"http:\/\/www.eldiariodetucuman.com\/web\/wp-content\/uploads\/2017\/12\/el-diario-de-tucuman.jpg","contentUrl":"http:\/\/www.eldiariodetucuman.com\/web\/wp-content\/uploads\/2017\/12\/el-diario-de-tucuman.jpg","width":272,"height":92,"caption":"El Diario de Tucuman"},"image":{"@id":"https:\/\/www.eldiariodetucuman.com\/web\/#\/schema\/logo\/image\/"}},{"@type":"Person","@id":"https:\/\/www.eldiariodetucuman.com\/web\/#\/schema\/person\/9250197d75ab5483412e19678b121caa","name":"admin","image":{"@type":"ImageObject","inLanguage":"es","@id":"https:\/\/secure.gravatar.com\/avatar\/c44d117c2be811212c22cb481f6b8384b6873de103fbc49e7a03cc58d7dea4ac?s=96&d=mm&r=g","url":"https:\/\/secure.gravatar.com\/avatar\/c44d117c2be811212c22cb481f6b8384b6873de103fbc49e7a03cc58d7dea4ac?s=96&d=mm&r=g","contentUrl":"https:\/\/secure.gravatar.com\/avatar\/c44d117c2be811212c22cb481f6b8384b6873de103fbc49e7a03cc58d7dea4ac?s=96&d=mm&r=g","caption":"admin"},"url":"https:\/\/www.eldiariodetucuman.com\/web\/author\/admin\/"}]}},"_links":{"self":[{"href":"https:\/\/www.eldiariodetucuman.com\/web\/wp-json\/wp\/v2\/posts\/18293","targetHints":{"allow":["GET"]}}],"collection":[{"href":"https:\/\/www.eldiariodetucuman.com\/web\/wp-json\/wp\/v2\/posts"}],"about":[{"href":"https:\/\/www.eldiariodetucuman.com\/web\/wp-json\/wp\/v2\/types\/post"}],"author":[{"embeddable":true,"href":"https:\/\/www.eldiariodetucuman.com\/web\/wp-json\/wp\/v2\/users\/1"}],"replies":[{"embeddable":true,"href":"https:\/\/www.eldiariodetucuman.com\/web\/wp-json\/wp\/v2\/comments?post=18293"}],"version-history":[{"count":1,"href":"https:\/\/www.eldiariodetucuman.com\/web\/wp-json\/wp\/v2\/posts\/18293\/revisions"}],"predecessor-version":[{"id":18295,"href":"https:\/\/www.eldiariodetucuman.com\/web\/wp-json\/wp\/v2\/posts\/18293\/revisions\/18295"}],"wp:featuredmedia":[{"embeddable":true,"href":"https:\/\/www.eldiariodetucuman.com\/web\/wp-json\/wp\/v2\/media\/18294"}],"wp:attachment":[{"href":"https:\/\/www.eldiariodetucuman.com\/web\/wp-json\/wp\/v2\/media?parent=18293"}],"wp:term":[{"taxonomy":"category","embeddable":true,"href":"https:\/\/www.eldiariodetucuman.com\/web\/wp-json\/wp\/v2\/categories?post=18293"},{"taxonomy":"post_tag","embeddable":true,"href":"https:\/\/www.eldiariodetucuman.com\/web\/wp-json\/wp\/v2\/tags?post=18293"}],"curies":[{"name":"wp","href":"https:\/\/api.w.org\/{rel}","templated":true}]}}