{"id":18290,"date":"2018-10-20T11:43:03","date_gmt":"2018-10-20T14:43:03","guid":{"rendered":"http:\/\/www.eldiariodetucuman.com\/web\/ctep-y-barrios-de-pie-solicitaron-estar-presentes-durante-el-debate-en-diputados\/"},"modified":"2018-10-20T11:43:05","modified_gmt":"2018-10-20T14:43:05","slug":"ctep-y-barrios-de-pie-solicitaron-estar-presentes-durante-el-debate-en-diputados","status":"publish","type":"post","link":"https:\/\/www.eldiariodetucuman.com\/web\/ctep-y-barrios-de-pie-solicitaron-estar-presentes-durante-el-debate-en-diputados\/","title":{"rendered":"CTEP y Barrios de Pie solicitaron estar presentes durante el debate en Diputados"},"content":{"rendered":"<div>\n<div readability=\"54.115733113674\">\n<p>Este viernes, mediante una carta presentada por el bloque del<a href=\"https:\/\/www.elintransigente.com\/noticias\/buscar\/?buscar=+Movimiento+Evita\"> Movimiento Evita<\/a> que preside el legislador nacional<strong> Leonardo Grosso<\/strong>, los movimientos sociales que integran el <strong>Consejo de la Economia Popular y el Salario Social<\/strong>, le comunicaron al presidente de la <a href=\"https:\/\/www.elintransigente.com\/noticias\/buscar\/?buscar=Comisi%F3n+de+Presupuesto\">Comisi\u00f3n de Presupuesto<\/a>, <strong>Luciano Laspina<\/strong>, su &#8220;voluntad de brindar su visi\u00f3n sobre la ley de leyes&#8221;.<\/p>\n<aside class=\"relacionadas con-foto\">\n<h5>Noticias Relacionadas<\/h5>\n<\/aside>\n<p>Grosso manifest\u00f3 que se trata de &#8220;una situaci\u00f3n de crisis&#8221; que el Presupuesto &#8220;que quiere impulsar el Gobierno s\u00f3lo puede profundizarla&#8221; y \u00a0asegur\u00f3 que &#8220;no puede ser que se destinen m\u00e1s recursos a pagar la deuda externa que a solucionar los problemas de la gente que no tiene para comer&#8221;.<\/p>\n<aside class=\"htmlinline \"><!-- politica 2 300 x 250 imagen --><ins class=\"adsbygoogle\" data-ad-client=\"ca-pub-7781556717282971\" data-ad-slot=\"3120775563\"><\/ins><br \/>\n<\/aside>\n<p>El legislador concluy\u00f3 &#8220;Le solicitamos al presidente de la Comisi\u00f3n que escuche a los movimientos sociales&#8221;,<\/p>\n<p>En esta l\u00ednea, el coordinador nacional de Barrios de Pie, Daniel Men\u00e9ndez, dijo hoy que hay que evitar que el &#8220;hambre se instale&#8221; en la Argentina y anticip\u00f3 que el pr\u00f3ximo martes los movimientos sociales se movilizar\u00e1n al Congreso para presionar por las partidas sociales en el Presupuesto 2019.<\/p>\n<aside class=\"htmlinline \"><!-- politica 5 300 x 250 texto mas imagen --><ins class=\"adsbygoogle\" data-ad-client=\"ca-pub-7781556717282971\" data-ad-slot=\"3033145653\"><\/ins><br \/>\n<\/aside>\n<p>En una entrevista brindada a #SomosTelam, Men\u00e9ndez, Men\u00e9ndez\u00a0pidi\u00f3 al presidente Mauricio Macri que llame a un di\u00e1logo nacional con la Iglesia, empresarios, sindicatos y movimientos sociales, ya que la crisis &#8220;se profundiz\u00f3 y hay que buscar otras respuestas.&#8221;\u00a0<\/p>\n<p>&#8220;Dos variables: aumento de precio de alimentos y destrucci\u00f3n de changas hicieron pelota la situaci\u00f3n social,&#8221; sostuvo el dirigente social. Manifest\u00f3 que para los movimientos sociales &#8220;el desaf\u00edo hoy es que no se instale el hambre en la Argentina y para eso tiene que haber refuerzo presupuestario significativo para los comedores de las escuelas&#8221;.<\/p>\n<p>Para el pr\u00f3ximo martes, el \u00a0d\u00eda previo a que se trate el proyecto del Presupuesto 2019 en Diputados, se espera que m\u00e1s de 100 mil trabajadores de las distintas organizaciones sociales del pa\u00eds se movilicen al Congreso nacional, para exigirles a los funcionarios que incluyan la Emergencia Alimentaria en el proyecto de ley que ser\u00e1 debatido.<\/p>\n<p>Se trata de un pedido que vienen realizando las organizaciones, que denuncian que por la actual crisis econ\u00f3mica los comedores duplicaron y hasta triplicaron la cantidad de asistentes.\u00a0<br \/>\n\u00a0<br \/>\n\u00a0<\/p>\n<\/div>\n<\/div>\n<p>Fuente: https:\/\/www.elintransigente.com\/politica\/2018\/10\/19\/ctep-barrios-de-pie-solicitaron-estar-presentes-durante-el-debate-en-diputados-518395.html<\/p>\n","protected":false},"excerpt":{"rendered":"<p>Este viernes, mediante una carta presentada por el bloque del Movimiento Evita que preside el legislador nacional Leonardo Grosso, los movimientos sociales que integran el Consejo de la Economia Popular y el Salario Social, le comunicaron al presidente de la Comisi\u00f3n de Presupuesto, Luciano Laspina, su &#8220;voluntad de brindar su visi\u00f3n sobre la ley de [&hellip;]<\/p>\n","protected":false},"author":1,"featured_media":18291,"comment_status":"open","ping_status":"closed","sticky":false,"template":"","format":"standard","meta":{"footnotes":""},"categories":[1],"tags":[],"class_list":{"0":"post-18290","1":"post","2":"type-post","3":"status-publish","4":"format-standard","5":"has-post-thumbnail","7":"category-portada"},"yoast_head":"<!-- This site is optimized with the Yoast SEO plugin v27.4 - https:\/\/yoast.com\/product\/yoast-seo-wordpress\/ -->\n<title>CTEP y Barrios de Pie solicitaron estar presentes durante el debate en Diputados - El Diario de Tucuman<\/title>\n<meta name=\"robots\" content=\"index, follow, max-snippet:-1, max-image-preview:large, max-video-preview:-1\" \/>\n<link rel=\"canonical\" href=\"https:\/\/www.eldiariodetucuman.com\/web\/ctep-y-barrios-de-pie-solicitaron-estar-presentes-durante-el-debate-en-diputados\/\" \/>\n<meta property=\"og:locale\" content=\"es_ES\" \/>\n<meta property=\"og:type\" content=\"article\" \/>\n<meta property=\"og:title\" content=\"CTEP y Barrios de Pie solicitaron estar presentes durante el debate en Diputados - El Diario de Tucuman\" \/>\n<meta property=\"og:description\" content=\"Este viernes, mediante una carta presentada por el bloque del Movimiento Evita que preside el legislador nacional Leonardo Grosso, los movimientos sociales que integran el Consejo de la Economia Popular y el Salario Social, le comunicaron al presidente de la Comisi\u00f3n de Presupuesto, Luciano Laspina, su &#8220;voluntad de brindar su visi\u00f3n sobre la ley de [&hellip;]\" \/>\n<meta property=\"og:url\" content=\"https:\/\/www.eldiariodetucuman.com\/web\/ctep-y-barrios-de-pie-solicitaron-estar-presentes-durante-el-debate-en-diputados\/\" \/>\n<meta property=\"og:site_name\" content=\"El Diario de Tucuman\" \/>\n<meta property=\"article:published_time\" content=\"2018-10-20T14:43:03+00:00\" \/>\n<meta property=\"article:modified_time\" content=\"2018-10-20T14:43:05+00:00\" \/>\n<meta property=\"og:image\" content=\"https:\/\/www.eldiariodetucuman.com\/web\/wp-content\/uploads\/2018\/10\/788a52c40671e20d83a6c5a8560c55b9.jpeg\" \/>\n\t<meta property=\"og:image:width\" content=\"960\" \/>\n\t<meta property=\"og:image:height\" content=\"619\" \/>\n\t<meta property=\"og:image:type\" content=\"image\/jpeg\" \/>\n<meta name=\"author\" content=\"admin\" \/>\n<meta name=\"twitter:card\" content=\"summary_large_image\" \/>\n<meta name=\"twitter:label1\" content=\"Escrito por\" \/>\n\t<meta name=\"twitter:data1\" content=\"admin\" \/>\n\t<meta name=\"twitter:label2\" content=\"Tiempo de lectura\" \/>\n\t<meta name=\"twitter:data2\" content=\"2 minutos\" \/>\n<script type=\"application\/ld+json\" class=\"yoast-schema-graph\">{\"@context\":\"https:\\\/\\\/schema.org\",\"@graph\":[{\"@type\":\"Article\",\"@id\":\"https:\\\/\\\/www.eldiariodetucuman.com\\\/web\\\/ctep-y-barrios-de-pie-solicitaron-estar-presentes-durante-el-debate-en-diputados\\\/#article\",\"isPartOf\":{\"@id\":\"https:\\\/\\\/www.eldiariodetucuman.com\\\/web\\\/ctep-y-barrios-de-pie-solicitaron-estar-presentes-durante-el-debate-en-diputados\\\/\"},\"author\":{\"name\":\"admin\",\"@id\":\"https:\\\/\\\/www.eldiariodetucuman.com\\\/web\\\/#\\\/schema\\\/person\\\/9250197d75ab5483412e19678b121caa\"},\"headline\":\"CTEP y Barrios de Pie solicitaron estar presentes durante el debate en Diputados\",\"datePublished\":\"2018-10-20T14:43:03+00:00\",\"dateModified\":\"2018-10-20T14:43:05+00:00\",\"mainEntityOfPage\":{\"@id\":\"https:\\\/\\\/www.eldiariodetucuman.com\\\/web\\\/ctep-y-barrios-de-pie-solicitaron-estar-presentes-durante-el-debate-en-diputados\\\/\"},\"wordCount\":389,\"commentCount\":0,\"publisher\":{\"@id\":\"https:\\\/\\\/www.eldiariodetucuman.com\\\/web\\\/#organization\"},\"image\":{\"@id\":\"https:\\\/\\\/www.eldiariodetucuman.com\\\/web\\\/ctep-y-barrios-de-pie-solicitaron-estar-presentes-durante-el-debate-en-diputados\\\/#primaryimage\"},\"thumbnailUrl\":\"https:\\\/\\\/www.eldiariodetucuman.com\\\/web\\\/wp-content\\\/uploads\\\/2018\\\/10\\\/788a52c40671e20d83a6c5a8560c55b9.jpeg\",\"articleSection\":[\"Portada\"],\"inLanguage\":\"es\",\"potentialAction\":[{\"@type\":\"CommentAction\",\"name\":\"Comment\",\"target\":[\"https:\\\/\\\/www.eldiariodetucuman.com\\\/web\\\/ctep-y-barrios-de-pie-solicitaron-estar-presentes-durante-el-debate-en-diputados\\\/#respond\"]}]},{\"@type\":\"WebPage\",\"@id\":\"https:\\\/\\\/www.eldiariodetucuman.com\\\/web\\\/ctep-y-barrios-de-pie-solicitaron-estar-presentes-durante-el-debate-en-diputados\\\/\",\"url\":\"https:\\\/\\\/www.eldiariodetucuman.com\\\/web\\\/ctep-y-barrios-de-pie-solicitaron-estar-presentes-durante-el-debate-en-diputados\\\/\",\"name\":\"CTEP y Barrios de Pie solicitaron estar presentes durante el debate en Diputados - El Diario de Tucuman\",\"isPartOf\":{\"@id\":\"https:\\\/\\\/www.eldiariodetucuman.com\\\/web\\\/#website\"},\"primaryImageOfPage\":{\"@id\":\"https:\\\/\\\/www.eldiariodetucuman.com\\\/web\\\/ctep-y-barrios-de-pie-solicitaron-estar-presentes-durante-el-debate-en-diputados\\\/#primaryimage\"},\"image\":{\"@id\":\"https:\\\/\\\/www.eldiariodetucuman.com\\\/web\\\/ctep-y-barrios-de-pie-solicitaron-estar-presentes-durante-el-debate-en-diputados\\\/#primaryimage\"},\"thumbnailUrl\":\"https:\\\/\\\/www.eldiariodetucuman.com\\\/web\\\/wp-content\\\/uploads\\\/2018\\\/10\\\/788a52c40671e20d83a6c5a8560c55b9.jpeg\",\"datePublished\":\"2018-10-20T14:43:03+00:00\",\"dateModified\":\"2018-10-20T14:43:05+00:00\",\"breadcrumb\":{\"@id\":\"https:\\\/\\\/www.eldiariodetucuman.com\\\/web\\\/ctep-y-barrios-de-pie-solicitaron-estar-presentes-durante-el-debate-en-diputados\\\/#breadcrumb\"},\"inLanguage\":\"es\",\"potentialAction\":[{\"@type\":\"ReadAction\",\"target\":[\"https:\\\/\\\/www.eldiariodetucuman.com\\\/web\\\/ctep-y-barrios-de-pie-solicitaron-estar-presentes-durante-el-debate-en-diputados\\\/\"]}]},{\"@type\":\"ImageObject\",\"inLanguage\":\"es\",\"@id\":\"https:\\\/\\\/www.eldiariodetucuman.com\\\/web\\\/ctep-y-barrios-de-pie-solicitaron-estar-presentes-durante-el-debate-en-diputados\\\/#primaryimage\",\"url\":\"https:\\\/\\\/www.eldiariodetucuman.com\\\/web\\\/wp-content\\\/uploads\\\/2018\\\/10\\\/788a52c40671e20d83a6c5a8560c55b9.jpeg\",\"contentUrl\":\"https:\\\/\\\/www.eldiariodetucuman.com\\\/web\\\/wp-content\\\/uploads\\\/2018\\\/10\\\/788a52c40671e20d83a6c5a8560c55b9.jpeg\",\"width\":960,\"height\":619},{\"@type\":\"BreadcrumbList\",\"@id\":\"https:\\\/\\\/www.eldiariodetucuman.com\\\/web\\\/ctep-y-barrios-de-pie-solicitaron-estar-presentes-durante-el-debate-en-diputados\\\/#breadcrumb\",\"itemListElement\":[{\"@type\":\"ListItem\",\"position\":1,\"name\":\"Portada\",\"item\":\"https:\\\/\\\/www.eldiariodetucuman.com\\\/web\\\/\"},{\"@type\":\"ListItem\",\"position\":2,\"name\":\"CTEP y Barrios de Pie solicitaron estar presentes durante el debate en Diputados\"}]},{\"@type\":\"WebSite\",\"@id\":\"https:\\\/\\\/www.eldiariodetucuman.com\\\/web\\\/#website\",\"url\":\"https:\\\/\\\/www.eldiariodetucuman.com\\\/web\\\/\",\"name\":\"El Diario de Tucuman\",\"description\":\"Diario Tucuman - Informaci\u00f3n y noticias\",\"publisher\":{\"@id\":\"https:\\\/\\\/www.eldiariodetucuman.com\\\/web\\\/#organization\"},\"potentialAction\":[{\"@type\":\"SearchAction\",\"target\":{\"@type\":\"EntryPoint\",\"urlTemplate\":\"https:\\\/\\\/www.eldiariodetucuman.com\\\/web\\\/?s={search_term_string}\"},\"query-input\":{\"@type\":\"PropertyValueSpecification\",\"valueRequired\":true,\"valueName\":\"search_term_string\"}}],\"inLanguage\":\"es\"},{\"@type\":\"Organization\",\"@id\":\"https:\\\/\\\/www.eldiariodetucuman.com\\\/web\\\/#organization\",\"name\":\"El Diario de Tucuman\",\"url\":\"https:\\\/\\\/www.eldiariodetucuman.com\\\/web\\\/\",\"logo\":{\"@type\":\"ImageObject\",\"inLanguage\":\"es\",\"@id\":\"https:\\\/\\\/www.eldiariodetucuman.com\\\/web\\\/#\\\/schema\\\/logo\\\/image\\\/\",\"url\":\"http:\\\/\\\/www.eldiariodetucuman.com\\\/web\\\/wp-content\\\/uploads\\\/2017\\\/12\\\/el-diario-de-tucuman.jpg\",\"contentUrl\":\"http:\\\/\\\/www.eldiariodetucuman.com\\\/web\\\/wp-content\\\/uploads\\\/2017\\\/12\\\/el-diario-de-tucuman.jpg\",\"width\":272,\"height\":92,\"caption\":\"El Diario de Tucuman\"},\"image\":{\"@id\":\"https:\\\/\\\/www.eldiariodetucuman.com\\\/web\\\/#\\\/schema\\\/logo\\\/image\\\/\"}},{\"@type\":\"Person\",\"@id\":\"https:\\\/\\\/www.eldiariodetucuman.com\\\/web\\\/#\\\/schema\\\/person\\\/9250197d75ab5483412e19678b121caa\",\"name\":\"admin\",\"image\":{\"@type\":\"ImageObject\",\"inLanguage\":\"es\",\"@id\":\"https:\\\/\\\/secure.gravatar.com\\\/avatar\\\/c44d117c2be811212c22cb481f6b8384b6873de103fbc49e7a03cc58d7dea4ac?s=96&d=mm&r=g\",\"url\":\"https:\\\/\\\/secure.gravatar.com\\\/avatar\\\/c44d117c2be811212c22cb481f6b8384b6873de103fbc49e7a03cc58d7dea4ac?s=96&d=mm&r=g\",\"contentUrl\":\"https:\\\/\\\/secure.gravatar.com\\\/avatar\\\/c44d117c2be811212c22cb481f6b8384b6873de103fbc49e7a03cc58d7dea4ac?s=96&d=mm&r=g\",\"caption\":\"admin\"},\"url\":\"https:\\\/\\\/www.eldiariodetucuman.com\\\/web\\\/author\\\/admin\\\/\"}]}<\/script>\n<!-- \/ Yoast SEO plugin. -->","yoast_head_json":{"title":"CTEP y Barrios de Pie solicitaron estar presentes durante el debate en Diputados - El Diario de Tucuman","robots":{"index":"index","follow":"follow","max-snippet":"max-snippet:-1","max-image-preview":"max-image-preview:large","max-video-preview":"max-video-preview:-1"},"canonical":"https:\/\/www.eldiariodetucuman.com\/web\/ctep-y-barrios-de-pie-solicitaron-estar-presentes-durante-el-debate-en-diputados\/","og_locale":"es_ES","og_type":"article","og_title":"CTEP y Barrios de Pie solicitaron estar presentes durante el debate en Diputados - El Diario de Tucuman","og_description":"Este viernes, mediante una carta presentada por el bloque del Movimiento Evita que preside el legislador nacional Leonardo Grosso, los movimientos sociales que integran el Consejo de la Economia Popular y el Salario Social, le comunicaron al presidente de la Comisi\u00f3n de Presupuesto, Luciano Laspina, su &#8220;voluntad de brindar su visi\u00f3n sobre la ley de [&hellip;]","og_url":"https:\/\/www.eldiariodetucuman.com\/web\/ctep-y-barrios-de-pie-solicitaron-estar-presentes-durante-el-debate-en-diputados\/","og_site_name":"El Diario de Tucuman","article_published_time":"2018-10-20T14:43:03+00:00","article_modified_time":"2018-10-20T14:43:05+00:00","og_image":[{"width":960,"height":619,"url":"https:\/\/www.eldiariodetucuman.com\/web\/wp-content\/uploads\/2018\/10\/788a52c40671e20d83a6c5a8560c55b9.jpeg","type":"image\/jpeg"}],"author":"admin","twitter_card":"summary_large_image","twitter_misc":{"Escrito por":"admin","Tiempo de lectura":"2 minutos"},"schema":{"@context":"https:\/\/schema.org","@graph":[{"@type":"Article","@id":"https:\/\/www.eldiariodetucuman.com\/web\/ctep-y-barrios-de-pie-solicitaron-estar-presentes-durante-el-debate-en-diputados\/#article","isPartOf":{"@id":"https:\/\/www.eldiariodetucuman.com\/web\/ctep-y-barrios-de-pie-solicitaron-estar-presentes-durante-el-debate-en-diputados\/"},"author":{"name":"admin","@id":"https:\/\/www.eldiariodetucuman.com\/web\/#\/schema\/person\/9250197d75ab5483412e19678b121caa"},"headline":"CTEP y Barrios de Pie solicitaron estar presentes durante el debate en Diputados","datePublished":"2018-10-20T14:43:03+00:00","dateModified":"2018-10-20T14:43:05+00:00","mainEntityOfPage":{"@id":"https:\/\/www.eldiariodetucuman.com\/web\/ctep-y-barrios-de-pie-solicitaron-estar-presentes-durante-el-debate-en-diputados\/"},"wordCount":389,"commentCount":0,"publisher":{"@id":"https:\/\/www.eldiariodetucuman.com\/web\/#organization"},"image":{"@id":"https:\/\/www.eldiariodetucuman.com\/web\/ctep-y-barrios-de-pie-solicitaron-estar-presentes-durante-el-debate-en-diputados\/#primaryimage"},"thumbnailUrl":"https:\/\/www.eldiariodetucuman.com\/web\/wp-content\/uploads\/2018\/10\/788a52c40671e20d83a6c5a8560c55b9.jpeg","articleSection":["Portada"],"inLanguage":"es","potentialAction":[{"@type":"CommentAction","name":"Comment","target":["https:\/\/www.eldiariodetucuman.com\/web\/ctep-y-barrios-de-pie-solicitaron-estar-presentes-durante-el-debate-en-diputados\/#respond"]}]},{"@type":"WebPage","@id":"https:\/\/www.eldiariodetucuman.com\/web\/ctep-y-barrios-de-pie-solicitaron-estar-presentes-durante-el-debate-en-diputados\/","url":"https:\/\/www.eldiariodetucuman.com\/web\/ctep-y-barrios-de-pie-solicitaron-estar-presentes-durante-el-debate-en-diputados\/","name":"CTEP y Barrios de Pie solicitaron estar presentes durante el debate en Diputados - El Diario de Tucuman","isPartOf":{"@id":"https:\/\/www.eldiariodetucuman.com\/web\/#website"},"primaryImageOfPage":{"@id":"https:\/\/www.eldiariodetucuman.com\/web\/ctep-y-barrios-de-pie-solicitaron-estar-presentes-durante-el-debate-en-diputados\/#primaryimage"},"image":{"@id":"https:\/\/www.eldiariodetucuman.com\/web\/ctep-y-barrios-de-pie-solicitaron-estar-presentes-durante-el-debate-en-diputados\/#primaryimage"},"thumbnailUrl":"https:\/\/www.eldiariodetucuman.com\/web\/wp-content\/uploads\/2018\/10\/788a52c40671e20d83a6c5a8560c55b9.jpeg","datePublished":"2018-10-20T14:43:03+00:00","dateModified":"2018-10-20T14:43:05+00:00","breadcrumb":{"@id":"https:\/\/www.eldiariodetucuman.com\/web\/ctep-y-barrios-de-pie-solicitaron-estar-presentes-durante-el-debate-en-diputados\/#breadcrumb"},"inLanguage":"es","potentialAction":[{"@type":"ReadAction","target":["https:\/\/www.eldiariodetucuman.com\/web\/ctep-y-barrios-de-pie-solicitaron-estar-presentes-durante-el-debate-en-diputados\/"]}]},{"@type":"ImageObject","inLanguage":"es","@id":"https:\/\/www.eldiariodetucuman.com\/web\/ctep-y-barrios-de-pie-solicitaron-estar-presentes-durante-el-debate-en-diputados\/#primaryimage","url":"https:\/\/www.eldiariodetucuman.com\/web\/wp-content\/uploads\/2018\/10\/788a52c40671e20d83a6c5a8560c55b9.jpeg","contentUrl":"https:\/\/www.eldiariodetucuman.com\/web\/wp-content\/uploads\/2018\/10\/788a52c40671e20d83a6c5a8560c55b9.jpeg","width":960,"height":619},{"@type":"BreadcrumbList","@id":"https:\/\/www.eldiariodetucuman.com\/web\/ctep-y-barrios-de-pie-solicitaron-estar-presentes-durante-el-debate-en-diputados\/#breadcrumb","itemListElement":[{"@type":"ListItem","position":1,"name":"Portada","item":"https:\/\/www.eldiariodetucuman.com\/web\/"},{"@type":"ListItem","position":2,"name":"CTEP y Barrios de Pie solicitaron estar presentes durante el debate en Diputados"}]},{"@type":"WebSite","@id":"https:\/\/www.eldiariodetucuman.com\/web\/#website","url":"https:\/\/www.eldiariodetucuman.com\/web\/","name":"El Diario de Tucuman","description":"Diario Tucuman - Informaci\u00f3n y noticias","publisher":{"@id":"https:\/\/www.eldiariodetucuman.com\/web\/#organization"},"potentialAction":[{"@type":"SearchAction","target":{"@type":"EntryPoint","urlTemplate":"https:\/\/www.eldiariodetucuman.com\/web\/?s={search_term_string}"},"query-input":{"@type":"PropertyValueSpecification","valueRequired":true,"valueName":"search_term_string"}}],"inLanguage":"es"},{"@type":"Organization","@id":"https:\/\/www.eldiariodetucuman.com\/web\/#organization","name":"El Diario de Tucuman","url":"https:\/\/www.eldiariodetucuman.com\/web\/","logo":{"@type":"ImageObject","inLanguage":"es","@id":"https:\/\/www.eldiariodetucuman.com\/web\/#\/schema\/logo\/image\/","url":"http:\/\/www.eldiariodetucuman.com\/web\/wp-content\/uploads\/2017\/12\/el-diario-de-tucuman.jpg","contentUrl":"http:\/\/www.eldiariodetucuman.com\/web\/wp-content\/uploads\/2017\/12\/el-diario-de-tucuman.jpg","width":272,"height":92,"caption":"El Diario de Tucuman"},"image":{"@id":"https:\/\/www.eldiariodetucuman.com\/web\/#\/schema\/logo\/image\/"}},{"@type":"Person","@id":"https:\/\/www.eldiariodetucuman.com\/web\/#\/schema\/person\/9250197d75ab5483412e19678b121caa","name":"admin","image":{"@type":"ImageObject","inLanguage":"es","@id":"https:\/\/secure.gravatar.com\/avatar\/c44d117c2be811212c22cb481f6b8384b6873de103fbc49e7a03cc58d7dea4ac?s=96&d=mm&r=g","url":"https:\/\/secure.gravatar.com\/avatar\/c44d117c2be811212c22cb481f6b8384b6873de103fbc49e7a03cc58d7dea4ac?s=96&d=mm&r=g","contentUrl":"https:\/\/secure.gravatar.com\/avatar\/c44d117c2be811212c22cb481f6b8384b6873de103fbc49e7a03cc58d7dea4ac?s=96&d=mm&r=g","caption":"admin"},"url":"https:\/\/www.eldiariodetucuman.com\/web\/author\/admin\/"}]}},"_links":{"self":[{"href":"https:\/\/www.eldiariodetucuman.com\/web\/wp-json\/wp\/v2\/posts\/18290","targetHints":{"allow":["GET"]}}],"collection":[{"href":"https:\/\/www.eldiariodetucuman.com\/web\/wp-json\/wp\/v2\/posts"}],"about":[{"href":"https:\/\/www.eldiariodetucuman.com\/web\/wp-json\/wp\/v2\/types\/post"}],"author":[{"embeddable":true,"href":"https:\/\/www.eldiariodetucuman.com\/web\/wp-json\/wp\/v2\/users\/1"}],"replies":[{"embeddable":true,"href":"https:\/\/www.eldiariodetucuman.com\/web\/wp-json\/wp\/v2\/comments?post=18290"}],"version-history":[{"count":1,"href":"https:\/\/www.eldiariodetucuman.com\/web\/wp-json\/wp\/v2\/posts\/18290\/revisions"}],"predecessor-version":[{"id":18292,"href":"https:\/\/www.eldiariodetucuman.com\/web\/wp-json\/wp\/v2\/posts\/18290\/revisions\/18292"}],"wp:featuredmedia":[{"embeddable":true,"href":"https:\/\/www.eldiariodetucuman.com\/web\/wp-json\/wp\/v2\/media\/18291"}],"wp:attachment":[{"href":"https:\/\/www.eldiariodetucuman.com\/web\/wp-json\/wp\/v2\/media?parent=18290"}],"wp:term":[{"taxonomy":"category","embeddable":true,"href":"https:\/\/www.eldiariodetucuman.com\/web\/wp-json\/wp\/v2\/categories?post=18290"},{"taxonomy":"post_tag","embeddable":true,"href":"https:\/\/www.eldiariodetucuman.com\/web\/wp-json\/wp\/v2\/tags?post=18290"}],"curies":[{"name":"wp","href":"https:\/\/api.w.org\/{rel}","templated":true}]}}