{"id":18287,"date":"2018-10-20T11:42:55","date_gmt":"2018-10-20T14:42:55","guid":{"rendered":"http:\/\/www.eldiariodetucuman.com\/web\/los-trabajadores-vamos-a-recuperar-la-patria-grande\/"},"modified":"2018-10-20T11:42:57","modified_gmt":"2018-10-20T14:42:57","slug":"los-trabajadores-vamos-a-recuperar-la-patria-grande","status":"publish","type":"post","link":"https:\/\/www.eldiariodetucuman.com\/web\/los-trabajadores-vamos-a-recuperar-la-patria-grande\/","title":{"rendered":"\u00abLos trabajadores vamos a recuperar la Patria Grande\u00bb"},"content":{"rendered":"<div>\n<div readability=\"86.152321630804\">\n<p>\u00abLos trabajadores vamos a recuperar la <strong>Patria Grande<\/strong>\u00ab, asegur\u00f3 <a href=\"https:\/\/www.elintransigente.com\/politica\/2018\/10\/18\/evo-morales-llega-argentina-sin-planes-de-reunirse-con-macri-518042.html\"><strong>Evo Morales<\/strong><\/a> luego de recibir\u00a0el <strong>doctorado Honoris Causa<\/strong> de la <strong>Universidad Metropolitana para la Educaci\u00f3n y el Trabajo (UMET)<\/strong> y destac\u00f3: &#8220;Si el pueblo est\u00e1 unido, nada es imposible&#8221;. De todas maneras, a pesar de su presencia en el pa\u00eds, se conoci\u00f3 que el presidente de <a href=\"https:\/\/www.elintransigente.com\/mundo\/2018\/10\/9\/bolivia-invito-chile-reiniciar-el-dialogo-por-el-conflicto-maritimo-516418.html\"><strong>Bolivia<\/strong><\/a> no se reunir\u00e1 con su par argentino,\u00a0<strong>Mauricio Macri\u00a0<\/strong>como as\u00ed tampoco con<strong>\u00a0<\/strong>ning\u00fan integrante de <strong>Cambiemos<\/strong>, aunque\u00a0se estima que\u00a0podr\u00eda mantener un encuentro, a puertas cerradas, con <strong>Cristina Kirchner.<\/strong><\/p>\n<aside class=\"relacionadas con-foto\">\n<h5>Noticias Relacionadas<\/h5>\n<\/aside>\n<p>Seg\u00fan hab\u00eda informado la universidad, el galard\u00f3n le fue otorgado\u00a0\u00aben reconocimiento a su trayectoria de vida, antecedentes, aptitudes y, fundamentalmente, sus valores, sus acciones, y su decidido compromiso con la educaci\u00f3n y la inclusi\u00f3n social como factor igualador\u00bb. A su arribo al evento, el auditorio estaba colmado, por lo cual decenas de militantes de la Tupac Amaru y La C\u00e1mpora lo siguieron\u00a0desde las calles.<\/p>\n<aside class=\"htmlinline \"><!-- politica 2 300 x 250 imagen --><ins class=\"adsbygoogle\" data-ad-client=\"ca-pub-7781556717282971\" data-ad-slot=\"3120775563\"><\/ins><br \/>\n<\/aside>\n<p>&#8220;Estoy convencido de que los trabajadores vamos a recuperar la Patria Grande&#8221;, asegur\u00f3 el mandatario y resalt\u00f3 su esperanza en &#8220;los movimientos sociales&#8221; como actores claves, ya que &#8220;si el pueblo est\u00e1 unido, nada es imposible&#8221;. Asimismo, afirm\u00f3: &#8220;Este reconocimiento es para nuestro pueblo, especialmente para quienes luchamos por la igualdad y por la identidad como latinoamericanos&#8221;,\u00a0y se\u00f1al\u00f3: &#8220;Hemos recuperado la patria en Bolivia&#8221; porque \u00abdecidimos nacionalizar y cambiar la vida del Estado, porque los recursos naturales nunca deben estar en manos de extranjeros y los servicios b\u00e1sicos deben ser un beneficio para la poblaci\u00f3n&#8221;.<\/p>\n<p>Es por eso que resalt\u00f3: &#8220;Para cambiar Bolivia lo que hicimos fue, en lo pol\u00edtico la refundaci\u00f3n, en lo econ\u00f3mico la nacionalizaci\u00f3n y en lo social la redistribuci\u00f3n de la riqueza&#8221;, y agreg\u00f3:\u00a0&#8220;Gracias a la unidad del pueblo boliviano dejamos de ser un Estado colonial y tenemos un Estado plurinacional digno y soberano&#8221;<\/p>\n<aside class=\"htmlinline \"><!-- politica 5 300 x 250 texto mas imagen --><ins class=\"adsbygoogle\" data-ad-client=\"ca-pub-7781556717282971\" data-ad-slot=\"3033145653\"><\/ins><br \/>\n<\/aside>\n<p>&#8220;Antes gobernaban los gringos, ahora los indios\u00bb,\u00a0ironiz\u00f3 el primer mandatario boliviano, al tiempo que, m\u00e1s adelante habl\u00f3 sobre\u00a0los gobiernos &#8220;populistas&#8221; o &#8220;socialistas del siglo XXI&#8221; y admiti\u00f3 que pueden tener &#8220;algunas debilidades&#8221; pero &#8220;conf\u00edo mucho en los movimientos sociales&#8221; como garant\u00eda de continuidad.<\/p>\n<p>&#8220;Siento que no va a haber golpes militares, que las fuerzas armadas tienen su identidad&#8221;, resalt\u00f3 Morales, al tiempo que alert\u00f3 que \u00abahora el golpe es congresal y judicial&#8221;, por lo cual resalt\u00f3: &#8220;Entiendo la preocupaci\u00f3n de muchos pa\u00edses de Am\u00e9rica latina&#8221;, es por eso que es importante &#8220;identificar a los enemigos externos que imponen pol\u00edticas&#8221;, porque\u00a0&#8220;nos divid\u00edan para dominarnos, para quedarse con nuestros recursos naturales&#8221;, es por eso que es una &#8220;obligaci\u00f3n estar unidos y organizados&#8221;. Y concluy\u00f3: \u00abEstoy convencido de que los trabajadores vamos a recuperar la Patria Grande&#8221; y la &#8220;soberan\u00eda para toda Am\u00e9rica latina&#8221;.<\/p>\n<p>Vale destacar que, por Bolivia, estuvieron presentes el canciller Diego Pary, la ministra de Cultura y Turismo, Wilma Mamani, y el embajador en Argentina, Santos Tito, mientras que de nuestros pa\u00eds lo recibieron el\u00a0titular del sindicato de encargados de edificio (Suterh),\u00a0V\u00edctor Santa Mar\u00eda, la integrante\u00a0del consejo acad\u00e9mico de la UMET, Marta Novock y\u00a0el rector de esa casa de altos estudios, Nicol\u00e1s Trotta.<\/p>\n<\/div>\n<\/div>\n<p>Fuente: https:\/\/www.elintransigente.com\/politica\/2018\/10\/20\/los-trabajadores-vamos-recuperar-la-patria-grande-518404.html<\/p>\n","protected":false},"excerpt":{"rendered":"<p>\u00abLos trabajadores vamos a recuperar la Patria Grande\u00ab, asegur\u00f3 Evo Morales luego de recibir\u00a0el doctorado Honoris Causa de la Universidad Metropolitana para la Educaci\u00f3n y el Trabajo (UMET) y destac\u00f3: &#8220;Si el pueblo est\u00e1 unido, nada es imposible&#8221;. De todas maneras, a pesar de su presencia en el pa\u00eds, se conoci\u00f3 que el presidente de [&hellip;]<\/p>\n","protected":false},"author":1,"featured_media":18288,"comment_status":"open","ping_status":"closed","sticky":false,"template":"","format":"standard","meta":{"footnotes":""},"categories":[1],"tags":[],"class_list":{"0":"post-18287","1":"post","2":"type-post","3":"status-publish","4":"format-standard","5":"has-post-thumbnail","7":"category-portada"},"yoast_head":"<!-- This site is optimized with the Yoast SEO plugin v27.4 - https:\/\/yoast.com\/product\/yoast-seo-wordpress\/ -->\n<title>&quot;Los trabajadores vamos a recuperar la Patria Grande&quot; - El Diario de Tucuman<\/title>\n<meta name=\"robots\" content=\"index, follow, max-snippet:-1, max-image-preview:large, max-video-preview:-1\" \/>\n<link rel=\"canonical\" href=\"https:\/\/www.eldiariodetucuman.com\/web\/los-trabajadores-vamos-a-recuperar-la-patria-grande\/\" \/>\n<meta property=\"og:locale\" content=\"es_ES\" \/>\n<meta property=\"og:type\" content=\"article\" \/>\n<meta property=\"og:title\" content=\"&quot;Los trabajadores vamos a recuperar la Patria Grande&quot; - El Diario de Tucuman\" \/>\n<meta property=\"og:description\" content=\"\u00abLos trabajadores vamos a recuperar la Patria Grande\u00ab, asegur\u00f3 Evo Morales luego de recibir\u00a0el doctorado Honoris Causa de la Universidad Metropolitana para la Educaci\u00f3n y el Trabajo (UMET) y destac\u00f3: &#8220;Si el pueblo est\u00e1 unido, nada es imposible&#8221;. De todas maneras, a pesar de su presencia en el pa\u00eds, se conoci\u00f3 que el presidente de [&hellip;]\" \/>\n<meta property=\"og:url\" content=\"https:\/\/www.eldiariodetucuman.com\/web\/los-trabajadores-vamos-a-recuperar-la-patria-grande\/\" \/>\n<meta property=\"og:site_name\" content=\"El Diario de Tucuman\" \/>\n<meta property=\"article:published_time\" content=\"2018-10-20T14:42:55+00:00\" \/>\n<meta property=\"article:modified_time\" content=\"2018-10-20T14:42:57+00:00\" \/>\n<meta property=\"og:image\" content=\"https:\/\/www.eldiariodetucuman.com\/web\/wp-content\/uploads\/2018\/10\/8d253e96d000c2ea7660ab273e94b208.jpeg\" \/>\n\t<meta property=\"og:image:width\" content=\"960\" \/>\n\t<meta property=\"og:image:height\" content=\"597\" \/>\n\t<meta property=\"og:image:type\" content=\"image\/jpeg\" \/>\n<meta name=\"author\" content=\"admin\" \/>\n<meta name=\"twitter:card\" content=\"summary_large_image\" \/>\n<meta name=\"twitter:label1\" content=\"Escrito por\" \/>\n\t<meta name=\"twitter:data1\" content=\"admin\" \/>\n\t<meta name=\"twitter:label2\" content=\"Tiempo de lectura\" \/>\n\t<meta name=\"twitter:data2\" content=\"3 minutos\" \/>\n<script type=\"application\/ld+json\" class=\"yoast-schema-graph\">{\"@context\":\"https:\\\/\\\/schema.org\",\"@graph\":[{\"@type\":\"Article\",\"@id\":\"https:\\\/\\\/www.eldiariodetucuman.com\\\/web\\\/los-trabajadores-vamos-a-recuperar-la-patria-grande\\\/#article\",\"isPartOf\":{\"@id\":\"https:\\\/\\\/www.eldiariodetucuman.com\\\/web\\\/los-trabajadores-vamos-a-recuperar-la-patria-grande\\\/\"},\"author\":{\"name\":\"admin\",\"@id\":\"https:\\\/\\\/www.eldiariodetucuman.com\\\/web\\\/#\\\/schema\\\/person\\\/9250197d75ab5483412e19678b121caa\"},\"headline\":\"\u00abLos trabajadores vamos a recuperar la Patria Grande\u00bb\",\"datePublished\":\"2018-10-20T14:42:55+00:00\",\"dateModified\":\"2018-10-20T14:42:57+00:00\",\"mainEntityOfPage\":{\"@id\":\"https:\\\/\\\/www.eldiariodetucuman.com\\\/web\\\/los-trabajadores-vamos-a-recuperar-la-patria-grande\\\/\"},\"wordCount\":566,\"commentCount\":0,\"publisher\":{\"@id\":\"https:\\\/\\\/www.eldiariodetucuman.com\\\/web\\\/#organization\"},\"image\":{\"@id\":\"https:\\\/\\\/www.eldiariodetucuman.com\\\/web\\\/los-trabajadores-vamos-a-recuperar-la-patria-grande\\\/#primaryimage\"},\"thumbnailUrl\":\"https:\\\/\\\/www.eldiariodetucuman.com\\\/web\\\/wp-content\\\/uploads\\\/2018\\\/10\\\/8d253e96d000c2ea7660ab273e94b208.jpeg\",\"articleSection\":[\"Portada\"],\"inLanguage\":\"es\",\"potentialAction\":[{\"@type\":\"CommentAction\",\"name\":\"Comment\",\"target\":[\"https:\\\/\\\/www.eldiariodetucuman.com\\\/web\\\/los-trabajadores-vamos-a-recuperar-la-patria-grande\\\/#respond\"]}]},{\"@type\":\"WebPage\",\"@id\":\"https:\\\/\\\/www.eldiariodetucuman.com\\\/web\\\/los-trabajadores-vamos-a-recuperar-la-patria-grande\\\/\",\"url\":\"https:\\\/\\\/www.eldiariodetucuman.com\\\/web\\\/los-trabajadores-vamos-a-recuperar-la-patria-grande\\\/\",\"name\":\"\\\"Los trabajadores vamos a recuperar la Patria Grande\\\" - El Diario de Tucuman\",\"isPartOf\":{\"@id\":\"https:\\\/\\\/www.eldiariodetucuman.com\\\/web\\\/#website\"},\"primaryImageOfPage\":{\"@id\":\"https:\\\/\\\/www.eldiariodetucuman.com\\\/web\\\/los-trabajadores-vamos-a-recuperar-la-patria-grande\\\/#primaryimage\"},\"image\":{\"@id\":\"https:\\\/\\\/www.eldiariodetucuman.com\\\/web\\\/los-trabajadores-vamos-a-recuperar-la-patria-grande\\\/#primaryimage\"},\"thumbnailUrl\":\"https:\\\/\\\/www.eldiariodetucuman.com\\\/web\\\/wp-content\\\/uploads\\\/2018\\\/10\\\/8d253e96d000c2ea7660ab273e94b208.jpeg\",\"datePublished\":\"2018-10-20T14:42:55+00:00\",\"dateModified\":\"2018-10-20T14:42:57+00:00\",\"breadcrumb\":{\"@id\":\"https:\\\/\\\/www.eldiariodetucuman.com\\\/web\\\/los-trabajadores-vamos-a-recuperar-la-patria-grande\\\/#breadcrumb\"},\"inLanguage\":\"es\",\"potentialAction\":[{\"@type\":\"ReadAction\",\"target\":[\"https:\\\/\\\/www.eldiariodetucuman.com\\\/web\\\/los-trabajadores-vamos-a-recuperar-la-patria-grande\\\/\"]}]},{\"@type\":\"ImageObject\",\"inLanguage\":\"es\",\"@id\":\"https:\\\/\\\/www.eldiariodetucuman.com\\\/web\\\/los-trabajadores-vamos-a-recuperar-la-patria-grande\\\/#primaryimage\",\"url\":\"https:\\\/\\\/www.eldiariodetucuman.com\\\/web\\\/wp-content\\\/uploads\\\/2018\\\/10\\\/8d253e96d000c2ea7660ab273e94b208.jpeg\",\"contentUrl\":\"https:\\\/\\\/www.eldiariodetucuman.com\\\/web\\\/wp-content\\\/uploads\\\/2018\\\/10\\\/8d253e96d000c2ea7660ab273e94b208.jpeg\",\"width\":960,\"height\":597},{\"@type\":\"BreadcrumbList\",\"@id\":\"https:\\\/\\\/www.eldiariodetucuman.com\\\/web\\\/los-trabajadores-vamos-a-recuperar-la-patria-grande\\\/#breadcrumb\",\"itemListElement\":[{\"@type\":\"ListItem\",\"position\":1,\"name\":\"Portada\",\"item\":\"https:\\\/\\\/www.eldiariodetucuman.com\\\/web\\\/\"},{\"@type\":\"ListItem\",\"position\":2,\"name\":\"\u00abLos trabajadores vamos a recuperar la Patria Grande\u00bb\"}]},{\"@type\":\"WebSite\",\"@id\":\"https:\\\/\\\/www.eldiariodetucuman.com\\\/web\\\/#website\",\"url\":\"https:\\\/\\\/www.eldiariodetucuman.com\\\/web\\\/\",\"name\":\"El Diario de Tucuman\",\"description\":\"Diario Tucuman - Informaci\u00f3n y noticias\",\"publisher\":{\"@id\":\"https:\\\/\\\/www.eldiariodetucuman.com\\\/web\\\/#organization\"},\"potentialAction\":[{\"@type\":\"SearchAction\",\"target\":{\"@type\":\"EntryPoint\",\"urlTemplate\":\"https:\\\/\\\/www.eldiariodetucuman.com\\\/web\\\/?s={search_term_string}\"},\"query-input\":{\"@type\":\"PropertyValueSpecification\",\"valueRequired\":true,\"valueName\":\"search_term_string\"}}],\"inLanguage\":\"es\"},{\"@type\":\"Organization\",\"@id\":\"https:\\\/\\\/www.eldiariodetucuman.com\\\/web\\\/#organization\",\"name\":\"El Diario de Tucuman\",\"url\":\"https:\\\/\\\/www.eldiariodetucuman.com\\\/web\\\/\",\"logo\":{\"@type\":\"ImageObject\",\"inLanguage\":\"es\",\"@id\":\"https:\\\/\\\/www.eldiariodetucuman.com\\\/web\\\/#\\\/schema\\\/logo\\\/image\\\/\",\"url\":\"http:\\\/\\\/www.eldiariodetucuman.com\\\/web\\\/wp-content\\\/uploads\\\/2017\\\/12\\\/el-diario-de-tucuman.jpg\",\"contentUrl\":\"http:\\\/\\\/www.eldiariodetucuman.com\\\/web\\\/wp-content\\\/uploads\\\/2017\\\/12\\\/el-diario-de-tucuman.jpg\",\"width\":272,\"height\":92,\"caption\":\"El Diario de Tucuman\"},\"image\":{\"@id\":\"https:\\\/\\\/www.eldiariodetucuman.com\\\/web\\\/#\\\/schema\\\/logo\\\/image\\\/\"}},{\"@type\":\"Person\",\"@id\":\"https:\\\/\\\/www.eldiariodetucuman.com\\\/web\\\/#\\\/schema\\\/person\\\/9250197d75ab5483412e19678b121caa\",\"name\":\"admin\",\"image\":{\"@type\":\"ImageObject\",\"inLanguage\":\"es\",\"@id\":\"https:\\\/\\\/secure.gravatar.com\\\/avatar\\\/c44d117c2be811212c22cb481f6b8384b6873de103fbc49e7a03cc58d7dea4ac?s=96&d=mm&r=g\",\"url\":\"https:\\\/\\\/secure.gravatar.com\\\/avatar\\\/c44d117c2be811212c22cb481f6b8384b6873de103fbc49e7a03cc58d7dea4ac?s=96&d=mm&r=g\",\"contentUrl\":\"https:\\\/\\\/secure.gravatar.com\\\/avatar\\\/c44d117c2be811212c22cb481f6b8384b6873de103fbc49e7a03cc58d7dea4ac?s=96&d=mm&r=g\",\"caption\":\"admin\"},\"url\":\"https:\\\/\\\/www.eldiariodetucuman.com\\\/web\\\/author\\\/admin\\\/\"}]}<\/script>\n<!-- \/ Yoast SEO plugin. -->","yoast_head_json":{"title":"\"Los trabajadores vamos a recuperar la Patria Grande\" - El Diario de Tucuman","robots":{"index":"index","follow":"follow","max-snippet":"max-snippet:-1","max-image-preview":"max-image-preview:large","max-video-preview":"max-video-preview:-1"},"canonical":"https:\/\/www.eldiariodetucuman.com\/web\/los-trabajadores-vamos-a-recuperar-la-patria-grande\/","og_locale":"es_ES","og_type":"article","og_title":"\"Los trabajadores vamos a recuperar la Patria Grande\" - El Diario de Tucuman","og_description":"\u00abLos trabajadores vamos a recuperar la Patria Grande\u00ab, asegur\u00f3 Evo Morales luego de recibir\u00a0el doctorado Honoris Causa de la Universidad Metropolitana para la Educaci\u00f3n y el Trabajo (UMET) y destac\u00f3: &#8220;Si el pueblo est\u00e1 unido, nada es imposible&#8221;. De todas maneras, a pesar de su presencia en el pa\u00eds, se conoci\u00f3 que el presidente de [&hellip;]","og_url":"https:\/\/www.eldiariodetucuman.com\/web\/los-trabajadores-vamos-a-recuperar-la-patria-grande\/","og_site_name":"El Diario de Tucuman","article_published_time":"2018-10-20T14:42:55+00:00","article_modified_time":"2018-10-20T14:42:57+00:00","og_image":[{"width":960,"height":597,"url":"https:\/\/www.eldiariodetucuman.com\/web\/wp-content\/uploads\/2018\/10\/8d253e96d000c2ea7660ab273e94b208.jpeg","type":"image\/jpeg"}],"author":"admin","twitter_card":"summary_large_image","twitter_misc":{"Escrito por":"admin","Tiempo de lectura":"3 minutos"},"schema":{"@context":"https:\/\/schema.org","@graph":[{"@type":"Article","@id":"https:\/\/www.eldiariodetucuman.com\/web\/los-trabajadores-vamos-a-recuperar-la-patria-grande\/#article","isPartOf":{"@id":"https:\/\/www.eldiariodetucuman.com\/web\/los-trabajadores-vamos-a-recuperar-la-patria-grande\/"},"author":{"name":"admin","@id":"https:\/\/www.eldiariodetucuman.com\/web\/#\/schema\/person\/9250197d75ab5483412e19678b121caa"},"headline":"\u00abLos trabajadores vamos a recuperar la Patria Grande\u00bb","datePublished":"2018-10-20T14:42:55+00:00","dateModified":"2018-10-20T14:42:57+00:00","mainEntityOfPage":{"@id":"https:\/\/www.eldiariodetucuman.com\/web\/los-trabajadores-vamos-a-recuperar-la-patria-grande\/"},"wordCount":566,"commentCount":0,"publisher":{"@id":"https:\/\/www.eldiariodetucuman.com\/web\/#organization"},"image":{"@id":"https:\/\/www.eldiariodetucuman.com\/web\/los-trabajadores-vamos-a-recuperar-la-patria-grande\/#primaryimage"},"thumbnailUrl":"https:\/\/www.eldiariodetucuman.com\/web\/wp-content\/uploads\/2018\/10\/8d253e96d000c2ea7660ab273e94b208.jpeg","articleSection":["Portada"],"inLanguage":"es","potentialAction":[{"@type":"CommentAction","name":"Comment","target":["https:\/\/www.eldiariodetucuman.com\/web\/los-trabajadores-vamos-a-recuperar-la-patria-grande\/#respond"]}]},{"@type":"WebPage","@id":"https:\/\/www.eldiariodetucuman.com\/web\/los-trabajadores-vamos-a-recuperar-la-patria-grande\/","url":"https:\/\/www.eldiariodetucuman.com\/web\/los-trabajadores-vamos-a-recuperar-la-patria-grande\/","name":"\"Los trabajadores vamos a recuperar la Patria Grande\" - El Diario de Tucuman","isPartOf":{"@id":"https:\/\/www.eldiariodetucuman.com\/web\/#website"},"primaryImageOfPage":{"@id":"https:\/\/www.eldiariodetucuman.com\/web\/los-trabajadores-vamos-a-recuperar-la-patria-grande\/#primaryimage"},"image":{"@id":"https:\/\/www.eldiariodetucuman.com\/web\/los-trabajadores-vamos-a-recuperar-la-patria-grande\/#primaryimage"},"thumbnailUrl":"https:\/\/www.eldiariodetucuman.com\/web\/wp-content\/uploads\/2018\/10\/8d253e96d000c2ea7660ab273e94b208.jpeg","datePublished":"2018-10-20T14:42:55+00:00","dateModified":"2018-10-20T14:42:57+00:00","breadcrumb":{"@id":"https:\/\/www.eldiariodetucuman.com\/web\/los-trabajadores-vamos-a-recuperar-la-patria-grande\/#breadcrumb"},"inLanguage":"es","potentialAction":[{"@type":"ReadAction","target":["https:\/\/www.eldiariodetucuman.com\/web\/los-trabajadores-vamos-a-recuperar-la-patria-grande\/"]}]},{"@type":"ImageObject","inLanguage":"es","@id":"https:\/\/www.eldiariodetucuman.com\/web\/los-trabajadores-vamos-a-recuperar-la-patria-grande\/#primaryimage","url":"https:\/\/www.eldiariodetucuman.com\/web\/wp-content\/uploads\/2018\/10\/8d253e96d000c2ea7660ab273e94b208.jpeg","contentUrl":"https:\/\/www.eldiariodetucuman.com\/web\/wp-content\/uploads\/2018\/10\/8d253e96d000c2ea7660ab273e94b208.jpeg","width":960,"height":597},{"@type":"BreadcrumbList","@id":"https:\/\/www.eldiariodetucuman.com\/web\/los-trabajadores-vamos-a-recuperar-la-patria-grande\/#breadcrumb","itemListElement":[{"@type":"ListItem","position":1,"name":"Portada","item":"https:\/\/www.eldiariodetucuman.com\/web\/"},{"@type":"ListItem","position":2,"name":"\u00abLos trabajadores vamos a recuperar la Patria Grande\u00bb"}]},{"@type":"WebSite","@id":"https:\/\/www.eldiariodetucuman.com\/web\/#website","url":"https:\/\/www.eldiariodetucuman.com\/web\/","name":"El Diario de Tucuman","description":"Diario Tucuman - Informaci\u00f3n y noticias","publisher":{"@id":"https:\/\/www.eldiariodetucuman.com\/web\/#organization"},"potentialAction":[{"@type":"SearchAction","target":{"@type":"EntryPoint","urlTemplate":"https:\/\/www.eldiariodetucuman.com\/web\/?s={search_term_string}"},"query-input":{"@type":"PropertyValueSpecification","valueRequired":true,"valueName":"search_term_string"}}],"inLanguage":"es"},{"@type":"Organization","@id":"https:\/\/www.eldiariodetucuman.com\/web\/#organization","name":"El Diario de Tucuman","url":"https:\/\/www.eldiariodetucuman.com\/web\/","logo":{"@type":"ImageObject","inLanguage":"es","@id":"https:\/\/www.eldiariodetucuman.com\/web\/#\/schema\/logo\/image\/","url":"http:\/\/www.eldiariodetucuman.com\/web\/wp-content\/uploads\/2017\/12\/el-diario-de-tucuman.jpg","contentUrl":"http:\/\/www.eldiariodetucuman.com\/web\/wp-content\/uploads\/2017\/12\/el-diario-de-tucuman.jpg","width":272,"height":92,"caption":"El Diario de Tucuman"},"image":{"@id":"https:\/\/www.eldiariodetucuman.com\/web\/#\/schema\/logo\/image\/"}},{"@type":"Person","@id":"https:\/\/www.eldiariodetucuman.com\/web\/#\/schema\/person\/9250197d75ab5483412e19678b121caa","name":"admin","image":{"@type":"ImageObject","inLanguage":"es","@id":"https:\/\/secure.gravatar.com\/avatar\/c44d117c2be811212c22cb481f6b8384b6873de103fbc49e7a03cc58d7dea4ac?s=96&d=mm&r=g","url":"https:\/\/secure.gravatar.com\/avatar\/c44d117c2be811212c22cb481f6b8384b6873de103fbc49e7a03cc58d7dea4ac?s=96&d=mm&r=g","contentUrl":"https:\/\/secure.gravatar.com\/avatar\/c44d117c2be811212c22cb481f6b8384b6873de103fbc49e7a03cc58d7dea4ac?s=96&d=mm&r=g","caption":"admin"},"url":"https:\/\/www.eldiariodetucuman.com\/web\/author\/admin\/"}]}},"_links":{"self":[{"href":"https:\/\/www.eldiariodetucuman.com\/web\/wp-json\/wp\/v2\/posts\/18287","targetHints":{"allow":["GET"]}}],"collection":[{"href":"https:\/\/www.eldiariodetucuman.com\/web\/wp-json\/wp\/v2\/posts"}],"about":[{"href":"https:\/\/www.eldiariodetucuman.com\/web\/wp-json\/wp\/v2\/types\/post"}],"author":[{"embeddable":true,"href":"https:\/\/www.eldiariodetucuman.com\/web\/wp-json\/wp\/v2\/users\/1"}],"replies":[{"embeddable":true,"href":"https:\/\/www.eldiariodetucuman.com\/web\/wp-json\/wp\/v2\/comments?post=18287"}],"version-history":[{"count":1,"href":"https:\/\/www.eldiariodetucuman.com\/web\/wp-json\/wp\/v2\/posts\/18287\/revisions"}],"predecessor-version":[{"id":18289,"href":"https:\/\/www.eldiariodetucuman.com\/web\/wp-json\/wp\/v2\/posts\/18287\/revisions\/18289"}],"wp:featuredmedia":[{"embeddable":true,"href":"https:\/\/www.eldiariodetucuman.com\/web\/wp-json\/wp\/v2\/media\/18288"}],"wp:attachment":[{"href":"https:\/\/www.eldiariodetucuman.com\/web\/wp-json\/wp\/v2\/media?parent=18287"}],"wp:term":[{"taxonomy":"category","embeddable":true,"href":"https:\/\/www.eldiariodetucuman.com\/web\/wp-json\/wp\/v2\/categories?post=18287"},{"taxonomy":"post_tag","embeddable":true,"href":"https:\/\/www.eldiariodetucuman.com\/web\/wp-json\/wp\/v2\/tags?post=18287"}],"curies":[{"name":"wp","href":"https:\/\/api.w.org\/{rel}","templated":true}]}}