{"id":18284,"date":"2018-10-20T11:42:47","date_gmt":"2018-10-20T14:42:47","guid":{"rendered":"http:\/\/www.eldiariodetucuman.com\/web\/scioli-aseguro-que-el-pedido-de-juicio-fue-resultado-de-la-proximidad-de-las-elecciones\/"},"modified":"2018-10-20T11:42:49","modified_gmt":"2018-10-20T14:42:49","slug":"scioli-aseguro-que-el-pedido-de-juicio-fue-resultado-de-la-proximidad-de-las-elecciones","status":"publish","type":"post","link":"https:\/\/www.eldiariodetucuman.com\/web\/scioli-aseguro-que-el-pedido-de-juicio-fue-resultado-de-la-proximidad-de-las-elecciones\/","title":{"rendered":"Scioli asegur\u00f3 que el pedido de juicio fue resultado de la proximidad de las elecciones"},"content":{"rendered":"<div>\n<div readability=\"49.271523178808\">\n<p>El diputado peronista, <a href=\"https:\/\/www.elintransigente.com\/noticias\/buscar\/?buscar=scioli\">Daniel Socioli<\/a> se refiri\u00f3 al pedido de elevaci\u00f3n a juicio oral que hizo el fiscal \u00c1lvaro Garganta y remarc\u00f3 que, si bien no quiere &#8220;victimizarse&#8221;, \u00ab<strong>cuando se empieza a analizar el <a href=\"https:\/\/www.elintransigente.com\/noticias\/buscar\/?buscar=elecciones\">escenario electoral<\/a> se aceleran y surgen estas cuestiones\u00bb.<\/strong><\/p>\n<p>El exgobernador de Buenos Aire se quej\u00f3 de que la causa en la que se lo investiga por el delito de d\u00e1divas se &#8220;fue desvirtuando&#8221; y, en di\u00e1logo con Radio Mitre, agreg\u00f3 que la decisi\u00f3n del fiscal <strong>&#8220;es una solicitud que ahora va a otras instancias como fueron otras decisiones del fiscal y para eso est\u00e1 el sistema judicial con sus distintos niveles\u00bb.<\/strong><\/p>\n<aside class=\"htmlinline \"><!-- politica 2 300 x 250 imagen --><ins class=\"adsbygoogle\" data-ad-client=\"ca-pub-7781556717282971\" data-ad-slot=\"3120775563\"><\/ins><br \/>\n<\/aside>\n<p>\u00abNo me voy a poner a polemizar medi\u00e1ticamente, porque soy respetuoso de cada uno de los poderes del Estado, del Estado de Derecho, del funcionamiento institucional, sino que lo hago en el \u00e1mbito correspondiente como lo he hecho desde el primer d\u00eda\u00bb, manifest\u00f3 el dirigente opositor, que se mostr\u00f3 <strong>\u00abconfiado absolutamente en la regularidad de cada una de las cosas que se han hecho referencia en el \u00faltimo tiempo&#8221;<\/strong>. Asegur\u00f3 que se encargar\u00e1 de &#8220;aclarar y revertir esto\u00bb.<\/p>\n<p>Por otro lado, cuando se le pregunt\u00f3 si cre\u00eda que este elevaci\u00f3n a juicio habr\u00eda llegado como resultado de su aparici\u00f3n en el acto por el D\u00eda de la Lealtad en Tucum\u00e1n, el excandidato a presidente estableci\u00f3 que no quiere &#8220;hacer m\u00e1s especulaciones pol\u00edticas. Ando por la vida pensando bien y con buena fe, pero obviamente me ha llamado la atenci\u00f3n que por un momento determinado en el cual se empieza a analizar el escenario electoral del a\u00f1o pr\u00f3ximo de posibles precandidatos se aceleran y surgen estas cuestiones. Pero lo tomo con tranquilidad, no busco ning\u00fan tipo de victimizaci\u00f3n\u00bb.<\/p>\n<aside class=\"htmlinline \"><!-- politica 5 300 x 250 texto mas imagen --><ins class=\"adsbygoogle\" data-ad-client=\"ca-pub-7781556717282971\" data-ad-slot=\"3033145653\"><\/ins><br \/>\n<\/aside>\n<p>La pasada semana el fiscal Garganta e<strong>lev\u00f3 a juicio oral, la causa en la que Scioli se encuentra acusado por los delitos de tr\u00e1fico de influencias y negociaciones incompatibles con la funci\u00f3n p\u00fablica, <\/strong>en el marco de una investigaci\u00f3n por supuestas contrataciones irregulares en la construcci\u00f3n de Unidades de Pronta Atenci\u00f3n (UPA). Adem\u00e1s, en el caso est\u00e1n involucrados el ex ministro de Salud Federico Alejandro Collia, al ex titular de Aguas Bonaerenses Guillermo Scarcela, as\u00ed como al ex jefe de Gabinete Alberto P\u00e9rez, entre otros funcionarios.<\/p>\n<\/div>\n<\/div>\n<p>Fuente: https:\/\/www.elintransigente.com\/politica\/2018\/10\/20\/scioli-aseguro-que-el-pedido-de-juicio-fue-resultado-de-la-proximidad-de-las-elecciones-518434.html<\/p>\n","protected":false},"excerpt":{"rendered":"<p>El diputado peronista, Daniel Socioli se refiri\u00f3 al pedido de elevaci\u00f3n a juicio oral que hizo el fiscal \u00c1lvaro Garganta y remarc\u00f3 que, si bien no quiere &#8220;victimizarse&#8221;, \u00abcuando se empieza a analizar el escenario electoral se aceleran y surgen estas cuestiones\u00bb. El exgobernador de Buenos Aire se quej\u00f3 de que la causa en la [&hellip;]<\/p>\n","protected":false},"author":1,"featured_media":18285,"comment_status":"open","ping_status":"closed","sticky":false,"template":"","format":"standard","meta":{"footnotes":""},"categories":[1],"tags":[],"class_list":{"0":"post-18284","1":"post","2":"type-post","3":"status-publish","4":"format-standard","5":"has-post-thumbnail","7":"category-portada"},"yoast_head":"<!-- This site is optimized with the Yoast SEO plugin v27.4 - https:\/\/yoast.com\/product\/yoast-seo-wordpress\/ -->\n<title>Scioli asegur\u00f3 que el pedido de juicio fue resultado de la proximidad de las elecciones - El Diario de Tucuman<\/title>\n<meta name=\"robots\" content=\"index, follow, max-snippet:-1, max-image-preview:large, max-video-preview:-1\" \/>\n<link rel=\"canonical\" href=\"https:\/\/www.eldiariodetucuman.com\/web\/scioli-aseguro-que-el-pedido-de-juicio-fue-resultado-de-la-proximidad-de-las-elecciones\/\" \/>\n<meta property=\"og:locale\" content=\"es_ES\" \/>\n<meta property=\"og:type\" content=\"article\" \/>\n<meta property=\"og:title\" content=\"Scioli asegur\u00f3 que el pedido de juicio fue resultado de la proximidad de las elecciones - El Diario de Tucuman\" \/>\n<meta property=\"og:description\" content=\"El diputado peronista, Daniel Socioli se refiri\u00f3 al pedido de elevaci\u00f3n a juicio oral que hizo el fiscal \u00c1lvaro Garganta y remarc\u00f3 que, si bien no quiere &#8220;victimizarse&#8221;, \u00abcuando se empieza a analizar el escenario electoral se aceleran y surgen estas cuestiones\u00bb. El exgobernador de Buenos Aire se quej\u00f3 de que la causa en la [&hellip;]\" \/>\n<meta property=\"og:url\" content=\"https:\/\/www.eldiariodetucuman.com\/web\/scioli-aseguro-que-el-pedido-de-juicio-fue-resultado-de-la-proximidad-de-las-elecciones\/\" \/>\n<meta property=\"og:site_name\" content=\"El Diario de Tucuman\" \/>\n<meta property=\"article:published_time\" content=\"2018-10-20T14:42:47+00:00\" \/>\n<meta property=\"article:modified_time\" content=\"2018-10-20T14:42:49+00:00\" \/>\n<meta property=\"og:image\" content=\"https:\/\/www.eldiariodetucuman.com\/web\/wp-content\/uploads\/2018\/10\/013b0e74a67120bc60240df9f701d5bb.jpeg\" \/>\n\t<meta property=\"og:image:width\" content=\"960\" \/>\n\t<meta property=\"og:image:height\" content=\"720\" \/>\n\t<meta property=\"og:image:type\" content=\"image\/jpeg\" \/>\n<meta name=\"author\" content=\"admin\" \/>\n<meta name=\"twitter:card\" content=\"summary_large_image\" \/>\n<meta name=\"twitter:label1\" content=\"Escrito por\" \/>\n\t<meta name=\"twitter:data1\" content=\"admin\" \/>\n\t<meta name=\"twitter:label2\" content=\"Tiempo de lectura\" \/>\n\t<meta name=\"twitter:data2\" content=\"2 minutos\" \/>\n<script type=\"application\/ld+json\" class=\"yoast-schema-graph\">{\"@context\":\"https:\\\/\\\/schema.org\",\"@graph\":[{\"@type\":\"Article\",\"@id\":\"https:\\\/\\\/www.eldiariodetucuman.com\\\/web\\\/scioli-aseguro-que-el-pedido-de-juicio-fue-resultado-de-la-proximidad-de-las-elecciones\\\/#article\",\"isPartOf\":{\"@id\":\"https:\\\/\\\/www.eldiariodetucuman.com\\\/web\\\/scioli-aseguro-que-el-pedido-de-juicio-fue-resultado-de-la-proximidad-de-las-elecciones\\\/\"},\"author\":{\"name\":\"admin\",\"@id\":\"https:\\\/\\\/www.eldiariodetucuman.com\\\/web\\\/#\\\/schema\\\/person\\\/9250197d75ab5483412e19678b121caa\"},\"headline\":\"Scioli asegur\u00f3 que el pedido de juicio fue resultado de la proximidad de las elecciones\",\"datePublished\":\"2018-10-20T14:42:47+00:00\",\"dateModified\":\"2018-10-20T14:42:49+00:00\",\"mainEntityOfPage\":{\"@id\":\"https:\\\/\\\/www.eldiariodetucuman.com\\\/web\\\/scioli-aseguro-que-el-pedido-de-juicio-fue-resultado-de-la-proximidad-de-las-elecciones\\\/\"},\"wordCount\":419,\"commentCount\":0,\"publisher\":{\"@id\":\"https:\\\/\\\/www.eldiariodetucuman.com\\\/web\\\/#organization\"},\"image\":{\"@id\":\"https:\\\/\\\/www.eldiariodetucuman.com\\\/web\\\/scioli-aseguro-que-el-pedido-de-juicio-fue-resultado-de-la-proximidad-de-las-elecciones\\\/#primaryimage\"},\"thumbnailUrl\":\"https:\\\/\\\/www.eldiariodetucuman.com\\\/web\\\/wp-content\\\/uploads\\\/2018\\\/10\\\/013b0e74a67120bc60240df9f701d5bb.jpeg\",\"articleSection\":[\"Portada\"],\"inLanguage\":\"es\",\"potentialAction\":[{\"@type\":\"CommentAction\",\"name\":\"Comment\",\"target\":[\"https:\\\/\\\/www.eldiariodetucuman.com\\\/web\\\/scioli-aseguro-que-el-pedido-de-juicio-fue-resultado-de-la-proximidad-de-las-elecciones\\\/#respond\"]}]},{\"@type\":\"WebPage\",\"@id\":\"https:\\\/\\\/www.eldiariodetucuman.com\\\/web\\\/scioli-aseguro-que-el-pedido-de-juicio-fue-resultado-de-la-proximidad-de-las-elecciones\\\/\",\"url\":\"https:\\\/\\\/www.eldiariodetucuman.com\\\/web\\\/scioli-aseguro-que-el-pedido-de-juicio-fue-resultado-de-la-proximidad-de-las-elecciones\\\/\",\"name\":\"Scioli asegur\u00f3 que el pedido de juicio fue resultado de la proximidad de las elecciones - El Diario de Tucuman\",\"isPartOf\":{\"@id\":\"https:\\\/\\\/www.eldiariodetucuman.com\\\/web\\\/#website\"},\"primaryImageOfPage\":{\"@id\":\"https:\\\/\\\/www.eldiariodetucuman.com\\\/web\\\/scioli-aseguro-que-el-pedido-de-juicio-fue-resultado-de-la-proximidad-de-las-elecciones\\\/#primaryimage\"},\"image\":{\"@id\":\"https:\\\/\\\/www.eldiariodetucuman.com\\\/web\\\/scioli-aseguro-que-el-pedido-de-juicio-fue-resultado-de-la-proximidad-de-las-elecciones\\\/#primaryimage\"},\"thumbnailUrl\":\"https:\\\/\\\/www.eldiariodetucuman.com\\\/web\\\/wp-content\\\/uploads\\\/2018\\\/10\\\/013b0e74a67120bc60240df9f701d5bb.jpeg\",\"datePublished\":\"2018-10-20T14:42:47+00:00\",\"dateModified\":\"2018-10-20T14:42:49+00:00\",\"breadcrumb\":{\"@id\":\"https:\\\/\\\/www.eldiariodetucuman.com\\\/web\\\/scioli-aseguro-que-el-pedido-de-juicio-fue-resultado-de-la-proximidad-de-las-elecciones\\\/#breadcrumb\"},\"inLanguage\":\"es\",\"potentialAction\":[{\"@type\":\"ReadAction\",\"target\":[\"https:\\\/\\\/www.eldiariodetucuman.com\\\/web\\\/scioli-aseguro-que-el-pedido-de-juicio-fue-resultado-de-la-proximidad-de-las-elecciones\\\/\"]}]},{\"@type\":\"ImageObject\",\"inLanguage\":\"es\",\"@id\":\"https:\\\/\\\/www.eldiariodetucuman.com\\\/web\\\/scioli-aseguro-que-el-pedido-de-juicio-fue-resultado-de-la-proximidad-de-las-elecciones\\\/#primaryimage\",\"url\":\"https:\\\/\\\/www.eldiariodetucuman.com\\\/web\\\/wp-content\\\/uploads\\\/2018\\\/10\\\/013b0e74a67120bc60240df9f701d5bb.jpeg\",\"contentUrl\":\"https:\\\/\\\/www.eldiariodetucuman.com\\\/web\\\/wp-content\\\/uploads\\\/2018\\\/10\\\/013b0e74a67120bc60240df9f701d5bb.jpeg\",\"width\":960,\"height\":720},{\"@type\":\"BreadcrumbList\",\"@id\":\"https:\\\/\\\/www.eldiariodetucuman.com\\\/web\\\/scioli-aseguro-que-el-pedido-de-juicio-fue-resultado-de-la-proximidad-de-las-elecciones\\\/#breadcrumb\",\"itemListElement\":[{\"@type\":\"ListItem\",\"position\":1,\"name\":\"Portada\",\"item\":\"https:\\\/\\\/www.eldiariodetucuman.com\\\/web\\\/\"},{\"@type\":\"ListItem\",\"position\":2,\"name\":\"Scioli asegur\u00f3 que el pedido de juicio fue resultado de la proximidad de las elecciones\"}]},{\"@type\":\"WebSite\",\"@id\":\"https:\\\/\\\/www.eldiariodetucuman.com\\\/web\\\/#website\",\"url\":\"https:\\\/\\\/www.eldiariodetucuman.com\\\/web\\\/\",\"name\":\"El Diario de Tucuman\",\"description\":\"Diario Tucuman - Informaci\u00f3n y noticias\",\"publisher\":{\"@id\":\"https:\\\/\\\/www.eldiariodetucuman.com\\\/web\\\/#organization\"},\"potentialAction\":[{\"@type\":\"SearchAction\",\"target\":{\"@type\":\"EntryPoint\",\"urlTemplate\":\"https:\\\/\\\/www.eldiariodetucuman.com\\\/web\\\/?s={search_term_string}\"},\"query-input\":{\"@type\":\"PropertyValueSpecification\",\"valueRequired\":true,\"valueName\":\"search_term_string\"}}],\"inLanguage\":\"es\"},{\"@type\":\"Organization\",\"@id\":\"https:\\\/\\\/www.eldiariodetucuman.com\\\/web\\\/#organization\",\"name\":\"El Diario de Tucuman\",\"url\":\"https:\\\/\\\/www.eldiariodetucuman.com\\\/web\\\/\",\"logo\":{\"@type\":\"ImageObject\",\"inLanguage\":\"es\",\"@id\":\"https:\\\/\\\/www.eldiariodetucuman.com\\\/web\\\/#\\\/schema\\\/logo\\\/image\\\/\",\"url\":\"http:\\\/\\\/www.eldiariodetucuman.com\\\/web\\\/wp-content\\\/uploads\\\/2017\\\/12\\\/el-diario-de-tucuman.jpg\",\"contentUrl\":\"http:\\\/\\\/www.eldiariodetucuman.com\\\/web\\\/wp-content\\\/uploads\\\/2017\\\/12\\\/el-diario-de-tucuman.jpg\",\"width\":272,\"height\":92,\"caption\":\"El Diario de Tucuman\"},\"image\":{\"@id\":\"https:\\\/\\\/www.eldiariodetucuman.com\\\/web\\\/#\\\/schema\\\/logo\\\/image\\\/\"}},{\"@type\":\"Person\",\"@id\":\"https:\\\/\\\/www.eldiariodetucuman.com\\\/web\\\/#\\\/schema\\\/person\\\/9250197d75ab5483412e19678b121caa\",\"name\":\"admin\",\"image\":{\"@type\":\"ImageObject\",\"inLanguage\":\"es\",\"@id\":\"https:\\\/\\\/secure.gravatar.com\\\/avatar\\\/c44d117c2be811212c22cb481f6b8384b6873de103fbc49e7a03cc58d7dea4ac?s=96&d=mm&r=g\",\"url\":\"https:\\\/\\\/secure.gravatar.com\\\/avatar\\\/c44d117c2be811212c22cb481f6b8384b6873de103fbc49e7a03cc58d7dea4ac?s=96&d=mm&r=g\",\"contentUrl\":\"https:\\\/\\\/secure.gravatar.com\\\/avatar\\\/c44d117c2be811212c22cb481f6b8384b6873de103fbc49e7a03cc58d7dea4ac?s=96&d=mm&r=g\",\"caption\":\"admin\"},\"url\":\"https:\\\/\\\/www.eldiariodetucuman.com\\\/web\\\/author\\\/admin\\\/\"}]}<\/script>\n<!-- \/ Yoast SEO plugin. -->","yoast_head_json":{"title":"Scioli asegur\u00f3 que el pedido de juicio fue resultado de la proximidad de las elecciones - El Diario de Tucuman","robots":{"index":"index","follow":"follow","max-snippet":"max-snippet:-1","max-image-preview":"max-image-preview:large","max-video-preview":"max-video-preview:-1"},"canonical":"https:\/\/www.eldiariodetucuman.com\/web\/scioli-aseguro-que-el-pedido-de-juicio-fue-resultado-de-la-proximidad-de-las-elecciones\/","og_locale":"es_ES","og_type":"article","og_title":"Scioli asegur\u00f3 que el pedido de juicio fue resultado de la proximidad de las elecciones - El Diario de Tucuman","og_description":"El diputado peronista, Daniel Socioli se refiri\u00f3 al pedido de elevaci\u00f3n a juicio oral que hizo el fiscal \u00c1lvaro Garganta y remarc\u00f3 que, si bien no quiere &#8220;victimizarse&#8221;, \u00abcuando se empieza a analizar el escenario electoral se aceleran y surgen estas cuestiones\u00bb. El exgobernador de Buenos Aire se quej\u00f3 de que la causa en la [&hellip;]","og_url":"https:\/\/www.eldiariodetucuman.com\/web\/scioli-aseguro-que-el-pedido-de-juicio-fue-resultado-de-la-proximidad-de-las-elecciones\/","og_site_name":"El Diario de Tucuman","article_published_time":"2018-10-20T14:42:47+00:00","article_modified_time":"2018-10-20T14:42:49+00:00","og_image":[{"width":960,"height":720,"url":"https:\/\/www.eldiariodetucuman.com\/web\/wp-content\/uploads\/2018\/10\/013b0e74a67120bc60240df9f701d5bb.jpeg","type":"image\/jpeg"}],"author":"admin","twitter_card":"summary_large_image","twitter_misc":{"Escrito por":"admin","Tiempo de lectura":"2 minutos"},"schema":{"@context":"https:\/\/schema.org","@graph":[{"@type":"Article","@id":"https:\/\/www.eldiariodetucuman.com\/web\/scioli-aseguro-que-el-pedido-de-juicio-fue-resultado-de-la-proximidad-de-las-elecciones\/#article","isPartOf":{"@id":"https:\/\/www.eldiariodetucuman.com\/web\/scioli-aseguro-que-el-pedido-de-juicio-fue-resultado-de-la-proximidad-de-las-elecciones\/"},"author":{"name":"admin","@id":"https:\/\/www.eldiariodetucuman.com\/web\/#\/schema\/person\/9250197d75ab5483412e19678b121caa"},"headline":"Scioli asegur\u00f3 que el pedido de juicio fue resultado de la proximidad de las elecciones","datePublished":"2018-10-20T14:42:47+00:00","dateModified":"2018-10-20T14:42:49+00:00","mainEntityOfPage":{"@id":"https:\/\/www.eldiariodetucuman.com\/web\/scioli-aseguro-que-el-pedido-de-juicio-fue-resultado-de-la-proximidad-de-las-elecciones\/"},"wordCount":419,"commentCount":0,"publisher":{"@id":"https:\/\/www.eldiariodetucuman.com\/web\/#organization"},"image":{"@id":"https:\/\/www.eldiariodetucuman.com\/web\/scioli-aseguro-que-el-pedido-de-juicio-fue-resultado-de-la-proximidad-de-las-elecciones\/#primaryimage"},"thumbnailUrl":"https:\/\/www.eldiariodetucuman.com\/web\/wp-content\/uploads\/2018\/10\/013b0e74a67120bc60240df9f701d5bb.jpeg","articleSection":["Portada"],"inLanguage":"es","potentialAction":[{"@type":"CommentAction","name":"Comment","target":["https:\/\/www.eldiariodetucuman.com\/web\/scioli-aseguro-que-el-pedido-de-juicio-fue-resultado-de-la-proximidad-de-las-elecciones\/#respond"]}]},{"@type":"WebPage","@id":"https:\/\/www.eldiariodetucuman.com\/web\/scioli-aseguro-que-el-pedido-de-juicio-fue-resultado-de-la-proximidad-de-las-elecciones\/","url":"https:\/\/www.eldiariodetucuman.com\/web\/scioli-aseguro-que-el-pedido-de-juicio-fue-resultado-de-la-proximidad-de-las-elecciones\/","name":"Scioli asegur\u00f3 que el pedido de juicio fue resultado de la proximidad de las elecciones - El Diario de Tucuman","isPartOf":{"@id":"https:\/\/www.eldiariodetucuman.com\/web\/#website"},"primaryImageOfPage":{"@id":"https:\/\/www.eldiariodetucuman.com\/web\/scioli-aseguro-que-el-pedido-de-juicio-fue-resultado-de-la-proximidad-de-las-elecciones\/#primaryimage"},"image":{"@id":"https:\/\/www.eldiariodetucuman.com\/web\/scioli-aseguro-que-el-pedido-de-juicio-fue-resultado-de-la-proximidad-de-las-elecciones\/#primaryimage"},"thumbnailUrl":"https:\/\/www.eldiariodetucuman.com\/web\/wp-content\/uploads\/2018\/10\/013b0e74a67120bc60240df9f701d5bb.jpeg","datePublished":"2018-10-20T14:42:47+00:00","dateModified":"2018-10-20T14:42:49+00:00","breadcrumb":{"@id":"https:\/\/www.eldiariodetucuman.com\/web\/scioli-aseguro-que-el-pedido-de-juicio-fue-resultado-de-la-proximidad-de-las-elecciones\/#breadcrumb"},"inLanguage":"es","potentialAction":[{"@type":"ReadAction","target":["https:\/\/www.eldiariodetucuman.com\/web\/scioli-aseguro-que-el-pedido-de-juicio-fue-resultado-de-la-proximidad-de-las-elecciones\/"]}]},{"@type":"ImageObject","inLanguage":"es","@id":"https:\/\/www.eldiariodetucuman.com\/web\/scioli-aseguro-que-el-pedido-de-juicio-fue-resultado-de-la-proximidad-de-las-elecciones\/#primaryimage","url":"https:\/\/www.eldiariodetucuman.com\/web\/wp-content\/uploads\/2018\/10\/013b0e74a67120bc60240df9f701d5bb.jpeg","contentUrl":"https:\/\/www.eldiariodetucuman.com\/web\/wp-content\/uploads\/2018\/10\/013b0e74a67120bc60240df9f701d5bb.jpeg","width":960,"height":720},{"@type":"BreadcrumbList","@id":"https:\/\/www.eldiariodetucuman.com\/web\/scioli-aseguro-que-el-pedido-de-juicio-fue-resultado-de-la-proximidad-de-las-elecciones\/#breadcrumb","itemListElement":[{"@type":"ListItem","position":1,"name":"Portada","item":"https:\/\/www.eldiariodetucuman.com\/web\/"},{"@type":"ListItem","position":2,"name":"Scioli asegur\u00f3 que el pedido de juicio fue resultado de la proximidad de las elecciones"}]},{"@type":"WebSite","@id":"https:\/\/www.eldiariodetucuman.com\/web\/#website","url":"https:\/\/www.eldiariodetucuman.com\/web\/","name":"El Diario de Tucuman","description":"Diario Tucuman - Informaci\u00f3n y noticias","publisher":{"@id":"https:\/\/www.eldiariodetucuman.com\/web\/#organization"},"potentialAction":[{"@type":"SearchAction","target":{"@type":"EntryPoint","urlTemplate":"https:\/\/www.eldiariodetucuman.com\/web\/?s={search_term_string}"},"query-input":{"@type":"PropertyValueSpecification","valueRequired":true,"valueName":"search_term_string"}}],"inLanguage":"es"},{"@type":"Organization","@id":"https:\/\/www.eldiariodetucuman.com\/web\/#organization","name":"El Diario de Tucuman","url":"https:\/\/www.eldiariodetucuman.com\/web\/","logo":{"@type":"ImageObject","inLanguage":"es","@id":"https:\/\/www.eldiariodetucuman.com\/web\/#\/schema\/logo\/image\/","url":"http:\/\/www.eldiariodetucuman.com\/web\/wp-content\/uploads\/2017\/12\/el-diario-de-tucuman.jpg","contentUrl":"http:\/\/www.eldiariodetucuman.com\/web\/wp-content\/uploads\/2017\/12\/el-diario-de-tucuman.jpg","width":272,"height":92,"caption":"El Diario de Tucuman"},"image":{"@id":"https:\/\/www.eldiariodetucuman.com\/web\/#\/schema\/logo\/image\/"}},{"@type":"Person","@id":"https:\/\/www.eldiariodetucuman.com\/web\/#\/schema\/person\/9250197d75ab5483412e19678b121caa","name":"admin","image":{"@type":"ImageObject","inLanguage":"es","@id":"https:\/\/secure.gravatar.com\/avatar\/c44d117c2be811212c22cb481f6b8384b6873de103fbc49e7a03cc58d7dea4ac?s=96&d=mm&r=g","url":"https:\/\/secure.gravatar.com\/avatar\/c44d117c2be811212c22cb481f6b8384b6873de103fbc49e7a03cc58d7dea4ac?s=96&d=mm&r=g","contentUrl":"https:\/\/secure.gravatar.com\/avatar\/c44d117c2be811212c22cb481f6b8384b6873de103fbc49e7a03cc58d7dea4ac?s=96&d=mm&r=g","caption":"admin"},"url":"https:\/\/www.eldiariodetucuman.com\/web\/author\/admin\/"}]}},"_links":{"self":[{"href":"https:\/\/www.eldiariodetucuman.com\/web\/wp-json\/wp\/v2\/posts\/18284","targetHints":{"allow":["GET"]}}],"collection":[{"href":"https:\/\/www.eldiariodetucuman.com\/web\/wp-json\/wp\/v2\/posts"}],"about":[{"href":"https:\/\/www.eldiariodetucuman.com\/web\/wp-json\/wp\/v2\/types\/post"}],"author":[{"embeddable":true,"href":"https:\/\/www.eldiariodetucuman.com\/web\/wp-json\/wp\/v2\/users\/1"}],"replies":[{"embeddable":true,"href":"https:\/\/www.eldiariodetucuman.com\/web\/wp-json\/wp\/v2\/comments?post=18284"}],"version-history":[{"count":1,"href":"https:\/\/www.eldiariodetucuman.com\/web\/wp-json\/wp\/v2\/posts\/18284\/revisions"}],"predecessor-version":[{"id":18286,"href":"https:\/\/www.eldiariodetucuman.com\/web\/wp-json\/wp\/v2\/posts\/18284\/revisions\/18286"}],"wp:featuredmedia":[{"embeddable":true,"href":"https:\/\/www.eldiariodetucuman.com\/web\/wp-json\/wp\/v2\/media\/18285"}],"wp:attachment":[{"href":"https:\/\/www.eldiariodetucuman.com\/web\/wp-json\/wp\/v2\/media?parent=18284"}],"wp:term":[{"taxonomy":"category","embeddable":true,"href":"https:\/\/www.eldiariodetucuman.com\/web\/wp-json\/wp\/v2\/categories?post=18284"},{"taxonomy":"post_tag","embeddable":true,"href":"https:\/\/www.eldiariodetucuman.com\/web\/wp-json\/wp\/v2\/tags?post=18284"}],"curies":[{"name":"wp","href":"https:\/\/api.w.org\/{rel}","templated":true}]}}