{"id":18281,"date":"2018-10-20T00:07:35","date_gmt":"2018-10-20T03:07:35","guid":{"rendered":"http:\/\/www.eldiariodetucuman.com\/web\/manzur-recibio-a-jueces-de-todo-el-pais\/"},"modified":"2018-10-20T00:07:36","modified_gmt":"2018-10-20T03:07:36","slug":"manzur-recibio-a-jueces-de-todo-el-pais","status":"publish","type":"post","link":"https:\/\/www.eldiariodetucuman.com\/web\/manzur-recibio-a-jueces-de-todo-el-pais\/","title":{"rendered":"Manzur recibi\u00f3 a jueces de todo el pa\u00eds"},"content":{"rendered":"<div>\n<div readability=\"97.359723289777\">\n<p>El gobernador <strong>Juan Manzur<\/strong> recibi\u00f3, este viernes, a la Junta Federal de Cortes y Superiores Tribunales de Justicia (FuJeFus), con un almuerzo en el Sal\u00f3n Blanco, de Casa de Gobierno.<\/p>\n<p>JuFeJus es la entidad federal que nuclea a todos los miembros en ejercicio de las cortes y superiores tribunales de Justicia de las provincias argentinas y de la Ciudad Aut\u00f3noma de Buenos Aires, congregando as\u00ed a los ministros integrantes de las cabezas de los poderes judiciales provinciales del pa\u00eds. Jueves y viernes debatieron en Tucum\u00e1n.<\/p>\n<blockquote readability=\"13\">\n<p>Es muy importante que en el marco de un pa\u00eds federal, en Tucum\u00e1n pueda haber este tipo de encuentros, que nos devuelve esperanza\u201d. Esto se debe, a que \u201cno hay futuro sin justicia\u201d y agreg\u00f3: \u201cSi ustedes aceptan, ofrezco Tucum\u00e1n como sede permanente para este tipo de encuentros, son siempre bienvenidos\u201d.<\/p>\n<\/blockquote>\n<p><a href=\"http:\/\/comunicaciontucuman.gob.ar\/wp-content\/uploads\/2018\/10\/DSC_0386.jpg\"><img loading=\"lazy\" decoding=\"async\" class=\"alignnone size-medium wp-image-181305 alignright\" src=\"http:\/\/comunicaciontucuman.gob.ar\/wp-content\/uploads\/2018\/10\/DSC_0386-300x166.jpg\" alt=\"DSC_0386\" width=\"300\" height=\"166\"><\/a>En su discurso, el primer mandatario, resalt\u00f3 que \u201cvivimos en un pa\u00eds, donde la mayor\u00eda somos hijos de inmigrantes. Mis abuelos se murieron sin hablar espa\u00f1ol y sin embargo sus hijos estudiamos. Tenemos un potencial tremendo y la justicia tiene un rol claro, a partir de ah\u00ed tener una sociedad y futuro mejor\u201d.<\/p>\n<p>Por su parte, la presidenta de FuJeFus,<strong> Mar\u00eda del Carmen Batainni,<\/strong> indic\u00f3 que \u201ces un honor estar en una provincia tan hist\u00f3rica. Da gusto estar con ustedes que nos reciben con camarader\u00eda, sin tantos protocolos\u201d.<\/p>\n<p>Respecto al encuentro, dijo que \u201cla intenci\u00f3n es fortalecer la independencia de la Justicia ya sea en jurisdicci\u00f3n como en sus m\u00e9todos resolutivos. Siempre apostando a la tecnolog\u00eda, con el objeto de resolverle los problemas a la gente\u201d.<\/p>\n<p>A su vez, felicit\u00f3 a la justicia tucumana por la implementaci\u00f3n de un<a href=\"http:\/\/comunicaciontucuman.gob.ar\/2018\/10\/la-corte-suprema-presento-su-primer-plan-estrategico\/\" target=\"_blank\"> plan estrat\u00e9gico<\/a>, ya que \u201cno es f\u00e1cil aunar criterios\u201d<\/p>\n<p><a href=\"http:\/\/comunicaciontucuman.gob.ar\/wp-content\/uploads\/2018\/10\/DSC_0440.jpg\"><img loading=\"lazy\" decoding=\"async\" class=\"alignnone size-medium wp-image-181311 alignright\" src=\"http:\/\/comunicaciontucuman.gob.ar\/wp-content\/uploads\/2018\/10\/DSC_0440-300x166.jpg\" alt=\"DSC_0440\" width=\"300\" height=\"166\"><\/a>El presidente de la Corte Suprema de Justicia de Tucum\u00e1n, <strong>Daniel Posse<\/strong> agradeci\u00f3 \u201cal gobernador el ofrecimiento como sede, sin embargo como Tucum\u00e1n no podr\u00e1 serlo el a\u00f1o que viene, haremos un encuentro num\u00e9ricamente m\u00e1s grande en la provincia\u201d.<\/p>\n<p>Respecto a la independencia del poder judicial, \u201csiempre la resaltamos. La gente pide que resolvamos los problemas\u201d.<\/p>\n<p>Adem\u00e1s se refiri\u00f3 al Plan Estrat\u00e9gico que present\u00f3 durante la ma\u00f1ana. \u201cSiempre es importante tener una mirada a corto, mediano y largo plazo. Hicimos un trabajo propio importante para saber cu\u00e1les son nuestras debilidades y fortalezas, en base a eso armamos este programa\u201d.<\/p>\n<p>El ministro de Gobierno y Justicia, <strong>Reino Amado<\/strong> expres\u00f3 que \u201ctener a todas las cortes representa d\u00edas de trabajo intenso, con el objetivo de mejorar los servicios de justicia\u201d.<\/p>\n<\/div>\n<\/div>\n<p>Fuente: http:\/\/comunicaciontucuman.gob.ar\/2018\/10\/manzur-recibio-a-jueces-de-todo-el-pais\/<\/p>\n","protected":false},"excerpt":{"rendered":"<p>El gobernador Juan Manzur recibi\u00f3, este viernes, a la Junta Federal de Cortes y Superiores Tribunales de Justicia (FuJeFus), con un almuerzo en el Sal\u00f3n Blanco, de Casa de Gobierno. JuFeJus es la entidad federal que nuclea a todos los miembros en ejercicio de las cortes y superiores tribunales de Justicia de las provincias argentinas [&hellip;]<\/p>\n","protected":false},"author":1,"featured_media":18282,"comment_status":"open","ping_status":"closed","sticky":false,"template":"","format":"standard","meta":{"footnotes":""},"categories":[3],"tags":[],"class_list":{"0":"post-18281","1":"post","2":"type-post","3":"status-publish","4":"format-standard","5":"has-post-thumbnail","7":"category-politica"},"yoast_head":"<!-- This site is optimized with the Yoast SEO plugin v27.4 - https:\/\/yoast.com\/product\/yoast-seo-wordpress\/ -->\n<title>Manzur recibi\u00f3 a jueces de todo el pa\u00eds - El Diario de Tucuman<\/title>\n<meta name=\"robots\" content=\"index, follow, max-snippet:-1, max-image-preview:large, max-video-preview:-1\" \/>\n<link rel=\"canonical\" href=\"https:\/\/www.eldiariodetucuman.com\/web\/manzur-recibio-a-jueces-de-todo-el-pais\/\" \/>\n<meta property=\"og:locale\" content=\"es_ES\" \/>\n<meta property=\"og:type\" content=\"article\" \/>\n<meta property=\"og:title\" content=\"Manzur recibi\u00f3 a jueces de todo el pa\u00eds - El Diario de Tucuman\" \/>\n<meta property=\"og:description\" content=\"El gobernador Juan Manzur recibi\u00f3, este viernes, a la Junta Federal de Cortes y Superiores Tribunales de Justicia (FuJeFus), con un almuerzo en el Sal\u00f3n Blanco, de Casa de Gobierno. JuFeJus es la entidad federal que nuclea a todos los miembros en ejercicio de las cortes y superiores tribunales de Justicia de las provincias argentinas [&hellip;]\" \/>\n<meta property=\"og:url\" content=\"https:\/\/www.eldiariodetucuman.com\/web\/manzur-recibio-a-jueces-de-todo-el-pais\/\" \/>\n<meta property=\"og:site_name\" content=\"El Diario de Tucuman\" \/>\n<meta property=\"article:published_time\" content=\"2018-10-20T03:07:35+00:00\" \/>\n<meta property=\"article:modified_time\" content=\"2018-10-20T03:07:36+00:00\" \/>\n<meta property=\"og:image\" content=\"https:\/\/www.eldiariodetucuman.com\/web\/wp-content\/uploads\/2018\/10\/3beffc0cc9d866ba0c80745930f3db1c.jpeg\" \/>\n\t<meta property=\"og:image:width\" content=\"300\" \/>\n\t<meta property=\"og:image:height\" content=\"166\" \/>\n\t<meta property=\"og:image:type\" content=\"image\/jpeg\" \/>\n<meta name=\"author\" content=\"admin\" \/>\n<meta name=\"twitter:card\" content=\"summary_large_image\" \/>\n<meta name=\"twitter:label1\" content=\"Escrito por\" \/>\n\t<meta name=\"twitter:data1\" content=\"admin\" \/>\n\t<meta name=\"twitter:label2\" content=\"Tiempo de lectura\" \/>\n\t<meta name=\"twitter:data2\" content=\"2 minutos\" \/>\n<script type=\"application\/ld+json\" class=\"yoast-schema-graph\">{\"@context\":\"https:\\\/\\\/schema.org\",\"@graph\":[{\"@type\":\"Article\",\"@id\":\"https:\\\/\\\/www.eldiariodetucuman.com\\\/web\\\/manzur-recibio-a-jueces-de-todo-el-pais\\\/#article\",\"isPartOf\":{\"@id\":\"https:\\\/\\\/www.eldiariodetucuman.com\\\/web\\\/manzur-recibio-a-jueces-de-todo-el-pais\\\/\"},\"author\":{\"name\":\"admin\",\"@id\":\"https:\\\/\\\/www.eldiariodetucuman.com\\\/web\\\/#\\\/schema\\\/person\\\/9250197d75ab5483412e19678b121caa\"},\"headline\":\"Manzur recibi\u00f3 a jueces de todo el pa\u00eds\",\"datePublished\":\"2018-10-20T03:07:35+00:00\",\"dateModified\":\"2018-10-20T03:07:36+00:00\",\"mainEntityOfPage\":{\"@id\":\"https:\\\/\\\/www.eldiariodetucuman.com\\\/web\\\/manzur-recibio-a-jueces-de-todo-el-pais\\\/\"},\"wordCount\":457,\"commentCount\":0,\"publisher\":{\"@id\":\"https:\\\/\\\/www.eldiariodetucuman.com\\\/web\\\/#organization\"},\"image\":{\"@id\":\"https:\\\/\\\/www.eldiariodetucuman.com\\\/web\\\/manzur-recibio-a-jueces-de-todo-el-pais\\\/#primaryimage\"},\"thumbnailUrl\":\"https:\\\/\\\/www.eldiariodetucuman.com\\\/web\\\/wp-content\\\/uploads\\\/2018\\\/10\\\/3beffc0cc9d866ba0c80745930f3db1c.jpeg\",\"articleSection\":[\"Politica\"],\"inLanguage\":\"es\",\"potentialAction\":[{\"@type\":\"CommentAction\",\"name\":\"Comment\",\"target\":[\"https:\\\/\\\/www.eldiariodetucuman.com\\\/web\\\/manzur-recibio-a-jueces-de-todo-el-pais\\\/#respond\"]}]},{\"@type\":\"WebPage\",\"@id\":\"https:\\\/\\\/www.eldiariodetucuman.com\\\/web\\\/manzur-recibio-a-jueces-de-todo-el-pais\\\/\",\"url\":\"https:\\\/\\\/www.eldiariodetucuman.com\\\/web\\\/manzur-recibio-a-jueces-de-todo-el-pais\\\/\",\"name\":\"Manzur recibi\u00f3 a jueces de todo el pa\u00eds - El Diario de Tucuman\",\"isPartOf\":{\"@id\":\"https:\\\/\\\/www.eldiariodetucuman.com\\\/web\\\/#website\"},\"primaryImageOfPage\":{\"@id\":\"https:\\\/\\\/www.eldiariodetucuman.com\\\/web\\\/manzur-recibio-a-jueces-de-todo-el-pais\\\/#primaryimage\"},\"image\":{\"@id\":\"https:\\\/\\\/www.eldiariodetucuman.com\\\/web\\\/manzur-recibio-a-jueces-de-todo-el-pais\\\/#primaryimage\"},\"thumbnailUrl\":\"https:\\\/\\\/www.eldiariodetucuman.com\\\/web\\\/wp-content\\\/uploads\\\/2018\\\/10\\\/3beffc0cc9d866ba0c80745930f3db1c.jpeg\",\"datePublished\":\"2018-10-20T03:07:35+00:00\",\"dateModified\":\"2018-10-20T03:07:36+00:00\",\"breadcrumb\":{\"@id\":\"https:\\\/\\\/www.eldiariodetucuman.com\\\/web\\\/manzur-recibio-a-jueces-de-todo-el-pais\\\/#breadcrumb\"},\"inLanguage\":\"es\",\"potentialAction\":[{\"@type\":\"ReadAction\",\"target\":[\"https:\\\/\\\/www.eldiariodetucuman.com\\\/web\\\/manzur-recibio-a-jueces-de-todo-el-pais\\\/\"]}]},{\"@type\":\"ImageObject\",\"inLanguage\":\"es\",\"@id\":\"https:\\\/\\\/www.eldiariodetucuman.com\\\/web\\\/manzur-recibio-a-jueces-de-todo-el-pais\\\/#primaryimage\",\"url\":\"https:\\\/\\\/www.eldiariodetucuman.com\\\/web\\\/wp-content\\\/uploads\\\/2018\\\/10\\\/3beffc0cc9d866ba0c80745930f3db1c.jpeg\",\"contentUrl\":\"https:\\\/\\\/www.eldiariodetucuman.com\\\/web\\\/wp-content\\\/uploads\\\/2018\\\/10\\\/3beffc0cc9d866ba0c80745930f3db1c.jpeg\",\"width\":300,\"height\":166},{\"@type\":\"BreadcrumbList\",\"@id\":\"https:\\\/\\\/www.eldiariodetucuman.com\\\/web\\\/manzur-recibio-a-jueces-de-todo-el-pais\\\/#breadcrumb\",\"itemListElement\":[{\"@type\":\"ListItem\",\"position\":1,\"name\":\"Portada\",\"item\":\"https:\\\/\\\/www.eldiariodetucuman.com\\\/web\\\/\"},{\"@type\":\"ListItem\",\"position\":2,\"name\":\"Manzur recibi\u00f3 a jueces de todo el pa\u00eds\"}]},{\"@type\":\"WebSite\",\"@id\":\"https:\\\/\\\/www.eldiariodetucuman.com\\\/web\\\/#website\",\"url\":\"https:\\\/\\\/www.eldiariodetucuman.com\\\/web\\\/\",\"name\":\"El Diario de Tucuman\",\"description\":\"Diario Tucuman - Informaci\u00f3n y noticias\",\"publisher\":{\"@id\":\"https:\\\/\\\/www.eldiariodetucuman.com\\\/web\\\/#organization\"},\"potentialAction\":[{\"@type\":\"SearchAction\",\"target\":{\"@type\":\"EntryPoint\",\"urlTemplate\":\"https:\\\/\\\/www.eldiariodetucuman.com\\\/web\\\/?s={search_term_string}\"},\"query-input\":{\"@type\":\"PropertyValueSpecification\",\"valueRequired\":true,\"valueName\":\"search_term_string\"}}],\"inLanguage\":\"es\"},{\"@type\":\"Organization\",\"@id\":\"https:\\\/\\\/www.eldiariodetucuman.com\\\/web\\\/#organization\",\"name\":\"El Diario de Tucuman\",\"url\":\"https:\\\/\\\/www.eldiariodetucuman.com\\\/web\\\/\",\"logo\":{\"@type\":\"ImageObject\",\"inLanguage\":\"es\",\"@id\":\"https:\\\/\\\/www.eldiariodetucuman.com\\\/web\\\/#\\\/schema\\\/logo\\\/image\\\/\",\"url\":\"http:\\\/\\\/www.eldiariodetucuman.com\\\/web\\\/wp-content\\\/uploads\\\/2017\\\/12\\\/el-diario-de-tucuman.jpg\",\"contentUrl\":\"http:\\\/\\\/www.eldiariodetucuman.com\\\/web\\\/wp-content\\\/uploads\\\/2017\\\/12\\\/el-diario-de-tucuman.jpg\",\"width\":272,\"height\":92,\"caption\":\"El Diario de Tucuman\"},\"image\":{\"@id\":\"https:\\\/\\\/www.eldiariodetucuman.com\\\/web\\\/#\\\/schema\\\/logo\\\/image\\\/\"}},{\"@type\":\"Person\",\"@id\":\"https:\\\/\\\/www.eldiariodetucuman.com\\\/web\\\/#\\\/schema\\\/person\\\/9250197d75ab5483412e19678b121caa\",\"name\":\"admin\",\"image\":{\"@type\":\"ImageObject\",\"inLanguage\":\"es\",\"@id\":\"https:\\\/\\\/secure.gravatar.com\\\/avatar\\\/c44d117c2be811212c22cb481f6b8384b6873de103fbc49e7a03cc58d7dea4ac?s=96&d=mm&r=g\",\"url\":\"https:\\\/\\\/secure.gravatar.com\\\/avatar\\\/c44d117c2be811212c22cb481f6b8384b6873de103fbc49e7a03cc58d7dea4ac?s=96&d=mm&r=g\",\"contentUrl\":\"https:\\\/\\\/secure.gravatar.com\\\/avatar\\\/c44d117c2be811212c22cb481f6b8384b6873de103fbc49e7a03cc58d7dea4ac?s=96&d=mm&r=g\",\"caption\":\"admin\"},\"url\":\"https:\\\/\\\/www.eldiariodetucuman.com\\\/web\\\/author\\\/admin\\\/\"}]}<\/script>\n<!-- \/ Yoast SEO plugin. -->","yoast_head_json":{"title":"Manzur recibi\u00f3 a jueces de todo el pa\u00eds - El Diario de Tucuman","robots":{"index":"index","follow":"follow","max-snippet":"max-snippet:-1","max-image-preview":"max-image-preview:large","max-video-preview":"max-video-preview:-1"},"canonical":"https:\/\/www.eldiariodetucuman.com\/web\/manzur-recibio-a-jueces-de-todo-el-pais\/","og_locale":"es_ES","og_type":"article","og_title":"Manzur recibi\u00f3 a jueces de todo el pa\u00eds - El Diario de Tucuman","og_description":"El gobernador Juan Manzur recibi\u00f3, este viernes, a la Junta Federal de Cortes y Superiores Tribunales de Justicia (FuJeFus), con un almuerzo en el Sal\u00f3n Blanco, de Casa de Gobierno. JuFeJus es la entidad federal que nuclea a todos los miembros en ejercicio de las cortes y superiores tribunales de Justicia de las provincias argentinas [&hellip;]","og_url":"https:\/\/www.eldiariodetucuman.com\/web\/manzur-recibio-a-jueces-de-todo-el-pais\/","og_site_name":"El Diario de Tucuman","article_published_time":"2018-10-20T03:07:35+00:00","article_modified_time":"2018-10-20T03:07:36+00:00","og_image":[{"width":300,"height":166,"url":"https:\/\/www.eldiariodetucuman.com\/web\/wp-content\/uploads\/2018\/10\/3beffc0cc9d866ba0c80745930f3db1c.jpeg","type":"image\/jpeg"}],"author":"admin","twitter_card":"summary_large_image","twitter_misc":{"Escrito por":"admin","Tiempo de lectura":"2 minutos"},"schema":{"@context":"https:\/\/schema.org","@graph":[{"@type":"Article","@id":"https:\/\/www.eldiariodetucuman.com\/web\/manzur-recibio-a-jueces-de-todo-el-pais\/#article","isPartOf":{"@id":"https:\/\/www.eldiariodetucuman.com\/web\/manzur-recibio-a-jueces-de-todo-el-pais\/"},"author":{"name":"admin","@id":"https:\/\/www.eldiariodetucuman.com\/web\/#\/schema\/person\/9250197d75ab5483412e19678b121caa"},"headline":"Manzur recibi\u00f3 a jueces de todo el pa\u00eds","datePublished":"2018-10-20T03:07:35+00:00","dateModified":"2018-10-20T03:07:36+00:00","mainEntityOfPage":{"@id":"https:\/\/www.eldiariodetucuman.com\/web\/manzur-recibio-a-jueces-de-todo-el-pais\/"},"wordCount":457,"commentCount":0,"publisher":{"@id":"https:\/\/www.eldiariodetucuman.com\/web\/#organization"},"image":{"@id":"https:\/\/www.eldiariodetucuman.com\/web\/manzur-recibio-a-jueces-de-todo-el-pais\/#primaryimage"},"thumbnailUrl":"https:\/\/www.eldiariodetucuman.com\/web\/wp-content\/uploads\/2018\/10\/3beffc0cc9d866ba0c80745930f3db1c.jpeg","articleSection":["Politica"],"inLanguage":"es","potentialAction":[{"@type":"CommentAction","name":"Comment","target":["https:\/\/www.eldiariodetucuman.com\/web\/manzur-recibio-a-jueces-de-todo-el-pais\/#respond"]}]},{"@type":"WebPage","@id":"https:\/\/www.eldiariodetucuman.com\/web\/manzur-recibio-a-jueces-de-todo-el-pais\/","url":"https:\/\/www.eldiariodetucuman.com\/web\/manzur-recibio-a-jueces-de-todo-el-pais\/","name":"Manzur recibi\u00f3 a jueces de todo el pa\u00eds - El Diario de Tucuman","isPartOf":{"@id":"https:\/\/www.eldiariodetucuman.com\/web\/#website"},"primaryImageOfPage":{"@id":"https:\/\/www.eldiariodetucuman.com\/web\/manzur-recibio-a-jueces-de-todo-el-pais\/#primaryimage"},"image":{"@id":"https:\/\/www.eldiariodetucuman.com\/web\/manzur-recibio-a-jueces-de-todo-el-pais\/#primaryimage"},"thumbnailUrl":"https:\/\/www.eldiariodetucuman.com\/web\/wp-content\/uploads\/2018\/10\/3beffc0cc9d866ba0c80745930f3db1c.jpeg","datePublished":"2018-10-20T03:07:35+00:00","dateModified":"2018-10-20T03:07:36+00:00","breadcrumb":{"@id":"https:\/\/www.eldiariodetucuman.com\/web\/manzur-recibio-a-jueces-de-todo-el-pais\/#breadcrumb"},"inLanguage":"es","potentialAction":[{"@type":"ReadAction","target":["https:\/\/www.eldiariodetucuman.com\/web\/manzur-recibio-a-jueces-de-todo-el-pais\/"]}]},{"@type":"ImageObject","inLanguage":"es","@id":"https:\/\/www.eldiariodetucuman.com\/web\/manzur-recibio-a-jueces-de-todo-el-pais\/#primaryimage","url":"https:\/\/www.eldiariodetucuman.com\/web\/wp-content\/uploads\/2018\/10\/3beffc0cc9d866ba0c80745930f3db1c.jpeg","contentUrl":"https:\/\/www.eldiariodetucuman.com\/web\/wp-content\/uploads\/2018\/10\/3beffc0cc9d866ba0c80745930f3db1c.jpeg","width":300,"height":166},{"@type":"BreadcrumbList","@id":"https:\/\/www.eldiariodetucuman.com\/web\/manzur-recibio-a-jueces-de-todo-el-pais\/#breadcrumb","itemListElement":[{"@type":"ListItem","position":1,"name":"Portada","item":"https:\/\/www.eldiariodetucuman.com\/web\/"},{"@type":"ListItem","position":2,"name":"Manzur recibi\u00f3 a jueces de todo el pa\u00eds"}]},{"@type":"WebSite","@id":"https:\/\/www.eldiariodetucuman.com\/web\/#website","url":"https:\/\/www.eldiariodetucuman.com\/web\/","name":"El Diario de Tucuman","description":"Diario Tucuman - Informaci\u00f3n y noticias","publisher":{"@id":"https:\/\/www.eldiariodetucuman.com\/web\/#organization"},"potentialAction":[{"@type":"SearchAction","target":{"@type":"EntryPoint","urlTemplate":"https:\/\/www.eldiariodetucuman.com\/web\/?s={search_term_string}"},"query-input":{"@type":"PropertyValueSpecification","valueRequired":true,"valueName":"search_term_string"}}],"inLanguage":"es"},{"@type":"Organization","@id":"https:\/\/www.eldiariodetucuman.com\/web\/#organization","name":"El Diario de Tucuman","url":"https:\/\/www.eldiariodetucuman.com\/web\/","logo":{"@type":"ImageObject","inLanguage":"es","@id":"https:\/\/www.eldiariodetucuman.com\/web\/#\/schema\/logo\/image\/","url":"http:\/\/www.eldiariodetucuman.com\/web\/wp-content\/uploads\/2017\/12\/el-diario-de-tucuman.jpg","contentUrl":"http:\/\/www.eldiariodetucuman.com\/web\/wp-content\/uploads\/2017\/12\/el-diario-de-tucuman.jpg","width":272,"height":92,"caption":"El Diario de Tucuman"},"image":{"@id":"https:\/\/www.eldiariodetucuman.com\/web\/#\/schema\/logo\/image\/"}},{"@type":"Person","@id":"https:\/\/www.eldiariodetucuman.com\/web\/#\/schema\/person\/9250197d75ab5483412e19678b121caa","name":"admin","image":{"@type":"ImageObject","inLanguage":"es","@id":"https:\/\/secure.gravatar.com\/avatar\/c44d117c2be811212c22cb481f6b8384b6873de103fbc49e7a03cc58d7dea4ac?s=96&d=mm&r=g","url":"https:\/\/secure.gravatar.com\/avatar\/c44d117c2be811212c22cb481f6b8384b6873de103fbc49e7a03cc58d7dea4ac?s=96&d=mm&r=g","contentUrl":"https:\/\/secure.gravatar.com\/avatar\/c44d117c2be811212c22cb481f6b8384b6873de103fbc49e7a03cc58d7dea4ac?s=96&d=mm&r=g","caption":"admin"},"url":"https:\/\/www.eldiariodetucuman.com\/web\/author\/admin\/"}]}},"_links":{"self":[{"href":"https:\/\/www.eldiariodetucuman.com\/web\/wp-json\/wp\/v2\/posts\/18281","targetHints":{"allow":["GET"]}}],"collection":[{"href":"https:\/\/www.eldiariodetucuman.com\/web\/wp-json\/wp\/v2\/posts"}],"about":[{"href":"https:\/\/www.eldiariodetucuman.com\/web\/wp-json\/wp\/v2\/types\/post"}],"author":[{"embeddable":true,"href":"https:\/\/www.eldiariodetucuman.com\/web\/wp-json\/wp\/v2\/users\/1"}],"replies":[{"embeddable":true,"href":"https:\/\/www.eldiariodetucuman.com\/web\/wp-json\/wp\/v2\/comments?post=18281"}],"version-history":[{"count":1,"href":"https:\/\/www.eldiariodetucuman.com\/web\/wp-json\/wp\/v2\/posts\/18281\/revisions"}],"predecessor-version":[{"id":18283,"href":"https:\/\/www.eldiariodetucuman.com\/web\/wp-json\/wp\/v2\/posts\/18281\/revisions\/18283"}],"wp:featuredmedia":[{"embeddable":true,"href":"https:\/\/www.eldiariodetucuman.com\/web\/wp-json\/wp\/v2\/media\/18282"}],"wp:attachment":[{"href":"https:\/\/www.eldiariodetucuman.com\/web\/wp-json\/wp\/v2\/media?parent=18281"}],"wp:term":[{"taxonomy":"category","embeddable":true,"href":"https:\/\/www.eldiariodetucuman.com\/web\/wp-json\/wp\/v2\/categories?post=18281"},{"taxonomy":"post_tag","embeddable":true,"href":"https:\/\/www.eldiariodetucuman.com\/web\/wp-json\/wp\/v2\/tags?post=18281"}],"curies":[{"name":"wp","href":"https:\/\/api.w.org\/{rel}","templated":true}]}}