{"id":18278,"date":"2018-10-19T13:56:30","date_gmt":"2018-10-19T16:56:30","guid":{"rendered":"http:\/\/www.eldiariodetucuman.com\/web\/?p=18278"},"modified":"2018-10-19T13:56:30","modified_gmt":"2018-10-19T16:56:30","slug":"la-emocion-de-entrar-por-primera-vez-a-la-casa-de-gobierno","status":"publish","type":"post","link":"https:\/\/www.eldiariodetucuman.com\/web\/la-emocion-de-entrar-por-primera-vez-a-la-casa-de-gobierno\/","title":{"rendered":"La emoci\u00f3n de entrar por primera vez a la Casa de Gobierno"},"content":{"rendered":"<div class=\"td-post-header\"><\/div>\n<div class=\"td-post-sharing-top\">\n<div id=\"td_social_sharing_article_top\" class=\"td-post-sharing td-ps-bg td-ps-notext td-post-sharing-style1 \">\n<div class=\"td-post-sharing-visible\">\n<div class=\"td-social-but-icon\">Alumnos de la Escuela Jos\u00e9 Federico Moreno, de la ciudad de\u00a0Monteros, vivieron una jornada diferente. El ministro de Gobierno y Justicia,\u00a0<b>Regino\u00a0<\/b><b>Amado<\/b>, fue el encargado de recibir a los estudiantes del segundo grado en la Casa de Gobierno.<\/div>\n<\/div>\n<\/div>\n<\/div>\n<p><!--more--><\/p>\n<div class=\"td-post-content\">\n<p>Junto con sus docentes, los ni\u00f1os visitaron el casco hist\u00f3rico de Tucum\u00e1n. \u201cLa mayor\u00eda de los ni\u00f1os que viajaron no conoc\u00edan la Capital tucumana\u201d, revel\u00f3 la vicedirectora del establecimiento,\u00a0<b>Mar\u00eda<\/b>\u00a0<b>Cecilia<\/b>\u00a0<b>C\u00f3rdoba<\/b>.<\/p>\n<p>Por su parte, el ministro Amado expres\u00f3 que estas actividades son enriquecedoras para los ni\u00f1os \u201cya que aporta mucho a su aprendizaje\u201d.<\/p>\n<p>Luego del recorrido por el Palacio gubernamental, se dirigieron a la Casa Hist\u00f3rica y a la reserva natural de Horco Molle, para finalizar sus actividades en el shopping del Portal de Yerba Buena.<\/p>\n<p><strong>Fuente:<\/strong><a href=\"https:\/\/www.reginoamado.com.ar\/alumnos-de-la-escuela-federico-visitaron-la-casa-de-gobierno\/\">\u00a0https:\/\/www.reginoamado.com.ar\/alumnos-de-la-escuela-federico-visitaron-la-casa-de-gobierno\/<\/a><\/p>\n<\/div>\n","protected":false},"excerpt":{"rendered":"<p>Alumnos de la Escuela Jos\u00e9 Federico Moreno, de la ciudad de\u00a0Monteros, vivieron una jornada diferente. El ministro de Gobierno y Justicia,\u00a0Regino\u00a0Amado, fue el encargado de recibir a los estudiantes del segundo grado en la Casa de Gobierno.<\/p>\n","protected":false},"author":5,"featured_media":18279,"comment_status":"closed","ping_status":"open","sticky":false,"template":"","format":"standard","meta":{"footnotes":""},"categories":[2],"tags":[2129,1316,61],"class_list":{"0":"post-18278","1":"post","2":"type-post","3":"status-publish","4":"format-standard","5":"has-post-thumbnail","7":"category-actualidad","8":"tag-casa-de-gobierno","9":"tag-regino-amado","10":"tag-tucuman"},"yoast_head":"<!-- This site is optimized with the Yoast SEO plugin v27.4 - https:\/\/yoast.com\/product\/yoast-seo-wordpress\/ -->\n<title>La emoci\u00f3n de entrar por primera vez a la Casa de Gobierno - El Diario de Tucuman<\/title>\n<meta name=\"robots\" content=\"index, follow, max-snippet:-1, max-image-preview:large, max-video-preview:-1\" \/>\n<link rel=\"canonical\" href=\"https:\/\/www.eldiariodetucuman.com\/web\/la-emocion-de-entrar-por-primera-vez-a-la-casa-de-gobierno\/\" \/>\n<meta property=\"og:locale\" content=\"es_ES\" \/>\n<meta property=\"og:type\" content=\"article\" \/>\n<meta property=\"og:title\" content=\"La emoci\u00f3n de entrar por primera vez a la Casa de Gobierno - El Diario de Tucuman\" \/>\n<meta property=\"og:description\" content=\"Alumnos de la Escuela Jos\u00e9 Federico Moreno, de la ciudad de\u00a0Monteros, vivieron una jornada diferente. El ministro de Gobierno y Justicia,\u00a0Regino\u00a0Amado, fue el encargado de recibir a los estudiantes del segundo grado en la Casa de Gobierno.\" \/>\n<meta property=\"og:url\" content=\"https:\/\/www.eldiariodetucuman.com\/web\/la-emocion-de-entrar-por-primera-vez-a-la-casa-de-gobierno\/\" \/>\n<meta property=\"og:site_name\" content=\"El Diario de Tucuman\" \/>\n<meta property=\"article:published_time\" content=\"2018-10-19T16:56:30+00:00\" \/>\n<meta property=\"og:image\" content=\"https:\/\/www.eldiariodetucuman.com\/web\/wp-content\/uploads\/2018\/10\/casa-de-gobierno.jpeg\" \/>\n\t<meta property=\"og:image:width\" content=\"696\" \/>\n\t<meta property=\"og:image:height\" content=\"464\" \/>\n\t<meta property=\"og:image:type\" content=\"image\/jpeg\" \/>\n<meta name=\"author\" content=\"Redactor Uno\" \/>\n<meta name=\"twitter:card\" content=\"summary_large_image\" \/>\n<meta name=\"twitter:label1\" content=\"Escrito por\" \/>\n\t<meta name=\"twitter:data1\" content=\"Redactor Uno\" \/>\n\t<meta name=\"twitter:label2\" content=\"Tiempo de lectura\" \/>\n\t<meta name=\"twitter:data2\" content=\"1 minuto\" \/>\n<script type=\"application\/ld+json\" class=\"yoast-schema-graph\">{\"@context\":\"https:\\\/\\\/schema.org\",\"@graph\":[{\"@type\":\"Article\",\"@id\":\"https:\\\/\\\/www.eldiariodetucuman.com\\\/web\\\/la-emocion-de-entrar-por-primera-vez-a-la-casa-de-gobierno\\\/#article\",\"isPartOf\":{\"@id\":\"https:\\\/\\\/www.eldiariodetucuman.com\\\/web\\\/la-emocion-de-entrar-por-primera-vez-a-la-casa-de-gobierno\\\/\"},\"author\":{\"name\":\"Redactor Uno\",\"@id\":\"https:\\\/\\\/www.eldiariodetucuman.com\\\/web\\\/#\\\/schema\\\/person\\\/7e6644a46e60888f6b868594407e08dd\"},\"headline\":\"La emoci\u00f3n de entrar por primera vez a la Casa de Gobierno\",\"datePublished\":\"2018-10-19T16:56:30+00:00\",\"mainEntityOfPage\":{\"@id\":\"https:\\\/\\\/www.eldiariodetucuman.com\\\/web\\\/la-emocion-de-entrar-por-primera-vez-a-la-casa-de-gobierno\\\/\"},\"wordCount\":157,\"publisher\":{\"@id\":\"https:\\\/\\\/www.eldiariodetucuman.com\\\/web\\\/#organization\"},\"image\":{\"@id\":\"https:\\\/\\\/www.eldiariodetucuman.com\\\/web\\\/la-emocion-de-entrar-por-primera-vez-a-la-casa-de-gobierno\\\/#primaryimage\"},\"thumbnailUrl\":\"https:\\\/\\\/www.eldiariodetucuman.com\\\/web\\\/wp-content\\\/uploads\\\/2018\\\/10\\\/casa-de-gobierno.jpeg\",\"keywords\":[\"Casa de Gobierno\",\"Regino Amado\",\"Tucuman\"],\"articleSection\":[\"Actualidad\"],\"inLanguage\":\"es\"},{\"@type\":\"WebPage\",\"@id\":\"https:\\\/\\\/www.eldiariodetucuman.com\\\/web\\\/la-emocion-de-entrar-por-primera-vez-a-la-casa-de-gobierno\\\/\",\"url\":\"https:\\\/\\\/www.eldiariodetucuman.com\\\/web\\\/la-emocion-de-entrar-por-primera-vez-a-la-casa-de-gobierno\\\/\",\"name\":\"La emoci\u00f3n de entrar por primera vez a la Casa de Gobierno - El Diario de Tucuman\",\"isPartOf\":{\"@id\":\"https:\\\/\\\/www.eldiariodetucuman.com\\\/web\\\/#website\"},\"primaryImageOfPage\":{\"@id\":\"https:\\\/\\\/www.eldiariodetucuman.com\\\/web\\\/la-emocion-de-entrar-por-primera-vez-a-la-casa-de-gobierno\\\/#primaryimage\"},\"image\":{\"@id\":\"https:\\\/\\\/www.eldiariodetucuman.com\\\/web\\\/la-emocion-de-entrar-por-primera-vez-a-la-casa-de-gobierno\\\/#primaryimage\"},\"thumbnailUrl\":\"https:\\\/\\\/www.eldiariodetucuman.com\\\/web\\\/wp-content\\\/uploads\\\/2018\\\/10\\\/casa-de-gobierno.jpeg\",\"datePublished\":\"2018-10-19T16:56:30+00:00\",\"breadcrumb\":{\"@id\":\"https:\\\/\\\/www.eldiariodetucuman.com\\\/web\\\/la-emocion-de-entrar-por-primera-vez-a-la-casa-de-gobierno\\\/#breadcrumb\"},\"inLanguage\":\"es\",\"potentialAction\":[{\"@type\":\"ReadAction\",\"target\":[\"https:\\\/\\\/www.eldiariodetucuman.com\\\/web\\\/la-emocion-de-entrar-por-primera-vez-a-la-casa-de-gobierno\\\/\"]}]},{\"@type\":\"ImageObject\",\"inLanguage\":\"es\",\"@id\":\"https:\\\/\\\/www.eldiariodetucuman.com\\\/web\\\/la-emocion-de-entrar-por-primera-vez-a-la-casa-de-gobierno\\\/#primaryimage\",\"url\":\"https:\\\/\\\/www.eldiariodetucuman.com\\\/web\\\/wp-content\\\/uploads\\\/2018\\\/10\\\/casa-de-gobierno.jpeg\",\"contentUrl\":\"https:\\\/\\\/www.eldiariodetucuman.com\\\/web\\\/wp-content\\\/uploads\\\/2018\\\/10\\\/casa-de-gobierno.jpeg\",\"width\":696,\"height\":464},{\"@type\":\"BreadcrumbList\",\"@id\":\"https:\\\/\\\/www.eldiariodetucuman.com\\\/web\\\/la-emocion-de-entrar-por-primera-vez-a-la-casa-de-gobierno\\\/#breadcrumb\",\"itemListElement\":[{\"@type\":\"ListItem\",\"position\":1,\"name\":\"Portada\",\"item\":\"https:\\\/\\\/www.eldiariodetucuman.com\\\/web\\\/\"},{\"@type\":\"ListItem\",\"position\":2,\"name\":\"La emoci\u00f3n de entrar por primera vez a la Casa de Gobierno\"}]},{\"@type\":\"WebSite\",\"@id\":\"https:\\\/\\\/www.eldiariodetucuman.com\\\/web\\\/#website\",\"url\":\"https:\\\/\\\/www.eldiariodetucuman.com\\\/web\\\/\",\"name\":\"El Diario de Tucuman\",\"description\":\"Diario Tucuman - Informaci\u00f3n y noticias\",\"publisher\":{\"@id\":\"https:\\\/\\\/www.eldiariodetucuman.com\\\/web\\\/#organization\"},\"potentialAction\":[{\"@type\":\"SearchAction\",\"target\":{\"@type\":\"EntryPoint\",\"urlTemplate\":\"https:\\\/\\\/www.eldiariodetucuman.com\\\/web\\\/?s={search_term_string}\"},\"query-input\":{\"@type\":\"PropertyValueSpecification\",\"valueRequired\":true,\"valueName\":\"search_term_string\"}}],\"inLanguage\":\"es\"},{\"@type\":\"Organization\",\"@id\":\"https:\\\/\\\/www.eldiariodetucuman.com\\\/web\\\/#organization\",\"name\":\"El Diario de Tucuman\",\"url\":\"https:\\\/\\\/www.eldiariodetucuman.com\\\/web\\\/\",\"logo\":{\"@type\":\"ImageObject\",\"inLanguage\":\"es\",\"@id\":\"https:\\\/\\\/www.eldiariodetucuman.com\\\/web\\\/#\\\/schema\\\/logo\\\/image\\\/\",\"url\":\"http:\\\/\\\/www.eldiariodetucuman.com\\\/web\\\/wp-content\\\/uploads\\\/2017\\\/12\\\/el-diario-de-tucuman.jpg\",\"contentUrl\":\"http:\\\/\\\/www.eldiariodetucuman.com\\\/web\\\/wp-content\\\/uploads\\\/2017\\\/12\\\/el-diario-de-tucuman.jpg\",\"width\":272,\"height\":92,\"caption\":\"El Diario de Tucuman\"},\"image\":{\"@id\":\"https:\\\/\\\/www.eldiariodetucuman.com\\\/web\\\/#\\\/schema\\\/logo\\\/image\\\/\"}},{\"@type\":\"Person\",\"@id\":\"https:\\\/\\\/www.eldiariodetucuman.com\\\/web\\\/#\\\/schema\\\/person\\\/7e6644a46e60888f6b868594407e08dd\",\"name\":\"Redactor Uno\",\"image\":{\"@type\":\"ImageObject\",\"inLanguage\":\"es\",\"@id\":\"https:\\\/\\\/secure.gravatar.com\\\/avatar\\\/0049b1bdf1bd548385c9ea6b9356431717930913089febd2ba904f0187d7d074?s=96&d=mm&r=g\",\"url\":\"https:\\\/\\\/secure.gravatar.com\\\/avatar\\\/0049b1bdf1bd548385c9ea6b9356431717930913089febd2ba904f0187d7d074?s=96&d=mm&r=g\",\"contentUrl\":\"https:\\\/\\\/secure.gravatar.com\\\/avatar\\\/0049b1bdf1bd548385c9ea6b9356431717930913089febd2ba904f0187d7d074?s=96&d=mm&r=g\",\"caption\":\"Redactor Uno\"},\"url\":\"https:\\\/\\\/www.eldiariodetucuman.com\\\/web\\\/author\\\/mramasco\\\/\"}]}<\/script>\n<!-- \/ Yoast SEO plugin. -->","yoast_head_json":{"title":"La emoci\u00f3n de entrar por primera vez a la Casa de Gobierno - El Diario de Tucuman","robots":{"index":"index","follow":"follow","max-snippet":"max-snippet:-1","max-image-preview":"max-image-preview:large","max-video-preview":"max-video-preview:-1"},"canonical":"https:\/\/www.eldiariodetucuman.com\/web\/la-emocion-de-entrar-por-primera-vez-a-la-casa-de-gobierno\/","og_locale":"es_ES","og_type":"article","og_title":"La emoci\u00f3n de entrar por primera vez a la Casa de Gobierno - El Diario de Tucuman","og_description":"Alumnos de la Escuela Jos\u00e9 Federico Moreno, de la ciudad de\u00a0Monteros, vivieron una jornada diferente. El ministro de Gobierno y Justicia,\u00a0Regino\u00a0Amado, fue el encargado de recibir a los estudiantes del segundo grado en la Casa de Gobierno.","og_url":"https:\/\/www.eldiariodetucuman.com\/web\/la-emocion-de-entrar-por-primera-vez-a-la-casa-de-gobierno\/","og_site_name":"El Diario de Tucuman","article_published_time":"2018-10-19T16:56:30+00:00","og_image":[{"width":696,"height":464,"url":"https:\/\/www.eldiariodetucuman.com\/web\/wp-content\/uploads\/2018\/10\/casa-de-gobierno.jpeg","type":"image\/jpeg"}],"author":"Redactor Uno","twitter_card":"summary_large_image","twitter_misc":{"Escrito por":"Redactor Uno","Tiempo de lectura":"1 minuto"},"schema":{"@context":"https:\/\/schema.org","@graph":[{"@type":"Article","@id":"https:\/\/www.eldiariodetucuman.com\/web\/la-emocion-de-entrar-por-primera-vez-a-la-casa-de-gobierno\/#article","isPartOf":{"@id":"https:\/\/www.eldiariodetucuman.com\/web\/la-emocion-de-entrar-por-primera-vez-a-la-casa-de-gobierno\/"},"author":{"name":"Redactor Uno","@id":"https:\/\/www.eldiariodetucuman.com\/web\/#\/schema\/person\/7e6644a46e60888f6b868594407e08dd"},"headline":"La emoci\u00f3n de entrar por primera vez a la Casa de Gobierno","datePublished":"2018-10-19T16:56:30+00:00","mainEntityOfPage":{"@id":"https:\/\/www.eldiariodetucuman.com\/web\/la-emocion-de-entrar-por-primera-vez-a-la-casa-de-gobierno\/"},"wordCount":157,"publisher":{"@id":"https:\/\/www.eldiariodetucuman.com\/web\/#organization"},"image":{"@id":"https:\/\/www.eldiariodetucuman.com\/web\/la-emocion-de-entrar-por-primera-vez-a-la-casa-de-gobierno\/#primaryimage"},"thumbnailUrl":"https:\/\/www.eldiariodetucuman.com\/web\/wp-content\/uploads\/2018\/10\/casa-de-gobierno.jpeg","keywords":["Casa de Gobierno","Regino Amado","Tucuman"],"articleSection":["Actualidad"],"inLanguage":"es"},{"@type":"WebPage","@id":"https:\/\/www.eldiariodetucuman.com\/web\/la-emocion-de-entrar-por-primera-vez-a-la-casa-de-gobierno\/","url":"https:\/\/www.eldiariodetucuman.com\/web\/la-emocion-de-entrar-por-primera-vez-a-la-casa-de-gobierno\/","name":"La emoci\u00f3n de entrar por primera vez a la Casa de Gobierno - El Diario de Tucuman","isPartOf":{"@id":"https:\/\/www.eldiariodetucuman.com\/web\/#website"},"primaryImageOfPage":{"@id":"https:\/\/www.eldiariodetucuman.com\/web\/la-emocion-de-entrar-por-primera-vez-a-la-casa-de-gobierno\/#primaryimage"},"image":{"@id":"https:\/\/www.eldiariodetucuman.com\/web\/la-emocion-de-entrar-por-primera-vez-a-la-casa-de-gobierno\/#primaryimage"},"thumbnailUrl":"https:\/\/www.eldiariodetucuman.com\/web\/wp-content\/uploads\/2018\/10\/casa-de-gobierno.jpeg","datePublished":"2018-10-19T16:56:30+00:00","breadcrumb":{"@id":"https:\/\/www.eldiariodetucuman.com\/web\/la-emocion-de-entrar-por-primera-vez-a-la-casa-de-gobierno\/#breadcrumb"},"inLanguage":"es","potentialAction":[{"@type":"ReadAction","target":["https:\/\/www.eldiariodetucuman.com\/web\/la-emocion-de-entrar-por-primera-vez-a-la-casa-de-gobierno\/"]}]},{"@type":"ImageObject","inLanguage":"es","@id":"https:\/\/www.eldiariodetucuman.com\/web\/la-emocion-de-entrar-por-primera-vez-a-la-casa-de-gobierno\/#primaryimage","url":"https:\/\/www.eldiariodetucuman.com\/web\/wp-content\/uploads\/2018\/10\/casa-de-gobierno.jpeg","contentUrl":"https:\/\/www.eldiariodetucuman.com\/web\/wp-content\/uploads\/2018\/10\/casa-de-gobierno.jpeg","width":696,"height":464},{"@type":"BreadcrumbList","@id":"https:\/\/www.eldiariodetucuman.com\/web\/la-emocion-de-entrar-por-primera-vez-a-la-casa-de-gobierno\/#breadcrumb","itemListElement":[{"@type":"ListItem","position":1,"name":"Portada","item":"https:\/\/www.eldiariodetucuman.com\/web\/"},{"@type":"ListItem","position":2,"name":"La emoci\u00f3n de entrar por primera vez a la Casa de Gobierno"}]},{"@type":"WebSite","@id":"https:\/\/www.eldiariodetucuman.com\/web\/#website","url":"https:\/\/www.eldiariodetucuman.com\/web\/","name":"El Diario de Tucuman","description":"Diario Tucuman - Informaci\u00f3n y noticias","publisher":{"@id":"https:\/\/www.eldiariodetucuman.com\/web\/#organization"},"potentialAction":[{"@type":"SearchAction","target":{"@type":"EntryPoint","urlTemplate":"https:\/\/www.eldiariodetucuman.com\/web\/?s={search_term_string}"},"query-input":{"@type":"PropertyValueSpecification","valueRequired":true,"valueName":"search_term_string"}}],"inLanguage":"es"},{"@type":"Organization","@id":"https:\/\/www.eldiariodetucuman.com\/web\/#organization","name":"El Diario de Tucuman","url":"https:\/\/www.eldiariodetucuman.com\/web\/","logo":{"@type":"ImageObject","inLanguage":"es","@id":"https:\/\/www.eldiariodetucuman.com\/web\/#\/schema\/logo\/image\/","url":"http:\/\/www.eldiariodetucuman.com\/web\/wp-content\/uploads\/2017\/12\/el-diario-de-tucuman.jpg","contentUrl":"http:\/\/www.eldiariodetucuman.com\/web\/wp-content\/uploads\/2017\/12\/el-diario-de-tucuman.jpg","width":272,"height":92,"caption":"El Diario de Tucuman"},"image":{"@id":"https:\/\/www.eldiariodetucuman.com\/web\/#\/schema\/logo\/image\/"}},{"@type":"Person","@id":"https:\/\/www.eldiariodetucuman.com\/web\/#\/schema\/person\/7e6644a46e60888f6b868594407e08dd","name":"Redactor Uno","image":{"@type":"ImageObject","inLanguage":"es","@id":"https:\/\/secure.gravatar.com\/avatar\/0049b1bdf1bd548385c9ea6b9356431717930913089febd2ba904f0187d7d074?s=96&d=mm&r=g","url":"https:\/\/secure.gravatar.com\/avatar\/0049b1bdf1bd548385c9ea6b9356431717930913089febd2ba904f0187d7d074?s=96&d=mm&r=g","contentUrl":"https:\/\/secure.gravatar.com\/avatar\/0049b1bdf1bd548385c9ea6b9356431717930913089febd2ba904f0187d7d074?s=96&d=mm&r=g","caption":"Redactor Uno"},"url":"https:\/\/www.eldiariodetucuman.com\/web\/author\/mramasco\/"}]}},"_links":{"self":[{"href":"https:\/\/www.eldiariodetucuman.com\/web\/wp-json\/wp\/v2\/posts\/18278","targetHints":{"allow":["GET"]}}],"collection":[{"href":"https:\/\/www.eldiariodetucuman.com\/web\/wp-json\/wp\/v2\/posts"}],"about":[{"href":"https:\/\/www.eldiariodetucuman.com\/web\/wp-json\/wp\/v2\/types\/post"}],"author":[{"embeddable":true,"href":"https:\/\/www.eldiariodetucuman.com\/web\/wp-json\/wp\/v2\/users\/5"}],"replies":[{"embeddable":true,"href":"https:\/\/www.eldiariodetucuman.com\/web\/wp-json\/wp\/v2\/comments?post=18278"}],"version-history":[{"count":1,"href":"https:\/\/www.eldiariodetucuman.com\/web\/wp-json\/wp\/v2\/posts\/18278\/revisions"}],"predecessor-version":[{"id":18280,"href":"https:\/\/www.eldiariodetucuman.com\/web\/wp-json\/wp\/v2\/posts\/18278\/revisions\/18280"}],"wp:featuredmedia":[{"embeddable":true,"href":"https:\/\/www.eldiariodetucuman.com\/web\/wp-json\/wp\/v2\/media\/18279"}],"wp:attachment":[{"href":"https:\/\/www.eldiariodetucuman.com\/web\/wp-json\/wp\/v2\/media?parent=18278"}],"wp:term":[{"taxonomy":"category","embeddable":true,"href":"https:\/\/www.eldiariodetucuman.com\/web\/wp-json\/wp\/v2\/categories?post=18278"},{"taxonomy":"post_tag","embeddable":true,"href":"https:\/\/www.eldiariodetucuman.com\/web\/wp-json\/wp\/v2\/tags?post=18278"}],"curies":[{"name":"wp","href":"https:\/\/api.w.org\/{rel}","templated":true}]}}