{"id":18272,"date":"2018-10-19T12:37:11","date_gmt":"2018-10-19T15:37:11","guid":{"rendered":"http:\/\/www.eldiariodetucuman.com\/web\/se-cosas-intimas-muy-duras-del-gobernador-exploto-figueroa\/"},"modified":"2018-10-19T12:37:13","modified_gmt":"2018-10-19T15:37:13","slug":"se-cosas-intimas-muy-duras-del-gobernador-exploto-figueroa","status":"publish","type":"post","link":"https:\/\/www.eldiariodetucuman.com\/web\/se-cosas-intimas-muy-duras-del-gobernador-exploto-figueroa\/","title":{"rendered":"\u00abS\u00e9 cosas \u00edntimas muy duras del Gobernador\u00bb, explot\u00f3 Figueroa"},"content":{"rendered":"<div>\n<div readability=\"54.304449648712\">\n<p>\u00abUn golpe muy duro\u00a0en la ciudadan\u00eda\u00bb. As\u00ed defini\u00f3\u00a0<strong>Rolando Figueroa\u00a0<\/strong>al impacto que provocar\u00eda en los habitantes de\u00a0<strong><a href=\"https:\/\/www.elintransigente.com\/noticias\/buscar\/?buscar=neuquen\">Neuqu\u00e9n<\/a>\u00a0<\/strong>conocer las cosas que \u00e9l dice saber sobre el actual gobernador,\u00a0<strong>Omar Guti\u00e9rrez<\/strong>.<\/p>\n<p>Adem\u00e1s, lanz\u00f3:\u00a0\u00abCon el compa\u00f1ero\u00a0<strong>Omar Guti\u00e9rrez<\/strong>\u00a0tenemos conceptos ideol\u00f3gicos totalmente distintos, y si \u00e9l es candidato,\u00a0<strong>el Movimiento Popular Neuquino va a estar en riesgo<\/strong>\u00ab, seg\u00fan indic\u00f3 el diario neuquino\u00a0<a href=\"https:\/\/www.minutoneuquen.com\/neuquen\/2018\/10\/19\/se-cosas-intimas-muy-duras-del-gobernador-exploto-figueroa-138821.html\">Minuto Neuqu\u00e9n.com<\/a>.<\/p>\n<aside class=\"htmlinline \"><!-- politica 2 300 x 250 imagen --><ins class=\"adsbygoogle\" data-ad-client=\"ca-pub-7781556717282971\" data-ad-slot=\"3120775563\"><\/ins><br \/>\n<\/aside>\n<p>\u00bfQu\u00e9 quiso decir\u00a0<strong>Figueroa\u00a0<\/strong>con esta frase?, la inc\u00f3gnita sembrada es lo que genera incertidumbre. Lo cierto es que est\u00e1 jugando duro el\u00a0<strong>actual vice<\/strong>. Desde que comunic\u00f3 su ruptura con el actual mandatario neuquino, el pasado 3 de octubre, no para de lanzar declaraciones fuertes, pero sin dudas \u00e9sta \u00faltima es un<strong>\u00a0verdadero esc\u00e1ndalo.<\/strong><\/p>\n<p>Las intenciones son transparentes: &#8216;<strong>Rolo&#8217; Figueroa<\/strong>\u00a0busca retarse a duelo en las elecciones provinciales del 2019 pero para ello antes deber\u00e1 competir en las internas partidarias del\u00a0<strong>MPN,<\/strong>\u00a0a celebrarse el 25 de noviembre pr\u00f3ximo. Lo llamativo del caso es que el actual gobernador se medir\u00e1 frente a\u00a0su compa\u00f1ero de f\u00f3rmula, y se teme que esta coyuntura dificulte la gesti\u00f3n que deben compartir todav\u00eda.<\/p>\n<aside class=\"htmlinline \"><!-- politica 5 300 x 250 texto mas imagen --><ins class=\"adsbygoogle\" data-ad-client=\"ca-pub-7781556717282971\" data-ad-slot=\"3033145653\"><\/ins><br \/>\n<\/aside>\n<p>En una entrevista con Carlos Eguia\u00a0de\u00a0Cadena Uno,\u00a0<strong>Figueroa\u00a0<\/strong>reconoci\u00f3 que a\u00a0<strong>Guti\u00e9rrez<\/strong>\u00a0lo considera un amigo y asegur\u00f3 que sabe muchas \u00ab<strong>cuestiones \u00edntimas<\/strong>\u00bb de su ex jefe pol\u00edtico que podr\u00edan influir en la imagen que sobre el gobernador tiene la sociedad, seg\u00fan publica\u00a0Infobae.\u00a0\u00abSon cosas muy duras que si las supiera la ciudadan\u00eda ser\u00edan golpes muy duros, pero por supuesto forman parte de mi intimidad con \u00e9l como amigo\u00bb,\u00a0expres\u00f3, tirando una\u00a0<strong>verdadera bomba.<\/strong><\/p>\n<p><u>Arranca la campa\u00f1a<\/u>. Si algo es evidente es que estas palabras fueron tomadas como el comienzo fuerte de un proselitismo cruzado de alto contenido, de cara al primer combate electoral que se viene.\u00a0\u00a0<\/p>\n<p>\u00abOmar Guti\u00e9rrez es un amigo y hay muchas cosas que s\u00e9 y no las digo porque lo banco como amigo\u00bb,\u00a0volvi\u00f3 a repetir el vice rebelde que empieza a amenazar pisando fuerte.<\/p>\n<p>Queda claro que se asoman tiempos dif\u00edciles en el n\u00facleo del MPN<\/p>\n<\/div>\n<\/div>\n<p>Fuente: https:\/\/www.elintransigente.com\/politica\/2018\/10\/19\/se-cosas-intimas-muy-duras-del-gobernador-exploto-figueroa-518234.html<\/p>\n","protected":false},"excerpt":{"rendered":"<p>\u00abUn golpe muy duro\u00a0en la ciudadan\u00eda\u00bb. As\u00ed defini\u00f3\u00a0Rolando Figueroa\u00a0al impacto que provocar\u00eda en los habitantes de\u00a0Neuqu\u00e9n\u00a0conocer las cosas que \u00e9l dice saber sobre el actual gobernador,\u00a0Omar Guti\u00e9rrez. Adem\u00e1s, lanz\u00f3:\u00a0\u00abCon el compa\u00f1ero\u00a0Omar Guti\u00e9rrez\u00a0tenemos conceptos ideol\u00f3gicos totalmente distintos, y si \u00e9l es candidato,\u00a0el Movimiento Popular Neuquino va a estar en riesgo\u00ab, seg\u00fan indic\u00f3 el diario neuquino\u00a0Minuto Neuqu\u00e9n.com. [&hellip;]<\/p>\n","protected":false},"author":1,"featured_media":18273,"comment_status":"open","ping_status":"closed","sticky":false,"template":"","format":"standard","meta":{"footnotes":""},"categories":[1],"tags":[],"class_list":{"0":"post-18272","1":"post","2":"type-post","3":"status-publish","4":"format-standard","5":"has-post-thumbnail","7":"category-portada"},"yoast_head":"<!-- This site is optimized with the Yoast SEO plugin v27.4 - https:\/\/yoast.com\/product\/yoast-seo-wordpress\/ -->\n<title>&quot;S\u00e9 cosas \u00edntimas muy duras del Gobernador&quot;, explot\u00f3 Figueroa - El Diario de Tucuman<\/title>\n<meta name=\"robots\" content=\"index, follow, max-snippet:-1, max-image-preview:large, max-video-preview:-1\" \/>\n<link rel=\"canonical\" href=\"https:\/\/www.eldiariodetucuman.com\/web\/se-cosas-intimas-muy-duras-del-gobernador-exploto-figueroa\/\" \/>\n<meta property=\"og:locale\" content=\"es_ES\" \/>\n<meta property=\"og:type\" content=\"article\" \/>\n<meta property=\"og:title\" content=\"&quot;S\u00e9 cosas \u00edntimas muy duras del Gobernador&quot;, explot\u00f3 Figueroa - El Diario de Tucuman\" \/>\n<meta property=\"og:description\" content=\"\u00abUn golpe muy duro\u00a0en la ciudadan\u00eda\u00bb. As\u00ed defini\u00f3\u00a0Rolando Figueroa\u00a0al impacto que provocar\u00eda en los habitantes de\u00a0Neuqu\u00e9n\u00a0conocer las cosas que \u00e9l dice saber sobre el actual gobernador,\u00a0Omar Guti\u00e9rrez. Adem\u00e1s, lanz\u00f3:\u00a0\u00abCon el compa\u00f1ero\u00a0Omar Guti\u00e9rrez\u00a0tenemos conceptos ideol\u00f3gicos totalmente distintos, y si \u00e9l es candidato,\u00a0el Movimiento Popular Neuquino va a estar en riesgo\u00ab, seg\u00fan indic\u00f3 el diario neuquino\u00a0Minuto Neuqu\u00e9n.com. [&hellip;]\" \/>\n<meta property=\"og:url\" content=\"https:\/\/www.eldiariodetucuman.com\/web\/se-cosas-intimas-muy-duras-del-gobernador-exploto-figueroa\/\" \/>\n<meta property=\"og:site_name\" content=\"El Diario de Tucuman\" \/>\n<meta property=\"article:published_time\" content=\"2018-10-19T15:37:11+00:00\" \/>\n<meta property=\"article:modified_time\" content=\"2018-10-19T15:37:13+00:00\" \/>\n<meta property=\"og:image\" content=\"https:\/\/www.eldiariodetucuman.com\/web\/wp-content\/uploads\/2018\/10\/0656c4f5da592a8b78ccc3d141173688.jpeg\" \/>\n\t<meta property=\"og:image:width\" content=\"960\" \/>\n\t<meta property=\"og:image:height\" content=\"538\" \/>\n\t<meta property=\"og:image:type\" content=\"image\/jpeg\" \/>\n<meta name=\"author\" content=\"admin\" \/>\n<meta name=\"twitter:card\" content=\"summary_large_image\" \/>\n<meta name=\"twitter:label1\" content=\"Escrito por\" \/>\n\t<meta name=\"twitter:data1\" content=\"admin\" \/>\n\t<meta name=\"twitter:label2\" content=\"Tiempo de lectura\" \/>\n\t<meta name=\"twitter:data2\" content=\"2 minutos\" \/>\n<script type=\"application\/ld+json\" class=\"yoast-schema-graph\">{\"@context\":\"https:\\\/\\\/schema.org\",\"@graph\":[{\"@type\":\"Article\",\"@id\":\"https:\\\/\\\/www.eldiariodetucuman.com\\\/web\\\/se-cosas-intimas-muy-duras-del-gobernador-exploto-figueroa\\\/#article\",\"isPartOf\":{\"@id\":\"https:\\\/\\\/www.eldiariodetucuman.com\\\/web\\\/se-cosas-intimas-muy-duras-del-gobernador-exploto-figueroa\\\/\"},\"author\":{\"name\":\"admin\",\"@id\":\"https:\\\/\\\/www.eldiariodetucuman.com\\\/web\\\/#\\\/schema\\\/person\\\/9250197d75ab5483412e19678b121caa\"},\"headline\":\"\u00abS\u00e9 cosas \u00edntimas muy duras del Gobernador\u00bb, explot\u00f3 Figueroa\",\"datePublished\":\"2018-10-19T15:37:11+00:00\",\"dateModified\":\"2018-10-19T15:37:13+00:00\",\"mainEntityOfPage\":{\"@id\":\"https:\\\/\\\/www.eldiariodetucuman.com\\\/web\\\/se-cosas-intimas-muy-duras-del-gobernador-exploto-figueroa\\\/\"},\"wordCount\":382,\"commentCount\":0,\"publisher\":{\"@id\":\"https:\\\/\\\/www.eldiariodetucuman.com\\\/web\\\/#organization\"},\"image\":{\"@id\":\"https:\\\/\\\/www.eldiariodetucuman.com\\\/web\\\/se-cosas-intimas-muy-duras-del-gobernador-exploto-figueroa\\\/#primaryimage\"},\"thumbnailUrl\":\"https:\\\/\\\/www.eldiariodetucuman.com\\\/web\\\/wp-content\\\/uploads\\\/2018\\\/10\\\/0656c4f5da592a8b78ccc3d141173688.jpeg\",\"articleSection\":[\"Portada\"],\"inLanguage\":\"es\",\"potentialAction\":[{\"@type\":\"CommentAction\",\"name\":\"Comment\",\"target\":[\"https:\\\/\\\/www.eldiariodetucuman.com\\\/web\\\/se-cosas-intimas-muy-duras-del-gobernador-exploto-figueroa\\\/#respond\"]}]},{\"@type\":\"WebPage\",\"@id\":\"https:\\\/\\\/www.eldiariodetucuman.com\\\/web\\\/se-cosas-intimas-muy-duras-del-gobernador-exploto-figueroa\\\/\",\"url\":\"https:\\\/\\\/www.eldiariodetucuman.com\\\/web\\\/se-cosas-intimas-muy-duras-del-gobernador-exploto-figueroa\\\/\",\"name\":\"\\\"S\u00e9 cosas \u00edntimas muy duras del Gobernador\\\", explot\u00f3 Figueroa - El Diario de Tucuman\",\"isPartOf\":{\"@id\":\"https:\\\/\\\/www.eldiariodetucuman.com\\\/web\\\/#website\"},\"primaryImageOfPage\":{\"@id\":\"https:\\\/\\\/www.eldiariodetucuman.com\\\/web\\\/se-cosas-intimas-muy-duras-del-gobernador-exploto-figueroa\\\/#primaryimage\"},\"image\":{\"@id\":\"https:\\\/\\\/www.eldiariodetucuman.com\\\/web\\\/se-cosas-intimas-muy-duras-del-gobernador-exploto-figueroa\\\/#primaryimage\"},\"thumbnailUrl\":\"https:\\\/\\\/www.eldiariodetucuman.com\\\/web\\\/wp-content\\\/uploads\\\/2018\\\/10\\\/0656c4f5da592a8b78ccc3d141173688.jpeg\",\"datePublished\":\"2018-10-19T15:37:11+00:00\",\"dateModified\":\"2018-10-19T15:37:13+00:00\",\"breadcrumb\":{\"@id\":\"https:\\\/\\\/www.eldiariodetucuman.com\\\/web\\\/se-cosas-intimas-muy-duras-del-gobernador-exploto-figueroa\\\/#breadcrumb\"},\"inLanguage\":\"es\",\"potentialAction\":[{\"@type\":\"ReadAction\",\"target\":[\"https:\\\/\\\/www.eldiariodetucuman.com\\\/web\\\/se-cosas-intimas-muy-duras-del-gobernador-exploto-figueroa\\\/\"]}]},{\"@type\":\"ImageObject\",\"inLanguage\":\"es\",\"@id\":\"https:\\\/\\\/www.eldiariodetucuman.com\\\/web\\\/se-cosas-intimas-muy-duras-del-gobernador-exploto-figueroa\\\/#primaryimage\",\"url\":\"https:\\\/\\\/www.eldiariodetucuman.com\\\/web\\\/wp-content\\\/uploads\\\/2018\\\/10\\\/0656c4f5da592a8b78ccc3d141173688.jpeg\",\"contentUrl\":\"https:\\\/\\\/www.eldiariodetucuman.com\\\/web\\\/wp-content\\\/uploads\\\/2018\\\/10\\\/0656c4f5da592a8b78ccc3d141173688.jpeg\",\"width\":960,\"height\":538},{\"@type\":\"BreadcrumbList\",\"@id\":\"https:\\\/\\\/www.eldiariodetucuman.com\\\/web\\\/se-cosas-intimas-muy-duras-del-gobernador-exploto-figueroa\\\/#breadcrumb\",\"itemListElement\":[{\"@type\":\"ListItem\",\"position\":1,\"name\":\"Portada\",\"item\":\"https:\\\/\\\/www.eldiariodetucuman.com\\\/web\\\/\"},{\"@type\":\"ListItem\",\"position\":2,\"name\":\"\u00abS\u00e9 cosas \u00edntimas muy duras del Gobernador\u00bb, explot\u00f3 Figueroa\"}]},{\"@type\":\"WebSite\",\"@id\":\"https:\\\/\\\/www.eldiariodetucuman.com\\\/web\\\/#website\",\"url\":\"https:\\\/\\\/www.eldiariodetucuman.com\\\/web\\\/\",\"name\":\"El Diario de Tucuman\",\"description\":\"Diario Tucuman - Informaci\u00f3n y noticias\",\"publisher\":{\"@id\":\"https:\\\/\\\/www.eldiariodetucuman.com\\\/web\\\/#organization\"},\"potentialAction\":[{\"@type\":\"SearchAction\",\"target\":{\"@type\":\"EntryPoint\",\"urlTemplate\":\"https:\\\/\\\/www.eldiariodetucuman.com\\\/web\\\/?s={search_term_string}\"},\"query-input\":{\"@type\":\"PropertyValueSpecification\",\"valueRequired\":true,\"valueName\":\"search_term_string\"}}],\"inLanguage\":\"es\"},{\"@type\":\"Organization\",\"@id\":\"https:\\\/\\\/www.eldiariodetucuman.com\\\/web\\\/#organization\",\"name\":\"El Diario de Tucuman\",\"url\":\"https:\\\/\\\/www.eldiariodetucuman.com\\\/web\\\/\",\"logo\":{\"@type\":\"ImageObject\",\"inLanguage\":\"es\",\"@id\":\"https:\\\/\\\/www.eldiariodetucuman.com\\\/web\\\/#\\\/schema\\\/logo\\\/image\\\/\",\"url\":\"http:\\\/\\\/www.eldiariodetucuman.com\\\/web\\\/wp-content\\\/uploads\\\/2017\\\/12\\\/el-diario-de-tucuman.jpg\",\"contentUrl\":\"http:\\\/\\\/www.eldiariodetucuman.com\\\/web\\\/wp-content\\\/uploads\\\/2017\\\/12\\\/el-diario-de-tucuman.jpg\",\"width\":272,\"height\":92,\"caption\":\"El Diario de Tucuman\"},\"image\":{\"@id\":\"https:\\\/\\\/www.eldiariodetucuman.com\\\/web\\\/#\\\/schema\\\/logo\\\/image\\\/\"}},{\"@type\":\"Person\",\"@id\":\"https:\\\/\\\/www.eldiariodetucuman.com\\\/web\\\/#\\\/schema\\\/person\\\/9250197d75ab5483412e19678b121caa\",\"name\":\"admin\",\"image\":{\"@type\":\"ImageObject\",\"inLanguage\":\"es\",\"@id\":\"https:\\\/\\\/secure.gravatar.com\\\/avatar\\\/c44d117c2be811212c22cb481f6b8384b6873de103fbc49e7a03cc58d7dea4ac?s=96&d=mm&r=g\",\"url\":\"https:\\\/\\\/secure.gravatar.com\\\/avatar\\\/c44d117c2be811212c22cb481f6b8384b6873de103fbc49e7a03cc58d7dea4ac?s=96&d=mm&r=g\",\"contentUrl\":\"https:\\\/\\\/secure.gravatar.com\\\/avatar\\\/c44d117c2be811212c22cb481f6b8384b6873de103fbc49e7a03cc58d7dea4ac?s=96&d=mm&r=g\",\"caption\":\"admin\"},\"url\":\"https:\\\/\\\/www.eldiariodetucuman.com\\\/web\\\/author\\\/admin\\\/\"}]}<\/script>\n<!-- \/ Yoast SEO plugin. -->","yoast_head_json":{"title":"\"S\u00e9 cosas \u00edntimas muy duras del Gobernador\", explot\u00f3 Figueroa - El Diario de Tucuman","robots":{"index":"index","follow":"follow","max-snippet":"max-snippet:-1","max-image-preview":"max-image-preview:large","max-video-preview":"max-video-preview:-1"},"canonical":"https:\/\/www.eldiariodetucuman.com\/web\/se-cosas-intimas-muy-duras-del-gobernador-exploto-figueroa\/","og_locale":"es_ES","og_type":"article","og_title":"\"S\u00e9 cosas \u00edntimas muy duras del Gobernador\", explot\u00f3 Figueroa - El Diario de Tucuman","og_description":"\u00abUn golpe muy duro\u00a0en la ciudadan\u00eda\u00bb. As\u00ed defini\u00f3\u00a0Rolando Figueroa\u00a0al impacto que provocar\u00eda en los habitantes de\u00a0Neuqu\u00e9n\u00a0conocer las cosas que \u00e9l dice saber sobre el actual gobernador,\u00a0Omar Guti\u00e9rrez. Adem\u00e1s, lanz\u00f3:\u00a0\u00abCon el compa\u00f1ero\u00a0Omar Guti\u00e9rrez\u00a0tenemos conceptos ideol\u00f3gicos totalmente distintos, y si \u00e9l es candidato,\u00a0el Movimiento Popular Neuquino va a estar en riesgo\u00ab, seg\u00fan indic\u00f3 el diario neuquino\u00a0Minuto Neuqu\u00e9n.com. [&hellip;]","og_url":"https:\/\/www.eldiariodetucuman.com\/web\/se-cosas-intimas-muy-duras-del-gobernador-exploto-figueroa\/","og_site_name":"El Diario de Tucuman","article_published_time":"2018-10-19T15:37:11+00:00","article_modified_time":"2018-10-19T15:37:13+00:00","og_image":[{"width":960,"height":538,"url":"https:\/\/www.eldiariodetucuman.com\/web\/wp-content\/uploads\/2018\/10\/0656c4f5da592a8b78ccc3d141173688.jpeg","type":"image\/jpeg"}],"author":"admin","twitter_card":"summary_large_image","twitter_misc":{"Escrito por":"admin","Tiempo de lectura":"2 minutos"},"schema":{"@context":"https:\/\/schema.org","@graph":[{"@type":"Article","@id":"https:\/\/www.eldiariodetucuman.com\/web\/se-cosas-intimas-muy-duras-del-gobernador-exploto-figueroa\/#article","isPartOf":{"@id":"https:\/\/www.eldiariodetucuman.com\/web\/se-cosas-intimas-muy-duras-del-gobernador-exploto-figueroa\/"},"author":{"name":"admin","@id":"https:\/\/www.eldiariodetucuman.com\/web\/#\/schema\/person\/9250197d75ab5483412e19678b121caa"},"headline":"\u00abS\u00e9 cosas \u00edntimas muy duras del Gobernador\u00bb, explot\u00f3 Figueroa","datePublished":"2018-10-19T15:37:11+00:00","dateModified":"2018-10-19T15:37:13+00:00","mainEntityOfPage":{"@id":"https:\/\/www.eldiariodetucuman.com\/web\/se-cosas-intimas-muy-duras-del-gobernador-exploto-figueroa\/"},"wordCount":382,"commentCount":0,"publisher":{"@id":"https:\/\/www.eldiariodetucuman.com\/web\/#organization"},"image":{"@id":"https:\/\/www.eldiariodetucuman.com\/web\/se-cosas-intimas-muy-duras-del-gobernador-exploto-figueroa\/#primaryimage"},"thumbnailUrl":"https:\/\/www.eldiariodetucuman.com\/web\/wp-content\/uploads\/2018\/10\/0656c4f5da592a8b78ccc3d141173688.jpeg","articleSection":["Portada"],"inLanguage":"es","potentialAction":[{"@type":"CommentAction","name":"Comment","target":["https:\/\/www.eldiariodetucuman.com\/web\/se-cosas-intimas-muy-duras-del-gobernador-exploto-figueroa\/#respond"]}]},{"@type":"WebPage","@id":"https:\/\/www.eldiariodetucuman.com\/web\/se-cosas-intimas-muy-duras-del-gobernador-exploto-figueroa\/","url":"https:\/\/www.eldiariodetucuman.com\/web\/se-cosas-intimas-muy-duras-del-gobernador-exploto-figueroa\/","name":"\"S\u00e9 cosas \u00edntimas muy duras del Gobernador\", explot\u00f3 Figueroa - El Diario de Tucuman","isPartOf":{"@id":"https:\/\/www.eldiariodetucuman.com\/web\/#website"},"primaryImageOfPage":{"@id":"https:\/\/www.eldiariodetucuman.com\/web\/se-cosas-intimas-muy-duras-del-gobernador-exploto-figueroa\/#primaryimage"},"image":{"@id":"https:\/\/www.eldiariodetucuman.com\/web\/se-cosas-intimas-muy-duras-del-gobernador-exploto-figueroa\/#primaryimage"},"thumbnailUrl":"https:\/\/www.eldiariodetucuman.com\/web\/wp-content\/uploads\/2018\/10\/0656c4f5da592a8b78ccc3d141173688.jpeg","datePublished":"2018-10-19T15:37:11+00:00","dateModified":"2018-10-19T15:37:13+00:00","breadcrumb":{"@id":"https:\/\/www.eldiariodetucuman.com\/web\/se-cosas-intimas-muy-duras-del-gobernador-exploto-figueroa\/#breadcrumb"},"inLanguage":"es","potentialAction":[{"@type":"ReadAction","target":["https:\/\/www.eldiariodetucuman.com\/web\/se-cosas-intimas-muy-duras-del-gobernador-exploto-figueroa\/"]}]},{"@type":"ImageObject","inLanguage":"es","@id":"https:\/\/www.eldiariodetucuman.com\/web\/se-cosas-intimas-muy-duras-del-gobernador-exploto-figueroa\/#primaryimage","url":"https:\/\/www.eldiariodetucuman.com\/web\/wp-content\/uploads\/2018\/10\/0656c4f5da592a8b78ccc3d141173688.jpeg","contentUrl":"https:\/\/www.eldiariodetucuman.com\/web\/wp-content\/uploads\/2018\/10\/0656c4f5da592a8b78ccc3d141173688.jpeg","width":960,"height":538},{"@type":"BreadcrumbList","@id":"https:\/\/www.eldiariodetucuman.com\/web\/se-cosas-intimas-muy-duras-del-gobernador-exploto-figueroa\/#breadcrumb","itemListElement":[{"@type":"ListItem","position":1,"name":"Portada","item":"https:\/\/www.eldiariodetucuman.com\/web\/"},{"@type":"ListItem","position":2,"name":"\u00abS\u00e9 cosas \u00edntimas muy duras del Gobernador\u00bb, explot\u00f3 Figueroa"}]},{"@type":"WebSite","@id":"https:\/\/www.eldiariodetucuman.com\/web\/#website","url":"https:\/\/www.eldiariodetucuman.com\/web\/","name":"El Diario de Tucuman","description":"Diario Tucuman - Informaci\u00f3n y noticias","publisher":{"@id":"https:\/\/www.eldiariodetucuman.com\/web\/#organization"},"potentialAction":[{"@type":"SearchAction","target":{"@type":"EntryPoint","urlTemplate":"https:\/\/www.eldiariodetucuman.com\/web\/?s={search_term_string}"},"query-input":{"@type":"PropertyValueSpecification","valueRequired":true,"valueName":"search_term_string"}}],"inLanguage":"es"},{"@type":"Organization","@id":"https:\/\/www.eldiariodetucuman.com\/web\/#organization","name":"El Diario de Tucuman","url":"https:\/\/www.eldiariodetucuman.com\/web\/","logo":{"@type":"ImageObject","inLanguage":"es","@id":"https:\/\/www.eldiariodetucuman.com\/web\/#\/schema\/logo\/image\/","url":"http:\/\/www.eldiariodetucuman.com\/web\/wp-content\/uploads\/2017\/12\/el-diario-de-tucuman.jpg","contentUrl":"http:\/\/www.eldiariodetucuman.com\/web\/wp-content\/uploads\/2017\/12\/el-diario-de-tucuman.jpg","width":272,"height":92,"caption":"El Diario de Tucuman"},"image":{"@id":"https:\/\/www.eldiariodetucuman.com\/web\/#\/schema\/logo\/image\/"}},{"@type":"Person","@id":"https:\/\/www.eldiariodetucuman.com\/web\/#\/schema\/person\/9250197d75ab5483412e19678b121caa","name":"admin","image":{"@type":"ImageObject","inLanguage":"es","@id":"https:\/\/secure.gravatar.com\/avatar\/c44d117c2be811212c22cb481f6b8384b6873de103fbc49e7a03cc58d7dea4ac?s=96&d=mm&r=g","url":"https:\/\/secure.gravatar.com\/avatar\/c44d117c2be811212c22cb481f6b8384b6873de103fbc49e7a03cc58d7dea4ac?s=96&d=mm&r=g","contentUrl":"https:\/\/secure.gravatar.com\/avatar\/c44d117c2be811212c22cb481f6b8384b6873de103fbc49e7a03cc58d7dea4ac?s=96&d=mm&r=g","caption":"admin"},"url":"https:\/\/www.eldiariodetucuman.com\/web\/author\/admin\/"}]}},"_links":{"self":[{"href":"https:\/\/www.eldiariodetucuman.com\/web\/wp-json\/wp\/v2\/posts\/18272","targetHints":{"allow":["GET"]}}],"collection":[{"href":"https:\/\/www.eldiariodetucuman.com\/web\/wp-json\/wp\/v2\/posts"}],"about":[{"href":"https:\/\/www.eldiariodetucuman.com\/web\/wp-json\/wp\/v2\/types\/post"}],"author":[{"embeddable":true,"href":"https:\/\/www.eldiariodetucuman.com\/web\/wp-json\/wp\/v2\/users\/1"}],"replies":[{"embeddable":true,"href":"https:\/\/www.eldiariodetucuman.com\/web\/wp-json\/wp\/v2\/comments?post=18272"}],"version-history":[{"count":1,"href":"https:\/\/www.eldiariodetucuman.com\/web\/wp-json\/wp\/v2\/posts\/18272\/revisions"}],"predecessor-version":[{"id":18274,"href":"https:\/\/www.eldiariodetucuman.com\/web\/wp-json\/wp\/v2\/posts\/18272\/revisions\/18274"}],"wp:featuredmedia":[{"embeddable":true,"href":"https:\/\/www.eldiariodetucuman.com\/web\/wp-json\/wp\/v2\/media\/18273"}],"wp:attachment":[{"href":"https:\/\/www.eldiariodetucuman.com\/web\/wp-json\/wp\/v2\/media?parent=18272"}],"wp:term":[{"taxonomy":"category","embeddable":true,"href":"https:\/\/www.eldiariodetucuman.com\/web\/wp-json\/wp\/v2\/categories?post=18272"},{"taxonomy":"post_tag","embeddable":true,"href":"https:\/\/www.eldiariodetucuman.com\/web\/wp-json\/wp\/v2\/tags?post=18272"}],"curies":[{"name":"wp","href":"https:\/\/api.w.org\/{rel}","templated":true}]}}