{"id":18269,"date":"2018-10-19T12:37:01","date_gmt":"2018-10-19T15:37:01","guid":{"rendered":"http:\/\/www.eldiariodetucuman.com\/web\/%c2%93es-complicado-que-no-tengamos-un-presupuesto-puede-profundizar-la-crisis%c2%94\/"},"modified":"2018-10-19T12:37:03","modified_gmt":"2018-10-19T15:37:03","slug":"%c2%93es-complicado-que-no-tengamos-un-presupuesto-puede-profundizar-la-crisis%c2%94","status":"publish","type":"post","link":"https:\/\/www.eldiariodetucuman.com\/web\/%c2%93es-complicado-que-no-tengamos-un-presupuesto-puede-profundizar-la-crisis%c2%94\/","title":{"rendered":"\u0093Es complicado que no tengamos un presupuesto, puede profundizar la crisis\u0094"},"content":{"rendered":"<div>\n<div readability=\"49.301877708233\">\n<p>Lograr que el pa\u00eds tenga un <a href=\"https:\/\/www.elintransigente.com\/noticias\/buscar\/?buscar=Presupuesto+2019\">Presupuesto 2019<\/a> se transform\u00f3 en una de las prioridades para el Gobierno de Mauricio Macri, que realiz\u00f3 movimientos clave para intentar sumar aliados estrat\u00e9gicos. En ese sentido, el diputado nacional por Argentina Federal,\u00a0<a href=\"https:\/\/www.elintransigente.com\/noticias\/buscar\/?buscar=Pablo+Kosiner\">Pablo Kosiner<\/a>, se refiri\u00f3 a la necesidad de acordar el Presupuesto y asegur\u00f3 que vienen trabajando desde hace tiempo con el mismo criterio.\u00a0<\/p>\n<p>&#8220;<strong>Venimos trabajando desde hace tiempo con el mismo criterio<\/strong>. Tratar de que Argentina tenga su presupuesto. En la comisi\u00f3n de presupuesto se aprob\u00f3 la adenda del pacto fiscal firmado con los gobernadores. Creo que en alg\u00fan momento toda la discusi\u00f3n econ\u00f3mica se va a tener que sintetizar en una decisi\u00f3n pol\u00edtica: <strong>\u00bfQu\u00e9 es peor para el pa\u00eds: no tener presupuesto o tener uno como el que est\u00e1 planteado?<\/strong>\u00ab, advirti\u00f3.<\/p>\n<aside class=\"htmlinline \"><!-- politica 2 300 x 250 imagen --><ins class=\"adsbygoogle\" data-ad-client=\"ca-pub-7781556717282971\" data-ad-slot=\"3120775563\"><\/ins><br \/>\n<\/aside>\n<p>Adem\u00e1s, agreg\u00f3: &#8220;Los legisladores que estamos vinculados a la gesti\u00f3n con los gobernadores tenemos una responsabilidad adicional.Es complicado que Argentina no tenga un presupuesto, esto puede profundizar la crisis. En la mesa de discusi\u00f3n del Congreso no se analiz\u00f3 nunca la posibilidad de que la provincia de Buenos Aires est\u00e9 negociando la actualizaci\u00f3n por inflaci\u00f3n del fondo del conurbano&#8221;.\u00a0<\/p>\n<p>Asimismo, el legislador salte\u00f1o se refiri\u00f3 tambi\u00e9n sobre la posibilidad de avanzar en la unidad del PJ. &#8220;<strong>La unidad puede darse con quienes pensamos m\u00e1s o menos parecido<\/strong>. Hay que ser sincero con los argentinos. Gran parte del peronismo piensa en generar una alternativa pol\u00edtica con renovaci\u00f3n de m\u00e9todo, autocr\u00edtica y planteo de nuevos liderazgos.Est\u00e1 Juan Manuel Urtubey, Sergio Massa, Juan Schiaretti, Miguel Pichetto&#8221;, afirm\u00f3.\u00a0<\/p>\n<aside class=\"htmlinline \"><!-- politica 5 300 x 250 texto mas imagen --><ins class=\"adsbygoogle\" data-ad-client=\"ca-pub-7781556717282971\" data-ad-slot=\"3033145653\"><\/ins><br \/>\n<\/aside>\n<p>&#8220;La idea es que se sumen los gobernadores: Juan Manzur, Gustavo Bordet, U\u00f1ac, Rosana Bertone, sectores de la UCR desencantados y partidos provinciales como el socialismo en Santa Fe.La unidad del peronismo no es importante, <strong>el futuro de la Argentina no pasa solamente por el peronismo<\/strong>. Hace falta l\u00f3gica y sentido com\u00fan&#8221;, consider\u00f3, en di\u00e1logo con el programa radial Claro y Sencillo.\u00a0<\/p>\n<p>\n\u00a0<\/p>\n<\/div>\n<\/div>\n<p>Fuente: https:\/\/www.elintransigente.com\/politica\/2018\/10\/19\/es-complicado-que-no-tengamos-un-presupuesto-puede-profundizar-la-crisis-518220.html<\/p>\n","protected":false},"excerpt":{"rendered":"<p>Lograr que el pa\u00eds tenga un Presupuesto 2019 se transform\u00f3 en una de las prioridades para el Gobierno de Mauricio Macri, que realiz\u00f3 movimientos clave para intentar sumar aliados estrat\u00e9gicos. En ese sentido, el diputado nacional por Argentina Federal,\u00a0Pablo Kosiner, se refiri\u00f3 a la necesidad de acordar el Presupuesto y asegur\u00f3 que vienen trabajando desde [&hellip;]<\/p>\n","protected":false},"author":1,"featured_media":18270,"comment_status":"open","ping_status":"closed","sticky":false,"template":"","format":"standard","meta":{"footnotes":""},"categories":[1],"tags":[],"class_list":{"0":"post-18269","1":"post","2":"type-post","3":"status-publish","4":"format-standard","5":"has-post-thumbnail","7":"category-portada"},"yoast_head":"<!-- This site is optimized with the Yoast SEO plugin v27.4 - https:\/\/yoast.com\/product\/yoast-seo-wordpress\/ -->\n<title>\u0093Es complicado que no tengamos un presupuesto, puede profundizar la crisis\u0094 - El Diario de Tucuman<\/title>\n<meta name=\"robots\" content=\"index, follow, max-snippet:-1, max-image-preview:large, max-video-preview:-1\" \/>\n<link rel=\"canonical\" href=\"https:\/\/www.eldiariodetucuman.com\/web\/\u0093es-complicado-que-no-tengamos-un-presupuesto-puede-profundizar-la-crisis\u0094\/\" \/>\n<meta property=\"og:locale\" content=\"es_ES\" \/>\n<meta property=\"og:type\" content=\"article\" \/>\n<meta property=\"og:title\" content=\"\u0093Es complicado que no tengamos un presupuesto, puede profundizar la crisis\u0094 - El Diario de Tucuman\" \/>\n<meta property=\"og:description\" content=\"Lograr que el pa\u00eds tenga un Presupuesto 2019 se transform\u00f3 en una de las prioridades para el Gobierno de Mauricio Macri, que realiz\u00f3 movimientos clave para intentar sumar aliados estrat\u00e9gicos. En ese sentido, el diputado nacional por Argentina Federal,\u00a0Pablo Kosiner, se refiri\u00f3 a la necesidad de acordar el Presupuesto y asegur\u00f3 que vienen trabajando desde [&hellip;]\" \/>\n<meta property=\"og:url\" content=\"https:\/\/www.eldiariodetucuman.com\/web\/\u0093es-complicado-que-no-tengamos-un-presupuesto-puede-profundizar-la-crisis\u0094\/\" \/>\n<meta property=\"og:site_name\" content=\"El Diario de Tucuman\" \/>\n<meta property=\"article:published_time\" content=\"2018-10-19T15:37:01+00:00\" \/>\n<meta property=\"article:modified_time\" content=\"2018-10-19T15:37:03+00:00\" \/>\n<meta property=\"og:image\" content=\"https:\/\/www.eldiariodetucuman.com\/web\/wp-content\/uploads\/2018\/10\/b99aa221b33be4febe4496e06d62ec25.jpeg\" \/>\n\t<meta property=\"og:image:width\" content=\"960\" \/>\n\t<meta property=\"og:image:height\" content=\"649\" \/>\n\t<meta property=\"og:image:type\" content=\"image\/jpeg\" \/>\n<meta name=\"author\" content=\"admin\" \/>\n<meta name=\"twitter:card\" content=\"summary_large_image\" \/>\n<meta name=\"twitter:label1\" content=\"Escrito por\" \/>\n\t<meta name=\"twitter:data1\" content=\"admin\" \/>\n\t<meta name=\"twitter:label2\" content=\"Tiempo de lectura\" \/>\n\t<meta name=\"twitter:data2\" content=\"2 minutos\" \/>\n<script type=\"application\/ld+json\" class=\"yoast-schema-graph\">{\"@context\":\"https:\\\/\\\/schema.org\",\"@graph\":[{\"@type\":\"Article\",\"@id\":\"https:\\\/\\\/www.eldiariodetucuman.com\\\/web\\\/%c2%93es-complicado-que-no-tengamos-un-presupuesto-puede-profundizar-la-crisis%c2%94\\\/#article\",\"isPartOf\":{\"@id\":\"https:\\\/\\\/www.eldiariodetucuman.com\\\/web\\\/%c2%93es-complicado-que-no-tengamos-un-presupuesto-puede-profundizar-la-crisis%c2%94\\\/\"},\"author\":{\"name\":\"admin\",\"@id\":\"https:\\\/\\\/www.eldiariodetucuman.com\\\/web\\\/#\\\/schema\\\/person\\\/9250197d75ab5483412e19678b121caa\"},\"headline\":\"\u0093Es complicado que no tengamos un presupuesto, puede profundizar la crisis\u0094\",\"datePublished\":\"2018-10-19T15:37:01+00:00\",\"dateModified\":\"2018-10-19T15:37:03+00:00\",\"mainEntityOfPage\":{\"@id\":\"https:\\\/\\\/www.eldiariodetucuman.com\\\/web\\\/%c2%93es-complicado-que-no-tengamos-un-presupuesto-puede-profundizar-la-crisis%c2%94\\\/\"},\"wordCount\":363,\"commentCount\":0,\"publisher\":{\"@id\":\"https:\\\/\\\/www.eldiariodetucuman.com\\\/web\\\/#organization\"},\"image\":{\"@id\":\"https:\\\/\\\/www.eldiariodetucuman.com\\\/web\\\/%c2%93es-complicado-que-no-tengamos-un-presupuesto-puede-profundizar-la-crisis%c2%94\\\/#primaryimage\"},\"thumbnailUrl\":\"https:\\\/\\\/www.eldiariodetucuman.com\\\/web\\\/wp-content\\\/uploads\\\/2018\\\/10\\\/b99aa221b33be4febe4496e06d62ec25.jpeg\",\"articleSection\":[\"Portada\"],\"inLanguage\":\"es\",\"potentialAction\":[{\"@type\":\"CommentAction\",\"name\":\"Comment\",\"target\":[\"https:\\\/\\\/www.eldiariodetucuman.com\\\/web\\\/%c2%93es-complicado-que-no-tengamos-un-presupuesto-puede-profundizar-la-crisis%c2%94\\\/#respond\"]}]},{\"@type\":\"WebPage\",\"@id\":\"https:\\\/\\\/www.eldiariodetucuman.com\\\/web\\\/%c2%93es-complicado-que-no-tengamos-un-presupuesto-puede-profundizar-la-crisis%c2%94\\\/\",\"url\":\"https:\\\/\\\/www.eldiariodetucuman.com\\\/web\\\/%c2%93es-complicado-que-no-tengamos-un-presupuesto-puede-profundizar-la-crisis%c2%94\\\/\",\"name\":\"\u0093Es complicado que no tengamos un presupuesto, puede profundizar la crisis\u0094 - El Diario de Tucuman\",\"isPartOf\":{\"@id\":\"https:\\\/\\\/www.eldiariodetucuman.com\\\/web\\\/#website\"},\"primaryImageOfPage\":{\"@id\":\"https:\\\/\\\/www.eldiariodetucuman.com\\\/web\\\/%c2%93es-complicado-que-no-tengamos-un-presupuesto-puede-profundizar-la-crisis%c2%94\\\/#primaryimage\"},\"image\":{\"@id\":\"https:\\\/\\\/www.eldiariodetucuman.com\\\/web\\\/%c2%93es-complicado-que-no-tengamos-un-presupuesto-puede-profundizar-la-crisis%c2%94\\\/#primaryimage\"},\"thumbnailUrl\":\"https:\\\/\\\/www.eldiariodetucuman.com\\\/web\\\/wp-content\\\/uploads\\\/2018\\\/10\\\/b99aa221b33be4febe4496e06d62ec25.jpeg\",\"datePublished\":\"2018-10-19T15:37:01+00:00\",\"dateModified\":\"2018-10-19T15:37:03+00:00\",\"breadcrumb\":{\"@id\":\"https:\\\/\\\/www.eldiariodetucuman.com\\\/web\\\/%c2%93es-complicado-que-no-tengamos-un-presupuesto-puede-profundizar-la-crisis%c2%94\\\/#breadcrumb\"},\"inLanguage\":\"es\",\"potentialAction\":[{\"@type\":\"ReadAction\",\"target\":[\"https:\\\/\\\/www.eldiariodetucuman.com\\\/web\\\/%c2%93es-complicado-que-no-tengamos-un-presupuesto-puede-profundizar-la-crisis%c2%94\\\/\"]}]},{\"@type\":\"ImageObject\",\"inLanguage\":\"es\",\"@id\":\"https:\\\/\\\/www.eldiariodetucuman.com\\\/web\\\/%c2%93es-complicado-que-no-tengamos-un-presupuesto-puede-profundizar-la-crisis%c2%94\\\/#primaryimage\",\"url\":\"https:\\\/\\\/www.eldiariodetucuman.com\\\/web\\\/wp-content\\\/uploads\\\/2018\\\/10\\\/b99aa221b33be4febe4496e06d62ec25.jpeg\",\"contentUrl\":\"https:\\\/\\\/www.eldiariodetucuman.com\\\/web\\\/wp-content\\\/uploads\\\/2018\\\/10\\\/b99aa221b33be4febe4496e06d62ec25.jpeg\",\"width\":960,\"height\":649},{\"@type\":\"BreadcrumbList\",\"@id\":\"https:\\\/\\\/www.eldiariodetucuman.com\\\/web\\\/%c2%93es-complicado-que-no-tengamos-un-presupuesto-puede-profundizar-la-crisis%c2%94\\\/#breadcrumb\",\"itemListElement\":[{\"@type\":\"ListItem\",\"position\":1,\"name\":\"Portada\",\"item\":\"https:\\\/\\\/www.eldiariodetucuman.com\\\/web\\\/\"},{\"@type\":\"ListItem\",\"position\":2,\"name\":\"\u0093Es complicado que no tengamos un presupuesto, puede profundizar la crisis\u0094\"}]},{\"@type\":\"WebSite\",\"@id\":\"https:\\\/\\\/www.eldiariodetucuman.com\\\/web\\\/#website\",\"url\":\"https:\\\/\\\/www.eldiariodetucuman.com\\\/web\\\/\",\"name\":\"El Diario de Tucuman\",\"description\":\"Diario Tucuman - Informaci\u00f3n y noticias\",\"publisher\":{\"@id\":\"https:\\\/\\\/www.eldiariodetucuman.com\\\/web\\\/#organization\"},\"potentialAction\":[{\"@type\":\"SearchAction\",\"target\":{\"@type\":\"EntryPoint\",\"urlTemplate\":\"https:\\\/\\\/www.eldiariodetucuman.com\\\/web\\\/?s={search_term_string}\"},\"query-input\":{\"@type\":\"PropertyValueSpecification\",\"valueRequired\":true,\"valueName\":\"search_term_string\"}}],\"inLanguage\":\"es\"},{\"@type\":\"Organization\",\"@id\":\"https:\\\/\\\/www.eldiariodetucuman.com\\\/web\\\/#organization\",\"name\":\"El Diario de Tucuman\",\"url\":\"https:\\\/\\\/www.eldiariodetucuman.com\\\/web\\\/\",\"logo\":{\"@type\":\"ImageObject\",\"inLanguage\":\"es\",\"@id\":\"https:\\\/\\\/www.eldiariodetucuman.com\\\/web\\\/#\\\/schema\\\/logo\\\/image\\\/\",\"url\":\"http:\\\/\\\/www.eldiariodetucuman.com\\\/web\\\/wp-content\\\/uploads\\\/2017\\\/12\\\/el-diario-de-tucuman.jpg\",\"contentUrl\":\"http:\\\/\\\/www.eldiariodetucuman.com\\\/web\\\/wp-content\\\/uploads\\\/2017\\\/12\\\/el-diario-de-tucuman.jpg\",\"width\":272,\"height\":92,\"caption\":\"El Diario de Tucuman\"},\"image\":{\"@id\":\"https:\\\/\\\/www.eldiariodetucuman.com\\\/web\\\/#\\\/schema\\\/logo\\\/image\\\/\"}},{\"@type\":\"Person\",\"@id\":\"https:\\\/\\\/www.eldiariodetucuman.com\\\/web\\\/#\\\/schema\\\/person\\\/9250197d75ab5483412e19678b121caa\",\"name\":\"admin\",\"image\":{\"@type\":\"ImageObject\",\"inLanguage\":\"es\",\"@id\":\"https:\\\/\\\/secure.gravatar.com\\\/avatar\\\/c44d117c2be811212c22cb481f6b8384b6873de103fbc49e7a03cc58d7dea4ac?s=96&d=mm&r=g\",\"url\":\"https:\\\/\\\/secure.gravatar.com\\\/avatar\\\/c44d117c2be811212c22cb481f6b8384b6873de103fbc49e7a03cc58d7dea4ac?s=96&d=mm&r=g\",\"contentUrl\":\"https:\\\/\\\/secure.gravatar.com\\\/avatar\\\/c44d117c2be811212c22cb481f6b8384b6873de103fbc49e7a03cc58d7dea4ac?s=96&d=mm&r=g\",\"caption\":\"admin\"},\"url\":\"https:\\\/\\\/www.eldiariodetucuman.com\\\/web\\\/author\\\/admin\\\/\"}]}<\/script>\n<!-- \/ Yoast SEO plugin. -->","yoast_head_json":{"title":"\u0093Es complicado que no tengamos un presupuesto, puede profundizar la crisis\u0094 - El Diario de Tucuman","robots":{"index":"index","follow":"follow","max-snippet":"max-snippet:-1","max-image-preview":"max-image-preview:large","max-video-preview":"max-video-preview:-1"},"canonical":"https:\/\/www.eldiariodetucuman.com\/web\/\u0093es-complicado-que-no-tengamos-un-presupuesto-puede-profundizar-la-crisis\u0094\/","og_locale":"es_ES","og_type":"article","og_title":"\u0093Es complicado que no tengamos un presupuesto, puede profundizar la crisis\u0094 - El Diario de Tucuman","og_description":"Lograr que el pa\u00eds tenga un Presupuesto 2019 se transform\u00f3 en una de las prioridades para el Gobierno de Mauricio Macri, que realiz\u00f3 movimientos clave para intentar sumar aliados estrat\u00e9gicos. En ese sentido, el diputado nacional por Argentina Federal,\u00a0Pablo Kosiner, se refiri\u00f3 a la necesidad de acordar el Presupuesto y asegur\u00f3 que vienen trabajando desde [&hellip;]","og_url":"https:\/\/www.eldiariodetucuman.com\/web\/\u0093es-complicado-que-no-tengamos-un-presupuesto-puede-profundizar-la-crisis\u0094\/","og_site_name":"El Diario de Tucuman","article_published_time":"2018-10-19T15:37:01+00:00","article_modified_time":"2018-10-19T15:37:03+00:00","og_image":[{"width":960,"height":649,"url":"https:\/\/www.eldiariodetucuman.com\/web\/wp-content\/uploads\/2018\/10\/b99aa221b33be4febe4496e06d62ec25.jpeg","type":"image\/jpeg"}],"author":"admin","twitter_card":"summary_large_image","twitter_misc":{"Escrito por":"admin","Tiempo de lectura":"2 minutos"},"schema":{"@context":"https:\/\/schema.org","@graph":[{"@type":"Article","@id":"https:\/\/www.eldiariodetucuman.com\/web\/%c2%93es-complicado-que-no-tengamos-un-presupuesto-puede-profundizar-la-crisis%c2%94\/#article","isPartOf":{"@id":"https:\/\/www.eldiariodetucuman.com\/web\/%c2%93es-complicado-que-no-tengamos-un-presupuesto-puede-profundizar-la-crisis%c2%94\/"},"author":{"name":"admin","@id":"https:\/\/www.eldiariodetucuman.com\/web\/#\/schema\/person\/9250197d75ab5483412e19678b121caa"},"headline":"\u0093Es complicado que no tengamos un presupuesto, puede profundizar la crisis\u0094","datePublished":"2018-10-19T15:37:01+00:00","dateModified":"2018-10-19T15:37:03+00:00","mainEntityOfPage":{"@id":"https:\/\/www.eldiariodetucuman.com\/web\/%c2%93es-complicado-que-no-tengamos-un-presupuesto-puede-profundizar-la-crisis%c2%94\/"},"wordCount":363,"commentCount":0,"publisher":{"@id":"https:\/\/www.eldiariodetucuman.com\/web\/#organization"},"image":{"@id":"https:\/\/www.eldiariodetucuman.com\/web\/%c2%93es-complicado-que-no-tengamos-un-presupuesto-puede-profundizar-la-crisis%c2%94\/#primaryimage"},"thumbnailUrl":"https:\/\/www.eldiariodetucuman.com\/web\/wp-content\/uploads\/2018\/10\/b99aa221b33be4febe4496e06d62ec25.jpeg","articleSection":["Portada"],"inLanguage":"es","potentialAction":[{"@type":"CommentAction","name":"Comment","target":["https:\/\/www.eldiariodetucuman.com\/web\/%c2%93es-complicado-que-no-tengamos-un-presupuesto-puede-profundizar-la-crisis%c2%94\/#respond"]}]},{"@type":"WebPage","@id":"https:\/\/www.eldiariodetucuman.com\/web\/%c2%93es-complicado-que-no-tengamos-un-presupuesto-puede-profundizar-la-crisis%c2%94\/","url":"https:\/\/www.eldiariodetucuman.com\/web\/%c2%93es-complicado-que-no-tengamos-un-presupuesto-puede-profundizar-la-crisis%c2%94\/","name":"\u0093Es complicado que no tengamos un presupuesto, puede profundizar la crisis\u0094 - El Diario de Tucuman","isPartOf":{"@id":"https:\/\/www.eldiariodetucuman.com\/web\/#website"},"primaryImageOfPage":{"@id":"https:\/\/www.eldiariodetucuman.com\/web\/%c2%93es-complicado-que-no-tengamos-un-presupuesto-puede-profundizar-la-crisis%c2%94\/#primaryimage"},"image":{"@id":"https:\/\/www.eldiariodetucuman.com\/web\/%c2%93es-complicado-que-no-tengamos-un-presupuesto-puede-profundizar-la-crisis%c2%94\/#primaryimage"},"thumbnailUrl":"https:\/\/www.eldiariodetucuman.com\/web\/wp-content\/uploads\/2018\/10\/b99aa221b33be4febe4496e06d62ec25.jpeg","datePublished":"2018-10-19T15:37:01+00:00","dateModified":"2018-10-19T15:37:03+00:00","breadcrumb":{"@id":"https:\/\/www.eldiariodetucuman.com\/web\/%c2%93es-complicado-que-no-tengamos-un-presupuesto-puede-profundizar-la-crisis%c2%94\/#breadcrumb"},"inLanguage":"es","potentialAction":[{"@type":"ReadAction","target":["https:\/\/www.eldiariodetucuman.com\/web\/%c2%93es-complicado-que-no-tengamos-un-presupuesto-puede-profundizar-la-crisis%c2%94\/"]}]},{"@type":"ImageObject","inLanguage":"es","@id":"https:\/\/www.eldiariodetucuman.com\/web\/%c2%93es-complicado-que-no-tengamos-un-presupuesto-puede-profundizar-la-crisis%c2%94\/#primaryimage","url":"https:\/\/www.eldiariodetucuman.com\/web\/wp-content\/uploads\/2018\/10\/b99aa221b33be4febe4496e06d62ec25.jpeg","contentUrl":"https:\/\/www.eldiariodetucuman.com\/web\/wp-content\/uploads\/2018\/10\/b99aa221b33be4febe4496e06d62ec25.jpeg","width":960,"height":649},{"@type":"BreadcrumbList","@id":"https:\/\/www.eldiariodetucuman.com\/web\/%c2%93es-complicado-que-no-tengamos-un-presupuesto-puede-profundizar-la-crisis%c2%94\/#breadcrumb","itemListElement":[{"@type":"ListItem","position":1,"name":"Portada","item":"https:\/\/www.eldiariodetucuman.com\/web\/"},{"@type":"ListItem","position":2,"name":"\u0093Es complicado que no tengamos un presupuesto, puede profundizar la crisis\u0094"}]},{"@type":"WebSite","@id":"https:\/\/www.eldiariodetucuman.com\/web\/#website","url":"https:\/\/www.eldiariodetucuman.com\/web\/","name":"El Diario de Tucuman","description":"Diario Tucuman - Informaci\u00f3n y noticias","publisher":{"@id":"https:\/\/www.eldiariodetucuman.com\/web\/#organization"},"potentialAction":[{"@type":"SearchAction","target":{"@type":"EntryPoint","urlTemplate":"https:\/\/www.eldiariodetucuman.com\/web\/?s={search_term_string}"},"query-input":{"@type":"PropertyValueSpecification","valueRequired":true,"valueName":"search_term_string"}}],"inLanguage":"es"},{"@type":"Organization","@id":"https:\/\/www.eldiariodetucuman.com\/web\/#organization","name":"El Diario de Tucuman","url":"https:\/\/www.eldiariodetucuman.com\/web\/","logo":{"@type":"ImageObject","inLanguage":"es","@id":"https:\/\/www.eldiariodetucuman.com\/web\/#\/schema\/logo\/image\/","url":"http:\/\/www.eldiariodetucuman.com\/web\/wp-content\/uploads\/2017\/12\/el-diario-de-tucuman.jpg","contentUrl":"http:\/\/www.eldiariodetucuman.com\/web\/wp-content\/uploads\/2017\/12\/el-diario-de-tucuman.jpg","width":272,"height":92,"caption":"El Diario de Tucuman"},"image":{"@id":"https:\/\/www.eldiariodetucuman.com\/web\/#\/schema\/logo\/image\/"}},{"@type":"Person","@id":"https:\/\/www.eldiariodetucuman.com\/web\/#\/schema\/person\/9250197d75ab5483412e19678b121caa","name":"admin","image":{"@type":"ImageObject","inLanguage":"es","@id":"https:\/\/secure.gravatar.com\/avatar\/c44d117c2be811212c22cb481f6b8384b6873de103fbc49e7a03cc58d7dea4ac?s=96&d=mm&r=g","url":"https:\/\/secure.gravatar.com\/avatar\/c44d117c2be811212c22cb481f6b8384b6873de103fbc49e7a03cc58d7dea4ac?s=96&d=mm&r=g","contentUrl":"https:\/\/secure.gravatar.com\/avatar\/c44d117c2be811212c22cb481f6b8384b6873de103fbc49e7a03cc58d7dea4ac?s=96&d=mm&r=g","caption":"admin"},"url":"https:\/\/www.eldiariodetucuman.com\/web\/author\/admin\/"}]}},"_links":{"self":[{"href":"https:\/\/www.eldiariodetucuman.com\/web\/wp-json\/wp\/v2\/posts\/18269","targetHints":{"allow":["GET"]}}],"collection":[{"href":"https:\/\/www.eldiariodetucuman.com\/web\/wp-json\/wp\/v2\/posts"}],"about":[{"href":"https:\/\/www.eldiariodetucuman.com\/web\/wp-json\/wp\/v2\/types\/post"}],"author":[{"embeddable":true,"href":"https:\/\/www.eldiariodetucuman.com\/web\/wp-json\/wp\/v2\/users\/1"}],"replies":[{"embeddable":true,"href":"https:\/\/www.eldiariodetucuman.com\/web\/wp-json\/wp\/v2\/comments?post=18269"}],"version-history":[{"count":1,"href":"https:\/\/www.eldiariodetucuman.com\/web\/wp-json\/wp\/v2\/posts\/18269\/revisions"}],"predecessor-version":[{"id":18271,"href":"https:\/\/www.eldiariodetucuman.com\/web\/wp-json\/wp\/v2\/posts\/18269\/revisions\/18271"}],"wp:featuredmedia":[{"embeddable":true,"href":"https:\/\/www.eldiariodetucuman.com\/web\/wp-json\/wp\/v2\/media\/18270"}],"wp:attachment":[{"href":"https:\/\/www.eldiariodetucuman.com\/web\/wp-json\/wp\/v2\/media?parent=18269"}],"wp:term":[{"taxonomy":"category","embeddable":true,"href":"https:\/\/www.eldiariodetucuman.com\/web\/wp-json\/wp\/v2\/categories?post=18269"},{"taxonomy":"post_tag","embeddable":true,"href":"https:\/\/www.eldiariodetucuman.com\/web\/wp-json\/wp\/v2\/tags?post=18269"}],"curies":[{"name":"wp","href":"https:\/\/api.w.org\/{rel}","templated":true}]}}