{"id":18260,"date":"2018-10-19T11:42:42","date_gmt":"2018-10-19T14:42:42","guid":{"rendered":"http:\/\/www.eldiariodetucuman.com\/web\/carzogliolos-aprietes-son-el-precio-que-uno-tiene-que-pagar-por-ser-imparcial%c2%94\/"},"modified":"2018-10-19T11:42:45","modified_gmt":"2018-10-19T14:42:45","slug":"carzogliolos-aprietes-son-el-precio-que-uno-tiene-que-pagar-por-ser-imparcial%c2%94","status":"publish","type":"post","link":"https:\/\/www.eldiariodetucuman.com\/web\/carzogliolos-aprietes-son-el-precio-que-uno-tiene-que-pagar-por-ser-imparcial%c2%94\/","title":{"rendered":"Carzoglio:\u00bbLos aprietes son el precio que uno tiene que pagar por ser imparcial\u0094"},"content":{"rendered":"<div>\n<div readability=\"75.175849941383\">\n<p>La figura del juez de Garant\u00edas de Avellaneda, <a href=\"https:\/\/www.elintransigente.com\/noticias\/buscar\/?buscar=Luis+Carzoglio\">Luis Carzoglio<\/a>, tom\u00f3 especial relevancia esta semana, luego de que rechazara el pedido de detenci\u00f3n que pesaba sobre <a href=\"https:\/\/www.elintransigente.com\/noticias\/buscar\/?buscar=Pablo+Moyano\">Pablo Moyano<\/a>, en la causa que lo investiga por integrar una supuesta asociaci\u00f3n il\u00edcita en el Club Independiente. En ese sentido, el magistrado hoy volvi\u00f3 a hablar de aprietes y asegur\u00f3 ser &#8220;imparcial&#8221;.\u00a0<\/p>\n<p>&#8220;Sigue la publicaci\u00f3n de algunas cosas que ya ni vale la pena comentar. <strong>Es el precio que uno tiene que pagar por ser imparcial<\/strong>. Ante los sumarios que tengo en la Corte por la dedicaci\u00f3n que doy a mi funci\u00f3n, siempre comienzo mis descargos haciendo menci\u00f3n a tres fragmentos, entre ellos una definici\u00f3n de Ricardo Lorenzetti, otra del Papa Francisco y el reglamento de los tribunales del Per\u00fa de 1829 de San Mart\u00edn&#8221;, indic\u00f3.<\/p>\n<aside class=\"htmlinline \"><!-- politica 2 300 x 250 imagen --><ins class=\"adsbygoogle\" data-ad-client=\"ca-pub-7781556717282971\" data-ad-slot=\"3120775563\"><\/ins><br \/>\n<\/aside>\n<p>Y remarc\u00f3: &#8220;Son las premisas que me gu\u00edan en cada resoluci\u00f3n que tomo, porque s\u00e9 que las resoluciones tienen eco y pueden ser atacadas y acusadas de ser parcial. Yo asumo los riesgos que eso determina en Argentina. En el reglamento de los tribunales del Per\u00fa, San Mart\u00edn dice que cuando cae el poder judicial de un pa\u00eds, cae el pa\u00eds, desaparece la Rep\u00fablica. <strong>Todos los d\u00edas trato de dar se\u00f1ales de que el poder judicial no va a desaparecer y ahora pago el precio de eso<\/strong>&#8221;.\u00a0<\/p>\n<p>A pesar de mantenerse firme en su postura, Carzoglio se emocion\u00f3 al agradecerle a su familia que lo &#8220;acompa\u00f1a&#8221; y &#8220;que la est\u00e1 pasando muy mal&#8221;. &#8220;<strong>No es justo que trabajando decentemente y de forma transparente uno tenga que atravesar estas cosas<\/strong>&#8221;, sentenci\u00f3 esta ma\u00f1ana, al dar una entrevista al programa radial que conduce Gustavo Sylvestre.<\/p>\n<aside class=\"htmlinline \"><!-- politica 5 300 x 250 texto mas imagen --><ins class=\"adsbygoogle\" data-ad-client=\"ca-pub-7781556717282971\" data-ad-slot=\"3033145653\"><\/ins><br \/>\n<\/aside>\n<p>Asimismo, asegur\u00f3 que las amenazas aparecieron &#8220;en esta causa en especial&#8221;. &#8220;Eso me llev\u00f3 a dar la conferencia de prensa, de la cual no me arrepiento a pesar de ser perfil bajo. \u00a0Lo que pasa en este momento con el poder pol\u00edtico y la justicia no es nuevo. Tengo el privilegio de haber vivido m\u00e1s de cuatro d\u00e9cadas de la historia argentina, y por eso <strong>me considero con autoridad moral para decir que esto no es producto de ahora<\/strong>&#8221;, lanz\u00f3.\u00a0<\/p>\n<p>En ese sentido, consider\u00f3 que se trata de un &#8220;proceso de decadencia de hace cuarenta y pico de a\u00f1os&#8221;. Al ser consultado si en alg\u00fan momento se sinti\u00f3 amenazado por el procurador Julio Conte Grand, sin embargo, respondi\u00f3 tajante: &#8220;Para nada, el procurador Conte Grand me conoce mucho y me conoce bien. Tuve dos reuniones con \u00e9l para aportar a un mejor Ministerio P\u00fablico Fiscal en la Provincia de Buenos Aires&#8221;.<\/p>\n<p>&#8220;Analizando los problemas judiciales de Avellaneda, consult\u00e9 con los fiscales y fui a hablar con el fiscal para transmitir la preocupaci\u00f3n de la gente por la tarea del Ministerio P\u00fablico Fiscal. Tambi\u00e9n tuve reuniones con el Dr. Ferrari para aportar a una mejor administraci\u00f3n de justicia, lo mismo con Cristian Ritondo para manifestar preocupaciones sobre la Polic\u00eda Bonaerense en Avellaneda, pero siempre hago aportes positivos. <strong>Tenemos que aportar sea quien sea el gobierno<\/strong>&#8221;, asever\u00f3.\u00a0<\/p>\n<p>En tanto, prefiri\u00f3 no responder si consideraba que <a href=\"https:\/\/www.elintransigente.com\/noticias\/buscar\/?buscar=Conte+Grand+\">Conte Grand <\/a>se hab\u00eda exedido en sus declaraciones. &#8220;Yo no le imput\u00e9 nada al procurador ni voy a hablar de eso. Cuando habl\u00e9 de una filtraci\u00f3n habl\u00e9 de la Procuraci\u00f3n General. <strong>No estoy para confrontar<\/strong>. Yo actu\u00e9 en funci\u00f3n de mi convicci\u00f3n. He sido imparcial, <strong>si resolv\u00ed lo que resolv\u00ed es porque creo que es as\u00ed&#8221;<\/strong>, remarc\u00f3.<br \/>\n\u00a0<\/p>\n<\/div>\n<\/div>\n<p>Fuente: https:\/\/www.elintransigente.com\/politica\/2018\/10\/19\/carzogliolos-aprietes-son-el-precio-que-uno-tiene-que-pagar-por-ser-imparcial-518215.html<\/p>\n","protected":false},"excerpt":{"rendered":"<p>La figura del juez de Garant\u00edas de Avellaneda, Luis Carzoglio, tom\u00f3 especial relevancia esta semana, luego de que rechazara el pedido de detenci\u00f3n que pesaba sobre Pablo Moyano, en la causa que lo investiga por integrar una supuesta asociaci\u00f3n il\u00edcita en el Club Independiente. En ese sentido, el magistrado hoy volvi\u00f3 a hablar de aprietes [&hellip;]<\/p>\n","protected":false},"author":1,"featured_media":18261,"comment_status":"open","ping_status":"closed","sticky":false,"template":"","format":"standard","meta":{"footnotes":""},"categories":[1],"tags":[],"class_list":{"0":"post-18260","1":"post","2":"type-post","3":"status-publish","4":"format-standard","5":"has-post-thumbnail","7":"category-portada"},"yoast_head":"<!-- This site is optimized with the Yoast SEO plugin v27.4 - https:\/\/yoast.com\/product\/yoast-seo-wordpress\/ -->\n<title>Carzoglio:&quot;Los aprietes son el precio que uno tiene que pagar por ser imparcial\u0094 - El Diario de Tucuman<\/title>\n<meta name=\"robots\" content=\"index, follow, max-snippet:-1, max-image-preview:large, max-video-preview:-1\" \/>\n<link rel=\"canonical\" href=\"https:\/\/www.eldiariodetucuman.com\/web\/carzogliolos-aprietes-son-el-precio-que-uno-tiene-que-pagar-por-ser-imparcial\u0094\/\" \/>\n<meta property=\"og:locale\" content=\"es_ES\" \/>\n<meta property=\"og:type\" content=\"article\" \/>\n<meta property=\"og:title\" content=\"Carzoglio:&quot;Los aprietes son el precio que uno tiene que pagar por ser imparcial\u0094 - El Diario de Tucuman\" \/>\n<meta property=\"og:description\" content=\"La figura del juez de Garant\u00edas de Avellaneda, Luis Carzoglio, tom\u00f3 especial relevancia esta semana, luego de que rechazara el pedido de detenci\u00f3n que pesaba sobre Pablo Moyano, en la causa que lo investiga por integrar una supuesta asociaci\u00f3n il\u00edcita en el Club Independiente. En ese sentido, el magistrado hoy volvi\u00f3 a hablar de aprietes [&hellip;]\" \/>\n<meta property=\"og:url\" content=\"https:\/\/www.eldiariodetucuman.com\/web\/carzogliolos-aprietes-son-el-precio-que-uno-tiene-que-pagar-por-ser-imparcial\u0094\/\" \/>\n<meta property=\"og:site_name\" content=\"El Diario de Tucuman\" \/>\n<meta property=\"article:published_time\" content=\"2018-10-19T14:42:42+00:00\" \/>\n<meta property=\"article:modified_time\" content=\"2018-10-19T14:42:45+00:00\" \/>\n<meta property=\"og:image\" content=\"https:\/\/www.eldiariodetucuman.com\/web\/wp-content\/uploads\/2018\/10\/f69eb2c6855de28244a03d806b137123.jpeg\" \/>\n\t<meta property=\"og:image:width\" content=\"960\" \/>\n\t<meta property=\"og:image:height\" content=\"638\" \/>\n\t<meta property=\"og:image:type\" content=\"image\/jpeg\" \/>\n<meta name=\"author\" content=\"admin\" \/>\n<meta name=\"twitter:card\" content=\"summary_large_image\" \/>\n<meta name=\"twitter:label1\" content=\"Escrito por\" \/>\n\t<meta name=\"twitter:data1\" content=\"admin\" \/>\n\t<meta name=\"twitter:label2\" content=\"Tiempo de lectura\" \/>\n\t<meta name=\"twitter:data2\" content=\"3 minutos\" \/>\n<script type=\"application\/ld+json\" class=\"yoast-schema-graph\">{\"@context\":\"https:\\\/\\\/schema.org\",\"@graph\":[{\"@type\":\"Article\",\"@id\":\"https:\\\/\\\/www.eldiariodetucuman.com\\\/web\\\/carzogliolos-aprietes-son-el-precio-que-uno-tiene-que-pagar-por-ser-imparcial%c2%94\\\/#article\",\"isPartOf\":{\"@id\":\"https:\\\/\\\/www.eldiariodetucuman.com\\\/web\\\/carzogliolos-aprietes-son-el-precio-que-uno-tiene-que-pagar-por-ser-imparcial%c2%94\\\/\"},\"author\":{\"name\":\"admin\",\"@id\":\"https:\\\/\\\/www.eldiariodetucuman.com\\\/web\\\/#\\\/schema\\\/person\\\/9250197d75ab5483412e19678b121caa\"},\"headline\":\"Carzoglio:\u00bbLos aprietes son el precio que uno tiene que pagar por ser imparcial\u0094\",\"datePublished\":\"2018-10-19T14:42:42+00:00\",\"dateModified\":\"2018-10-19T14:42:45+00:00\",\"mainEntityOfPage\":{\"@id\":\"https:\\\/\\\/www.eldiariodetucuman.com\\\/web\\\/carzogliolos-aprietes-son-el-precio-que-uno-tiene-que-pagar-por-ser-imparcial%c2%94\\\/\"},\"wordCount\":623,\"commentCount\":0,\"publisher\":{\"@id\":\"https:\\\/\\\/www.eldiariodetucuman.com\\\/web\\\/#organization\"},\"image\":{\"@id\":\"https:\\\/\\\/www.eldiariodetucuman.com\\\/web\\\/carzogliolos-aprietes-son-el-precio-que-uno-tiene-que-pagar-por-ser-imparcial%c2%94\\\/#primaryimage\"},\"thumbnailUrl\":\"https:\\\/\\\/www.eldiariodetucuman.com\\\/web\\\/wp-content\\\/uploads\\\/2018\\\/10\\\/f69eb2c6855de28244a03d806b137123.jpeg\",\"articleSection\":[\"Portada\"],\"inLanguage\":\"es\",\"potentialAction\":[{\"@type\":\"CommentAction\",\"name\":\"Comment\",\"target\":[\"https:\\\/\\\/www.eldiariodetucuman.com\\\/web\\\/carzogliolos-aprietes-son-el-precio-que-uno-tiene-que-pagar-por-ser-imparcial%c2%94\\\/#respond\"]}]},{\"@type\":\"WebPage\",\"@id\":\"https:\\\/\\\/www.eldiariodetucuman.com\\\/web\\\/carzogliolos-aprietes-son-el-precio-que-uno-tiene-que-pagar-por-ser-imparcial%c2%94\\\/\",\"url\":\"https:\\\/\\\/www.eldiariodetucuman.com\\\/web\\\/carzogliolos-aprietes-son-el-precio-que-uno-tiene-que-pagar-por-ser-imparcial%c2%94\\\/\",\"name\":\"Carzoglio:\\\"Los aprietes son el precio que uno tiene que pagar por ser imparcial\u0094 - El Diario de Tucuman\",\"isPartOf\":{\"@id\":\"https:\\\/\\\/www.eldiariodetucuman.com\\\/web\\\/#website\"},\"primaryImageOfPage\":{\"@id\":\"https:\\\/\\\/www.eldiariodetucuman.com\\\/web\\\/carzogliolos-aprietes-son-el-precio-que-uno-tiene-que-pagar-por-ser-imparcial%c2%94\\\/#primaryimage\"},\"image\":{\"@id\":\"https:\\\/\\\/www.eldiariodetucuman.com\\\/web\\\/carzogliolos-aprietes-son-el-precio-que-uno-tiene-que-pagar-por-ser-imparcial%c2%94\\\/#primaryimage\"},\"thumbnailUrl\":\"https:\\\/\\\/www.eldiariodetucuman.com\\\/web\\\/wp-content\\\/uploads\\\/2018\\\/10\\\/f69eb2c6855de28244a03d806b137123.jpeg\",\"datePublished\":\"2018-10-19T14:42:42+00:00\",\"dateModified\":\"2018-10-19T14:42:45+00:00\",\"breadcrumb\":{\"@id\":\"https:\\\/\\\/www.eldiariodetucuman.com\\\/web\\\/carzogliolos-aprietes-son-el-precio-que-uno-tiene-que-pagar-por-ser-imparcial%c2%94\\\/#breadcrumb\"},\"inLanguage\":\"es\",\"potentialAction\":[{\"@type\":\"ReadAction\",\"target\":[\"https:\\\/\\\/www.eldiariodetucuman.com\\\/web\\\/carzogliolos-aprietes-son-el-precio-que-uno-tiene-que-pagar-por-ser-imparcial%c2%94\\\/\"]}]},{\"@type\":\"ImageObject\",\"inLanguage\":\"es\",\"@id\":\"https:\\\/\\\/www.eldiariodetucuman.com\\\/web\\\/carzogliolos-aprietes-son-el-precio-que-uno-tiene-que-pagar-por-ser-imparcial%c2%94\\\/#primaryimage\",\"url\":\"https:\\\/\\\/www.eldiariodetucuman.com\\\/web\\\/wp-content\\\/uploads\\\/2018\\\/10\\\/f69eb2c6855de28244a03d806b137123.jpeg\",\"contentUrl\":\"https:\\\/\\\/www.eldiariodetucuman.com\\\/web\\\/wp-content\\\/uploads\\\/2018\\\/10\\\/f69eb2c6855de28244a03d806b137123.jpeg\",\"width\":960,\"height\":638},{\"@type\":\"BreadcrumbList\",\"@id\":\"https:\\\/\\\/www.eldiariodetucuman.com\\\/web\\\/carzogliolos-aprietes-son-el-precio-que-uno-tiene-que-pagar-por-ser-imparcial%c2%94\\\/#breadcrumb\",\"itemListElement\":[{\"@type\":\"ListItem\",\"position\":1,\"name\":\"Portada\",\"item\":\"https:\\\/\\\/www.eldiariodetucuman.com\\\/web\\\/\"},{\"@type\":\"ListItem\",\"position\":2,\"name\":\"Carzoglio:\u00bbLos aprietes son el precio que uno tiene que pagar por ser imparcial\u0094\"}]},{\"@type\":\"WebSite\",\"@id\":\"https:\\\/\\\/www.eldiariodetucuman.com\\\/web\\\/#website\",\"url\":\"https:\\\/\\\/www.eldiariodetucuman.com\\\/web\\\/\",\"name\":\"El Diario de Tucuman\",\"description\":\"Diario Tucuman - Informaci\u00f3n y noticias\",\"publisher\":{\"@id\":\"https:\\\/\\\/www.eldiariodetucuman.com\\\/web\\\/#organization\"},\"potentialAction\":[{\"@type\":\"SearchAction\",\"target\":{\"@type\":\"EntryPoint\",\"urlTemplate\":\"https:\\\/\\\/www.eldiariodetucuman.com\\\/web\\\/?s={search_term_string}\"},\"query-input\":{\"@type\":\"PropertyValueSpecification\",\"valueRequired\":true,\"valueName\":\"search_term_string\"}}],\"inLanguage\":\"es\"},{\"@type\":\"Organization\",\"@id\":\"https:\\\/\\\/www.eldiariodetucuman.com\\\/web\\\/#organization\",\"name\":\"El Diario de Tucuman\",\"url\":\"https:\\\/\\\/www.eldiariodetucuman.com\\\/web\\\/\",\"logo\":{\"@type\":\"ImageObject\",\"inLanguage\":\"es\",\"@id\":\"https:\\\/\\\/www.eldiariodetucuman.com\\\/web\\\/#\\\/schema\\\/logo\\\/image\\\/\",\"url\":\"http:\\\/\\\/www.eldiariodetucuman.com\\\/web\\\/wp-content\\\/uploads\\\/2017\\\/12\\\/el-diario-de-tucuman.jpg\",\"contentUrl\":\"http:\\\/\\\/www.eldiariodetucuman.com\\\/web\\\/wp-content\\\/uploads\\\/2017\\\/12\\\/el-diario-de-tucuman.jpg\",\"width\":272,\"height\":92,\"caption\":\"El Diario de Tucuman\"},\"image\":{\"@id\":\"https:\\\/\\\/www.eldiariodetucuman.com\\\/web\\\/#\\\/schema\\\/logo\\\/image\\\/\"}},{\"@type\":\"Person\",\"@id\":\"https:\\\/\\\/www.eldiariodetucuman.com\\\/web\\\/#\\\/schema\\\/person\\\/9250197d75ab5483412e19678b121caa\",\"name\":\"admin\",\"image\":{\"@type\":\"ImageObject\",\"inLanguage\":\"es\",\"@id\":\"https:\\\/\\\/secure.gravatar.com\\\/avatar\\\/c44d117c2be811212c22cb481f6b8384b6873de103fbc49e7a03cc58d7dea4ac?s=96&d=mm&r=g\",\"url\":\"https:\\\/\\\/secure.gravatar.com\\\/avatar\\\/c44d117c2be811212c22cb481f6b8384b6873de103fbc49e7a03cc58d7dea4ac?s=96&d=mm&r=g\",\"contentUrl\":\"https:\\\/\\\/secure.gravatar.com\\\/avatar\\\/c44d117c2be811212c22cb481f6b8384b6873de103fbc49e7a03cc58d7dea4ac?s=96&d=mm&r=g\",\"caption\":\"admin\"},\"url\":\"https:\\\/\\\/www.eldiariodetucuman.com\\\/web\\\/author\\\/admin\\\/\"}]}<\/script>\n<!-- \/ Yoast SEO plugin. -->","yoast_head_json":{"title":"Carzoglio:\"Los aprietes son el precio que uno tiene que pagar por ser imparcial\u0094 - El Diario de Tucuman","robots":{"index":"index","follow":"follow","max-snippet":"max-snippet:-1","max-image-preview":"max-image-preview:large","max-video-preview":"max-video-preview:-1"},"canonical":"https:\/\/www.eldiariodetucuman.com\/web\/carzogliolos-aprietes-son-el-precio-que-uno-tiene-que-pagar-por-ser-imparcial\u0094\/","og_locale":"es_ES","og_type":"article","og_title":"Carzoglio:\"Los aprietes son el precio que uno tiene que pagar por ser imparcial\u0094 - El Diario de Tucuman","og_description":"La figura del juez de Garant\u00edas de Avellaneda, Luis Carzoglio, tom\u00f3 especial relevancia esta semana, luego de que rechazara el pedido de detenci\u00f3n que pesaba sobre Pablo Moyano, en la causa que lo investiga por integrar una supuesta asociaci\u00f3n il\u00edcita en el Club Independiente. En ese sentido, el magistrado hoy volvi\u00f3 a hablar de aprietes [&hellip;]","og_url":"https:\/\/www.eldiariodetucuman.com\/web\/carzogliolos-aprietes-son-el-precio-que-uno-tiene-que-pagar-por-ser-imparcial\u0094\/","og_site_name":"El Diario de Tucuman","article_published_time":"2018-10-19T14:42:42+00:00","article_modified_time":"2018-10-19T14:42:45+00:00","og_image":[{"width":960,"height":638,"url":"https:\/\/www.eldiariodetucuman.com\/web\/wp-content\/uploads\/2018\/10\/f69eb2c6855de28244a03d806b137123.jpeg","type":"image\/jpeg"}],"author":"admin","twitter_card":"summary_large_image","twitter_misc":{"Escrito por":"admin","Tiempo de lectura":"3 minutos"},"schema":{"@context":"https:\/\/schema.org","@graph":[{"@type":"Article","@id":"https:\/\/www.eldiariodetucuman.com\/web\/carzogliolos-aprietes-son-el-precio-que-uno-tiene-que-pagar-por-ser-imparcial%c2%94\/#article","isPartOf":{"@id":"https:\/\/www.eldiariodetucuman.com\/web\/carzogliolos-aprietes-son-el-precio-que-uno-tiene-que-pagar-por-ser-imparcial%c2%94\/"},"author":{"name":"admin","@id":"https:\/\/www.eldiariodetucuman.com\/web\/#\/schema\/person\/9250197d75ab5483412e19678b121caa"},"headline":"Carzoglio:\u00bbLos aprietes son el precio que uno tiene que pagar por ser imparcial\u0094","datePublished":"2018-10-19T14:42:42+00:00","dateModified":"2018-10-19T14:42:45+00:00","mainEntityOfPage":{"@id":"https:\/\/www.eldiariodetucuman.com\/web\/carzogliolos-aprietes-son-el-precio-que-uno-tiene-que-pagar-por-ser-imparcial%c2%94\/"},"wordCount":623,"commentCount":0,"publisher":{"@id":"https:\/\/www.eldiariodetucuman.com\/web\/#organization"},"image":{"@id":"https:\/\/www.eldiariodetucuman.com\/web\/carzogliolos-aprietes-son-el-precio-que-uno-tiene-que-pagar-por-ser-imparcial%c2%94\/#primaryimage"},"thumbnailUrl":"https:\/\/www.eldiariodetucuman.com\/web\/wp-content\/uploads\/2018\/10\/f69eb2c6855de28244a03d806b137123.jpeg","articleSection":["Portada"],"inLanguage":"es","potentialAction":[{"@type":"CommentAction","name":"Comment","target":["https:\/\/www.eldiariodetucuman.com\/web\/carzogliolos-aprietes-son-el-precio-que-uno-tiene-que-pagar-por-ser-imparcial%c2%94\/#respond"]}]},{"@type":"WebPage","@id":"https:\/\/www.eldiariodetucuman.com\/web\/carzogliolos-aprietes-son-el-precio-que-uno-tiene-que-pagar-por-ser-imparcial%c2%94\/","url":"https:\/\/www.eldiariodetucuman.com\/web\/carzogliolos-aprietes-son-el-precio-que-uno-tiene-que-pagar-por-ser-imparcial%c2%94\/","name":"Carzoglio:\"Los aprietes son el precio que uno tiene que pagar por ser imparcial\u0094 - El Diario de Tucuman","isPartOf":{"@id":"https:\/\/www.eldiariodetucuman.com\/web\/#website"},"primaryImageOfPage":{"@id":"https:\/\/www.eldiariodetucuman.com\/web\/carzogliolos-aprietes-son-el-precio-que-uno-tiene-que-pagar-por-ser-imparcial%c2%94\/#primaryimage"},"image":{"@id":"https:\/\/www.eldiariodetucuman.com\/web\/carzogliolos-aprietes-son-el-precio-que-uno-tiene-que-pagar-por-ser-imparcial%c2%94\/#primaryimage"},"thumbnailUrl":"https:\/\/www.eldiariodetucuman.com\/web\/wp-content\/uploads\/2018\/10\/f69eb2c6855de28244a03d806b137123.jpeg","datePublished":"2018-10-19T14:42:42+00:00","dateModified":"2018-10-19T14:42:45+00:00","breadcrumb":{"@id":"https:\/\/www.eldiariodetucuman.com\/web\/carzogliolos-aprietes-son-el-precio-que-uno-tiene-que-pagar-por-ser-imparcial%c2%94\/#breadcrumb"},"inLanguage":"es","potentialAction":[{"@type":"ReadAction","target":["https:\/\/www.eldiariodetucuman.com\/web\/carzogliolos-aprietes-son-el-precio-que-uno-tiene-que-pagar-por-ser-imparcial%c2%94\/"]}]},{"@type":"ImageObject","inLanguage":"es","@id":"https:\/\/www.eldiariodetucuman.com\/web\/carzogliolos-aprietes-son-el-precio-que-uno-tiene-que-pagar-por-ser-imparcial%c2%94\/#primaryimage","url":"https:\/\/www.eldiariodetucuman.com\/web\/wp-content\/uploads\/2018\/10\/f69eb2c6855de28244a03d806b137123.jpeg","contentUrl":"https:\/\/www.eldiariodetucuman.com\/web\/wp-content\/uploads\/2018\/10\/f69eb2c6855de28244a03d806b137123.jpeg","width":960,"height":638},{"@type":"BreadcrumbList","@id":"https:\/\/www.eldiariodetucuman.com\/web\/carzogliolos-aprietes-son-el-precio-que-uno-tiene-que-pagar-por-ser-imparcial%c2%94\/#breadcrumb","itemListElement":[{"@type":"ListItem","position":1,"name":"Portada","item":"https:\/\/www.eldiariodetucuman.com\/web\/"},{"@type":"ListItem","position":2,"name":"Carzoglio:\u00bbLos aprietes son el precio que uno tiene que pagar por ser imparcial\u0094"}]},{"@type":"WebSite","@id":"https:\/\/www.eldiariodetucuman.com\/web\/#website","url":"https:\/\/www.eldiariodetucuman.com\/web\/","name":"El Diario de Tucuman","description":"Diario Tucuman - Informaci\u00f3n y noticias","publisher":{"@id":"https:\/\/www.eldiariodetucuman.com\/web\/#organization"},"potentialAction":[{"@type":"SearchAction","target":{"@type":"EntryPoint","urlTemplate":"https:\/\/www.eldiariodetucuman.com\/web\/?s={search_term_string}"},"query-input":{"@type":"PropertyValueSpecification","valueRequired":true,"valueName":"search_term_string"}}],"inLanguage":"es"},{"@type":"Organization","@id":"https:\/\/www.eldiariodetucuman.com\/web\/#organization","name":"El Diario de Tucuman","url":"https:\/\/www.eldiariodetucuman.com\/web\/","logo":{"@type":"ImageObject","inLanguage":"es","@id":"https:\/\/www.eldiariodetucuman.com\/web\/#\/schema\/logo\/image\/","url":"http:\/\/www.eldiariodetucuman.com\/web\/wp-content\/uploads\/2017\/12\/el-diario-de-tucuman.jpg","contentUrl":"http:\/\/www.eldiariodetucuman.com\/web\/wp-content\/uploads\/2017\/12\/el-diario-de-tucuman.jpg","width":272,"height":92,"caption":"El Diario de Tucuman"},"image":{"@id":"https:\/\/www.eldiariodetucuman.com\/web\/#\/schema\/logo\/image\/"}},{"@type":"Person","@id":"https:\/\/www.eldiariodetucuman.com\/web\/#\/schema\/person\/9250197d75ab5483412e19678b121caa","name":"admin","image":{"@type":"ImageObject","inLanguage":"es","@id":"https:\/\/secure.gravatar.com\/avatar\/c44d117c2be811212c22cb481f6b8384b6873de103fbc49e7a03cc58d7dea4ac?s=96&d=mm&r=g","url":"https:\/\/secure.gravatar.com\/avatar\/c44d117c2be811212c22cb481f6b8384b6873de103fbc49e7a03cc58d7dea4ac?s=96&d=mm&r=g","contentUrl":"https:\/\/secure.gravatar.com\/avatar\/c44d117c2be811212c22cb481f6b8384b6873de103fbc49e7a03cc58d7dea4ac?s=96&d=mm&r=g","caption":"admin"},"url":"https:\/\/www.eldiariodetucuman.com\/web\/author\/admin\/"}]}},"_links":{"self":[{"href":"https:\/\/www.eldiariodetucuman.com\/web\/wp-json\/wp\/v2\/posts\/18260","targetHints":{"allow":["GET"]}}],"collection":[{"href":"https:\/\/www.eldiariodetucuman.com\/web\/wp-json\/wp\/v2\/posts"}],"about":[{"href":"https:\/\/www.eldiariodetucuman.com\/web\/wp-json\/wp\/v2\/types\/post"}],"author":[{"embeddable":true,"href":"https:\/\/www.eldiariodetucuman.com\/web\/wp-json\/wp\/v2\/users\/1"}],"replies":[{"embeddable":true,"href":"https:\/\/www.eldiariodetucuman.com\/web\/wp-json\/wp\/v2\/comments?post=18260"}],"version-history":[{"count":1,"href":"https:\/\/www.eldiariodetucuman.com\/web\/wp-json\/wp\/v2\/posts\/18260\/revisions"}],"predecessor-version":[{"id":18262,"href":"https:\/\/www.eldiariodetucuman.com\/web\/wp-json\/wp\/v2\/posts\/18260\/revisions\/18262"}],"wp:featuredmedia":[{"embeddable":true,"href":"https:\/\/www.eldiariodetucuman.com\/web\/wp-json\/wp\/v2\/media\/18261"}],"wp:attachment":[{"href":"https:\/\/www.eldiariodetucuman.com\/web\/wp-json\/wp\/v2\/media?parent=18260"}],"wp:term":[{"taxonomy":"category","embeddable":true,"href":"https:\/\/www.eldiariodetucuman.com\/web\/wp-json\/wp\/v2\/categories?post=18260"},{"taxonomy":"post_tag","embeddable":true,"href":"https:\/\/www.eldiariodetucuman.com\/web\/wp-json\/wp\/v2\/tags?post=18260"}],"curies":[{"name":"wp","href":"https:\/\/api.w.org\/{rel}","templated":true}]}}