{"id":18257,"date":"2018-10-19T11:42:34","date_gmt":"2018-10-19T14:42:34","guid":{"rendered":"http:\/\/www.eldiariodetucuman.com\/web\/la-camara-de-casacion-se-reunio-con-jueces-europeos-por-la-lucha-contra-el-crimen-organizado\/"},"modified":"2018-10-19T11:42:36","modified_gmt":"2018-10-19T14:42:36","slug":"la-camara-de-casacion-se-reunio-con-jueces-europeos-por-la-lucha-contra-el-crimen-organizado","status":"publish","type":"post","link":"https:\/\/www.eldiariodetucuman.com\/web\/la-camara-de-casacion-se-reunio-con-jueces-europeos-por-la-lucha-contra-el-crimen-organizado\/","title":{"rendered":"La C\u00e1mara de Casaci\u00f3n se reuni\u00f3 con jueces europeos por la lucha contra el crimen organizado"},"content":{"rendered":"<div>\n<div readability=\"45.321428571429\">\n<p>Magistrados de la <a href=\"https:\/\/www.elintransigente.com\/noticias\/buscar\/?buscar=camara+de+casacion\">C\u00e1mara Federal de Casaci\u00f3n<\/a> Penal <strong>se reunieron con jueces espa\u00f1oles de la Uni\u00f3n Europea, en el marco del programa de Asistencia contra el <a href=\"https:\/\/www.elintransigente.com\/noticias\/buscar\/?buscar=crimen+organizado\">Crimen Transnacional Organizado<\/a>.<\/strong><\/p>\n<p>El encuentro se llev\u00f3 a cabo en la Sala de Acuerdos de la C\u00e1mara Federal de Casaci\u00f3n Penal, y cont\u00f3 con la presencia de los magistrados espa\u00f1oles Mar\u00eda de los \u00c1ngeles Garc\u00eda Medina y Arturo Merino Guti\u00e9rrez, y los jueces argentinos Gustavo M., Liliana E. Catucci, Diego Barroetave\u00f1a y Daniel Petrone. Tambi\u00e9n estuvieron presentes funcionarios y empleados de la C\u00e1mara de Casaci\u00f3n.<\/p>\n<aside class=\"htmlinline \"><!-- politica 2 300 x 250 imagen --><ins class=\"adsbygoogle\" data-ad-client=\"ca-pub-7781556717282971\" data-ad-slot=\"3120775563\"><\/ins><br \/>\n<\/aside>\n<p>Los representantes de la Uni\u00f3n Europea se encuentran en Argentina para <strong>brindar asistencia t\u00e9cnica a los pa\u00edses de Am\u00e9rica Latina<\/strong>, seg\u00fan lo establecido por el Programa. Se trata de una iniciativa basada en la cooperaci\u00f3n de los pa\u00edses europeos y latinoamericanos, con el objetivo <strong>luchar contra la criminalidad organizada en Am\u00e9rica Latina, en materia de corrupci\u00f3n, lavado de activos, narcotr\u00e1fico y cibercrimen, entre otras cuestiones.<\/strong><\/p>\n<p><strong><img decoding=\"async\" alt=\"\" src=\"https:\/\/www.elintransigente.com\/u\/fotografias\/m\/2018\/10\/19\/f768x0-482272_482290_31.jpg\"><\/strong><\/p>\n<aside class=\"htmlinline \"><!-- politica 5 300 x 250 texto mas imagen --><ins class=\"adsbygoogle\" data-ad-client=\"ca-pub-7781556717282971\" data-ad-slot=\"3033145653\"><\/ins><br \/>\n<\/aside>\n<p>Si bien el programa comenz\u00f3 a planearse durante el 2015, reci\u00e9n en el 2017 se materializ\u00f3, con una reuni\u00f3n inicial en Madrid, Espa\u00f1a.<\/p>\n<p>En el encuentro, realizado el pasado 18 de octubre, los magistrados nacionales y espa\u00f1oles compartieron experiencias e intercambiaron ideas sobre el funcionamiento de la justicia en Espa\u00f1a y Argentina. Antes de retirarse, el juez Hornos, en car\u00e1cter de vicepresidente segundo de la C\u00e1mara, agradeci\u00f3 en nombre de sus colegas, funcionarios y empleados de la Casa, y destac\u00f3 el enorme inter\u00e9s social que existe en la actualidad respecto de la actividad de jurisdicci\u00f3n penal.<\/p>\n<\/div>\n<\/div>\n<p>Fuente: https:\/\/www.elintransigente.com\/politica\/2018\/10\/19\/la-camara-de-casacion-se-reunio-con-jueces-europeos-por-la-lucha-contra-el-crimen-organizado-518223.html<\/p>\n","protected":false},"excerpt":{"rendered":"<p>Magistrados de la C\u00e1mara Federal de Casaci\u00f3n Penal se reunieron con jueces espa\u00f1oles de la Uni\u00f3n Europea, en el marco del programa de Asistencia contra el Crimen Transnacional Organizado. El encuentro se llev\u00f3 a cabo en la Sala de Acuerdos de la C\u00e1mara Federal de Casaci\u00f3n Penal, y cont\u00f3 con la presencia de los magistrados [&hellip;]<\/p>\n","protected":false},"author":1,"featured_media":18258,"comment_status":"open","ping_status":"closed","sticky":false,"template":"","format":"standard","meta":{"footnotes":""},"categories":[1],"tags":[],"class_list":{"0":"post-18257","1":"post","2":"type-post","3":"status-publish","4":"format-standard","5":"has-post-thumbnail","7":"category-portada"},"yoast_head":"<!-- This site is optimized with the Yoast SEO plugin v27.4 - https:\/\/yoast.com\/product\/yoast-seo-wordpress\/ -->\n<title>La C\u00e1mara de Casaci\u00f3n se reuni\u00f3 con jueces europeos por la lucha contra el crimen organizado - El Diario de Tucuman<\/title>\n<meta name=\"robots\" content=\"index, follow, max-snippet:-1, max-image-preview:large, max-video-preview:-1\" \/>\n<link rel=\"canonical\" href=\"https:\/\/www.eldiariodetucuman.com\/web\/la-camara-de-casacion-se-reunio-con-jueces-europeos-por-la-lucha-contra-el-crimen-organizado\/\" \/>\n<meta property=\"og:locale\" content=\"es_ES\" \/>\n<meta property=\"og:type\" content=\"article\" \/>\n<meta property=\"og:title\" content=\"La C\u00e1mara de Casaci\u00f3n se reuni\u00f3 con jueces europeos por la lucha contra el crimen organizado - El Diario de Tucuman\" \/>\n<meta property=\"og:description\" content=\"Magistrados de la C\u00e1mara Federal de Casaci\u00f3n Penal se reunieron con jueces espa\u00f1oles de la Uni\u00f3n Europea, en el marco del programa de Asistencia contra el Crimen Transnacional Organizado. El encuentro se llev\u00f3 a cabo en la Sala de Acuerdos de la C\u00e1mara Federal de Casaci\u00f3n Penal, y cont\u00f3 con la presencia de los magistrados [&hellip;]\" \/>\n<meta property=\"og:url\" content=\"https:\/\/www.eldiariodetucuman.com\/web\/la-camara-de-casacion-se-reunio-con-jueces-europeos-por-la-lucha-contra-el-crimen-organizado\/\" \/>\n<meta property=\"og:site_name\" content=\"El Diario de Tucuman\" \/>\n<meta property=\"article:published_time\" content=\"2018-10-19T14:42:34+00:00\" \/>\n<meta property=\"article:modified_time\" content=\"2018-10-19T14:42:36+00:00\" \/>\n<meta property=\"og:image\" content=\"https:\/\/www.eldiariodetucuman.com\/web\/wp-content\/uploads\/2018\/10\/a701e193c39f444c429bc1dbe472a212.jpeg\" \/>\n\t<meta property=\"og:image:width\" content=\"960\" \/>\n\t<meta property=\"og:image:height\" content=\"720\" \/>\n\t<meta property=\"og:image:type\" content=\"image\/jpeg\" \/>\n<meta name=\"author\" content=\"admin\" \/>\n<meta name=\"twitter:card\" content=\"summary_large_image\" \/>\n<meta name=\"twitter:label1\" content=\"Escrito por\" \/>\n\t<meta name=\"twitter:data1\" content=\"admin\" \/>\n\t<meta name=\"twitter:label2\" content=\"Tiempo de lectura\" \/>\n\t<meta name=\"twitter:data2\" content=\"1 minuto\" \/>\n<script type=\"application\/ld+json\" class=\"yoast-schema-graph\">{\"@context\":\"https:\\\/\\\/schema.org\",\"@graph\":[{\"@type\":\"Article\",\"@id\":\"https:\\\/\\\/www.eldiariodetucuman.com\\\/web\\\/la-camara-de-casacion-se-reunio-con-jueces-europeos-por-la-lucha-contra-el-crimen-organizado\\\/#article\",\"isPartOf\":{\"@id\":\"https:\\\/\\\/www.eldiariodetucuman.com\\\/web\\\/la-camara-de-casacion-se-reunio-con-jueces-europeos-por-la-lucha-contra-el-crimen-organizado\\\/\"},\"author\":{\"name\":\"admin\",\"@id\":\"https:\\\/\\\/www.eldiariodetucuman.com\\\/web\\\/#\\\/schema\\\/person\\\/9250197d75ab5483412e19678b121caa\"},\"headline\":\"La C\u00e1mara de Casaci\u00f3n se reuni\u00f3 con jueces europeos por la lucha contra el crimen organizado\",\"datePublished\":\"2018-10-19T14:42:34+00:00\",\"dateModified\":\"2018-10-19T14:42:36+00:00\",\"mainEntityOfPage\":{\"@id\":\"https:\\\/\\\/www.eldiariodetucuman.com\\\/web\\\/la-camara-de-casacion-se-reunio-con-jueces-europeos-por-la-lucha-contra-el-crimen-organizado\\\/\"},\"wordCount\":308,\"commentCount\":0,\"publisher\":{\"@id\":\"https:\\\/\\\/www.eldiariodetucuman.com\\\/web\\\/#organization\"},\"image\":{\"@id\":\"https:\\\/\\\/www.eldiariodetucuman.com\\\/web\\\/la-camara-de-casacion-se-reunio-con-jueces-europeos-por-la-lucha-contra-el-crimen-organizado\\\/#primaryimage\"},\"thumbnailUrl\":\"https:\\\/\\\/www.eldiariodetucuman.com\\\/web\\\/wp-content\\\/uploads\\\/2018\\\/10\\\/a701e193c39f444c429bc1dbe472a212.jpeg\",\"articleSection\":[\"Portada\"],\"inLanguage\":\"es\",\"potentialAction\":[{\"@type\":\"CommentAction\",\"name\":\"Comment\",\"target\":[\"https:\\\/\\\/www.eldiariodetucuman.com\\\/web\\\/la-camara-de-casacion-se-reunio-con-jueces-europeos-por-la-lucha-contra-el-crimen-organizado\\\/#respond\"]}]},{\"@type\":\"WebPage\",\"@id\":\"https:\\\/\\\/www.eldiariodetucuman.com\\\/web\\\/la-camara-de-casacion-se-reunio-con-jueces-europeos-por-la-lucha-contra-el-crimen-organizado\\\/\",\"url\":\"https:\\\/\\\/www.eldiariodetucuman.com\\\/web\\\/la-camara-de-casacion-se-reunio-con-jueces-europeos-por-la-lucha-contra-el-crimen-organizado\\\/\",\"name\":\"La C\u00e1mara de Casaci\u00f3n se reuni\u00f3 con jueces europeos por la lucha contra el crimen organizado - El Diario de Tucuman\",\"isPartOf\":{\"@id\":\"https:\\\/\\\/www.eldiariodetucuman.com\\\/web\\\/#website\"},\"primaryImageOfPage\":{\"@id\":\"https:\\\/\\\/www.eldiariodetucuman.com\\\/web\\\/la-camara-de-casacion-se-reunio-con-jueces-europeos-por-la-lucha-contra-el-crimen-organizado\\\/#primaryimage\"},\"image\":{\"@id\":\"https:\\\/\\\/www.eldiariodetucuman.com\\\/web\\\/la-camara-de-casacion-se-reunio-con-jueces-europeos-por-la-lucha-contra-el-crimen-organizado\\\/#primaryimage\"},\"thumbnailUrl\":\"https:\\\/\\\/www.eldiariodetucuman.com\\\/web\\\/wp-content\\\/uploads\\\/2018\\\/10\\\/a701e193c39f444c429bc1dbe472a212.jpeg\",\"datePublished\":\"2018-10-19T14:42:34+00:00\",\"dateModified\":\"2018-10-19T14:42:36+00:00\",\"breadcrumb\":{\"@id\":\"https:\\\/\\\/www.eldiariodetucuman.com\\\/web\\\/la-camara-de-casacion-se-reunio-con-jueces-europeos-por-la-lucha-contra-el-crimen-organizado\\\/#breadcrumb\"},\"inLanguage\":\"es\",\"potentialAction\":[{\"@type\":\"ReadAction\",\"target\":[\"https:\\\/\\\/www.eldiariodetucuman.com\\\/web\\\/la-camara-de-casacion-se-reunio-con-jueces-europeos-por-la-lucha-contra-el-crimen-organizado\\\/\"]}]},{\"@type\":\"ImageObject\",\"inLanguage\":\"es\",\"@id\":\"https:\\\/\\\/www.eldiariodetucuman.com\\\/web\\\/la-camara-de-casacion-se-reunio-con-jueces-europeos-por-la-lucha-contra-el-crimen-organizado\\\/#primaryimage\",\"url\":\"https:\\\/\\\/www.eldiariodetucuman.com\\\/web\\\/wp-content\\\/uploads\\\/2018\\\/10\\\/a701e193c39f444c429bc1dbe472a212.jpeg\",\"contentUrl\":\"https:\\\/\\\/www.eldiariodetucuman.com\\\/web\\\/wp-content\\\/uploads\\\/2018\\\/10\\\/a701e193c39f444c429bc1dbe472a212.jpeg\",\"width\":960,\"height\":720},{\"@type\":\"BreadcrumbList\",\"@id\":\"https:\\\/\\\/www.eldiariodetucuman.com\\\/web\\\/la-camara-de-casacion-se-reunio-con-jueces-europeos-por-la-lucha-contra-el-crimen-organizado\\\/#breadcrumb\",\"itemListElement\":[{\"@type\":\"ListItem\",\"position\":1,\"name\":\"Portada\",\"item\":\"https:\\\/\\\/www.eldiariodetucuman.com\\\/web\\\/\"},{\"@type\":\"ListItem\",\"position\":2,\"name\":\"La C\u00e1mara de Casaci\u00f3n se reuni\u00f3 con jueces europeos por la lucha contra el crimen organizado\"}]},{\"@type\":\"WebSite\",\"@id\":\"https:\\\/\\\/www.eldiariodetucuman.com\\\/web\\\/#website\",\"url\":\"https:\\\/\\\/www.eldiariodetucuman.com\\\/web\\\/\",\"name\":\"El Diario de Tucuman\",\"description\":\"Diario Tucuman - Informaci\u00f3n y noticias\",\"publisher\":{\"@id\":\"https:\\\/\\\/www.eldiariodetucuman.com\\\/web\\\/#organization\"},\"potentialAction\":[{\"@type\":\"SearchAction\",\"target\":{\"@type\":\"EntryPoint\",\"urlTemplate\":\"https:\\\/\\\/www.eldiariodetucuman.com\\\/web\\\/?s={search_term_string}\"},\"query-input\":{\"@type\":\"PropertyValueSpecification\",\"valueRequired\":true,\"valueName\":\"search_term_string\"}}],\"inLanguage\":\"es\"},{\"@type\":\"Organization\",\"@id\":\"https:\\\/\\\/www.eldiariodetucuman.com\\\/web\\\/#organization\",\"name\":\"El Diario de Tucuman\",\"url\":\"https:\\\/\\\/www.eldiariodetucuman.com\\\/web\\\/\",\"logo\":{\"@type\":\"ImageObject\",\"inLanguage\":\"es\",\"@id\":\"https:\\\/\\\/www.eldiariodetucuman.com\\\/web\\\/#\\\/schema\\\/logo\\\/image\\\/\",\"url\":\"http:\\\/\\\/www.eldiariodetucuman.com\\\/web\\\/wp-content\\\/uploads\\\/2017\\\/12\\\/el-diario-de-tucuman.jpg\",\"contentUrl\":\"http:\\\/\\\/www.eldiariodetucuman.com\\\/web\\\/wp-content\\\/uploads\\\/2017\\\/12\\\/el-diario-de-tucuman.jpg\",\"width\":272,\"height\":92,\"caption\":\"El Diario de Tucuman\"},\"image\":{\"@id\":\"https:\\\/\\\/www.eldiariodetucuman.com\\\/web\\\/#\\\/schema\\\/logo\\\/image\\\/\"}},{\"@type\":\"Person\",\"@id\":\"https:\\\/\\\/www.eldiariodetucuman.com\\\/web\\\/#\\\/schema\\\/person\\\/9250197d75ab5483412e19678b121caa\",\"name\":\"admin\",\"image\":{\"@type\":\"ImageObject\",\"inLanguage\":\"es\",\"@id\":\"https:\\\/\\\/secure.gravatar.com\\\/avatar\\\/c44d117c2be811212c22cb481f6b8384b6873de103fbc49e7a03cc58d7dea4ac?s=96&d=mm&r=g\",\"url\":\"https:\\\/\\\/secure.gravatar.com\\\/avatar\\\/c44d117c2be811212c22cb481f6b8384b6873de103fbc49e7a03cc58d7dea4ac?s=96&d=mm&r=g\",\"contentUrl\":\"https:\\\/\\\/secure.gravatar.com\\\/avatar\\\/c44d117c2be811212c22cb481f6b8384b6873de103fbc49e7a03cc58d7dea4ac?s=96&d=mm&r=g\",\"caption\":\"admin\"},\"url\":\"https:\\\/\\\/www.eldiariodetucuman.com\\\/web\\\/author\\\/admin\\\/\"}]}<\/script>\n<!-- \/ Yoast SEO plugin. -->","yoast_head_json":{"title":"La C\u00e1mara de Casaci\u00f3n se reuni\u00f3 con jueces europeos por la lucha contra el crimen organizado - El Diario de Tucuman","robots":{"index":"index","follow":"follow","max-snippet":"max-snippet:-1","max-image-preview":"max-image-preview:large","max-video-preview":"max-video-preview:-1"},"canonical":"https:\/\/www.eldiariodetucuman.com\/web\/la-camara-de-casacion-se-reunio-con-jueces-europeos-por-la-lucha-contra-el-crimen-organizado\/","og_locale":"es_ES","og_type":"article","og_title":"La C\u00e1mara de Casaci\u00f3n se reuni\u00f3 con jueces europeos por la lucha contra el crimen organizado - El Diario de Tucuman","og_description":"Magistrados de la C\u00e1mara Federal de Casaci\u00f3n Penal se reunieron con jueces espa\u00f1oles de la Uni\u00f3n Europea, en el marco del programa de Asistencia contra el Crimen Transnacional Organizado. El encuentro se llev\u00f3 a cabo en la Sala de Acuerdos de la C\u00e1mara Federal de Casaci\u00f3n Penal, y cont\u00f3 con la presencia de los magistrados [&hellip;]","og_url":"https:\/\/www.eldiariodetucuman.com\/web\/la-camara-de-casacion-se-reunio-con-jueces-europeos-por-la-lucha-contra-el-crimen-organizado\/","og_site_name":"El Diario de Tucuman","article_published_time":"2018-10-19T14:42:34+00:00","article_modified_time":"2018-10-19T14:42:36+00:00","og_image":[{"width":960,"height":720,"url":"https:\/\/www.eldiariodetucuman.com\/web\/wp-content\/uploads\/2018\/10\/a701e193c39f444c429bc1dbe472a212.jpeg","type":"image\/jpeg"}],"author":"admin","twitter_card":"summary_large_image","twitter_misc":{"Escrito por":"admin","Tiempo de lectura":"1 minuto"},"schema":{"@context":"https:\/\/schema.org","@graph":[{"@type":"Article","@id":"https:\/\/www.eldiariodetucuman.com\/web\/la-camara-de-casacion-se-reunio-con-jueces-europeos-por-la-lucha-contra-el-crimen-organizado\/#article","isPartOf":{"@id":"https:\/\/www.eldiariodetucuman.com\/web\/la-camara-de-casacion-se-reunio-con-jueces-europeos-por-la-lucha-contra-el-crimen-organizado\/"},"author":{"name":"admin","@id":"https:\/\/www.eldiariodetucuman.com\/web\/#\/schema\/person\/9250197d75ab5483412e19678b121caa"},"headline":"La C\u00e1mara de Casaci\u00f3n se reuni\u00f3 con jueces europeos por la lucha contra el crimen organizado","datePublished":"2018-10-19T14:42:34+00:00","dateModified":"2018-10-19T14:42:36+00:00","mainEntityOfPage":{"@id":"https:\/\/www.eldiariodetucuman.com\/web\/la-camara-de-casacion-se-reunio-con-jueces-europeos-por-la-lucha-contra-el-crimen-organizado\/"},"wordCount":308,"commentCount":0,"publisher":{"@id":"https:\/\/www.eldiariodetucuman.com\/web\/#organization"},"image":{"@id":"https:\/\/www.eldiariodetucuman.com\/web\/la-camara-de-casacion-se-reunio-con-jueces-europeos-por-la-lucha-contra-el-crimen-organizado\/#primaryimage"},"thumbnailUrl":"https:\/\/www.eldiariodetucuman.com\/web\/wp-content\/uploads\/2018\/10\/a701e193c39f444c429bc1dbe472a212.jpeg","articleSection":["Portada"],"inLanguage":"es","potentialAction":[{"@type":"CommentAction","name":"Comment","target":["https:\/\/www.eldiariodetucuman.com\/web\/la-camara-de-casacion-se-reunio-con-jueces-europeos-por-la-lucha-contra-el-crimen-organizado\/#respond"]}]},{"@type":"WebPage","@id":"https:\/\/www.eldiariodetucuman.com\/web\/la-camara-de-casacion-se-reunio-con-jueces-europeos-por-la-lucha-contra-el-crimen-organizado\/","url":"https:\/\/www.eldiariodetucuman.com\/web\/la-camara-de-casacion-se-reunio-con-jueces-europeos-por-la-lucha-contra-el-crimen-organizado\/","name":"La C\u00e1mara de Casaci\u00f3n se reuni\u00f3 con jueces europeos por la lucha contra el crimen organizado - El Diario de Tucuman","isPartOf":{"@id":"https:\/\/www.eldiariodetucuman.com\/web\/#website"},"primaryImageOfPage":{"@id":"https:\/\/www.eldiariodetucuman.com\/web\/la-camara-de-casacion-se-reunio-con-jueces-europeos-por-la-lucha-contra-el-crimen-organizado\/#primaryimage"},"image":{"@id":"https:\/\/www.eldiariodetucuman.com\/web\/la-camara-de-casacion-se-reunio-con-jueces-europeos-por-la-lucha-contra-el-crimen-organizado\/#primaryimage"},"thumbnailUrl":"https:\/\/www.eldiariodetucuman.com\/web\/wp-content\/uploads\/2018\/10\/a701e193c39f444c429bc1dbe472a212.jpeg","datePublished":"2018-10-19T14:42:34+00:00","dateModified":"2018-10-19T14:42:36+00:00","breadcrumb":{"@id":"https:\/\/www.eldiariodetucuman.com\/web\/la-camara-de-casacion-se-reunio-con-jueces-europeos-por-la-lucha-contra-el-crimen-organizado\/#breadcrumb"},"inLanguage":"es","potentialAction":[{"@type":"ReadAction","target":["https:\/\/www.eldiariodetucuman.com\/web\/la-camara-de-casacion-se-reunio-con-jueces-europeos-por-la-lucha-contra-el-crimen-organizado\/"]}]},{"@type":"ImageObject","inLanguage":"es","@id":"https:\/\/www.eldiariodetucuman.com\/web\/la-camara-de-casacion-se-reunio-con-jueces-europeos-por-la-lucha-contra-el-crimen-organizado\/#primaryimage","url":"https:\/\/www.eldiariodetucuman.com\/web\/wp-content\/uploads\/2018\/10\/a701e193c39f444c429bc1dbe472a212.jpeg","contentUrl":"https:\/\/www.eldiariodetucuman.com\/web\/wp-content\/uploads\/2018\/10\/a701e193c39f444c429bc1dbe472a212.jpeg","width":960,"height":720},{"@type":"BreadcrumbList","@id":"https:\/\/www.eldiariodetucuman.com\/web\/la-camara-de-casacion-se-reunio-con-jueces-europeos-por-la-lucha-contra-el-crimen-organizado\/#breadcrumb","itemListElement":[{"@type":"ListItem","position":1,"name":"Portada","item":"https:\/\/www.eldiariodetucuman.com\/web\/"},{"@type":"ListItem","position":2,"name":"La C\u00e1mara de Casaci\u00f3n se reuni\u00f3 con jueces europeos por la lucha contra el crimen organizado"}]},{"@type":"WebSite","@id":"https:\/\/www.eldiariodetucuman.com\/web\/#website","url":"https:\/\/www.eldiariodetucuman.com\/web\/","name":"El Diario de Tucuman","description":"Diario Tucuman - Informaci\u00f3n y noticias","publisher":{"@id":"https:\/\/www.eldiariodetucuman.com\/web\/#organization"},"potentialAction":[{"@type":"SearchAction","target":{"@type":"EntryPoint","urlTemplate":"https:\/\/www.eldiariodetucuman.com\/web\/?s={search_term_string}"},"query-input":{"@type":"PropertyValueSpecification","valueRequired":true,"valueName":"search_term_string"}}],"inLanguage":"es"},{"@type":"Organization","@id":"https:\/\/www.eldiariodetucuman.com\/web\/#organization","name":"El Diario de Tucuman","url":"https:\/\/www.eldiariodetucuman.com\/web\/","logo":{"@type":"ImageObject","inLanguage":"es","@id":"https:\/\/www.eldiariodetucuman.com\/web\/#\/schema\/logo\/image\/","url":"http:\/\/www.eldiariodetucuman.com\/web\/wp-content\/uploads\/2017\/12\/el-diario-de-tucuman.jpg","contentUrl":"http:\/\/www.eldiariodetucuman.com\/web\/wp-content\/uploads\/2017\/12\/el-diario-de-tucuman.jpg","width":272,"height":92,"caption":"El Diario de Tucuman"},"image":{"@id":"https:\/\/www.eldiariodetucuman.com\/web\/#\/schema\/logo\/image\/"}},{"@type":"Person","@id":"https:\/\/www.eldiariodetucuman.com\/web\/#\/schema\/person\/9250197d75ab5483412e19678b121caa","name":"admin","image":{"@type":"ImageObject","inLanguage":"es","@id":"https:\/\/secure.gravatar.com\/avatar\/c44d117c2be811212c22cb481f6b8384b6873de103fbc49e7a03cc58d7dea4ac?s=96&d=mm&r=g","url":"https:\/\/secure.gravatar.com\/avatar\/c44d117c2be811212c22cb481f6b8384b6873de103fbc49e7a03cc58d7dea4ac?s=96&d=mm&r=g","contentUrl":"https:\/\/secure.gravatar.com\/avatar\/c44d117c2be811212c22cb481f6b8384b6873de103fbc49e7a03cc58d7dea4ac?s=96&d=mm&r=g","caption":"admin"},"url":"https:\/\/www.eldiariodetucuman.com\/web\/author\/admin\/"}]}},"_links":{"self":[{"href":"https:\/\/www.eldiariodetucuman.com\/web\/wp-json\/wp\/v2\/posts\/18257","targetHints":{"allow":["GET"]}}],"collection":[{"href":"https:\/\/www.eldiariodetucuman.com\/web\/wp-json\/wp\/v2\/posts"}],"about":[{"href":"https:\/\/www.eldiariodetucuman.com\/web\/wp-json\/wp\/v2\/types\/post"}],"author":[{"embeddable":true,"href":"https:\/\/www.eldiariodetucuman.com\/web\/wp-json\/wp\/v2\/users\/1"}],"replies":[{"embeddable":true,"href":"https:\/\/www.eldiariodetucuman.com\/web\/wp-json\/wp\/v2\/comments?post=18257"}],"version-history":[{"count":1,"href":"https:\/\/www.eldiariodetucuman.com\/web\/wp-json\/wp\/v2\/posts\/18257\/revisions"}],"predecessor-version":[{"id":18259,"href":"https:\/\/www.eldiariodetucuman.com\/web\/wp-json\/wp\/v2\/posts\/18257\/revisions\/18259"}],"wp:featuredmedia":[{"embeddable":true,"href":"https:\/\/www.eldiariodetucuman.com\/web\/wp-json\/wp\/v2\/media\/18258"}],"wp:attachment":[{"href":"https:\/\/www.eldiariodetucuman.com\/web\/wp-json\/wp\/v2\/media?parent=18257"}],"wp:term":[{"taxonomy":"category","embeddable":true,"href":"https:\/\/www.eldiariodetucuman.com\/web\/wp-json\/wp\/v2\/categories?post=18257"},{"taxonomy":"post_tag","embeddable":true,"href":"https:\/\/www.eldiariodetucuman.com\/web\/wp-json\/wp\/v2\/tags?post=18257"}],"curies":[{"name":"wp","href":"https:\/\/api.w.org\/{rel}","templated":true}]}}