{"id":18148,"date":"2018-10-17T12:08:07","date_gmt":"2018-10-17T15:08:07","guid":{"rendered":"http:\/\/www.eldiariodetucuman.com\/web\/continua-la-urbanizacion-de-barrios-de-banda-de-rio-sali-2\/"},"modified":"2018-10-17T12:08:08","modified_gmt":"2018-10-17T15:08:08","slug":"continua-la-urbanizacion-de-barrios-de-banda-de-rio-sali-2","status":"publish","type":"post","link":"https:\/\/www.eldiariodetucuman.com\/web\/continua-la-urbanizacion-de-barrios-de-banda-de-rio-sali-2\/","title":{"rendered":"Contin\u00faa la urbanizaci\u00f3n de barrios de Banda de R\u00edo Sal\u00ed"},"content":{"rendered":"<div>\n<div readability=\"82\">\n<p>Esta ma\u00f1ana barrio El Mirador, de la ciudad de Banda de R\u00edo Sal\u00ed, sum\u00f3 nuevas obras para mejorar la calidad de vida de los vecinos. En la oportunidad, el gobernador, <strong>Juan Manzur<\/strong>, dej\u00f3 habilitado el nuevo pavimento que mejora la circulaci\u00f3n a lo largo de cuatro cuadras.<\/p>\n<p>La obra fue realizada con adoquines a lo largo de la calle 9 de Julio, entre avenida Am\u00e9rica y Chazarreta, y tiene una extensi\u00f3n de unos 400 metros.<\/p>\n<p><iframe loading=\"lazy\" width=\"650\" height=\"315\" src=\"http:\/\/www.youtube.com\/embed\/DlCq4hziOqA\"><\/iframe><\/p>\n<p>\u00a0<\/p>\n<p>\u00a0<\/p>\n<blockquote readability=\"15\">\n<p>Vemos el progreso para la gente de Banda de R\u00edo Sal\u00ed, con estos 400 metros de pavimento, una de las demandas que ten\u00eda este barrio. Hay muchas obras en marcha en este municipio y queremos eso para Tucum\u00e1n: una provincia que progrese, en la que se puedan seguir haciendo obras a lo largo y ancho de toda su extensi\u00f3n, m\u00e1s en esta zona, el este, que fue muy postergada\u201d, destac\u00f3 el primar mandatario.<\/p>\n<\/blockquote>\n<p>Manzur remarc\u00f3, adem\u00e1s, que \u201cson obras que un momento dif\u00edcil de la econom\u00eda se hacen con fondos provinciales, que hacen posible seguir adelante a pesar de la situaci\u00f3n dif\u00edcil del Gobierno nacional\u201d.<\/p>\n<p>El Gobernador estuvo acompa\u00f1ado por el vicegobernador, <strong>Osvaldo Jaldo<\/strong>, el ministro de Desarrollo Social,<strong> Gabriel Yedlin<\/strong> y el intendente de Banda de R\u00edo Sal\u00ed, <strong>Dar\u00edo Monteros<\/strong>.<\/p>\n<p><a href=\"http:\/\/comunicaciontucuman.gob.ar\/wp-content\/uploads\/2018\/10\/manzur-obas-pavimento-articulado-banda-del-rio-sali-1.jpg\"><img loading=\"lazy\" decoding=\"async\" class=\"alignnone size-medium wp-image-180902\" src=\"http:\/\/comunicaciontucuman.gob.ar\/wp-content\/uploads\/2018\/10\/manzur-obas-pavimento-articulado-banda-del-rio-sali-1-300x166.jpg\" alt=\"manzur-obas-pavimento-articulado-banda-del-rio-sali (1)\" width=\"300\" height=\"166\"><\/a>\u00a0<a href=\"http:\/\/comunicaciontucuman.gob.ar\/wp-content\/uploads\/2018\/10\/manzur-obas-pavimento-articulado-banda-del-rio-sali-4.jpg\"><img loading=\"lazy\" decoding=\"async\" class=\"alignnone size-medium wp-image-180897\" src=\"http:\/\/comunicaciontucuman.gob.ar\/wp-content\/uploads\/2018\/10\/manzur-obas-pavimento-articulado-banda-del-rio-sali-4-300x166.jpg\" alt=\"manzur-obas-pavimento-articulado-banda-del-rio-sali (4)\" width=\"300\" height=\"166\"><\/a><\/p>\n<p>\u201cVenimos trabajando con un gran equipo de intendentes que nos acompa\u00f1an en toda la provincia para hacer obras de infraestructura. En Tucum\u00e1n hemos venido administrando eficientemente los recursos, no estamos endeudados y pagamos los sueldos en tiempo y forma, adem\u00e1s de los incrementos salariales\u201d, indic\u00f3, por su parte, Jaldo.<\/p>\n<blockquote class=\"mom_quote \"><p><strong>Alicia<\/strong>, una vecina del barrio, explic\u00f3 que la obra era muy esperada. \u201cHab\u00eda mucho barro en esta zona, as\u00ed que esta obra es muy buena. No esperaba que esto se concrete. Cuando comenc\u00e9 a ver que comenzaron a trabajar me puse muy contenta\u201d, agradeci\u00f3.\u00a0<\/p><\/blockquote>\n<p>La pavimentaci\u00f3n de la calle 9 de Julio hab\u00eda sido un proyecto elevado, en un principio, a Naci\u00f3n. Sin embargo, \u201cfue el Gobierno de la Provincia que asumi\u00f3 hacerse cargo de esta obra\u201d, agreg\u00f3 el intendente Monteros.<\/p>\n<\/div>\n<\/div>\n<p>Fuente: http:\/\/comunicaciontucuman.gob.ar\/2018\/10\/continua-la-urbanizacion-de-barrios-de-banda-de-rio-sali-2\/<\/p>\n","protected":false},"excerpt":{"rendered":"<p>Esta ma\u00f1ana barrio El Mirador, de la ciudad de Banda de R\u00edo Sal\u00ed, sum\u00f3 nuevas obras para mejorar la calidad de vida de los vecinos. En la oportunidad, el gobernador, Juan Manzur, dej\u00f3 habilitado el nuevo pavimento que mejora la circulaci\u00f3n a lo largo de cuatro cuadras. La obra fue realizada con adoquines a lo [&hellip;]<\/p>\n","protected":false},"author":1,"featured_media":18149,"comment_status":"open","ping_status":"closed","sticky":false,"template":"","format":"standard","meta":{"footnotes":""},"categories":[3],"tags":[],"class_list":{"0":"post-18148","1":"post","2":"type-post","3":"status-publish","4":"format-standard","5":"has-post-thumbnail","7":"category-politica"},"yoast_head":"<!-- This site is optimized with the Yoast SEO plugin v27.4 - https:\/\/yoast.com\/product\/yoast-seo-wordpress\/ -->\n<title>Contin\u00faa la urbanizaci\u00f3n de barrios de Banda de R\u00edo Sal\u00ed - El Diario de Tucuman<\/title>\n<meta name=\"robots\" content=\"index, follow, max-snippet:-1, max-image-preview:large, max-video-preview:-1\" \/>\n<link rel=\"canonical\" href=\"https:\/\/www.eldiariodetucuman.com\/web\/continua-la-urbanizacion-de-barrios-de-banda-de-rio-sali-2\/\" \/>\n<meta property=\"og:locale\" content=\"es_ES\" \/>\n<meta property=\"og:type\" content=\"article\" \/>\n<meta property=\"og:title\" content=\"Contin\u00faa la urbanizaci\u00f3n de barrios de Banda de R\u00edo Sal\u00ed - El Diario de Tucuman\" \/>\n<meta property=\"og:description\" content=\"Esta ma\u00f1ana barrio El Mirador, de la ciudad de Banda de R\u00edo Sal\u00ed, sum\u00f3 nuevas obras para mejorar la calidad de vida de los vecinos. En la oportunidad, el gobernador, Juan Manzur, dej\u00f3 habilitado el nuevo pavimento que mejora la circulaci\u00f3n a lo largo de cuatro cuadras. La obra fue realizada con adoquines a lo [&hellip;]\" \/>\n<meta property=\"og:url\" content=\"https:\/\/www.eldiariodetucuman.com\/web\/continua-la-urbanizacion-de-barrios-de-banda-de-rio-sali-2\/\" \/>\n<meta property=\"og:site_name\" content=\"El Diario de Tucuman\" \/>\n<meta property=\"article:published_time\" content=\"2018-10-17T15:08:07+00:00\" \/>\n<meta property=\"article:modified_time\" content=\"2018-10-17T15:08:08+00:00\" \/>\n<meta property=\"og:image\" content=\"https:\/\/www.eldiariodetucuman.com\/web\/wp-content\/uploads\/2018\/10\/d64c22b4d723cb77edb50de2ffb5fc5e.jpeg\" \/>\n\t<meta property=\"og:image:width\" content=\"300\" \/>\n\t<meta property=\"og:image:height\" content=\"166\" \/>\n\t<meta property=\"og:image:type\" content=\"image\/jpeg\" \/>\n<meta name=\"author\" content=\"admin\" \/>\n<meta name=\"twitter:card\" content=\"summary_large_image\" \/>\n<meta name=\"twitter:label1\" content=\"Escrito por\" \/>\n\t<meta name=\"twitter:data1\" content=\"admin\" \/>\n\t<meta name=\"twitter:label2\" content=\"Tiempo de lectura\" \/>\n\t<meta name=\"twitter:data2\" content=\"2 minutos\" \/>\n<script type=\"application\/ld+json\" class=\"yoast-schema-graph\">{\"@context\":\"https:\\\/\\\/schema.org\",\"@graph\":[{\"@type\":\"Article\",\"@id\":\"https:\\\/\\\/www.eldiariodetucuman.com\\\/web\\\/continua-la-urbanizacion-de-barrios-de-banda-de-rio-sali-2\\\/#article\",\"isPartOf\":{\"@id\":\"https:\\\/\\\/www.eldiariodetucuman.com\\\/web\\\/continua-la-urbanizacion-de-barrios-de-banda-de-rio-sali-2\\\/\"},\"author\":{\"name\":\"admin\",\"@id\":\"https:\\\/\\\/www.eldiariodetucuman.com\\\/web\\\/#\\\/schema\\\/person\\\/9250197d75ab5483412e19678b121caa\"},\"headline\":\"Contin\u00faa la urbanizaci\u00f3n de barrios de Banda de R\u00edo Sal\u00ed\",\"datePublished\":\"2018-10-17T15:08:07+00:00\",\"dateModified\":\"2018-10-17T15:08:08+00:00\",\"mainEntityOfPage\":{\"@id\":\"https:\\\/\\\/www.eldiariodetucuman.com\\\/web\\\/continua-la-urbanizacion-de-barrios-de-banda-de-rio-sali-2\\\/\"},\"wordCount\":376,\"commentCount\":0,\"publisher\":{\"@id\":\"https:\\\/\\\/www.eldiariodetucuman.com\\\/web\\\/#organization\"},\"image\":{\"@id\":\"https:\\\/\\\/www.eldiariodetucuman.com\\\/web\\\/continua-la-urbanizacion-de-barrios-de-banda-de-rio-sali-2\\\/#primaryimage\"},\"thumbnailUrl\":\"https:\\\/\\\/www.eldiariodetucuman.com\\\/web\\\/wp-content\\\/uploads\\\/2018\\\/10\\\/d64c22b4d723cb77edb50de2ffb5fc5e.jpeg\",\"articleSection\":[\"Politica\"],\"inLanguage\":\"es\",\"potentialAction\":[{\"@type\":\"CommentAction\",\"name\":\"Comment\",\"target\":[\"https:\\\/\\\/www.eldiariodetucuman.com\\\/web\\\/continua-la-urbanizacion-de-barrios-de-banda-de-rio-sali-2\\\/#respond\"]}]},{\"@type\":\"WebPage\",\"@id\":\"https:\\\/\\\/www.eldiariodetucuman.com\\\/web\\\/continua-la-urbanizacion-de-barrios-de-banda-de-rio-sali-2\\\/\",\"url\":\"https:\\\/\\\/www.eldiariodetucuman.com\\\/web\\\/continua-la-urbanizacion-de-barrios-de-banda-de-rio-sali-2\\\/\",\"name\":\"Contin\u00faa la urbanizaci\u00f3n de barrios de Banda de R\u00edo Sal\u00ed - El Diario de Tucuman\",\"isPartOf\":{\"@id\":\"https:\\\/\\\/www.eldiariodetucuman.com\\\/web\\\/#website\"},\"primaryImageOfPage\":{\"@id\":\"https:\\\/\\\/www.eldiariodetucuman.com\\\/web\\\/continua-la-urbanizacion-de-barrios-de-banda-de-rio-sali-2\\\/#primaryimage\"},\"image\":{\"@id\":\"https:\\\/\\\/www.eldiariodetucuman.com\\\/web\\\/continua-la-urbanizacion-de-barrios-de-banda-de-rio-sali-2\\\/#primaryimage\"},\"thumbnailUrl\":\"https:\\\/\\\/www.eldiariodetucuman.com\\\/web\\\/wp-content\\\/uploads\\\/2018\\\/10\\\/d64c22b4d723cb77edb50de2ffb5fc5e.jpeg\",\"datePublished\":\"2018-10-17T15:08:07+00:00\",\"dateModified\":\"2018-10-17T15:08:08+00:00\",\"breadcrumb\":{\"@id\":\"https:\\\/\\\/www.eldiariodetucuman.com\\\/web\\\/continua-la-urbanizacion-de-barrios-de-banda-de-rio-sali-2\\\/#breadcrumb\"},\"inLanguage\":\"es\",\"potentialAction\":[{\"@type\":\"ReadAction\",\"target\":[\"https:\\\/\\\/www.eldiariodetucuman.com\\\/web\\\/continua-la-urbanizacion-de-barrios-de-banda-de-rio-sali-2\\\/\"]}]},{\"@type\":\"ImageObject\",\"inLanguage\":\"es\",\"@id\":\"https:\\\/\\\/www.eldiariodetucuman.com\\\/web\\\/continua-la-urbanizacion-de-barrios-de-banda-de-rio-sali-2\\\/#primaryimage\",\"url\":\"https:\\\/\\\/www.eldiariodetucuman.com\\\/web\\\/wp-content\\\/uploads\\\/2018\\\/10\\\/d64c22b4d723cb77edb50de2ffb5fc5e.jpeg\",\"contentUrl\":\"https:\\\/\\\/www.eldiariodetucuman.com\\\/web\\\/wp-content\\\/uploads\\\/2018\\\/10\\\/d64c22b4d723cb77edb50de2ffb5fc5e.jpeg\",\"width\":300,\"height\":166},{\"@type\":\"BreadcrumbList\",\"@id\":\"https:\\\/\\\/www.eldiariodetucuman.com\\\/web\\\/continua-la-urbanizacion-de-barrios-de-banda-de-rio-sali-2\\\/#breadcrumb\",\"itemListElement\":[{\"@type\":\"ListItem\",\"position\":1,\"name\":\"Portada\",\"item\":\"https:\\\/\\\/www.eldiariodetucuman.com\\\/web\\\/\"},{\"@type\":\"ListItem\",\"position\":2,\"name\":\"Contin\u00faa la urbanizaci\u00f3n de barrios de Banda de R\u00edo Sal\u00ed\"}]},{\"@type\":\"WebSite\",\"@id\":\"https:\\\/\\\/www.eldiariodetucuman.com\\\/web\\\/#website\",\"url\":\"https:\\\/\\\/www.eldiariodetucuman.com\\\/web\\\/\",\"name\":\"El Diario de Tucuman\",\"description\":\"Diario Tucuman - Informaci\u00f3n y noticias\",\"publisher\":{\"@id\":\"https:\\\/\\\/www.eldiariodetucuman.com\\\/web\\\/#organization\"},\"potentialAction\":[{\"@type\":\"SearchAction\",\"target\":{\"@type\":\"EntryPoint\",\"urlTemplate\":\"https:\\\/\\\/www.eldiariodetucuman.com\\\/web\\\/?s={search_term_string}\"},\"query-input\":{\"@type\":\"PropertyValueSpecification\",\"valueRequired\":true,\"valueName\":\"search_term_string\"}}],\"inLanguage\":\"es\"},{\"@type\":\"Organization\",\"@id\":\"https:\\\/\\\/www.eldiariodetucuman.com\\\/web\\\/#organization\",\"name\":\"El Diario de Tucuman\",\"url\":\"https:\\\/\\\/www.eldiariodetucuman.com\\\/web\\\/\",\"logo\":{\"@type\":\"ImageObject\",\"inLanguage\":\"es\",\"@id\":\"https:\\\/\\\/www.eldiariodetucuman.com\\\/web\\\/#\\\/schema\\\/logo\\\/image\\\/\",\"url\":\"http:\\\/\\\/www.eldiariodetucuman.com\\\/web\\\/wp-content\\\/uploads\\\/2017\\\/12\\\/el-diario-de-tucuman.jpg\",\"contentUrl\":\"http:\\\/\\\/www.eldiariodetucuman.com\\\/web\\\/wp-content\\\/uploads\\\/2017\\\/12\\\/el-diario-de-tucuman.jpg\",\"width\":272,\"height\":92,\"caption\":\"El Diario de Tucuman\"},\"image\":{\"@id\":\"https:\\\/\\\/www.eldiariodetucuman.com\\\/web\\\/#\\\/schema\\\/logo\\\/image\\\/\"}},{\"@type\":\"Person\",\"@id\":\"https:\\\/\\\/www.eldiariodetucuman.com\\\/web\\\/#\\\/schema\\\/person\\\/9250197d75ab5483412e19678b121caa\",\"name\":\"admin\",\"image\":{\"@type\":\"ImageObject\",\"inLanguage\":\"es\",\"@id\":\"https:\\\/\\\/secure.gravatar.com\\\/avatar\\\/c44d117c2be811212c22cb481f6b8384b6873de103fbc49e7a03cc58d7dea4ac?s=96&d=mm&r=g\",\"url\":\"https:\\\/\\\/secure.gravatar.com\\\/avatar\\\/c44d117c2be811212c22cb481f6b8384b6873de103fbc49e7a03cc58d7dea4ac?s=96&d=mm&r=g\",\"contentUrl\":\"https:\\\/\\\/secure.gravatar.com\\\/avatar\\\/c44d117c2be811212c22cb481f6b8384b6873de103fbc49e7a03cc58d7dea4ac?s=96&d=mm&r=g\",\"caption\":\"admin\"},\"url\":\"https:\\\/\\\/www.eldiariodetucuman.com\\\/web\\\/author\\\/admin\\\/\"}]}<\/script>\n<!-- \/ Yoast SEO plugin. -->","yoast_head_json":{"title":"Contin\u00faa la urbanizaci\u00f3n de barrios de Banda de R\u00edo Sal\u00ed - El Diario de Tucuman","robots":{"index":"index","follow":"follow","max-snippet":"max-snippet:-1","max-image-preview":"max-image-preview:large","max-video-preview":"max-video-preview:-1"},"canonical":"https:\/\/www.eldiariodetucuman.com\/web\/continua-la-urbanizacion-de-barrios-de-banda-de-rio-sali-2\/","og_locale":"es_ES","og_type":"article","og_title":"Contin\u00faa la urbanizaci\u00f3n de barrios de Banda de R\u00edo Sal\u00ed - El Diario de Tucuman","og_description":"Esta ma\u00f1ana barrio El Mirador, de la ciudad de Banda de R\u00edo Sal\u00ed, sum\u00f3 nuevas obras para mejorar la calidad de vida de los vecinos. En la oportunidad, el gobernador, Juan Manzur, dej\u00f3 habilitado el nuevo pavimento que mejora la circulaci\u00f3n a lo largo de cuatro cuadras. La obra fue realizada con adoquines a lo [&hellip;]","og_url":"https:\/\/www.eldiariodetucuman.com\/web\/continua-la-urbanizacion-de-barrios-de-banda-de-rio-sali-2\/","og_site_name":"El Diario de Tucuman","article_published_time":"2018-10-17T15:08:07+00:00","article_modified_time":"2018-10-17T15:08:08+00:00","og_image":[{"width":300,"height":166,"url":"https:\/\/www.eldiariodetucuman.com\/web\/wp-content\/uploads\/2018\/10\/d64c22b4d723cb77edb50de2ffb5fc5e.jpeg","type":"image\/jpeg"}],"author":"admin","twitter_card":"summary_large_image","twitter_misc":{"Escrito por":"admin","Tiempo de lectura":"2 minutos"},"schema":{"@context":"https:\/\/schema.org","@graph":[{"@type":"Article","@id":"https:\/\/www.eldiariodetucuman.com\/web\/continua-la-urbanizacion-de-barrios-de-banda-de-rio-sali-2\/#article","isPartOf":{"@id":"https:\/\/www.eldiariodetucuman.com\/web\/continua-la-urbanizacion-de-barrios-de-banda-de-rio-sali-2\/"},"author":{"name":"admin","@id":"https:\/\/www.eldiariodetucuman.com\/web\/#\/schema\/person\/9250197d75ab5483412e19678b121caa"},"headline":"Contin\u00faa la urbanizaci\u00f3n de barrios de Banda de R\u00edo Sal\u00ed","datePublished":"2018-10-17T15:08:07+00:00","dateModified":"2018-10-17T15:08:08+00:00","mainEntityOfPage":{"@id":"https:\/\/www.eldiariodetucuman.com\/web\/continua-la-urbanizacion-de-barrios-de-banda-de-rio-sali-2\/"},"wordCount":376,"commentCount":0,"publisher":{"@id":"https:\/\/www.eldiariodetucuman.com\/web\/#organization"},"image":{"@id":"https:\/\/www.eldiariodetucuman.com\/web\/continua-la-urbanizacion-de-barrios-de-banda-de-rio-sali-2\/#primaryimage"},"thumbnailUrl":"https:\/\/www.eldiariodetucuman.com\/web\/wp-content\/uploads\/2018\/10\/d64c22b4d723cb77edb50de2ffb5fc5e.jpeg","articleSection":["Politica"],"inLanguage":"es","potentialAction":[{"@type":"CommentAction","name":"Comment","target":["https:\/\/www.eldiariodetucuman.com\/web\/continua-la-urbanizacion-de-barrios-de-banda-de-rio-sali-2\/#respond"]}]},{"@type":"WebPage","@id":"https:\/\/www.eldiariodetucuman.com\/web\/continua-la-urbanizacion-de-barrios-de-banda-de-rio-sali-2\/","url":"https:\/\/www.eldiariodetucuman.com\/web\/continua-la-urbanizacion-de-barrios-de-banda-de-rio-sali-2\/","name":"Contin\u00faa la urbanizaci\u00f3n de barrios de Banda de R\u00edo Sal\u00ed - El Diario de Tucuman","isPartOf":{"@id":"https:\/\/www.eldiariodetucuman.com\/web\/#website"},"primaryImageOfPage":{"@id":"https:\/\/www.eldiariodetucuman.com\/web\/continua-la-urbanizacion-de-barrios-de-banda-de-rio-sali-2\/#primaryimage"},"image":{"@id":"https:\/\/www.eldiariodetucuman.com\/web\/continua-la-urbanizacion-de-barrios-de-banda-de-rio-sali-2\/#primaryimage"},"thumbnailUrl":"https:\/\/www.eldiariodetucuman.com\/web\/wp-content\/uploads\/2018\/10\/d64c22b4d723cb77edb50de2ffb5fc5e.jpeg","datePublished":"2018-10-17T15:08:07+00:00","dateModified":"2018-10-17T15:08:08+00:00","breadcrumb":{"@id":"https:\/\/www.eldiariodetucuman.com\/web\/continua-la-urbanizacion-de-barrios-de-banda-de-rio-sali-2\/#breadcrumb"},"inLanguage":"es","potentialAction":[{"@type":"ReadAction","target":["https:\/\/www.eldiariodetucuman.com\/web\/continua-la-urbanizacion-de-barrios-de-banda-de-rio-sali-2\/"]}]},{"@type":"ImageObject","inLanguage":"es","@id":"https:\/\/www.eldiariodetucuman.com\/web\/continua-la-urbanizacion-de-barrios-de-banda-de-rio-sali-2\/#primaryimage","url":"https:\/\/www.eldiariodetucuman.com\/web\/wp-content\/uploads\/2018\/10\/d64c22b4d723cb77edb50de2ffb5fc5e.jpeg","contentUrl":"https:\/\/www.eldiariodetucuman.com\/web\/wp-content\/uploads\/2018\/10\/d64c22b4d723cb77edb50de2ffb5fc5e.jpeg","width":300,"height":166},{"@type":"BreadcrumbList","@id":"https:\/\/www.eldiariodetucuman.com\/web\/continua-la-urbanizacion-de-barrios-de-banda-de-rio-sali-2\/#breadcrumb","itemListElement":[{"@type":"ListItem","position":1,"name":"Portada","item":"https:\/\/www.eldiariodetucuman.com\/web\/"},{"@type":"ListItem","position":2,"name":"Contin\u00faa la urbanizaci\u00f3n de barrios de Banda de R\u00edo Sal\u00ed"}]},{"@type":"WebSite","@id":"https:\/\/www.eldiariodetucuman.com\/web\/#website","url":"https:\/\/www.eldiariodetucuman.com\/web\/","name":"El Diario de Tucuman","description":"Diario Tucuman - Informaci\u00f3n y noticias","publisher":{"@id":"https:\/\/www.eldiariodetucuman.com\/web\/#organization"},"potentialAction":[{"@type":"SearchAction","target":{"@type":"EntryPoint","urlTemplate":"https:\/\/www.eldiariodetucuman.com\/web\/?s={search_term_string}"},"query-input":{"@type":"PropertyValueSpecification","valueRequired":true,"valueName":"search_term_string"}}],"inLanguage":"es"},{"@type":"Organization","@id":"https:\/\/www.eldiariodetucuman.com\/web\/#organization","name":"El Diario de Tucuman","url":"https:\/\/www.eldiariodetucuman.com\/web\/","logo":{"@type":"ImageObject","inLanguage":"es","@id":"https:\/\/www.eldiariodetucuman.com\/web\/#\/schema\/logo\/image\/","url":"http:\/\/www.eldiariodetucuman.com\/web\/wp-content\/uploads\/2017\/12\/el-diario-de-tucuman.jpg","contentUrl":"http:\/\/www.eldiariodetucuman.com\/web\/wp-content\/uploads\/2017\/12\/el-diario-de-tucuman.jpg","width":272,"height":92,"caption":"El Diario de Tucuman"},"image":{"@id":"https:\/\/www.eldiariodetucuman.com\/web\/#\/schema\/logo\/image\/"}},{"@type":"Person","@id":"https:\/\/www.eldiariodetucuman.com\/web\/#\/schema\/person\/9250197d75ab5483412e19678b121caa","name":"admin","image":{"@type":"ImageObject","inLanguage":"es","@id":"https:\/\/secure.gravatar.com\/avatar\/c44d117c2be811212c22cb481f6b8384b6873de103fbc49e7a03cc58d7dea4ac?s=96&d=mm&r=g","url":"https:\/\/secure.gravatar.com\/avatar\/c44d117c2be811212c22cb481f6b8384b6873de103fbc49e7a03cc58d7dea4ac?s=96&d=mm&r=g","contentUrl":"https:\/\/secure.gravatar.com\/avatar\/c44d117c2be811212c22cb481f6b8384b6873de103fbc49e7a03cc58d7dea4ac?s=96&d=mm&r=g","caption":"admin"},"url":"https:\/\/www.eldiariodetucuman.com\/web\/author\/admin\/"}]}},"_links":{"self":[{"href":"https:\/\/www.eldiariodetucuman.com\/web\/wp-json\/wp\/v2\/posts\/18148","targetHints":{"allow":["GET"]}}],"collection":[{"href":"https:\/\/www.eldiariodetucuman.com\/web\/wp-json\/wp\/v2\/posts"}],"about":[{"href":"https:\/\/www.eldiariodetucuman.com\/web\/wp-json\/wp\/v2\/types\/post"}],"author":[{"embeddable":true,"href":"https:\/\/www.eldiariodetucuman.com\/web\/wp-json\/wp\/v2\/users\/1"}],"replies":[{"embeddable":true,"href":"https:\/\/www.eldiariodetucuman.com\/web\/wp-json\/wp\/v2\/comments?post=18148"}],"version-history":[{"count":1,"href":"https:\/\/www.eldiariodetucuman.com\/web\/wp-json\/wp\/v2\/posts\/18148\/revisions"}],"predecessor-version":[{"id":18150,"href":"https:\/\/www.eldiariodetucuman.com\/web\/wp-json\/wp\/v2\/posts\/18148\/revisions\/18150"}],"wp:featuredmedia":[{"embeddable":true,"href":"https:\/\/www.eldiariodetucuman.com\/web\/wp-json\/wp\/v2\/media\/18149"}],"wp:attachment":[{"href":"https:\/\/www.eldiariodetucuman.com\/web\/wp-json\/wp\/v2\/media?parent=18148"}],"wp:term":[{"taxonomy":"category","embeddable":true,"href":"https:\/\/www.eldiariodetucuman.com\/web\/wp-json\/wp\/v2\/categories?post=18148"},{"taxonomy":"post_tag","embeddable":true,"href":"https:\/\/www.eldiariodetucuman.com\/web\/wp-json\/wp\/v2\/tags?post=18148"}],"curies":[{"name":"wp","href":"https:\/\/api.w.org\/{rel}","templated":true}]}}