{"id":17840,"date":"2018-10-10T00:08:19","date_gmt":"2018-10-10T03:08:19","guid":{"rendered":"http:\/\/www.eldiariodetucuman.com\/web\/solidaridad-y-desarrollo-barrial-se-viven-en-la-costanera-norte\/"},"modified":"2018-10-10T00:08:20","modified_gmt":"2018-10-10T03:08:20","slug":"solidaridad-y-desarrollo-barrial-se-viven-en-la-costanera-norte","status":"publish","type":"post","link":"https:\/\/www.eldiariodetucuman.com\/web\/solidaridad-y-desarrollo-barrial-se-viven-en-la-costanera-norte\/","title":{"rendered":"Solidaridad y desarrollo barrial se viven en la Costanera Norte"},"content":{"rendered":"<div>\n<div readability=\"78\">\n<p>El gobernador, <strong>Juan Manzur<\/strong>,\u00a0recorri\u00f3 el barrio Costanera Norte de la capital tucumana, donde el Estado construy\u00f3 soluciones habitacionales para los vecinos. Tareas que posibilitar\u00e1n que las familias puedan concretar el sue\u00f1o de una vivienda digna.<\/p>\n<blockquote readability=\"11\">\n<p>Esto tiene que ver con la decisi\u00f3n pol\u00edtica del Gobierno de la provincia de que en momentos dif\u00edciles, como los que nos toca vivir, se continua trabajando para la gente.Todos los d\u00edas con el Vicegobernador \u2013 <strong>Osvaldo Jaldo<\/strong>\u2013 recorremos los lugares m\u00e1s\u00a0 necesitados y conversamos con los vecinos para darles una respuesta\u201d, afirm\u00f3 el Primer Mandatario y agreg\u00f3: \u201cEstas son las peque\u00f1as grandes obras que tiene que ver con que las familias tucumanas est\u00e9n mejor. Hoy damos un paso m\u00e1s hacia adelante. Hay que seguir esforz\u00e1ndose por medio de la solidaridad para llevar adelante estas acciones\u201d.<\/p>\n<\/blockquote>\n<p><strong>El Frente Barrial y Social Costanera en Movimiento<\/strong>\u00a0se presenta como una agrupaci\u00f3n donde los vecinos de la zona son los actores centrales de la transformaci\u00f3n. A trav\u00e9s de la provisi\u00f3n por parte del Estado de infraestructura y la participaci\u00f3n de agrupaciones barriales se trabaja en el mejoramiento de los m\u00f3dulos habitacionales.<\/p>\n<p><a href=\"http:\/\/comunicaciontucuman.gob.ar\/wp-content\/uploads\/2018\/10\/manzur_costanera_modulo_nn-5.jpg\"><img loading=\"lazy\" decoding=\"async\" class=\"size-medium wp-image-180355 alignleft\" src=\"http:\/\/comunicaciontucuman.gob.ar\/wp-content\/uploads\/2018\/10\/manzur_costanera_modulo_nn-5-300x166.jpg\" alt=\"manzur_costanera_modulo_nn-5\" width=\"300\" height=\"166\"><\/a>Las obras brindan un espacio digno para personas en situaci\u00f3n de vulnerabilidad de los barrios tucumanos.<\/p>\n<p>\u201cEste es el Tucum\u00e1n solidario que queremos en tiempos dif\u00edciles. El gobierno de Juan Manzur est\u00e1 dispuesto a ayudar y acompa\u00f1ar a los que m\u00e1s\u00a0necesitan\u201d,manifest\u00f3, el vicegobernador,\u00a0<strong>Osvaldo Jaldo.<\/strong><\/p>\n<blockquote class=\"mom_quote \" readability=\"21\">\n<p><strong>Un sue\u00f1o concretado<\/strong><\/p>\n<p><strong>Celeste Cir<\/strong>, una vecina de la zona, fue una de las beneficiadas con una soluci\u00f3n habitacional, en la que vive junto a su marido. \u201cAntes no ten\u00edamos un lugar propio; hoy nuestra familia cuenta con un ba\u00f1o, cocina y dormitorio digno que nos cambi\u00f3 a la vida\u201d, cont\u00f3 la joven que acaba de recibirse de maestra jardinera.<\/p>\n<p>La familia de Celeste solo ten\u00eda un cuarto y no contaba con recursos para construir su casa. Al principio compart\u00edan con la familia de su esposo y, con la ayuda del\u00a0Frente Barrial y Social Costanera, pudo concretar el sue\u00f1o de la vivienda propia.\u201dDe no tener casi nada a contar con el m\u00f3dulo habitacional. Fue un gran adelanto para nosotros\u201d, expres\u00f3.<\/p>\n<\/blockquote>\n<p>El presidente del Concejo Deliberante, <strong>Armando Cortalezzi,<\/strong> precis\u00f3 que \u201ctrabajamos con la pol\u00edtica del Gobernador de estar en los lugares m\u00e1s vulnerables. En esta oportunidad hicimos las ampliaciones para que familias puedan vivir c\u00f3modamente y vamos a seguir en este rumbo\u201d.<\/p>\n<p>El cooperativista,<strong>\u00a0Juan Pablo Paz<\/strong>, coment\u00f3 que \u201cel cooperativismo siempre dio resultado; demostramos en situaci\u00f3n de crisis con el Gobierno Nacional que nuestras acciones y el\u00a0esfuerzo de los compa\u00f1eros dan resultados positivos a la sociedad. El Gobierno de Tucum\u00e1n nos tiene en cuenta: Trabajamos en conjunto en\u00a0beneficios de los distintos barrios\u201d.<\/p>\n<\/div>\n<\/div>\n<p>Fuente: http:\/\/comunicaciontucuman.gob.ar\/2018\/10\/solidaridad-y-desarrollo-barrial-se-viven-en-la-costanera-norte\/<\/p>\n","protected":false},"excerpt":{"rendered":"<p>El gobernador, Juan Manzur,\u00a0recorri\u00f3 el barrio Costanera Norte de la capital tucumana, donde el Estado construy\u00f3 soluciones habitacionales para los vecinos. Tareas que posibilitar\u00e1n que las familias puedan concretar el sue\u00f1o de una vivienda digna. Esto tiene que ver con la decisi\u00f3n pol\u00edtica del Gobierno de la provincia de que en momentos dif\u00edciles, como los [&hellip;]<\/p>\n","protected":false},"author":1,"featured_media":17841,"comment_status":"open","ping_status":"closed","sticky":false,"template":"","format":"standard","meta":{"footnotes":""},"categories":[3],"tags":[],"class_list":{"0":"post-17840","1":"post","2":"type-post","3":"status-publish","4":"format-standard","5":"has-post-thumbnail","7":"category-politica"},"yoast_head":"<!-- This site is optimized with the Yoast SEO plugin v27.5 - https:\/\/yoast.com\/product\/yoast-seo-wordpress\/ -->\n<title>Solidaridad y desarrollo barrial se viven en la Costanera Norte - El Diario de Tucuman<\/title>\n<meta name=\"robots\" content=\"index, follow, max-snippet:-1, max-image-preview:large, max-video-preview:-1\" \/>\n<link rel=\"canonical\" href=\"https:\/\/www.eldiariodetucuman.com\/web\/solidaridad-y-desarrollo-barrial-se-viven-en-la-costanera-norte\/\" \/>\n<meta property=\"og:locale\" content=\"es_ES\" \/>\n<meta property=\"og:type\" content=\"article\" \/>\n<meta property=\"og:title\" content=\"Solidaridad y desarrollo barrial se viven en la Costanera Norte - El Diario de Tucuman\" \/>\n<meta property=\"og:description\" content=\"El gobernador, Juan Manzur,\u00a0recorri\u00f3 el barrio Costanera Norte de la capital tucumana, donde el Estado construy\u00f3 soluciones habitacionales para los vecinos. Tareas que posibilitar\u00e1n que las familias puedan concretar el sue\u00f1o de una vivienda digna. Esto tiene que ver con la decisi\u00f3n pol\u00edtica del Gobierno de la provincia de que en momentos dif\u00edciles, como los [&hellip;]\" \/>\n<meta property=\"og:url\" content=\"https:\/\/www.eldiariodetucuman.com\/web\/solidaridad-y-desarrollo-barrial-se-viven-en-la-costanera-norte\/\" \/>\n<meta property=\"og:site_name\" content=\"El Diario de Tucuman\" \/>\n<meta property=\"article:published_time\" content=\"2018-10-10T03:08:19+00:00\" \/>\n<meta property=\"article:modified_time\" content=\"2018-10-10T03:08:20+00:00\" \/>\n<meta property=\"og:image\" content=\"https:\/\/www.eldiariodetucuman.com\/web\/wp-content\/uploads\/2018\/10\/752e6b6c619fd20a5d708cc6c7e42505.jpeg\" \/>\n\t<meta property=\"og:image:width\" content=\"300\" \/>\n\t<meta property=\"og:image:height\" content=\"166\" \/>\n\t<meta property=\"og:image:type\" content=\"image\/jpeg\" \/>\n<meta name=\"author\" content=\"admin\" \/>\n<meta name=\"twitter:card\" content=\"summary_large_image\" \/>\n<meta name=\"twitter:label1\" content=\"Escrito por\" \/>\n\t<meta name=\"twitter:data1\" content=\"admin\" \/>\n\t<meta name=\"twitter:label2\" content=\"Tiempo de lectura\" \/>\n\t<meta name=\"twitter:data2\" content=\"2 minutos\" \/>\n<script type=\"application\/ld+json\" class=\"yoast-schema-graph\">{\"@context\":\"https:\\\/\\\/schema.org\",\"@graph\":[{\"@type\":\"Article\",\"@id\":\"https:\\\/\\\/www.eldiariodetucuman.com\\\/web\\\/solidaridad-y-desarrollo-barrial-se-viven-en-la-costanera-norte\\\/#article\",\"isPartOf\":{\"@id\":\"https:\\\/\\\/www.eldiariodetucuman.com\\\/web\\\/solidaridad-y-desarrollo-barrial-se-viven-en-la-costanera-norte\\\/\"},\"author\":{\"name\":\"admin\",\"@id\":\"https:\\\/\\\/www.eldiariodetucuman.com\\\/web\\\/#\\\/schema\\\/person\\\/9250197d75ab5483412e19678b121caa\"},\"headline\":\"Solidaridad y desarrollo barrial se viven en la Costanera Norte\",\"datePublished\":\"2018-10-10T03:08:19+00:00\",\"dateModified\":\"2018-10-10T03:08:20+00:00\",\"mainEntityOfPage\":{\"@id\":\"https:\\\/\\\/www.eldiariodetucuman.com\\\/web\\\/solidaridad-y-desarrollo-barrial-se-viven-en-la-costanera-norte\\\/\"},\"wordCount\":499,\"commentCount\":0,\"publisher\":{\"@id\":\"https:\\\/\\\/www.eldiariodetucuman.com\\\/web\\\/#organization\"},\"image\":{\"@id\":\"https:\\\/\\\/www.eldiariodetucuman.com\\\/web\\\/solidaridad-y-desarrollo-barrial-se-viven-en-la-costanera-norte\\\/#primaryimage\"},\"thumbnailUrl\":\"https:\\\/\\\/www.eldiariodetucuman.com\\\/web\\\/wp-content\\\/uploads\\\/2018\\\/10\\\/752e6b6c619fd20a5d708cc6c7e42505.jpeg\",\"articleSection\":[\"Politica\"],\"inLanguage\":\"es\",\"potentialAction\":[{\"@type\":\"CommentAction\",\"name\":\"Comment\",\"target\":[\"https:\\\/\\\/www.eldiariodetucuman.com\\\/web\\\/solidaridad-y-desarrollo-barrial-se-viven-en-la-costanera-norte\\\/#respond\"]}]},{\"@type\":\"WebPage\",\"@id\":\"https:\\\/\\\/www.eldiariodetucuman.com\\\/web\\\/solidaridad-y-desarrollo-barrial-se-viven-en-la-costanera-norte\\\/\",\"url\":\"https:\\\/\\\/www.eldiariodetucuman.com\\\/web\\\/solidaridad-y-desarrollo-barrial-se-viven-en-la-costanera-norte\\\/\",\"name\":\"Solidaridad y desarrollo barrial se viven en la Costanera Norte - El Diario de Tucuman\",\"isPartOf\":{\"@id\":\"https:\\\/\\\/www.eldiariodetucuman.com\\\/web\\\/#website\"},\"primaryImageOfPage\":{\"@id\":\"https:\\\/\\\/www.eldiariodetucuman.com\\\/web\\\/solidaridad-y-desarrollo-barrial-se-viven-en-la-costanera-norte\\\/#primaryimage\"},\"image\":{\"@id\":\"https:\\\/\\\/www.eldiariodetucuman.com\\\/web\\\/solidaridad-y-desarrollo-barrial-se-viven-en-la-costanera-norte\\\/#primaryimage\"},\"thumbnailUrl\":\"https:\\\/\\\/www.eldiariodetucuman.com\\\/web\\\/wp-content\\\/uploads\\\/2018\\\/10\\\/752e6b6c619fd20a5d708cc6c7e42505.jpeg\",\"datePublished\":\"2018-10-10T03:08:19+00:00\",\"dateModified\":\"2018-10-10T03:08:20+00:00\",\"breadcrumb\":{\"@id\":\"https:\\\/\\\/www.eldiariodetucuman.com\\\/web\\\/solidaridad-y-desarrollo-barrial-se-viven-en-la-costanera-norte\\\/#breadcrumb\"},\"inLanguage\":\"es\",\"potentialAction\":[{\"@type\":\"ReadAction\",\"target\":[\"https:\\\/\\\/www.eldiariodetucuman.com\\\/web\\\/solidaridad-y-desarrollo-barrial-se-viven-en-la-costanera-norte\\\/\"]}]},{\"@type\":\"ImageObject\",\"inLanguage\":\"es\",\"@id\":\"https:\\\/\\\/www.eldiariodetucuman.com\\\/web\\\/solidaridad-y-desarrollo-barrial-se-viven-en-la-costanera-norte\\\/#primaryimage\",\"url\":\"https:\\\/\\\/www.eldiariodetucuman.com\\\/web\\\/wp-content\\\/uploads\\\/2018\\\/10\\\/752e6b6c619fd20a5d708cc6c7e42505.jpeg\",\"contentUrl\":\"https:\\\/\\\/www.eldiariodetucuman.com\\\/web\\\/wp-content\\\/uploads\\\/2018\\\/10\\\/752e6b6c619fd20a5d708cc6c7e42505.jpeg\",\"width\":300,\"height\":166},{\"@type\":\"BreadcrumbList\",\"@id\":\"https:\\\/\\\/www.eldiariodetucuman.com\\\/web\\\/solidaridad-y-desarrollo-barrial-se-viven-en-la-costanera-norte\\\/#breadcrumb\",\"itemListElement\":[{\"@type\":\"ListItem\",\"position\":1,\"name\":\"Portada\",\"item\":\"https:\\\/\\\/www.eldiariodetucuman.com\\\/web\\\/\"},{\"@type\":\"ListItem\",\"position\":2,\"name\":\"Solidaridad y desarrollo barrial se viven en la Costanera Norte\"}]},{\"@type\":\"WebSite\",\"@id\":\"https:\\\/\\\/www.eldiariodetucuman.com\\\/web\\\/#website\",\"url\":\"https:\\\/\\\/www.eldiariodetucuman.com\\\/web\\\/\",\"name\":\"El Diario de Tucuman\",\"description\":\"Diario Tucuman - Informaci\u00f3n y noticias\",\"publisher\":{\"@id\":\"https:\\\/\\\/www.eldiariodetucuman.com\\\/web\\\/#organization\"},\"potentialAction\":[{\"@type\":\"SearchAction\",\"target\":{\"@type\":\"EntryPoint\",\"urlTemplate\":\"https:\\\/\\\/www.eldiariodetucuman.com\\\/web\\\/?s={search_term_string}\"},\"query-input\":{\"@type\":\"PropertyValueSpecification\",\"valueRequired\":true,\"valueName\":\"search_term_string\"}}],\"inLanguage\":\"es\"},{\"@type\":\"Organization\",\"@id\":\"https:\\\/\\\/www.eldiariodetucuman.com\\\/web\\\/#organization\",\"name\":\"El Diario de Tucuman\",\"url\":\"https:\\\/\\\/www.eldiariodetucuman.com\\\/web\\\/\",\"logo\":{\"@type\":\"ImageObject\",\"inLanguage\":\"es\",\"@id\":\"https:\\\/\\\/www.eldiariodetucuman.com\\\/web\\\/#\\\/schema\\\/logo\\\/image\\\/\",\"url\":\"http:\\\/\\\/www.eldiariodetucuman.com\\\/web\\\/wp-content\\\/uploads\\\/2017\\\/12\\\/el-diario-de-tucuman.jpg\",\"contentUrl\":\"http:\\\/\\\/www.eldiariodetucuman.com\\\/web\\\/wp-content\\\/uploads\\\/2017\\\/12\\\/el-diario-de-tucuman.jpg\",\"width\":272,\"height\":92,\"caption\":\"El Diario de Tucuman\"},\"image\":{\"@id\":\"https:\\\/\\\/www.eldiariodetucuman.com\\\/web\\\/#\\\/schema\\\/logo\\\/image\\\/\"}},{\"@type\":\"Person\",\"@id\":\"https:\\\/\\\/www.eldiariodetucuman.com\\\/web\\\/#\\\/schema\\\/person\\\/9250197d75ab5483412e19678b121caa\",\"name\":\"admin\",\"image\":{\"@type\":\"ImageObject\",\"inLanguage\":\"es\",\"@id\":\"https:\\\/\\\/secure.gravatar.com\\\/avatar\\\/c44d117c2be811212c22cb481f6b8384b6873de103fbc49e7a03cc58d7dea4ac?s=96&d=mm&r=g\",\"url\":\"https:\\\/\\\/secure.gravatar.com\\\/avatar\\\/c44d117c2be811212c22cb481f6b8384b6873de103fbc49e7a03cc58d7dea4ac?s=96&d=mm&r=g\",\"contentUrl\":\"https:\\\/\\\/secure.gravatar.com\\\/avatar\\\/c44d117c2be811212c22cb481f6b8384b6873de103fbc49e7a03cc58d7dea4ac?s=96&d=mm&r=g\",\"caption\":\"admin\"},\"url\":\"https:\\\/\\\/www.eldiariodetucuman.com\\\/web\\\/author\\\/admin\\\/\"}]}<\/script>\n<!-- \/ Yoast SEO plugin. -->","yoast_head_json":{"title":"Solidaridad y desarrollo barrial se viven en la Costanera Norte - El Diario de Tucuman","robots":{"index":"index","follow":"follow","max-snippet":"max-snippet:-1","max-image-preview":"max-image-preview:large","max-video-preview":"max-video-preview:-1"},"canonical":"https:\/\/www.eldiariodetucuman.com\/web\/solidaridad-y-desarrollo-barrial-se-viven-en-la-costanera-norte\/","og_locale":"es_ES","og_type":"article","og_title":"Solidaridad y desarrollo barrial se viven en la Costanera Norte - El Diario de Tucuman","og_description":"El gobernador, Juan Manzur,\u00a0recorri\u00f3 el barrio Costanera Norte de la capital tucumana, donde el Estado construy\u00f3 soluciones habitacionales para los vecinos. Tareas que posibilitar\u00e1n que las familias puedan concretar el sue\u00f1o de una vivienda digna. Esto tiene que ver con la decisi\u00f3n pol\u00edtica del Gobierno de la provincia de que en momentos dif\u00edciles, como los [&hellip;]","og_url":"https:\/\/www.eldiariodetucuman.com\/web\/solidaridad-y-desarrollo-barrial-se-viven-en-la-costanera-norte\/","og_site_name":"El Diario de Tucuman","article_published_time":"2018-10-10T03:08:19+00:00","article_modified_time":"2018-10-10T03:08:20+00:00","og_image":[{"width":300,"height":166,"url":"https:\/\/www.eldiariodetucuman.com\/web\/wp-content\/uploads\/2018\/10\/752e6b6c619fd20a5d708cc6c7e42505.jpeg","type":"image\/jpeg"}],"author":"admin","twitter_card":"summary_large_image","twitter_misc":{"Escrito por":"admin","Tiempo de lectura":"2 minutos"},"schema":{"@context":"https:\/\/schema.org","@graph":[{"@type":"Article","@id":"https:\/\/www.eldiariodetucuman.com\/web\/solidaridad-y-desarrollo-barrial-se-viven-en-la-costanera-norte\/#article","isPartOf":{"@id":"https:\/\/www.eldiariodetucuman.com\/web\/solidaridad-y-desarrollo-barrial-se-viven-en-la-costanera-norte\/"},"author":{"name":"admin","@id":"https:\/\/www.eldiariodetucuman.com\/web\/#\/schema\/person\/9250197d75ab5483412e19678b121caa"},"headline":"Solidaridad y desarrollo barrial se viven en la Costanera Norte","datePublished":"2018-10-10T03:08:19+00:00","dateModified":"2018-10-10T03:08:20+00:00","mainEntityOfPage":{"@id":"https:\/\/www.eldiariodetucuman.com\/web\/solidaridad-y-desarrollo-barrial-se-viven-en-la-costanera-norte\/"},"wordCount":499,"commentCount":0,"publisher":{"@id":"https:\/\/www.eldiariodetucuman.com\/web\/#organization"},"image":{"@id":"https:\/\/www.eldiariodetucuman.com\/web\/solidaridad-y-desarrollo-barrial-se-viven-en-la-costanera-norte\/#primaryimage"},"thumbnailUrl":"https:\/\/www.eldiariodetucuman.com\/web\/wp-content\/uploads\/2018\/10\/752e6b6c619fd20a5d708cc6c7e42505.jpeg","articleSection":["Politica"],"inLanguage":"es","potentialAction":[{"@type":"CommentAction","name":"Comment","target":["https:\/\/www.eldiariodetucuman.com\/web\/solidaridad-y-desarrollo-barrial-se-viven-en-la-costanera-norte\/#respond"]}]},{"@type":"WebPage","@id":"https:\/\/www.eldiariodetucuman.com\/web\/solidaridad-y-desarrollo-barrial-se-viven-en-la-costanera-norte\/","url":"https:\/\/www.eldiariodetucuman.com\/web\/solidaridad-y-desarrollo-barrial-se-viven-en-la-costanera-norte\/","name":"Solidaridad y desarrollo barrial se viven en la Costanera Norte - El Diario de Tucuman","isPartOf":{"@id":"https:\/\/www.eldiariodetucuman.com\/web\/#website"},"primaryImageOfPage":{"@id":"https:\/\/www.eldiariodetucuman.com\/web\/solidaridad-y-desarrollo-barrial-se-viven-en-la-costanera-norte\/#primaryimage"},"image":{"@id":"https:\/\/www.eldiariodetucuman.com\/web\/solidaridad-y-desarrollo-barrial-se-viven-en-la-costanera-norte\/#primaryimage"},"thumbnailUrl":"https:\/\/www.eldiariodetucuman.com\/web\/wp-content\/uploads\/2018\/10\/752e6b6c619fd20a5d708cc6c7e42505.jpeg","datePublished":"2018-10-10T03:08:19+00:00","dateModified":"2018-10-10T03:08:20+00:00","breadcrumb":{"@id":"https:\/\/www.eldiariodetucuman.com\/web\/solidaridad-y-desarrollo-barrial-se-viven-en-la-costanera-norte\/#breadcrumb"},"inLanguage":"es","potentialAction":[{"@type":"ReadAction","target":["https:\/\/www.eldiariodetucuman.com\/web\/solidaridad-y-desarrollo-barrial-se-viven-en-la-costanera-norte\/"]}]},{"@type":"ImageObject","inLanguage":"es","@id":"https:\/\/www.eldiariodetucuman.com\/web\/solidaridad-y-desarrollo-barrial-se-viven-en-la-costanera-norte\/#primaryimage","url":"https:\/\/www.eldiariodetucuman.com\/web\/wp-content\/uploads\/2018\/10\/752e6b6c619fd20a5d708cc6c7e42505.jpeg","contentUrl":"https:\/\/www.eldiariodetucuman.com\/web\/wp-content\/uploads\/2018\/10\/752e6b6c619fd20a5d708cc6c7e42505.jpeg","width":300,"height":166},{"@type":"BreadcrumbList","@id":"https:\/\/www.eldiariodetucuman.com\/web\/solidaridad-y-desarrollo-barrial-se-viven-en-la-costanera-norte\/#breadcrumb","itemListElement":[{"@type":"ListItem","position":1,"name":"Portada","item":"https:\/\/www.eldiariodetucuman.com\/web\/"},{"@type":"ListItem","position":2,"name":"Solidaridad y desarrollo barrial se viven en la Costanera Norte"}]},{"@type":"WebSite","@id":"https:\/\/www.eldiariodetucuman.com\/web\/#website","url":"https:\/\/www.eldiariodetucuman.com\/web\/","name":"El Diario de Tucuman","description":"Diario Tucuman - Informaci\u00f3n y noticias","publisher":{"@id":"https:\/\/www.eldiariodetucuman.com\/web\/#organization"},"potentialAction":[{"@type":"SearchAction","target":{"@type":"EntryPoint","urlTemplate":"https:\/\/www.eldiariodetucuman.com\/web\/?s={search_term_string}"},"query-input":{"@type":"PropertyValueSpecification","valueRequired":true,"valueName":"search_term_string"}}],"inLanguage":"es"},{"@type":"Organization","@id":"https:\/\/www.eldiariodetucuman.com\/web\/#organization","name":"El Diario de Tucuman","url":"https:\/\/www.eldiariodetucuman.com\/web\/","logo":{"@type":"ImageObject","inLanguage":"es","@id":"https:\/\/www.eldiariodetucuman.com\/web\/#\/schema\/logo\/image\/","url":"http:\/\/www.eldiariodetucuman.com\/web\/wp-content\/uploads\/2017\/12\/el-diario-de-tucuman.jpg","contentUrl":"http:\/\/www.eldiariodetucuman.com\/web\/wp-content\/uploads\/2017\/12\/el-diario-de-tucuman.jpg","width":272,"height":92,"caption":"El Diario de Tucuman"},"image":{"@id":"https:\/\/www.eldiariodetucuman.com\/web\/#\/schema\/logo\/image\/"}},{"@type":"Person","@id":"https:\/\/www.eldiariodetucuman.com\/web\/#\/schema\/person\/9250197d75ab5483412e19678b121caa","name":"admin","image":{"@type":"ImageObject","inLanguage":"es","@id":"https:\/\/secure.gravatar.com\/avatar\/c44d117c2be811212c22cb481f6b8384b6873de103fbc49e7a03cc58d7dea4ac?s=96&d=mm&r=g","url":"https:\/\/secure.gravatar.com\/avatar\/c44d117c2be811212c22cb481f6b8384b6873de103fbc49e7a03cc58d7dea4ac?s=96&d=mm&r=g","contentUrl":"https:\/\/secure.gravatar.com\/avatar\/c44d117c2be811212c22cb481f6b8384b6873de103fbc49e7a03cc58d7dea4ac?s=96&d=mm&r=g","caption":"admin"},"url":"https:\/\/www.eldiariodetucuman.com\/web\/author\/admin\/"}]}},"_links":{"self":[{"href":"https:\/\/www.eldiariodetucuman.com\/web\/wp-json\/wp\/v2\/posts\/17840","targetHints":{"allow":["GET"]}}],"collection":[{"href":"https:\/\/www.eldiariodetucuman.com\/web\/wp-json\/wp\/v2\/posts"}],"about":[{"href":"https:\/\/www.eldiariodetucuman.com\/web\/wp-json\/wp\/v2\/types\/post"}],"author":[{"embeddable":true,"href":"https:\/\/www.eldiariodetucuman.com\/web\/wp-json\/wp\/v2\/users\/1"}],"replies":[{"embeddable":true,"href":"https:\/\/www.eldiariodetucuman.com\/web\/wp-json\/wp\/v2\/comments?post=17840"}],"version-history":[{"count":1,"href":"https:\/\/www.eldiariodetucuman.com\/web\/wp-json\/wp\/v2\/posts\/17840\/revisions"}],"predecessor-version":[{"id":17842,"href":"https:\/\/www.eldiariodetucuman.com\/web\/wp-json\/wp\/v2\/posts\/17840\/revisions\/17842"}],"wp:featuredmedia":[{"embeddable":true,"href":"https:\/\/www.eldiariodetucuman.com\/web\/wp-json\/wp\/v2\/media\/17841"}],"wp:attachment":[{"href":"https:\/\/www.eldiariodetucuman.com\/web\/wp-json\/wp\/v2\/media?parent=17840"}],"wp:term":[{"taxonomy":"category","embeddable":true,"href":"https:\/\/www.eldiariodetucuman.com\/web\/wp-json\/wp\/v2\/categories?post=17840"},{"taxonomy":"post_tag","embeddable":true,"href":"https:\/\/www.eldiariodetucuman.com\/web\/wp-json\/wp\/v2\/tags?post=17840"}],"curies":[{"name":"wp","href":"https:\/\/api.w.org\/{rel}","templated":true}]}}