{"id":17837,"date":"2018-10-10T00:08:06","date_gmt":"2018-10-10T03:08:06","guid":{"rendered":"http:\/\/www.eldiariodetucuman.com\/web\/extra-en-el-gas-manzur-pidio-esperar-la-decision-judicial\/"},"modified":"2018-10-10T00:08:08","modified_gmt":"2018-10-10T03:08:08","slug":"extra-en-el-gas-manzur-pidio-esperar-la-decision-judicial","status":"publish","type":"post","link":"https:\/\/www.eldiariodetucuman.com\/web\/extra-en-el-gas-manzur-pidio-esperar-la-decision-judicial\/","title":{"rendered":"Extra en el gas: Manzur pidi\u00f3 esperar la decisi\u00f3n judicial"},"content":{"rendered":"<div>\n<div readability=\"75.790975609756\">\n<p>El gobernador, <strong>Juan Manzur<\/strong>, expres\u00f3 las dificultades de la gente para afrontar nuevos incrementos en los servicios y pidi\u00f3 esperar la decisi\u00f3n de la Justicia <strong>respecto al cobro de un monto extra<\/strong>, dispuesto por el Gobierno nacional, por parte de las distribuidoras de gas.<\/p>\n<blockquote readability=\"10\">\n<p>Ya hay varias presentaciones, acciones judiciales y los defensores del pueblo est\u00e1n actuando. Pero hay que esperar un poco, porque lo que est\u00e1n haciendo (las empresas de gas) es cobrarle para atr\u00e1s a la gente\u201d, explic\u00f3 el Primer Mandatario sobre la medida.<\/p>\n<\/blockquote>\n<p>La <strong><a href=\"https:\/\/www.boletinoficial.gob.ar\/#!DetalleNormaBusquedaAvanzada\/193315\/20181005\" target=\"_blank\">resoluci\u00f3n 20\/2018<\/a><\/strong>\u00a0de la Secretar\u00eda de Energ\u00eda de la Naci\u00f3n establece que las empresas de gas cobren a los usuarios un monto extra, en 24 cuotas, para compensar a las productoras por las diferencias en los incrementos del d\u00f3lar entre abril y septiembre de este a\u00f1o. La medida comenzar\u00e1 a regir el 1 de enero de 2019.<\/p>\n<p>\u201cEsperemos un poco\u201d, pidi\u00f3 Manzur y asegur\u00f3: \u201ces rara pero hay que ver la legalidad de la norma. La gente no puede seguir pagando m\u00e1s aumentos: ya aumentaron la luz, la garrafa, el gas y ahora vuelven incrementar los combustibles. Si suben eso vuelve a aumentar todo\u201d.<\/p>\n<p>El Gobernador insisti\u00f3 en que \u201cla gente no tiene m\u00e1s plata para seguir pagando; por eso hay que tener cuidado y ver qu\u00e9 decide la Justicia. Son momentos en los que hay que tener mucha prudencia, serenidad y parar con los aumentos porque la gente ya no tiene dinero\u201d, asever\u00f3.<\/p>\n<p><strong>Medida \u201cfuera de lugar\u201d<br \/><\/strong><\/p>\n<p>El presidente del Concejo Deliberante de San Miguel de Tucum\u00e1n, <strong>Armando Cortalezzi<\/strong>, adelant\u00f3 que habr\u00e1 una sesi\u00f3n extraordinaria del cuerpo \u201cpara repudiar este aumento retroactivo, porque creemos que este cobro del 24% est\u00e1 fuera de la ley y que a la sociedad tucumana no se la puede recargar m\u00e1s de aumentos porque no tiene para comer y est\u00e1 optando entre pagar los servicios y comer\u201d.<\/p>\n<p>El funcionario consider\u00f3 que \u201cla medida del Gobierno nacional est\u00e1 fuera del lugar. Por eso, esperamos que los concejales acompa\u00f1en la medida para que a los tucumanos no les llegue este aumento\u201d.<\/p>\n<\/div>\n<\/div>\n<p>Fuente: http:\/\/comunicaciontucuman.gob.ar\/2018\/10\/extra-en-el-gas-manzur-pidio-esperar-la-decision-de-la-justicia\/<\/p>\n","protected":false},"excerpt":{"rendered":"<p>El gobernador, Juan Manzur, expres\u00f3 las dificultades de la gente para afrontar nuevos incrementos en los servicios y pidi\u00f3 esperar la decisi\u00f3n de la Justicia respecto al cobro de un monto extra, dispuesto por el Gobierno nacional, por parte de las distribuidoras de gas. Ya hay varias presentaciones, acciones judiciales y los defensores del pueblo [&hellip;]<\/p>\n","protected":false},"author":1,"featured_media":17838,"comment_status":"open","ping_status":"closed","sticky":false,"template":"","format":"standard","meta":{"footnotes":""},"categories":[3],"tags":[],"class_list":{"0":"post-17837","1":"post","2":"type-post","3":"status-publish","4":"format-standard","5":"has-post-thumbnail","7":"category-politica"},"yoast_head":"<!-- This site is optimized with the Yoast SEO plugin v27.5 - https:\/\/yoast.com\/product\/yoast-seo-wordpress\/ -->\n<title>Extra en el gas: Manzur pidi\u00f3 esperar la decisi\u00f3n judicial - El Diario de Tucuman<\/title>\n<meta name=\"robots\" content=\"index, follow, max-snippet:-1, max-image-preview:large, max-video-preview:-1\" \/>\n<link rel=\"canonical\" href=\"https:\/\/www.eldiariodetucuman.com\/web\/extra-en-el-gas-manzur-pidio-esperar-la-decision-judicial\/\" \/>\n<meta property=\"og:locale\" content=\"es_ES\" \/>\n<meta property=\"og:type\" content=\"article\" \/>\n<meta property=\"og:title\" content=\"Extra en el gas: Manzur pidi\u00f3 esperar la decisi\u00f3n judicial - El Diario de Tucuman\" \/>\n<meta property=\"og:description\" content=\"El gobernador, Juan Manzur, expres\u00f3 las dificultades de la gente para afrontar nuevos incrementos en los servicios y pidi\u00f3 esperar la decisi\u00f3n de la Justicia respecto al cobro de un monto extra, dispuesto por el Gobierno nacional, por parte de las distribuidoras de gas. Ya hay varias presentaciones, acciones judiciales y los defensores del pueblo [&hellip;]\" \/>\n<meta property=\"og:url\" content=\"https:\/\/www.eldiariodetucuman.com\/web\/extra-en-el-gas-manzur-pidio-esperar-la-decision-judicial\/\" \/>\n<meta property=\"og:site_name\" content=\"El Diario de Tucuman\" \/>\n<meta property=\"article:published_time\" content=\"2018-10-10T03:08:06+00:00\" \/>\n<meta property=\"article:modified_time\" content=\"2018-10-10T03:08:08+00:00\" \/>\n<meta property=\"og:image\" content=\"https:\/\/www.eldiariodetucuman.com\/web\/wp-content\/uploads\/2018\/10\/2c15b90a5d893351fc2ab0036c86f899.jpeg\" \/>\n\t<meta property=\"og:image:width\" content=\"300\" \/>\n\t<meta property=\"og:image:height\" content=\"166\" \/>\n\t<meta property=\"og:image:type\" content=\"image\/jpeg\" \/>\n<meta name=\"author\" content=\"admin\" \/>\n<meta name=\"twitter:card\" content=\"summary_large_image\" \/>\n<meta name=\"twitter:label1\" content=\"Escrito por\" \/>\n\t<meta name=\"twitter:data1\" content=\"admin\" \/>\n\t<meta name=\"twitter:label2\" content=\"Tiempo de lectura\" \/>\n\t<meta name=\"twitter:data2\" content=\"2 minutos\" \/>\n<script type=\"application\/ld+json\" class=\"yoast-schema-graph\">{\"@context\":\"https:\\\/\\\/schema.org\",\"@graph\":[{\"@type\":\"Article\",\"@id\":\"https:\\\/\\\/www.eldiariodetucuman.com\\\/web\\\/extra-en-el-gas-manzur-pidio-esperar-la-decision-judicial\\\/#article\",\"isPartOf\":{\"@id\":\"https:\\\/\\\/www.eldiariodetucuman.com\\\/web\\\/extra-en-el-gas-manzur-pidio-esperar-la-decision-judicial\\\/\"},\"author\":{\"name\":\"admin\",\"@id\":\"https:\\\/\\\/www.eldiariodetucuman.com\\\/web\\\/#\\\/schema\\\/person\\\/9250197d75ab5483412e19678b121caa\"},\"headline\":\"Extra en el gas: Manzur pidi\u00f3 esperar la decisi\u00f3n judicial\",\"datePublished\":\"2018-10-10T03:08:06+00:00\",\"dateModified\":\"2018-10-10T03:08:08+00:00\",\"mainEntityOfPage\":{\"@id\":\"https:\\\/\\\/www.eldiariodetucuman.com\\\/web\\\/extra-en-el-gas-manzur-pidio-esperar-la-decision-judicial\\\/\"},\"wordCount\":370,\"commentCount\":0,\"publisher\":{\"@id\":\"https:\\\/\\\/www.eldiariodetucuman.com\\\/web\\\/#organization\"},\"image\":{\"@id\":\"https:\\\/\\\/www.eldiariodetucuman.com\\\/web\\\/extra-en-el-gas-manzur-pidio-esperar-la-decision-judicial\\\/#primaryimage\"},\"thumbnailUrl\":\"https:\\\/\\\/www.eldiariodetucuman.com\\\/web\\\/wp-content\\\/uploads\\\/2018\\\/10\\\/2c15b90a5d893351fc2ab0036c86f899.jpeg\",\"articleSection\":[\"Politica\"],\"inLanguage\":\"es\",\"potentialAction\":[{\"@type\":\"CommentAction\",\"name\":\"Comment\",\"target\":[\"https:\\\/\\\/www.eldiariodetucuman.com\\\/web\\\/extra-en-el-gas-manzur-pidio-esperar-la-decision-judicial\\\/#respond\"]}]},{\"@type\":\"WebPage\",\"@id\":\"https:\\\/\\\/www.eldiariodetucuman.com\\\/web\\\/extra-en-el-gas-manzur-pidio-esperar-la-decision-judicial\\\/\",\"url\":\"https:\\\/\\\/www.eldiariodetucuman.com\\\/web\\\/extra-en-el-gas-manzur-pidio-esperar-la-decision-judicial\\\/\",\"name\":\"Extra en el gas: Manzur pidi\u00f3 esperar la decisi\u00f3n judicial - El Diario de Tucuman\",\"isPartOf\":{\"@id\":\"https:\\\/\\\/www.eldiariodetucuman.com\\\/web\\\/#website\"},\"primaryImageOfPage\":{\"@id\":\"https:\\\/\\\/www.eldiariodetucuman.com\\\/web\\\/extra-en-el-gas-manzur-pidio-esperar-la-decision-judicial\\\/#primaryimage\"},\"image\":{\"@id\":\"https:\\\/\\\/www.eldiariodetucuman.com\\\/web\\\/extra-en-el-gas-manzur-pidio-esperar-la-decision-judicial\\\/#primaryimage\"},\"thumbnailUrl\":\"https:\\\/\\\/www.eldiariodetucuman.com\\\/web\\\/wp-content\\\/uploads\\\/2018\\\/10\\\/2c15b90a5d893351fc2ab0036c86f899.jpeg\",\"datePublished\":\"2018-10-10T03:08:06+00:00\",\"dateModified\":\"2018-10-10T03:08:08+00:00\",\"breadcrumb\":{\"@id\":\"https:\\\/\\\/www.eldiariodetucuman.com\\\/web\\\/extra-en-el-gas-manzur-pidio-esperar-la-decision-judicial\\\/#breadcrumb\"},\"inLanguage\":\"es\",\"potentialAction\":[{\"@type\":\"ReadAction\",\"target\":[\"https:\\\/\\\/www.eldiariodetucuman.com\\\/web\\\/extra-en-el-gas-manzur-pidio-esperar-la-decision-judicial\\\/\"]}]},{\"@type\":\"ImageObject\",\"inLanguage\":\"es\",\"@id\":\"https:\\\/\\\/www.eldiariodetucuman.com\\\/web\\\/extra-en-el-gas-manzur-pidio-esperar-la-decision-judicial\\\/#primaryimage\",\"url\":\"https:\\\/\\\/www.eldiariodetucuman.com\\\/web\\\/wp-content\\\/uploads\\\/2018\\\/10\\\/2c15b90a5d893351fc2ab0036c86f899.jpeg\",\"contentUrl\":\"https:\\\/\\\/www.eldiariodetucuman.com\\\/web\\\/wp-content\\\/uploads\\\/2018\\\/10\\\/2c15b90a5d893351fc2ab0036c86f899.jpeg\",\"width\":300,\"height\":166},{\"@type\":\"BreadcrumbList\",\"@id\":\"https:\\\/\\\/www.eldiariodetucuman.com\\\/web\\\/extra-en-el-gas-manzur-pidio-esperar-la-decision-judicial\\\/#breadcrumb\",\"itemListElement\":[{\"@type\":\"ListItem\",\"position\":1,\"name\":\"Portada\",\"item\":\"https:\\\/\\\/www.eldiariodetucuman.com\\\/web\\\/\"},{\"@type\":\"ListItem\",\"position\":2,\"name\":\"Extra en el gas: Manzur pidi\u00f3 esperar la decisi\u00f3n judicial\"}]},{\"@type\":\"WebSite\",\"@id\":\"https:\\\/\\\/www.eldiariodetucuman.com\\\/web\\\/#website\",\"url\":\"https:\\\/\\\/www.eldiariodetucuman.com\\\/web\\\/\",\"name\":\"El Diario de Tucuman\",\"description\":\"Diario Tucuman - Informaci\u00f3n y noticias\",\"publisher\":{\"@id\":\"https:\\\/\\\/www.eldiariodetucuman.com\\\/web\\\/#organization\"},\"potentialAction\":[{\"@type\":\"SearchAction\",\"target\":{\"@type\":\"EntryPoint\",\"urlTemplate\":\"https:\\\/\\\/www.eldiariodetucuman.com\\\/web\\\/?s={search_term_string}\"},\"query-input\":{\"@type\":\"PropertyValueSpecification\",\"valueRequired\":true,\"valueName\":\"search_term_string\"}}],\"inLanguage\":\"es\"},{\"@type\":\"Organization\",\"@id\":\"https:\\\/\\\/www.eldiariodetucuman.com\\\/web\\\/#organization\",\"name\":\"El Diario de Tucuman\",\"url\":\"https:\\\/\\\/www.eldiariodetucuman.com\\\/web\\\/\",\"logo\":{\"@type\":\"ImageObject\",\"inLanguage\":\"es\",\"@id\":\"https:\\\/\\\/www.eldiariodetucuman.com\\\/web\\\/#\\\/schema\\\/logo\\\/image\\\/\",\"url\":\"http:\\\/\\\/www.eldiariodetucuman.com\\\/web\\\/wp-content\\\/uploads\\\/2017\\\/12\\\/el-diario-de-tucuman.jpg\",\"contentUrl\":\"http:\\\/\\\/www.eldiariodetucuman.com\\\/web\\\/wp-content\\\/uploads\\\/2017\\\/12\\\/el-diario-de-tucuman.jpg\",\"width\":272,\"height\":92,\"caption\":\"El Diario de Tucuman\"},\"image\":{\"@id\":\"https:\\\/\\\/www.eldiariodetucuman.com\\\/web\\\/#\\\/schema\\\/logo\\\/image\\\/\"}},{\"@type\":\"Person\",\"@id\":\"https:\\\/\\\/www.eldiariodetucuman.com\\\/web\\\/#\\\/schema\\\/person\\\/9250197d75ab5483412e19678b121caa\",\"name\":\"admin\",\"image\":{\"@type\":\"ImageObject\",\"inLanguage\":\"es\",\"@id\":\"https:\\\/\\\/secure.gravatar.com\\\/avatar\\\/c44d117c2be811212c22cb481f6b8384b6873de103fbc49e7a03cc58d7dea4ac?s=96&d=mm&r=g\",\"url\":\"https:\\\/\\\/secure.gravatar.com\\\/avatar\\\/c44d117c2be811212c22cb481f6b8384b6873de103fbc49e7a03cc58d7dea4ac?s=96&d=mm&r=g\",\"contentUrl\":\"https:\\\/\\\/secure.gravatar.com\\\/avatar\\\/c44d117c2be811212c22cb481f6b8384b6873de103fbc49e7a03cc58d7dea4ac?s=96&d=mm&r=g\",\"caption\":\"admin\"},\"url\":\"https:\\\/\\\/www.eldiariodetucuman.com\\\/web\\\/author\\\/admin\\\/\"}]}<\/script>\n<!-- \/ Yoast SEO plugin. -->","yoast_head_json":{"title":"Extra en el gas: Manzur pidi\u00f3 esperar la decisi\u00f3n judicial - El Diario de Tucuman","robots":{"index":"index","follow":"follow","max-snippet":"max-snippet:-1","max-image-preview":"max-image-preview:large","max-video-preview":"max-video-preview:-1"},"canonical":"https:\/\/www.eldiariodetucuman.com\/web\/extra-en-el-gas-manzur-pidio-esperar-la-decision-judicial\/","og_locale":"es_ES","og_type":"article","og_title":"Extra en el gas: Manzur pidi\u00f3 esperar la decisi\u00f3n judicial - El Diario de Tucuman","og_description":"El gobernador, Juan Manzur, expres\u00f3 las dificultades de la gente para afrontar nuevos incrementos en los servicios y pidi\u00f3 esperar la decisi\u00f3n de la Justicia respecto al cobro de un monto extra, dispuesto por el Gobierno nacional, por parte de las distribuidoras de gas. Ya hay varias presentaciones, acciones judiciales y los defensores del pueblo [&hellip;]","og_url":"https:\/\/www.eldiariodetucuman.com\/web\/extra-en-el-gas-manzur-pidio-esperar-la-decision-judicial\/","og_site_name":"El Diario de Tucuman","article_published_time":"2018-10-10T03:08:06+00:00","article_modified_time":"2018-10-10T03:08:08+00:00","og_image":[{"width":300,"height":166,"url":"https:\/\/www.eldiariodetucuman.com\/web\/wp-content\/uploads\/2018\/10\/2c15b90a5d893351fc2ab0036c86f899.jpeg","type":"image\/jpeg"}],"author":"admin","twitter_card":"summary_large_image","twitter_misc":{"Escrito por":"admin","Tiempo de lectura":"2 minutos"},"schema":{"@context":"https:\/\/schema.org","@graph":[{"@type":"Article","@id":"https:\/\/www.eldiariodetucuman.com\/web\/extra-en-el-gas-manzur-pidio-esperar-la-decision-judicial\/#article","isPartOf":{"@id":"https:\/\/www.eldiariodetucuman.com\/web\/extra-en-el-gas-manzur-pidio-esperar-la-decision-judicial\/"},"author":{"name":"admin","@id":"https:\/\/www.eldiariodetucuman.com\/web\/#\/schema\/person\/9250197d75ab5483412e19678b121caa"},"headline":"Extra en el gas: Manzur pidi\u00f3 esperar la decisi\u00f3n judicial","datePublished":"2018-10-10T03:08:06+00:00","dateModified":"2018-10-10T03:08:08+00:00","mainEntityOfPage":{"@id":"https:\/\/www.eldiariodetucuman.com\/web\/extra-en-el-gas-manzur-pidio-esperar-la-decision-judicial\/"},"wordCount":370,"commentCount":0,"publisher":{"@id":"https:\/\/www.eldiariodetucuman.com\/web\/#organization"},"image":{"@id":"https:\/\/www.eldiariodetucuman.com\/web\/extra-en-el-gas-manzur-pidio-esperar-la-decision-judicial\/#primaryimage"},"thumbnailUrl":"https:\/\/www.eldiariodetucuman.com\/web\/wp-content\/uploads\/2018\/10\/2c15b90a5d893351fc2ab0036c86f899.jpeg","articleSection":["Politica"],"inLanguage":"es","potentialAction":[{"@type":"CommentAction","name":"Comment","target":["https:\/\/www.eldiariodetucuman.com\/web\/extra-en-el-gas-manzur-pidio-esperar-la-decision-judicial\/#respond"]}]},{"@type":"WebPage","@id":"https:\/\/www.eldiariodetucuman.com\/web\/extra-en-el-gas-manzur-pidio-esperar-la-decision-judicial\/","url":"https:\/\/www.eldiariodetucuman.com\/web\/extra-en-el-gas-manzur-pidio-esperar-la-decision-judicial\/","name":"Extra en el gas: Manzur pidi\u00f3 esperar la decisi\u00f3n judicial - El Diario de Tucuman","isPartOf":{"@id":"https:\/\/www.eldiariodetucuman.com\/web\/#website"},"primaryImageOfPage":{"@id":"https:\/\/www.eldiariodetucuman.com\/web\/extra-en-el-gas-manzur-pidio-esperar-la-decision-judicial\/#primaryimage"},"image":{"@id":"https:\/\/www.eldiariodetucuman.com\/web\/extra-en-el-gas-manzur-pidio-esperar-la-decision-judicial\/#primaryimage"},"thumbnailUrl":"https:\/\/www.eldiariodetucuman.com\/web\/wp-content\/uploads\/2018\/10\/2c15b90a5d893351fc2ab0036c86f899.jpeg","datePublished":"2018-10-10T03:08:06+00:00","dateModified":"2018-10-10T03:08:08+00:00","breadcrumb":{"@id":"https:\/\/www.eldiariodetucuman.com\/web\/extra-en-el-gas-manzur-pidio-esperar-la-decision-judicial\/#breadcrumb"},"inLanguage":"es","potentialAction":[{"@type":"ReadAction","target":["https:\/\/www.eldiariodetucuman.com\/web\/extra-en-el-gas-manzur-pidio-esperar-la-decision-judicial\/"]}]},{"@type":"ImageObject","inLanguage":"es","@id":"https:\/\/www.eldiariodetucuman.com\/web\/extra-en-el-gas-manzur-pidio-esperar-la-decision-judicial\/#primaryimage","url":"https:\/\/www.eldiariodetucuman.com\/web\/wp-content\/uploads\/2018\/10\/2c15b90a5d893351fc2ab0036c86f899.jpeg","contentUrl":"https:\/\/www.eldiariodetucuman.com\/web\/wp-content\/uploads\/2018\/10\/2c15b90a5d893351fc2ab0036c86f899.jpeg","width":300,"height":166},{"@type":"BreadcrumbList","@id":"https:\/\/www.eldiariodetucuman.com\/web\/extra-en-el-gas-manzur-pidio-esperar-la-decision-judicial\/#breadcrumb","itemListElement":[{"@type":"ListItem","position":1,"name":"Portada","item":"https:\/\/www.eldiariodetucuman.com\/web\/"},{"@type":"ListItem","position":2,"name":"Extra en el gas: Manzur pidi\u00f3 esperar la decisi\u00f3n judicial"}]},{"@type":"WebSite","@id":"https:\/\/www.eldiariodetucuman.com\/web\/#website","url":"https:\/\/www.eldiariodetucuman.com\/web\/","name":"El Diario de Tucuman","description":"Diario Tucuman - Informaci\u00f3n y noticias","publisher":{"@id":"https:\/\/www.eldiariodetucuman.com\/web\/#organization"},"potentialAction":[{"@type":"SearchAction","target":{"@type":"EntryPoint","urlTemplate":"https:\/\/www.eldiariodetucuman.com\/web\/?s={search_term_string}"},"query-input":{"@type":"PropertyValueSpecification","valueRequired":true,"valueName":"search_term_string"}}],"inLanguage":"es"},{"@type":"Organization","@id":"https:\/\/www.eldiariodetucuman.com\/web\/#organization","name":"El Diario de Tucuman","url":"https:\/\/www.eldiariodetucuman.com\/web\/","logo":{"@type":"ImageObject","inLanguage":"es","@id":"https:\/\/www.eldiariodetucuman.com\/web\/#\/schema\/logo\/image\/","url":"http:\/\/www.eldiariodetucuman.com\/web\/wp-content\/uploads\/2017\/12\/el-diario-de-tucuman.jpg","contentUrl":"http:\/\/www.eldiariodetucuman.com\/web\/wp-content\/uploads\/2017\/12\/el-diario-de-tucuman.jpg","width":272,"height":92,"caption":"El Diario de Tucuman"},"image":{"@id":"https:\/\/www.eldiariodetucuman.com\/web\/#\/schema\/logo\/image\/"}},{"@type":"Person","@id":"https:\/\/www.eldiariodetucuman.com\/web\/#\/schema\/person\/9250197d75ab5483412e19678b121caa","name":"admin","image":{"@type":"ImageObject","inLanguage":"es","@id":"https:\/\/secure.gravatar.com\/avatar\/c44d117c2be811212c22cb481f6b8384b6873de103fbc49e7a03cc58d7dea4ac?s=96&d=mm&r=g","url":"https:\/\/secure.gravatar.com\/avatar\/c44d117c2be811212c22cb481f6b8384b6873de103fbc49e7a03cc58d7dea4ac?s=96&d=mm&r=g","contentUrl":"https:\/\/secure.gravatar.com\/avatar\/c44d117c2be811212c22cb481f6b8384b6873de103fbc49e7a03cc58d7dea4ac?s=96&d=mm&r=g","caption":"admin"},"url":"https:\/\/www.eldiariodetucuman.com\/web\/author\/admin\/"}]}},"_links":{"self":[{"href":"https:\/\/www.eldiariodetucuman.com\/web\/wp-json\/wp\/v2\/posts\/17837","targetHints":{"allow":["GET"]}}],"collection":[{"href":"https:\/\/www.eldiariodetucuman.com\/web\/wp-json\/wp\/v2\/posts"}],"about":[{"href":"https:\/\/www.eldiariodetucuman.com\/web\/wp-json\/wp\/v2\/types\/post"}],"author":[{"embeddable":true,"href":"https:\/\/www.eldiariodetucuman.com\/web\/wp-json\/wp\/v2\/users\/1"}],"replies":[{"embeddable":true,"href":"https:\/\/www.eldiariodetucuman.com\/web\/wp-json\/wp\/v2\/comments?post=17837"}],"version-history":[{"count":1,"href":"https:\/\/www.eldiariodetucuman.com\/web\/wp-json\/wp\/v2\/posts\/17837\/revisions"}],"predecessor-version":[{"id":17839,"href":"https:\/\/www.eldiariodetucuman.com\/web\/wp-json\/wp\/v2\/posts\/17837\/revisions\/17839"}],"wp:featuredmedia":[{"embeddable":true,"href":"https:\/\/www.eldiariodetucuman.com\/web\/wp-json\/wp\/v2\/media\/17838"}],"wp:attachment":[{"href":"https:\/\/www.eldiariodetucuman.com\/web\/wp-json\/wp\/v2\/media?parent=17837"}],"wp:term":[{"taxonomy":"category","embeddable":true,"href":"https:\/\/www.eldiariodetucuman.com\/web\/wp-json\/wp\/v2\/categories?post=17837"},{"taxonomy":"post_tag","embeddable":true,"href":"https:\/\/www.eldiariodetucuman.com\/web\/wp-json\/wp\/v2\/tags?post=17837"}],"curies":[{"name":"wp","href":"https:\/\/api.w.org\/{rel}","templated":true}]}}