{"id":17834,"date":"2018-10-10T00:07:47","date_gmt":"2018-10-10T03:07:47","guid":{"rendered":"http:\/\/www.eldiariodetucuman.com\/web\/la-provincia-reunio-fondos-para-el-pago-de-la-clausula-gatillo\/"},"modified":"2018-10-10T00:07:49","modified_gmt":"2018-10-10T03:07:49","slug":"la-provincia-reunio-fondos-para-el-pago-de-la-clausula-gatillo","status":"publish","type":"post","link":"https:\/\/www.eldiariodetucuman.com\/web\/la-provincia-reunio-fondos-para-el-pago-de-la-clausula-gatillo\/","title":{"rendered":"La Provincia reuni\u00f3 fondos para el pago de la cl\u00e1usula gatillo"},"content":{"rendered":"<div>\n<div readability=\"47.5\">\n<p>Durante una visita al barrio Costanera Norte, el gobernador, <strong>Juan Manzur<\/strong>, confirm\u00f3 que el Gobierno de Tucum\u00e1n cumplir\u00e1 con el pago de la cl\u00e1usula gatillo correspondiente al sueldo de septiembre de los trabajadores estatales.<\/p>\n<p>\u201cEs una decisi\u00f3n que tomamos. Ya tenemos la plata. Vamos a ir para adelante con este compromiso que asumimos a principios de a\u00f1o\u201d, dijo Manzur.<\/p>\n<blockquote class=\"mom_quote \" readability=\"16\">\n<p>El Mandatario record\u00f3 que Naci\u00f3n dec\u00eda que la inflaci\u00f3n iba a ser de un 15 %, pero que el Gobierno provincial acord\u00f3 a comienzos de a\u00f1o un 17 % con los gremios. \u201cAcordamos con los trabajadores que si la inflaci\u00f3n era mayor, \u00edbamos a ver de d\u00f3nde sacar el dinero para pagar la cl\u00e1usula gatillo\u201d, se\u00f1al\u00f3.<\/p>\n<p>Seg\u00fan pron\u00f3sticos generales, se espera que el \u00edndice de precios alcance a fin de a\u00f1o un 45%: \u201cLa gente no tiene la culpa. Por eso es que venimos juntando la plata para hacer efectivo el pago y cumplir con los compromisos\u201d.<\/p>\n<\/blockquote>\n<\/div>\n<\/div>\n<p>Fuente: http:\/\/comunicaciontucuman.gob.ar\/2018\/10\/la-provincia-reunio-fondos-para-el-pago-de-la-clausula-gatillo\/<\/p>\n","protected":false},"excerpt":{"rendered":"<p>Durante una visita al barrio Costanera Norte, el gobernador, Juan Manzur, confirm\u00f3 que el Gobierno de Tucum\u00e1n cumplir\u00e1 con el pago de la cl\u00e1usula gatillo correspondiente al sueldo de septiembre de los trabajadores estatales. \u201cEs una decisi\u00f3n que tomamos. Ya tenemos la plata. Vamos a ir para adelante con este compromiso que asumimos a principios [&hellip;]<\/p>\n","protected":false},"author":1,"featured_media":17835,"comment_status":"open","ping_status":"closed","sticky":false,"template":"","format":"standard","meta":{"footnotes":""},"categories":[3],"tags":[],"class_list":{"0":"post-17834","1":"post","2":"type-post","3":"status-publish","4":"format-standard","5":"has-post-thumbnail","7":"category-politica"},"yoast_head":"<!-- This site is optimized with the Yoast SEO plugin v27.5 - https:\/\/yoast.com\/product\/yoast-seo-wordpress\/ -->\n<title>La Provincia reuni\u00f3 fondos para el pago de la cl\u00e1usula gatillo - El Diario de Tucuman<\/title>\n<meta name=\"robots\" content=\"index, follow, max-snippet:-1, max-image-preview:large, max-video-preview:-1\" \/>\n<link rel=\"canonical\" href=\"https:\/\/www.eldiariodetucuman.com\/web\/la-provincia-reunio-fondos-para-el-pago-de-la-clausula-gatillo\/\" \/>\n<meta property=\"og:locale\" content=\"es_ES\" \/>\n<meta property=\"og:type\" content=\"article\" \/>\n<meta property=\"og:title\" content=\"La Provincia reuni\u00f3 fondos para el pago de la cl\u00e1usula gatillo - El Diario de Tucuman\" \/>\n<meta property=\"og:description\" content=\"Durante una visita al barrio Costanera Norte, el gobernador, Juan Manzur, confirm\u00f3 que el Gobierno de Tucum\u00e1n cumplir\u00e1 con el pago de la cl\u00e1usula gatillo correspondiente al sueldo de septiembre de los trabajadores estatales. \u201cEs una decisi\u00f3n que tomamos. Ya tenemos la plata. Vamos a ir para adelante con este compromiso que asumimos a principios [&hellip;]\" \/>\n<meta property=\"og:url\" content=\"https:\/\/www.eldiariodetucuman.com\/web\/la-provincia-reunio-fondos-para-el-pago-de-la-clausula-gatillo\/\" \/>\n<meta property=\"og:site_name\" content=\"El Diario de Tucuman\" \/>\n<meta property=\"article:published_time\" content=\"2018-10-10T03:07:47+00:00\" \/>\n<meta property=\"article:modified_time\" content=\"2018-10-10T03:07:49+00:00\" \/>\n<meta property=\"og:image\" content=\"https:\/\/www.eldiariodetucuman.com\/web\/wp-content\/uploads\/2018\/10\/ba585ab6d4c2912e446416ce76e7f345.jpeg\" \/>\n\t<meta property=\"og:image:width\" content=\"300\" \/>\n\t<meta property=\"og:image:height\" content=\"166\" \/>\n\t<meta property=\"og:image:type\" content=\"image\/jpeg\" \/>\n<meta name=\"author\" content=\"admin\" \/>\n<meta name=\"twitter:card\" content=\"summary_large_image\" \/>\n<meta name=\"twitter:label1\" content=\"Escrito por\" \/>\n\t<meta name=\"twitter:data1\" content=\"admin\" \/>\n\t<meta name=\"twitter:label2\" content=\"Tiempo de lectura\" \/>\n\t<meta name=\"twitter:data2\" content=\"1 minuto\" \/>\n<script type=\"application\/ld+json\" class=\"yoast-schema-graph\">{\"@context\":\"https:\\\/\\\/schema.org\",\"@graph\":[{\"@type\":\"Article\",\"@id\":\"https:\\\/\\\/www.eldiariodetucuman.com\\\/web\\\/la-provincia-reunio-fondos-para-el-pago-de-la-clausula-gatillo\\\/#article\",\"isPartOf\":{\"@id\":\"https:\\\/\\\/www.eldiariodetucuman.com\\\/web\\\/la-provincia-reunio-fondos-para-el-pago-de-la-clausula-gatillo\\\/\"},\"author\":{\"name\":\"admin\",\"@id\":\"https:\\\/\\\/www.eldiariodetucuman.com\\\/web\\\/#\\\/schema\\\/person\\\/9250197d75ab5483412e19678b121caa\"},\"headline\":\"La Provincia reuni\u00f3 fondos para el pago de la cl\u00e1usula gatillo\",\"datePublished\":\"2018-10-10T03:07:47+00:00\",\"dateModified\":\"2018-10-10T03:07:49+00:00\",\"mainEntityOfPage\":{\"@id\":\"https:\\\/\\\/www.eldiariodetucuman.com\\\/web\\\/la-provincia-reunio-fondos-para-el-pago-de-la-clausula-gatillo\\\/\"},\"wordCount\":184,\"commentCount\":0,\"publisher\":{\"@id\":\"https:\\\/\\\/www.eldiariodetucuman.com\\\/web\\\/#organization\"},\"image\":{\"@id\":\"https:\\\/\\\/www.eldiariodetucuman.com\\\/web\\\/la-provincia-reunio-fondos-para-el-pago-de-la-clausula-gatillo\\\/#primaryimage\"},\"thumbnailUrl\":\"https:\\\/\\\/www.eldiariodetucuman.com\\\/web\\\/wp-content\\\/uploads\\\/2018\\\/10\\\/ba585ab6d4c2912e446416ce76e7f345.jpeg\",\"articleSection\":[\"Politica\"],\"inLanguage\":\"es\",\"potentialAction\":[{\"@type\":\"CommentAction\",\"name\":\"Comment\",\"target\":[\"https:\\\/\\\/www.eldiariodetucuman.com\\\/web\\\/la-provincia-reunio-fondos-para-el-pago-de-la-clausula-gatillo\\\/#respond\"]}]},{\"@type\":\"WebPage\",\"@id\":\"https:\\\/\\\/www.eldiariodetucuman.com\\\/web\\\/la-provincia-reunio-fondos-para-el-pago-de-la-clausula-gatillo\\\/\",\"url\":\"https:\\\/\\\/www.eldiariodetucuman.com\\\/web\\\/la-provincia-reunio-fondos-para-el-pago-de-la-clausula-gatillo\\\/\",\"name\":\"La Provincia reuni\u00f3 fondos para el pago de la cl\u00e1usula gatillo - El Diario de Tucuman\",\"isPartOf\":{\"@id\":\"https:\\\/\\\/www.eldiariodetucuman.com\\\/web\\\/#website\"},\"primaryImageOfPage\":{\"@id\":\"https:\\\/\\\/www.eldiariodetucuman.com\\\/web\\\/la-provincia-reunio-fondos-para-el-pago-de-la-clausula-gatillo\\\/#primaryimage\"},\"image\":{\"@id\":\"https:\\\/\\\/www.eldiariodetucuman.com\\\/web\\\/la-provincia-reunio-fondos-para-el-pago-de-la-clausula-gatillo\\\/#primaryimage\"},\"thumbnailUrl\":\"https:\\\/\\\/www.eldiariodetucuman.com\\\/web\\\/wp-content\\\/uploads\\\/2018\\\/10\\\/ba585ab6d4c2912e446416ce76e7f345.jpeg\",\"datePublished\":\"2018-10-10T03:07:47+00:00\",\"dateModified\":\"2018-10-10T03:07:49+00:00\",\"breadcrumb\":{\"@id\":\"https:\\\/\\\/www.eldiariodetucuman.com\\\/web\\\/la-provincia-reunio-fondos-para-el-pago-de-la-clausula-gatillo\\\/#breadcrumb\"},\"inLanguage\":\"es\",\"potentialAction\":[{\"@type\":\"ReadAction\",\"target\":[\"https:\\\/\\\/www.eldiariodetucuman.com\\\/web\\\/la-provincia-reunio-fondos-para-el-pago-de-la-clausula-gatillo\\\/\"]}]},{\"@type\":\"ImageObject\",\"inLanguage\":\"es\",\"@id\":\"https:\\\/\\\/www.eldiariodetucuman.com\\\/web\\\/la-provincia-reunio-fondos-para-el-pago-de-la-clausula-gatillo\\\/#primaryimage\",\"url\":\"https:\\\/\\\/www.eldiariodetucuman.com\\\/web\\\/wp-content\\\/uploads\\\/2018\\\/10\\\/ba585ab6d4c2912e446416ce76e7f345.jpeg\",\"contentUrl\":\"https:\\\/\\\/www.eldiariodetucuman.com\\\/web\\\/wp-content\\\/uploads\\\/2018\\\/10\\\/ba585ab6d4c2912e446416ce76e7f345.jpeg\",\"width\":300,\"height\":166},{\"@type\":\"BreadcrumbList\",\"@id\":\"https:\\\/\\\/www.eldiariodetucuman.com\\\/web\\\/la-provincia-reunio-fondos-para-el-pago-de-la-clausula-gatillo\\\/#breadcrumb\",\"itemListElement\":[{\"@type\":\"ListItem\",\"position\":1,\"name\":\"Portada\",\"item\":\"https:\\\/\\\/www.eldiariodetucuman.com\\\/web\\\/\"},{\"@type\":\"ListItem\",\"position\":2,\"name\":\"La Provincia reuni\u00f3 fondos para el pago de la cl\u00e1usula gatillo\"}]},{\"@type\":\"WebSite\",\"@id\":\"https:\\\/\\\/www.eldiariodetucuman.com\\\/web\\\/#website\",\"url\":\"https:\\\/\\\/www.eldiariodetucuman.com\\\/web\\\/\",\"name\":\"El Diario de Tucuman\",\"description\":\"Diario Tucuman - Informaci\u00f3n y noticias\",\"publisher\":{\"@id\":\"https:\\\/\\\/www.eldiariodetucuman.com\\\/web\\\/#organization\"},\"potentialAction\":[{\"@type\":\"SearchAction\",\"target\":{\"@type\":\"EntryPoint\",\"urlTemplate\":\"https:\\\/\\\/www.eldiariodetucuman.com\\\/web\\\/?s={search_term_string}\"},\"query-input\":{\"@type\":\"PropertyValueSpecification\",\"valueRequired\":true,\"valueName\":\"search_term_string\"}}],\"inLanguage\":\"es\"},{\"@type\":\"Organization\",\"@id\":\"https:\\\/\\\/www.eldiariodetucuman.com\\\/web\\\/#organization\",\"name\":\"El Diario de Tucuman\",\"url\":\"https:\\\/\\\/www.eldiariodetucuman.com\\\/web\\\/\",\"logo\":{\"@type\":\"ImageObject\",\"inLanguage\":\"es\",\"@id\":\"https:\\\/\\\/www.eldiariodetucuman.com\\\/web\\\/#\\\/schema\\\/logo\\\/image\\\/\",\"url\":\"http:\\\/\\\/www.eldiariodetucuman.com\\\/web\\\/wp-content\\\/uploads\\\/2017\\\/12\\\/el-diario-de-tucuman.jpg\",\"contentUrl\":\"http:\\\/\\\/www.eldiariodetucuman.com\\\/web\\\/wp-content\\\/uploads\\\/2017\\\/12\\\/el-diario-de-tucuman.jpg\",\"width\":272,\"height\":92,\"caption\":\"El Diario de Tucuman\"},\"image\":{\"@id\":\"https:\\\/\\\/www.eldiariodetucuman.com\\\/web\\\/#\\\/schema\\\/logo\\\/image\\\/\"}},{\"@type\":\"Person\",\"@id\":\"https:\\\/\\\/www.eldiariodetucuman.com\\\/web\\\/#\\\/schema\\\/person\\\/9250197d75ab5483412e19678b121caa\",\"name\":\"admin\",\"image\":{\"@type\":\"ImageObject\",\"inLanguage\":\"es\",\"@id\":\"https:\\\/\\\/secure.gravatar.com\\\/avatar\\\/c44d117c2be811212c22cb481f6b8384b6873de103fbc49e7a03cc58d7dea4ac?s=96&d=mm&r=g\",\"url\":\"https:\\\/\\\/secure.gravatar.com\\\/avatar\\\/c44d117c2be811212c22cb481f6b8384b6873de103fbc49e7a03cc58d7dea4ac?s=96&d=mm&r=g\",\"contentUrl\":\"https:\\\/\\\/secure.gravatar.com\\\/avatar\\\/c44d117c2be811212c22cb481f6b8384b6873de103fbc49e7a03cc58d7dea4ac?s=96&d=mm&r=g\",\"caption\":\"admin\"},\"url\":\"https:\\\/\\\/www.eldiariodetucuman.com\\\/web\\\/author\\\/admin\\\/\"}]}<\/script>\n<!-- \/ Yoast SEO plugin. -->","yoast_head_json":{"title":"La Provincia reuni\u00f3 fondos para el pago de la cl\u00e1usula gatillo - El Diario de Tucuman","robots":{"index":"index","follow":"follow","max-snippet":"max-snippet:-1","max-image-preview":"max-image-preview:large","max-video-preview":"max-video-preview:-1"},"canonical":"https:\/\/www.eldiariodetucuman.com\/web\/la-provincia-reunio-fondos-para-el-pago-de-la-clausula-gatillo\/","og_locale":"es_ES","og_type":"article","og_title":"La Provincia reuni\u00f3 fondos para el pago de la cl\u00e1usula gatillo - El Diario de Tucuman","og_description":"Durante una visita al barrio Costanera Norte, el gobernador, Juan Manzur, confirm\u00f3 que el Gobierno de Tucum\u00e1n cumplir\u00e1 con el pago de la cl\u00e1usula gatillo correspondiente al sueldo de septiembre de los trabajadores estatales. \u201cEs una decisi\u00f3n que tomamos. Ya tenemos la plata. Vamos a ir para adelante con este compromiso que asumimos a principios [&hellip;]","og_url":"https:\/\/www.eldiariodetucuman.com\/web\/la-provincia-reunio-fondos-para-el-pago-de-la-clausula-gatillo\/","og_site_name":"El Diario de Tucuman","article_published_time":"2018-10-10T03:07:47+00:00","article_modified_time":"2018-10-10T03:07:49+00:00","og_image":[{"width":300,"height":166,"url":"https:\/\/www.eldiariodetucuman.com\/web\/wp-content\/uploads\/2018\/10\/ba585ab6d4c2912e446416ce76e7f345.jpeg","type":"image\/jpeg"}],"author":"admin","twitter_card":"summary_large_image","twitter_misc":{"Escrito por":"admin","Tiempo de lectura":"1 minuto"},"schema":{"@context":"https:\/\/schema.org","@graph":[{"@type":"Article","@id":"https:\/\/www.eldiariodetucuman.com\/web\/la-provincia-reunio-fondos-para-el-pago-de-la-clausula-gatillo\/#article","isPartOf":{"@id":"https:\/\/www.eldiariodetucuman.com\/web\/la-provincia-reunio-fondos-para-el-pago-de-la-clausula-gatillo\/"},"author":{"name":"admin","@id":"https:\/\/www.eldiariodetucuman.com\/web\/#\/schema\/person\/9250197d75ab5483412e19678b121caa"},"headline":"La Provincia reuni\u00f3 fondos para el pago de la cl\u00e1usula gatillo","datePublished":"2018-10-10T03:07:47+00:00","dateModified":"2018-10-10T03:07:49+00:00","mainEntityOfPage":{"@id":"https:\/\/www.eldiariodetucuman.com\/web\/la-provincia-reunio-fondos-para-el-pago-de-la-clausula-gatillo\/"},"wordCount":184,"commentCount":0,"publisher":{"@id":"https:\/\/www.eldiariodetucuman.com\/web\/#organization"},"image":{"@id":"https:\/\/www.eldiariodetucuman.com\/web\/la-provincia-reunio-fondos-para-el-pago-de-la-clausula-gatillo\/#primaryimage"},"thumbnailUrl":"https:\/\/www.eldiariodetucuman.com\/web\/wp-content\/uploads\/2018\/10\/ba585ab6d4c2912e446416ce76e7f345.jpeg","articleSection":["Politica"],"inLanguage":"es","potentialAction":[{"@type":"CommentAction","name":"Comment","target":["https:\/\/www.eldiariodetucuman.com\/web\/la-provincia-reunio-fondos-para-el-pago-de-la-clausula-gatillo\/#respond"]}]},{"@type":"WebPage","@id":"https:\/\/www.eldiariodetucuman.com\/web\/la-provincia-reunio-fondos-para-el-pago-de-la-clausula-gatillo\/","url":"https:\/\/www.eldiariodetucuman.com\/web\/la-provincia-reunio-fondos-para-el-pago-de-la-clausula-gatillo\/","name":"La Provincia reuni\u00f3 fondos para el pago de la cl\u00e1usula gatillo - El Diario de Tucuman","isPartOf":{"@id":"https:\/\/www.eldiariodetucuman.com\/web\/#website"},"primaryImageOfPage":{"@id":"https:\/\/www.eldiariodetucuman.com\/web\/la-provincia-reunio-fondos-para-el-pago-de-la-clausula-gatillo\/#primaryimage"},"image":{"@id":"https:\/\/www.eldiariodetucuman.com\/web\/la-provincia-reunio-fondos-para-el-pago-de-la-clausula-gatillo\/#primaryimage"},"thumbnailUrl":"https:\/\/www.eldiariodetucuman.com\/web\/wp-content\/uploads\/2018\/10\/ba585ab6d4c2912e446416ce76e7f345.jpeg","datePublished":"2018-10-10T03:07:47+00:00","dateModified":"2018-10-10T03:07:49+00:00","breadcrumb":{"@id":"https:\/\/www.eldiariodetucuman.com\/web\/la-provincia-reunio-fondos-para-el-pago-de-la-clausula-gatillo\/#breadcrumb"},"inLanguage":"es","potentialAction":[{"@type":"ReadAction","target":["https:\/\/www.eldiariodetucuman.com\/web\/la-provincia-reunio-fondos-para-el-pago-de-la-clausula-gatillo\/"]}]},{"@type":"ImageObject","inLanguage":"es","@id":"https:\/\/www.eldiariodetucuman.com\/web\/la-provincia-reunio-fondos-para-el-pago-de-la-clausula-gatillo\/#primaryimage","url":"https:\/\/www.eldiariodetucuman.com\/web\/wp-content\/uploads\/2018\/10\/ba585ab6d4c2912e446416ce76e7f345.jpeg","contentUrl":"https:\/\/www.eldiariodetucuman.com\/web\/wp-content\/uploads\/2018\/10\/ba585ab6d4c2912e446416ce76e7f345.jpeg","width":300,"height":166},{"@type":"BreadcrumbList","@id":"https:\/\/www.eldiariodetucuman.com\/web\/la-provincia-reunio-fondos-para-el-pago-de-la-clausula-gatillo\/#breadcrumb","itemListElement":[{"@type":"ListItem","position":1,"name":"Portada","item":"https:\/\/www.eldiariodetucuman.com\/web\/"},{"@type":"ListItem","position":2,"name":"La Provincia reuni\u00f3 fondos para el pago de la cl\u00e1usula gatillo"}]},{"@type":"WebSite","@id":"https:\/\/www.eldiariodetucuman.com\/web\/#website","url":"https:\/\/www.eldiariodetucuman.com\/web\/","name":"El Diario de Tucuman","description":"Diario Tucuman - Informaci\u00f3n y noticias","publisher":{"@id":"https:\/\/www.eldiariodetucuman.com\/web\/#organization"},"potentialAction":[{"@type":"SearchAction","target":{"@type":"EntryPoint","urlTemplate":"https:\/\/www.eldiariodetucuman.com\/web\/?s={search_term_string}"},"query-input":{"@type":"PropertyValueSpecification","valueRequired":true,"valueName":"search_term_string"}}],"inLanguage":"es"},{"@type":"Organization","@id":"https:\/\/www.eldiariodetucuman.com\/web\/#organization","name":"El Diario de Tucuman","url":"https:\/\/www.eldiariodetucuman.com\/web\/","logo":{"@type":"ImageObject","inLanguage":"es","@id":"https:\/\/www.eldiariodetucuman.com\/web\/#\/schema\/logo\/image\/","url":"http:\/\/www.eldiariodetucuman.com\/web\/wp-content\/uploads\/2017\/12\/el-diario-de-tucuman.jpg","contentUrl":"http:\/\/www.eldiariodetucuman.com\/web\/wp-content\/uploads\/2017\/12\/el-diario-de-tucuman.jpg","width":272,"height":92,"caption":"El Diario de Tucuman"},"image":{"@id":"https:\/\/www.eldiariodetucuman.com\/web\/#\/schema\/logo\/image\/"}},{"@type":"Person","@id":"https:\/\/www.eldiariodetucuman.com\/web\/#\/schema\/person\/9250197d75ab5483412e19678b121caa","name":"admin","image":{"@type":"ImageObject","inLanguage":"es","@id":"https:\/\/secure.gravatar.com\/avatar\/c44d117c2be811212c22cb481f6b8384b6873de103fbc49e7a03cc58d7dea4ac?s=96&d=mm&r=g","url":"https:\/\/secure.gravatar.com\/avatar\/c44d117c2be811212c22cb481f6b8384b6873de103fbc49e7a03cc58d7dea4ac?s=96&d=mm&r=g","contentUrl":"https:\/\/secure.gravatar.com\/avatar\/c44d117c2be811212c22cb481f6b8384b6873de103fbc49e7a03cc58d7dea4ac?s=96&d=mm&r=g","caption":"admin"},"url":"https:\/\/www.eldiariodetucuman.com\/web\/author\/admin\/"}]}},"_links":{"self":[{"href":"https:\/\/www.eldiariodetucuman.com\/web\/wp-json\/wp\/v2\/posts\/17834","targetHints":{"allow":["GET"]}}],"collection":[{"href":"https:\/\/www.eldiariodetucuman.com\/web\/wp-json\/wp\/v2\/posts"}],"about":[{"href":"https:\/\/www.eldiariodetucuman.com\/web\/wp-json\/wp\/v2\/types\/post"}],"author":[{"embeddable":true,"href":"https:\/\/www.eldiariodetucuman.com\/web\/wp-json\/wp\/v2\/users\/1"}],"replies":[{"embeddable":true,"href":"https:\/\/www.eldiariodetucuman.com\/web\/wp-json\/wp\/v2\/comments?post=17834"}],"version-history":[{"count":1,"href":"https:\/\/www.eldiariodetucuman.com\/web\/wp-json\/wp\/v2\/posts\/17834\/revisions"}],"predecessor-version":[{"id":17836,"href":"https:\/\/www.eldiariodetucuman.com\/web\/wp-json\/wp\/v2\/posts\/17834\/revisions\/17836"}],"wp:featuredmedia":[{"embeddable":true,"href":"https:\/\/www.eldiariodetucuman.com\/web\/wp-json\/wp\/v2\/media\/17835"}],"wp:attachment":[{"href":"https:\/\/www.eldiariodetucuman.com\/web\/wp-json\/wp\/v2\/media?parent=17834"}],"wp:term":[{"taxonomy":"category","embeddable":true,"href":"https:\/\/www.eldiariodetucuman.com\/web\/wp-json\/wp\/v2\/categories?post=17834"},{"taxonomy":"post_tag","embeddable":true,"href":"https:\/\/www.eldiariodetucuman.com\/web\/wp-json\/wp\/v2\/tags?post=17834"}],"curies":[{"name":"wp","href":"https:\/\/api.w.org\/{rel}","templated":true}]}}