{"id":17818,"date":"2018-10-09T12:37:23","date_gmt":"2018-10-09T15:37:23","guid":{"rendered":"http:\/\/www.eldiariodetucuman.com\/web\/%c2%93el-macrismo-busca-consolidar-un-populismo-violento-de-derecha%c2%94\/"},"modified":"2018-10-09T12:37:34","modified_gmt":"2018-10-09T15:37:34","slug":"%c2%93el-macrismo-busca-consolidar-un-populismo-violento-de-derecha%c2%94","status":"publish","type":"post","link":"https:\/\/www.eldiariodetucuman.com\/web\/%c2%93el-macrismo-busca-consolidar-un-populismo-violento-de-derecha%c2%94\/","title":{"rendered":"\u0093El macrismo busca consolidar un populismo violento de derecha\u0094"},"content":{"rendered":"<div>\n<div readability=\"55.038931643278\">\n<p><a href=\"https:\/\/www.elintransigente.com\/noticias\/buscar\/?buscar=Juan+Grabois+\">Juan Grabois <\/a>cada vez se posiciona m\u00e1s cerca de la expresidenta,\u00a0<a href=\"https:\/\/www.elintransigente.com\/noticias\/buscar\/?buscar=Cristina+Fern%E1ndez+de+Kirchner\">Cristina Fern\u00e1ndez de Kirchner<\/a>, y se muestra como un contrapunto con los funcionarios del Gobierno de Mauricio Macri, a los que tilda de &#8220;fascistas&#8221; en cada entrevista radial, televisiva o gr\u00e1fica que realiza. &#8220;<strong>Son provocadores<\/strong>&#8221;, lanz\u00f3 esta ma\u00f1ana, en referencia a los <a href=\"https:\/\/www.elintransigente.com\/politica\/2018\/10\/9\/iguacel-no-queremos-volver-caer-en-la-tentacion-del-populismo-energetico-516258.html\">dichos del secretario de Energ\u00eda<\/a>, Javier Iguacel, por el cobro extra a los usuarios de gas.\u00a0<\/p>\n<p>&#8220;<strong>Son provocaciones y tienen un objetivo<\/strong>, generar una determinada reacci\u00f3n. Ac\u00e1 Bullrich y el Gobierno juegan a varias bandas con este tipo de actitudes. <strong>Es el efecto Bolsonaro viene ya de hace un par de meses<\/strong>, buscan construir un perfil de esas caracter\u00edsticas, fascista, que combinado con un dominio casi absoluto de los medios de comunicaci\u00f3n y las acciones de embrutecimiento masivo de la poblaci\u00f3n, buscan consolidar un populismo violento de derecha&#8221;, indic\u00f3.<\/p>\n<aside class=\"htmlinline \"><!-- politica 2 300 x 250 imagen --><ins class=\"adsbygoogle\" data-ad-client=\"ca-pub-7781556717282971\" data-ad-slot=\"3120775563\"><\/ins><br \/>\n<\/aside>\n<p>Adem\u00e1s, destac\u00f3: &#8220;<strong>Hay que transmitirle a la mayor parte de la poblaci\u00f3n posible que los problemas no son los CEOs sino de los que est\u00e1n m\u00e1s abajo<\/strong>. Para eso son los discursos de odio. El estilo cancherito y provocador no son exabruptos de personas con desequilibrios, son cosas aplicadas. Buscan crear determinado perfil a partir de impactar emocionalmente en un sector de la poblaci\u00f3n&#8221;.\u00a0<\/p>\n<p>En tanto, durante una entrevista otorgada hoy al programa radial de Gustavo Sylvestre, destac\u00f3 que <strong>hay un electorado que le permite a la derecha construir mayor\u00eda<\/strong>. &#8220;Frente a eso tenemos que tener la inteligencia para no hacerles el juego. Estamos en la \u00e9poca de la posverdad. En relaci\u00f3n al narcotr\u00e1fico, estoy convencido de que si hay una barrera de resistencia en el territorio, son los movimientos sociales&#8221;, sostuvo.\u00a0<\/p>\n<aside class=\"htmlinline \"><!-- politica 5 300 x 250 texto mas imagen --><ins class=\"adsbygoogle\" data-ad-client=\"ca-pub-7781556717282971\" data-ad-slot=\"3033145653\"><\/ins><br \/>\n<\/aside>\n<p>En ese sentido, advirti\u00f3 que se trata de un gobierno autoritario. &#8220;Cuando aumenta la pobreza y el desempleo, las personas se inventan un trabajo en la econom\u00eda popular, pero eso no alcanza. En <strong>un gobierno autoritario en serio<\/strong>, como el que buscan dise\u00f1ar, no hay ning\u00fan tipo de igualdad ante la ley o garant\u00eda constitucional. Tratan de militarizar las barriadas populares&#8221;, sostuvo el l\u00edder de la Confederaci\u00f3n de Trabajadores de la Econom\u00eda Popular (CTEP).\u00a0<br \/>\n\u00a0<\/p>\n<\/div>\n<\/div>\n<p>Fuente: https:\/\/www.elintransigente.com\/politica\/2018\/10\/9\/el-macrismo-busca-consolidar-un-populismo-violento-de-derecha-516249.html<\/p>\n","protected":false},"excerpt":{"rendered":"<p>Juan Grabois cada vez se posiciona m\u00e1s cerca de la expresidenta,\u00a0Cristina Fern\u00e1ndez de Kirchner, y se muestra como un contrapunto con los funcionarios del Gobierno de Mauricio Macri, a los que tilda de &#8220;fascistas&#8221; en cada entrevista radial, televisiva o gr\u00e1fica que realiza. &#8220;Son provocadores&#8221;, lanz\u00f3 esta ma\u00f1ana, en referencia a los dichos del secretario [&hellip;]<\/p>\n","protected":false},"author":1,"featured_media":17819,"comment_status":"open","ping_status":"closed","sticky":false,"template":"","format":"standard","meta":{"footnotes":""},"categories":[1],"tags":[],"class_list":{"0":"post-17818","1":"post","2":"type-post","3":"status-publish","4":"format-standard","5":"has-post-thumbnail","7":"category-portada"},"yoast_head":"<!-- This site is optimized with the Yoast SEO plugin v27.4 - https:\/\/yoast.com\/product\/yoast-seo-wordpress\/ -->\n<title>\u0093El macrismo busca consolidar un populismo violento de derecha\u0094 - El Diario de Tucuman<\/title>\n<meta name=\"robots\" content=\"index, follow, max-snippet:-1, max-image-preview:large, max-video-preview:-1\" \/>\n<link rel=\"canonical\" href=\"https:\/\/www.eldiariodetucuman.com\/web\/\u0093el-macrismo-busca-consolidar-un-populismo-violento-de-derecha\u0094\/\" \/>\n<meta property=\"og:locale\" content=\"es_ES\" \/>\n<meta property=\"og:type\" content=\"article\" \/>\n<meta property=\"og:title\" content=\"\u0093El macrismo busca consolidar un populismo violento de derecha\u0094 - El Diario de Tucuman\" \/>\n<meta property=\"og:description\" content=\"Juan Grabois cada vez se posiciona m\u00e1s cerca de la expresidenta,\u00a0Cristina Fern\u00e1ndez de Kirchner, y se muestra como un contrapunto con los funcionarios del Gobierno de Mauricio Macri, a los que tilda de &#8220;fascistas&#8221; en cada entrevista radial, televisiva o gr\u00e1fica que realiza. &#8220;Son provocadores&#8221;, lanz\u00f3 esta ma\u00f1ana, en referencia a los dichos del secretario [&hellip;]\" \/>\n<meta property=\"og:url\" content=\"https:\/\/www.eldiariodetucuman.com\/web\/\u0093el-macrismo-busca-consolidar-un-populismo-violento-de-derecha\u0094\/\" \/>\n<meta property=\"og:site_name\" content=\"El Diario de Tucuman\" \/>\n<meta property=\"article:published_time\" content=\"2018-10-09T15:37:23+00:00\" \/>\n<meta property=\"article:modified_time\" content=\"2018-10-09T15:37:34+00:00\" \/>\n<meta property=\"og:image\" content=\"https:\/\/www.eldiariodetucuman.com\/web\/wp-content\/uploads\/2018\/10\/52a37a0a09b2c9d4dacbfa53d7c8a433.jpeg\" \/>\n\t<meta property=\"og:image:width\" content=\"960\" \/>\n\t<meta property=\"og:image:height\" content=\"540\" \/>\n\t<meta property=\"og:image:type\" content=\"image\/jpeg\" \/>\n<meta name=\"author\" content=\"admin\" \/>\n<meta name=\"twitter:card\" content=\"summary_large_image\" \/>\n<meta name=\"twitter:label1\" content=\"Escrito por\" \/>\n\t<meta name=\"twitter:data1\" content=\"admin\" \/>\n\t<meta name=\"twitter:label2\" content=\"Tiempo de lectura\" \/>\n\t<meta name=\"twitter:data2\" content=\"2 minutos\" \/>\n<script type=\"application\/ld+json\" class=\"yoast-schema-graph\">{\"@context\":\"https:\\\/\\\/schema.org\",\"@graph\":[{\"@type\":\"Article\",\"@id\":\"https:\\\/\\\/www.eldiariodetucuman.com\\\/web\\\/%c2%93el-macrismo-busca-consolidar-un-populismo-violento-de-derecha%c2%94\\\/#article\",\"isPartOf\":{\"@id\":\"https:\\\/\\\/www.eldiariodetucuman.com\\\/web\\\/%c2%93el-macrismo-busca-consolidar-un-populismo-violento-de-derecha%c2%94\\\/\"},\"author\":{\"name\":\"admin\",\"@id\":\"https:\\\/\\\/www.eldiariodetucuman.com\\\/web\\\/#\\\/schema\\\/person\\\/9250197d75ab5483412e19678b121caa\"},\"headline\":\"\u0093El macrismo busca consolidar un populismo violento de derecha\u0094\",\"datePublished\":\"2018-10-09T15:37:23+00:00\",\"dateModified\":\"2018-10-09T15:37:34+00:00\",\"mainEntityOfPage\":{\"@id\":\"https:\\\/\\\/www.eldiariodetucuman.com\\\/web\\\/%c2%93el-macrismo-busca-consolidar-un-populismo-violento-de-derecha%c2%94\\\/\"},\"wordCount\":389,\"commentCount\":0,\"publisher\":{\"@id\":\"https:\\\/\\\/www.eldiariodetucuman.com\\\/web\\\/#organization\"},\"image\":{\"@id\":\"https:\\\/\\\/www.eldiariodetucuman.com\\\/web\\\/%c2%93el-macrismo-busca-consolidar-un-populismo-violento-de-derecha%c2%94\\\/#primaryimage\"},\"thumbnailUrl\":\"https:\\\/\\\/www.eldiariodetucuman.com\\\/web\\\/wp-content\\\/uploads\\\/2018\\\/10\\\/52a37a0a09b2c9d4dacbfa53d7c8a433.jpeg\",\"articleSection\":[\"Portada\"],\"inLanguage\":\"es\",\"potentialAction\":[{\"@type\":\"CommentAction\",\"name\":\"Comment\",\"target\":[\"https:\\\/\\\/www.eldiariodetucuman.com\\\/web\\\/%c2%93el-macrismo-busca-consolidar-un-populismo-violento-de-derecha%c2%94\\\/#respond\"]}]},{\"@type\":\"WebPage\",\"@id\":\"https:\\\/\\\/www.eldiariodetucuman.com\\\/web\\\/%c2%93el-macrismo-busca-consolidar-un-populismo-violento-de-derecha%c2%94\\\/\",\"url\":\"https:\\\/\\\/www.eldiariodetucuman.com\\\/web\\\/%c2%93el-macrismo-busca-consolidar-un-populismo-violento-de-derecha%c2%94\\\/\",\"name\":\"\u0093El macrismo busca consolidar un populismo violento de derecha\u0094 - El Diario de Tucuman\",\"isPartOf\":{\"@id\":\"https:\\\/\\\/www.eldiariodetucuman.com\\\/web\\\/#website\"},\"primaryImageOfPage\":{\"@id\":\"https:\\\/\\\/www.eldiariodetucuman.com\\\/web\\\/%c2%93el-macrismo-busca-consolidar-un-populismo-violento-de-derecha%c2%94\\\/#primaryimage\"},\"image\":{\"@id\":\"https:\\\/\\\/www.eldiariodetucuman.com\\\/web\\\/%c2%93el-macrismo-busca-consolidar-un-populismo-violento-de-derecha%c2%94\\\/#primaryimage\"},\"thumbnailUrl\":\"https:\\\/\\\/www.eldiariodetucuman.com\\\/web\\\/wp-content\\\/uploads\\\/2018\\\/10\\\/52a37a0a09b2c9d4dacbfa53d7c8a433.jpeg\",\"datePublished\":\"2018-10-09T15:37:23+00:00\",\"dateModified\":\"2018-10-09T15:37:34+00:00\",\"breadcrumb\":{\"@id\":\"https:\\\/\\\/www.eldiariodetucuman.com\\\/web\\\/%c2%93el-macrismo-busca-consolidar-un-populismo-violento-de-derecha%c2%94\\\/#breadcrumb\"},\"inLanguage\":\"es\",\"potentialAction\":[{\"@type\":\"ReadAction\",\"target\":[\"https:\\\/\\\/www.eldiariodetucuman.com\\\/web\\\/%c2%93el-macrismo-busca-consolidar-un-populismo-violento-de-derecha%c2%94\\\/\"]}]},{\"@type\":\"ImageObject\",\"inLanguage\":\"es\",\"@id\":\"https:\\\/\\\/www.eldiariodetucuman.com\\\/web\\\/%c2%93el-macrismo-busca-consolidar-un-populismo-violento-de-derecha%c2%94\\\/#primaryimage\",\"url\":\"https:\\\/\\\/www.eldiariodetucuman.com\\\/web\\\/wp-content\\\/uploads\\\/2018\\\/10\\\/52a37a0a09b2c9d4dacbfa53d7c8a433.jpeg\",\"contentUrl\":\"https:\\\/\\\/www.eldiariodetucuman.com\\\/web\\\/wp-content\\\/uploads\\\/2018\\\/10\\\/52a37a0a09b2c9d4dacbfa53d7c8a433.jpeg\",\"width\":960,\"height\":540},{\"@type\":\"BreadcrumbList\",\"@id\":\"https:\\\/\\\/www.eldiariodetucuman.com\\\/web\\\/%c2%93el-macrismo-busca-consolidar-un-populismo-violento-de-derecha%c2%94\\\/#breadcrumb\",\"itemListElement\":[{\"@type\":\"ListItem\",\"position\":1,\"name\":\"Portada\",\"item\":\"https:\\\/\\\/www.eldiariodetucuman.com\\\/web\\\/\"},{\"@type\":\"ListItem\",\"position\":2,\"name\":\"\u0093El macrismo busca consolidar un populismo violento de derecha\u0094\"}]},{\"@type\":\"WebSite\",\"@id\":\"https:\\\/\\\/www.eldiariodetucuman.com\\\/web\\\/#website\",\"url\":\"https:\\\/\\\/www.eldiariodetucuman.com\\\/web\\\/\",\"name\":\"El Diario de Tucuman\",\"description\":\"Diario Tucuman - Informaci\u00f3n y noticias\",\"publisher\":{\"@id\":\"https:\\\/\\\/www.eldiariodetucuman.com\\\/web\\\/#organization\"},\"potentialAction\":[{\"@type\":\"SearchAction\",\"target\":{\"@type\":\"EntryPoint\",\"urlTemplate\":\"https:\\\/\\\/www.eldiariodetucuman.com\\\/web\\\/?s={search_term_string}\"},\"query-input\":{\"@type\":\"PropertyValueSpecification\",\"valueRequired\":true,\"valueName\":\"search_term_string\"}}],\"inLanguage\":\"es\"},{\"@type\":\"Organization\",\"@id\":\"https:\\\/\\\/www.eldiariodetucuman.com\\\/web\\\/#organization\",\"name\":\"El Diario de Tucuman\",\"url\":\"https:\\\/\\\/www.eldiariodetucuman.com\\\/web\\\/\",\"logo\":{\"@type\":\"ImageObject\",\"inLanguage\":\"es\",\"@id\":\"https:\\\/\\\/www.eldiariodetucuman.com\\\/web\\\/#\\\/schema\\\/logo\\\/image\\\/\",\"url\":\"http:\\\/\\\/www.eldiariodetucuman.com\\\/web\\\/wp-content\\\/uploads\\\/2017\\\/12\\\/el-diario-de-tucuman.jpg\",\"contentUrl\":\"http:\\\/\\\/www.eldiariodetucuman.com\\\/web\\\/wp-content\\\/uploads\\\/2017\\\/12\\\/el-diario-de-tucuman.jpg\",\"width\":272,\"height\":92,\"caption\":\"El Diario de Tucuman\"},\"image\":{\"@id\":\"https:\\\/\\\/www.eldiariodetucuman.com\\\/web\\\/#\\\/schema\\\/logo\\\/image\\\/\"}},{\"@type\":\"Person\",\"@id\":\"https:\\\/\\\/www.eldiariodetucuman.com\\\/web\\\/#\\\/schema\\\/person\\\/9250197d75ab5483412e19678b121caa\",\"name\":\"admin\",\"image\":{\"@type\":\"ImageObject\",\"inLanguage\":\"es\",\"@id\":\"https:\\\/\\\/secure.gravatar.com\\\/avatar\\\/c44d117c2be811212c22cb481f6b8384b6873de103fbc49e7a03cc58d7dea4ac?s=96&d=mm&r=g\",\"url\":\"https:\\\/\\\/secure.gravatar.com\\\/avatar\\\/c44d117c2be811212c22cb481f6b8384b6873de103fbc49e7a03cc58d7dea4ac?s=96&d=mm&r=g\",\"contentUrl\":\"https:\\\/\\\/secure.gravatar.com\\\/avatar\\\/c44d117c2be811212c22cb481f6b8384b6873de103fbc49e7a03cc58d7dea4ac?s=96&d=mm&r=g\",\"caption\":\"admin\"},\"url\":\"https:\\\/\\\/www.eldiariodetucuman.com\\\/web\\\/author\\\/admin\\\/\"}]}<\/script>\n<!-- \/ Yoast SEO plugin. -->","yoast_head_json":{"title":"\u0093El macrismo busca consolidar un populismo violento de derecha\u0094 - El Diario de Tucuman","robots":{"index":"index","follow":"follow","max-snippet":"max-snippet:-1","max-image-preview":"max-image-preview:large","max-video-preview":"max-video-preview:-1"},"canonical":"https:\/\/www.eldiariodetucuman.com\/web\/\u0093el-macrismo-busca-consolidar-un-populismo-violento-de-derecha\u0094\/","og_locale":"es_ES","og_type":"article","og_title":"\u0093El macrismo busca consolidar un populismo violento de derecha\u0094 - El Diario de Tucuman","og_description":"Juan Grabois cada vez se posiciona m\u00e1s cerca de la expresidenta,\u00a0Cristina Fern\u00e1ndez de Kirchner, y se muestra como un contrapunto con los funcionarios del Gobierno de Mauricio Macri, a los que tilda de &#8220;fascistas&#8221; en cada entrevista radial, televisiva o gr\u00e1fica que realiza. &#8220;Son provocadores&#8221;, lanz\u00f3 esta ma\u00f1ana, en referencia a los dichos del secretario [&hellip;]","og_url":"https:\/\/www.eldiariodetucuman.com\/web\/\u0093el-macrismo-busca-consolidar-un-populismo-violento-de-derecha\u0094\/","og_site_name":"El Diario de Tucuman","article_published_time":"2018-10-09T15:37:23+00:00","article_modified_time":"2018-10-09T15:37:34+00:00","og_image":[{"width":960,"height":540,"url":"https:\/\/www.eldiariodetucuman.com\/web\/wp-content\/uploads\/2018\/10\/52a37a0a09b2c9d4dacbfa53d7c8a433.jpeg","type":"image\/jpeg"}],"author":"admin","twitter_card":"summary_large_image","twitter_misc":{"Escrito por":"admin","Tiempo de lectura":"2 minutos"},"schema":{"@context":"https:\/\/schema.org","@graph":[{"@type":"Article","@id":"https:\/\/www.eldiariodetucuman.com\/web\/%c2%93el-macrismo-busca-consolidar-un-populismo-violento-de-derecha%c2%94\/#article","isPartOf":{"@id":"https:\/\/www.eldiariodetucuman.com\/web\/%c2%93el-macrismo-busca-consolidar-un-populismo-violento-de-derecha%c2%94\/"},"author":{"name":"admin","@id":"https:\/\/www.eldiariodetucuman.com\/web\/#\/schema\/person\/9250197d75ab5483412e19678b121caa"},"headline":"\u0093El macrismo busca consolidar un populismo violento de derecha\u0094","datePublished":"2018-10-09T15:37:23+00:00","dateModified":"2018-10-09T15:37:34+00:00","mainEntityOfPage":{"@id":"https:\/\/www.eldiariodetucuman.com\/web\/%c2%93el-macrismo-busca-consolidar-un-populismo-violento-de-derecha%c2%94\/"},"wordCount":389,"commentCount":0,"publisher":{"@id":"https:\/\/www.eldiariodetucuman.com\/web\/#organization"},"image":{"@id":"https:\/\/www.eldiariodetucuman.com\/web\/%c2%93el-macrismo-busca-consolidar-un-populismo-violento-de-derecha%c2%94\/#primaryimage"},"thumbnailUrl":"https:\/\/www.eldiariodetucuman.com\/web\/wp-content\/uploads\/2018\/10\/52a37a0a09b2c9d4dacbfa53d7c8a433.jpeg","articleSection":["Portada"],"inLanguage":"es","potentialAction":[{"@type":"CommentAction","name":"Comment","target":["https:\/\/www.eldiariodetucuman.com\/web\/%c2%93el-macrismo-busca-consolidar-un-populismo-violento-de-derecha%c2%94\/#respond"]}]},{"@type":"WebPage","@id":"https:\/\/www.eldiariodetucuman.com\/web\/%c2%93el-macrismo-busca-consolidar-un-populismo-violento-de-derecha%c2%94\/","url":"https:\/\/www.eldiariodetucuman.com\/web\/%c2%93el-macrismo-busca-consolidar-un-populismo-violento-de-derecha%c2%94\/","name":"\u0093El macrismo busca consolidar un populismo violento de derecha\u0094 - El Diario de Tucuman","isPartOf":{"@id":"https:\/\/www.eldiariodetucuman.com\/web\/#website"},"primaryImageOfPage":{"@id":"https:\/\/www.eldiariodetucuman.com\/web\/%c2%93el-macrismo-busca-consolidar-un-populismo-violento-de-derecha%c2%94\/#primaryimage"},"image":{"@id":"https:\/\/www.eldiariodetucuman.com\/web\/%c2%93el-macrismo-busca-consolidar-un-populismo-violento-de-derecha%c2%94\/#primaryimage"},"thumbnailUrl":"https:\/\/www.eldiariodetucuman.com\/web\/wp-content\/uploads\/2018\/10\/52a37a0a09b2c9d4dacbfa53d7c8a433.jpeg","datePublished":"2018-10-09T15:37:23+00:00","dateModified":"2018-10-09T15:37:34+00:00","breadcrumb":{"@id":"https:\/\/www.eldiariodetucuman.com\/web\/%c2%93el-macrismo-busca-consolidar-un-populismo-violento-de-derecha%c2%94\/#breadcrumb"},"inLanguage":"es","potentialAction":[{"@type":"ReadAction","target":["https:\/\/www.eldiariodetucuman.com\/web\/%c2%93el-macrismo-busca-consolidar-un-populismo-violento-de-derecha%c2%94\/"]}]},{"@type":"ImageObject","inLanguage":"es","@id":"https:\/\/www.eldiariodetucuman.com\/web\/%c2%93el-macrismo-busca-consolidar-un-populismo-violento-de-derecha%c2%94\/#primaryimage","url":"https:\/\/www.eldiariodetucuman.com\/web\/wp-content\/uploads\/2018\/10\/52a37a0a09b2c9d4dacbfa53d7c8a433.jpeg","contentUrl":"https:\/\/www.eldiariodetucuman.com\/web\/wp-content\/uploads\/2018\/10\/52a37a0a09b2c9d4dacbfa53d7c8a433.jpeg","width":960,"height":540},{"@type":"BreadcrumbList","@id":"https:\/\/www.eldiariodetucuman.com\/web\/%c2%93el-macrismo-busca-consolidar-un-populismo-violento-de-derecha%c2%94\/#breadcrumb","itemListElement":[{"@type":"ListItem","position":1,"name":"Portada","item":"https:\/\/www.eldiariodetucuman.com\/web\/"},{"@type":"ListItem","position":2,"name":"\u0093El macrismo busca consolidar un populismo violento de derecha\u0094"}]},{"@type":"WebSite","@id":"https:\/\/www.eldiariodetucuman.com\/web\/#website","url":"https:\/\/www.eldiariodetucuman.com\/web\/","name":"El Diario de Tucuman","description":"Diario Tucuman - Informaci\u00f3n y noticias","publisher":{"@id":"https:\/\/www.eldiariodetucuman.com\/web\/#organization"},"potentialAction":[{"@type":"SearchAction","target":{"@type":"EntryPoint","urlTemplate":"https:\/\/www.eldiariodetucuman.com\/web\/?s={search_term_string}"},"query-input":{"@type":"PropertyValueSpecification","valueRequired":true,"valueName":"search_term_string"}}],"inLanguage":"es"},{"@type":"Organization","@id":"https:\/\/www.eldiariodetucuman.com\/web\/#organization","name":"El Diario de Tucuman","url":"https:\/\/www.eldiariodetucuman.com\/web\/","logo":{"@type":"ImageObject","inLanguage":"es","@id":"https:\/\/www.eldiariodetucuman.com\/web\/#\/schema\/logo\/image\/","url":"http:\/\/www.eldiariodetucuman.com\/web\/wp-content\/uploads\/2017\/12\/el-diario-de-tucuman.jpg","contentUrl":"http:\/\/www.eldiariodetucuman.com\/web\/wp-content\/uploads\/2017\/12\/el-diario-de-tucuman.jpg","width":272,"height":92,"caption":"El Diario de Tucuman"},"image":{"@id":"https:\/\/www.eldiariodetucuman.com\/web\/#\/schema\/logo\/image\/"}},{"@type":"Person","@id":"https:\/\/www.eldiariodetucuman.com\/web\/#\/schema\/person\/9250197d75ab5483412e19678b121caa","name":"admin","image":{"@type":"ImageObject","inLanguage":"es","@id":"https:\/\/secure.gravatar.com\/avatar\/c44d117c2be811212c22cb481f6b8384b6873de103fbc49e7a03cc58d7dea4ac?s=96&d=mm&r=g","url":"https:\/\/secure.gravatar.com\/avatar\/c44d117c2be811212c22cb481f6b8384b6873de103fbc49e7a03cc58d7dea4ac?s=96&d=mm&r=g","contentUrl":"https:\/\/secure.gravatar.com\/avatar\/c44d117c2be811212c22cb481f6b8384b6873de103fbc49e7a03cc58d7dea4ac?s=96&d=mm&r=g","caption":"admin"},"url":"https:\/\/www.eldiariodetucuman.com\/web\/author\/admin\/"}]}},"_links":{"self":[{"href":"https:\/\/www.eldiariodetucuman.com\/web\/wp-json\/wp\/v2\/posts\/17818","targetHints":{"allow":["GET"]}}],"collection":[{"href":"https:\/\/www.eldiariodetucuman.com\/web\/wp-json\/wp\/v2\/posts"}],"about":[{"href":"https:\/\/www.eldiariodetucuman.com\/web\/wp-json\/wp\/v2\/types\/post"}],"author":[{"embeddable":true,"href":"https:\/\/www.eldiariodetucuman.com\/web\/wp-json\/wp\/v2\/users\/1"}],"replies":[{"embeddable":true,"href":"https:\/\/www.eldiariodetucuman.com\/web\/wp-json\/wp\/v2\/comments?post=17818"}],"version-history":[{"count":1,"href":"https:\/\/www.eldiariodetucuman.com\/web\/wp-json\/wp\/v2\/posts\/17818\/revisions"}],"predecessor-version":[{"id":17820,"href":"https:\/\/www.eldiariodetucuman.com\/web\/wp-json\/wp\/v2\/posts\/17818\/revisions\/17820"}],"wp:featuredmedia":[{"embeddable":true,"href":"https:\/\/www.eldiariodetucuman.com\/web\/wp-json\/wp\/v2\/media\/17819"}],"wp:attachment":[{"href":"https:\/\/www.eldiariodetucuman.com\/web\/wp-json\/wp\/v2\/media?parent=17818"}],"wp:term":[{"taxonomy":"category","embeddable":true,"href":"https:\/\/www.eldiariodetucuman.com\/web\/wp-json\/wp\/v2\/categories?post=17818"},{"taxonomy":"post_tag","embeddable":true,"href":"https:\/\/www.eldiariodetucuman.com\/web\/wp-json\/wp\/v2\/tags?post=17818"}],"curies":[{"name":"wp","href":"https:\/\/api.w.org\/{rel}","templated":true}]}}