{"id":17815,"date":"2018-10-09T12:08:45","date_gmt":"2018-10-09T15:08:45","guid":{"rendered":"http:\/\/www.eldiariodetucuman.com\/web\/desarrollo-y-solidaridad-barrial-se-vive-en-la-costanera-norte\/"},"modified":"2018-10-09T12:08:48","modified_gmt":"2018-10-09T15:08:48","slug":"desarrollo-y-solidaridad-barrial-se-vive-en-la-costanera-norte","status":"publish","type":"post","link":"https:\/\/www.eldiariodetucuman.com\/web\/desarrollo-y-solidaridad-barrial-se-vive-en-la-costanera-norte\/","title":{"rendered":"Desarrollo y solidaridad barrial se vive en la Costanera Norte"},"content":{"rendered":"<div>\n<div readability=\"70\">\n<p>El gobernador, <strong>Juan Manzur<\/strong>,\u00a0recorri\u00f3 el Barrio Costanera Norte de la capital tucumana, donde el Estado construy\u00f3 soluciones habitacionales para los vecinos. Acompa\u00f1amiento para que las familias puedan concretar el sue\u00f1o de una vivienda digna<\/p>\n<blockquote readability=\"9\">\n<p>Esto tiene que ver con la decisi\u00f3n pol\u00edtica del Gobierno de la provincia de que en momentos dif\u00edciles como los que nos toca vivir se continua trabajando para la gente.Todos los d\u00edas con el Vicegobernador recorremos los lugares m\u00e1s\u00a0 necesitados y conversamos con los vecinos para darles en la medida que se pueda una respuesta\u201d, afirm\u00f3 el Primer Mandatario y agreg\u00f3: \u201cEstas son las peque\u00f1as grandes obras que tiene que ver con que las familias tucumanas est\u00e9n mejor. Hoy damos un paso m\u00e1s hacia adelante. Hay que seguir esforz\u00e1ndose por medio de la solidaridad para llevar adelante estas acciones\u201d.<\/p>\n<\/blockquote>\n<p><strong>El Frente Barrial y Social Costanero en movimiento<\/strong>\u00a0se presenta como una agrupaci\u00f3n donde los vecinos de la zona son los actores centrales de la transformaci\u00f3n. A trav\u00e9s de la provisi\u00f3n por parte del Estado de infraestructura y la participaci\u00f3n del Frente barrial se trabaja en el mejoramiento de los m\u00f3dulos habitacionales.<\/p>\n<p>Los m\u00f3dulos brindan un espacio digno para personas en situaci\u00f3n de vulnerabilidad de los barrios tucumanos.<\/p>\n<p>\u201cEste es el Tucum\u00e1n solidario que queremos en tiempos dif\u00edciles. El gobierno de Juan Manzur est\u00e1 dispuesto a ayudar y acompa\u00f1ar a los que m\u00e1s\u00a0necesitan\u201d,manifest\u00f3 por su parte, el vicegobernador,\u00a0<strong>Osvaldo Jaldo.<\/strong><\/p>\n<blockquote class=\"mom_quote \" readability=\"19\">\n<p><strong>Un sue\u00f1o concretado<\/strong><\/p>\n<p><strong>Celeste Cir<\/strong>, una vecina de la zona, fue una de las beneficiadas con una soluci\u00f3n habitacional, en la que vive junto a su marido y su hijo. \u201cAntes no ten\u00edamos un lugar propio; hoy nuestra familia cuenta con un ba\u00f1o, cocina y dormitorio digno que nos cambi\u00f3 a la vida\u201d, cont\u00f3.<\/p>\n<p>La familia de celeste solo ten\u00eda un cuarto y no contaba con recursos para construir su casa. Al principio compart\u00edan con la familia de su esposo, y \u201cde no tener casi nada a contar con el m\u00f3dulo habitacional, fue un gran adelanto para nosotros\u201d, expres\u00f3.<\/p>\n<\/blockquote>\n<p>El presidente del Concejo Deliberante, <strong>Armando Cortalezzi<\/strong> precis\u00f3 que el barrio se encuentra en uno de los sectores m\u00e1s populosos de San Miguel de Tucum\u00e1n. \u201ctrabajamos con la pol\u00edtica del Gobernador de estar en los lugares m\u00e1s vulnerables. En esta oportunidad hicimos las ampliaciones para que la familia pueda vivir mas c\u00f3modamente y vamos a seguir en este rumbo\u201d, concluy\u00f3.<\/p>\n<\/div>\n<\/div>\n<p>Fuente: http:\/\/comunicaciontucuman.gob.ar\/2018\/10\/desarrollo-y-solidaridad-barrial-se-vive-en-la-costanera-norte\/<\/p>\n","protected":false},"excerpt":{"rendered":"<p>El gobernador, Juan Manzur,\u00a0recorri\u00f3 el Barrio Costanera Norte de la capital tucumana, donde el Estado construy\u00f3 soluciones habitacionales para los vecinos. Acompa\u00f1amiento para que las familias puedan concretar el sue\u00f1o de una vivienda digna Esto tiene que ver con la decisi\u00f3n pol\u00edtica del Gobierno de la provincia de que en momentos dif\u00edciles como los que [&hellip;]<\/p>\n","protected":false},"author":1,"featured_media":17816,"comment_status":"open","ping_status":"closed","sticky":false,"template":"","format":"standard","meta":{"footnotes":""},"categories":[3],"tags":[],"class_list":{"0":"post-17815","1":"post","2":"type-post","3":"status-publish","4":"format-standard","5":"has-post-thumbnail","7":"category-politica"},"yoast_head":"<!-- This site is optimized with the Yoast SEO plugin v27.4 - https:\/\/yoast.com\/product\/yoast-seo-wordpress\/ -->\n<title>Desarrollo y solidaridad barrial se vive en la Costanera Norte - El Diario de Tucuman<\/title>\n<meta name=\"robots\" content=\"index, follow, max-snippet:-1, max-image-preview:large, max-video-preview:-1\" \/>\n<link rel=\"canonical\" href=\"https:\/\/www.eldiariodetucuman.com\/web\/desarrollo-y-solidaridad-barrial-se-vive-en-la-costanera-norte\/\" \/>\n<meta property=\"og:locale\" content=\"es_ES\" \/>\n<meta property=\"og:type\" content=\"article\" \/>\n<meta property=\"og:title\" content=\"Desarrollo y solidaridad barrial se vive en la Costanera Norte - El Diario de Tucuman\" \/>\n<meta property=\"og:description\" content=\"El gobernador, Juan Manzur,\u00a0recorri\u00f3 el Barrio Costanera Norte de la capital tucumana, donde el Estado construy\u00f3 soluciones habitacionales para los vecinos. Acompa\u00f1amiento para que las familias puedan concretar el sue\u00f1o de una vivienda digna Esto tiene que ver con la decisi\u00f3n pol\u00edtica del Gobierno de la provincia de que en momentos dif\u00edciles como los que [&hellip;]\" \/>\n<meta property=\"og:url\" content=\"https:\/\/www.eldiariodetucuman.com\/web\/desarrollo-y-solidaridad-barrial-se-vive-en-la-costanera-norte\/\" \/>\n<meta property=\"og:site_name\" content=\"El Diario de Tucuman\" \/>\n<meta property=\"article:published_time\" content=\"2018-10-09T15:08:45+00:00\" \/>\n<meta property=\"article:modified_time\" content=\"2018-10-09T15:08:48+00:00\" \/>\n<meta property=\"og:image\" content=\"https:\/\/www.eldiariodetucuman.com\/web\/wp-content\/uploads\/2018\/10\/3ec45f0c177e57b1e08e35ea86001b9b.jpeg\" \/>\n\t<meta property=\"og:image:width\" content=\"300\" \/>\n\t<meta property=\"og:image:height\" content=\"166\" \/>\n\t<meta property=\"og:image:type\" content=\"image\/jpeg\" \/>\n<meta name=\"author\" content=\"admin\" \/>\n<meta name=\"twitter:card\" content=\"summary_large_image\" \/>\n<meta name=\"twitter:label1\" content=\"Escrito por\" \/>\n\t<meta name=\"twitter:data1\" content=\"admin\" \/>\n\t<meta name=\"twitter:label2\" content=\"Tiempo de lectura\" \/>\n\t<meta name=\"twitter:data2\" content=\"2 minutos\" \/>\n<script type=\"application\/ld+json\" class=\"yoast-schema-graph\">{\"@context\":\"https:\\\/\\\/schema.org\",\"@graph\":[{\"@type\":\"Article\",\"@id\":\"https:\\\/\\\/www.eldiariodetucuman.com\\\/web\\\/desarrollo-y-solidaridad-barrial-se-vive-en-la-costanera-norte\\\/#article\",\"isPartOf\":{\"@id\":\"https:\\\/\\\/www.eldiariodetucuman.com\\\/web\\\/desarrollo-y-solidaridad-barrial-se-vive-en-la-costanera-norte\\\/\"},\"author\":{\"name\":\"admin\",\"@id\":\"https:\\\/\\\/www.eldiariodetucuman.com\\\/web\\\/#\\\/schema\\\/person\\\/9250197d75ab5483412e19678b121caa\"},\"headline\":\"Desarrollo y solidaridad barrial se vive en la Costanera Norte\",\"datePublished\":\"2018-10-09T15:08:45+00:00\",\"dateModified\":\"2018-10-09T15:08:48+00:00\",\"mainEntityOfPage\":{\"@id\":\"https:\\\/\\\/www.eldiariodetucuman.com\\\/web\\\/desarrollo-y-solidaridad-barrial-se-vive-en-la-costanera-norte\\\/\"},\"wordCount\":447,\"commentCount\":0,\"publisher\":{\"@id\":\"https:\\\/\\\/www.eldiariodetucuman.com\\\/web\\\/#organization\"},\"image\":{\"@id\":\"https:\\\/\\\/www.eldiariodetucuman.com\\\/web\\\/desarrollo-y-solidaridad-barrial-se-vive-en-la-costanera-norte\\\/#primaryimage\"},\"thumbnailUrl\":\"https:\\\/\\\/www.eldiariodetucuman.com\\\/web\\\/wp-content\\\/uploads\\\/2018\\\/10\\\/3ec45f0c177e57b1e08e35ea86001b9b.jpeg\",\"articleSection\":[\"Politica\"],\"inLanguage\":\"es\",\"potentialAction\":[{\"@type\":\"CommentAction\",\"name\":\"Comment\",\"target\":[\"https:\\\/\\\/www.eldiariodetucuman.com\\\/web\\\/desarrollo-y-solidaridad-barrial-se-vive-en-la-costanera-norte\\\/#respond\"]}]},{\"@type\":\"WebPage\",\"@id\":\"https:\\\/\\\/www.eldiariodetucuman.com\\\/web\\\/desarrollo-y-solidaridad-barrial-se-vive-en-la-costanera-norte\\\/\",\"url\":\"https:\\\/\\\/www.eldiariodetucuman.com\\\/web\\\/desarrollo-y-solidaridad-barrial-se-vive-en-la-costanera-norte\\\/\",\"name\":\"Desarrollo y solidaridad barrial se vive en la Costanera Norte - El Diario de Tucuman\",\"isPartOf\":{\"@id\":\"https:\\\/\\\/www.eldiariodetucuman.com\\\/web\\\/#website\"},\"primaryImageOfPage\":{\"@id\":\"https:\\\/\\\/www.eldiariodetucuman.com\\\/web\\\/desarrollo-y-solidaridad-barrial-se-vive-en-la-costanera-norte\\\/#primaryimage\"},\"image\":{\"@id\":\"https:\\\/\\\/www.eldiariodetucuman.com\\\/web\\\/desarrollo-y-solidaridad-barrial-se-vive-en-la-costanera-norte\\\/#primaryimage\"},\"thumbnailUrl\":\"https:\\\/\\\/www.eldiariodetucuman.com\\\/web\\\/wp-content\\\/uploads\\\/2018\\\/10\\\/3ec45f0c177e57b1e08e35ea86001b9b.jpeg\",\"datePublished\":\"2018-10-09T15:08:45+00:00\",\"dateModified\":\"2018-10-09T15:08:48+00:00\",\"breadcrumb\":{\"@id\":\"https:\\\/\\\/www.eldiariodetucuman.com\\\/web\\\/desarrollo-y-solidaridad-barrial-se-vive-en-la-costanera-norte\\\/#breadcrumb\"},\"inLanguage\":\"es\",\"potentialAction\":[{\"@type\":\"ReadAction\",\"target\":[\"https:\\\/\\\/www.eldiariodetucuman.com\\\/web\\\/desarrollo-y-solidaridad-barrial-se-vive-en-la-costanera-norte\\\/\"]}]},{\"@type\":\"ImageObject\",\"inLanguage\":\"es\",\"@id\":\"https:\\\/\\\/www.eldiariodetucuman.com\\\/web\\\/desarrollo-y-solidaridad-barrial-se-vive-en-la-costanera-norte\\\/#primaryimage\",\"url\":\"https:\\\/\\\/www.eldiariodetucuman.com\\\/web\\\/wp-content\\\/uploads\\\/2018\\\/10\\\/3ec45f0c177e57b1e08e35ea86001b9b.jpeg\",\"contentUrl\":\"https:\\\/\\\/www.eldiariodetucuman.com\\\/web\\\/wp-content\\\/uploads\\\/2018\\\/10\\\/3ec45f0c177e57b1e08e35ea86001b9b.jpeg\",\"width\":300,\"height\":166},{\"@type\":\"BreadcrumbList\",\"@id\":\"https:\\\/\\\/www.eldiariodetucuman.com\\\/web\\\/desarrollo-y-solidaridad-barrial-se-vive-en-la-costanera-norte\\\/#breadcrumb\",\"itemListElement\":[{\"@type\":\"ListItem\",\"position\":1,\"name\":\"Portada\",\"item\":\"https:\\\/\\\/www.eldiariodetucuman.com\\\/web\\\/\"},{\"@type\":\"ListItem\",\"position\":2,\"name\":\"Desarrollo y solidaridad barrial se vive en la Costanera Norte\"}]},{\"@type\":\"WebSite\",\"@id\":\"https:\\\/\\\/www.eldiariodetucuman.com\\\/web\\\/#website\",\"url\":\"https:\\\/\\\/www.eldiariodetucuman.com\\\/web\\\/\",\"name\":\"El Diario de Tucuman\",\"description\":\"Diario Tucuman - Informaci\u00f3n y noticias\",\"publisher\":{\"@id\":\"https:\\\/\\\/www.eldiariodetucuman.com\\\/web\\\/#organization\"},\"potentialAction\":[{\"@type\":\"SearchAction\",\"target\":{\"@type\":\"EntryPoint\",\"urlTemplate\":\"https:\\\/\\\/www.eldiariodetucuman.com\\\/web\\\/?s={search_term_string}\"},\"query-input\":{\"@type\":\"PropertyValueSpecification\",\"valueRequired\":true,\"valueName\":\"search_term_string\"}}],\"inLanguage\":\"es\"},{\"@type\":\"Organization\",\"@id\":\"https:\\\/\\\/www.eldiariodetucuman.com\\\/web\\\/#organization\",\"name\":\"El Diario de Tucuman\",\"url\":\"https:\\\/\\\/www.eldiariodetucuman.com\\\/web\\\/\",\"logo\":{\"@type\":\"ImageObject\",\"inLanguage\":\"es\",\"@id\":\"https:\\\/\\\/www.eldiariodetucuman.com\\\/web\\\/#\\\/schema\\\/logo\\\/image\\\/\",\"url\":\"http:\\\/\\\/www.eldiariodetucuman.com\\\/web\\\/wp-content\\\/uploads\\\/2017\\\/12\\\/el-diario-de-tucuman.jpg\",\"contentUrl\":\"http:\\\/\\\/www.eldiariodetucuman.com\\\/web\\\/wp-content\\\/uploads\\\/2017\\\/12\\\/el-diario-de-tucuman.jpg\",\"width\":272,\"height\":92,\"caption\":\"El Diario de Tucuman\"},\"image\":{\"@id\":\"https:\\\/\\\/www.eldiariodetucuman.com\\\/web\\\/#\\\/schema\\\/logo\\\/image\\\/\"}},{\"@type\":\"Person\",\"@id\":\"https:\\\/\\\/www.eldiariodetucuman.com\\\/web\\\/#\\\/schema\\\/person\\\/9250197d75ab5483412e19678b121caa\",\"name\":\"admin\",\"image\":{\"@type\":\"ImageObject\",\"inLanguage\":\"es\",\"@id\":\"https:\\\/\\\/secure.gravatar.com\\\/avatar\\\/c44d117c2be811212c22cb481f6b8384b6873de103fbc49e7a03cc58d7dea4ac?s=96&d=mm&r=g\",\"url\":\"https:\\\/\\\/secure.gravatar.com\\\/avatar\\\/c44d117c2be811212c22cb481f6b8384b6873de103fbc49e7a03cc58d7dea4ac?s=96&d=mm&r=g\",\"contentUrl\":\"https:\\\/\\\/secure.gravatar.com\\\/avatar\\\/c44d117c2be811212c22cb481f6b8384b6873de103fbc49e7a03cc58d7dea4ac?s=96&d=mm&r=g\",\"caption\":\"admin\"},\"url\":\"https:\\\/\\\/www.eldiariodetucuman.com\\\/web\\\/author\\\/admin\\\/\"}]}<\/script>\n<!-- \/ Yoast SEO plugin. -->","yoast_head_json":{"title":"Desarrollo y solidaridad barrial se vive en la Costanera Norte - El Diario de Tucuman","robots":{"index":"index","follow":"follow","max-snippet":"max-snippet:-1","max-image-preview":"max-image-preview:large","max-video-preview":"max-video-preview:-1"},"canonical":"https:\/\/www.eldiariodetucuman.com\/web\/desarrollo-y-solidaridad-barrial-se-vive-en-la-costanera-norte\/","og_locale":"es_ES","og_type":"article","og_title":"Desarrollo y solidaridad barrial se vive en la Costanera Norte - El Diario de Tucuman","og_description":"El gobernador, Juan Manzur,\u00a0recorri\u00f3 el Barrio Costanera Norte de la capital tucumana, donde el Estado construy\u00f3 soluciones habitacionales para los vecinos. Acompa\u00f1amiento para que las familias puedan concretar el sue\u00f1o de una vivienda digna Esto tiene que ver con la decisi\u00f3n pol\u00edtica del Gobierno de la provincia de que en momentos dif\u00edciles como los que [&hellip;]","og_url":"https:\/\/www.eldiariodetucuman.com\/web\/desarrollo-y-solidaridad-barrial-se-vive-en-la-costanera-norte\/","og_site_name":"El Diario de Tucuman","article_published_time":"2018-10-09T15:08:45+00:00","article_modified_time":"2018-10-09T15:08:48+00:00","og_image":[{"width":300,"height":166,"url":"https:\/\/www.eldiariodetucuman.com\/web\/wp-content\/uploads\/2018\/10\/3ec45f0c177e57b1e08e35ea86001b9b.jpeg","type":"image\/jpeg"}],"author":"admin","twitter_card":"summary_large_image","twitter_misc":{"Escrito por":"admin","Tiempo de lectura":"2 minutos"},"schema":{"@context":"https:\/\/schema.org","@graph":[{"@type":"Article","@id":"https:\/\/www.eldiariodetucuman.com\/web\/desarrollo-y-solidaridad-barrial-se-vive-en-la-costanera-norte\/#article","isPartOf":{"@id":"https:\/\/www.eldiariodetucuman.com\/web\/desarrollo-y-solidaridad-barrial-se-vive-en-la-costanera-norte\/"},"author":{"name":"admin","@id":"https:\/\/www.eldiariodetucuman.com\/web\/#\/schema\/person\/9250197d75ab5483412e19678b121caa"},"headline":"Desarrollo y solidaridad barrial se vive en la Costanera Norte","datePublished":"2018-10-09T15:08:45+00:00","dateModified":"2018-10-09T15:08:48+00:00","mainEntityOfPage":{"@id":"https:\/\/www.eldiariodetucuman.com\/web\/desarrollo-y-solidaridad-barrial-se-vive-en-la-costanera-norte\/"},"wordCount":447,"commentCount":0,"publisher":{"@id":"https:\/\/www.eldiariodetucuman.com\/web\/#organization"},"image":{"@id":"https:\/\/www.eldiariodetucuman.com\/web\/desarrollo-y-solidaridad-barrial-se-vive-en-la-costanera-norte\/#primaryimage"},"thumbnailUrl":"https:\/\/www.eldiariodetucuman.com\/web\/wp-content\/uploads\/2018\/10\/3ec45f0c177e57b1e08e35ea86001b9b.jpeg","articleSection":["Politica"],"inLanguage":"es","potentialAction":[{"@type":"CommentAction","name":"Comment","target":["https:\/\/www.eldiariodetucuman.com\/web\/desarrollo-y-solidaridad-barrial-se-vive-en-la-costanera-norte\/#respond"]}]},{"@type":"WebPage","@id":"https:\/\/www.eldiariodetucuman.com\/web\/desarrollo-y-solidaridad-barrial-se-vive-en-la-costanera-norte\/","url":"https:\/\/www.eldiariodetucuman.com\/web\/desarrollo-y-solidaridad-barrial-se-vive-en-la-costanera-norte\/","name":"Desarrollo y solidaridad barrial se vive en la Costanera Norte - El Diario de Tucuman","isPartOf":{"@id":"https:\/\/www.eldiariodetucuman.com\/web\/#website"},"primaryImageOfPage":{"@id":"https:\/\/www.eldiariodetucuman.com\/web\/desarrollo-y-solidaridad-barrial-se-vive-en-la-costanera-norte\/#primaryimage"},"image":{"@id":"https:\/\/www.eldiariodetucuman.com\/web\/desarrollo-y-solidaridad-barrial-se-vive-en-la-costanera-norte\/#primaryimage"},"thumbnailUrl":"https:\/\/www.eldiariodetucuman.com\/web\/wp-content\/uploads\/2018\/10\/3ec45f0c177e57b1e08e35ea86001b9b.jpeg","datePublished":"2018-10-09T15:08:45+00:00","dateModified":"2018-10-09T15:08:48+00:00","breadcrumb":{"@id":"https:\/\/www.eldiariodetucuman.com\/web\/desarrollo-y-solidaridad-barrial-se-vive-en-la-costanera-norte\/#breadcrumb"},"inLanguage":"es","potentialAction":[{"@type":"ReadAction","target":["https:\/\/www.eldiariodetucuman.com\/web\/desarrollo-y-solidaridad-barrial-se-vive-en-la-costanera-norte\/"]}]},{"@type":"ImageObject","inLanguage":"es","@id":"https:\/\/www.eldiariodetucuman.com\/web\/desarrollo-y-solidaridad-barrial-se-vive-en-la-costanera-norte\/#primaryimage","url":"https:\/\/www.eldiariodetucuman.com\/web\/wp-content\/uploads\/2018\/10\/3ec45f0c177e57b1e08e35ea86001b9b.jpeg","contentUrl":"https:\/\/www.eldiariodetucuman.com\/web\/wp-content\/uploads\/2018\/10\/3ec45f0c177e57b1e08e35ea86001b9b.jpeg","width":300,"height":166},{"@type":"BreadcrumbList","@id":"https:\/\/www.eldiariodetucuman.com\/web\/desarrollo-y-solidaridad-barrial-se-vive-en-la-costanera-norte\/#breadcrumb","itemListElement":[{"@type":"ListItem","position":1,"name":"Portada","item":"https:\/\/www.eldiariodetucuman.com\/web\/"},{"@type":"ListItem","position":2,"name":"Desarrollo y solidaridad barrial se vive en la Costanera Norte"}]},{"@type":"WebSite","@id":"https:\/\/www.eldiariodetucuman.com\/web\/#website","url":"https:\/\/www.eldiariodetucuman.com\/web\/","name":"El Diario de Tucuman","description":"Diario Tucuman - Informaci\u00f3n y noticias","publisher":{"@id":"https:\/\/www.eldiariodetucuman.com\/web\/#organization"},"potentialAction":[{"@type":"SearchAction","target":{"@type":"EntryPoint","urlTemplate":"https:\/\/www.eldiariodetucuman.com\/web\/?s={search_term_string}"},"query-input":{"@type":"PropertyValueSpecification","valueRequired":true,"valueName":"search_term_string"}}],"inLanguage":"es"},{"@type":"Organization","@id":"https:\/\/www.eldiariodetucuman.com\/web\/#organization","name":"El Diario de Tucuman","url":"https:\/\/www.eldiariodetucuman.com\/web\/","logo":{"@type":"ImageObject","inLanguage":"es","@id":"https:\/\/www.eldiariodetucuman.com\/web\/#\/schema\/logo\/image\/","url":"http:\/\/www.eldiariodetucuman.com\/web\/wp-content\/uploads\/2017\/12\/el-diario-de-tucuman.jpg","contentUrl":"http:\/\/www.eldiariodetucuman.com\/web\/wp-content\/uploads\/2017\/12\/el-diario-de-tucuman.jpg","width":272,"height":92,"caption":"El Diario de Tucuman"},"image":{"@id":"https:\/\/www.eldiariodetucuman.com\/web\/#\/schema\/logo\/image\/"}},{"@type":"Person","@id":"https:\/\/www.eldiariodetucuman.com\/web\/#\/schema\/person\/9250197d75ab5483412e19678b121caa","name":"admin","image":{"@type":"ImageObject","inLanguage":"es","@id":"https:\/\/secure.gravatar.com\/avatar\/c44d117c2be811212c22cb481f6b8384b6873de103fbc49e7a03cc58d7dea4ac?s=96&d=mm&r=g","url":"https:\/\/secure.gravatar.com\/avatar\/c44d117c2be811212c22cb481f6b8384b6873de103fbc49e7a03cc58d7dea4ac?s=96&d=mm&r=g","contentUrl":"https:\/\/secure.gravatar.com\/avatar\/c44d117c2be811212c22cb481f6b8384b6873de103fbc49e7a03cc58d7dea4ac?s=96&d=mm&r=g","caption":"admin"},"url":"https:\/\/www.eldiariodetucuman.com\/web\/author\/admin\/"}]}},"_links":{"self":[{"href":"https:\/\/www.eldiariodetucuman.com\/web\/wp-json\/wp\/v2\/posts\/17815","targetHints":{"allow":["GET"]}}],"collection":[{"href":"https:\/\/www.eldiariodetucuman.com\/web\/wp-json\/wp\/v2\/posts"}],"about":[{"href":"https:\/\/www.eldiariodetucuman.com\/web\/wp-json\/wp\/v2\/types\/post"}],"author":[{"embeddable":true,"href":"https:\/\/www.eldiariodetucuman.com\/web\/wp-json\/wp\/v2\/users\/1"}],"replies":[{"embeddable":true,"href":"https:\/\/www.eldiariodetucuman.com\/web\/wp-json\/wp\/v2\/comments?post=17815"}],"version-history":[{"count":1,"href":"https:\/\/www.eldiariodetucuman.com\/web\/wp-json\/wp\/v2\/posts\/17815\/revisions"}],"predecessor-version":[{"id":17817,"href":"https:\/\/www.eldiariodetucuman.com\/web\/wp-json\/wp\/v2\/posts\/17815\/revisions\/17817"}],"wp:featuredmedia":[{"embeddable":true,"href":"https:\/\/www.eldiariodetucuman.com\/web\/wp-json\/wp\/v2\/media\/17816"}],"wp:attachment":[{"href":"https:\/\/www.eldiariodetucuman.com\/web\/wp-json\/wp\/v2\/media?parent=17815"}],"wp:term":[{"taxonomy":"category","embeddable":true,"href":"https:\/\/www.eldiariodetucuman.com\/web\/wp-json\/wp\/v2\/categories?post=17815"},{"taxonomy":"post_tag","embeddable":true,"href":"https:\/\/www.eldiariodetucuman.com\/web\/wp-json\/wp\/v2\/tags?post=17815"}],"curies":[{"name":"wp","href":"https:\/\/api.w.org\/{rel}","templated":true}]}}