{"id":17811,"date":"2018-10-09T11:54:23","date_gmt":"2018-10-09T14:54:23","guid":{"rendered":"http:\/\/www.eldiariodetucuman.com\/web\/?p=17811"},"modified":"2018-10-09T11:58:52","modified_gmt":"2018-10-09T14:58:52","slug":"17-de-octubre-la-fecha-en-donde-el-peronismo-nacional-se-da-cita-en-tucuman","status":"publish","type":"post","link":"https:\/\/www.eldiariodetucuman.com\/web\/17-de-octubre-la-fecha-en-donde-el-peronismo-nacional-se-da-cita-en-tucuman\/","title":{"rendered":"17 de Octubre, la fecha en donde el peronismo nacional se da cita en Tucuman"},"content":{"rendered":"<p>El ministro de Gobierno,\u00a0<strong>Regino Amado<\/strong>, destac\u00f3 la participaci\u00f3n de los sindicatos en la reuni\u00f3n encabezada por el gobernador, Juan Manzur. \u201cEl Gobernador ha dejado de lado cualquier apetencia pol\u00edtica nacional para ser prenda de uni\u00f3n entre los compa\u00f1eros, buscando la unidad que nos lleve, con un trabajo serio, a ser gobierno nacional en 2019\u201d, valor\u00f3 el ministro provincial en una charla con LA GACETA.\u00a0<em>\u201cEl gobernador ha dejado de lado cualquier apetencia pol\u00edtica nacional\u201d, dijo amado<\/em> <!--more-->Respecto a los reclamos del alperovichismo por no haber invitado oficialmente al senador Jos\u00e9 Alperovich (quien adelant\u00f3 que ser\u00e1 candidato a gobernador el a\u00f1o que viene enfrentando a Manzur), Amado asegur\u00f3 que es imposible enviar tantas invitaciones. \u201cLa invitaci\u00f3n est\u00e1 hecha desde el partido, aunque quisi\u00e9semos, no podemos hacer invitaciones a m\u00e1s de 100.000 personas, que seguro tendr\u00e1 el acto\u201d.<\/p>\n<p>\u201cEsta ser\u00e1 una patriada grande por el peronismo tucumano, no hay muchos antecedentes en la historia de peronismo provincial de una convocatoria a nivel nacional. Eso les pido: tenemos que armar el mayor acto pol\u00edtico de la historia peronista en la provincia\u201d, se\u00f1al\u00f3 ayer Juan Manzur, quien estuvo acompa\u00f1ado por secretarios generales de cerca de 40 gremios. El mensaje fue claro: el renacimiento de un peronismo unido de cara a las elecciones de 2019.<\/p>\n<p>A pesar de que no se permiti\u00f3 el ingreso de periodistas al acto, LA GACETA pudo reconstruir gran parte del encuentro. Manzur habl\u00f3 poco m\u00e1s de media hora, tras una introducci\u00f3n del ministro de Gobierno y Justicia,\u00a0<strong>Regino Amado<\/strong>. El gobernador estuvo solo sobre la plataforma del Sal\u00f3n Blanco, frente a los dirigentes. Los ministros de su gabinete que lo acompa\u00f1aron se ubicaron en la primera fila.<\/p>\n","protected":false},"excerpt":{"rendered":"<p>El ministro de Gobierno,\u00a0Regino Amado, destac\u00f3 la participaci\u00f3n de los sindicatos en la reuni\u00f3n encabezada por el gobernador, Juan Manzur. \u201cEl Gobernador ha dejado de lado cualquier apetencia pol\u00edtica nacional para ser prenda de uni\u00f3n entre los compa\u00f1eros, buscando la unidad que nos lleve, con un trabajo serio, a ser gobierno nacional en 2019\u201d, valor\u00f3 [&hellip;]<\/p>\n","protected":false},"author":3,"featured_media":17812,"comment_status":"closed","ping_status":"open","sticky":false,"template":"","format":"standard","meta":{"footnotes":""},"categories":[3],"tags":[2103,1316,61],"class_list":{"0":"post-17811","1":"post","2":"type-post","3":"status-publish","4":"format-standard","5":"has-post-thumbnail","7":"category-politica","8":"tag-17-de-octubre","9":"tag-regino-amado","10":"tag-tucuman"},"yoast_head":"<!-- This site is optimized with the Yoast SEO plugin v27.4 - https:\/\/yoast.com\/product\/yoast-seo-wordpress\/ -->\n<title>17 de Octubre, la fecha en donde el peronismo nacional se da cita en Tucuman - El Diario de Tucuman<\/title>\n<meta name=\"robots\" content=\"index, follow, max-snippet:-1, max-image-preview:large, max-video-preview:-1\" \/>\n<link rel=\"canonical\" href=\"https:\/\/www.eldiariodetucuman.com\/web\/17-de-octubre-la-fecha-en-donde-el-peronismo-nacional-se-da-cita-en-tucuman\/\" \/>\n<meta property=\"og:locale\" content=\"es_ES\" \/>\n<meta property=\"og:type\" content=\"article\" \/>\n<meta property=\"og:title\" content=\"17 de Octubre, la fecha en donde el peronismo nacional se da cita en Tucuman - El Diario de Tucuman\" \/>\n<meta property=\"og:description\" content=\"El ministro de Gobierno,\u00a0Regino Amado, destac\u00f3 la participaci\u00f3n de los sindicatos en la reuni\u00f3n encabezada por el gobernador, Juan Manzur. \u201cEl Gobernador ha dejado de lado cualquier apetencia pol\u00edtica nacional para ser prenda de uni\u00f3n entre los compa\u00f1eros, buscando la unidad que nos lleve, con un trabajo serio, a ser gobierno nacional en 2019\u201d, valor\u00f3 [&hellip;]\" \/>\n<meta property=\"og:url\" content=\"https:\/\/www.eldiariodetucuman.com\/web\/17-de-octubre-la-fecha-en-donde-el-peronismo-nacional-se-da-cita-en-tucuman\/\" \/>\n<meta property=\"og:site_name\" content=\"El Diario de Tucuman\" \/>\n<meta property=\"article:published_time\" content=\"2018-10-09T14:54:23+00:00\" \/>\n<meta property=\"article:modified_time\" content=\"2018-10-09T14:58:52+00:00\" \/>\n<meta property=\"og:image\" content=\"https:\/\/www.eldiariodetucuman.com\/web\/wp-content\/uploads\/2018\/10\/regino-amado-17-de-octubre.jpg\" \/>\n\t<meta property=\"og:image:width\" content=\"970\" \/>\n\t<meta property=\"og:image:height\" content=\"727\" \/>\n\t<meta property=\"og:image:type\" content=\"image\/jpeg\" \/>\n<meta name=\"author\" content=\"El diario de Tucuman\" \/>\n<meta name=\"twitter:card\" content=\"summary_large_image\" \/>\n<meta name=\"twitter:label1\" content=\"Escrito por\" \/>\n\t<meta name=\"twitter:data1\" content=\"El diario de Tucuman\" \/>\n\t<meta name=\"twitter:label2\" content=\"Tiempo de lectura\" \/>\n\t<meta name=\"twitter:data2\" content=\"1 minuto\" \/>\n<script type=\"application\/ld+json\" class=\"yoast-schema-graph\">{\"@context\":\"https:\\\/\\\/schema.org\",\"@graph\":[{\"@type\":\"Article\",\"@id\":\"https:\\\/\\\/www.eldiariodetucuman.com\\\/web\\\/17-de-octubre-la-fecha-en-donde-el-peronismo-nacional-se-da-cita-en-tucuman\\\/#article\",\"isPartOf\":{\"@id\":\"https:\\\/\\\/www.eldiariodetucuman.com\\\/web\\\/17-de-octubre-la-fecha-en-donde-el-peronismo-nacional-se-da-cita-en-tucuman\\\/\"},\"author\":{\"name\":\"El diario de Tucuman\",\"@id\":\"https:\\\/\\\/www.eldiariodetucuman.com\\\/web\\\/#\\\/schema\\\/person\\\/3adbe300ecd6242af93c97dab1dc3ba1\"},\"headline\":\"17 de Octubre, la fecha en donde el peronismo nacional se da cita en Tucuman\",\"datePublished\":\"2018-10-09T14:54:23+00:00\",\"dateModified\":\"2018-10-09T14:58:52+00:00\",\"mainEntityOfPage\":{\"@id\":\"https:\\\/\\\/www.eldiariodetucuman.com\\\/web\\\/17-de-octubre-la-fecha-en-donde-el-peronismo-nacional-se-da-cita-en-tucuman\\\/\"},\"wordCount\":305,\"publisher\":{\"@id\":\"https:\\\/\\\/www.eldiariodetucuman.com\\\/web\\\/#organization\"},\"image\":{\"@id\":\"https:\\\/\\\/www.eldiariodetucuman.com\\\/web\\\/17-de-octubre-la-fecha-en-donde-el-peronismo-nacional-se-da-cita-en-tucuman\\\/#primaryimage\"},\"thumbnailUrl\":\"https:\\\/\\\/www.eldiariodetucuman.com\\\/web\\\/wp-content\\\/uploads\\\/2018\\\/10\\\/regino-amado-17-de-octubre.jpg\",\"keywords\":[\"17 de octubre\",\"Regino Amado\",\"Tucuman\"],\"articleSection\":[\"Politica\"],\"inLanguage\":\"es\"},{\"@type\":\"WebPage\",\"@id\":\"https:\\\/\\\/www.eldiariodetucuman.com\\\/web\\\/17-de-octubre-la-fecha-en-donde-el-peronismo-nacional-se-da-cita-en-tucuman\\\/\",\"url\":\"https:\\\/\\\/www.eldiariodetucuman.com\\\/web\\\/17-de-octubre-la-fecha-en-donde-el-peronismo-nacional-se-da-cita-en-tucuman\\\/\",\"name\":\"17 de Octubre, la fecha en donde el peronismo nacional se da cita en Tucuman - El Diario de Tucuman\",\"isPartOf\":{\"@id\":\"https:\\\/\\\/www.eldiariodetucuman.com\\\/web\\\/#website\"},\"primaryImageOfPage\":{\"@id\":\"https:\\\/\\\/www.eldiariodetucuman.com\\\/web\\\/17-de-octubre-la-fecha-en-donde-el-peronismo-nacional-se-da-cita-en-tucuman\\\/#primaryimage\"},\"image\":{\"@id\":\"https:\\\/\\\/www.eldiariodetucuman.com\\\/web\\\/17-de-octubre-la-fecha-en-donde-el-peronismo-nacional-se-da-cita-en-tucuman\\\/#primaryimage\"},\"thumbnailUrl\":\"https:\\\/\\\/www.eldiariodetucuman.com\\\/web\\\/wp-content\\\/uploads\\\/2018\\\/10\\\/regino-amado-17-de-octubre.jpg\",\"datePublished\":\"2018-10-09T14:54:23+00:00\",\"dateModified\":\"2018-10-09T14:58:52+00:00\",\"breadcrumb\":{\"@id\":\"https:\\\/\\\/www.eldiariodetucuman.com\\\/web\\\/17-de-octubre-la-fecha-en-donde-el-peronismo-nacional-se-da-cita-en-tucuman\\\/#breadcrumb\"},\"inLanguage\":\"es\",\"potentialAction\":[{\"@type\":\"ReadAction\",\"target\":[\"https:\\\/\\\/www.eldiariodetucuman.com\\\/web\\\/17-de-octubre-la-fecha-en-donde-el-peronismo-nacional-se-da-cita-en-tucuman\\\/\"]}]},{\"@type\":\"ImageObject\",\"inLanguage\":\"es\",\"@id\":\"https:\\\/\\\/www.eldiariodetucuman.com\\\/web\\\/17-de-octubre-la-fecha-en-donde-el-peronismo-nacional-se-da-cita-en-tucuman\\\/#primaryimage\",\"url\":\"https:\\\/\\\/www.eldiariodetucuman.com\\\/web\\\/wp-content\\\/uploads\\\/2018\\\/10\\\/regino-amado-17-de-octubre.jpg\",\"contentUrl\":\"https:\\\/\\\/www.eldiariodetucuman.com\\\/web\\\/wp-content\\\/uploads\\\/2018\\\/10\\\/regino-amado-17-de-octubre.jpg\",\"width\":970,\"height\":727},{\"@type\":\"BreadcrumbList\",\"@id\":\"https:\\\/\\\/www.eldiariodetucuman.com\\\/web\\\/17-de-octubre-la-fecha-en-donde-el-peronismo-nacional-se-da-cita-en-tucuman\\\/#breadcrumb\",\"itemListElement\":[{\"@type\":\"ListItem\",\"position\":1,\"name\":\"Portada\",\"item\":\"https:\\\/\\\/www.eldiariodetucuman.com\\\/web\\\/\"},{\"@type\":\"ListItem\",\"position\":2,\"name\":\"17 de Octubre, la fecha en donde el peronismo nacional se da cita en Tucuman\"}]},{\"@type\":\"WebSite\",\"@id\":\"https:\\\/\\\/www.eldiariodetucuman.com\\\/web\\\/#website\",\"url\":\"https:\\\/\\\/www.eldiariodetucuman.com\\\/web\\\/\",\"name\":\"El Diario de Tucuman\",\"description\":\"Diario Tucuman - Informaci\u00f3n y noticias\",\"publisher\":{\"@id\":\"https:\\\/\\\/www.eldiariodetucuman.com\\\/web\\\/#organization\"},\"potentialAction\":[{\"@type\":\"SearchAction\",\"target\":{\"@type\":\"EntryPoint\",\"urlTemplate\":\"https:\\\/\\\/www.eldiariodetucuman.com\\\/web\\\/?s={search_term_string}\"},\"query-input\":{\"@type\":\"PropertyValueSpecification\",\"valueRequired\":true,\"valueName\":\"search_term_string\"}}],\"inLanguage\":\"es\"},{\"@type\":\"Organization\",\"@id\":\"https:\\\/\\\/www.eldiariodetucuman.com\\\/web\\\/#organization\",\"name\":\"El Diario de Tucuman\",\"url\":\"https:\\\/\\\/www.eldiariodetucuman.com\\\/web\\\/\",\"logo\":{\"@type\":\"ImageObject\",\"inLanguage\":\"es\",\"@id\":\"https:\\\/\\\/www.eldiariodetucuman.com\\\/web\\\/#\\\/schema\\\/logo\\\/image\\\/\",\"url\":\"http:\\\/\\\/www.eldiariodetucuman.com\\\/web\\\/wp-content\\\/uploads\\\/2017\\\/12\\\/el-diario-de-tucuman.jpg\",\"contentUrl\":\"http:\\\/\\\/www.eldiariodetucuman.com\\\/web\\\/wp-content\\\/uploads\\\/2017\\\/12\\\/el-diario-de-tucuman.jpg\",\"width\":272,\"height\":92,\"caption\":\"El Diario de Tucuman\"},\"image\":{\"@id\":\"https:\\\/\\\/www.eldiariodetucuman.com\\\/web\\\/#\\\/schema\\\/logo\\\/image\\\/\"}},{\"@type\":\"Person\",\"@id\":\"https:\\\/\\\/www.eldiariodetucuman.com\\\/web\\\/#\\\/schema\\\/person\\\/3adbe300ecd6242af93c97dab1dc3ba1\",\"name\":\"El diario de Tucuman\",\"image\":{\"@type\":\"ImageObject\",\"inLanguage\":\"es\",\"@id\":\"https:\\\/\\\/secure.gravatar.com\\\/avatar\\\/b7214de193b24d0bd708ac5516aa13d0f20c6560795bfbee06857d5c8ac2f0b2?s=96&d=mm&r=g\",\"url\":\"https:\\\/\\\/secure.gravatar.com\\\/avatar\\\/b7214de193b24d0bd708ac5516aa13d0f20c6560795bfbee06857d5c8ac2f0b2?s=96&d=mm&r=g\",\"contentUrl\":\"https:\\\/\\\/secure.gravatar.com\\\/avatar\\\/b7214de193b24d0bd708ac5516aa13d0f20c6560795bfbee06857d5c8ac2f0b2?s=96&d=mm&r=g\",\"caption\":\"El diario de Tucuman\"},\"url\":\"https:\\\/\\\/www.eldiariodetucuman.com\\\/web\\\/author\\\/mgiobellina\\\/\"}]}<\/script>\n<!-- \/ Yoast SEO plugin. -->","yoast_head_json":{"title":"17 de Octubre, la fecha en donde el peronismo nacional se da cita en Tucuman - El Diario de Tucuman","robots":{"index":"index","follow":"follow","max-snippet":"max-snippet:-1","max-image-preview":"max-image-preview:large","max-video-preview":"max-video-preview:-1"},"canonical":"https:\/\/www.eldiariodetucuman.com\/web\/17-de-octubre-la-fecha-en-donde-el-peronismo-nacional-se-da-cita-en-tucuman\/","og_locale":"es_ES","og_type":"article","og_title":"17 de Octubre, la fecha en donde el peronismo nacional se da cita en Tucuman - El Diario de Tucuman","og_description":"El ministro de Gobierno,\u00a0Regino Amado, destac\u00f3 la participaci\u00f3n de los sindicatos en la reuni\u00f3n encabezada por el gobernador, Juan Manzur. \u201cEl Gobernador ha dejado de lado cualquier apetencia pol\u00edtica nacional para ser prenda de uni\u00f3n entre los compa\u00f1eros, buscando la unidad que nos lleve, con un trabajo serio, a ser gobierno nacional en 2019\u201d, valor\u00f3 [&hellip;]","og_url":"https:\/\/www.eldiariodetucuman.com\/web\/17-de-octubre-la-fecha-en-donde-el-peronismo-nacional-se-da-cita-en-tucuman\/","og_site_name":"El Diario de Tucuman","article_published_time":"2018-10-09T14:54:23+00:00","article_modified_time":"2018-10-09T14:58:52+00:00","og_image":[{"width":970,"height":727,"url":"https:\/\/www.eldiariodetucuman.com\/web\/wp-content\/uploads\/2018\/10\/regino-amado-17-de-octubre.jpg","type":"image\/jpeg"}],"author":"El diario de Tucuman","twitter_card":"summary_large_image","twitter_misc":{"Escrito por":"El diario de Tucuman","Tiempo de lectura":"1 minuto"},"schema":{"@context":"https:\/\/schema.org","@graph":[{"@type":"Article","@id":"https:\/\/www.eldiariodetucuman.com\/web\/17-de-octubre-la-fecha-en-donde-el-peronismo-nacional-se-da-cita-en-tucuman\/#article","isPartOf":{"@id":"https:\/\/www.eldiariodetucuman.com\/web\/17-de-octubre-la-fecha-en-donde-el-peronismo-nacional-se-da-cita-en-tucuman\/"},"author":{"name":"El diario de Tucuman","@id":"https:\/\/www.eldiariodetucuman.com\/web\/#\/schema\/person\/3adbe300ecd6242af93c97dab1dc3ba1"},"headline":"17 de Octubre, la fecha en donde el peronismo nacional se da cita en Tucuman","datePublished":"2018-10-09T14:54:23+00:00","dateModified":"2018-10-09T14:58:52+00:00","mainEntityOfPage":{"@id":"https:\/\/www.eldiariodetucuman.com\/web\/17-de-octubre-la-fecha-en-donde-el-peronismo-nacional-se-da-cita-en-tucuman\/"},"wordCount":305,"publisher":{"@id":"https:\/\/www.eldiariodetucuman.com\/web\/#organization"},"image":{"@id":"https:\/\/www.eldiariodetucuman.com\/web\/17-de-octubre-la-fecha-en-donde-el-peronismo-nacional-se-da-cita-en-tucuman\/#primaryimage"},"thumbnailUrl":"https:\/\/www.eldiariodetucuman.com\/web\/wp-content\/uploads\/2018\/10\/regino-amado-17-de-octubre.jpg","keywords":["17 de octubre","Regino Amado","Tucuman"],"articleSection":["Politica"],"inLanguage":"es"},{"@type":"WebPage","@id":"https:\/\/www.eldiariodetucuman.com\/web\/17-de-octubre-la-fecha-en-donde-el-peronismo-nacional-se-da-cita-en-tucuman\/","url":"https:\/\/www.eldiariodetucuman.com\/web\/17-de-octubre-la-fecha-en-donde-el-peronismo-nacional-se-da-cita-en-tucuman\/","name":"17 de Octubre, la fecha en donde el peronismo nacional se da cita en Tucuman - El Diario de Tucuman","isPartOf":{"@id":"https:\/\/www.eldiariodetucuman.com\/web\/#website"},"primaryImageOfPage":{"@id":"https:\/\/www.eldiariodetucuman.com\/web\/17-de-octubre-la-fecha-en-donde-el-peronismo-nacional-se-da-cita-en-tucuman\/#primaryimage"},"image":{"@id":"https:\/\/www.eldiariodetucuman.com\/web\/17-de-octubre-la-fecha-en-donde-el-peronismo-nacional-se-da-cita-en-tucuman\/#primaryimage"},"thumbnailUrl":"https:\/\/www.eldiariodetucuman.com\/web\/wp-content\/uploads\/2018\/10\/regino-amado-17-de-octubre.jpg","datePublished":"2018-10-09T14:54:23+00:00","dateModified":"2018-10-09T14:58:52+00:00","breadcrumb":{"@id":"https:\/\/www.eldiariodetucuman.com\/web\/17-de-octubre-la-fecha-en-donde-el-peronismo-nacional-se-da-cita-en-tucuman\/#breadcrumb"},"inLanguage":"es","potentialAction":[{"@type":"ReadAction","target":["https:\/\/www.eldiariodetucuman.com\/web\/17-de-octubre-la-fecha-en-donde-el-peronismo-nacional-se-da-cita-en-tucuman\/"]}]},{"@type":"ImageObject","inLanguage":"es","@id":"https:\/\/www.eldiariodetucuman.com\/web\/17-de-octubre-la-fecha-en-donde-el-peronismo-nacional-se-da-cita-en-tucuman\/#primaryimage","url":"https:\/\/www.eldiariodetucuman.com\/web\/wp-content\/uploads\/2018\/10\/regino-amado-17-de-octubre.jpg","contentUrl":"https:\/\/www.eldiariodetucuman.com\/web\/wp-content\/uploads\/2018\/10\/regino-amado-17-de-octubre.jpg","width":970,"height":727},{"@type":"BreadcrumbList","@id":"https:\/\/www.eldiariodetucuman.com\/web\/17-de-octubre-la-fecha-en-donde-el-peronismo-nacional-se-da-cita-en-tucuman\/#breadcrumb","itemListElement":[{"@type":"ListItem","position":1,"name":"Portada","item":"https:\/\/www.eldiariodetucuman.com\/web\/"},{"@type":"ListItem","position":2,"name":"17 de Octubre, la fecha en donde el peronismo nacional se da cita en Tucuman"}]},{"@type":"WebSite","@id":"https:\/\/www.eldiariodetucuman.com\/web\/#website","url":"https:\/\/www.eldiariodetucuman.com\/web\/","name":"El Diario de Tucuman","description":"Diario Tucuman - Informaci\u00f3n y noticias","publisher":{"@id":"https:\/\/www.eldiariodetucuman.com\/web\/#organization"},"potentialAction":[{"@type":"SearchAction","target":{"@type":"EntryPoint","urlTemplate":"https:\/\/www.eldiariodetucuman.com\/web\/?s={search_term_string}"},"query-input":{"@type":"PropertyValueSpecification","valueRequired":true,"valueName":"search_term_string"}}],"inLanguage":"es"},{"@type":"Organization","@id":"https:\/\/www.eldiariodetucuman.com\/web\/#organization","name":"El Diario de Tucuman","url":"https:\/\/www.eldiariodetucuman.com\/web\/","logo":{"@type":"ImageObject","inLanguage":"es","@id":"https:\/\/www.eldiariodetucuman.com\/web\/#\/schema\/logo\/image\/","url":"http:\/\/www.eldiariodetucuman.com\/web\/wp-content\/uploads\/2017\/12\/el-diario-de-tucuman.jpg","contentUrl":"http:\/\/www.eldiariodetucuman.com\/web\/wp-content\/uploads\/2017\/12\/el-diario-de-tucuman.jpg","width":272,"height":92,"caption":"El Diario de Tucuman"},"image":{"@id":"https:\/\/www.eldiariodetucuman.com\/web\/#\/schema\/logo\/image\/"}},{"@type":"Person","@id":"https:\/\/www.eldiariodetucuman.com\/web\/#\/schema\/person\/3adbe300ecd6242af93c97dab1dc3ba1","name":"El diario de Tucuman","image":{"@type":"ImageObject","inLanguage":"es","@id":"https:\/\/secure.gravatar.com\/avatar\/b7214de193b24d0bd708ac5516aa13d0f20c6560795bfbee06857d5c8ac2f0b2?s=96&d=mm&r=g","url":"https:\/\/secure.gravatar.com\/avatar\/b7214de193b24d0bd708ac5516aa13d0f20c6560795bfbee06857d5c8ac2f0b2?s=96&d=mm&r=g","contentUrl":"https:\/\/secure.gravatar.com\/avatar\/b7214de193b24d0bd708ac5516aa13d0f20c6560795bfbee06857d5c8ac2f0b2?s=96&d=mm&r=g","caption":"El diario de Tucuman"},"url":"https:\/\/www.eldiariodetucuman.com\/web\/author\/mgiobellina\/"}]}},"_links":{"self":[{"href":"https:\/\/www.eldiariodetucuman.com\/web\/wp-json\/wp\/v2\/posts\/17811","targetHints":{"allow":["GET"]}}],"collection":[{"href":"https:\/\/www.eldiariodetucuman.com\/web\/wp-json\/wp\/v2\/posts"}],"about":[{"href":"https:\/\/www.eldiariodetucuman.com\/web\/wp-json\/wp\/v2\/types\/post"}],"author":[{"embeddable":true,"href":"https:\/\/www.eldiariodetucuman.com\/web\/wp-json\/wp\/v2\/users\/3"}],"replies":[{"embeddable":true,"href":"https:\/\/www.eldiariodetucuman.com\/web\/wp-json\/wp\/v2\/comments?post=17811"}],"version-history":[{"count":1,"href":"https:\/\/www.eldiariodetucuman.com\/web\/wp-json\/wp\/v2\/posts\/17811\/revisions"}],"predecessor-version":[{"id":17813,"href":"https:\/\/www.eldiariodetucuman.com\/web\/wp-json\/wp\/v2\/posts\/17811\/revisions\/17813"}],"wp:featuredmedia":[{"embeddable":true,"href":"https:\/\/www.eldiariodetucuman.com\/web\/wp-json\/wp\/v2\/media\/17812"}],"wp:attachment":[{"href":"https:\/\/www.eldiariodetucuman.com\/web\/wp-json\/wp\/v2\/media?parent=17811"}],"wp:term":[{"taxonomy":"category","embeddable":true,"href":"https:\/\/www.eldiariodetucuman.com\/web\/wp-json\/wp\/v2\/categories?post=17811"},{"taxonomy":"post_tag","embeddable":true,"href":"https:\/\/www.eldiariodetucuman.com\/web\/wp-json\/wp\/v2\/tags?post=17811"}],"curies":[{"name":"wp","href":"https:\/\/api.w.org\/{rel}","templated":true}]}}