{"id":17808,"date":"2018-10-09T11:43:52","date_gmt":"2018-10-09T14:43:52","guid":{"rendered":"http:\/\/www.eldiariodetucuman.com\/web\/fuerzas-opositoras-se-unen-para-hacerle-frente-al-aumento-retroactivo-del-gas\/"},"modified":"2018-10-09T11:44:05","modified_gmt":"2018-10-09T14:44:05","slug":"fuerzas-opositoras-se-unen-para-hacerle-frente-al-aumento-retroactivo-del-gas","status":"publish","type":"post","link":"https:\/\/www.eldiariodetucuman.com\/web\/fuerzas-opositoras-se-unen-para-hacerle-frente-al-aumento-retroactivo-del-gas\/","title":{"rendered":"Fuerzas opositoras se unen para hacerle frente al aumento retroactivo del gas"},"content":{"rendered":"<div>\n<div readability=\"56.401717557252\">\n<p>A ra\u00edz del aumento retroactivo en la <a href=\"https:\/\/www.elintransigente.com\/economia\/2018\/10\/8\/mira-cuanto-ganaron-las-empresas-de-gas-las-que-los-usuarios-tendran-que-compensar-516197.html\">tarifa del gas<\/a>, los<strong> sectores opositores al Gobierno unieron fuerzas <\/strong>para frenar el <a href=\"https:\/\/www.elintransigente.com\/politica\/2018\/10\/9\/iguacel-es-peor-que-aranguren-porque-provoca-la-gente-516231.html\">tarifazo<\/a>. Con amparos y proyectos de ley, buscan derogar la resoluci\u00f3n\u00a0 20\/2018.<\/p>\n<p>El viernes pasado, desde la Secretaria de Energ\u00eda, dirigida por Javier Iguacel, reglamentaron, por medio de una resoluci\u00f3n, el pago de un extra en la tarifa de gas, a modo de compensaci\u00f3n para las distribuidoras por la devaluaci\u00f3n del peso. Este extra se junt\u00f3 con el aumento en la tarifa estipulado para octubre y exalt\u00f3 los problemas econ\u00f3micos de la sociedad.<\/p>\n<aside class=\"htmlinline \"><!-- politica 2 300 x 250 imagen --><ins class=\"adsbygoogle\" data-ad-client=\"ca-pub-7781556717282971\" data-ad-slot=\"3120775563\"><\/ins><br \/>\n<\/aside>\n<p>Mientras algunos intendentes peronistas del conurbano se juntaron y presentaron <strong>un amparo<\/strong> contra el &#8220;tarifazo irracional e ilegal&#8221;, legisladores del Frente para la Victoria, Frente Renovador y del interbloque Argentina Federal optaron por la v\u00eda legal y presentaron<strong> proyectos de ley en el Congreso<\/strong>, con el objetivo de derogar la resoluci\u00f3n y se\u00f1alar a los funcionarios responsables: el Ministro de Hacienda, Nicol\u00e1s Dujovne; el Secretario de Energ\u00eda, Javier Iguacel; y el presidente de Energas, Maurcio Riotman.<\/p>\n<p>Los diputados Graciela Cama\u00f1o, Marco Lavagna y Diego Bossio presentaron un proyecto que le propone al Poder Ejecutivo <strong>&#8220;dejar sin efecto o suspender&#8221;<\/strong> la resoluci\u00f3n 20\/2018, al igual que otras 10 resoluciones. Las iniciativas presentadas por los dem\u00e1s espacios pol\u00edticos siguen l\u00edneas similares.<\/p>\n<aside class=\"htmlinline \"><!-- politica 5 300 x 250 texto mas imagen --><ins class=\"adsbygoogle\" data-ad-client=\"ca-pub-7781556717282971\" data-ad-slot=\"3033145653\"><\/ins><br \/>\n<\/aside>\n<p>Por el momento, no se sabe si tales peticiones ser\u00e1n tratadas en una sesi\u00f3n especial de la C\u00e1mara de Diputados, a realizarse el jueves o mi\u00e9rcoles de la pr\u00f3xima semana, o si el debate se dar\u00e1 primero en el Comisi\u00f3n.<\/p>\n<p>El panorama est\u00e1 complicado y los diputados deben ser cuidadosos al momento de elegir. Sin un dictamen de Comisi\u00f3n, se requieren dos tercios de los diputados presentes para que las iniciativas puedan ser tratadas en el recinto. El oficialismo maneja m\u00e1s de un tercio de la C\u00e1mara Baja y podr\u00eda bloquear el tratamiento. Por otro lado, si optan por un debate en la Comisi\u00f3n, la oposici\u00f3n deber\u00eda esperar a que el presidente de la C\u00e1mara, Emilio Monz\u00f3, gire los proyectos.<\/p>\n<\/div>\n<\/div>\n<p>Fuente: https:\/\/www.elintransigente.com\/politica\/2018\/10\/9\/fuerzas-opositoras-se-unen-para-hacerle-frente-al-aumento-retroactivo-del-gas-516234.html<\/p>\n","protected":false},"excerpt":{"rendered":"<p>A ra\u00edz del aumento retroactivo en la tarifa del gas, los sectores opositores al Gobierno unieron fuerzas para frenar el tarifazo. Con amparos y proyectos de ley, buscan derogar la resoluci\u00f3n\u00a0 20\/2018. El viernes pasado, desde la Secretaria de Energ\u00eda, dirigida por Javier Iguacel, reglamentaron, por medio de una resoluci\u00f3n, el pago de un extra [&hellip;]<\/p>\n","protected":false},"author":1,"featured_media":17809,"comment_status":"open","ping_status":"closed","sticky":false,"template":"","format":"standard","meta":{"footnotes":""},"categories":[1],"tags":[],"class_list":{"0":"post-17808","1":"post","2":"type-post","3":"status-publish","4":"format-standard","5":"has-post-thumbnail","7":"category-portada"},"yoast_head":"<!-- This site is optimized with the Yoast SEO plugin v27.4 - https:\/\/yoast.com\/product\/yoast-seo-wordpress\/ -->\n<title>Fuerzas opositoras se unen para hacerle frente al aumento retroactivo del gas - El Diario de Tucuman<\/title>\n<meta name=\"robots\" content=\"index, follow, max-snippet:-1, max-image-preview:large, max-video-preview:-1\" \/>\n<link rel=\"canonical\" href=\"https:\/\/www.eldiariodetucuman.com\/web\/fuerzas-opositoras-se-unen-para-hacerle-frente-al-aumento-retroactivo-del-gas\/\" \/>\n<meta property=\"og:locale\" content=\"es_ES\" \/>\n<meta property=\"og:type\" content=\"article\" \/>\n<meta property=\"og:title\" content=\"Fuerzas opositoras se unen para hacerle frente al aumento retroactivo del gas - El Diario de Tucuman\" \/>\n<meta property=\"og:description\" content=\"A ra\u00edz del aumento retroactivo en la tarifa del gas, los sectores opositores al Gobierno unieron fuerzas para frenar el tarifazo. Con amparos y proyectos de ley, buscan derogar la resoluci\u00f3n\u00a0 20\/2018. El viernes pasado, desde la Secretaria de Energ\u00eda, dirigida por Javier Iguacel, reglamentaron, por medio de una resoluci\u00f3n, el pago de un extra [&hellip;]\" \/>\n<meta property=\"og:url\" content=\"https:\/\/www.eldiariodetucuman.com\/web\/fuerzas-opositoras-se-unen-para-hacerle-frente-al-aumento-retroactivo-del-gas\/\" \/>\n<meta property=\"og:site_name\" content=\"El Diario de Tucuman\" \/>\n<meta property=\"article:published_time\" content=\"2018-10-09T14:43:52+00:00\" \/>\n<meta property=\"article:modified_time\" content=\"2018-10-09T14:44:05+00:00\" \/>\n<meta property=\"og:image\" content=\"https:\/\/www.eldiariodetucuman.com\/web\/wp-content\/uploads\/2018\/10\/43a788d7cb52438f81e380c9706f44a5.jpeg\" \/>\n\t<meta property=\"og:image:width\" content=\"960\" \/>\n\t<meta property=\"og:image:height\" content=\"540\" \/>\n\t<meta property=\"og:image:type\" content=\"image\/jpeg\" \/>\n<meta name=\"author\" content=\"admin\" \/>\n<meta name=\"twitter:card\" content=\"summary_large_image\" \/>\n<meta name=\"twitter:label1\" content=\"Escrito por\" \/>\n\t<meta name=\"twitter:data1\" content=\"admin\" \/>\n\t<meta name=\"twitter:label2\" content=\"Tiempo de lectura\" \/>\n\t<meta name=\"twitter:data2\" content=\"2 minutos\" \/>\n<script type=\"application\/ld+json\" class=\"yoast-schema-graph\">{\"@context\":\"https:\\\/\\\/schema.org\",\"@graph\":[{\"@type\":\"Article\",\"@id\":\"https:\\\/\\\/www.eldiariodetucuman.com\\\/web\\\/fuerzas-opositoras-se-unen-para-hacerle-frente-al-aumento-retroactivo-del-gas\\\/#article\",\"isPartOf\":{\"@id\":\"https:\\\/\\\/www.eldiariodetucuman.com\\\/web\\\/fuerzas-opositoras-se-unen-para-hacerle-frente-al-aumento-retroactivo-del-gas\\\/\"},\"author\":{\"name\":\"admin\",\"@id\":\"https:\\\/\\\/www.eldiariodetucuman.com\\\/web\\\/#\\\/schema\\\/person\\\/9250197d75ab5483412e19678b121caa\"},\"headline\":\"Fuerzas opositoras se unen para hacerle frente al aumento retroactivo del gas\",\"datePublished\":\"2018-10-09T14:43:52+00:00\",\"dateModified\":\"2018-10-09T14:44:05+00:00\",\"mainEntityOfPage\":{\"@id\":\"https:\\\/\\\/www.eldiariodetucuman.com\\\/web\\\/fuerzas-opositoras-se-unen-para-hacerle-frente-al-aumento-retroactivo-del-gas\\\/\"},\"wordCount\":380,\"commentCount\":0,\"publisher\":{\"@id\":\"https:\\\/\\\/www.eldiariodetucuman.com\\\/web\\\/#organization\"},\"image\":{\"@id\":\"https:\\\/\\\/www.eldiariodetucuman.com\\\/web\\\/fuerzas-opositoras-se-unen-para-hacerle-frente-al-aumento-retroactivo-del-gas\\\/#primaryimage\"},\"thumbnailUrl\":\"https:\\\/\\\/www.eldiariodetucuman.com\\\/web\\\/wp-content\\\/uploads\\\/2018\\\/10\\\/43a788d7cb52438f81e380c9706f44a5.jpeg\",\"articleSection\":[\"Portada\"],\"inLanguage\":\"es\",\"potentialAction\":[{\"@type\":\"CommentAction\",\"name\":\"Comment\",\"target\":[\"https:\\\/\\\/www.eldiariodetucuman.com\\\/web\\\/fuerzas-opositoras-se-unen-para-hacerle-frente-al-aumento-retroactivo-del-gas\\\/#respond\"]}]},{\"@type\":\"WebPage\",\"@id\":\"https:\\\/\\\/www.eldiariodetucuman.com\\\/web\\\/fuerzas-opositoras-se-unen-para-hacerle-frente-al-aumento-retroactivo-del-gas\\\/\",\"url\":\"https:\\\/\\\/www.eldiariodetucuman.com\\\/web\\\/fuerzas-opositoras-se-unen-para-hacerle-frente-al-aumento-retroactivo-del-gas\\\/\",\"name\":\"Fuerzas opositoras se unen para hacerle frente al aumento retroactivo del gas - El Diario de Tucuman\",\"isPartOf\":{\"@id\":\"https:\\\/\\\/www.eldiariodetucuman.com\\\/web\\\/#website\"},\"primaryImageOfPage\":{\"@id\":\"https:\\\/\\\/www.eldiariodetucuman.com\\\/web\\\/fuerzas-opositoras-se-unen-para-hacerle-frente-al-aumento-retroactivo-del-gas\\\/#primaryimage\"},\"image\":{\"@id\":\"https:\\\/\\\/www.eldiariodetucuman.com\\\/web\\\/fuerzas-opositoras-se-unen-para-hacerle-frente-al-aumento-retroactivo-del-gas\\\/#primaryimage\"},\"thumbnailUrl\":\"https:\\\/\\\/www.eldiariodetucuman.com\\\/web\\\/wp-content\\\/uploads\\\/2018\\\/10\\\/43a788d7cb52438f81e380c9706f44a5.jpeg\",\"datePublished\":\"2018-10-09T14:43:52+00:00\",\"dateModified\":\"2018-10-09T14:44:05+00:00\",\"breadcrumb\":{\"@id\":\"https:\\\/\\\/www.eldiariodetucuman.com\\\/web\\\/fuerzas-opositoras-se-unen-para-hacerle-frente-al-aumento-retroactivo-del-gas\\\/#breadcrumb\"},\"inLanguage\":\"es\",\"potentialAction\":[{\"@type\":\"ReadAction\",\"target\":[\"https:\\\/\\\/www.eldiariodetucuman.com\\\/web\\\/fuerzas-opositoras-se-unen-para-hacerle-frente-al-aumento-retroactivo-del-gas\\\/\"]}]},{\"@type\":\"ImageObject\",\"inLanguage\":\"es\",\"@id\":\"https:\\\/\\\/www.eldiariodetucuman.com\\\/web\\\/fuerzas-opositoras-se-unen-para-hacerle-frente-al-aumento-retroactivo-del-gas\\\/#primaryimage\",\"url\":\"https:\\\/\\\/www.eldiariodetucuman.com\\\/web\\\/wp-content\\\/uploads\\\/2018\\\/10\\\/43a788d7cb52438f81e380c9706f44a5.jpeg\",\"contentUrl\":\"https:\\\/\\\/www.eldiariodetucuman.com\\\/web\\\/wp-content\\\/uploads\\\/2018\\\/10\\\/43a788d7cb52438f81e380c9706f44a5.jpeg\",\"width\":960,\"height\":540},{\"@type\":\"BreadcrumbList\",\"@id\":\"https:\\\/\\\/www.eldiariodetucuman.com\\\/web\\\/fuerzas-opositoras-se-unen-para-hacerle-frente-al-aumento-retroactivo-del-gas\\\/#breadcrumb\",\"itemListElement\":[{\"@type\":\"ListItem\",\"position\":1,\"name\":\"Portada\",\"item\":\"https:\\\/\\\/www.eldiariodetucuman.com\\\/web\\\/\"},{\"@type\":\"ListItem\",\"position\":2,\"name\":\"Fuerzas opositoras se unen para hacerle frente al aumento retroactivo del gas\"}]},{\"@type\":\"WebSite\",\"@id\":\"https:\\\/\\\/www.eldiariodetucuman.com\\\/web\\\/#website\",\"url\":\"https:\\\/\\\/www.eldiariodetucuman.com\\\/web\\\/\",\"name\":\"El Diario de Tucuman\",\"description\":\"Diario Tucuman - Informaci\u00f3n y noticias\",\"publisher\":{\"@id\":\"https:\\\/\\\/www.eldiariodetucuman.com\\\/web\\\/#organization\"},\"potentialAction\":[{\"@type\":\"SearchAction\",\"target\":{\"@type\":\"EntryPoint\",\"urlTemplate\":\"https:\\\/\\\/www.eldiariodetucuman.com\\\/web\\\/?s={search_term_string}\"},\"query-input\":{\"@type\":\"PropertyValueSpecification\",\"valueRequired\":true,\"valueName\":\"search_term_string\"}}],\"inLanguage\":\"es\"},{\"@type\":\"Organization\",\"@id\":\"https:\\\/\\\/www.eldiariodetucuman.com\\\/web\\\/#organization\",\"name\":\"El Diario de Tucuman\",\"url\":\"https:\\\/\\\/www.eldiariodetucuman.com\\\/web\\\/\",\"logo\":{\"@type\":\"ImageObject\",\"inLanguage\":\"es\",\"@id\":\"https:\\\/\\\/www.eldiariodetucuman.com\\\/web\\\/#\\\/schema\\\/logo\\\/image\\\/\",\"url\":\"http:\\\/\\\/www.eldiariodetucuman.com\\\/web\\\/wp-content\\\/uploads\\\/2017\\\/12\\\/el-diario-de-tucuman.jpg\",\"contentUrl\":\"http:\\\/\\\/www.eldiariodetucuman.com\\\/web\\\/wp-content\\\/uploads\\\/2017\\\/12\\\/el-diario-de-tucuman.jpg\",\"width\":272,\"height\":92,\"caption\":\"El Diario de Tucuman\"},\"image\":{\"@id\":\"https:\\\/\\\/www.eldiariodetucuman.com\\\/web\\\/#\\\/schema\\\/logo\\\/image\\\/\"}},{\"@type\":\"Person\",\"@id\":\"https:\\\/\\\/www.eldiariodetucuman.com\\\/web\\\/#\\\/schema\\\/person\\\/9250197d75ab5483412e19678b121caa\",\"name\":\"admin\",\"image\":{\"@type\":\"ImageObject\",\"inLanguage\":\"es\",\"@id\":\"https:\\\/\\\/secure.gravatar.com\\\/avatar\\\/c44d117c2be811212c22cb481f6b8384b6873de103fbc49e7a03cc58d7dea4ac?s=96&d=mm&r=g\",\"url\":\"https:\\\/\\\/secure.gravatar.com\\\/avatar\\\/c44d117c2be811212c22cb481f6b8384b6873de103fbc49e7a03cc58d7dea4ac?s=96&d=mm&r=g\",\"contentUrl\":\"https:\\\/\\\/secure.gravatar.com\\\/avatar\\\/c44d117c2be811212c22cb481f6b8384b6873de103fbc49e7a03cc58d7dea4ac?s=96&d=mm&r=g\",\"caption\":\"admin\"},\"url\":\"https:\\\/\\\/www.eldiariodetucuman.com\\\/web\\\/author\\\/admin\\\/\"}]}<\/script>\n<!-- \/ Yoast SEO plugin. -->","yoast_head_json":{"title":"Fuerzas opositoras se unen para hacerle frente al aumento retroactivo del gas - El Diario de Tucuman","robots":{"index":"index","follow":"follow","max-snippet":"max-snippet:-1","max-image-preview":"max-image-preview:large","max-video-preview":"max-video-preview:-1"},"canonical":"https:\/\/www.eldiariodetucuman.com\/web\/fuerzas-opositoras-se-unen-para-hacerle-frente-al-aumento-retroactivo-del-gas\/","og_locale":"es_ES","og_type":"article","og_title":"Fuerzas opositoras se unen para hacerle frente al aumento retroactivo del gas - El Diario de Tucuman","og_description":"A ra\u00edz del aumento retroactivo en la tarifa del gas, los sectores opositores al Gobierno unieron fuerzas para frenar el tarifazo. Con amparos y proyectos de ley, buscan derogar la resoluci\u00f3n\u00a0 20\/2018. El viernes pasado, desde la Secretaria de Energ\u00eda, dirigida por Javier Iguacel, reglamentaron, por medio de una resoluci\u00f3n, el pago de un extra [&hellip;]","og_url":"https:\/\/www.eldiariodetucuman.com\/web\/fuerzas-opositoras-se-unen-para-hacerle-frente-al-aumento-retroactivo-del-gas\/","og_site_name":"El Diario de Tucuman","article_published_time":"2018-10-09T14:43:52+00:00","article_modified_time":"2018-10-09T14:44:05+00:00","og_image":[{"width":960,"height":540,"url":"https:\/\/www.eldiariodetucuman.com\/web\/wp-content\/uploads\/2018\/10\/43a788d7cb52438f81e380c9706f44a5.jpeg","type":"image\/jpeg"}],"author":"admin","twitter_card":"summary_large_image","twitter_misc":{"Escrito por":"admin","Tiempo de lectura":"2 minutos"},"schema":{"@context":"https:\/\/schema.org","@graph":[{"@type":"Article","@id":"https:\/\/www.eldiariodetucuman.com\/web\/fuerzas-opositoras-se-unen-para-hacerle-frente-al-aumento-retroactivo-del-gas\/#article","isPartOf":{"@id":"https:\/\/www.eldiariodetucuman.com\/web\/fuerzas-opositoras-se-unen-para-hacerle-frente-al-aumento-retroactivo-del-gas\/"},"author":{"name":"admin","@id":"https:\/\/www.eldiariodetucuman.com\/web\/#\/schema\/person\/9250197d75ab5483412e19678b121caa"},"headline":"Fuerzas opositoras se unen para hacerle frente al aumento retroactivo del gas","datePublished":"2018-10-09T14:43:52+00:00","dateModified":"2018-10-09T14:44:05+00:00","mainEntityOfPage":{"@id":"https:\/\/www.eldiariodetucuman.com\/web\/fuerzas-opositoras-se-unen-para-hacerle-frente-al-aumento-retroactivo-del-gas\/"},"wordCount":380,"commentCount":0,"publisher":{"@id":"https:\/\/www.eldiariodetucuman.com\/web\/#organization"},"image":{"@id":"https:\/\/www.eldiariodetucuman.com\/web\/fuerzas-opositoras-se-unen-para-hacerle-frente-al-aumento-retroactivo-del-gas\/#primaryimage"},"thumbnailUrl":"https:\/\/www.eldiariodetucuman.com\/web\/wp-content\/uploads\/2018\/10\/43a788d7cb52438f81e380c9706f44a5.jpeg","articleSection":["Portada"],"inLanguage":"es","potentialAction":[{"@type":"CommentAction","name":"Comment","target":["https:\/\/www.eldiariodetucuman.com\/web\/fuerzas-opositoras-se-unen-para-hacerle-frente-al-aumento-retroactivo-del-gas\/#respond"]}]},{"@type":"WebPage","@id":"https:\/\/www.eldiariodetucuman.com\/web\/fuerzas-opositoras-se-unen-para-hacerle-frente-al-aumento-retroactivo-del-gas\/","url":"https:\/\/www.eldiariodetucuman.com\/web\/fuerzas-opositoras-se-unen-para-hacerle-frente-al-aumento-retroactivo-del-gas\/","name":"Fuerzas opositoras se unen para hacerle frente al aumento retroactivo del gas - El Diario de Tucuman","isPartOf":{"@id":"https:\/\/www.eldiariodetucuman.com\/web\/#website"},"primaryImageOfPage":{"@id":"https:\/\/www.eldiariodetucuman.com\/web\/fuerzas-opositoras-se-unen-para-hacerle-frente-al-aumento-retroactivo-del-gas\/#primaryimage"},"image":{"@id":"https:\/\/www.eldiariodetucuman.com\/web\/fuerzas-opositoras-se-unen-para-hacerle-frente-al-aumento-retroactivo-del-gas\/#primaryimage"},"thumbnailUrl":"https:\/\/www.eldiariodetucuman.com\/web\/wp-content\/uploads\/2018\/10\/43a788d7cb52438f81e380c9706f44a5.jpeg","datePublished":"2018-10-09T14:43:52+00:00","dateModified":"2018-10-09T14:44:05+00:00","breadcrumb":{"@id":"https:\/\/www.eldiariodetucuman.com\/web\/fuerzas-opositoras-se-unen-para-hacerle-frente-al-aumento-retroactivo-del-gas\/#breadcrumb"},"inLanguage":"es","potentialAction":[{"@type":"ReadAction","target":["https:\/\/www.eldiariodetucuman.com\/web\/fuerzas-opositoras-se-unen-para-hacerle-frente-al-aumento-retroactivo-del-gas\/"]}]},{"@type":"ImageObject","inLanguage":"es","@id":"https:\/\/www.eldiariodetucuman.com\/web\/fuerzas-opositoras-se-unen-para-hacerle-frente-al-aumento-retroactivo-del-gas\/#primaryimage","url":"https:\/\/www.eldiariodetucuman.com\/web\/wp-content\/uploads\/2018\/10\/43a788d7cb52438f81e380c9706f44a5.jpeg","contentUrl":"https:\/\/www.eldiariodetucuman.com\/web\/wp-content\/uploads\/2018\/10\/43a788d7cb52438f81e380c9706f44a5.jpeg","width":960,"height":540},{"@type":"BreadcrumbList","@id":"https:\/\/www.eldiariodetucuman.com\/web\/fuerzas-opositoras-se-unen-para-hacerle-frente-al-aumento-retroactivo-del-gas\/#breadcrumb","itemListElement":[{"@type":"ListItem","position":1,"name":"Portada","item":"https:\/\/www.eldiariodetucuman.com\/web\/"},{"@type":"ListItem","position":2,"name":"Fuerzas opositoras se unen para hacerle frente al aumento retroactivo del gas"}]},{"@type":"WebSite","@id":"https:\/\/www.eldiariodetucuman.com\/web\/#website","url":"https:\/\/www.eldiariodetucuman.com\/web\/","name":"El Diario de Tucuman","description":"Diario Tucuman - Informaci\u00f3n y noticias","publisher":{"@id":"https:\/\/www.eldiariodetucuman.com\/web\/#organization"},"potentialAction":[{"@type":"SearchAction","target":{"@type":"EntryPoint","urlTemplate":"https:\/\/www.eldiariodetucuman.com\/web\/?s={search_term_string}"},"query-input":{"@type":"PropertyValueSpecification","valueRequired":true,"valueName":"search_term_string"}}],"inLanguage":"es"},{"@type":"Organization","@id":"https:\/\/www.eldiariodetucuman.com\/web\/#organization","name":"El Diario de Tucuman","url":"https:\/\/www.eldiariodetucuman.com\/web\/","logo":{"@type":"ImageObject","inLanguage":"es","@id":"https:\/\/www.eldiariodetucuman.com\/web\/#\/schema\/logo\/image\/","url":"http:\/\/www.eldiariodetucuman.com\/web\/wp-content\/uploads\/2017\/12\/el-diario-de-tucuman.jpg","contentUrl":"http:\/\/www.eldiariodetucuman.com\/web\/wp-content\/uploads\/2017\/12\/el-diario-de-tucuman.jpg","width":272,"height":92,"caption":"El Diario de Tucuman"},"image":{"@id":"https:\/\/www.eldiariodetucuman.com\/web\/#\/schema\/logo\/image\/"}},{"@type":"Person","@id":"https:\/\/www.eldiariodetucuman.com\/web\/#\/schema\/person\/9250197d75ab5483412e19678b121caa","name":"admin","image":{"@type":"ImageObject","inLanguage":"es","@id":"https:\/\/secure.gravatar.com\/avatar\/c44d117c2be811212c22cb481f6b8384b6873de103fbc49e7a03cc58d7dea4ac?s=96&d=mm&r=g","url":"https:\/\/secure.gravatar.com\/avatar\/c44d117c2be811212c22cb481f6b8384b6873de103fbc49e7a03cc58d7dea4ac?s=96&d=mm&r=g","contentUrl":"https:\/\/secure.gravatar.com\/avatar\/c44d117c2be811212c22cb481f6b8384b6873de103fbc49e7a03cc58d7dea4ac?s=96&d=mm&r=g","caption":"admin"},"url":"https:\/\/www.eldiariodetucuman.com\/web\/author\/admin\/"}]}},"_links":{"self":[{"href":"https:\/\/www.eldiariodetucuman.com\/web\/wp-json\/wp\/v2\/posts\/17808","targetHints":{"allow":["GET"]}}],"collection":[{"href":"https:\/\/www.eldiariodetucuman.com\/web\/wp-json\/wp\/v2\/posts"}],"about":[{"href":"https:\/\/www.eldiariodetucuman.com\/web\/wp-json\/wp\/v2\/types\/post"}],"author":[{"embeddable":true,"href":"https:\/\/www.eldiariodetucuman.com\/web\/wp-json\/wp\/v2\/users\/1"}],"replies":[{"embeddable":true,"href":"https:\/\/www.eldiariodetucuman.com\/web\/wp-json\/wp\/v2\/comments?post=17808"}],"version-history":[{"count":1,"href":"https:\/\/www.eldiariodetucuman.com\/web\/wp-json\/wp\/v2\/posts\/17808\/revisions"}],"predecessor-version":[{"id":17810,"href":"https:\/\/www.eldiariodetucuman.com\/web\/wp-json\/wp\/v2\/posts\/17808\/revisions\/17810"}],"wp:featuredmedia":[{"embeddable":true,"href":"https:\/\/www.eldiariodetucuman.com\/web\/wp-json\/wp\/v2\/media\/17809"}],"wp:attachment":[{"href":"https:\/\/www.eldiariodetucuman.com\/web\/wp-json\/wp\/v2\/media?parent=17808"}],"wp:term":[{"taxonomy":"category","embeddable":true,"href":"https:\/\/www.eldiariodetucuman.com\/web\/wp-json\/wp\/v2\/categories?post=17808"},{"taxonomy":"post_tag","embeddable":true,"href":"https:\/\/www.eldiariodetucuman.com\/web\/wp-json\/wp\/v2\/tags?post=17808"}],"curies":[{"name":"wp","href":"https:\/\/api.w.org\/{rel}","templated":true}]}}