{"id":17805,"date":"2018-10-09T11:43:17","date_gmt":"2018-10-09T14:43:17","guid":{"rendered":"http:\/\/www.eldiariodetucuman.com\/web\/larreta-aseguro-que-el-cargo-extra-del-gas-esta-firmado-desde-hace-dos-decadas\/"},"modified":"2018-10-09T11:43:29","modified_gmt":"2018-10-09T14:43:29","slug":"larreta-aseguro-que-el-cargo-extra-del-gas-esta-firmado-desde-hace-dos-decadas","status":"publish","type":"post","link":"https:\/\/www.eldiariodetucuman.com\/web\/larreta-aseguro-que-el-cargo-extra-del-gas-esta-firmado-desde-hace-dos-decadas\/","title":{"rendered":"Larreta asegur\u00f3 que el cargo extra del gas \u00abest\u00e1 firmado desde hace dos d\u00e9cadas\u00bb"},"content":{"rendered":"<div>\n<div readability=\"62.045454545455\">\n<p>El Jefe de Gobierno porte\u00f1o, <a href=\"https:\/\/www.elintransigente.com\/noticias\/buscar\/?buscar=larreta\">Horacio Rodr\u00edguez Larreta<\/a>, se refiri\u00f3 al aumento extra, a cobrar en 24 cuotas, que se impuso al <a href=\"https:\/\/www.elintransigente.com\/noticias\/buscar\/?buscar=gas\">gas<\/a> y, tras tildarlo de &#8220;malo&#8221;, defendi\u00f3 al Gobierno, al asegurar que<strong> la medida fue acordada durante el mandato de Carlos Menem.<\/strong><\/p>\n<p>Entrevistado en radio La Red, Larreta asegur\u00f3 que la resoluci\u00f3n 20\/2018 \u00a0<strong>no la decidi\u00f3 este Gobierno, sino que est\u00e1 firmada desde hace dos d\u00e9cadas.<\/strong>\u00a0&#8220;Se firm\u00f3 en la \u00e9poca de (Carlos) Menem y nadie durante el kirchnerismo lo cambi\u00f3\u00bb, agreg\u00f3, tratando de repartir la culpa entre los gobiernos anteriores.<\/p>\n<aside class=\"htmlinline \"><!-- politica 2 300 x 250 imagen --><ins class=\"adsbygoogle\" data-ad-client=\"ca-pub-7781556717282971\" data-ad-slot=\"3120775563\"><\/ins><br \/>\n<\/aside>\n<p>Si bien se\u00f1al\u00f3 que el aumento es malo, antip\u00e1tico\u00a0y que cualquier incremento mirado desde el bolsillo de la gente es mucho, tambi\u00e9n se\u00f1al\u00f3 que<strong> est\u00e1 en los contratos, y tenemos que decidir si vivimos en un pa\u00eds que respeta los contratos.<\/strong><\/p>\n<p>Por \u00faltimo, se refiri\u00f3 a la &#8220;herencia energ\u00e9tica&#8221; recibida por el kirchnerismo y asegur\u00f3 que el problema de fondo es la inflaci\u00f3n. &#8220;Somos conscientes de que la situaci\u00f3n que vive la gente es complicada\u00bb, estableci\u00f3, poniendo el foco en los sectores m\u00e1s vulnerables.<\/p>\n<aside class=\"htmlinline \"><!-- politica 5 300 x 250 texto mas imagen --><ins class=\"adsbygoogle\" data-ad-client=\"ca-pub-7781556717282971\" data-ad-slot=\"3033145653\"><\/ins><br \/>\n<\/aside>\n<p>Larreta finaliz\u00f3 su entrevista remarcando: \u00abEl Gobierno dice la verdad\u00a0 y con la misma verdad se le va a seguir hablando a la gente\u00bb.<\/p>\n<p>A pesar de sus dichos, la continuidad de la resoluci\u00f3n, que reglamenta el pago de los extras en la factura del gas, est\u00e1 en duda, ya que, desde diferentes espacios opositores, se presentaron amparos y proyectos de ley para derogarla.<\/p>\n<p>Tanto el Frente para la Victoria como el Frente Renovador y el interbloque Argentina Federal, presentaron iniciativas para suspender el tarifazo. Si embargo, a\u00fan debe pasar por la C\u00e1mara de Diputados, donde podr\u00edan ser bloqueadas por el oficialismo. Por otro lado, intendentes peronistas se unieron para presentar un amparo, y le pidieron a sus vecinos que no paguen las facturas, hasta que la situaci\u00f3n no se resuelva por las v\u00edas legales.<\/p>\n<\/div>\n<\/div>\n<p>Fuente: https:\/\/www.elintransigente.com\/politica\/2018\/10\/9\/larreta-aseguro-que-el-cargo-extra-del-gas-esta-firmado-desde-hace-dos-decadas-516250.html<\/p>\n","protected":false},"excerpt":{"rendered":"<p>El Jefe de Gobierno porte\u00f1o, Horacio Rodr\u00edguez Larreta, se refiri\u00f3 al aumento extra, a cobrar en 24 cuotas, que se impuso al gas y, tras tildarlo de &#8220;malo&#8221;, defendi\u00f3 al Gobierno, al asegurar que la medida fue acordada durante el mandato de Carlos Menem. Entrevistado en radio La Red, Larreta asegur\u00f3 que la resoluci\u00f3n 20\/2018 [&hellip;]<\/p>\n","protected":false},"author":1,"featured_media":17806,"comment_status":"open","ping_status":"closed","sticky":false,"template":"","format":"standard","meta":{"footnotes":""},"categories":[1],"tags":[],"class_list":{"0":"post-17805","1":"post","2":"type-post","3":"status-publish","4":"format-standard","5":"has-post-thumbnail","7":"category-portada"},"yoast_head":"<!-- This site is optimized with the Yoast SEO plugin v27.4 - https:\/\/yoast.com\/product\/yoast-seo-wordpress\/ -->\n<title>Larreta asegur\u00f3 que el cargo extra del gas &quot;est\u00e1 firmado desde hace dos d\u00e9cadas&quot; - El Diario de Tucuman<\/title>\n<meta name=\"robots\" content=\"index, follow, max-snippet:-1, max-image-preview:large, max-video-preview:-1\" \/>\n<link rel=\"canonical\" href=\"https:\/\/www.eldiariodetucuman.com\/web\/larreta-aseguro-que-el-cargo-extra-del-gas-esta-firmado-desde-hace-dos-decadas\/\" \/>\n<meta property=\"og:locale\" content=\"es_ES\" \/>\n<meta property=\"og:type\" content=\"article\" \/>\n<meta property=\"og:title\" content=\"Larreta asegur\u00f3 que el cargo extra del gas &quot;est\u00e1 firmado desde hace dos d\u00e9cadas&quot; - El Diario de Tucuman\" \/>\n<meta property=\"og:description\" content=\"El Jefe de Gobierno porte\u00f1o, Horacio Rodr\u00edguez Larreta, se refiri\u00f3 al aumento extra, a cobrar en 24 cuotas, que se impuso al gas y, tras tildarlo de &#8220;malo&#8221;, defendi\u00f3 al Gobierno, al asegurar que la medida fue acordada durante el mandato de Carlos Menem. Entrevistado en radio La Red, Larreta asegur\u00f3 que la resoluci\u00f3n 20\/2018 [&hellip;]\" \/>\n<meta property=\"og:url\" content=\"https:\/\/www.eldiariodetucuman.com\/web\/larreta-aseguro-que-el-cargo-extra-del-gas-esta-firmado-desde-hace-dos-decadas\/\" \/>\n<meta property=\"og:site_name\" content=\"El Diario de Tucuman\" \/>\n<meta property=\"article:published_time\" content=\"2018-10-09T14:43:17+00:00\" \/>\n<meta property=\"article:modified_time\" content=\"2018-10-09T14:43:29+00:00\" \/>\n<meta property=\"og:image\" content=\"https:\/\/www.eldiariodetucuman.com\/web\/wp-content\/uploads\/2018\/10\/33ec2f28180ce7349109d92cb3c4720f.jpeg\" \/>\n\t<meta property=\"og:image:width\" content=\"960\" \/>\n\t<meta property=\"og:image:height\" content=\"640\" \/>\n\t<meta property=\"og:image:type\" content=\"image\/jpeg\" \/>\n<meta name=\"author\" content=\"admin\" \/>\n<meta name=\"twitter:card\" content=\"summary_large_image\" \/>\n<meta name=\"twitter:label1\" content=\"Escrito por\" \/>\n\t<meta name=\"twitter:data1\" content=\"admin\" \/>\n\t<meta name=\"twitter:label2\" content=\"Tiempo de lectura\" \/>\n\t<meta name=\"twitter:data2\" content=\"2 minutos\" \/>\n<script type=\"application\/ld+json\" class=\"yoast-schema-graph\">{\"@context\":\"https:\\\/\\\/schema.org\",\"@graph\":[{\"@type\":\"Article\",\"@id\":\"https:\\\/\\\/www.eldiariodetucuman.com\\\/web\\\/larreta-aseguro-que-el-cargo-extra-del-gas-esta-firmado-desde-hace-dos-decadas\\\/#article\",\"isPartOf\":{\"@id\":\"https:\\\/\\\/www.eldiariodetucuman.com\\\/web\\\/larreta-aseguro-que-el-cargo-extra-del-gas-esta-firmado-desde-hace-dos-decadas\\\/\"},\"author\":{\"name\":\"admin\",\"@id\":\"https:\\\/\\\/www.eldiariodetucuman.com\\\/web\\\/#\\\/schema\\\/person\\\/9250197d75ab5483412e19678b121caa\"},\"headline\":\"Larreta asegur\u00f3 que el cargo extra del gas \u00abest\u00e1 firmado desde hace dos d\u00e9cadas\u00bb\",\"datePublished\":\"2018-10-09T14:43:17+00:00\",\"dateModified\":\"2018-10-09T14:43:29+00:00\",\"mainEntityOfPage\":{\"@id\":\"https:\\\/\\\/www.eldiariodetucuman.com\\\/web\\\/larreta-aseguro-que-el-cargo-extra-del-gas-esta-firmado-desde-hace-dos-decadas\\\/\"},\"wordCount\":353,\"commentCount\":0,\"publisher\":{\"@id\":\"https:\\\/\\\/www.eldiariodetucuman.com\\\/web\\\/#organization\"},\"image\":{\"@id\":\"https:\\\/\\\/www.eldiariodetucuman.com\\\/web\\\/larreta-aseguro-que-el-cargo-extra-del-gas-esta-firmado-desde-hace-dos-decadas\\\/#primaryimage\"},\"thumbnailUrl\":\"https:\\\/\\\/www.eldiariodetucuman.com\\\/web\\\/wp-content\\\/uploads\\\/2018\\\/10\\\/33ec2f28180ce7349109d92cb3c4720f.jpeg\",\"articleSection\":[\"Portada\"],\"inLanguage\":\"es\",\"potentialAction\":[{\"@type\":\"CommentAction\",\"name\":\"Comment\",\"target\":[\"https:\\\/\\\/www.eldiariodetucuman.com\\\/web\\\/larreta-aseguro-que-el-cargo-extra-del-gas-esta-firmado-desde-hace-dos-decadas\\\/#respond\"]}]},{\"@type\":\"WebPage\",\"@id\":\"https:\\\/\\\/www.eldiariodetucuman.com\\\/web\\\/larreta-aseguro-que-el-cargo-extra-del-gas-esta-firmado-desde-hace-dos-decadas\\\/\",\"url\":\"https:\\\/\\\/www.eldiariodetucuman.com\\\/web\\\/larreta-aseguro-que-el-cargo-extra-del-gas-esta-firmado-desde-hace-dos-decadas\\\/\",\"name\":\"Larreta asegur\u00f3 que el cargo extra del gas \\\"est\u00e1 firmado desde hace dos d\u00e9cadas\\\" - El Diario de Tucuman\",\"isPartOf\":{\"@id\":\"https:\\\/\\\/www.eldiariodetucuman.com\\\/web\\\/#website\"},\"primaryImageOfPage\":{\"@id\":\"https:\\\/\\\/www.eldiariodetucuman.com\\\/web\\\/larreta-aseguro-que-el-cargo-extra-del-gas-esta-firmado-desde-hace-dos-decadas\\\/#primaryimage\"},\"image\":{\"@id\":\"https:\\\/\\\/www.eldiariodetucuman.com\\\/web\\\/larreta-aseguro-que-el-cargo-extra-del-gas-esta-firmado-desde-hace-dos-decadas\\\/#primaryimage\"},\"thumbnailUrl\":\"https:\\\/\\\/www.eldiariodetucuman.com\\\/web\\\/wp-content\\\/uploads\\\/2018\\\/10\\\/33ec2f28180ce7349109d92cb3c4720f.jpeg\",\"datePublished\":\"2018-10-09T14:43:17+00:00\",\"dateModified\":\"2018-10-09T14:43:29+00:00\",\"breadcrumb\":{\"@id\":\"https:\\\/\\\/www.eldiariodetucuman.com\\\/web\\\/larreta-aseguro-que-el-cargo-extra-del-gas-esta-firmado-desde-hace-dos-decadas\\\/#breadcrumb\"},\"inLanguage\":\"es\",\"potentialAction\":[{\"@type\":\"ReadAction\",\"target\":[\"https:\\\/\\\/www.eldiariodetucuman.com\\\/web\\\/larreta-aseguro-que-el-cargo-extra-del-gas-esta-firmado-desde-hace-dos-decadas\\\/\"]}]},{\"@type\":\"ImageObject\",\"inLanguage\":\"es\",\"@id\":\"https:\\\/\\\/www.eldiariodetucuman.com\\\/web\\\/larreta-aseguro-que-el-cargo-extra-del-gas-esta-firmado-desde-hace-dos-decadas\\\/#primaryimage\",\"url\":\"https:\\\/\\\/www.eldiariodetucuman.com\\\/web\\\/wp-content\\\/uploads\\\/2018\\\/10\\\/33ec2f28180ce7349109d92cb3c4720f.jpeg\",\"contentUrl\":\"https:\\\/\\\/www.eldiariodetucuman.com\\\/web\\\/wp-content\\\/uploads\\\/2018\\\/10\\\/33ec2f28180ce7349109d92cb3c4720f.jpeg\",\"width\":960,\"height\":640},{\"@type\":\"BreadcrumbList\",\"@id\":\"https:\\\/\\\/www.eldiariodetucuman.com\\\/web\\\/larreta-aseguro-que-el-cargo-extra-del-gas-esta-firmado-desde-hace-dos-decadas\\\/#breadcrumb\",\"itemListElement\":[{\"@type\":\"ListItem\",\"position\":1,\"name\":\"Portada\",\"item\":\"https:\\\/\\\/www.eldiariodetucuman.com\\\/web\\\/\"},{\"@type\":\"ListItem\",\"position\":2,\"name\":\"Larreta asegur\u00f3 que el cargo extra del gas \u00abest\u00e1 firmado desde hace dos d\u00e9cadas\u00bb\"}]},{\"@type\":\"WebSite\",\"@id\":\"https:\\\/\\\/www.eldiariodetucuman.com\\\/web\\\/#website\",\"url\":\"https:\\\/\\\/www.eldiariodetucuman.com\\\/web\\\/\",\"name\":\"El Diario de Tucuman\",\"description\":\"Diario Tucuman - Informaci\u00f3n y noticias\",\"publisher\":{\"@id\":\"https:\\\/\\\/www.eldiariodetucuman.com\\\/web\\\/#organization\"},\"potentialAction\":[{\"@type\":\"SearchAction\",\"target\":{\"@type\":\"EntryPoint\",\"urlTemplate\":\"https:\\\/\\\/www.eldiariodetucuman.com\\\/web\\\/?s={search_term_string}\"},\"query-input\":{\"@type\":\"PropertyValueSpecification\",\"valueRequired\":true,\"valueName\":\"search_term_string\"}}],\"inLanguage\":\"es\"},{\"@type\":\"Organization\",\"@id\":\"https:\\\/\\\/www.eldiariodetucuman.com\\\/web\\\/#organization\",\"name\":\"El Diario de Tucuman\",\"url\":\"https:\\\/\\\/www.eldiariodetucuman.com\\\/web\\\/\",\"logo\":{\"@type\":\"ImageObject\",\"inLanguage\":\"es\",\"@id\":\"https:\\\/\\\/www.eldiariodetucuman.com\\\/web\\\/#\\\/schema\\\/logo\\\/image\\\/\",\"url\":\"http:\\\/\\\/www.eldiariodetucuman.com\\\/web\\\/wp-content\\\/uploads\\\/2017\\\/12\\\/el-diario-de-tucuman.jpg\",\"contentUrl\":\"http:\\\/\\\/www.eldiariodetucuman.com\\\/web\\\/wp-content\\\/uploads\\\/2017\\\/12\\\/el-diario-de-tucuman.jpg\",\"width\":272,\"height\":92,\"caption\":\"El Diario de Tucuman\"},\"image\":{\"@id\":\"https:\\\/\\\/www.eldiariodetucuman.com\\\/web\\\/#\\\/schema\\\/logo\\\/image\\\/\"}},{\"@type\":\"Person\",\"@id\":\"https:\\\/\\\/www.eldiariodetucuman.com\\\/web\\\/#\\\/schema\\\/person\\\/9250197d75ab5483412e19678b121caa\",\"name\":\"admin\",\"image\":{\"@type\":\"ImageObject\",\"inLanguage\":\"es\",\"@id\":\"https:\\\/\\\/secure.gravatar.com\\\/avatar\\\/c44d117c2be811212c22cb481f6b8384b6873de103fbc49e7a03cc58d7dea4ac?s=96&d=mm&r=g\",\"url\":\"https:\\\/\\\/secure.gravatar.com\\\/avatar\\\/c44d117c2be811212c22cb481f6b8384b6873de103fbc49e7a03cc58d7dea4ac?s=96&d=mm&r=g\",\"contentUrl\":\"https:\\\/\\\/secure.gravatar.com\\\/avatar\\\/c44d117c2be811212c22cb481f6b8384b6873de103fbc49e7a03cc58d7dea4ac?s=96&d=mm&r=g\",\"caption\":\"admin\"},\"url\":\"https:\\\/\\\/www.eldiariodetucuman.com\\\/web\\\/author\\\/admin\\\/\"}]}<\/script>\n<!-- \/ Yoast SEO plugin. -->","yoast_head_json":{"title":"Larreta asegur\u00f3 que el cargo extra del gas \"est\u00e1 firmado desde hace dos d\u00e9cadas\" - El Diario de Tucuman","robots":{"index":"index","follow":"follow","max-snippet":"max-snippet:-1","max-image-preview":"max-image-preview:large","max-video-preview":"max-video-preview:-1"},"canonical":"https:\/\/www.eldiariodetucuman.com\/web\/larreta-aseguro-que-el-cargo-extra-del-gas-esta-firmado-desde-hace-dos-decadas\/","og_locale":"es_ES","og_type":"article","og_title":"Larreta asegur\u00f3 que el cargo extra del gas \"est\u00e1 firmado desde hace dos d\u00e9cadas\" - El Diario de Tucuman","og_description":"El Jefe de Gobierno porte\u00f1o, Horacio Rodr\u00edguez Larreta, se refiri\u00f3 al aumento extra, a cobrar en 24 cuotas, que se impuso al gas y, tras tildarlo de &#8220;malo&#8221;, defendi\u00f3 al Gobierno, al asegurar que la medida fue acordada durante el mandato de Carlos Menem. Entrevistado en radio La Red, Larreta asegur\u00f3 que la resoluci\u00f3n 20\/2018 [&hellip;]","og_url":"https:\/\/www.eldiariodetucuman.com\/web\/larreta-aseguro-que-el-cargo-extra-del-gas-esta-firmado-desde-hace-dos-decadas\/","og_site_name":"El Diario de Tucuman","article_published_time":"2018-10-09T14:43:17+00:00","article_modified_time":"2018-10-09T14:43:29+00:00","og_image":[{"width":960,"height":640,"url":"https:\/\/www.eldiariodetucuman.com\/web\/wp-content\/uploads\/2018\/10\/33ec2f28180ce7349109d92cb3c4720f.jpeg","type":"image\/jpeg"}],"author":"admin","twitter_card":"summary_large_image","twitter_misc":{"Escrito por":"admin","Tiempo de lectura":"2 minutos"},"schema":{"@context":"https:\/\/schema.org","@graph":[{"@type":"Article","@id":"https:\/\/www.eldiariodetucuman.com\/web\/larreta-aseguro-que-el-cargo-extra-del-gas-esta-firmado-desde-hace-dos-decadas\/#article","isPartOf":{"@id":"https:\/\/www.eldiariodetucuman.com\/web\/larreta-aseguro-que-el-cargo-extra-del-gas-esta-firmado-desde-hace-dos-decadas\/"},"author":{"name":"admin","@id":"https:\/\/www.eldiariodetucuman.com\/web\/#\/schema\/person\/9250197d75ab5483412e19678b121caa"},"headline":"Larreta asegur\u00f3 que el cargo extra del gas \u00abest\u00e1 firmado desde hace dos d\u00e9cadas\u00bb","datePublished":"2018-10-09T14:43:17+00:00","dateModified":"2018-10-09T14:43:29+00:00","mainEntityOfPage":{"@id":"https:\/\/www.eldiariodetucuman.com\/web\/larreta-aseguro-que-el-cargo-extra-del-gas-esta-firmado-desde-hace-dos-decadas\/"},"wordCount":353,"commentCount":0,"publisher":{"@id":"https:\/\/www.eldiariodetucuman.com\/web\/#organization"},"image":{"@id":"https:\/\/www.eldiariodetucuman.com\/web\/larreta-aseguro-que-el-cargo-extra-del-gas-esta-firmado-desde-hace-dos-decadas\/#primaryimage"},"thumbnailUrl":"https:\/\/www.eldiariodetucuman.com\/web\/wp-content\/uploads\/2018\/10\/33ec2f28180ce7349109d92cb3c4720f.jpeg","articleSection":["Portada"],"inLanguage":"es","potentialAction":[{"@type":"CommentAction","name":"Comment","target":["https:\/\/www.eldiariodetucuman.com\/web\/larreta-aseguro-que-el-cargo-extra-del-gas-esta-firmado-desde-hace-dos-decadas\/#respond"]}]},{"@type":"WebPage","@id":"https:\/\/www.eldiariodetucuman.com\/web\/larreta-aseguro-que-el-cargo-extra-del-gas-esta-firmado-desde-hace-dos-decadas\/","url":"https:\/\/www.eldiariodetucuman.com\/web\/larreta-aseguro-que-el-cargo-extra-del-gas-esta-firmado-desde-hace-dos-decadas\/","name":"Larreta asegur\u00f3 que el cargo extra del gas \"est\u00e1 firmado desde hace dos d\u00e9cadas\" - El Diario de Tucuman","isPartOf":{"@id":"https:\/\/www.eldiariodetucuman.com\/web\/#website"},"primaryImageOfPage":{"@id":"https:\/\/www.eldiariodetucuman.com\/web\/larreta-aseguro-que-el-cargo-extra-del-gas-esta-firmado-desde-hace-dos-decadas\/#primaryimage"},"image":{"@id":"https:\/\/www.eldiariodetucuman.com\/web\/larreta-aseguro-que-el-cargo-extra-del-gas-esta-firmado-desde-hace-dos-decadas\/#primaryimage"},"thumbnailUrl":"https:\/\/www.eldiariodetucuman.com\/web\/wp-content\/uploads\/2018\/10\/33ec2f28180ce7349109d92cb3c4720f.jpeg","datePublished":"2018-10-09T14:43:17+00:00","dateModified":"2018-10-09T14:43:29+00:00","breadcrumb":{"@id":"https:\/\/www.eldiariodetucuman.com\/web\/larreta-aseguro-que-el-cargo-extra-del-gas-esta-firmado-desde-hace-dos-decadas\/#breadcrumb"},"inLanguage":"es","potentialAction":[{"@type":"ReadAction","target":["https:\/\/www.eldiariodetucuman.com\/web\/larreta-aseguro-que-el-cargo-extra-del-gas-esta-firmado-desde-hace-dos-decadas\/"]}]},{"@type":"ImageObject","inLanguage":"es","@id":"https:\/\/www.eldiariodetucuman.com\/web\/larreta-aseguro-que-el-cargo-extra-del-gas-esta-firmado-desde-hace-dos-decadas\/#primaryimage","url":"https:\/\/www.eldiariodetucuman.com\/web\/wp-content\/uploads\/2018\/10\/33ec2f28180ce7349109d92cb3c4720f.jpeg","contentUrl":"https:\/\/www.eldiariodetucuman.com\/web\/wp-content\/uploads\/2018\/10\/33ec2f28180ce7349109d92cb3c4720f.jpeg","width":960,"height":640},{"@type":"BreadcrumbList","@id":"https:\/\/www.eldiariodetucuman.com\/web\/larreta-aseguro-que-el-cargo-extra-del-gas-esta-firmado-desde-hace-dos-decadas\/#breadcrumb","itemListElement":[{"@type":"ListItem","position":1,"name":"Portada","item":"https:\/\/www.eldiariodetucuman.com\/web\/"},{"@type":"ListItem","position":2,"name":"Larreta asegur\u00f3 que el cargo extra del gas \u00abest\u00e1 firmado desde hace dos d\u00e9cadas\u00bb"}]},{"@type":"WebSite","@id":"https:\/\/www.eldiariodetucuman.com\/web\/#website","url":"https:\/\/www.eldiariodetucuman.com\/web\/","name":"El Diario de Tucuman","description":"Diario Tucuman - Informaci\u00f3n y noticias","publisher":{"@id":"https:\/\/www.eldiariodetucuman.com\/web\/#organization"},"potentialAction":[{"@type":"SearchAction","target":{"@type":"EntryPoint","urlTemplate":"https:\/\/www.eldiariodetucuman.com\/web\/?s={search_term_string}"},"query-input":{"@type":"PropertyValueSpecification","valueRequired":true,"valueName":"search_term_string"}}],"inLanguage":"es"},{"@type":"Organization","@id":"https:\/\/www.eldiariodetucuman.com\/web\/#organization","name":"El Diario de Tucuman","url":"https:\/\/www.eldiariodetucuman.com\/web\/","logo":{"@type":"ImageObject","inLanguage":"es","@id":"https:\/\/www.eldiariodetucuman.com\/web\/#\/schema\/logo\/image\/","url":"http:\/\/www.eldiariodetucuman.com\/web\/wp-content\/uploads\/2017\/12\/el-diario-de-tucuman.jpg","contentUrl":"http:\/\/www.eldiariodetucuman.com\/web\/wp-content\/uploads\/2017\/12\/el-diario-de-tucuman.jpg","width":272,"height":92,"caption":"El Diario de Tucuman"},"image":{"@id":"https:\/\/www.eldiariodetucuman.com\/web\/#\/schema\/logo\/image\/"}},{"@type":"Person","@id":"https:\/\/www.eldiariodetucuman.com\/web\/#\/schema\/person\/9250197d75ab5483412e19678b121caa","name":"admin","image":{"@type":"ImageObject","inLanguage":"es","@id":"https:\/\/secure.gravatar.com\/avatar\/c44d117c2be811212c22cb481f6b8384b6873de103fbc49e7a03cc58d7dea4ac?s=96&d=mm&r=g","url":"https:\/\/secure.gravatar.com\/avatar\/c44d117c2be811212c22cb481f6b8384b6873de103fbc49e7a03cc58d7dea4ac?s=96&d=mm&r=g","contentUrl":"https:\/\/secure.gravatar.com\/avatar\/c44d117c2be811212c22cb481f6b8384b6873de103fbc49e7a03cc58d7dea4ac?s=96&d=mm&r=g","caption":"admin"},"url":"https:\/\/www.eldiariodetucuman.com\/web\/author\/admin\/"}]}},"_links":{"self":[{"href":"https:\/\/www.eldiariodetucuman.com\/web\/wp-json\/wp\/v2\/posts\/17805","targetHints":{"allow":["GET"]}}],"collection":[{"href":"https:\/\/www.eldiariodetucuman.com\/web\/wp-json\/wp\/v2\/posts"}],"about":[{"href":"https:\/\/www.eldiariodetucuman.com\/web\/wp-json\/wp\/v2\/types\/post"}],"author":[{"embeddable":true,"href":"https:\/\/www.eldiariodetucuman.com\/web\/wp-json\/wp\/v2\/users\/1"}],"replies":[{"embeddable":true,"href":"https:\/\/www.eldiariodetucuman.com\/web\/wp-json\/wp\/v2\/comments?post=17805"}],"version-history":[{"count":1,"href":"https:\/\/www.eldiariodetucuman.com\/web\/wp-json\/wp\/v2\/posts\/17805\/revisions"}],"predecessor-version":[{"id":17807,"href":"https:\/\/www.eldiariodetucuman.com\/web\/wp-json\/wp\/v2\/posts\/17805\/revisions\/17807"}],"wp:featuredmedia":[{"embeddable":true,"href":"https:\/\/www.eldiariodetucuman.com\/web\/wp-json\/wp\/v2\/media\/17806"}],"wp:attachment":[{"href":"https:\/\/www.eldiariodetucuman.com\/web\/wp-json\/wp\/v2\/media?parent=17805"}],"wp:term":[{"taxonomy":"category","embeddable":true,"href":"https:\/\/www.eldiariodetucuman.com\/web\/wp-json\/wp\/v2\/categories?post=17805"},{"taxonomy":"post_tag","embeddable":true,"href":"https:\/\/www.eldiariodetucuman.com\/web\/wp-json\/wp\/v2\/tags?post=17805"}],"curies":[{"name":"wp","href":"https:\/\/api.w.org\/{rel}","templated":true}]}}