{"id":17802,"date":"2018-10-09T11:42:38","date_gmt":"2018-10-09T14:42:38","guid":{"rendered":"http:\/\/www.eldiariodetucuman.com\/web\/iguacel-no-queremos-volver-a-caer-en-la-tentacion-del-populismo-energetico%c2%94\/"},"modified":"2018-10-09T11:42:51","modified_gmt":"2018-10-09T14:42:51","slug":"iguacel-no-queremos-volver-a-caer-en-la-tentacion-del-populismo-energetico%c2%94","status":"publish","type":"post","link":"https:\/\/www.eldiariodetucuman.com\/web\/iguacel-no-queremos-volver-a-caer-en-la-tentacion-del-populismo-energetico%c2%94\/","title":{"rendered":"Iguacel: \u00abNo queremos volver a caer en la tentaci\u00f3n del populismo energ\u00e9tico\u0094"},"content":{"rendered":"<div>\n<div readability=\"71.48830995324\">\n<p>Mientras la oposici\u00f3n intenta abroquelarse para poder hacerle frente a la iniciativa en el Congreso, el secretario de Energ\u00eda,<a href=\"https:\/\/www.elintransigente.com\/noticias\/buscar\/?buscar=+Javier+Iguacel\"> Javier Iguacel<\/a>, insisti\u00f3 hoy en defender la medida que busca cobrarle un <a href=\"https:\/\/www.elintransigente.com\/noticias\/buscar\/?buscar=gas\">cargo extra a los usuarios de gas<\/a>. &#8220;Es un cambio cultural profundo que tenemos que ir asimilando&#8221;, manifest\u00f3 esta ma\u00f1ana, durante una entrevista radial.\u00a0<\/p>\n<p>&#8220;<strong>Hay un aumento del gas de aqu\u00ed en adelante del 34,7% promedio<\/strong> que tiene que ver con el aumento de las tarifas de distribuci\u00f3n y transporte que est\u00e1n reguladas y pesificadas y tienen un ajuste por inflaci\u00f3n, que incluso se hizo un ajuste menor al \u00edndice de precios. Y despu\u00e9s el insumo del gas en si mismo que tiene que ver con los contratos que tienen los productores con los distribuidores&#8221;, aclar\u00f3.\u00a0<\/p>\n<aside class=\"htmlinline \"><!-- politica 2 300 x 250 imagen --><ins class=\"adsbygoogle\" data-ad-client=\"ca-pub-7781556717282971\" data-ad-slot=\"3120775563\"><\/ins><br \/>\n<\/aside>\n<p>Y destac\u00f3: &#8220;Lo que nosotros ten\u00edamos que resolver es que los productores que le facturaron a los distribuidores el precio del gas aprobado en los contratos seg\u00fan la ley del gas y seg\u00fan las licencias del contrato, los productores no lo facturaron completo a los distribuidores. Si no se traslad\u00f3 se puede cobrar en el aumento de precio de los siguientes seis meses, que tambi\u00e9n hubiese sido tremendo en el bolsillo de la gente\u00bb.<\/p>\n<p>En tanto, durante una comunicaci\u00f3n telef\u00f3nica con el programa radial conducido por Marcelo Longobardi, destac\u00f3 que buscan &#8220;resolver el problema, respetando la ley y los contratos\u00bb. \u00abEl gas es un insumo energ\u00e9tico que reemplaza a otros y de alguna manera es como los granos, la harina, o se tienen o se tienen que importar. <strong>En el invierno importamos unos 60 millones de metros c\u00fabicos<\/strong>. Un tercio es importado y dos tercios es nacionales\u00bb, explic\u00f3.\u00a0<\/p>\n<aside class=\"htmlinline \"><!-- politica 5 300 x 250 texto mas imagen --><ins class=\"adsbygoogle\" data-ad-client=\"ca-pub-7781556717282971\" data-ad-slot=\"3033145653\"><\/ins><br \/>\n<\/aside>\n<p>Asimismo, ejemplific\u00f3 que de volver a una pol\u00edtica donde tenemos que importar cada vez m\u00e1s porque no tenemos producci\u00f3n nacional o trabajo argentino, los usuarios que pagaron 3 mil pesos hoy pagar\u00edan 6 mil o 9 mil, dependiendo si proven\u00eda de Brasil o si se trataba de gas de barco. &#8220;Ese es el futuro que tendr\u00edamos si no hacemos que se respeten los contratos, que trabajemos para que haya producci\u00f3n nacional&#8221;, remarc\u00f3.\u00a0<\/p>\n<p>En tanto, volvi\u00f3 a dirigirse a los usuarios y dijo que le parec\u00eda muy entendible que si durante tanto tiempo no pagamos nada por energ\u00eda, ni por la luz ni por el gas, <strong>cuando ahora tenemos que sacar de nuestro bolsillo para pagar <\/strong>eso, y eso nos evita pagar otra cosa,<strong> obviamente que nos da bronca<\/strong>. \u00abSi no lo pagamos ahora lo vamos a pagar en el futuro mucho peor\u00bb, lanz\u00f3.\u00a0<\/p>\n<p>Adem\u00e1s, reconoci\u00f3 que se comunic\u00f3 con el gobernador <a href=\"https:\/\/www.elintransigente.com\/noticias\/buscar\/?buscar=Gerardo+Morales\">Gerardo Morales<\/a>, que tambi\u00e9n critic\u00f3 p\u00fablicamente la medida, y asegur\u00f3: &#8220;Entendi\u00f3 mucho de lo que nos pas\u00f3. De golpe hubo mucha desinformaci\u00f3n, mala informaci\u00f3n o mala explicaci\u00f3n y gener\u00f3 un poco de confusi\u00f3n y no se tuvo en cuenta que lo que intentamos hacer con la buena voluntad de tener el menor impacto posible en los usuarios sin opacar el futuro, <strong>sin volver a caer en la tentaci\u00f3n del populismo energ\u00e9tico<\/strong>, era resolverlo de esta manera\u00bb.<\/p>\n<p>\n\u00a0<\/p>\n<\/div>\n<\/div>\n<p>Fuente: https:\/\/www.elintransigente.com\/politica\/2018\/10\/9\/iguacel-no-queremos-volver-caer-en-la-tentacion-del-populismo-energetico-516258.html<\/p>\n","protected":false},"excerpt":{"rendered":"<p>Mientras la oposici\u00f3n intenta abroquelarse para poder hacerle frente a la iniciativa en el Congreso, el secretario de Energ\u00eda, Javier Iguacel, insisti\u00f3 hoy en defender la medida que busca cobrarle un cargo extra a los usuarios de gas. &#8220;Es un cambio cultural profundo que tenemos que ir asimilando&#8221;, manifest\u00f3 esta ma\u00f1ana, durante una entrevista radial.\u00a0 [&hellip;]<\/p>\n","protected":false},"author":1,"featured_media":17803,"comment_status":"open","ping_status":"closed","sticky":false,"template":"","format":"standard","meta":{"footnotes":""},"categories":[1],"tags":[],"class_list":{"0":"post-17802","1":"post","2":"type-post","3":"status-publish","4":"format-standard","5":"has-post-thumbnail","7":"category-portada"},"yoast_head":"<!-- This site is optimized with the Yoast SEO plugin v27.5 - https:\/\/yoast.com\/product\/yoast-seo-wordpress\/ -->\n<title>Iguacel: &quot;No queremos volver a caer en la tentaci\u00f3n del populismo energ\u00e9tico\u0094 - El Diario de Tucuman<\/title>\n<meta name=\"robots\" content=\"index, follow, max-snippet:-1, max-image-preview:large, max-video-preview:-1\" \/>\n<link rel=\"canonical\" href=\"https:\/\/www.eldiariodetucuman.com\/web\/iguacel-no-queremos-volver-a-caer-en-la-tentacion-del-populismo-energetico\u0094\/\" \/>\n<meta property=\"og:locale\" content=\"es_ES\" \/>\n<meta property=\"og:type\" content=\"article\" \/>\n<meta property=\"og:title\" content=\"Iguacel: &quot;No queremos volver a caer en la tentaci\u00f3n del populismo energ\u00e9tico\u0094 - El Diario de Tucuman\" \/>\n<meta property=\"og:description\" content=\"Mientras la oposici\u00f3n intenta abroquelarse para poder hacerle frente a la iniciativa en el Congreso, el secretario de Energ\u00eda, Javier Iguacel, insisti\u00f3 hoy en defender la medida que busca cobrarle un cargo extra a los usuarios de gas. &#8220;Es un cambio cultural profundo que tenemos que ir asimilando&#8221;, manifest\u00f3 esta ma\u00f1ana, durante una entrevista radial.\u00a0 [&hellip;]\" \/>\n<meta property=\"og:url\" content=\"https:\/\/www.eldiariodetucuman.com\/web\/iguacel-no-queremos-volver-a-caer-en-la-tentacion-del-populismo-energetico\u0094\/\" \/>\n<meta property=\"og:site_name\" content=\"El Diario de Tucuman\" \/>\n<meta property=\"article:published_time\" content=\"2018-10-09T14:42:38+00:00\" \/>\n<meta property=\"article:modified_time\" content=\"2018-10-09T14:42:51+00:00\" \/>\n<meta property=\"og:image\" content=\"https:\/\/www.eldiariodetucuman.com\/web\/wp-content\/uploads\/2018\/10\/efa0a4b20653edc4860827dee39c4b1f.jpeg\" \/>\n\t<meta property=\"og:image:width\" content=\"960\" \/>\n\t<meta property=\"og:image:height\" content=\"539\" \/>\n\t<meta property=\"og:image:type\" content=\"image\/jpeg\" \/>\n<meta name=\"author\" content=\"admin\" \/>\n<meta name=\"twitter:card\" content=\"summary_large_image\" \/>\n<meta name=\"twitter:label1\" content=\"Escrito por\" \/>\n\t<meta name=\"twitter:data1\" content=\"admin\" \/>\n\t<meta name=\"twitter:label2\" content=\"Tiempo de lectura\" \/>\n\t<meta name=\"twitter:data2\" content=\"3 minutos\" \/>\n<script type=\"application\/ld+json\" class=\"yoast-schema-graph\">{\"@context\":\"https:\\\/\\\/schema.org\",\"@graph\":[{\"@type\":\"Article\",\"@id\":\"https:\\\/\\\/www.eldiariodetucuman.com\\\/web\\\/iguacel-no-queremos-volver-a-caer-en-la-tentacion-del-populismo-energetico%c2%94\\\/#article\",\"isPartOf\":{\"@id\":\"https:\\\/\\\/www.eldiariodetucuman.com\\\/web\\\/iguacel-no-queremos-volver-a-caer-en-la-tentacion-del-populismo-energetico%c2%94\\\/\"},\"author\":{\"name\":\"admin\",\"@id\":\"https:\\\/\\\/www.eldiariodetucuman.com\\\/web\\\/#\\\/schema\\\/person\\\/9250197d75ab5483412e19678b121caa\"},\"headline\":\"Iguacel: \u00abNo queremos volver a caer en la tentaci\u00f3n del populismo energ\u00e9tico\u0094\",\"datePublished\":\"2018-10-09T14:42:38+00:00\",\"dateModified\":\"2018-10-09T14:42:51+00:00\",\"mainEntityOfPage\":{\"@id\":\"https:\\\/\\\/www.eldiariodetucuman.com\\\/web\\\/iguacel-no-queremos-volver-a-caer-en-la-tentacion-del-populismo-energetico%c2%94\\\/\"},\"wordCount\":552,\"commentCount\":0,\"publisher\":{\"@id\":\"https:\\\/\\\/www.eldiariodetucuman.com\\\/web\\\/#organization\"},\"image\":{\"@id\":\"https:\\\/\\\/www.eldiariodetucuman.com\\\/web\\\/iguacel-no-queremos-volver-a-caer-en-la-tentacion-del-populismo-energetico%c2%94\\\/#primaryimage\"},\"thumbnailUrl\":\"https:\\\/\\\/www.eldiariodetucuman.com\\\/web\\\/wp-content\\\/uploads\\\/2018\\\/10\\\/efa0a4b20653edc4860827dee39c4b1f.jpeg\",\"articleSection\":[\"Portada\"],\"inLanguage\":\"es\",\"potentialAction\":[{\"@type\":\"CommentAction\",\"name\":\"Comment\",\"target\":[\"https:\\\/\\\/www.eldiariodetucuman.com\\\/web\\\/iguacel-no-queremos-volver-a-caer-en-la-tentacion-del-populismo-energetico%c2%94\\\/#respond\"]}]},{\"@type\":\"WebPage\",\"@id\":\"https:\\\/\\\/www.eldiariodetucuman.com\\\/web\\\/iguacel-no-queremos-volver-a-caer-en-la-tentacion-del-populismo-energetico%c2%94\\\/\",\"url\":\"https:\\\/\\\/www.eldiariodetucuman.com\\\/web\\\/iguacel-no-queremos-volver-a-caer-en-la-tentacion-del-populismo-energetico%c2%94\\\/\",\"name\":\"Iguacel: \\\"No queremos volver a caer en la tentaci\u00f3n del populismo energ\u00e9tico\u0094 - El Diario de Tucuman\",\"isPartOf\":{\"@id\":\"https:\\\/\\\/www.eldiariodetucuman.com\\\/web\\\/#website\"},\"primaryImageOfPage\":{\"@id\":\"https:\\\/\\\/www.eldiariodetucuman.com\\\/web\\\/iguacel-no-queremos-volver-a-caer-en-la-tentacion-del-populismo-energetico%c2%94\\\/#primaryimage\"},\"image\":{\"@id\":\"https:\\\/\\\/www.eldiariodetucuman.com\\\/web\\\/iguacel-no-queremos-volver-a-caer-en-la-tentacion-del-populismo-energetico%c2%94\\\/#primaryimage\"},\"thumbnailUrl\":\"https:\\\/\\\/www.eldiariodetucuman.com\\\/web\\\/wp-content\\\/uploads\\\/2018\\\/10\\\/efa0a4b20653edc4860827dee39c4b1f.jpeg\",\"datePublished\":\"2018-10-09T14:42:38+00:00\",\"dateModified\":\"2018-10-09T14:42:51+00:00\",\"breadcrumb\":{\"@id\":\"https:\\\/\\\/www.eldiariodetucuman.com\\\/web\\\/iguacel-no-queremos-volver-a-caer-en-la-tentacion-del-populismo-energetico%c2%94\\\/#breadcrumb\"},\"inLanguage\":\"es\",\"potentialAction\":[{\"@type\":\"ReadAction\",\"target\":[\"https:\\\/\\\/www.eldiariodetucuman.com\\\/web\\\/iguacel-no-queremos-volver-a-caer-en-la-tentacion-del-populismo-energetico%c2%94\\\/\"]}]},{\"@type\":\"ImageObject\",\"inLanguage\":\"es\",\"@id\":\"https:\\\/\\\/www.eldiariodetucuman.com\\\/web\\\/iguacel-no-queremos-volver-a-caer-en-la-tentacion-del-populismo-energetico%c2%94\\\/#primaryimage\",\"url\":\"https:\\\/\\\/www.eldiariodetucuman.com\\\/web\\\/wp-content\\\/uploads\\\/2018\\\/10\\\/efa0a4b20653edc4860827dee39c4b1f.jpeg\",\"contentUrl\":\"https:\\\/\\\/www.eldiariodetucuman.com\\\/web\\\/wp-content\\\/uploads\\\/2018\\\/10\\\/efa0a4b20653edc4860827dee39c4b1f.jpeg\",\"width\":960,\"height\":539},{\"@type\":\"BreadcrumbList\",\"@id\":\"https:\\\/\\\/www.eldiariodetucuman.com\\\/web\\\/iguacel-no-queremos-volver-a-caer-en-la-tentacion-del-populismo-energetico%c2%94\\\/#breadcrumb\",\"itemListElement\":[{\"@type\":\"ListItem\",\"position\":1,\"name\":\"Portada\",\"item\":\"https:\\\/\\\/www.eldiariodetucuman.com\\\/web\\\/\"},{\"@type\":\"ListItem\",\"position\":2,\"name\":\"Iguacel: \u00abNo queremos volver a caer en la tentaci\u00f3n del populismo energ\u00e9tico\u0094\"}]},{\"@type\":\"WebSite\",\"@id\":\"https:\\\/\\\/www.eldiariodetucuman.com\\\/web\\\/#website\",\"url\":\"https:\\\/\\\/www.eldiariodetucuman.com\\\/web\\\/\",\"name\":\"El Diario de Tucuman\",\"description\":\"Diario Tucuman - Informaci\u00f3n y noticias\",\"publisher\":{\"@id\":\"https:\\\/\\\/www.eldiariodetucuman.com\\\/web\\\/#organization\"},\"potentialAction\":[{\"@type\":\"SearchAction\",\"target\":{\"@type\":\"EntryPoint\",\"urlTemplate\":\"https:\\\/\\\/www.eldiariodetucuman.com\\\/web\\\/?s={search_term_string}\"},\"query-input\":{\"@type\":\"PropertyValueSpecification\",\"valueRequired\":true,\"valueName\":\"search_term_string\"}}],\"inLanguage\":\"es\"},{\"@type\":\"Organization\",\"@id\":\"https:\\\/\\\/www.eldiariodetucuman.com\\\/web\\\/#organization\",\"name\":\"El Diario de Tucuman\",\"url\":\"https:\\\/\\\/www.eldiariodetucuman.com\\\/web\\\/\",\"logo\":{\"@type\":\"ImageObject\",\"inLanguage\":\"es\",\"@id\":\"https:\\\/\\\/www.eldiariodetucuman.com\\\/web\\\/#\\\/schema\\\/logo\\\/image\\\/\",\"url\":\"http:\\\/\\\/www.eldiariodetucuman.com\\\/web\\\/wp-content\\\/uploads\\\/2017\\\/12\\\/el-diario-de-tucuman.jpg\",\"contentUrl\":\"http:\\\/\\\/www.eldiariodetucuman.com\\\/web\\\/wp-content\\\/uploads\\\/2017\\\/12\\\/el-diario-de-tucuman.jpg\",\"width\":272,\"height\":92,\"caption\":\"El Diario de Tucuman\"},\"image\":{\"@id\":\"https:\\\/\\\/www.eldiariodetucuman.com\\\/web\\\/#\\\/schema\\\/logo\\\/image\\\/\"}},{\"@type\":\"Person\",\"@id\":\"https:\\\/\\\/www.eldiariodetucuman.com\\\/web\\\/#\\\/schema\\\/person\\\/9250197d75ab5483412e19678b121caa\",\"name\":\"admin\",\"image\":{\"@type\":\"ImageObject\",\"inLanguage\":\"es\",\"@id\":\"https:\\\/\\\/secure.gravatar.com\\\/avatar\\\/c44d117c2be811212c22cb481f6b8384b6873de103fbc49e7a03cc58d7dea4ac?s=96&d=mm&r=g\",\"url\":\"https:\\\/\\\/secure.gravatar.com\\\/avatar\\\/c44d117c2be811212c22cb481f6b8384b6873de103fbc49e7a03cc58d7dea4ac?s=96&d=mm&r=g\",\"contentUrl\":\"https:\\\/\\\/secure.gravatar.com\\\/avatar\\\/c44d117c2be811212c22cb481f6b8384b6873de103fbc49e7a03cc58d7dea4ac?s=96&d=mm&r=g\",\"caption\":\"admin\"},\"url\":\"https:\\\/\\\/www.eldiariodetucuman.com\\\/web\\\/author\\\/admin\\\/\"}]}<\/script>\n<!-- \/ Yoast SEO plugin. -->","yoast_head_json":{"title":"Iguacel: \"No queremos volver a caer en la tentaci\u00f3n del populismo energ\u00e9tico\u0094 - El Diario de Tucuman","robots":{"index":"index","follow":"follow","max-snippet":"max-snippet:-1","max-image-preview":"max-image-preview:large","max-video-preview":"max-video-preview:-1"},"canonical":"https:\/\/www.eldiariodetucuman.com\/web\/iguacel-no-queremos-volver-a-caer-en-la-tentacion-del-populismo-energetico\u0094\/","og_locale":"es_ES","og_type":"article","og_title":"Iguacel: \"No queremos volver a caer en la tentaci\u00f3n del populismo energ\u00e9tico\u0094 - El Diario de Tucuman","og_description":"Mientras la oposici\u00f3n intenta abroquelarse para poder hacerle frente a la iniciativa en el Congreso, el secretario de Energ\u00eda, Javier Iguacel, insisti\u00f3 hoy en defender la medida que busca cobrarle un cargo extra a los usuarios de gas. &#8220;Es un cambio cultural profundo que tenemos que ir asimilando&#8221;, manifest\u00f3 esta ma\u00f1ana, durante una entrevista radial.\u00a0 [&hellip;]","og_url":"https:\/\/www.eldiariodetucuman.com\/web\/iguacel-no-queremos-volver-a-caer-en-la-tentacion-del-populismo-energetico\u0094\/","og_site_name":"El Diario de Tucuman","article_published_time":"2018-10-09T14:42:38+00:00","article_modified_time":"2018-10-09T14:42:51+00:00","og_image":[{"width":960,"height":539,"url":"https:\/\/www.eldiariodetucuman.com\/web\/wp-content\/uploads\/2018\/10\/efa0a4b20653edc4860827dee39c4b1f.jpeg","type":"image\/jpeg"}],"author":"admin","twitter_card":"summary_large_image","twitter_misc":{"Escrito por":"admin","Tiempo de lectura":"3 minutos"},"schema":{"@context":"https:\/\/schema.org","@graph":[{"@type":"Article","@id":"https:\/\/www.eldiariodetucuman.com\/web\/iguacel-no-queremos-volver-a-caer-en-la-tentacion-del-populismo-energetico%c2%94\/#article","isPartOf":{"@id":"https:\/\/www.eldiariodetucuman.com\/web\/iguacel-no-queremos-volver-a-caer-en-la-tentacion-del-populismo-energetico%c2%94\/"},"author":{"name":"admin","@id":"https:\/\/www.eldiariodetucuman.com\/web\/#\/schema\/person\/9250197d75ab5483412e19678b121caa"},"headline":"Iguacel: \u00abNo queremos volver a caer en la tentaci\u00f3n del populismo energ\u00e9tico\u0094","datePublished":"2018-10-09T14:42:38+00:00","dateModified":"2018-10-09T14:42:51+00:00","mainEntityOfPage":{"@id":"https:\/\/www.eldiariodetucuman.com\/web\/iguacel-no-queremos-volver-a-caer-en-la-tentacion-del-populismo-energetico%c2%94\/"},"wordCount":552,"commentCount":0,"publisher":{"@id":"https:\/\/www.eldiariodetucuman.com\/web\/#organization"},"image":{"@id":"https:\/\/www.eldiariodetucuman.com\/web\/iguacel-no-queremos-volver-a-caer-en-la-tentacion-del-populismo-energetico%c2%94\/#primaryimage"},"thumbnailUrl":"https:\/\/www.eldiariodetucuman.com\/web\/wp-content\/uploads\/2018\/10\/efa0a4b20653edc4860827dee39c4b1f.jpeg","articleSection":["Portada"],"inLanguage":"es","potentialAction":[{"@type":"CommentAction","name":"Comment","target":["https:\/\/www.eldiariodetucuman.com\/web\/iguacel-no-queremos-volver-a-caer-en-la-tentacion-del-populismo-energetico%c2%94\/#respond"]}]},{"@type":"WebPage","@id":"https:\/\/www.eldiariodetucuman.com\/web\/iguacel-no-queremos-volver-a-caer-en-la-tentacion-del-populismo-energetico%c2%94\/","url":"https:\/\/www.eldiariodetucuman.com\/web\/iguacel-no-queremos-volver-a-caer-en-la-tentacion-del-populismo-energetico%c2%94\/","name":"Iguacel: \"No queremos volver a caer en la tentaci\u00f3n del populismo energ\u00e9tico\u0094 - El Diario de Tucuman","isPartOf":{"@id":"https:\/\/www.eldiariodetucuman.com\/web\/#website"},"primaryImageOfPage":{"@id":"https:\/\/www.eldiariodetucuman.com\/web\/iguacel-no-queremos-volver-a-caer-en-la-tentacion-del-populismo-energetico%c2%94\/#primaryimage"},"image":{"@id":"https:\/\/www.eldiariodetucuman.com\/web\/iguacel-no-queremos-volver-a-caer-en-la-tentacion-del-populismo-energetico%c2%94\/#primaryimage"},"thumbnailUrl":"https:\/\/www.eldiariodetucuman.com\/web\/wp-content\/uploads\/2018\/10\/efa0a4b20653edc4860827dee39c4b1f.jpeg","datePublished":"2018-10-09T14:42:38+00:00","dateModified":"2018-10-09T14:42:51+00:00","breadcrumb":{"@id":"https:\/\/www.eldiariodetucuman.com\/web\/iguacel-no-queremos-volver-a-caer-en-la-tentacion-del-populismo-energetico%c2%94\/#breadcrumb"},"inLanguage":"es","potentialAction":[{"@type":"ReadAction","target":["https:\/\/www.eldiariodetucuman.com\/web\/iguacel-no-queremos-volver-a-caer-en-la-tentacion-del-populismo-energetico%c2%94\/"]}]},{"@type":"ImageObject","inLanguage":"es","@id":"https:\/\/www.eldiariodetucuman.com\/web\/iguacel-no-queremos-volver-a-caer-en-la-tentacion-del-populismo-energetico%c2%94\/#primaryimage","url":"https:\/\/www.eldiariodetucuman.com\/web\/wp-content\/uploads\/2018\/10\/efa0a4b20653edc4860827dee39c4b1f.jpeg","contentUrl":"https:\/\/www.eldiariodetucuman.com\/web\/wp-content\/uploads\/2018\/10\/efa0a4b20653edc4860827dee39c4b1f.jpeg","width":960,"height":539},{"@type":"BreadcrumbList","@id":"https:\/\/www.eldiariodetucuman.com\/web\/iguacel-no-queremos-volver-a-caer-en-la-tentacion-del-populismo-energetico%c2%94\/#breadcrumb","itemListElement":[{"@type":"ListItem","position":1,"name":"Portada","item":"https:\/\/www.eldiariodetucuman.com\/web\/"},{"@type":"ListItem","position":2,"name":"Iguacel: \u00abNo queremos volver a caer en la tentaci\u00f3n del populismo energ\u00e9tico\u0094"}]},{"@type":"WebSite","@id":"https:\/\/www.eldiariodetucuman.com\/web\/#website","url":"https:\/\/www.eldiariodetucuman.com\/web\/","name":"El Diario de Tucuman","description":"Diario Tucuman - Informaci\u00f3n y noticias","publisher":{"@id":"https:\/\/www.eldiariodetucuman.com\/web\/#organization"},"potentialAction":[{"@type":"SearchAction","target":{"@type":"EntryPoint","urlTemplate":"https:\/\/www.eldiariodetucuman.com\/web\/?s={search_term_string}"},"query-input":{"@type":"PropertyValueSpecification","valueRequired":true,"valueName":"search_term_string"}}],"inLanguage":"es"},{"@type":"Organization","@id":"https:\/\/www.eldiariodetucuman.com\/web\/#organization","name":"El Diario de Tucuman","url":"https:\/\/www.eldiariodetucuman.com\/web\/","logo":{"@type":"ImageObject","inLanguage":"es","@id":"https:\/\/www.eldiariodetucuman.com\/web\/#\/schema\/logo\/image\/","url":"http:\/\/www.eldiariodetucuman.com\/web\/wp-content\/uploads\/2017\/12\/el-diario-de-tucuman.jpg","contentUrl":"http:\/\/www.eldiariodetucuman.com\/web\/wp-content\/uploads\/2017\/12\/el-diario-de-tucuman.jpg","width":272,"height":92,"caption":"El Diario de Tucuman"},"image":{"@id":"https:\/\/www.eldiariodetucuman.com\/web\/#\/schema\/logo\/image\/"}},{"@type":"Person","@id":"https:\/\/www.eldiariodetucuman.com\/web\/#\/schema\/person\/9250197d75ab5483412e19678b121caa","name":"admin","image":{"@type":"ImageObject","inLanguage":"es","@id":"https:\/\/secure.gravatar.com\/avatar\/c44d117c2be811212c22cb481f6b8384b6873de103fbc49e7a03cc58d7dea4ac?s=96&d=mm&r=g","url":"https:\/\/secure.gravatar.com\/avatar\/c44d117c2be811212c22cb481f6b8384b6873de103fbc49e7a03cc58d7dea4ac?s=96&d=mm&r=g","contentUrl":"https:\/\/secure.gravatar.com\/avatar\/c44d117c2be811212c22cb481f6b8384b6873de103fbc49e7a03cc58d7dea4ac?s=96&d=mm&r=g","caption":"admin"},"url":"https:\/\/www.eldiariodetucuman.com\/web\/author\/admin\/"}]}},"_links":{"self":[{"href":"https:\/\/www.eldiariodetucuman.com\/web\/wp-json\/wp\/v2\/posts\/17802","targetHints":{"allow":["GET"]}}],"collection":[{"href":"https:\/\/www.eldiariodetucuman.com\/web\/wp-json\/wp\/v2\/posts"}],"about":[{"href":"https:\/\/www.eldiariodetucuman.com\/web\/wp-json\/wp\/v2\/types\/post"}],"author":[{"embeddable":true,"href":"https:\/\/www.eldiariodetucuman.com\/web\/wp-json\/wp\/v2\/users\/1"}],"replies":[{"embeddable":true,"href":"https:\/\/www.eldiariodetucuman.com\/web\/wp-json\/wp\/v2\/comments?post=17802"}],"version-history":[{"count":1,"href":"https:\/\/www.eldiariodetucuman.com\/web\/wp-json\/wp\/v2\/posts\/17802\/revisions"}],"predecessor-version":[{"id":17804,"href":"https:\/\/www.eldiariodetucuman.com\/web\/wp-json\/wp\/v2\/posts\/17802\/revisions\/17804"}],"wp:featuredmedia":[{"embeddable":true,"href":"https:\/\/www.eldiariodetucuman.com\/web\/wp-json\/wp\/v2\/media\/17803"}],"wp:attachment":[{"href":"https:\/\/www.eldiariodetucuman.com\/web\/wp-json\/wp\/v2\/media?parent=17802"}],"wp:term":[{"taxonomy":"category","embeddable":true,"href":"https:\/\/www.eldiariodetucuman.com\/web\/wp-json\/wp\/v2\/categories?post=17802"},{"taxonomy":"post_tag","embeddable":true,"href":"https:\/\/www.eldiariodetucuman.com\/web\/wp-json\/wp\/v2\/tags?post=17802"}],"curies":[{"name":"wp","href":"https:\/\/api.w.org\/{rel}","templated":true}]}}