{"id":17232,"date":"2018-09-26T12:52:49","date_gmt":"2018-09-26T15:52:49","guid":{"rendered":"http:\/\/www.eldiariodetucuman.com\/web\/investigan-brutal-crimen-de-un-pibe-al-que-habrian-matado-en-un-ritual\/"},"modified":"2018-09-26T12:52:49","modified_gmt":"2018-09-26T15:52:49","slug":"investigan-brutal-crimen-de-un-pibe-al-que-habrian-matado-en-un-ritual","status":"publish","type":"post","link":"https:\/\/www.eldiariodetucuman.com\/web\/investigan-brutal-crimen-de-un-pibe-al-que-habrian-matado-en-un-ritual\/","title":{"rendered":"Investigan brutal crimen de un pibe al que habr\u00edan matado en un ritual"},"content":{"rendered":"<div>\n<div itemprop=\"articleBody\" readability=\"53.131832797428\">\n<p>Conmoci\u00f3n en   <a href=\"https:\/\/www.cronica.com.ar\/tags\/Uruguay\">Uruguay<\/a>. La Justicia investiga el crimen de<strong> Inti Nahuel Lois <\/strong>, un   <a href=\"https:\/\/www.cronica.com.ar\/tags\/pibe\">pibe<\/a> de ocho a\u00f1os que habr\u00eda sido asesinado durante alg\u00fan tipo de ritual. Esa es la primera hip\u00f3tesis que manejan los pesquisas, en virtud del terrible estado en el que fue hallado el cuerpo, que presentaba signos de abuso sexual, golpes con una piedra o una pala en la cabeza que habr\u00edan provocado la muerte, adem\u00e1s de un brazo fracturado y casi desmembrado.<\/p>\n<p>Por el caso fue detenido un sujeto de 16 a\u00f1os, quien es vecino de la v\u00edctima. Su situaci\u00f3n es muy complicada, ya que los peritajes lo comprometen y hasta algunos testigos lo vieron con el   <a href=\"https:\/\/www.cronica.com.ar\/tags\/pibe\">pibe<\/a> en una zona cercana a la que fue encontrado el cuerpo, en el departamento de Canelones. Seg\u00fan dijeron, llevaba dos bicicletas, una suya y otra de la v\u00edctima.<\/p>\n<p><em>\u00abLos testimonios son muy completos. Est\u00e1 descartado que otras personas participaron en el crimen\u00bb, <\/em>expres\u00f3 la fiscal de la causa.<\/p>\n<\/div>\n<\/div>\n","protected":false},"excerpt":{"rendered":"<p>Conmoci\u00f3n en Uruguay. La Justicia investiga el crimen de Inti Nahuel Lois , un pibe de ocho a\u00f1os que habr\u00eda sido asesinado durante alg\u00fan tipo de ritual. Esa es la primera hip\u00f3tesis que manejan los pesquisas, en virtud del terrible estado en el que fue hallado el cuerpo, que presentaba signos de abuso sexual, golpes [&hellip;]<\/p>\n","protected":false},"author":4,"featured_media":17233,"comment_status":"open","ping_status":"closed","sticky":false,"template":"","format":"standard","meta":{"footnotes":""},"categories":[194],"tags":[],"class_list":{"0":"post-17232","1":"post","2":"type-post","3":"status-publish","4":"format-standard","5":"has-post-thumbnail","7":"category-internacionales"},"yoast_head":"<!-- This site is optimized with the Yoast SEO plugin v27.4 - https:\/\/yoast.com\/product\/yoast-seo-wordpress\/ -->\n<title>Investigan brutal crimen de un pibe al que habr\u00edan matado en un ritual - El Diario de Tucuman<\/title>\n<meta name=\"robots\" content=\"index, follow, max-snippet:-1, max-image-preview:large, max-video-preview:-1\" \/>\n<link rel=\"canonical\" href=\"https:\/\/www.eldiariodetucuman.com\/web\/investigan-brutal-crimen-de-un-pibe-al-que-habrian-matado-en-un-ritual\/\" \/>\n<meta property=\"og:locale\" content=\"es_ES\" \/>\n<meta property=\"og:type\" content=\"article\" \/>\n<meta property=\"og:title\" content=\"Investigan brutal crimen de un pibe al que habr\u00edan matado en un ritual - El Diario de Tucuman\" \/>\n<meta property=\"og:description\" content=\"Conmoci\u00f3n en Uruguay. La Justicia investiga el crimen de Inti Nahuel Lois , un pibe de ocho a\u00f1os que habr\u00eda sido asesinado durante alg\u00fan tipo de ritual. Esa es la primera hip\u00f3tesis que manejan los pesquisas, en virtud del terrible estado en el que fue hallado el cuerpo, que presentaba signos de abuso sexual, golpes [&hellip;]\" \/>\n<meta property=\"og:url\" content=\"https:\/\/www.eldiariodetucuman.com\/web\/investigan-brutal-crimen-de-un-pibe-al-que-habrian-matado-en-un-ritual\/\" \/>\n<meta property=\"og:site_name\" content=\"El Diario de Tucuman\" \/>\n<meta property=\"article:published_time\" content=\"2018-09-26T15:52:49+00:00\" \/>\n<meta property=\"og:image\" content=\"https:\/\/www.eldiariodetucuman.com\/web\/wp-content\/uploads\/2018\/09\/12404a56e5ae53af959de060ab4117f2.jpeg\" \/>\n\t<meta property=\"og:image:width\" content=\"970\" \/>\n\t<meta property=\"og:image:height\" content=\"546\" \/>\n\t<meta property=\"og:image:type\" content=\"image\/jpeg\" \/>\n<meta name=\"author\" content=\"eldiario detucuman\" \/>\n<meta name=\"twitter:card\" content=\"summary_large_image\" \/>\n<meta name=\"twitter:label1\" content=\"Escrito por\" \/>\n\t<meta name=\"twitter:data1\" content=\"eldiario detucuman\" \/>\n\t<meta name=\"twitter:label2\" content=\"Tiempo de lectura\" \/>\n\t<meta name=\"twitter:data2\" content=\"1 minuto\" \/>\n<script type=\"application\/ld+json\" class=\"yoast-schema-graph\">{\"@context\":\"https:\\\/\\\/schema.org\",\"@graph\":[{\"@type\":\"Article\",\"@id\":\"https:\\\/\\\/www.eldiariodetucuman.com\\\/web\\\/investigan-brutal-crimen-de-un-pibe-al-que-habrian-matado-en-un-ritual\\\/#article\",\"isPartOf\":{\"@id\":\"https:\\\/\\\/www.eldiariodetucuman.com\\\/web\\\/investigan-brutal-crimen-de-un-pibe-al-que-habrian-matado-en-un-ritual\\\/\"},\"author\":{\"name\":\"eldiario detucuman\",\"@id\":\"https:\\\/\\\/www.eldiariodetucuman.com\\\/web\\\/#\\\/schema\\\/person\\\/6f95946e54fde848b878ffa4928071d5\"},\"headline\":\"Investigan brutal crimen de un pibe al que habr\u00edan matado en un ritual\",\"datePublished\":\"2018-09-26T15:52:49+00:00\",\"mainEntityOfPage\":{\"@id\":\"https:\\\/\\\/www.eldiariodetucuman.com\\\/web\\\/investigan-brutal-crimen-de-un-pibe-al-que-habrian-matado-en-un-ritual\\\/\"},\"wordCount\":185,\"commentCount\":0,\"publisher\":{\"@id\":\"https:\\\/\\\/www.eldiariodetucuman.com\\\/web\\\/#organization\"},\"image\":{\"@id\":\"https:\\\/\\\/www.eldiariodetucuman.com\\\/web\\\/investigan-brutal-crimen-de-un-pibe-al-que-habrian-matado-en-un-ritual\\\/#primaryimage\"},\"thumbnailUrl\":\"https:\\\/\\\/www.eldiariodetucuman.com\\\/web\\\/wp-content\\\/uploads\\\/2018\\\/09\\\/12404a56e5ae53af959de060ab4117f2.jpeg\",\"articleSection\":[\"Internacionales\"],\"inLanguage\":\"es\",\"potentialAction\":[{\"@type\":\"CommentAction\",\"name\":\"Comment\",\"target\":[\"https:\\\/\\\/www.eldiariodetucuman.com\\\/web\\\/investigan-brutal-crimen-de-un-pibe-al-que-habrian-matado-en-un-ritual\\\/#respond\"]}]},{\"@type\":\"WebPage\",\"@id\":\"https:\\\/\\\/www.eldiariodetucuman.com\\\/web\\\/investigan-brutal-crimen-de-un-pibe-al-que-habrian-matado-en-un-ritual\\\/\",\"url\":\"https:\\\/\\\/www.eldiariodetucuman.com\\\/web\\\/investigan-brutal-crimen-de-un-pibe-al-que-habrian-matado-en-un-ritual\\\/\",\"name\":\"Investigan brutal crimen de un pibe al que habr\u00edan matado en un ritual - El Diario de Tucuman\",\"isPartOf\":{\"@id\":\"https:\\\/\\\/www.eldiariodetucuman.com\\\/web\\\/#website\"},\"primaryImageOfPage\":{\"@id\":\"https:\\\/\\\/www.eldiariodetucuman.com\\\/web\\\/investigan-brutal-crimen-de-un-pibe-al-que-habrian-matado-en-un-ritual\\\/#primaryimage\"},\"image\":{\"@id\":\"https:\\\/\\\/www.eldiariodetucuman.com\\\/web\\\/investigan-brutal-crimen-de-un-pibe-al-que-habrian-matado-en-un-ritual\\\/#primaryimage\"},\"thumbnailUrl\":\"https:\\\/\\\/www.eldiariodetucuman.com\\\/web\\\/wp-content\\\/uploads\\\/2018\\\/09\\\/12404a56e5ae53af959de060ab4117f2.jpeg\",\"datePublished\":\"2018-09-26T15:52:49+00:00\",\"breadcrumb\":{\"@id\":\"https:\\\/\\\/www.eldiariodetucuman.com\\\/web\\\/investigan-brutal-crimen-de-un-pibe-al-que-habrian-matado-en-un-ritual\\\/#breadcrumb\"},\"inLanguage\":\"es\",\"potentialAction\":[{\"@type\":\"ReadAction\",\"target\":[\"https:\\\/\\\/www.eldiariodetucuman.com\\\/web\\\/investigan-brutal-crimen-de-un-pibe-al-que-habrian-matado-en-un-ritual\\\/\"]}]},{\"@type\":\"ImageObject\",\"inLanguage\":\"es\",\"@id\":\"https:\\\/\\\/www.eldiariodetucuman.com\\\/web\\\/investigan-brutal-crimen-de-un-pibe-al-que-habrian-matado-en-un-ritual\\\/#primaryimage\",\"url\":\"https:\\\/\\\/www.eldiariodetucuman.com\\\/web\\\/wp-content\\\/uploads\\\/2018\\\/09\\\/12404a56e5ae53af959de060ab4117f2.jpeg\",\"contentUrl\":\"https:\\\/\\\/www.eldiariodetucuman.com\\\/web\\\/wp-content\\\/uploads\\\/2018\\\/09\\\/12404a56e5ae53af959de060ab4117f2.jpeg\",\"width\":970,\"height\":546},{\"@type\":\"BreadcrumbList\",\"@id\":\"https:\\\/\\\/www.eldiariodetucuman.com\\\/web\\\/investigan-brutal-crimen-de-un-pibe-al-que-habrian-matado-en-un-ritual\\\/#breadcrumb\",\"itemListElement\":[{\"@type\":\"ListItem\",\"position\":1,\"name\":\"Portada\",\"item\":\"https:\\\/\\\/www.eldiariodetucuman.com\\\/web\\\/\"},{\"@type\":\"ListItem\",\"position\":2,\"name\":\"Investigan brutal crimen de un pibe al que habr\u00edan matado en un ritual\"}]},{\"@type\":\"WebSite\",\"@id\":\"https:\\\/\\\/www.eldiariodetucuman.com\\\/web\\\/#website\",\"url\":\"https:\\\/\\\/www.eldiariodetucuman.com\\\/web\\\/\",\"name\":\"El Diario de Tucuman\",\"description\":\"Diario Tucuman - Informaci\u00f3n y noticias\",\"publisher\":{\"@id\":\"https:\\\/\\\/www.eldiariodetucuman.com\\\/web\\\/#organization\"},\"potentialAction\":[{\"@type\":\"SearchAction\",\"target\":{\"@type\":\"EntryPoint\",\"urlTemplate\":\"https:\\\/\\\/www.eldiariodetucuman.com\\\/web\\\/?s={search_term_string}\"},\"query-input\":{\"@type\":\"PropertyValueSpecification\",\"valueRequired\":true,\"valueName\":\"search_term_string\"}}],\"inLanguage\":\"es\"},{\"@type\":\"Organization\",\"@id\":\"https:\\\/\\\/www.eldiariodetucuman.com\\\/web\\\/#organization\",\"name\":\"El Diario de Tucuman\",\"url\":\"https:\\\/\\\/www.eldiariodetucuman.com\\\/web\\\/\",\"logo\":{\"@type\":\"ImageObject\",\"inLanguage\":\"es\",\"@id\":\"https:\\\/\\\/www.eldiariodetucuman.com\\\/web\\\/#\\\/schema\\\/logo\\\/image\\\/\",\"url\":\"http:\\\/\\\/www.eldiariodetucuman.com\\\/web\\\/wp-content\\\/uploads\\\/2017\\\/12\\\/el-diario-de-tucuman.jpg\",\"contentUrl\":\"http:\\\/\\\/www.eldiariodetucuman.com\\\/web\\\/wp-content\\\/uploads\\\/2017\\\/12\\\/el-diario-de-tucuman.jpg\",\"width\":272,\"height\":92,\"caption\":\"El Diario de Tucuman\"},\"image\":{\"@id\":\"https:\\\/\\\/www.eldiariodetucuman.com\\\/web\\\/#\\\/schema\\\/logo\\\/image\\\/\"}},{\"@type\":\"Person\",\"@id\":\"https:\\\/\\\/www.eldiariodetucuman.com\\\/web\\\/#\\\/schema\\\/person\\\/6f95946e54fde848b878ffa4928071d5\",\"name\":\"eldiario detucuman\",\"image\":{\"@type\":\"ImageObject\",\"inLanguage\":\"es\",\"@id\":\"https:\\\/\\\/secure.gravatar.com\\\/avatar\\\/b6e1f89c5c4044c4962c8e6c20b1ca2cc99f549c965908afd4ec5308b3f51bfe?s=96&d=mm&r=g\",\"url\":\"https:\\\/\\\/secure.gravatar.com\\\/avatar\\\/b6e1f89c5c4044c4962c8e6c20b1ca2cc99f549c965908afd4ec5308b3f51bfe?s=96&d=mm&r=g\",\"contentUrl\":\"https:\\\/\\\/secure.gravatar.com\\\/avatar\\\/b6e1f89c5c4044c4962c8e6c20b1ca2cc99f549c965908afd4ec5308b3f51bfe?s=96&d=mm&r=g\",\"caption\":\"eldiario detucuman\"},\"url\":\"https:\\\/\\\/www.eldiariodetucuman.com\\\/web\\\/author\\\/eldiariodetucuman\\\/\"}]}<\/script>\n<!-- \/ Yoast SEO plugin. -->","yoast_head_json":{"title":"Investigan brutal crimen de un pibe al que habr\u00edan matado en un ritual - El Diario de Tucuman","robots":{"index":"index","follow":"follow","max-snippet":"max-snippet:-1","max-image-preview":"max-image-preview:large","max-video-preview":"max-video-preview:-1"},"canonical":"https:\/\/www.eldiariodetucuman.com\/web\/investigan-brutal-crimen-de-un-pibe-al-que-habrian-matado-en-un-ritual\/","og_locale":"es_ES","og_type":"article","og_title":"Investigan brutal crimen de un pibe al que habr\u00edan matado en un ritual - El Diario de Tucuman","og_description":"Conmoci\u00f3n en Uruguay. La Justicia investiga el crimen de Inti Nahuel Lois , un pibe de ocho a\u00f1os que habr\u00eda sido asesinado durante alg\u00fan tipo de ritual. Esa es la primera hip\u00f3tesis que manejan los pesquisas, en virtud del terrible estado en el que fue hallado el cuerpo, que presentaba signos de abuso sexual, golpes [&hellip;]","og_url":"https:\/\/www.eldiariodetucuman.com\/web\/investigan-brutal-crimen-de-un-pibe-al-que-habrian-matado-en-un-ritual\/","og_site_name":"El Diario de Tucuman","article_published_time":"2018-09-26T15:52:49+00:00","og_image":[{"width":970,"height":546,"url":"https:\/\/www.eldiariodetucuman.com\/web\/wp-content\/uploads\/2018\/09\/12404a56e5ae53af959de060ab4117f2.jpeg","type":"image\/jpeg"}],"author":"eldiario detucuman","twitter_card":"summary_large_image","twitter_misc":{"Escrito por":"eldiario detucuman","Tiempo de lectura":"1 minuto"},"schema":{"@context":"https:\/\/schema.org","@graph":[{"@type":"Article","@id":"https:\/\/www.eldiariodetucuman.com\/web\/investigan-brutal-crimen-de-un-pibe-al-que-habrian-matado-en-un-ritual\/#article","isPartOf":{"@id":"https:\/\/www.eldiariodetucuman.com\/web\/investigan-brutal-crimen-de-un-pibe-al-que-habrian-matado-en-un-ritual\/"},"author":{"name":"eldiario detucuman","@id":"https:\/\/www.eldiariodetucuman.com\/web\/#\/schema\/person\/6f95946e54fde848b878ffa4928071d5"},"headline":"Investigan brutal crimen de un pibe al que habr\u00edan matado en un ritual","datePublished":"2018-09-26T15:52:49+00:00","mainEntityOfPage":{"@id":"https:\/\/www.eldiariodetucuman.com\/web\/investigan-brutal-crimen-de-un-pibe-al-que-habrian-matado-en-un-ritual\/"},"wordCount":185,"commentCount":0,"publisher":{"@id":"https:\/\/www.eldiariodetucuman.com\/web\/#organization"},"image":{"@id":"https:\/\/www.eldiariodetucuman.com\/web\/investigan-brutal-crimen-de-un-pibe-al-que-habrian-matado-en-un-ritual\/#primaryimage"},"thumbnailUrl":"https:\/\/www.eldiariodetucuman.com\/web\/wp-content\/uploads\/2018\/09\/12404a56e5ae53af959de060ab4117f2.jpeg","articleSection":["Internacionales"],"inLanguage":"es","potentialAction":[{"@type":"CommentAction","name":"Comment","target":["https:\/\/www.eldiariodetucuman.com\/web\/investigan-brutal-crimen-de-un-pibe-al-que-habrian-matado-en-un-ritual\/#respond"]}]},{"@type":"WebPage","@id":"https:\/\/www.eldiariodetucuman.com\/web\/investigan-brutal-crimen-de-un-pibe-al-que-habrian-matado-en-un-ritual\/","url":"https:\/\/www.eldiariodetucuman.com\/web\/investigan-brutal-crimen-de-un-pibe-al-que-habrian-matado-en-un-ritual\/","name":"Investigan brutal crimen de un pibe al que habr\u00edan matado en un ritual - El Diario de Tucuman","isPartOf":{"@id":"https:\/\/www.eldiariodetucuman.com\/web\/#website"},"primaryImageOfPage":{"@id":"https:\/\/www.eldiariodetucuman.com\/web\/investigan-brutal-crimen-de-un-pibe-al-que-habrian-matado-en-un-ritual\/#primaryimage"},"image":{"@id":"https:\/\/www.eldiariodetucuman.com\/web\/investigan-brutal-crimen-de-un-pibe-al-que-habrian-matado-en-un-ritual\/#primaryimage"},"thumbnailUrl":"https:\/\/www.eldiariodetucuman.com\/web\/wp-content\/uploads\/2018\/09\/12404a56e5ae53af959de060ab4117f2.jpeg","datePublished":"2018-09-26T15:52:49+00:00","breadcrumb":{"@id":"https:\/\/www.eldiariodetucuman.com\/web\/investigan-brutal-crimen-de-un-pibe-al-que-habrian-matado-en-un-ritual\/#breadcrumb"},"inLanguage":"es","potentialAction":[{"@type":"ReadAction","target":["https:\/\/www.eldiariodetucuman.com\/web\/investigan-brutal-crimen-de-un-pibe-al-que-habrian-matado-en-un-ritual\/"]}]},{"@type":"ImageObject","inLanguage":"es","@id":"https:\/\/www.eldiariodetucuman.com\/web\/investigan-brutal-crimen-de-un-pibe-al-que-habrian-matado-en-un-ritual\/#primaryimage","url":"https:\/\/www.eldiariodetucuman.com\/web\/wp-content\/uploads\/2018\/09\/12404a56e5ae53af959de060ab4117f2.jpeg","contentUrl":"https:\/\/www.eldiariodetucuman.com\/web\/wp-content\/uploads\/2018\/09\/12404a56e5ae53af959de060ab4117f2.jpeg","width":970,"height":546},{"@type":"BreadcrumbList","@id":"https:\/\/www.eldiariodetucuman.com\/web\/investigan-brutal-crimen-de-un-pibe-al-que-habrian-matado-en-un-ritual\/#breadcrumb","itemListElement":[{"@type":"ListItem","position":1,"name":"Portada","item":"https:\/\/www.eldiariodetucuman.com\/web\/"},{"@type":"ListItem","position":2,"name":"Investigan brutal crimen de un pibe al que habr\u00edan matado en un ritual"}]},{"@type":"WebSite","@id":"https:\/\/www.eldiariodetucuman.com\/web\/#website","url":"https:\/\/www.eldiariodetucuman.com\/web\/","name":"El Diario de Tucuman","description":"Diario Tucuman - Informaci\u00f3n y noticias","publisher":{"@id":"https:\/\/www.eldiariodetucuman.com\/web\/#organization"},"potentialAction":[{"@type":"SearchAction","target":{"@type":"EntryPoint","urlTemplate":"https:\/\/www.eldiariodetucuman.com\/web\/?s={search_term_string}"},"query-input":{"@type":"PropertyValueSpecification","valueRequired":true,"valueName":"search_term_string"}}],"inLanguage":"es"},{"@type":"Organization","@id":"https:\/\/www.eldiariodetucuman.com\/web\/#organization","name":"El Diario de Tucuman","url":"https:\/\/www.eldiariodetucuman.com\/web\/","logo":{"@type":"ImageObject","inLanguage":"es","@id":"https:\/\/www.eldiariodetucuman.com\/web\/#\/schema\/logo\/image\/","url":"http:\/\/www.eldiariodetucuman.com\/web\/wp-content\/uploads\/2017\/12\/el-diario-de-tucuman.jpg","contentUrl":"http:\/\/www.eldiariodetucuman.com\/web\/wp-content\/uploads\/2017\/12\/el-diario-de-tucuman.jpg","width":272,"height":92,"caption":"El Diario de Tucuman"},"image":{"@id":"https:\/\/www.eldiariodetucuman.com\/web\/#\/schema\/logo\/image\/"}},{"@type":"Person","@id":"https:\/\/www.eldiariodetucuman.com\/web\/#\/schema\/person\/6f95946e54fde848b878ffa4928071d5","name":"eldiario detucuman","image":{"@type":"ImageObject","inLanguage":"es","@id":"https:\/\/secure.gravatar.com\/avatar\/b6e1f89c5c4044c4962c8e6c20b1ca2cc99f549c965908afd4ec5308b3f51bfe?s=96&d=mm&r=g","url":"https:\/\/secure.gravatar.com\/avatar\/b6e1f89c5c4044c4962c8e6c20b1ca2cc99f549c965908afd4ec5308b3f51bfe?s=96&d=mm&r=g","contentUrl":"https:\/\/secure.gravatar.com\/avatar\/b6e1f89c5c4044c4962c8e6c20b1ca2cc99f549c965908afd4ec5308b3f51bfe?s=96&d=mm&r=g","caption":"eldiario detucuman"},"url":"https:\/\/www.eldiariodetucuman.com\/web\/author\/eldiariodetucuman\/"}]}},"_links":{"self":[{"href":"https:\/\/www.eldiariodetucuman.com\/web\/wp-json\/wp\/v2\/posts\/17232","targetHints":{"allow":["GET"]}}],"collection":[{"href":"https:\/\/www.eldiariodetucuman.com\/web\/wp-json\/wp\/v2\/posts"}],"about":[{"href":"https:\/\/www.eldiariodetucuman.com\/web\/wp-json\/wp\/v2\/types\/post"}],"author":[{"embeddable":true,"href":"https:\/\/www.eldiariodetucuman.com\/web\/wp-json\/wp\/v2\/users\/4"}],"replies":[{"embeddable":true,"href":"https:\/\/www.eldiariodetucuman.com\/web\/wp-json\/wp\/v2\/comments?post=17232"}],"version-history":[{"count":0,"href":"https:\/\/www.eldiariodetucuman.com\/web\/wp-json\/wp\/v2\/posts\/17232\/revisions"}],"wp:featuredmedia":[{"embeddable":true,"href":"https:\/\/www.eldiariodetucuman.com\/web\/wp-json\/wp\/v2\/media\/17233"}],"wp:attachment":[{"href":"https:\/\/www.eldiariodetucuman.com\/web\/wp-json\/wp\/v2\/media?parent=17232"}],"wp:term":[{"taxonomy":"category","embeddable":true,"href":"https:\/\/www.eldiariodetucuman.com\/web\/wp-json\/wp\/v2\/categories?post=17232"},{"taxonomy":"post_tag","embeddable":true,"href":"https:\/\/www.eldiariodetucuman.com\/web\/wp-json\/wp\/v2\/tags?post=17232"}],"curies":[{"name":"wp","href":"https:\/\/api.w.org\/{rel}","templated":true}]}}