{"id":17221,"date":"2018-09-26T12:36:45","date_gmt":"2018-09-26T15:36:45","guid":{"rendered":"http:\/\/www.eldiariodetucuman.com\/web\/hector-daer-el-gobierno-no-comprende-la-realidad-social-que-tiene\/"},"modified":"2018-09-26T12:36:47","modified_gmt":"2018-09-26T15:36:47","slug":"hector-daer-el-gobierno-no-comprende-la-realidad-social-que-tiene","status":"publish","type":"post","link":"https:\/\/www.eldiariodetucuman.com\/web\/hector-daer-el-gobierno-no-comprende-la-realidad-social-que-tiene\/","title":{"rendered":"H\u00e9ctor Daer: \u00abEl Gobierno no comprende la realidad social que tiene\u00bb"},"content":{"rendered":"<div>\n<div readability=\"60.611794654221\">\n<p><a href=\"https:\/\/www.elintransigente.com\/noticias\/buscar\/?buscar=H%E9ctor+Daer\">H\u00e9ctor Daer<\/a>, miembro del triunvirato que conduce la <a href=\"https:\/\/www.elintransigente.com\/noticias\/buscar\/?buscar=CGT\">CGT<\/a>, reconoci\u00f3 este mi\u00e9rcoles que<strong> hay una situaci\u00f3n por dem\u00e1s dif\u00edcil con el Gobierno<\/strong>\u00a0y que <strong>el di\u00e1logo no existe ni existi\u00f3 nunca<\/strong>. &#8220;Hay gestiones de coyuntura y de cada uno de los sectores para afrontar cuestiones de seguridad social&#8221;, explic\u00f3.\u00a0<\/p>\n<p>As\u00ed lo sostuvo en declaraciones al programa La Mirada Despierta,\u00a0que conduce Nelson Castro, por Radio Continental AM 590. &#8220;El problema mayor es que tenemos diferentes diagn\u00f3sticos. Creo que le est\u00e1 pasando (a Mauricio Macri) es lo que le pasa a muchos funcionarios que llegan al poder, que pierden la noci\u00f3n de la realidad social&#8221;, consider\u00f3.<\/p>\n<aside class=\"htmlinline \"><!-- politica 2 300 x 250 imagen --><ins class=\"adsbygoogle\" data-ad-client=\"ca-pub-7781556717282971\" data-ad-slot=\"3120775563\"><\/ins><br \/>\n<\/aside>\n<p>&#8220;El estado de los sectores m\u00e1s vulnerables cada vez se agrieta m\u00e1s. <strong>El tema de fondo es que el gobierno no comprende la realidad social que tiene y est\u00e1 por dem\u00e1s banalizado <\/strong>el debate sobre qu\u00e9 es lo que le sucede a la sociedad&#8221;, dijo.\u00a0<\/p>\n<p>En este sentido, sostuvo que la medida de fuerza de ayer trascendi\u00f3 a los trabajadores porque hubo comerciantes y peque\u00f1os empresarios que bajaron sus persianas para adherir a la protesta\u00a0y que ning\u00fan plan econ\u00f3mico es factible si no hay sustentabilidad social.<\/p>\n<aside class=\"htmlinline \"><!-- politica 5 300 x 250 texto mas imagen --><ins class=\"adsbygoogle\" data-ad-client=\"ca-pub-7781556717282971\" data-ad-slot=\"3033145653\"><\/ins><br \/>\n<\/aside>\n<p>Adem\u00e1s, se mostr\u00f3 sorprendido por la postura del presidente por el pr\u00e9stamo del FMI: &#8220;No puedo creer la alegr\u00eda de un presidente porque le presten m\u00e1s plata y que, para m\u00e1s, vaya y presente su candidatura a la reelecci\u00f3n. Parece que el objetivo del gobierno es endeudar el pa\u00eds&#8221;, indic\u00f3.<\/p>\n<p>&#8220;Hay una falta de responsabilidad muy grande, ni hablar de la renuncia de un funcionario tan importante&#8221;, agreg\u00f3 en referencia a la salida de Luis Caputo del Banco Central, que se conoci\u00f3 ayer mientras el Jefe de Estado realizaba una gira por Estados Unidos.\u00a0<\/p>\n<p>Asimismo, Daer desech\u00f3 las acusaciones de paro pol\u00edtico\u00a0y aclar\u00f3 que nadie los aprieta. &#8220;Somos representantes genuinos de los trabajadores. Los dirigentes sindicales estamos todos del mismo lado, defendemos intereses que tienen que ver con el trabajo y la calidad de vida de los ciudadanos del pa\u00eds. El que quiere confundir es el poder ejecutivo&#8221;, asegur\u00f3.<\/p>\n<p>Por \u00faltimo, afirm\u00f3 que por el momento no hay intenci\u00f3n de realizar otra jornada de protesta: &#8220;Yo no me aventurar\u00eda a decir un nuevo paro hoy, estamos saliendo de una medida de fuerza contundente y esperamos que el Gobierno la vea objetivamente&#8221;.<\/p>\n<p>\u00a0<\/p>\n<\/div>\n<\/div>\n<p>Fuente: https:\/\/www.elintransigente.com\/politica\/2018\/9\/26\/hector-daer-el-gobierno-no-comprende-la-realidad-social-que-tiene-513854.html<\/p>\n","protected":false},"excerpt":{"rendered":"<p>H\u00e9ctor Daer, miembro del triunvirato que conduce la CGT, reconoci\u00f3 este mi\u00e9rcoles que hay una situaci\u00f3n por dem\u00e1s dif\u00edcil con el Gobierno\u00a0y que el di\u00e1logo no existe ni existi\u00f3 nunca. &#8220;Hay gestiones de coyuntura y de cada uno de los sectores para afrontar cuestiones de seguridad social&#8221;, explic\u00f3.\u00a0 As\u00ed lo sostuvo en declaraciones al programa [&hellip;]<\/p>\n","protected":false},"author":1,"featured_media":17222,"comment_status":"open","ping_status":"closed","sticky":false,"template":"","format":"standard","meta":{"footnotes":""},"categories":[1],"tags":[],"class_list":{"0":"post-17221","1":"post","2":"type-post","3":"status-publish","4":"format-standard","5":"has-post-thumbnail","7":"category-portada"},"yoast_head":"<!-- This site is optimized with the Yoast SEO plugin v27.4 - https:\/\/yoast.com\/product\/yoast-seo-wordpress\/ -->\n<title>H\u00e9ctor Daer: &quot;El Gobierno no comprende la realidad social que tiene&quot; - El Diario de Tucuman<\/title>\n<meta name=\"robots\" content=\"index, follow, max-snippet:-1, max-image-preview:large, max-video-preview:-1\" \/>\n<link rel=\"canonical\" href=\"https:\/\/www.eldiariodetucuman.com\/web\/hector-daer-el-gobierno-no-comprende-la-realidad-social-que-tiene\/\" \/>\n<meta property=\"og:locale\" content=\"es_ES\" \/>\n<meta property=\"og:type\" content=\"article\" \/>\n<meta property=\"og:title\" content=\"H\u00e9ctor Daer: &quot;El Gobierno no comprende la realidad social que tiene&quot; - El Diario de Tucuman\" \/>\n<meta property=\"og:description\" content=\"H\u00e9ctor Daer, miembro del triunvirato que conduce la CGT, reconoci\u00f3 este mi\u00e9rcoles que hay una situaci\u00f3n por dem\u00e1s dif\u00edcil con el Gobierno\u00a0y que el di\u00e1logo no existe ni existi\u00f3 nunca. &#8220;Hay gestiones de coyuntura y de cada uno de los sectores para afrontar cuestiones de seguridad social&#8221;, explic\u00f3.\u00a0 As\u00ed lo sostuvo en declaraciones al programa [&hellip;]\" \/>\n<meta property=\"og:url\" content=\"https:\/\/www.eldiariodetucuman.com\/web\/hector-daer-el-gobierno-no-comprende-la-realidad-social-que-tiene\/\" \/>\n<meta property=\"og:site_name\" content=\"El Diario de Tucuman\" \/>\n<meta property=\"article:published_time\" content=\"2018-09-26T15:36:45+00:00\" \/>\n<meta property=\"article:modified_time\" content=\"2018-09-26T15:36:47+00:00\" \/>\n<meta property=\"og:image\" content=\"https:\/\/www.eldiariodetucuman.com\/web\/wp-content\/uploads\/2018\/09\/63379d5df6fbc5f76d481c21d5857d25.jpeg\" \/>\n\t<meta property=\"og:image:width\" content=\"960\" \/>\n\t<meta property=\"og:image:height\" content=\"541\" \/>\n\t<meta property=\"og:image:type\" content=\"image\/jpeg\" \/>\n<meta name=\"author\" content=\"admin\" \/>\n<meta name=\"twitter:card\" content=\"summary_large_image\" \/>\n<meta name=\"twitter:label1\" content=\"Escrito por\" \/>\n\t<meta name=\"twitter:data1\" content=\"admin\" \/>\n\t<meta name=\"twitter:label2\" content=\"Tiempo de lectura\" \/>\n\t<meta name=\"twitter:data2\" content=\"2 minutos\" \/>\n<script type=\"application\/ld+json\" class=\"yoast-schema-graph\">{\"@context\":\"https:\\\/\\\/schema.org\",\"@graph\":[{\"@type\":\"Article\",\"@id\":\"https:\\\/\\\/www.eldiariodetucuman.com\\\/web\\\/hector-daer-el-gobierno-no-comprende-la-realidad-social-que-tiene\\\/#article\",\"isPartOf\":{\"@id\":\"https:\\\/\\\/www.eldiariodetucuman.com\\\/web\\\/hector-daer-el-gobierno-no-comprende-la-realidad-social-que-tiene\\\/\"},\"author\":{\"name\":\"admin\",\"@id\":\"https:\\\/\\\/www.eldiariodetucuman.com\\\/web\\\/#\\\/schema\\\/person\\\/9250197d75ab5483412e19678b121caa\"},\"headline\":\"H\u00e9ctor Daer: \u00abEl Gobierno no comprende la realidad social que tiene\u00bb\",\"datePublished\":\"2018-09-26T15:36:45+00:00\",\"dateModified\":\"2018-09-26T15:36:47+00:00\",\"mainEntityOfPage\":{\"@id\":\"https:\\\/\\\/www.eldiariodetucuman.com\\\/web\\\/hector-daer-el-gobierno-no-comprende-la-realidad-social-que-tiene\\\/\"},\"wordCount\":428,\"commentCount\":0,\"publisher\":{\"@id\":\"https:\\\/\\\/www.eldiariodetucuman.com\\\/web\\\/#organization\"},\"image\":{\"@id\":\"https:\\\/\\\/www.eldiariodetucuman.com\\\/web\\\/hector-daer-el-gobierno-no-comprende-la-realidad-social-que-tiene\\\/#primaryimage\"},\"thumbnailUrl\":\"https:\\\/\\\/www.eldiariodetucuman.com\\\/web\\\/wp-content\\\/uploads\\\/2018\\\/09\\\/63379d5df6fbc5f76d481c21d5857d25.jpeg\",\"articleSection\":[\"Portada\"],\"inLanguage\":\"es\",\"potentialAction\":[{\"@type\":\"CommentAction\",\"name\":\"Comment\",\"target\":[\"https:\\\/\\\/www.eldiariodetucuman.com\\\/web\\\/hector-daer-el-gobierno-no-comprende-la-realidad-social-que-tiene\\\/#respond\"]}]},{\"@type\":\"WebPage\",\"@id\":\"https:\\\/\\\/www.eldiariodetucuman.com\\\/web\\\/hector-daer-el-gobierno-no-comprende-la-realidad-social-que-tiene\\\/\",\"url\":\"https:\\\/\\\/www.eldiariodetucuman.com\\\/web\\\/hector-daer-el-gobierno-no-comprende-la-realidad-social-que-tiene\\\/\",\"name\":\"H\u00e9ctor Daer: \\\"El Gobierno no comprende la realidad social que tiene\\\" - El Diario de Tucuman\",\"isPartOf\":{\"@id\":\"https:\\\/\\\/www.eldiariodetucuman.com\\\/web\\\/#website\"},\"primaryImageOfPage\":{\"@id\":\"https:\\\/\\\/www.eldiariodetucuman.com\\\/web\\\/hector-daer-el-gobierno-no-comprende-la-realidad-social-que-tiene\\\/#primaryimage\"},\"image\":{\"@id\":\"https:\\\/\\\/www.eldiariodetucuman.com\\\/web\\\/hector-daer-el-gobierno-no-comprende-la-realidad-social-que-tiene\\\/#primaryimage\"},\"thumbnailUrl\":\"https:\\\/\\\/www.eldiariodetucuman.com\\\/web\\\/wp-content\\\/uploads\\\/2018\\\/09\\\/63379d5df6fbc5f76d481c21d5857d25.jpeg\",\"datePublished\":\"2018-09-26T15:36:45+00:00\",\"dateModified\":\"2018-09-26T15:36:47+00:00\",\"breadcrumb\":{\"@id\":\"https:\\\/\\\/www.eldiariodetucuman.com\\\/web\\\/hector-daer-el-gobierno-no-comprende-la-realidad-social-que-tiene\\\/#breadcrumb\"},\"inLanguage\":\"es\",\"potentialAction\":[{\"@type\":\"ReadAction\",\"target\":[\"https:\\\/\\\/www.eldiariodetucuman.com\\\/web\\\/hector-daer-el-gobierno-no-comprende-la-realidad-social-que-tiene\\\/\"]}]},{\"@type\":\"ImageObject\",\"inLanguage\":\"es\",\"@id\":\"https:\\\/\\\/www.eldiariodetucuman.com\\\/web\\\/hector-daer-el-gobierno-no-comprende-la-realidad-social-que-tiene\\\/#primaryimage\",\"url\":\"https:\\\/\\\/www.eldiariodetucuman.com\\\/web\\\/wp-content\\\/uploads\\\/2018\\\/09\\\/63379d5df6fbc5f76d481c21d5857d25.jpeg\",\"contentUrl\":\"https:\\\/\\\/www.eldiariodetucuman.com\\\/web\\\/wp-content\\\/uploads\\\/2018\\\/09\\\/63379d5df6fbc5f76d481c21d5857d25.jpeg\",\"width\":960,\"height\":541},{\"@type\":\"BreadcrumbList\",\"@id\":\"https:\\\/\\\/www.eldiariodetucuman.com\\\/web\\\/hector-daer-el-gobierno-no-comprende-la-realidad-social-que-tiene\\\/#breadcrumb\",\"itemListElement\":[{\"@type\":\"ListItem\",\"position\":1,\"name\":\"Portada\",\"item\":\"https:\\\/\\\/www.eldiariodetucuman.com\\\/web\\\/\"},{\"@type\":\"ListItem\",\"position\":2,\"name\":\"H\u00e9ctor Daer: \u00abEl Gobierno no comprende la realidad social que tiene\u00bb\"}]},{\"@type\":\"WebSite\",\"@id\":\"https:\\\/\\\/www.eldiariodetucuman.com\\\/web\\\/#website\",\"url\":\"https:\\\/\\\/www.eldiariodetucuman.com\\\/web\\\/\",\"name\":\"El Diario de Tucuman\",\"description\":\"Diario Tucuman - Informaci\u00f3n y noticias\",\"publisher\":{\"@id\":\"https:\\\/\\\/www.eldiariodetucuman.com\\\/web\\\/#organization\"},\"potentialAction\":[{\"@type\":\"SearchAction\",\"target\":{\"@type\":\"EntryPoint\",\"urlTemplate\":\"https:\\\/\\\/www.eldiariodetucuman.com\\\/web\\\/?s={search_term_string}\"},\"query-input\":{\"@type\":\"PropertyValueSpecification\",\"valueRequired\":true,\"valueName\":\"search_term_string\"}}],\"inLanguage\":\"es\"},{\"@type\":\"Organization\",\"@id\":\"https:\\\/\\\/www.eldiariodetucuman.com\\\/web\\\/#organization\",\"name\":\"El Diario de Tucuman\",\"url\":\"https:\\\/\\\/www.eldiariodetucuman.com\\\/web\\\/\",\"logo\":{\"@type\":\"ImageObject\",\"inLanguage\":\"es\",\"@id\":\"https:\\\/\\\/www.eldiariodetucuman.com\\\/web\\\/#\\\/schema\\\/logo\\\/image\\\/\",\"url\":\"http:\\\/\\\/www.eldiariodetucuman.com\\\/web\\\/wp-content\\\/uploads\\\/2017\\\/12\\\/el-diario-de-tucuman.jpg\",\"contentUrl\":\"http:\\\/\\\/www.eldiariodetucuman.com\\\/web\\\/wp-content\\\/uploads\\\/2017\\\/12\\\/el-diario-de-tucuman.jpg\",\"width\":272,\"height\":92,\"caption\":\"El Diario de Tucuman\"},\"image\":{\"@id\":\"https:\\\/\\\/www.eldiariodetucuman.com\\\/web\\\/#\\\/schema\\\/logo\\\/image\\\/\"}},{\"@type\":\"Person\",\"@id\":\"https:\\\/\\\/www.eldiariodetucuman.com\\\/web\\\/#\\\/schema\\\/person\\\/9250197d75ab5483412e19678b121caa\",\"name\":\"admin\",\"image\":{\"@type\":\"ImageObject\",\"inLanguage\":\"es\",\"@id\":\"https:\\\/\\\/secure.gravatar.com\\\/avatar\\\/c44d117c2be811212c22cb481f6b8384b6873de103fbc49e7a03cc58d7dea4ac?s=96&d=mm&r=g\",\"url\":\"https:\\\/\\\/secure.gravatar.com\\\/avatar\\\/c44d117c2be811212c22cb481f6b8384b6873de103fbc49e7a03cc58d7dea4ac?s=96&d=mm&r=g\",\"contentUrl\":\"https:\\\/\\\/secure.gravatar.com\\\/avatar\\\/c44d117c2be811212c22cb481f6b8384b6873de103fbc49e7a03cc58d7dea4ac?s=96&d=mm&r=g\",\"caption\":\"admin\"},\"url\":\"https:\\\/\\\/www.eldiariodetucuman.com\\\/web\\\/author\\\/admin\\\/\"}]}<\/script>\n<!-- \/ Yoast SEO plugin. -->","yoast_head_json":{"title":"H\u00e9ctor Daer: \"El Gobierno no comprende la realidad social que tiene\" - El Diario de Tucuman","robots":{"index":"index","follow":"follow","max-snippet":"max-snippet:-1","max-image-preview":"max-image-preview:large","max-video-preview":"max-video-preview:-1"},"canonical":"https:\/\/www.eldiariodetucuman.com\/web\/hector-daer-el-gobierno-no-comprende-la-realidad-social-que-tiene\/","og_locale":"es_ES","og_type":"article","og_title":"H\u00e9ctor Daer: \"El Gobierno no comprende la realidad social que tiene\" - El Diario de Tucuman","og_description":"H\u00e9ctor Daer, miembro del triunvirato que conduce la CGT, reconoci\u00f3 este mi\u00e9rcoles que hay una situaci\u00f3n por dem\u00e1s dif\u00edcil con el Gobierno\u00a0y que el di\u00e1logo no existe ni existi\u00f3 nunca. &#8220;Hay gestiones de coyuntura y de cada uno de los sectores para afrontar cuestiones de seguridad social&#8221;, explic\u00f3.\u00a0 As\u00ed lo sostuvo en declaraciones al programa [&hellip;]","og_url":"https:\/\/www.eldiariodetucuman.com\/web\/hector-daer-el-gobierno-no-comprende-la-realidad-social-que-tiene\/","og_site_name":"El Diario de Tucuman","article_published_time":"2018-09-26T15:36:45+00:00","article_modified_time":"2018-09-26T15:36:47+00:00","og_image":[{"width":960,"height":541,"url":"https:\/\/www.eldiariodetucuman.com\/web\/wp-content\/uploads\/2018\/09\/63379d5df6fbc5f76d481c21d5857d25.jpeg","type":"image\/jpeg"}],"author":"admin","twitter_card":"summary_large_image","twitter_misc":{"Escrito por":"admin","Tiempo de lectura":"2 minutos"},"schema":{"@context":"https:\/\/schema.org","@graph":[{"@type":"Article","@id":"https:\/\/www.eldiariodetucuman.com\/web\/hector-daer-el-gobierno-no-comprende-la-realidad-social-que-tiene\/#article","isPartOf":{"@id":"https:\/\/www.eldiariodetucuman.com\/web\/hector-daer-el-gobierno-no-comprende-la-realidad-social-que-tiene\/"},"author":{"name":"admin","@id":"https:\/\/www.eldiariodetucuman.com\/web\/#\/schema\/person\/9250197d75ab5483412e19678b121caa"},"headline":"H\u00e9ctor Daer: \u00abEl Gobierno no comprende la realidad social que tiene\u00bb","datePublished":"2018-09-26T15:36:45+00:00","dateModified":"2018-09-26T15:36:47+00:00","mainEntityOfPage":{"@id":"https:\/\/www.eldiariodetucuman.com\/web\/hector-daer-el-gobierno-no-comprende-la-realidad-social-que-tiene\/"},"wordCount":428,"commentCount":0,"publisher":{"@id":"https:\/\/www.eldiariodetucuman.com\/web\/#organization"},"image":{"@id":"https:\/\/www.eldiariodetucuman.com\/web\/hector-daer-el-gobierno-no-comprende-la-realidad-social-que-tiene\/#primaryimage"},"thumbnailUrl":"https:\/\/www.eldiariodetucuman.com\/web\/wp-content\/uploads\/2018\/09\/63379d5df6fbc5f76d481c21d5857d25.jpeg","articleSection":["Portada"],"inLanguage":"es","potentialAction":[{"@type":"CommentAction","name":"Comment","target":["https:\/\/www.eldiariodetucuman.com\/web\/hector-daer-el-gobierno-no-comprende-la-realidad-social-que-tiene\/#respond"]}]},{"@type":"WebPage","@id":"https:\/\/www.eldiariodetucuman.com\/web\/hector-daer-el-gobierno-no-comprende-la-realidad-social-que-tiene\/","url":"https:\/\/www.eldiariodetucuman.com\/web\/hector-daer-el-gobierno-no-comprende-la-realidad-social-que-tiene\/","name":"H\u00e9ctor Daer: \"El Gobierno no comprende la realidad social que tiene\" - El Diario de Tucuman","isPartOf":{"@id":"https:\/\/www.eldiariodetucuman.com\/web\/#website"},"primaryImageOfPage":{"@id":"https:\/\/www.eldiariodetucuman.com\/web\/hector-daer-el-gobierno-no-comprende-la-realidad-social-que-tiene\/#primaryimage"},"image":{"@id":"https:\/\/www.eldiariodetucuman.com\/web\/hector-daer-el-gobierno-no-comprende-la-realidad-social-que-tiene\/#primaryimage"},"thumbnailUrl":"https:\/\/www.eldiariodetucuman.com\/web\/wp-content\/uploads\/2018\/09\/63379d5df6fbc5f76d481c21d5857d25.jpeg","datePublished":"2018-09-26T15:36:45+00:00","dateModified":"2018-09-26T15:36:47+00:00","breadcrumb":{"@id":"https:\/\/www.eldiariodetucuman.com\/web\/hector-daer-el-gobierno-no-comprende-la-realidad-social-que-tiene\/#breadcrumb"},"inLanguage":"es","potentialAction":[{"@type":"ReadAction","target":["https:\/\/www.eldiariodetucuman.com\/web\/hector-daer-el-gobierno-no-comprende-la-realidad-social-que-tiene\/"]}]},{"@type":"ImageObject","inLanguage":"es","@id":"https:\/\/www.eldiariodetucuman.com\/web\/hector-daer-el-gobierno-no-comprende-la-realidad-social-que-tiene\/#primaryimage","url":"https:\/\/www.eldiariodetucuman.com\/web\/wp-content\/uploads\/2018\/09\/63379d5df6fbc5f76d481c21d5857d25.jpeg","contentUrl":"https:\/\/www.eldiariodetucuman.com\/web\/wp-content\/uploads\/2018\/09\/63379d5df6fbc5f76d481c21d5857d25.jpeg","width":960,"height":541},{"@type":"BreadcrumbList","@id":"https:\/\/www.eldiariodetucuman.com\/web\/hector-daer-el-gobierno-no-comprende-la-realidad-social-que-tiene\/#breadcrumb","itemListElement":[{"@type":"ListItem","position":1,"name":"Portada","item":"https:\/\/www.eldiariodetucuman.com\/web\/"},{"@type":"ListItem","position":2,"name":"H\u00e9ctor Daer: \u00abEl Gobierno no comprende la realidad social que tiene\u00bb"}]},{"@type":"WebSite","@id":"https:\/\/www.eldiariodetucuman.com\/web\/#website","url":"https:\/\/www.eldiariodetucuman.com\/web\/","name":"El Diario de Tucuman","description":"Diario Tucuman - Informaci\u00f3n y noticias","publisher":{"@id":"https:\/\/www.eldiariodetucuman.com\/web\/#organization"},"potentialAction":[{"@type":"SearchAction","target":{"@type":"EntryPoint","urlTemplate":"https:\/\/www.eldiariodetucuman.com\/web\/?s={search_term_string}"},"query-input":{"@type":"PropertyValueSpecification","valueRequired":true,"valueName":"search_term_string"}}],"inLanguage":"es"},{"@type":"Organization","@id":"https:\/\/www.eldiariodetucuman.com\/web\/#organization","name":"El Diario de Tucuman","url":"https:\/\/www.eldiariodetucuman.com\/web\/","logo":{"@type":"ImageObject","inLanguage":"es","@id":"https:\/\/www.eldiariodetucuman.com\/web\/#\/schema\/logo\/image\/","url":"http:\/\/www.eldiariodetucuman.com\/web\/wp-content\/uploads\/2017\/12\/el-diario-de-tucuman.jpg","contentUrl":"http:\/\/www.eldiariodetucuman.com\/web\/wp-content\/uploads\/2017\/12\/el-diario-de-tucuman.jpg","width":272,"height":92,"caption":"El Diario de Tucuman"},"image":{"@id":"https:\/\/www.eldiariodetucuman.com\/web\/#\/schema\/logo\/image\/"}},{"@type":"Person","@id":"https:\/\/www.eldiariodetucuman.com\/web\/#\/schema\/person\/9250197d75ab5483412e19678b121caa","name":"admin","image":{"@type":"ImageObject","inLanguage":"es","@id":"https:\/\/secure.gravatar.com\/avatar\/c44d117c2be811212c22cb481f6b8384b6873de103fbc49e7a03cc58d7dea4ac?s=96&d=mm&r=g","url":"https:\/\/secure.gravatar.com\/avatar\/c44d117c2be811212c22cb481f6b8384b6873de103fbc49e7a03cc58d7dea4ac?s=96&d=mm&r=g","contentUrl":"https:\/\/secure.gravatar.com\/avatar\/c44d117c2be811212c22cb481f6b8384b6873de103fbc49e7a03cc58d7dea4ac?s=96&d=mm&r=g","caption":"admin"},"url":"https:\/\/www.eldiariodetucuman.com\/web\/author\/admin\/"}]}},"_links":{"self":[{"href":"https:\/\/www.eldiariodetucuman.com\/web\/wp-json\/wp\/v2\/posts\/17221","targetHints":{"allow":["GET"]}}],"collection":[{"href":"https:\/\/www.eldiariodetucuman.com\/web\/wp-json\/wp\/v2\/posts"}],"about":[{"href":"https:\/\/www.eldiariodetucuman.com\/web\/wp-json\/wp\/v2\/types\/post"}],"author":[{"embeddable":true,"href":"https:\/\/www.eldiariodetucuman.com\/web\/wp-json\/wp\/v2\/users\/1"}],"replies":[{"embeddable":true,"href":"https:\/\/www.eldiariodetucuman.com\/web\/wp-json\/wp\/v2\/comments?post=17221"}],"version-history":[{"count":1,"href":"https:\/\/www.eldiariodetucuman.com\/web\/wp-json\/wp\/v2\/posts\/17221\/revisions"}],"predecessor-version":[{"id":17223,"href":"https:\/\/www.eldiariodetucuman.com\/web\/wp-json\/wp\/v2\/posts\/17221\/revisions\/17223"}],"wp:featuredmedia":[{"embeddable":true,"href":"https:\/\/www.eldiariodetucuman.com\/web\/wp-json\/wp\/v2\/media\/17222"}],"wp:attachment":[{"href":"https:\/\/www.eldiariodetucuman.com\/web\/wp-json\/wp\/v2\/media?parent=17221"}],"wp:term":[{"taxonomy":"category","embeddable":true,"href":"https:\/\/www.eldiariodetucuman.com\/web\/wp-json\/wp\/v2\/categories?post=17221"},{"taxonomy":"post_tag","embeddable":true,"href":"https:\/\/www.eldiariodetucuman.com\/web\/wp-json\/wp\/v2\/tags?post=17221"}],"curies":[{"name":"wp","href":"https:\/\/api.w.org\/{rel}","templated":true}]}}