{"id":16985,"date":"2018-09-20T12:37:19","date_gmt":"2018-09-20T15:37:19","guid":{"rendered":"http:\/\/www.eldiariodetucuman.com\/web\/lousteau-oficio-de-traductor-en-el-encuentro-entre-bono-y-el-papa-francisco\/"},"modified":"2018-09-20T12:37:21","modified_gmt":"2018-09-20T15:37:21","slug":"lousteau-oficio-de-traductor-en-el-encuentro-entre-bono-y-el-papa-francisco","status":"publish","type":"post","link":"https:\/\/www.eldiariodetucuman.com\/web\/lousteau-oficio-de-traductor-en-el-encuentro-entre-bono-y-el-papa-francisco\/","title":{"rendered":"Lousteau ofici\u00f3 de traductor en el encuentro entre Bono y el Papa Francisco"},"content":{"rendered":"<div>\n<div readability=\"42.43754087639\">\n<p>Adem\u00e1s de sus actividades como diputado, el ex embajador en Estados Unidos <a href=\"https:\/\/www.elintransigente.com\/noticias\/buscar\/?buscar=lousteau\">Mart\u00edn Lousteau<\/a> <strong>tambi\u00e9n cumple funciones de traductor<\/strong>. Es que, en el marco del programa Scholas Occurrentes, <strong>el cantante irland\u00e9s <a href=\"https:\/\/www.elintransigente.com\/espectaculo\/celebrities\/2018\/9\/19\/bono-describio-la-cara-de-horror-del-papa-mientras-hablaban-sobre-el-abuso-sexual-infantil-512535.html\">Bono<\/a> se entrevist\u00f3 con el Papa Francisco y fue necesaria la intervenci\u00f3n de un int\u00e9rprete<\/strong>, funci\u00f3n que cumpli\u00f3 el pol\u00edtico argentino.<\/p>\n<p>Acompa\u00f1ado por el dirigente porte\u00f1o Christian Asinelli, Lousteau se encontraba en el Vaticano gestionando el pr\u00f3ximo encuentro del Sumo Pont\u00edfice con el director de la ONG educativa cat\u00f3lica, Jos\u00e9 Mar\u00eda del Corral.<\/p>\n<aside class=\"htmlinline \"><!-- politica 2 300 x 250 imagen --><ins class=\"adsbygoogle\" data-ad-client=\"ca-pub-7781556717282971\" data-ad-slot=\"3120775563\"><\/ins><br \/>\n<\/aside>\n<p>M\u00e1s all\u00e1 de la tarea del legislador argentino, tras la reuni\u00f3n, el cantante de U2 se\u00f1al\u00f3 que Francisco <strong>&#8220;es un hombre extraordinario para tiempos extraordinarios\u00bb<\/strong>.<\/p>\n<p>Entre los temas conversados, Bono dijo haber hecho especial hincapi\u00e9 en los casos de pedofilia y encubrimiento de la Iglesia en Irlanda. En ese sentido se\u00f1al\u00f3 que le dijo <strong>&#8220;de la sensaci\u00f3n de que los abusadores sean m\u00e1s protegidos que los abusados.\u00a0Vi el dolor en su rostro, me parece un hombre sincero\u00bb<\/strong>. Seg\u00fan inform\u00f3 la agencia AFP, en Dubl\u00edn cerca de 14.500 ni\u00f1os fueron v\u00edctimas de abusos.<\/p>\n<aside class=\"htmlinline \"><!-- politica 5 300 x 250 texto mas imagen --><ins class=\"adsbygoogle\" data-ad-client=\"ca-pub-7781556717282971\" data-ad-slot=\"3033145653\"><\/ins><br \/>\n<\/aside>\n<p>Adem\u00e1s, discutieron sobre los problemas derivados del<strong> &#8220;capitalismo salvaje&#8221; y del desarrollo sostenible.<\/strong><\/p>\n<p>Este programa es una iniciativa escolar que impulsa encentro de j\u00f3venes en todo el mundo y figuras reconocidas por la sociedad. En este marco, Francisco ya recibi\u00f3 a varios famosos, entre ellos los actores\u00a0<strong>Leonardo DiCaprio<\/strong>\u00a0y\u00a0<strong>Angelina Jolie\u00a0<\/strong>o la cantante<strong>\u00a0Katy Perry<\/strong>.<\/p>\n<p>\u00a0<\/p>\n<\/div>\n<\/div>\n<p>Fuente: https:\/\/www.elintransigente.com\/politica\/2018\/9\/20\/lousteau-oficio-de-traductor-en-el-encuentro-entre-bono-el-papa-francisco-512655.html<\/p>\n","protected":false},"excerpt":{"rendered":"<p>Adem\u00e1s de sus actividades como diputado, el ex embajador en Estados Unidos Mart\u00edn Lousteau tambi\u00e9n cumple funciones de traductor. Es que, en el marco del programa Scholas Occurrentes, el cantante irland\u00e9s Bono se entrevist\u00f3 con el Papa Francisco y fue necesaria la intervenci\u00f3n de un int\u00e9rprete, funci\u00f3n que cumpli\u00f3 el pol\u00edtico argentino. Acompa\u00f1ado por el [&hellip;]<\/p>\n","protected":false},"author":1,"featured_media":16986,"comment_status":"open","ping_status":"closed","sticky":false,"template":"","format":"standard","meta":{"footnotes":""},"categories":[1],"tags":[],"class_list":{"0":"post-16985","1":"post","2":"type-post","3":"status-publish","4":"format-standard","5":"has-post-thumbnail","7":"category-portada"},"yoast_head":"<!-- This site is optimized with the Yoast SEO plugin v27.4 - https:\/\/yoast.com\/product\/yoast-seo-wordpress\/ -->\n<title>Lousteau ofici\u00f3 de traductor en el encuentro entre Bono y el Papa Francisco - El Diario de Tucuman<\/title>\n<meta name=\"robots\" content=\"index, follow, max-snippet:-1, max-image-preview:large, max-video-preview:-1\" \/>\n<link rel=\"canonical\" href=\"https:\/\/www.eldiariodetucuman.com\/web\/lousteau-oficio-de-traductor-en-el-encuentro-entre-bono-y-el-papa-francisco\/\" \/>\n<meta property=\"og:locale\" content=\"es_ES\" \/>\n<meta property=\"og:type\" content=\"article\" \/>\n<meta property=\"og:title\" content=\"Lousteau ofici\u00f3 de traductor en el encuentro entre Bono y el Papa Francisco - El Diario de Tucuman\" \/>\n<meta property=\"og:description\" content=\"Adem\u00e1s de sus actividades como diputado, el ex embajador en Estados Unidos Mart\u00edn Lousteau tambi\u00e9n cumple funciones de traductor. Es que, en el marco del programa Scholas Occurrentes, el cantante irland\u00e9s Bono se entrevist\u00f3 con el Papa Francisco y fue necesaria la intervenci\u00f3n de un int\u00e9rprete, funci\u00f3n que cumpli\u00f3 el pol\u00edtico argentino. Acompa\u00f1ado por el [&hellip;]\" \/>\n<meta property=\"og:url\" content=\"https:\/\/www.eldiariodetucuman.com\/web\/lousteau-oficio-de-traductor-en-el-encuentro-entre-bono-y-el-papa-francisco\/\" \/>\n<meta property=\"og:site_name\" content=\"El Diario de Tucuman\" \/>\n<meta property=\"article:published_time\" content=\"2018-09-20T15:37:19+00:00\" \/>\n<meta property=\"article:modified_time\" content=\"2018-09-20T15:37:21+00:00\" \/>\n<meta property=\"og:image\" content=\"https:\/\/www.eldiariodetucuman.com\/web\/wp-content\/uploads\/2018\/09\/e83500d2b1f9c889ec76efe6bcbb0076.jpeg\" \/>\n\t<meta property=\"og:image:width\" content=\"960\" \/>\n\t<meta property=\"og:image:height\" content=\"541\" \/>\n\t<meta property=\"og:image:type\" content=\"image\/jpeg\" \/>\n<meta name=\"author\" content=\"admin\" \/>\n<meta name=\"twitter:card\" content=\"summary_large_image\" \/>\n<meta name=\"twitter:label1\" content=\"Escrito por\" \/>\n\t<meta name=\"twitter:data1\" content=\"admin\" \/>\n\t<meta name=\"twitter:label2\" content=\"Tiempo de lectura\" \/>\n\t<meta name=\"twitter:data2\" content=\"1 minuto\" \/>\n<script type=\"application\/ld+json\" class=\"yoast-schema-graph\">{\"@context\":\"https:\\\/\\\/schema.org\",\"@graph\":[{\"@type\":\"Article\",\"@id\":\"https:\\\/\\\/www.eldiariodetucuman.com\\\/web\\\/lousteau-oficio-de-traductor-en-el-encuentro-entre-bono-y-el-papa-francisco\\\/#article\",\"isPartOf\":{\"@id\":\"https:\\\/\\\/www.eldiariodetucuman.com\\\/web\\\/lousteau-oficio-de-traductor-en-el-encuentro-entre-bono-y-el-papa-francisco\\\/\"},\"author\":{\"name\":\"admin\",\"@id\":\"https:\\\/\\\/www.eldiariodetucuman.com\\\/web\\\/#\\\/schema\\\/person\\\/9250197d75ab5483412e19678b121caa\"},\"headline\":\"Lousteau ofici\u00f3 de traductor en el encuentro entre Bono y el Papa Francisco\",\"datePublished\":\"2018-09-20T15:37:19+00:00\",\"dateModified\":\"2018-09-20T15:37:21+00:00\",\"mainEntityOfPage\":{\"@id\":\"https:\\\/\\\/www.eldiariodetucuman.com\\\/web\\\/lousteau-oficio-de-traductor-en-el-encuentro-entre-bono-y-el-papa-francisco\\\/\"},\"wordCount\":280,\"commentCount\":0,\"publisher\":{\"@id\":\"https:\\\/\\\/www.eldiariodetucuman.com\\\/web\\\/#organization\"},\"image\":{\"@id\":\"https:\\\/\\\/www.eldiariodetucuman.com\\\/web\\\/lousteau-oficio-de-traductor-en-el-encuentro-entre-bono-y-el-papa-francisco\\\/#primaryimage\"},\"thumbnailUrl\":\"https:\\\/\\\/www.eldiariodetucuman.com\\\/web\\\/wp-content\\\/uploads\\\/2018\\\/09\\\/e83500d2b1f9c889ec76efe6bcbb0076.jpeg\",\"articleSection\":[\"Portada\"],\"inLanguage\":\"es\",\"potentialAction\":[{\"@type\":\"CommentAction\",\"name\":\"Comment\",\"target\":[\"https:\\\/\\\/www.eldiariodetucuman.com\\\/web\\\/lousteau-oficio-de-traductor-en-el-encuentro-entre-bono-y-el-papa-francisco\\\/#respond\"]}]},{\"@type\":\"WebPage\",\"@id\":\"https:\\\/\\\/www.eldiariodetucuman.com\\\/web\\\/lousteau-oficio-de-traductor-en-el-encuentro-entre-bono-y-el-papa-francisco\\\/\",\"url\":\"https:\\\/\\\/www.eldiariodetucuman.com\\\/web\\\/lousteau-oficio-de-traductor-en-el-encuentro-entre-bono-y-el-papa-francisco\\\/\",\"name\":\"Lousteau ofici\u00f3 de traductor en el encuentro entre Bono y el Papa Francisco - El Diario de Tucuman\",\"isPartOf\":{\"@id\":\"https:\\\/\\\/www.eldiariodetucuman.com\\\/web\\\/#website\"},\"primaryImageOfPage\":{\"@id\":\"https:\\\/\\\/www.eldiariodetucuman.com\\\/web\\\/lousteau-oficio-de-traductor-en-el-encuentro-entre-bono-y-el-papa-francisco\\\/#primaryimage\"},\"image\":{\"@id\":\"https:\\\/\\\/www.eldiariodetucuman.com\\\/web\\\/lousteau-oficio-de-traductor-en-el-encuentro-entre-bono-y-el-papa-francisco\\\/#primaryimage\"},\"thumbnailUrl\":\"https:\\\/\\\/www.eldiariodetucuman.com\\\/web\\\/wp-content\\\/uploads\\\/2018\\\/09\\\/e83500d2b1f9c889ec76efe6bcbb0076.jpeg\",\"datePublished\":\"2018-09-20T15:37:19+00:00\",\"dateModified\":\"2018-09-20T15:37:21+00:00\",\"breadcrumb\":{\"@id\":\"https:\\\/\\\/www.eldiariodetucuman.com\\\/web\\\/lousteau-oficio-de-traductor-en-el-encuentro-entre-bono-y-el-papa-francisco\\\/#breadcrumb\"},\"inLanguage\":\"es\",\"potentialAction\":[{\"@type\":\"ReadAction\",\"target\":[\"https:\\\/\\\/www.eldiariodetucuman.com\\\/web\\\/lousteau-oficio-de-traductor-en-el-encuentro-entre-bono-y-el-papa-francisco\\\/\"]}]},{\"@type\":\"ImageObject\",\"inLanguage\":\"es\",\"@id\":\"https:\\\/\\\/www.eldiariodetucuman.com\\\/web\\\/lousteau-oficio-de-traductor-en-el-encuentro-entre-bono-y-el-papa-francisco\\\/#primaryimage\",\"url\":\"https:\\\/\\\/www.eldiariodetucuman.com\\\/web\\\/wp-content\\\/uploads\\\/2018\\\/09\\\/e83500d2b1f9c889ec76efe6bcbb0076.jpeg\",\"contentUrl\":\"https:\\\/\\\/www.eldiariodetucuman.com\\\/web\\\/wp-content\\\/uploads\\\/2018\\\/09\\\/e83500d2b1f9c889ec76efe6bcbb0076.jpeg\",\"width\":960,\"height\":541},{\"@type\":\"BreadcrumbList\",\"@id\":\"https:\\\/\\\/www.eldiariodetucuman.com\\\/web\\\/lousteau-oficio-de-traductor-en-el-encuentro-entre-bono-y-el-papa-francisco\\\/#breadcrumb\",\"itemListElement\":[{\"@type\":\"ListItem\",\"position\":1,\"name\":\"Portada\",\"item\":\"https:\\\/\\\/www.eldiariodetucuman.com\\\/web\\\/\"},{\"@type\":\"ListItem\",\"position\":2,\"name\":\"Lousteau ofici\u00f3 de traductor en el encuentro entre Bono y el Papa Francisco\"}]},{\"@type\":\"WebSite\",\"@id\":\"https:\\\/\\\/www.eldiariodetucuman.com\\\/web\\\/#website\",\"url\":\"https:\\\/\\\/www.eldiariodetucuman.com\\\/web\\\/\",\"name\":\"El Diario de Tucuman\",\"description\":\"Diario Tucuman - Informaci\u00f3n y noticias\",\"publisher\":{\"@id\":\"https:\\\/\\\/www.eldiariodetucuman.com\\\/web\\\/#organization\"},\"potentialAction\":[{\"@type\":\"SearchAction\",\"target\":{\"@type\":\"EntryPoint\",\"urlTemplate\":\"https:\\\/\\\/www.eldiariodetucuman.com\\\/web\\\/?s={search_term_string}\"},\"query-input\":{\"@type\":\"PropertyValueSpecification\",\"valueRequired\":true,\"valueName\":\"search_term_string\"}}],\"inLanguage\":\"es\"},{\"@type\":\"Organization\",\"@id\":\"https:\\\/\\\/www.eldiariodetucuman.com\\\/web\\\/#organization\",\"name\":\"El Diario de Tucuman\",\"url\":\"https:\\\/\\\/www.eldiariodetucuman.com\\\/web\\\/\",\"logo\":{\"@type\":\"ImageObject\",\"inLanguage\":\"es\",\"@id\":\"https:\\\/\\\/www.eldiariodetucuman.com\\\/web\\\/#\\\/schema\\\/logo\\\/image\\\/\",\"url\":\"http:\\\/\\\/www.eldiariodetucuman.com\\\/web\\\/wp-content\\\/uploads\\\/2017\\\/12\\\/el-diario-de-tucuman.jpg\",\"contentUrl\":\"http:\\\/\\\/www.eldiariodetucuman.com\\\/web\\\/wp-content\\\/uploads\\\/2017\\\/12\\\/el-diario-de-tucuman.jpg\",\"width\":272,\"height\":92,\"caption\":\"El Diario de Tucuman\"},\"image\":{\"@id\":\"https:\\\/\\\/www.eldiariodetucuman.com\\\/web\\\/#\\\/schema\\\/logo\\\/image\\\/\"}},{\"@type\":\"Person\",\"@id\":\"https:\\\/\\\/www.eldiariodetucuman.com\\\/web\\\/#\\\/schema\\\/person\\\/9250197d75ab5483412e19678b121caa\",\"name\":\"admin\",\"image\":{\"@type\":\"ImageObject\",\"inLanguage\":\"es\",\"@id\":\"https:\\\/\\\/secure.gravatar.com\\\/avatar\\\/c44d117c2be811212c22cb481f6b8384b6873de103fbc49e7a03cc58d7dea4ac?s=96&d=mm&r=g\",\"url\":\"https:\\\/\\\/secure.gravatar.com\\\/avatar\\\/c44d117c2be811212c22cb481f6b8384b6873de103fbc49e7a03cc58d7dea4ac?s=96&d=mm&r=g\",\"contentUrl\":\"https:\\\/\\\/secure.gravatar.com\\\/avatar\\\/c44d117c2be811212c22cb481f6b8384b6873de103fbc49e7a03cc58d7dea4ac?s=96&d=mm&r=g\",\"caption\":\"admin\"},\"url\":\"https:\\\/\\\/www.eldiariodetucuman.com\\\/web\\\/author\\\/admin\\\/\"}]}<\/script>\n<!-- \/ Yoast SEO plugin. -->","yoast_head_json":{"title":"Lousteau ofici\u00f3 de traductor en el encuentro entre Bono y el Papa Francisco - El Diario de Tucuman","robots":{"index":"index","follow":"follow","max-snippet":"max-snippet:-1","max-image-preview":"max-image-preview:large","max-video-preview":"max-video-preview:-1"},"canonical":"https:\/\/www.eldiariodetucuman.com\/web\/lousteau-oficio-de-traductor-en-el-encuentro-entre-bono-y-el-papa-francisco\/","og_locale":"es_ES","og_type":"article","og_title":"Lousteau ofici\u00f3 de traductor en el encuentro entre Bono y el Papa Francisco - El Diario de Tucuman","og_description":"Adem\u00e1s de sus actividades como diputado, el ex embajador en Estados Unidos Mart\u00edn Lousteau tambi\u00e9n cumple funciones de traductor. Es que, en el marco del programa Scholas Occurrentes, el cantante irland\u00e9s Bono se entrevist\u00f3 con el Papa Francisco y fue necesaria la intervenci\u00f3n de un int\u00e9rprete, funci\u00f3n que cumpli\u00f3 el pol\u00edtico argentino. Acompa\u00f1ado por el [&hellip;]","og_url":"https:\/\/www.eldiariodetucuman.com\/web\/lousteau-oficio-de-traductor-en-el-encuentro-entre-bono-y-el-papa-francisco\/","og_site_name":"El Diario de Tucuman","article_published_time":"2018-09-20T15:37:19+00:00","article_modified_time":"2018-09-20T15:37:21+00:00","og_image":[{"width":960,"height":541,"url":"https:\/\/www.eldiariodetucuman.com\/web\/wp-content\/uploads\/2018\/09\/e83500d2b1f9c889ec76efe6bcbb0076.jpeg","type":"image\/jpeg"}],"author":"admin","twitter_card":"summary_large_image","twitter_misc":{"Escrito por":"admin","Tiempo de lectura":"1 minuto"},"schema":{"@context":"https:\/\/schema.org","@graph":[{"@type":"Article","@id":"https:\/\/www.eldiariodetucuman.com\/web\/lousteau-oficio-de-traductor-en-el-encuentro-entre-bono-y-el-papa-francisco\/#article","isPartOf":{"@id":"https:\/\/www.eldiariodetucuman.com\/web\/lousteau-oficio-de-traductor-en-el-encuentro-entre-bono-y-el-papa-francisco\/"},"author":{"name":"admin","@id":"https:\/\/www.eldiariodetucuman.com\/web\/#\/schema\/person\/9250197d75ab5483412e19678b121caa"},"headline":"Lousteau ofici\u00f3 de traductor en el encuentro entre Bono y el Papa Francisco","datePublished":"2018-09-20T15:37:19+00:00","dateModified":"2018-09-20T15:37:21+00:00","mainEntityOfPage":{"@id":"https:\/\/www.eldiariodetucuman.com\/web\/lousteau-oficio-de-traductor-en-el-encuentro-entre-bono-y-el-papa-francisco\/"},"wordCount":280,"commentCount":0,"publisher":{"@id":"https:\/\/www.eldiariodetucuman.com\/web\/#organization"},"image":{"@id":"https:\/\/www.eldiariodetucuman.com\/web\/lousteau-oficio-de-traductor-en-el-encuentro-entre-bono-y-el-papa-francisco\/#primaryimage"},"thumbnailUrl":"https:\/\/www.eldiariodetucuman.com\/web\/wp-content\/uploads\/2018\/09\/e83500d2b1f9c889ec76efe6bcbb0076.jpeg","articleSection":["Portada"],"inLanguage":"es","potentialAction":[{"@type":"CommentAction","name":"Comment","target":["https:\/\/www.eldiariodetucuman.com\/web\/lousteau-oficio-de-traductor-en-el-encuentro-entre-bono-y-el-papa-francisco\/#respond"]}]},{"@type":"WebPage","@id":"https:\/\/www.eldiariodetucuman.com\/web\/lousteau-oficio-de-traductor-en-el-encuentro-entre-bono-y-el-papa-francisco\/","url":"https:\/\/www.eldiariodetucuman.com\/web\/lousteau-oficio-de-traductor-en-el-encuentro-entre-bono-y-el-papa-francisco\/","name":"Lousteau ofici\u00f3 de traductor en el encuentro entre Bono y el Papa Francisco - El Diario de Tucuman","isPartOf":{"@id":"https:\/\/www.eldiariodetucuman.com\/web\/#website"},"primaryImageOfPage":{"@id":"https:\/\/www.eldiariodetucuman.com\/web\/lousteau-oficio-de-traductor-en-el-encuentro-entre-bono-y-el-papa-francisco\/#primaryimage"},"image":{"@id":"https:\/\/www.eldiariodetucuman.com\/web\/lousteau-oficio-de-traductor-en-el-encuentro-entre-bono-y-el-papa-francisco\/#primaryimage"},"thumbnailUrl":"https:\/\/www.eldiariodetucuman.com\/web\/wp-content\/uploads\/2018\/09\/e83500d2b1f9c889ec76efe6bcbb0076.jpeg","datePublished":"2018-09-20T15:37:19+00:00","dateModified":"2018-09-20T15:37:21+00:00","breadcrumb":{"@id":"https:\/\/www.eldiariodetucuman.com\/web\/lousteau-oficio-de-traductor-en-el-encuentro-entre-bono-y-el-papa-francisco\/#breadcrumb"},"inLanguage":"es","potentialAction":[{"@type":"ReadAction","target":["https:\/\/www.eldiariodetucuman.com\/web\/lousteau-oficio-de-traductor-en-el-encuentro-entre-bono-y-el-papa-francisco\/"]}]},{"@type":"ImageObject","inLanguage":"es","@id":"https:\/\/www.eldiariodetucuman.com\/web\/lousteau-oficio-de-traductor-en-el-encuentro-entre-bono-y-el-papa-francisco\/#primaryimage","url":"https:\/\/www.eldiariodetucuman.com\/web\/wp-content\/uploads\/2018\/09\/e83500d2b1f9c889ec76efe6bcbb0076.jpeg","contentUrl":"https:\/\/www.eldiariodetucuman.com\/web\/wp-content\/uploads\/2018\/09\/e83500d2b1f9c889ec76efe6bcbb0076.jpeg","width":960,"height":541},{"@type":"BreadcrumbList","@id":"https:\/\/www.eldiariodetucuman.com\/web\/lousteau-oficio-de-traductor-en-el-encuentro-entre-bono-y-el-papa-francisco\/#breadcrumb","itemListElement":[{"@type":"ListItem","position":1,"name":"Portada","item":"https:\/\/www.eldiariodetucuman.com\/web\/"},{"@type":"ListItem","position":2,"name":"Lousteau ofici\u00f3 de traductor en el encuentro entre Bono y el Papa Francisco"}]},{"@type":"WebSite","@id":"https:\/\/www.eldiariodetucuman.com\/web\/#website","url":"https:\/\/www.eldiariodetucuman.com\/web\/","name":"El Diario de Tucuman","description":"Diario Tucuman - Informaci\u00f3n y noticias","publisher":{"@id":"https:\/\/www.eldiariodetucuman.com\/web\/#organization"},"potentialAction":[{"@type":"SearchAction","target":{"@type":"EntryPoint","urlTemplate":"https:\/\/www.eldiariodetucuman.com\/web\/?s={search_term_string}"},"query-input":{"@type":"PropertyValueSpecification","valueRequired":true,"valueName":"search_term_string"}}],"inLanguage":"es"},{"@type":"Organization","@id":"https:\/\/www.eldiariodetucuman.com\/web\/#organization","name":"El Diario de Tucuman","url":"https:\/\/www.eldiariodetucuman.com\/web\/","logo":{"@type":"ImageObject","inLanguage":"es","@id":"https:\/\/www.eldiariodetucuman.com\/web\/#\/schema\/logo\/image\/","url":"http:\/\/www.eldiariodetucuman.com\/web\/wp-content\/uploads\/2017\/12\/el-diario-de-tucuman.jpg","contentUrl":"http:\/\/www.eldiariodetucuman.com\/web\/wp-content\/uploads\/2017\/12\/el-diario-de-tucuman.jpg","width":272,"height":92,"caption":"El Diario de Tucuman"},"image":{"@id":"https:\/\/www.eldiariodetucuman.com\/web\/#\/schema\/logo\/image\/"}},{"@type":"Person","@id":"https:\/\/www.eldiariodetucuman.com\/web\/#\/schema\/person\/9250197d75ab5483412e19678b121caa","name":"admin","image":{"@type":"ImageObject","inLanguage":"es","@id":"https:\/\/secure.gravatar.com\/avatar\/c44d117c2be811212c22cb481f6b8384b6873de103fbc49e7a03cc58d7dea4ac?s=96&d=mm&r=g","url":"https:\/\/secure.gravatar.com\/avatar\/c44d117c2be811212c22cb481f6b8384b6873de103fbc49e7a03cc58d7dea4ac?s=96&d=mm&r=g","contentUrl":"https:\/\/secure.gravatar.com\/avatar\/c44d117c2be811212c22cb481f6b8384b6873de103fbc49e7a03cc58d7dea4ac?s=96&d=mm&r=g","caption":"admin"},"url":"https:\/\/www.eldiariodetucuman.com\/web\/author\/admin\/"}]}},"_links":{"self":[{"href":"https:\/\/www.eldiariodetucuman.com\/web\/wp-json\/wp\/v2\/posts\/16985","targetHints":{"allow":["GET"]}}],"collection":[{"href":"https:\/\/www.eldiariodetucuman.com\/web\/wp-json\/wp\/v2\/posts"}],"about":[{"href":"https:\/\/www.eldiariodetucuman.com\/web\/wp-json\/wp\/v2\/types\/post"}],"author":[{"embeddable":true,"href":"https:\/\/www.eldiariodetucuman.com\/web\/wp-json\/wp\/v2\/users\/1"}],"replies":[{"embeddable":true,"href":"https:\/\/www.eldiariodetucuman.com\/web\/wp-json\/wp\/v2\/comments?post=16985"}],"version-history":[{"count":1,"href":"https:\/\/www.eldiariodetucuman.com\/web\/wp-json\/wp\/v2\/posts\/16985\/revisions"}],"predecessor-version":[{"id":16987,"href":"https:\/\/www.eldiariodetucuman.com\/web\/wp-json\/wp\/v2\/posts\/16985\/revisions\/16987"}],"wp:featuredmedia":[{"embeddable":true,"href":"https:\/\/www.eldiariodetucuman.com\/web\/wp-json\/wp\/v2\/media\/16986"}],"wp:attachment":[{"href":"https:\/\/www.eldiariodetucuman.com\/web\/wp-json\/wp\/v2\/media?parent=16985"}],"wp:term":[{"taxonomy":"category","embeddable":true,"href":"https:\/\/www.eldiariodetucuman.com\/web\/wp-json\/wp\/v2\/categories?post=16985"},{"taxonomy":"post_tag","embeddable":true,"href":"https:\/\/www.eldiariodetucuman.com\/web\/wp-json\/wp\/v2\/tags?post=16985"}],"curies":[{"name":"wp","href":"https:\/\/api.w.org\/{rel}","templated":true}]}}