{"id":16438,"date":"2018-08-25T13:14:17","date_gmt":"2018-08-25T16:14:17","guid":{"rendered":"http:\/\/www.eldiariodetucuman.com\/web\/?p=16438"},"modified":"2018-09-07T13:18:17","modified_gmt":"2018-09-07T16:18:17","slug":"economia-el-pe-trabaja-para-cumplir-con-la-clausula-gatillo","status":"publish","type":"post","link":"https:\/\/www.eldiariodetucuman.com\/web\/economia-el-pe-trabaja-para-cumplir-con-la-clausula-gatillo\/","title":{"rendered":"Economia | El PE trabaja para cumplir con la cl\u00e1usula gatillo"},"content":{"rendered":"<p>El ministro de Gobierno y Justicia,\u00a0<strong><a title=\"Regino Amado\" href=\"https:\/\/www.reginoamado.com.ar\/biografia\/\" target=\"_self\" data-ail=\"598\">Regino Amado<\/a><\/strong>, confirm\u00f3 que se encuentra trabajando con su par de Econom\u00eda,\u00a0<strong>Eduardo Garvich<\/strong>, para cumplir con lo estipulado en los acuerdos salariales de este a\u00f1o. El Ejecutivo acord\u00f3 el pago de la cl\u00e1usula gatillo en caso la inflaci\u00f3n anual supere el 17% otorgado.<!--more--><\/p>\n<p>Al respecto, Amado explic\u00f3 que el gobernador,\u00a0<strong>Juan Manzur<\/strong>, y el vicegobernador,\u00a0Osvaldo Jaldo, le solicit\u00f3 trabajar para tener los fondos necesarios para pagar, a partir del 1\u00b0 de septiembre (a cobrarse en octubre), los incrementos correspondientes. \u201cNaci\u00f3n hab\u00eda indicado que la inflaci\u00f3n para este a\u00f1o ser\u00eda del 15, pero la realidad es otra\u201d, asever\u00f3.<\/p>\n<p>\u201cEn septiembre debemos abonar el 9% para completar el 17% que se acord\u00f3. Adem\u00e1s, se estipul\u00f3 que la primera revisi\u00f3n se har\u00eda en ese mes. Los \u00faltimos n\u00fameros del INDEC que se tienen corresponden hasta julio donde la inflaci\u00f3n es del 19,6%\u201d, dijo el ministro. Y ejemplific\u00f3 \u201cen caso que en agosto la inflaci\u00f3n sea del 22%, la provincia tendr\u00eda que pagar el 9% para completar el 17%, m\u00e1s un cinco por ciento para llegar al 22, o lo que corresponda seg\u00fan la inflaci\u00f3n\u201d.<\/p>\n<p>En ese sentido, tambi\u00e9n remarc\u00f3 que se est\u00e1n analizando los pases a planta transitoria y permanente de los agentes del Estado. \u201cVamos a responder positivamente con ese \u00edtem, hay intenci\u00f3n de cumplir con el compromiso asumido\u201d.<\/p>\n<p>\u201cTenemos di\u00e1logo con los gremios, sabemos de las preocupaciones que tienen, pero como Gobierno estamos haciendo el esfuerzo para cumplir con lo acordado\u201d, sostuvo <strong>Regino Amado<\/strong>.<\/p>\n<p>Y cerr\u00f3: \u201cesto se complica m\u00e1s cuando la Naci\u00f3n saca fondos que est\u00e1n destinados a las provincias, esto puede llegar a perjudicar hasta fin de a\u00f1o la posibilidad de cumplir con todo lo que nos hemos comprometido\u201d.<\/p>\n","protected":false},"excerpt":{"rendered":"<p>El ministro de Gobierno y Justicia,\u00a0Regino Amado, confirm\u00f3 que se encuentra trabajando con su par de Econom\u00eda,\u00a0Eduardo Garvich, para cumplir con lo estipulado en los acuerdos salariales de este a\u00f1o. El Ejecutivo acord\u00f3 el pago de la cl\u00e1usula gatillo en caso la inflaci\u00f3n anual supere el 17% otorgado.<\/p>\n","protected":false},"author":3,"featured_media":16439,"comment_status":"closed","ping_status":"open","sticky":false,"template":"","format":"standard","meta":{"footnotes":""},"categories":[2],"tags":[2030,1316,61],"class_list":{"0":"post-16438","1":"post","2":"type-post","3":"status-publish","4":"format-standard","5":"has-post-thumbnail","7":"category-actualidad","8":"tag-clausula-gatillo","9":"tag-regino-amado","10":"tag-tucuman"},"yoast_head":"<!-- This site is optimized with the Yoast SEO plugin v27.4 - https:\/\/yoast.com\/product\/yoast-seo-wordpress\/ -->\n<title>Economia | El PE trabaja para cumplir con la cl\u00e1usula gatillo - El Diario de Tucuman<\/title>\n<meta name=\"robots\" content=\"index, follow, max-snippet:-1, max-image-preview:large, max-video-preview:-1\" \/>\n<link rel=\"canonical\" href=\"https:\/\/www.eldiariodetucuman.com\/web\/economia-el-pe-trabaja-para-cumplir-con-la-clausula-gatillo\/\" \/>\n<meta property=\"og:locale\" content=\"es_ES\" \/>\n<meta property=\"og:type\" content=\"article\" \/>\n<meta property=\"og:title\" content=\"Economia | El PE trabaja para cumplir con la cl\u00e1usula gatillo - El Diario de Tucuman\" \/>\n<meta property=\"og:description\" content=\"El ministro de Gobierno y Justicia,\u00a0Regino Amado, confirm\u00f3 que se encuentra trabajando con su par de Econom\u00eda,\u00a0Eduardo Garvich, para cumplir con lo estipulado en los acuerdos salariales de este a\u00f1o. El Ejecutivo acord\u00f3 el pago de la cl\u00e1usula gatillo en caso la inflaci\u00f3n anual supere el 17% otorgado.\" \/>\n<meta property=\"og:url\" content=\"https:\/\/www.eldiariodetucuman.com\/web\/economia-el-pe-trabaja-para-cumplir-con-la-clausula-gatillo\/\" \/>\n<meta property=\"og:site_name\" content=\"El Diario de Tucuman\" \/>\n<meta property=\"article:published_time\" content=\"2018-08-25T16:14:17+00:00\" \/>\n<meta property=\"article:modified_time\" content=\"2018-09-07T16:18:17+00:00\" \/>\n<meta property=\"og:image\" content=\"https:\/\/www.eldiariodetucuman.com\/web\/wp-content\/uploads\/2018\/09\/regino-amado-clausula-gatillo-e1536336964495.jpeg\" \/>\n\t<meta property=\"og:image:width\" content=\"550\" \/>\n\t<meta property=\"og:image:height\" content=\"304\" \/>\n\t<meta property=\"og:image:type\" content=\"image\/jpeg\" \/>\n<meta name=\"author\" content=\"El diario de Tucuman\" \/>\n<meta name=\"twitter:card\" content=\"summary_large_image\" \/>\n<meta name=\"twitter:label1\" content=\"Escrito por\" \/>\n\t<meta name=\"twitter:data1\" content=\"El diario de Tucuman\" \/>\n\t<meta name=\"twitter:label2\" content=\"Tiempo de lectura\" \/>\n\t<meta name=\"twitter:data2\" content=\"2 minutos\" \/>\n<script type=\"application\/ld+json\" class=\"yoast-schema-graph\">{\"@context\":\"https:\\\/\\\/schema.org\",\"@graph\":[{\"@type\":\"Article\",\"@id\":\"https:\\\/\\\/www.eldiariodetucuman.com\\\/web\\\/economia-el-pe-trabaja-para-cumplir-con-la-clausula-gatillo\\\/#article\",\"isPartOf\":{\"@id\":\"https:\\\/\\\/www.eldiariodetucuman.com\\\/web\\\/economia-el-pe-trabaja-para-cumplir-con-la-clausula-gatillo\\\/\"},\"author\":{\"name\":\"El diario de Tucuman\",\"@id\":\"https:\\\/\\\/www.eldiariodetucuman.com\\\/web\\\/#\\\/schema\\\/person\\\/3adbe300ecd6242af93c97dab1dc3ba1\"},\"headline\":\"Economia | El PE trabaja para cumplir con la cl\u00e1usula gatillo\",\"datePublished\":\"2018-08-25T16:14:17+00:00\",\"dateModified\":\"2018-09-07T16:18:17+00:00\",\"mainEntityOfPage\":{\"@id\":\"https:\\\/\\\/www.eldiariodetucuman.com\\\/web\\\/economia-el-pe-trabaja-para-cumplir-con-la-clausula-gatillo\\\/\"},\"wordCount\":316,\"publisher\":{\"@id\":\"https:\\\/\\\/www.eldiariodetucuman.com\\\/web\\\/#organization\"},\"image\":{\"@id\":\"https:\\\/\\\/www.eldiariodetucuman.com\\\/web\\\/economia-el-pe-trabaja-para-cumplir-con-la-clausula-gatillo\\\/#primaryimage\"},\"thumbnailUrl\":\"https:\\\/\\\/www.eldiariodetucuman.com\\\/web\\\/wp-content\\\/uploads\\\/2018\\\/09\\\/regino-amado-clausula-gatillo-e1536336964495.jpeg\",\"keywords\":[\"clausula gatillo\",\"Regino Amado\",\"Tucuman\"],\"articleSection\":[\"Actualidad\"],\"inLanguage\":\"es\"},{\"@type\":\"WebPage\",\"@id\":\"https:\\\/\\\/www.eldiariodetucuman.com\\\/web\\\/economia-el-pe-trabaja-para-cumplir-con-la-clausula-gatillo\\\/\",\"url\":\"https:\\\/\\\/www.eldiariodetucuman.com\\\/web\\\/economia-el-pe-trabaja-para-cumplir-con-la-clausula-gatillo\\\/\",\"name\":\"Economia | El PE trabaja para cumplir con la cl\u00e1usula gatillo - El Diario de Tucuman\",\"isPartOf\":{\"@id\":\"https:\\\/\\\/www.eldiariodetucuman.com\\\/web\\\/#website\"},\"primaryImageOfPage\":{\"@id\":\"https:\\\/\\\/www.eldiariodetucuman.com\\\/web\\\/economia-el-pe-trabaja-para-cumplir-con-la-clausula-gatillo\\\/#primaryimage\"},\"image\":{\"@id\":\"https:\\\/\\\/www.eldiariodetucuman.com\\\/web\\\/economia-el-pe-trabaja-para-cumplir-con-la-clausula-gatillo\\\/#primaryimage\"},\"thumbnailUrl\":\"https:\\\/\\\/www.eldiariodetucuman.com\\\/web\\\/wp-content\\\/uploads\\\/2018\\\/09\\\/regino-amado-clausula-gatillo-e1536336964495.jpeg\",\"datePublished\":\"2018-08-25T16:14:17+00:00\",\"dateModified\":\"2018-09-07T16:18:17+00:00\",\"breadcrumb\":{\"@id\":\"https:\\\/\\\/www.eldiariodetucuman.com\\\/web\\\/economia-el-pe-trabaja-para-cumplir-con-la-clausula-gatillo\\\/#breadcrumb\"},\"inLanguage\":\"es\",\"potentialAction\":[{\"@type\":\"ReadAction\",\"target\":[\"https:\\\/\\\/www.eldiariodetucuman.com\\\/web\\\/economia-el-pe-trabaja-para-cumplir-con-la-clausula-gatillo\\\/\"]}]},{\"@type\":\"ImageObject\",\"inLanguage\":\"es\",\"@id\":\"https:\\\/\\\/www.eldiariodetucuman.com\\\/web\\\/economia-el-pe-trabaja-para-cumplir-con-la-clausula-gatillo\\\/#primaryimage\",\"url\":\"https:\\\/\\\/www.eldiariodetucuman.com\\\/web\\\/wp-content\\\/uploads\\\/2018\\\/09\\\/regino-amado-clausula-gatillo-e1536336964495.jpeg\",\"contentUrl\":\"https:\\\/\\\/www.eldiariodetucuman.com\\\/web\\\/wp-content\\\/uploads\\\/2018\\\/09\\\/regino-amado-clausula-gatillo-e1536336964495.jpeg\",\"width\":550,\"height\":304},{\"@type\":\"BreadcrumbList\",\"@id\":\"https:\\\/\\\/www.eldiariodetucuman.com\\\/web\\\/economia-el-pe-trabaja-para-cumplir-con-la-clausula-gatillo\\\/#breadcrumb\",\"itemListElement\":[{\"@type\":\"ListItem\",\"position\":1,\"name\":\"Portada\",\"item\":\"https:\\\/\\\/www.eldiariodetucuman.com\\\/web\\\/\"},{\"@type\":\"ListItem\",\"position\":2,\"name\":\"Economia | El PE trabaja para cumplir con la cl\u00e1usula gatillo\"}]},{\"@type\":\"WebSite\",\"@id\":\"https:\\\/\\\/www.eldiariodetucuman.com\\\/web\\\/#website\",\"url\":\"https:\\\/\\\/www.eldiariodetucuman.com\\\/web\\\/\",\"name\":\"El Diario de Tucuman\",\"description\":\"Diario Tucuman - Informaci\u00f3n y noticias\",\"publisher\":{\"@id\":\"https:\\\/\\\/www.eldiariodetucuman.com\\\/web\\\/#organization\"},\"potentialAction\":[{\"@type\":\"SearchAction\",\"target\":{\"@type\":\"EntryPoint\",\"urlTemplate\":\"https:\\\/\\\/www.eldiariodetucuman.com\\\/web\\\/?s={search_term_string}\"},\"query-input\":{\"@type\":\"PropertyValueSpecification\",\"valueRequired\":true,\"valueName\":\"search_term_string\"}}],\"inLanguage\":\"es\"},{\"@type\":\"Organization\",\"@id\":\"https:\\\/\\\/www.eldiariodetucuman.com\\\/web\\\/#organization\",\"name\":\"El Diario de Tucuman\",\"url\":\"https:\\\/\\\/www.eldiariodetucuman.com\\\/web\\\/\",\"logo\":{\"@type\":\"ImageObject\",\"inLanguage\":\"es\",\"@id\":\"https:\\\/\\\/www.eldiariodetucuman.com\\\/web\\\/#\\\/schema\\\/logo\\\/image\\\/\",\"url\":\"http:\\\/\\\/www.eldiariodetucuman.com\\\/web\\\/wp-content\\\/uploads\\\/2017\\\/12\\\/el-diario-de-tucuman.jpg\",\"contentUrl\":\"http:\\\/\\\/www.eldiariodetucuman.com\\\/web\\\/wp-content\\\/uploads\\\/2017\\\/12\\\/el-diario-de-tucuman.jpg\",\"width\":272,\"height\":92,\"caption\":\"El Diario de Tucuman\"},\"image\":{\"@id\":\"https:\\\/\\\/www.eldiariodetucuman.com\\\/web\\\/#\\\/schema\\\/logo\\\/image\\\/\"}},{\"@type\":\"Person\",\"@id\":\"https:\\\/\\\/www.eldiariodetucuman.com\\\/web\\\/#\\\/schema\\\/person\\\/3adbe300ecd6242af93c97dab1dc3ba1\",\"name\":\"El diario de Tucuman\",\"image\":{\"@type\":\"ImageObject\",\"inLanguage\":\"es\",\"@id\":\"https:\\\/\\\/secure.gravatar.com\\\/avatar\\\/b7214de193b24d0bd708ac5516aa13d0f20c6560795bfbee06857d5c8ac2f0b2?s=96&d=mm&r=g\",\"url\":\"https:\\\/\\\/secure.gravatar.com\\\/avatar\\\/b7214de193b24d0bd708ac5516aa13d0f20c6560795bfbee06857d5c8ac2f0b2?s=96&d=mm&r=g\",\"contentUrl\":\"https:\\\/\\\/secure.gravatar.com\\\/avatar\\\/b7214de193b24d0bd708ac5516aa13d0f20c6560795bfbee06857d5c8ac2f0b2?s=96&d=mm&r=g\",\"caption\":\"El diario de Tucuman\"},\"url\":\"https:\\\/\\\/www.eldiariodetucuman.com\\\/web\\\/author\\\/mgiobellina\\\/\"}]}<\/script>\n<!-- \/ Yoast SEO plugin. -->","yoast_head_json":{"title":"Economia | El PE trabaja para cumplir con la cl\u00e1usula gatillo - El Diario de Tucuman","robots":{"index":"index","follow":"follow","max-snippet":"max-snippet:-1","max-image-preview":"max-image-preview:large","max-video-preview":"max-video-preview:-1"},"canonical":"https:\/\/www.eldiariodetucuman.com\/web\/economia-el-pe-trabaja-para-cumplir-con-la-clausula-gatillo\/","og_locale":"es_ES","og_type":"article","og_title":"Economia | El PE trabaja para cumplir con la cl\u00e1usula gatillo - El Diario de Tucuman","og_description":"El ministro de Gobierno y Justicia,\u00a0Regino Amado, confirm\u00f3 que se encuentra trabajando con su par de Econom\u00eda,\u00a0Eduardo Garvich, para cumplir con lo estipulado en los acuerdos salariales de este a\u00f1o. El Ejecutivo acord\u00f3 el pago de la cl\u00e1usula gatillo en caso la inflaci\u00f3n anual supere el 17% otorgado.","og_url":"https:\/\/www.eldiariodetucuman.com\/web\/economia-el-pe-trabaja-para-cumplir-con-la-clausula-gatillo\/","og_site_name":"El Diario de Tucuman","article_published_time":"2018-08-25T16:14:17+00:00","article_modified_time":"2018-09-07T16:18:17+00:00","og_image":[{"width":550,"height":304,"url":"https:\/\/www.eldiariodetucuman.com\/web\/wp-content\/uploads\/2018\/09\/regino-amado-clausula-gatillo-e1536336964495.jpeg","type":"image\/jpeg"}],"author":"El diario de Tucuman","twitter_card":"summary_large_image","twitter_misc":{"Escrito por":"El diario de Tucuman","Tiempo de lectura":"2 minutos"},"schema":{"@context":"https:\/\/schema.org","@graph":[{"@type":"Article","@id":"https:\/\/www.eldiariodetucuman.com\/web\/economia-el-pe-trabaja-para-cumplir-con-la-clausula-gatillo\/#article","isPartOf":{"@id":"https:\/\/www.eldiariodetucuman.com\/web\/economia-el-pe-trabaja-para-cumplir-con-la-clausula-gatillo\/"},"author":{"name":"El diario de Tucuman","@id":"https:\/\/www.eldiariodetucuman.com\/web\/#\/schema\/person\/3adbe300ecd6242af93c97dab1dc3ba1"},"headline":"Economia | El PE trabaja para cumplir con la cl\u00e1usula gatillo","datePublished":"2018-08-25T16:14:17+00:00","dateModified":"2018-09-07T16:18:17+00:00","mainEntityOfPage":{"@id":"https:\/\/www.eldiariodetucuman.com\/web\/economia-el-pe-trabaja-para-cumplir-con-la-clausula-gatillo\/"},"wordCount":316,"publisher":{"@id":"https:\/\/www.eldiariodetucuman.com\/web\/#organization"},"image":{"@id":"https:\/\/www.eldiariodetucuman.com\/web\/economia-el-pe-trabaja-para-cumplir-con-la-clausula-gatillo\/#primaryimage"},"thumbnailUrl":"https:\/\/www.eldiariodetucuman.com\/web\/wp-content\/uploads\/2018\/09\/regino-amado-clausula-gatillo-e1536336964495.jpeg","keywords":["clausula gatillo","Regino Amado","Tucuman"],"articleSection":["Actualidad"],"inLanguage":"es"},{"@type":"WebPage","@id":"https:\/\/www.eldiariodetucuman.com\/web\/economia-el-pe-trabaja-para-cumplir-con-la-clausula-gatillo\/","url":"https:\/\/www.eldiariodetucuman.com\/web\/economia-el-pe-trabaja-para-cumplir-con-la-clausula-gatillo\/","name":"Economia | El PE trabaja para cumplir con la cl\u00e1usula gatillo - El Diario de Tucuman","isPartOf":{"@id":"https:\/\/www.eldiariodetucuman.com\/web\/#website"},"primaryImageOfPage":{"@id":"https:\/\/www.eldiariodetucuman.com\/web\/economia-el-pe-trabaja-para-cumplir-con-la-clausula-gatillo\/#primaryimage"},"image":{"@id":"https:\/\/www.eldiariodetucuman.com\/web\/economia-el-pe-trabaja-para-cumplir-con-la-clausula-gatillo\/#primaryimage"},"thumbnailUrl":"https:\/\/www.eldiariodetucuman.com\/web\/wp-content\/uploads\/2018\/09\/regino-amado-clausula-gatillo-e1536336964495.jpeg","datePublished":"2018-08-25T16:14:17+00:00","dateModified":"2018-09-07T16:18:17+00:00","breadcrumb":{"@id":"https:\/\/www.eldiariodetucuman.com\/web\/economia-el-pe-trabaja-para-cumplir-con-la-clausula-gatillo\/#breadcrumb"},"inLanguage":"es","potentialAction":[{"@type":"ReadAction","target":["https:\/\/www.eldiariodetucuman.com\/web\/economia-el-pe-trabaja-para-cumplir-con-la-clausula-gatillo\/"]}]},{"@type":"ImageObject","inLanguage":"es","@id":"https:\/\/www.eldiariodetucuman.com\/web\/economia-el-pe-trabaja-para-cumplir-con-la-clausula-gatillo\/#primaryimage","url":"https:\/\/www.eldiariodetucuman.com\/web\/wp-content\/uploads\/2018\/09\/regino-amado-clausula-gatillo-e1536336964495.jpeg","contentUrl":"https:\/\/www.eldiariodetucuman.com\/web\/wp-content\/uploads\/2018\/09\/regino-amado-clausula-gatillo-e1536336964495.jpeg","width":550,"height":304},{"@type":"BreadcrumbList","@id":"https:\/\/www.eldiariodetucuman.com\/web\/economia-el-pe-trabaja-para-cumplir-con-la-clausula-gatillo\/#breadcrumb","itemListElement":[{"@type":"ListItem","position":1,"name":"Portada","item":"https:\/\/www.eldiariodetucuman.com\/web\/"},{"@type":"ListItem","position":2,"name":"Economia | El PE trabaja para cumplir con la cl\u00e1usula gatillo"}]},{"@type":"WebSite","@id":"https:\/\/www.eldiariodetucuman.com\/web\/#website","url":"https:\/\/www.eldiariodetucuman.com\/web\/","name":"El Diario de Tucuman","description":"Diario Tucuman - Informaci\u00f3n y noticias","publisher":{"@id":"https:\/\/www.eldiariodetucuman.com\/web\/#organization"},"potentialAction":[{"@type":"SearchAction","target":{"@type":"EntryPoint","urlTemplate":"https:\/\/www.eldiariodetucuman.com\/web\/?s={search_term_string}"},"query-input":{"@type":"PropertyValueSpecification","valueRequired":true,"valueName":"search_term_string"}}],"inLanguage":"es"},{"@type":"Organization","@id":"https:\/\/www.eldiariodetucuman.com\/web\/#organization","name":"El Diario de Tucuman","url":"https:\/\/www.eldiariodetucuman.com\/web\/","logo":{"@type":"ImageObject","inLanguage":"es","@id":"https:\/\/www.eldiariodetucuman.com\/web\/#\/schema\/logo\/image\/","url":"http:\/\/www.eldiariodetucuman.com\/web\/wp-content\/uploads\/2017\/12\/el-diario-de-tucuman.jpg","contentUrl":"http:\/\/www.eldiariodetucuman.com\/web\/wp-content\/uploads\/2017\/12\/el-diario-de-tucuman.jpg","width":272,"height":92,"caption":"El Diario de Tucuman"},"image":{"@id":"https:\/\/www.eldiariodetucuman.com\/web\/#\/schema\/logo\/image\/"}},{"@type":"Person","@id":"https:\/\/www.eldiariodetucuman.com\/web\/#\/schema\/person\/3adbe300ecd6242af93c97dab1dc3ba1","name":"El diario de Tucuman","image":{"@type":"ImageObject","inLanguage":"es","@id":"https:\/\/secure.gravatar.com\/avatar\/b7214de193b24d0bd708ac5516aa13d0f20c6560795bfbee06857d5c8ac2f0b2?s=96&d=mm&r=g","url":"https:\/\/secure.gravatar.com\/avatar\/b7214de193b24d0bd708ac5516aa13d0f20c6560795bfbee06857d5c8ac2f0b2?s=96&d=mm&r=g","contentUrl":"https:\/\/secure.gravatar.com\/avatar\/b7214de193b24d0bd708ac5516aa13d0f20c6560795bfbee06857d5c8ac2f0b2?s=96&d=mm&r=g","caption":"El diario de Tucuman"},"url":"https:\/\/www.eldiariodetucuman.com\/web\/author\/mgiobellina\/"}]}},"_links":{"self":[{"href":"https:\/\/www.eldiariodetucuman.com\/web\/wp-json\/wp\/v2\/posts\/16438","targetHints":{"allow":["GET"]}}],"collection":[{"href":"https:\/\/www.eldiariodetucuman.com\/web\/wp-json\/wp\/v2\/posts"}],"about":[{"href":"https:\/\/www.eldiariodetucuman.com\/web\/wp-json\/wp\/v2\/types\/post"}],"author":[{"embeddable":true,"href":"https:\/\/www.eldiariodetucuman.com\/web\/wp-json\/wp\/v2\/users\/3"}],"replies":[{"embeddable":true,"href":"https:\/\/www.eldiariodetucuman.com\/web\/wp-json\/wp\/v2\/comments?post=16438"}],"version-history":[{"count":1,"href":"https:\/\/www.eldiariodetucuman.com\/web\/wp-json\/wp\/v2\/posts\/16438\/revisions"}],"predecessor-version":[{"id":16440,"href":"https:\/\/www.eldiariodetucuman.com\/web\/wp-json\/wp\/v2\/posts\/16438\/revisions\/16440"}],"wp:featuredmedia":[{"embeddable":true,"href":"https:\/\/www.eldiariodetucuman.com\/web\/wp-json\/wp\/v2\/media\/16439"}],"wp:attachment":[{"href":"https:\/\/www.eldiariodetucuman.com\/web\/wp-json\/wp\/v2\/media?parent=16438"}],"wp:term":[{"taxonomy":"category","embeddable":true,"href":"https:\/\/www.eldiariodetucuman.com\/web\/wp-json\/wp\/v2\/categories?post=16438"},{"taxonomy":"post_tag","embeddable":true,"href":"https:\/\/www.eldiariodetucuman.com\/web\/wp-json\/wp\/v2\/tags?post=16438"}],"curies":[{"name":"wp","href":"https:\/\/api.w.org\/{rel}","templated":true}]}}