{"id":16128,"date":"2018-09-01T12:50:07","date_gmt":"2018-09-01T15:50:07","guid":{"rendered":"http:\/\/www.eldiariodetucuman.com\/web\/trump-visitara-por-primera-vez-argentina\/"},"modified":"2018-09-01T12:50:07","modified_gmt":"2018-09-01T15:50:07","slug":"trump-visitara-por-primera-vez-argentina","status":"publish","type":"post","link":"https:\/\/www.eldiariodetucuman.com\/web\/trump-visitara-por-primera-vez-argentina\/","title":{"rendered":"Trump visitar\u00e1 por primera vez Argentina"},"content":{"rendered":"<div>\n<div itemprop=\"articleBody\" readability=\"70.934911242604\">\n<p>El gobierno yanqui confirm\u00f3 que el presidente <strong>  <a href=\"https:\/\/www.cronica.com.ar\/tags\/Donald%20Trump\">Donald Trump<\/a><\/strong> participar\u00e1 de la   <a href=\"https:\/\/www.cronica.com.ar\/tags\/Cumbre\">Cumbre<\/a> del   <a href=\"https:\/\/www.cronica.com.ar\/tags\/G20\">G20<\/a> que se realizar\u00e1 a fin de a\u00f1o en Argentina, en la que expondr\u00e1 las bondades de <em>\u00absus pol\u00edticas econ\u00f3micas a favor del crecimiento\u00bb<\/em>. Adem\u00e1s, mantendr\u00e1 varias reuniones bilaterales con otros l\u00edderes mundiales.<\/p>\n<p>En un comunicado, la Casa Blanca anunci\u00f3 que <em>\u00aben noviembre, el presidente Trump participar\u00e1 de la   <a href=\"https:\/\/www.cronica.com.ar\/tags\/Cumbre\">Cumbre<\/a> del   <a href=\"https:\/\/www.cronica.com.ar\/tags\/G20\">G20<\/a> en Buenos Aires\u00bb<\/em>.<\/p>\n<p><em>\u00abSer\u00e1 una oportunidad para que el presidente destaque sus pol\u00edticas econ\u00f3micas a favor del crecimiento en el escenario internacional y se re\u00fana bilateralmente con otros l\u00edderes mundiales clave\u00bb<\/em>, destac\u00f3.<\/p>\n<p>Luego de participar del encuentro en Argentina, Trump viajar\u00e1 a   <a href=\"https:\/\/www.cronica.com.ar\/tags\/Colombia\">Colombia<\/a>, donde visitar\u00e1 a su par, <strong>Iv\u00e1n Duque<\/strong>, con quien analizar\u00e1 <em>\u00ablas oportunidades para una mayor colaboraci\u00f3n en materia de seguridad, antinarc\u00f3ticos y asuntos regionales<\/em>\u00ab.<\/p>\n<p>Esta ser\u00e1 la primera visita del presidente <em>yanqui <\/em>a la regi\u00f3n, luego de que a \u00faltimo momento suspendiera una gira por Per\u00fa y   <a href=\"https:\/\/www.cronica.com.ar\/tags\/Colombia\">Colombia<\/a>, que iba a hacer en abril \u00faltimo, debido a un supuesto ataque qu\u00edmico en Siria y a la necesidad de respuesta por parte de   <a href=\"https:\/\/www.cronica.com.ar\/tags\/Estados%20Unidos\">Estados Unidos<\/a>.<\/p>\n<p><u><strong>Reuni\u00f3n mundial<\/strong><\/u><\/p>\n<p>La cumbre del   <a href=\"https:\/\/www.cronica.com.ar\/tags\/G20\">G20<\/a> se realizar\u00e1 en Buenos Aires entre el 30 de noviembre y el 1 de diciembre, con la participaci\u00f3n -adem\u00e1s de Trump, de los 18 jefes de Estados del grupo, m\u00e1s la Uni\u00f3n Europea y otro pa\u00edses invitados. En total, se espera la llegada de unas 7 mil\u00a0personas, entre mandatarios, ministros y otros funcionarios.<\/p>\n<\/div>\n<\/div>\n","protected":false},"excerpt":{"rendered":"<p>El gobierno yanqui confirm\u00f3 que el presidente Donald Trump participar\u00e1 de la Cumbre del G20 que se realizar\u00e1 a fin de a\u00f1o en Argentina, en la que expondr\u00e1 las bondades de \u00absus pol\u00edticas econ\u00f3micas a favor del crecimiento\u00bb. Adem\u00e1s, mantendr\u00e1 varias reuniones bilaterales con otros l\u00edderes mundiales. En un comunicado, la Casa Blanca anunci\u00f3 que [&hellip;]<\/p>\n","protected":false},"author":4,"featured_media":0,"comment_status":"open","ping_status":"closed","sticky":false,"template":"","format":"standard","meta":{"footnotes":""},"categories":[194],"tags":[],"class_list":{"0":"post-16128","1":"post","2":"type-post","3":"status-publish","4":"format-standard","6":"category-internacionales"},"yoast_head":"<!-- This site is optimized with the Yoast SEO plugin v27.5 - https:\/\/yoast.com\/product\/yoast-seo-wordpress\/ -->\n<title>Trump visitar\u00e1 por primera vez Argentina - El Diario de Tucuman<\/title>\n<meta name=\"robots\" content=\"index, follow, max-snippet:-1, max-image-preview:large, max-video-preview:-1\" \/>\n<link rel=\"canonical\" href=\"https:\/\/www.eldiariodetucuman.com\/web\/trump-visitara-por-primera-vez-argentina\/\" \/>\n<meta property=\"og:locale\" content=\"es_ES\" \/>\n<meta property=\"og:type\" content=\"article\" \/>\n<meta property=\"og:title\" content=\"Trump visitar\u00e1 por primera vez Argentina - El Diario de Tucuman\" \/>\n<meta property=\"og:description\" content=\"El gobierno yanqui confirm\u00f3 que el presidente Donald Trump participar\u00e1 de la Cumbre del G20 que se realizar\u00e1 a fin de a\u00f1o en Argentina, en la que expondr\u00e1 las bondades de \u00absus pol\u00edticas econ\u00f3micas a favor del crecimiento\u00bb. Adem\u00e1s, mantendr\u00e1 varias reuniones bilaterales con otros l\u00edderes mundiales. En un comunicado, la Casa Blanca anunci\u00f3 que [&hellip;]\" \/>\n<meta property=\"og:url\" content=\"https:\/\/www.eldiariodetucuman.com\/web\/trump-visitara-por-primera-vez-argentina\/\" \/>\n<meta property=\"og:site_name\" content=\"El Diario de Tucuman\" \/>\n<meta property=\"article:published_time\" content=\"2018-09-01T15:50:07+00:00\" \/>\n<meta name=\"author\" content=\"eldiario detucuman\" \/>\n<meta name=\"twitter:card\" content=\"summary_large_image\" \/>\n<meta name=\"twitter:label1\" content=\"Escrito por\" \/>\n\t<meta name=\"twitter:data1\" content=\"eldiario detucuman\" \/>\n\t<meta name=\"twitter:label2\" content=\"Tiempo de lectura\" \/>\n\t<meta name=\"twitter:data2\" content=\"1 minuto\" \/>\n<script type=\"application\/ld+json\" class=\"yoast-schema-graph\">{\"@context\":\"https:\\\/\\\/schema.org\",\"@graph\":[{\"@type\":\"Article\",\"@id\":\"https:\\\/\\\/www.eldiariodetucuman.com\\\/web\\\/trump-visitara-por-primera-vez-argentina\\\/#article\",\"isPartOf\":{\"@id\":\"https:\\\/\\\/www.eldiariodetucuman.com\\\/web\\\/trump-visitara-por-primera-vez-argentina\\\/\"},\"author\":{\"name\":\"eldiario detucuman\",\"@id\":\"https:\\\/\\\/www.eldiariodetucuman.com\\\/web\\\/#\\\/schema\\\/person\\\/6f95946e54fde848b878ffa4928071d5\"},\"headline\":\"Trump visitar\u00e1 por primera vez Argentina\",\"datePublished\":\"2018-09-01T15:50:07+00:00\",\"mainEntityOfPage\":{\"@id\":\"https:\\\/\\\/www.eldiariodetucuman.com\\\/web\\\/trump-visitara-por-primera-vez-argentina\\\/\"},\"wordCount\":265,\"commentCount\":0,\"publisher\":{\"@id\":\"https:\\\/\\\/www.eldiariodetucuman.com\\\/web\\\/#organization\"},\"articleSection\":[\"Internacionales\"],\"inLanguage\":\"es\",\"potentialAction\":[{\"@type\":\"CommentAction\",\"name\":\"Comment\",\"target\":[\"https:\\\/\\\/www.eldiariodetucuman.com\\\/web\\\/trump-visitara-por-primera-vez-argentina\\\/#respond\"]}]},{\"@type\":\"WebPage\",\"@id\":\"https:\\\/\\\/www.eldiariodetucuman.com\\\/web\\\/trump-visitara-por-primera-vez-argentina\\\/\",\"url\":\"https:\\\/\\\/www.eldiariodetucuman.com\\\/web\\\/trump-visitara-por-primera-vez-argentina\\\/\",\"name\":\"Trump visitar\u00e1 por primera vez Argentina - El Diario de Tucuman\",\"isPartOf\":{\"@id\":\"https:\\\/\\\/www.eldiariodetucuman.com\\\/web\\\/#website\"},\"datePublished\":\"2018-09-01T15:50:07+00:00\",\"breadcrumb\":{\"@id\":\"https:\\\/\\\/www.eldiariodetucuman.com\\\/web\\\/trump-visitara-por-primera-vez-argentina\\\/#breadcrumb\"},\"inLanguage\":\"es\",\"potentialAction\":[{\"@type\":\"ReadAction\",\"target\":[\"https:\\\/\\\/www.eldiariodetucuman.com\\\/web\\\/trump-visitara-por-primera-vez-argentina\\\/\"]}]},{\"@type\":\"BreadcrumbList\",\"@id\":\"https:\\\/\\\/www.eldiariodetucuman.com\\\/web\\\/trump-visitara-por-primera-vez-argentina\\\/#breadcrumb\",\"itemListElement\":[{\"@type\":\"ListItem\",\"position\":1,\"name\":\"Portada\",\"item\":\"https:\\\/\\\/www.eldiariodetucuman.com\\\/web\\\/\"},{\"@type\":\"ListItem\",\"position\":2,\"name\":\"Trump visitar\u00e1 por primera vez Argentina\"}]},{\"@type\":\"WebSite\",\"@id\":\"https:\\\/\\\/www.eldiariodetucuman.com\\\/web\\\/#website\",\"url\":\"https:\\\/\\\/www.eldiariodetucuman.com\\\/web\\\/\",\"name\":\"El Diario de Tucuman\",\"description\":\"Diario Tucuman - Informaci\u00f3n y noticias\",\"publisher\":{\"@id\":\"https:\\\/\\\/www.eldiariodetucuman.com\\\/web\\\/#organization\"},\"potentialAction\":[{\"@type\":\"SearchAction\",\"target\":{\"@type\":\"EntryPoint\",\"urlTemplate\":\"https:\\\/\\\/www.eldiariodetucuman.com\\\/web\\\/?s={search_term_string}\"},\"query-input\":{\"@type\":\"PropertyValueSpecification\",\"valueRequired\":true,\"valueName\":\"search_term_string\"}}],\"inLanguage\":\"es\"},{\"@type\":\"Organization\",\"@id\":\"https:\\\/\\\/www.eldiariodetucuman.com\\\/web\\\/#organization\",\"name\":\"El Diario de Tucuman\",\"url\":\"https:\\\/\\\/www.eldiariodetucuman.com\\\/web\\\/\",\"logo\":{\"@type\":\"ImageObject\",\"inLanguage\":\"es\",\"@id\":\"https:\\\/\\\/www.eldiariodetucuman.com\\\/web\\\/#\\\/schema\\\/logo\\\/image\\\/\",\"url\":\"http:\\\/\\\/www.eldiariodetucuman.com\\\/web\\\/wp-content\\\/uploads\\\/2017\\\/12\\\/el-diario-de-tucuman.jpg\",\"contentUrl\":\"http:\\\/\\\/www.eldiariodetucuman.com\\\/web\\\/wp-content\\\/uploads\\\/2017\\\/12\\\/el-diario-de-tucuman.jpg\",\"width\":272,\"height\":92,\"caption\":\"El Diario de Tucuman\"},\"image\":{\"@id\":\"https:\\\/\\\/www.eldiariodetucuman.com\\\/web\\\/#\\\/schema\\\/logo\\\/image\\\/\"}},{\"@type\":\"Person\",\"@id\":\"https:\\\/\\\/www.eldiariodetucuman.com\\\/web\\\/#\\\/schema\\\/person\\\/6f95946e54fde848b878ffa4928071d5\",\"name\":\"eldiario detucuman\",\"image\":{\"@type\":\"ImageObject\",\"inLanguage\":\"es\",\"@id\":\"https:\\\/\\\/secure.gravatar.com\\\/avatar\\\/b6e1f89c5c4044c4962c8e6c20b1ca2cc99f549c965908afd4ec5308b3f51bfe?s=96&d=mm&r=g\",\"url\":\"https:\\\/\\\/secure.gravatar.com\\\/avatar\\\/b6e1f89c5c4044c4962c8e6c20b1ca2cc99f549c965908afd4ec5308b3f51bfe?s=96&d=mm&r=g\",\"contentUrl\":\"https:\\\/\\\/secure.gravatar.com\\\/avatar\\\/b6e1f89c5c4044c4962c8e6c20b1ca2cc99f549c965908afd4ec5308b3f51bfe?s=96&d=mm&r=g\",\"caption\":\"eldiario detucuman\"},\"url\":\"https:\\\/\\\/www.eldiariodetucuman.com\\\/web\\\/author\\\/eldiariodetucuman\\\/\"}]}<\/script>\n<!-- \/ Yoast SEO plugin. -->","yoast_head_json":{"title":"Trump visitar\u00e1 por primera vez Argentina - El Diario de Tucuman","robots":{"index":"index","follow":"follow","max-snippet":"max-snippet:-1","max-image-preview":"max-image-preview:large","max-video-preview":"max-video-preview:-1"},"canonical":"https:\/\/www.eldiariodetucuman.com\/web\/trump-visitara-por-primera-vez-argentina\/","og_locale":"es_ES","og_type":"article","og_title":"Trump visitar\u00e1 por primera vez Argentina - El Diario de Tucuman","og_description":"El gobierno yanqui confirm\u00f3 que el presidente Donald Trump participar\u00e1 de la Cumbre del G20 que se realizar\u00e1 a fin de a\u00f1o en Argentina, en la que expondr\u00e1 las bondades de \u00absus pol\u00edticas econ\u00f3micas a favor del crecimiento\u00bb. Adem\u00e1s, mantendr\u00e1 varias reuniones bilaterales con otros l\u00edderes mundiales. En un comunicado, la Casa Blanca anunci\u00f3 que [&hellip;]","og_url":"https:\/\/www.eldiariodetucuman.com\/web\/trump-visitara-por-primera-vez-argentina\/","og_site_name":"El Diario de Tucuman","article_published_time":"2018-09-01T15:50:07+00:00","author":"eldiario detucuman","twitter_card":"summary_large_image","twitter_misc":{"Escrito por":"eldiario detucuman","Tiempo de lectura":"1 minuto"},"schema":{"@context":"https:\/\/schema.org","@graph":[{"@type":"Article","@id":"https:\/\/www.eldiariodetucuman.com\/web\/trump-visitara-por-primera-vez-argentina\/#article","isPartOf":{"@id":"https:\/\/www.eldiariodetucuman.com\/web\/trump-visitara-por-primera-vez-argentina\/"},"author":{"name":"eldiario detucuman","@id":"https:\/\/www.eldiariodetucuman.com\/web\/#\/schema\/person\/6f95946e54fde848b878ffa4928071d5"},"headline":"Trump visitar\u00e1 por primera vez Argentina","datePublished":"2018-09-01T15:50:07+00:00","mainEntityOfPage":{"@id":"https:\/\/www.eldiariodetucuman.com\/web\/trump-visitara-por-primera-vez-argentina\/"},"wordCount":265,"commentCount":0,"publisher":{"@id":"https:\/\/www.eldiariodetucuman.com\/web\/#organization"},"articleSection":["Internacionales"],"inLanguage":"es","potentialAction":[{"@type":"CommentAction","name":"Comment","target":["https:\/\/www.eldiariodetucuman.com\/web\/trump-visitara-por-primera-vez-argentina\/#respond"]}]},{"@type":"WebPage","@id":"https:\/\/www.eldiariodetucuman.com\/web\/trump-visitara-por-primera-vez-argentina\/","url":"https:\/\/www.eldiariodetucuman.com\/web\/trump-visitara-por-primera-vez-argentina\/","name":"Trump visitar\u00e1 por primera vez Argentina - El Diario de Tucuman","isPartOf":{"@id":"https:\/\/www.eldiariodetucuman.com\/web\/#website"},"datePublished":"2018-09-01T15:50:07+00:00","breadcrumb":{"@id":"https:\/\/www.eldiariodetucuman.com\/web\/trump-visitara-por-primera-vez-argentina\/#breadcrumb"},"inLanguage":"es","potentialAction":[{"@type":"ReadAction","target":["https:\/\/www.eldiariodetucuman.com\/web\/trump-visitara-por-primera-vez-argentina\/"]}]},{"@type":"BreadcrumbList","@id":"https:\/\/www.eldiariodetucuman.com\/web\/trump-visitara-por-primera-vez-argentina\/#breadcrumb","itemListElement":[{"@type":"ListItem","position":1,"name":"Portada","item":"https:\/\/www.eldiariodetucuman.com\/web\/"},{"@type":"ListItem","position":2,"name":"Trump visitar\u00e1 por primera vez Argentina"}]},{"@type":"WebSite","@id":"https:\/\/www.eldiariodetucuman.com\/web\/#website","url":"https:\/\/www.eldiariodetucuman.com\/web\/","name":"El Diario de Tucuman","description":"Diario Tucuman - Informaci\u00f3n y noticias","publisher":{"@id":"https:\/\/www.eldiariodetucuman.com\/web\/#organization"},"potentialAction":[{"@type":"SearchAction","target":{"@type":"EntryPoint","urlTemplate":"https:\/\/www.eldiariodetucuman.com\/web\/?s={search_term_string}"},"query-input":{"@type":"PropertyValueSpecification","valueRequired":true,"valueName":"search_term_string"}}],"inLanguage":"es"},{"@type":"Organization","@id":"https:\/\/www.eldiariodetucuman.com\/web\/#organization","name":"El Diario de Tucuman","url":"https:\/\/www.eldiariodetucuman.com\/web\/","logo":{"@type":"ImageObject","inLanguage":"es","@id":"https:\/\/www.eldiariodetucuman.com\/web\/#\/schema\/logo\/image\/","url":"http:\/\/www.eldiariodetucuman.com\/web\/wp-content\/uploads\/2017\/12\/el-diario-de-tucuman.jpg","contentUrl":"http:\/\/www.eldiariodetucuman.com\/web\/wp-content\/uploads\/2017\/12\/el-diario-de-tucuman.jpg","width":272,"height":92,"caption":"El Diario de Tucuman"},"image":{"@id":"https:\/\/www.eldiariodetucuman.com\/web\/#\/schema\/logo\/image\/"}},{"@type":"Person","@id":"https:\/\/www.eldiariodetucuman.com\/web\/#\/schema\/person\/6f95946e54fde848b878ffa4928071d5","name":"eldiario detucuman","image":{"@type":"ImageObject","inLanguage":"es","@id":"https:\/\/secure.gravatar.com\/avatar\/b6e1f89c5c4044c4962c8e6c20b1ca2cc99f549c965908afd4ec5308b3f51bfe?s=96&d=mm&r=g","url":"https:\/\/secure.gravatar.com\/avatar\/b6e1f89c5c4044c4962c8e6c20b1ca2cc99f549c965908afd4ec5308b3f51bfe?s=96&d=mm&r=g","contentUrl":"https:\/\/secure.gravatar.com\/avatar\/b6e1f89c5c4044c4962c8e6c20b1ca2cc99f549c965908afd4ec5308b3f51bfe?s=96&d=mm&r=g","caption":"eldiario detucuman"},"url":"https:\/\/www.eldiariodetucuman.com\/web\/author\/eldiariodetucuman\/"}]}},"_links":{"self":[{"href":"https:\/\/www.eldiariodetucuman.com\/web\/wp-json\/wp\/v2\/posts\/16128","targetHints":{"allow":["GET"]}}],"collection":[{"href":"https:\/\/www.eldiariodetucuman.com\/web\/wp-json\/wp\/v2\/posts"}],"about":[{"href":"https:\/\/www.eldiariodetucuman.com\/web\/wp-json\/wp\/v2\/types\/post"}],"author":[{"embeddable":true,"href":"https:\/\/www.eldiariodetucuman.com\/web\/wp-json\/wp\/v2\/users\/4"}],"replies":[{"embeddable":true,"href":"https:\/\/www.eldiariodetucuman.com\/web\/wp-json\/wp\/v2\/comments?post=16128"}],"version-history":[{"count":0,"href":"https:\/\/www.eldiariodetucuman.com\/web\/wp-json\/wp\/v2\/posts\/16128\/revisions"}],"wp:attachment":[{"href":"https:\/\/www.eldiariodetucuman.com\/web\/wp-json\/wp\/v2\/media?parent=16128"}],"wp:term":[{"taxonomy":"category","embeddable":true,"href":"https:\/\/www.eldiariodetucuman.com\/web\/wp-json\/wp\/v2\/categories?post=16128"},{"taxonomy":"post_tag","embeddable":true,"href":"https:\/\/www.eldiariodetucuman.com\/web\/wp-json\/wp\/v2\/tags?post=16128"}],"curies":[{"name":"wp","href":"https:\/\/api.w.org\/{rel}","templated":true}]}}