{"id":16127,"date":"2018-09-01T12:50:00","date_gmt":"2018-09-01T15:50:00","guid":{"rendered":"http:\/\/www.eldiariodetucuman.com\/web\/lula-no-podra-ser-presidente\/"},"modified":"2018-09-01T12:50:00","modified_gmt":"2018-09-01T15:50:00","slug":"lula-no-podra-ser-presidente","status":"publish","type":"post","link":"https:\/\/www.eldiariodetucuman.com\/web\/lula-no-podra-ser-presidente\/","title":{"rendered":"Lula no podr\u00e1 ser presidente"},"content":{"rendered":"<div>\n<div itemprop=\"articleBody\" readability=\"59.752163650669\">\n<p>Cuatro de los siete jueces del Tribunal Superior Electoral (TSE) de   <a href=\"https:\/\/www.cronica.com.ar\/tags\/Brasil\">Brasil<\/a> rechazaron el viernes la candidatura de <strong>  <a href=\"https:\/\/www.cronica.com.ar\/tags\/Lula\">Lula<\/a><\/strong>, una mayor\u00eda que salvo sorpresa de \u00faltimo momento dejar\u00e1 al encarcelado ex presidente brasile\u00f1o fuera de las elecciones de octubre.\u00a0<\/p>\n<p>Un solo magistrado vot\u00f3 por el momento a favor del derecho del ex presidente Luiz In\u00e1cio   <a href=\"https:\/\/www.cronica.com.ar\/tags\/Lula\">Lula<\/a> da Silva a hacer campa\u00f1a, incluso desde la c\u00e1rcel de Curitiba (sur) donde purga una pena de m\u00e1s de 12 a\u00f1os de c\u00e1rcel por corrupci\u00f3n y lavado de dinero.\u00a0<\/p>\n<p>Esa diferencia debe excluir de la liza a   <a href=\"https:\/\/www.cronica.com.ar\/tags\/Lula\">Lula<\/a>, salvo improbable cambio de parecer de quienes ya emitieron su voto antes del cierre de la sesi\u00f3n.\u00a0<\/p>\n<p>El magistrado relator del caso, <strong>Luis Alberto Barroso<\/strong>, inst\u00f3 a impugnar la candidatura del ex mandatario (2003-2010) en aplicaci\u00f3n de la ley de \u201cFicha Limpia\u201d, que impide a un condenado en segunda instancia presentarse a cargos electorales.\u00a0<\/p>\n<p>Tambi\u00e9n abog\u00f3 por prohibir al Partido de los Trabajadores (PT) usar la figura de   <a href=\"https:\/\/www.cronica.com.ar\/tags\/Lula\">Lula<\/a> en su campa\u00f1a por televisi\u00f3n, que empieza el s\u00e1bado para las presidenciales del 7 de octubre.\u00a0<\/p>\n<p>Y recomend\u00f3 dar al PT un plazo de diez d\u00edas para nombrar un reemplazante de   <a href=\"https:\/\/www.cronica.com.ar\/tags\/Lula\">Lula<\/a>, que ser\u00e1 probablemente su compa\u00f1ero de f\u00f3rmula, el ex alcalde de San Pablo,<strong> Fernando Haddad<\/strong>.<\/p>\n<\/div>\n<\/div>\n","protected":false},"excerpt":{"rendered":"<p>Cuatro de los siete jueces del Tribunal Superior Electoral (TSE) de Brasil rechazaron el viernes la candidatura de Lula, una mayor\u00eda que salvo sorpresa de \u00faltimo momento dejar\u00e1 al encarcelado ex presidente brasile\u00f1o fuera de las elecciones de octubre.\u00a0 Un solo magistrado vot\u00f3 por el momento a favor del derecho del ex presidente Luiz In\u00e1cio [&hellip;]<\/p>\n","protected":false},"author":4,"featured_media":0,"comment_status":"open","ping_status":"closed","sticky":false,"template":"","format":"standard","meta":{"footnotes":""},"categories":[194],"tags":[],"class_list":{"0":"post-16127","1":"post","2":"type-post","3":"status-publish","4":"format-standard","6":"category-internacionales"},"yoast_head":"<!-- This site is optimized with the Yoast SEO plugin v27.5 - https:\/\/yoast.com\/product\/yoast-seo-wordpress\/ -->\n<title>Lula no podr\u00e1 ser presidente - El Diario de Tucuman<\/title>\n<meta name=\"robots\" content=\"index, follow, max-snippet:-1, max-image-preview:large, max-video-preview:-1\" \/>\n<link rel=\"canonical\" href=\"https:\/\/www.eldiariodetucuman.com\/web\/lula-no-podra-ser-presidente\/\" \/>\n<meta property=\"og:locale\" content=\"es_ES\" \/>\n<meta property=\"og:type\" content=\"article\" \/>\n<meta property=\"og:title\" content=\"Lula no podr\u00e1 ser presidente - El Diario de Tucuman\" \/>\n<meta property=\"og:description\" content=\"Cuatro de los siete jueces del Tribunal Superior Electoral (TSE) de Brasil rechazaron el viernes la candidatura de Lula, una mayor\u00eda que salvo sorpresa de \u00faltimo momento dejar\u00e1 al encarcelado ex presidente brasile\u00f1o fuera de las elecciones de octubre.\u00a0 Un solo magistrado vot\u00f3 por el momento a favor del derecho del ex presidente Luiz In\u00e1cio [&hellip;]\" \/>\n<meta property=\"og:url\" content=\"https:\/\/www.eldiariodetucuman.com\/web\/lula-no-podra-ser-presidente\/\" \/>\n<meta property=\"og:site_name\" content=\"El Diario de Tucuman\" \/>\n<meta property=\"article:published_time\" content=\"2018-09-01T15:50:00+00:00\" \/>\n<meta name=\"author\" content=\"eldiario detucuman\" \/>\n<meta name=\"twitter:card\" content=\"summary_large_image\" \/>\n<meta name=\"twitter:label1\" content=\"Escrito por\" \/>\n\t<meta name=\"twitter:data1\" content=\"eldiario detucuman\" \/>\n\t<meta name=\"twitter:label2\" content=\"Tiempo de lectura\" \/>\n\t<meta name=\"twitter:data2\" content=\"1 minuto\" \/>\n<script type=\"application\/ld+json\" class=\"yoast-schema-graph\">{\"@context\":\"https:\\\/\\\/schema.org\",\"@graph\":[{\"@type\":\"Article\",\"@id\":\"https:\\\/\\\/www.eldiariodetucuman.com\\\/web\\\/lula-no-podra-ser-presidente\\\/#article\",\"isPartOf\":{\"@id\":\"https:\\\/\\\/www.eldiariodetucuman.com\\\/web\\\/lula-no-podra-ser-presidente\\\/\"},\"author\":{\"name\":\"eldiario detucuman\",\"@id\":\"https:\\\/\\\/www.eldiariodetucuman.com\\\/web\\\/#\\\/schema\\\/person\\\/6f95946e54fde848b878ffa4928071d5\"},\"headline\":\"Lula no podr\u00e1 ser presidente\",\"datePublished\":\"2018-09-01T15:50:00+00:00\",\"mainEntityOfPage\":{\"@id\":\"https:\\\/\\\/www.eldiariodetucuman.com\\\/web\\\/lula-no-podra-ser-presidente\\\/\"},\"wordCount\":231,\"commentCount\":0,\"publisher\":{\"@id\":\"https:\\\/\\\/www.eldiariodetucuman.com\\\/web\\\/#organization\"},\"articleSection\":[\"Internacionales\"],\"inLanguage\":\"es\",\"potentialAction\":[{\"@type\":\"CommentAction\",\"name\":\"Comment\",\"target\":[\"https:\\\/\\\/www.eldiariodetucuman.com\\\/web\\\/lula-no-podra-ser-presidente\\\/#respond\"]}]},{\"@type\":\"WebPage\",\"@id\":\"https:\\\/\\\/www.eldiariodetucuman.com\\\/web\\\/lula-no-podra-ser-presidente\\\/\",\"url\":\"https:\\\/\\\/www.eldiariodetucuman.com\\\/web\\\/lula-no-podra-ser-presidente\\\/\",\"name\":\"Lula no podr\u00e1 ser presidente - El Diario de Tucuman\",\"isPartOf\":{\"@id\":\"https:\\\/\\\/www.eldiariodetucuman.com\\\/web\\\/#website\"},\"datePublished\":\"2018-09-01T15:50:00+00:00\",\"breadcrumb\":{\"@id\":\"https:\\\/\\\/www.eldiariodetucuman.com\\\/web\\\/lula-no-podra-ser-presidente\\\/#breadcrumb\"},\"inLanguage\":\"es\",\"potentialAction\":[{\"@type\":\"ReadAction\",\"target\":[\"https:\\\/\\\/www.eldiariodetucuman.com\\\/web\\\/lula-no-podra-ser-presidente\\\/\"]}]},{\"@type\":\"BreadcrumbList\",\"@id\":\"https:\\\/\\\/www.eldiariodetucuman.com\\\/web\\\/lula-no-podra-ser-presidente\\\/#breadcrumb\",\"itemListElement\":[{\"@type\":\"ListItem\",\"position\":1,\"name\":\"Portada\",\"item\":\"https:\\\/\\\/www.eldiariodetucuman.com\\\/web\\\/\"},{\"@type\":\"ListItem\",\"position\":2,\"name\":\"Lula no podr\u00e1 ser presidente\"}]},{\"@type\":\"WebSite\",\"@id\":\"https:\\\/\\\/www.eldiariodetucuman.com\\\/web\\\/#website\",\"url\":\"https:\\\/\\\/www.eldiariodetucuman.com\\\/web\\\/\",\"name\":\"El Diario de Tucuman\",\"description\":\"Diario Tucuman - Informaci\u00f3n y noticias\",\"publisher\":{\"@id\":\"https:\\\/\\\/www.eldiariodetucuman.com\\\/web\\\/#organization\"},\"potentialAction\":[{\"@type\":\"SearchAction\",\"target\":{\"@type\":\"EntryPoint\",\"urlTemplate\":\"https:\\\/\\\/www.eldiariodetucuman.com\\\/web\\\/?s={search_term_string}\"},\"query-input\":{\"@type\":\"PropertyValueSpecification\",\"valueRequired\":true,\"valueName\":\"search_term_string\"}}],\"inLanguage\":\"es\"},{\"@type\":\"Organization\",\"@id\":\"https:\\\/\\\/www.eldiariodetucuman.com\\\/web\\\/#organization\",\"name\":\"El Diario de Tucuman\",\"url\":\"https:\\\/\\\/www.eldiariodetucuman.com\\\/web\\\/\",\"logo\":{\"@type\":\"ImageObject\",\"inLanguage\":\"es\",\"@id\":\"https:\\\/\\\/www.eldiariodetucuman.com\\\/web\\\/#\\\/schema\\\/logo\\\/image\\\/\",\"url\":\"http:\\\/\\\/www.eldiariodetucuman.com\\\/web\\\/wp-content\\\/uploads\\\/2017\\\/12\\\/el-diario-de-tucuman.jpg\",\"contentUrl\":\"http:\\\/\\\/www.eldiariodetucuman.com\\\/web\\\/wp-content\\\/uploads\\\/2017\\\/12\\\/el-diario-de-tucuman.jpg\",\"width\":272,\"height\":92,\"caption\":\"El Diario de Tucuman\"},\"image\":{\"@id\":\"https:\\\/\\\/www.eldiariodetucuman.com\\\/web\\\/#\\\/schema\\\/logo\\\/image\\\/\"}},{\"@type\":\"Person\",\"@id\":\"https:\\\/\\\/www.eldiariodetucuman.com\\\/web\\\/#\\\/schema\\\/person\\\/6f95946e54fde848b878ffa4928071d5\",\"name\":\"eldiario detucuman\",\"image\":{\"@type\":\"ImageObject\",\"inLanguage\":\"es\",\"@id\":\"https:\\\/\\\/secure.gravatar.com\\\/avatar\\\/b6e1f89c5c4044c4962c8e6c20b1ca2cc99f549c965908afd4ec5308b3f51bfe?s=96&d=mm&r=g\",\"url\":\"https:\\\/\\\/secure.gravatar.com\\\/avatar\\\/b6e1f89c5c4044c4962c8e6c20b1ca2cc99f549c965908afd4ec5308b3f51bfe?s=96&d=mm&r=g\",\"contentUrl\":\"https:\\\/\\\/secure.gravatar.com\\\/avatar\\\/b6e1f89c5c4044c4962c8e6c20b1ca2cc99f549c965908afd4ec5308b3f51bfe?s=96&d=mm&r=g\",\"caption\":\"eldiario detucuman\"},\"url\":\"https:\\\/\\\/www.eldiariodetucuman.com\\\/web\\\/author\\\/eldiariodetucuman\\\/\"}]}<\/script>\n<!-- \/ Yoast SEO plugin. -->","yoast_head_json":{"title":"Lula no podr\u00e1 ser presidente - El Diario de Tucuman","robots":{"index":"index","follow":"follow","max-snippet":"max-snippet:-1","max-image-preview":"max-image-preview:large","max-video-preview":"max-video-preview:-1"},"canonical":"https:\/\/www.eldiariodetucuman.com\/web\/lula-no-podra-ser-presidente\/","og_locale":"es_ES","og_type":"article","og_title":"Lula no podr\u00e1 ser presidente - El Diario de Tucuman","og_description":"Cuatro de los siete jueces del Tribunal Superior Electoral (TSE) de Brasil rechazaron el viernes la candidatura de Lula, una mayor\u00eda que salvo sorpresa de \u00faltimo momento dejar\u00e1 al encarcelado ex presidente brasile\u00f1o fuera de las elecciones de octubre.\u00a0 Un solo magistrado vot\u00f3 por el momento a favor del derecho del ex presidente Luiz In\u00e1cio [&hellip;]","og_url":"https:\/\/www.eldiariodetucuman.com\/web\/lula-no-podra-ser-presidente\/","og_site_name":"El Diario de Tucuman","article_published_time":"2018-09-01T15:50:00+00:00","author":"eldiario detucuman","twitter_card":"summary_large_image","twitter_misc":{"Escrito por":"eldiario detucuman","Tiempo de lectura":"1 minuto"},"schema":{"@context":"https:\/\/schema.org","@graph":[{"@type":"Article","@id":"https:\/\/www.eldiariodetucuman.com\/web\/lula-no-podra-ser-presidente\/#article","isPartOf":{"@id":"https:\/\/www.eldiariodetucuman.com\/web\/lula-no-podra-ser-presidente\/"},"author":{"name":"eldiario detucuman","@id":"https:\/\/www.eldiariodetucuman.com\/web\/#\/schema\/person\/6f95946e54fde848b878ffa4928071d5"},"headline":"Lula no podr\u00e1 ser presidente","datePublished":"2018-09-01T15:50:00+00:00","mainEntityOfPage":{"@id":"https:\/\/www.eldiariodetucuman.com\/web\/lula-no-podra-ser-presidente\/"},"wordCount":231,"commentCount":0,"publisher":{"@id":"https:\/\/www.eldiariodetucuman.com\/web\/#organization"},"articleSection":["Internacionales"],"inLanguage":"es","potentialAction":[{"@type":"CommentAction","name":"Comment","target":["https:\/\/www.eldiariodetucuman.com\/web\/lula-no-podra-ser-presidente\/#respond"]}]},{"@type":"WebPage","@id":"https:\/\/www.eldiariodetucuman.com\/web\/lula-no-podra-ser-presidente\/","url":"https:\/\/www.eldiariodetucuman.com\/web\/lula-no-podra-ser-presidente\/","name":"Lula no podr\u00e1 ser presidente - El Diario de Tucuman","isPartOf":{"@id":"https:\/\/www.eldiariodetucuman.com\/web\/#website"},"datePublished":"2018-09-01T15:50:00+00:00","breadcrumb":{"@id":"https:\/\/www.eldiariodetucuman.com\/web\/lula-no-podra-ser-presidente\/#breadcrumb"},"inLanguage":"es","potentialAction":[{"@type":"ReadAction","target":["https:\/\/www.eldiariodetucuman.com\/web\/lula-no-podra-ser-presidente\/"]}]},{"@type":"BreadcrumbList","@id":"https:\/\/www.eldiariodetucuman.com\/web\/lula-no-podra-ser-presidente\/#breadcrumb","itemListElement":[{"@type":"ListItem","position":1,"name":"Portada","item":"https:\/\/www.eldiariodetucuman.com\/web\/"},{"@type":"ListItem","position":2,"name":"Lula no podr\u00e1 ser presidente"}]},{"@type":"WebSite","@id":"https:\/\/www.eldiariodetucuman.com\/web\/#website","url":"https:\/\/www.eldiariodetucuman.com\/web\/","name":"El Diario de Tucuman","description":"Diario Tucuman - Informaci\u00f3n y noticias","publisher":{"@id":"https:\/\/www.eldiariodetucuman.com\/web\/#organization"},"potentialAction":[{"@type":"SearchAction","target":{"@type":"EntryPoint","urlTemplate":"https:\/\/www.eldiariodetucuman.com\/web\/?s={search_term_string}"},"query-input":{"@type":"PropertyValueSpecification","valueRequired":true,"valueName":"search_term_string"}}],"inLanguage":"es"},{"@type":"Organization","@id":"https:\/\/www.eldiariodetucuman.com\/web\/#organization","name":"El Diario de Tucuman","url":"https:\/\/www.eldiariodetucuman.com\/web\/","logo":{"@type":"ImageObject","inLanguage":"es","@id":"https:\/\/www.eldiariodetucuman.com\/web\/#\/schema\/logo\/image\/","url":"http:\/\/www.eldiariodetucuman.com\/web\/wp-content\/uploads\/2017\/12\/el-diario-de-tucuman.jpg","contentUrl":"http:\/\/www.eldiariodetucuman.com\/web\/wp-content\/uploads\/2017\/12\/el-diario-de-tucuman.jpg","width":272,"height":92,"caption":"El Diario de Tucuman"},"image":{"@id":"https:\/\/www.eldiariodetucuman.com\/web\/#\/schema\/logo\/image\/"}},{"@type":"Person","@id":"https:\/\/www.eldiariodetucuman.com\/web\/#\/schema\/person\/6f95946e54fde848b878ffa4928071d5","name":"eldiario detucuman","image":{"@type":"ImageObject","inLanguage":"es","@id":"https:\/\/secure.gravatar.com\/avatar\/b6e1f89c5c4044c4962c8e6c20b1ca2cc99f549c965908afd4ec5308b3f51bfe?s=96&d=mm&r=g","url":"https:\/\/secure.gravatar.com\/avatar\/b6e1f89c5c4044c4962c8e6c20b1ca2cc99f549c965908afd4ec5308b3f51bfe?s=96&d=mm&r=g","contentUrl":"https:\/\/secure.gravatar.com\/avatar\/b6e1f89c5c4044c4962c8e6c20b1ca2cc99f549c965908afd4ec5308b3f51bfe?s=96&d=mm&r=g","caption":"eldiario detucuman"},"url":"https:\/\/www.eldiariodetucuman.com\/web\/author\/eldiariodetucuman\/"}]}},"_links":{"self":[{"href":"https:\/\/www.eldiariodetucuman.com\/web\/wp-json\/wp\/v2\/posts\/16127","targetHints":{"allow":["GET"]}}],"collection":[{"href":"https:\/\/www.eldiariodetucuman.com\/web\/wp-json\/wp\/v2\/posts"}],"about":[{"href":"https:\/\/www.eldiariodetucuman.com\/web\/wp-json\/wp\/v2\/types\/post"}],"author":[{"embeddable":true,"href":"https:\/\/www.eldiariodetucuman.com\/web\/wp-json\/wp\/v2\/users\/4"}],"replies":[{"embeddable":true,"href":"https:\/\/www.eldiariodetucuman.com\/web\/wp-json\/wp\/v2\/comments?post=16127"}],"version-history":[{"count":0,"href":"https:\/\/www.eldiariodetucuman.com\/web\/wp-json\/wp\/v2\/posts\/16127\/revisions"}],"wp:attachment":[{"href":"https:\/\/www.eldiariodetucuman.com\/web\/wp-json\/wp\/v2\/media?parent=16127"}],"wp:term":[{"taxonomy":"category","embeddable":true,"href":"https:\/\/www.eldiariodetucuman.com\/web\/wp-json\/wp\/v2\/categories?post=16127"},{"taxonomy":"post_tag","embeddable":true,"href":"https:\/\/www.eldiariodetucuman.com\/web\/wp-json\/wp\/v2\/tags?post=16127"}],"curies":[{"name":"wp","href":"https:\/\/api.w.org\/{rel}","templated":true}]}}