{"id":16124,"date":"2018-09-01T12:36:49","date_gmt":"2018-09-01T15:36:49","guid":{"rendered":"http:\/\/www.eldiariodetucuman.com\/web\/los-precios-seguiran-subiendo-hasta-alcanzar-el-punto-de-equilibrio\/"},"modified":"2018-09-01T12:36:50","modified_gmt":"2018-09-01T15:36:50","slug":"los-precios-seguiran-subiendo-hasta-alcanzar-el-punto-de-equilibrio","status":"publish","type":"post","link":"https:\/\/www.eldiariodetucuman.com\/web\/los-precios-seguiran-subiendo-hasta-alcanzar-el-punto-de-equilibrio\/","title":{"rendered":"\u00abLos precios seguir\u00e1n subiendo hasta alcanzar el punto de equilibrio\u00bb"},"content":{"rendered":"<div>\n<div readability=\"42.342105263158\">\n<p><a href=\"https:\/\/www.elintransigente.com\/noticias\/buscar\/?buscar=federacion+de+entidades+de+combustibles\">El Presidente de la Federaci\u00f3n de Entidades de Combustibles<\/a> (FEC), <strong>Julio Alonso<\/strong>, se mostr\u00f3 <strong>preocupado por la rentabilidad de las expendedoras de combustibles en el nuevo contexto de aumentos permanentes<\/strong>. El principal temor ronda alrededor de la <a href=\"https:\/\/www.elintransigente.com\/noticias\/buscar\/?buscar=estaciones+de+servicios\">estabilidad de las estaciones de servicio<\/a>, ya que se advierte que la nafta podr\u00eda llegar a los $50 a fin de a\u00f1o.<\/p>\n<p>Julio Alonso, manifest\u00f3 su inquietud sobre la situaci\u00f3n actual del precio de los combustibles y advirti\u00f3 que con en la situaci\u00f3n en la que se encuentra la econom\u00eda, <strong>los precios seguir\u00e1n su alza hasta llegar a lo que las petroleras consideran el &#8220;punto de equilibrio&#8221;.<\/strong><\/p>\n<aside class=\"htmlinline \"><ins class=\"adsbygoogle\" data-ad-layout=\"in-article\" data-ad-format=\"fluid\" data-ad-client=\"ca-pub-7781556717282971\" data-ad-slot=\"9383133609\"><\/ins><br \/>\n<\/aside>\n<p>En este caso, seg\u00fan el dirigente empresario, &#8220;las estaciones de servicio no escapan al com\u00fan de lo que ocurre en el resto del pa\u00eds y <strong>esperamos que la nafta Premium llegar\u00e1 a 50 pesos el litro y la nafta s\u00faper alcanzar\u00e1 los 40 pesos,<\/strong> de acuerdo a las variables que se manejan&#8221;. De esta manera, Alonso, inform\u00f3 que:\u00a0<strong>&#8220;Hubo una ca\u00edda importante de ventas en la Provincia de Buenos Aires de alrededor de un 30%,<\/strong> con las consecuencias que esto trae aparejado al sector como generador de empleo pyme&#8221;.<\/p>\n<p>Asimismo, el titular de la FEC, demostr\u00f3 su malestar por la <strong>sostenibilidad de los puestos de trabajo<\/strong>, ya que con la ca\u00edda de la actividad y los incrementos de los costos fijos en d\u00f3lares, as\u00ed como con el aumento de los costos laborales, <strong>se torna muy dif\u00edcil asegurar la continuidad de laboral <\/strong>de quienes est\u00e1n en relaci\u00f3n de dependencia.<\/p>\n<p><strong>&#8220;Vamos a gestionar con urgencia una reuni\u00f3n con las petroleras para poder alcanzar un consenso junto con el gobierno que nos lleve a poder mantener la fuente laboral de todos nuestros empleados&#8221;,<\/strong> concluy\u00f3 Alonso.<br \/>\n\u00a0<\/p>\n<\/div>\n<\/div>\n<p>Fuente: https:\/\/www.elintransigente.com\/politica\/2018\/9\/1\/los-precios-seguiran-subiendo-hasta-alcanzar-el-punto-de-equilibrio-508987.html<\/p>\n","protected":false},"excerpt":{"rendered":"<p>El Presidente de la Federaci\u00f3n de Entidades de Combustibles (FEC), Julio Alonso, se mostr\u00f3 preocupado por la rentabilidad de las expendedoras de combustibles en el nuevo contexto de aumentos permanentes. El principal temor ronda alrededor de la estabilidad de las estaciones de servicio, ya que se advierte que la nafta podr\u00eda llegar a los $50 [&hellip;]<\/p>\n","protected":false},"author":1,"featured_media":16125,"comment_status":"open","ping_status":"closed","sticky":false,"template":"","format":"standard","meta":{"footnotes":""},"categories":[1],"tags":[],"class_list":{"0":"post-16124","1":"post","2":"type-post","3":"status-publish","4":"format-standard","5":"has-post-thumbnail","7":"category-portada"},"yoast_head":"<!-- This site is optimized with the Yoast SEO plugin v27.5 - https:\/\/yoast.com\/product\/yoast-seo-wordpress\/ -->\n<title>&quot;Los precios seguir\u00e1n subiendo hasta alcanzar el punto de equilibrio&quot; - El Diario de Tucuman<\/title>\n<meta name=\"robots\" content=\"index, follow, max-snippet:-1, max-image-preview:large, max-video-preview:-1\" \/>\n<link rel=\"canonical\" href=\"https:\/\/www.eldiariodetucuman.com\/web\/los-precios-seguiran-subiendo-hasta-alcanzar-el-punto-de-equilibrio\/\" \/>\n<meta property=\"og:locale\" content=\"es_ES\" \/>\n<meta property=\"og:type\" content=\"article\" \/>\n<meta property=\"og:title\" content=\"&quot;Los precios seguir\u00e1n subiendo hasta alcanzar el punto de equilibrio&quot; - El Diario de Tucuman\" \/>\n<meta property=\"og:description\" content=\"El Presidente de la Federaci\u00f3n de Entidades de Combustibles (FEC), Julio Alonso, se mostr\u00f3 preocupado por la rentabilidad de las expendedoras de combustibles en el nuevo contexto de aumentos permanentes. El principal temor ronda alrededor de la estabilidad de las estaciones de servicio, ya que se advierte que la nafta podr\u00eda llegar a los $50 [&hellip;]\" \/>\n<meta property=\"og:url\" content=\"https:\/\/www.eldiariodetucuman.com\/web\/los-precios-seguiran-subiendo-hasta-alcanzar-el-punto-de-equilibrio\/\" \/>\n<meta property=\"og:site_name\" content=\"El Diario de Tucuman\" \/>\n<meta property=\"article:published_time\" content=\"2018-09-01T15:36:49+00:00\" \/>\n<meta property=\"article:modified_time\" content=\"2018-09-01T15:36:50+00:00\" \/>\n<meta property=\"og:image\" content=\"https:\/\/www.eldiariodetucuman.com\/web\/wp-content\/uploads\/2018\/09\/1eb1e7dd608e723bc18acd898c65a341.jpeg\" \/>\n\t<meta property=\"og:image:width\" content=\"960\" \/>\n\t<meta property=\"og:image:height\" content=\"639\" \/>\n\t<meta property=\"og:image:type\" content=\"image\/jpeg\" \/>\n<meta name=\"author\" content=\"admin\" \/>\n<meta name=\"twitter:card\" content=\"summary_large_image\" \/>\n<meta name=\"twitter:label1\" content=\"Escrito por\" \/>\n\t<meta name=\"twitter:data1\" content=\"admin\" \/>\n\t<meta name=\"twitter:label2\" content=\"Tiempo de lectura\" \/>\n\t<meta name=\"twitter:data2\" content=\"2 minutos\" \/>\n<script type=\"application\/ld+json\" class=\"yoast-schema-graph\">{\"@context\":\"https:\\\/\\\/schema.org\",\"@graph\":[{\"@type\":\"Article\",\"@id\":\"https:\\\/\\\/www.eldiariodetucuman.com\\\/web\\\/los-precios-seguiran-subiendo-hasta-alcanzar-el-punto-de-equilibrio\\\/#article\",\"isPartOf\":{\"@id\":\"https:\\\/\\\/www.eldiariodetucuman.com\\\/web\\\/los-precios-seguiran-subiendo-hasta-alcanzar-el-punto-de-equilibrio\\\/\"},\"author\":{\"name\":\"admin\",\"@id\":\"https:\\\/\\\/www.eldiariodetucuman.com\\\/web\\\/#\\\/schema\\\/person\\\/9250197d75ab5483412e19678b121caa\"},\"headline\":\"\u00abLos precios seguir\u00e1n subiendo hasta alcanzar el punto de equilibrio\u00bb\",\"datePublished\":\"2018-09-01T15:36:49+00:00\",\"dateModified\":\"2018-09-01T15:36:50+00:00\",\"mainEntityOfPage\":{\"@id\":\"https:\\\/\\\/www.eldiariodetucuman.com\\\/web\\\/los-precios-seguiran-subiendo-hasta-alcanzar-el-punto-de-equilibrio\\\/\"},\"wordCount\":319,\"commentCount\":0,\"publisher\":{\"@id\":\"https:\\\/\\\/www.eldiariodetucuman.com\\\/web\\\/#organization\"},\"image\":{\"@id\":\"https:\\\/\\\/www.eldiariodetucuman.com\\\/web\\\/los-precios-seguiran-subiendo-hasta-alcanzar-el-punto-de-equilibrio\\\/#primaryimage\"},\"thumbnailUrl\":\"https:\\\/\\\/www.eldiariodetucuman.com\\\/web\\\/wp-content\\\/uploads\\\/2018\\\/09\\\/1eb1e7dd608e723bc18acd898c65a341.jpeg\",\"articleSection\":[\"Portada\"],\"inLanguage\":\"es\",\"potentialAction\":[{\"@type\":\"CommentAction\",\"name\":\"Comment\",\"target\":[\"https:\\\/\\\/www.eldiariodetucuman.com\\\/web\\\/los-precios-seguiran-subiendo-hasta-alcanzar-el-punto-de-equilibrio\\\/#respond\"]}]},{\"@type\":\"WebPage\",\"@id\":\"https:\\\/\\\/www.eldiariodetucuman.com\\\/web\\\/los-precios-seguiran-subiendo-hasta-alcanzar-el-punto-de-equilibrio\\\/\",\"url\":\"https:\\\/\\\/www.eldiariodetucuman.com\\\/web\\\/los-precios-seguiran-subiendo-hasta-alcanzar-el-punto-de-equilibrio\\\/\",\"name\":\"\\\"Los precios seguir\u00e1n subiendo hasta alcanzar el punto de equilibrio\\\" - El Diario de Tucuman\",\"isPartOf\":{\"@id\":\"https:\\\/\\\/www.eldiariodetucuman.com\\\/web\\\/#website\"},\"primaryImageOfPage\":{\"@id\":\"https:\\\/\\\/www.eldiariodetucuman.com\\\/web\\\/los-precios-seguiran-subiendo-hasta-alcanzar-el-punto-de-equilibrio\\\/#primaryimage\"},\"image\":{\"@id\":\"https:\\\/\\\/www.eldiariodetucuman.com\\\/web\\\/los-precios-seguiran-subiendo-hasta-alcanzar-el-punto-de-equilibrio\\\/#primaryimage\"},\"thumbnailUrl\":\"https:\\\/\\\/www.eldiariodetucuman.com\\\/web\\\/wp-content\\\/uploads\\\/2018\\\/09\\\/1eb1e7dd608e723bc18acd898c65a341.jpeg\",\"datePublished\":\"2018-09-01T15:36:49+00:00\",\"dateModified\":\"2018-09-01T15:36:50+00:00\",\"breadcrumb\":{\"@id\":\"https:\\\/\\\/www.eldiariodetucuman.com\\\/web\\\/los-precios-seguiran-subiendo-hasta-alcanzar-el-punto-de-equilibrio\\\/#breadcrumb\"},\"inLanguage\":\"es\",\"potentialAction\":[{\"@type\":\"ReadAction\",\"target\":[\"https:\\\/\\\/www.eldiariodetucuman.com\\\/web\\\/los-precios-seguiran-subiendo-hasta-alcanzar-el-punto-de-equilibrio\\\/\"]}]},{\"@type\":\"ImageObject\",\"inLanguage\":\"es\",\"@id\":\"https:\\\/\\\/www.eldiariodetucuman.com\\\/web\\\/los-precios-seguiran-subiendo-hasta-alcanzar-el-punto-de-equilibrio\\\/#primaryimage\",\"url\":\"https:\\\/\\\/www.eldiariodetucuman.com\\\/web\\\/wp-content\\\/uploads\\\/2018\\\/09\\\/1eb1e7dd608e723bc18acd898c65a341.jpeg\",\"contentUrl\":\"https:\\\/\\\/www.eldiariodetucuman.com\\\/web\\\/wp-content\\\/uploads\\\/2018\\\/09\\\/1eb1e7dd608e723bc18acd898c65a341.jpeg\",\"width\":960,\"height\":639},{\"@type\":\"BreadcrumbList\",\"@id\":\"https:\\\/\\\/www.eldiariodetucuman.com\\\/web\\\/los-precios-seguiran-subiendo-hasta-alcanzar-el-punto-de-equilibrio\\\/#breadcrumb\",\"itemListElement\":[{\"@type\":\"ListItem\",\"position\":1,\"name\":\"Portada\",\"item\":\"https:\\\/\\\/www.eldiariodetucuman.com\\\/web\\\/\"},{\"@type\":\"ListItem\",\"position\":2,\"name\":\"\u00abLos precios seguir\u00e1n subiendo hasta alcanzar el punto de equilibrio\u00bb\"}]},{\"@type\":\"WebSite\",\"@id\":\"https:\\\/\\\/www.eldiariodetucuman.com\\\/web\\\/#website\",\"url\":\"https:\\\/\\\/www.eldiariodetucuman.com\\\/web\\\/\",\"name\":\"El Diario de Tucuman\",\"description\":\"Diario Tucuman - Informaci\u00f3n y noticias\",\"publisher\":{\"@id\":\"https:\\\/\\\/www.eldiariodetucuman.com\\\/web\\\/#organization\"},\"potentialAction\":[{\"@type\":\"SearchAction\",\"target\":{\"@type\":\"EntryPoint\",\"urlTemplate\":\"https:\\\/\\\/www.eldiariodetucuman.com\\\/web\\\/?s={search_term_string}\"},\"query-input\":{\"@type\":\"PropertyValueSpecification\",\"valueRequired\":true,\"valueName\":\"search_term_string\"}}],\"inLanguage\":\"es\"},{\"@type\":\"Organization\",\"@id\":\"https:\\\/\\\/www.eldiariodetucuman.com\\\/web\\\/#organization\",\"name\":\"El Diario de Tucuman\",\"url\":\"https:\\\/\\\/www.eldiariodetucuman.com\\\/web\\\/\",\"logo\":{\"@type\":\"ImageObject\",\"inLanguage\":\"es\",\"@id\":\"https:\\\/\\\/www.eldiariodetucuman.com\\\/web\\\/#\\\/schema\\\/logo\\\/image\\\/\",\"url\":\"http:\\\/\\\/www.eldiariodetucuman.com\\\/web\\\/wp-content\\\/uploads\\\/2017\\\/12\\\/el-diario-de-tucuman.jpg\",\"contentUrl\":\"http:\\\/\\\/www.eldiariodetucuman.com\\\/web\\\/wp-content\\\/uploads\\\/2017\\\/12\\\/el-diario-de-tucuman.jpg\",\"width\":272,\"height\":92,\"caption\":\"El Diario de Tucuman\"},\"image\":{\"@id\":\"https:\\\/\\\/www.eldiariodetucuman.com\\\/web\\\/#\\\/schema\\\/logo\\\/image\\\/\"}},{\"@type\":\"Person\",\"@id\":\"https:\\\/\\\/www.eldiariodetucuman.com\\\/web\\\/#\\\/schema\\\/person\\\/9250197d75ab5483412e19678b121caa\",\"name\":\"admin\",\"image\":{\"@type\":\"ImageObject\",\"inLanguage\":\"es\",\"@id\":\"https:\\\/\\\/secure.gravatar.com\\\/avatar\\\/c44d117c2be811212c22cb481f6b8384b6873de103fbc49e7a03cc58d7dea4ac?s=96&d=mm&r=g\",\"url\":\"https:\\\/\\\/secure.gravatar.com\\\/avatar\\\/c44d117c2be811212c22cb481f6b8384b6873de103fbc49e7a03cc58d7dea4ac?s=96&d=mm&r=g\",\"contentUrl\":\"https:\\\/\\\/secure.gravatar.com\\\/avatar\\\/c44d117c2be811212c22cb481f6b8384b6873de103fbc49e7a03cc58d7dea4ac?s=96&d=mm&r=g\",\"caption\":\"admin\"},\"url\":\"https:\\\/\\\/www.eldiariodetucuman.com\\\/web\\\/author\\\/admin\\\/\"}]}<\/script>\n<!-- \/ Yoast SEO plugin. -->","yoast_head_json":{"title":"\"Los precios seguir\u00e1n subiendo hasta alcanzar el punto de equilibrio\" - El Diario de Tucuman","robots":{"index":"index","follow":"follow","max-snippet":"max-snippet:-1","max-image-preview":"max-image-preview:large","max-video-preview":"max-video-preview:-1"},"canonical":"https:\/\/www.eldiariodetucuman.com\/web\/los-precios-seguiran-subiendo-hasta-alcanzar-el-punto-de-equilibrio\/","og_locale":"es_ES","og_type":"article","og_title":"\"Los precios seguir\u00e1n subiendo hasta alcanzar el punto de equilibrio\" - El Diario de Tucuman","og_description":"El Presidente de la Federaci\u00f3n de Entidades de Combustibles (FEC), Julio Alonso, se mostr\u00f3 preocupado por la rentabilidad de las expendedoras de combustibles en el nuevo contexto de aumentos permanentes. El principal temor ronda alrededor de la estabilidad de las estaciones de servicio, ya que se advierte que la nafta podr\u00eda llegar a los $50 [&hellip;]","og_url":"https:\/\/www.eldiariodetucuman.com\/web\/los-precios-seguiran-subiendo-hasta-alcanzar-el-punto-de-equilibrio\/","og_site_name":"El Diario de Tucuman","article_published_time":"2018-09-01T15:36:49+00:00","article_modified_time":"2018-09-01T15:36:50+00:00","og_image":[{"width":960,"height":639,"url":"https:\/\/www.eldiariodetucuman.com\/web\/wp-content\/uploads\/2018\/09\/1eb1e7dd608e723bc18acd898c65a341.jpeg","type":"image\/jpeg"}],"author":"admin","twitter_card":"summary_large_image","twitter_misc":{"Escrito por":"admin","Tiempo de lectura":"2 minutos"},"schema":{"@context":"https:\/\/schema.org","@graph":[{"@type":"Article","@id":"https:\/\/www.eldiariodetucuman.com\/web\/los-precios-seguiran-subiendo-hasta-alcanzar-el-punto-de-equilibrio\/#article","isPartOf":{"@id":"https:\/\/www.eldiariodetucuman.com\/web\/los-precios-seguiran-subiendo-hasta-alcanzar-el-punto-de-equilibrio\/"},"author":{"name":"admin","@id":"https:\/\/www.eldiariodetucuman.com\/web\/#\/schema\/person\/9250197d75ab5483412e19678b121caa"},"headline":"\u00abLos precios seguir\u00e1n subiendo hasta alcanzar el punto de equilibrio\u00bb","datePublished":"2018-09-01T15:36:49+00:00","dateModified":"2018-09-01T15:36:50+00:00","mainEntityOfPage":{"@id":"https:\/\/www.eldiariodetucuman.com\/web\/los-precios-seguiran-subiendo-hasta-alcanzar-el-punto-de-equilibrio\/"},"wordCount":319,"commentCount":0,"publisher":{"@id":"https:\/\/www.eldiariodetucuman.com\/web\/#organization"},"image":{"@id":"https:\/\/www.eldiariodetucuman.com\/web\/los-precios-seguiran-subiendo-hasta-alcanzar-el-punto-de-equilibrio\/#primaryimage"},"thumbnailUrl":"https:\/\/www.eldiariodetucuman.com\/web\/wp-content\/uploads\/2018\/09\/1eb1e7dd608e723bc18acd898c65a341.jpeg","articleSection":["Portada"],"inLanguage":"es","potentialAction":[{"@type":"CommentAction","name":"Comment","target":["https:\/\/www.eldiariodetucuman.com\/web\/los-precios-seguiran-subiendo-hasta-alcanzar-el-punto-de-equilibrio\/#respond"]}]},{"@type":"WebPage","@id":"https:\/\/www.eldiariodetucuman.com\/web\/los-precios-seguiran-subiendo-hasta-alcanzar-el-punto-de-equilibrio\/","url":"https:\/\/www.eldiariodetucuman.com\/web\/los-precios-seguiran-subiendo-hasta-alcanzar-el-punto-de-equilibrio\/","name":"\"Los precios seguir\u00e1n subiendo hasta alcanzar el punto de equilibrio\" - El Diario de Tucuman","isPartOf":{"@id":"https:\/\/www.eldiariodetucuman.com\/web\/#website"},"primaryImageOfPage":{"@id":"https:\/\/www.eldiariodetucuman.com\/web\/los-precios-seguiran-subiendo-hasta-alcanzar-el-punto-de-equilibrio\/#primaryimage"},"image":{"@id":"https:\/\/www.eldiariodetucuman.com\/web\/los-precios-seguiran-subiendo-hasta-alcanzar-el-punto-de-equilibrio\/#primaryimage"},"thumbnailUrl":"https:\/\/www.eldiariodetucuman.com\/web\/wp-content\/uploads\/2018\/09\/1eb1e7dd608e723bc18acd898c65a341.jpeg","datePublished":"2018-09-01T15:36:49+00:00","dateModified":"2018-09-01T15:36:50+00:00","breadcrumb":{"@id":"https:\/\/www.eldiariodetucuman.com\/web\/los-precios-seguiran-subiendo-hasta-alcanzar-el-punto-de-equilibrio\/#breadcrumb"},"inLanguage":"es","potentialAction":[{"@type":"ReadAction","target":["https:\/\/www.eldiariodetucuman.com\/web\/los-precios-seguiran-subiendo-hasta-alcanzar-el-punto-de-equilibrio\/"]}]},{"@type":"ImageObject","inLanguage":"es","@id":"https:\/\/www.eldiariodetucuman.com\/web\/los-precios-seguiran-subiendo-hasta-alcanzar-el-punto-de-equilibrio\/#primaryimage","url":"https:\/\/www.eldiariodetucuman.com\/web\/wp-content\/uploads\/2018\/09\/1eb1e7dd608e723bc18acd898c65a341.jpeg","contentUrl":"https:\/\/www.eldiariodetucuman.com\/web\/wp-content\/uploads\/2018\/09\/1eb1e7dd608e723bc18acd898c65a341.jpeg","width":960,"height":639},{"@type":"BreadcrumbList","@id":"https:\/\/www.eldiariodetucuman.com\/web\/los-precios-seguiran-subiendo-hasta-alcanzar-el-punto-de-equilibrio\/#breadcrumb","itemListElement":[{"@type":"ListItem","position":1,"name":"Portada","item":"https:\/\/www.eldiariodetucuman.com\/web\/"},{"@type":"ListItem","position":2,"name":"\u00abLos precios seguir\u00e1n subiendo hasta alcanzar el punto de equilibrio\u00bb"}]},{"@type":"WebSite","@id":"https:\/\/www.eldiariodetucuman.com\/web\/#website","url":"https:\/\/www.eldiariodetucuman.com\/web\/","name":"El Diario de Tucuman","description":"Diario Tucuman - Informaci\u00f3n y noticias","publisher":{"@id":"https:\/\/www.eldiariodetucuman.com\/web\/#organization"},"potentialAction":[{"@type":"SearchAction","target":{"@type":"EntryPoint","urlTemplate":"https:\/\/www.eldiariodetucuman.com\/web\/?s={search_term_string}"},"query-input":{"@type":"PropertyValueSpecification","valueRequired":true,"valueName":"search_term_string"}}],"inLanguage":"es"},{"@type":"Organization","@id":"https:\/\/www.eldiariodetucuman.com\/web\/#organization","name":"El Diario de Tucuman","url":"https:\/\/www.eldiariodetucuman.com\/web\/","logo":{"@type":"ImageObject","inLanguage":"es","@id":"https:\/\/www.eldiariodetucuman.com\/web\/#\/schema\/logo\/image\/","url":"http:\/\/www.eldiariodetucuman.com\/web\/wp-content\/uploads\/2017\/12\/el-diario-de-tucuman.jpg","contentUrl":"http:\/\/www.eldiariodetucuman.com\/web\/wp-content\/uploads\/2017\/12\/el-diario-de-tucuman.jpg","width":272,"height":92,"caption":"El Diario de Tucuman"},"image":{"@id":"https:\/\/www.eldiariodetucuman.com\/web\/#\/schema\/logo\/image\/"}},{"@type":"Person","@id":"https:\/\/www.eldiariodetucuman.com\/web\/#\/schema\/person\/9250197d75ab5483412e19678b121caa","name":"admin","image":{"@type":"ImageObject","inLanguage":"es","@id":"https:\/\/secure.gravatar.com\/avatar\/c44d117c2be811212c22cb481f6b8384b6873de103fbc49e7a03cc58d7dea4ac?s=96&d=mm&r=g","url":"https:\/\/secure.gravatar.com\/avatar\/c44d117c2be811212c22cb481f6b8384b6873de103fbc49e7a03cc58d7dea4ac?s=96&d=mm&r=g","contentUrl":"https:\/\/secure.gravatar.com\/avatar\/c44d117c2be811212c22cb481f6b8384b6873de103fbc49e7a03cc58d7dea4ac?s=96&d=mm&r=g","caption":"admin"},"url":"https:\/\/www.eldiariodetucuman.com\/web\/author\/admin\/"}]}},"_links":{"self":[{"href":"https:\/\/www.eldiariodetucuman.com\/web\/wp-json\/wp\/v2\/posts\/16124","targetHints":{"allow":["GET"]}}],"collection":[{"href":"https:\/\/www.eldiariodetucuman.com\/web\/wp-json\/wp\/v2\/posts"}],"about":[{"href":"https:\/\/www.eldiariodetucuman.com\/web\/wp-json\/wp\/v2\/types\/post"}],"author":[{"embeddable":true,"href":"https:\/\/www.eldiariodetucuman.com\/web\/wp-json\/wp\/v2\/users\/1"}],"replies":[{"embeddable":true,"href":"https:\/\/www.eldiariodetucuman.com\/web\/wp-json\/wp\/v2\/comments?post=16124"}],"version-history":[{"count":1,"href":"https:\/\/www.eldiariodetucuman.com\/web\/wp-json\/wp\/v2\/posts\/16124\/revisions"}],"predecessor-version":[{"id":16126,"href":"https:\/\/www.eldiariodetucuman.com\/web\/wp-json\/wp\/v2\/posts\/16124\/revisions\/16126"}],"wp:featuredmedia":[{"embeddable":true,"href":"https:\/\/www.eldiariodetucuman.com\/web\/wp-json\/wp\/v2\/media\/16125"}],"wp:attachment":[{"href":"https:\/\/www.eldiariodetucuman.com\/web\/wp-json\/wp\/v2\/media?parent=16124"}],"wp:term":[{"taxonomy":"category","embeddable":true,"href":"https:\/\/www.eldiariodetucuman.com\/web\/wp-json\/wp\/v2\/categories?post=16124"},{"taxonomy":"post_tag","embeddable":true,"href":"https:\/\/www.eldiariodetucuman.com\/web\/wp-json\/wp\/v2\/tags?post=16124"}],"curies":[{"name":"wp","href":"https:\/\/api.w.org\/{rel}","templated":true}]}}