{"id":16118,"date":"2018-09-01T11:42:59","date_gmt":"2018-09-01T14:42:59","guid":{"rendered":"http:\/\/www.eldiariodetucuman.com\/web\/pelegrina-sobre-las-retenciones-son-los-mismos-rumores-de-la-vez-pasada\/"},"modified":"2018-09-01T11:43:00","modified_gmt":"2018-09-01T14:43:00","slug":"pelegrina-sobre-las-retenciones-son-los-mismos-rumores-de-la-vez-pasada","status":"publish","type":"post","link":"https:\/\/www.eldiariodetucuman.com\/web\/pelegrina-sobre-las-retenciones-son-los-mismos-rumores-de-la-vez-pasada\/","title":{"rendered":"Pelegrina sobre las retenciones: \u00abSon los mismos rumores de la vez pasada\u00bb"},"content":{"rendered":"<div>\n<div readability=\"44.960804020101\">\n<p>El titular de la Sociedad Rural Argentina, <a href=\"https:\/\/www.elintransigente.com\/noticias\/buscar\/?buscar=Daniel+Pelegrina\">Daniel Pelegrina<\/a>, opin\u00f3 sobre el recorte de los derechos a la exportaci\u00f3n de la soja, el ma\u00edz y el trigo. &#8220;<strong>Son los mismos rumores de la vez pasada<\/strong>. Lo que nosotros tenemos que hacer para conseguir m\u00e1s d\u00f3lares es seguir <strong>d\u00e1ndole la posibilidad al campo para que exprese todo su potencial<\/strong>&#8221;, indic\u00f3 Pelegrina esta ma\u00f1ana, en di\u00e1logo con el programa radial de Marcelo Bonelli.\u00a0<\/p>\n<p>&#8220;El cambio en este momento ser\u00eda malo para ese potencial. El campo est\u00e1 aportando una inversi\u00f3n de 12 millones de d\u00f3lares. Una <strong>cosecha r\u00e9cord para fin de a\u00f1o y adem\u00e1s eso va a traer d\u00f3lares<\/strong>, que es lo que necesitamos en este pa\u00eds. Vamos a contribuir con las exportaciones de carne. <strong>El campo ya est\u00e1 aportando<\/strong>, esto tambi\u00e9n se hace con el impuesto a las ganancias \u00ab, sentenci\u00f3 la m\u00e1xima autoridad de la Sociedad Rural.\u00a0<\/p>\n<aside class=\"htmlinline \"><ins class=\"adsbygoogle\" data-ad-layout=\"in-article\" data-ad-format=\"fluid\" data-ad-client=\"ca-pub-7781556717282971\" data-ad-slot=\"9383133609\"><\/ins><br \/>\n<\/aside>\n<p>Al ser consultado sobre si convers\u00f3 con el ministro de Agroindustria, Luis Miguel Etchevehere, que adem\u00e1s es amigo personal suyo, respondi\u00f3: &#8220;S\u00ed, hemos hablado con el Ministro. Pero adem\u00e1s vi la presentaci\u00f3n de Dante <strong>Sica donde habla de la baja a los impuestos y uno de los \u00edtems era que se continuaba con la baja de las retenciones a la soja<\/strong>. Lo escuch\u00e9 dos veces a Marcos Pe\u00f1a y nada se habl\u00f3 de esto. Por eso creo que el presidente Mauricio Macri tiene una visi\u00f3n muy clara con respecto a esto\u00bb.<\/p>\n<p>Luego de una semana adversa para Cambiemos en materia econ\u00f3mica,<a href=\"https:\/\/www.elintransigente.com\/economia\/2018\/8\/31\/por-miedo-retenciones-cerealeras-apuran-registros-de-exportacion-508907.html\"> las cerealeras definieron apurar, por segundo d\u00eda consecutivo, sus registros de ventas de exportaci\u00f3n (DJVE) <\/a>para evitar abonar posibles retenciones. Desde este lunes, el Gobierno tuvo que enfrentar una semana m\u00e1s que adversa, que marc\u00f3 un pico de tensi\u00f3n luego de que el mi\u00e9rcoles.<\/p>\n<p>Antes de que abrieran los mercados, Mauricio Macri anunci\u00f3 una reestructuraci\u00f3n en el acuerdo con el FMI para &#8220;adelantar todos los fondos necesarios para garantizar el programa financiero del a\u00f1o pr\u00f3ximo&#8221;, una acci\u00f3n que llev\u00f3 al d\u00f3lar a los 34 pesos.<br \/>\n\u00a0<\/p>\n<\/div>\n<\/div>\n<p>Fuente: https:\/\/www.elintransigente.com\/politica\/2018\/9\/1\/pelegrina-sobre-las-retenciones-son-los-mismos-rumores-de-la-vez-pasada-508979.html<\/p>\n","protected":false},"excerpt":{"rendered":"<p>El titular de la Sociedad Rural Argentina, Daniel Pelegrina, opin\u00f3 sobre el recorte de los derechos a la exportaci\u00f3n de la soja, el ma\u00edz y el trigo. &#8220;Son los mismos rumores de la vez pasada. Lo que nosotros tenemos que hacer para conseguir m\u00e1s d\u00f3lares es seguir d\u00e1ndole la posibilidad al campo para que exprese [&hellip;]<\/p>\n","protected":false},"author":1,"featured_media":16119,"comment_status":"open","ping_status":"closed","sticky":false,"template":"","format":"standard","meta":{"footnotes":""},"categories":[1],"tags":[],"class_list":{"0":"post-16118","1":"post","2":"type-post","3":"status-publish","4":"format-standard","5":"has-post-thumbnail","7":"category-portada"},"yoast_head":"<!-- This site is optimized with the Yoast SEO plugin v27.4 - https:\/\/yoast.com\/product\/yoast-seo-wordpress\/ -->\n<title>Pelegrina sobre las retenciones: &quot;Son los mismos rumores de la vez pasada&quot; - El Diario de Tucuman<\/title>\n<meta name=\"robots\" content=\"index, follow, max-snippet:-1, max-image-preview:large, max-video-preview:-1\" \/>\n<link rel=\"canonical\" href=\"https:\/\/www.eldiariodetucuman.com\/web\/pelegrina-sobre-las-retenciones-son-los-mismos-rumores-de-la-vez-pasada\/\" \/>\n<meta property=\"og:locale\" content=\"es_ES\" \/>\n<meta property=\"og:type\" content=\"article\" \/>\n<meta property=\"og:title\" content=\"Pelegrina sobre las retenciones: &quot;Son los mismos rumores de la vez pasada&quot; - El Diario de Tucuman\" \/>\n<meta property=\"og:description\" content=\"El titular de la Sociedad Rural Argentina, Daniel Pelegrina, opin\u00f3 sobre el recorte de los derechos a la exportaci\u00f3n de la soja, el ma\u00edz y el trigo. &#8220;Son los mismos rumores de la vez pasada. Lo que nosotros tenemos que hacer para conseguir m\u00e1s d\u00f3lares es seguir d\u00e1ndole la posibilidad al campo para que exprese [&hellip;]\" \/>\n<meta property=\"og:url\" content=\"https:\/\/www.eldiariodetucuman.com\/web\/pelegrina-sobre-las-retenciones-son-los-mismos-rumores-de-la-vez-pasada\/\" \/>\n<meta property=\"og:site_name\" content=\"El Diario de Tucuman\" \/>\n<meta property=\"article:published_time\" content=\"2018-09-01T14:42:59+00:00\" \/>\n<meta property=\"article:modified_time\" content=\"2018-09-01T14:43:00+00:00\" \/>\n<meta property=\"og:image\" content=\"https:\/\/www.eldiariodetucuman.com\/web\/wp-content\/uploads\/2018\/09\/47a99ea74ad5daf514f5a93925fdad4c.jpeg\" \/>\n\t<meta property=\"og:image:width\" content=\"960\" \/>\n\t<meta property=\"og:image:height\" content=\"539\" \/>\n\t<meta property=\"og:image:type\" content=\"image\/jpeg\" \/>\n<meta name=\"author\" content=\"admin\" \/>\n<meta name=\"twitter:card\" content=\"summary_large_image\" \/>\n<meta name=\"twitter:label1\" content=\"Escrito por\" \/>\n\t<meta name=\"twitter:data1\" content=\"admin\" \/>\n\t<meta name=\"twitter:label2\" content=\"Tiempo de lectura\" \/>\n\t<meta name=\"twitter:data2\" content=\"2 minutos\" \/>\n<script type=\"application\/ld+json\" class=\"yoast-schema-graph\">{\"@context\":\"https:\\\/\\\/schema.org\",\"@graph\":[{\"@type\":\"Article\",\"@id\":\"https:\\\/\\\/www.eldiariodetucuman.com\\\/web\\\/pelegrina-sobre-las-retenciones-son-los-mismos-rumores-de-la-vez-pasada\\\/#article\",\"isPartOf\":{\"@id\":\"https:\\\/\\\/www.eldiariodetucuman.com\\\/web\\\/pelegrina-sobre-las-retenciones-son-los-mismos-rumores-de-la-vez-pasada\\\/\"},\"author\":{\"name\":\"admin\",\"@id\":\"https:\\\/\\\/www.eldiariodetucuman.com\\\/web\\\/#\\\/schema\\\/person\\\/9250197d75ab5483412e19678b121caa\"},\"headline\":\"Pelegrina sobre las retenciones: \u00abSon los mismos rumores de la vez pasada\u00bb\",\"datePublished\":\"2018-09-01T14:42:59+00:00\",\"dateModified\":\"2018-09-01T14:43:00+00:00\",\"mainEntityOfPage\":{\"@id\":\"https:\\\/\\\/www.eldiariodetucuman.com\\\/web\\\/pelegrina-sobre-las-retenciones-son-los-mismos-rumores-de-la-vez-pasada\\\/\"},\"wordCount\":382,\"commentCount\":0,\"publisher\":{\"@id\":\"https:\\\/\\\/www.eldiariodetucuman.com\\\/web\\\/#organization\"},\"image\":{\"@id\":\"https:\\\/\\\/www.eldiariodetucuman.com\\\/web\\\/pelegrina-sobre-las-retenciones-son-los-mismos-rumores-de-la-vez-pasada\\\/#primaryimage\"},\"thumbnailUrl\":\"https:\\\/\\\/www.eldiariodetucuman.com\\\/web\\\/wp-content\\\/uploads\\\/2018\\\/09\\\/47a99ea74ad5daf514f5a93925fdad4c.jpeg\",\"articleSection\":[\"Portada\"],\"inLanguage\":\"es\",\"potentialAction\":[{\"@type\":\"CommentAction\",\"name\":\"Comment\",\"target\":[\"https:\\\/\\\/www.eldiariodetucuman.com\\\/web\\\/pelegrina-sobre-las-retenciones-son-los-mismos-rumores-de-la-vez-pasada\\\/#respond\"]}]},{\"@type\":\"WebPage\",\"@id\":\"https:\\\/\\\/www.eldiariodetucuman.com\\\/web\\\/pelegrina-sobre-las-retenciones-son-los-mismos-rumores-de-la-vez-pasada\\\/\",\"url\":\"https:\\\/\\\/www.eldiariodetucuman.com\\\/web\\\/pelegrina-sobre-las-retenciones-son-los-mismos-rumores-de-la-vez-pasada\\\/\",\"name\":\"Pelegrina sobre las retenciones: \\\"Son los mismos rumores de la vez pasada\\\" - El Diario de Tucuman\",\"isPartOf\":{\"@id\":\"https:\\\/\\\/www.eldiariodetucuman.com\\\/web\\\/#website\"},\"primaryImageOfPage\":{\"@id\":\"https:\\\/\\\/www.eldiariodetucuman.com\\\/web\\\/pelegrina-sobre-las-retenciones-son-los-mismos-rumores-de-la-vez-pasada\\\/#primaryimage\"},\"image\":{\"@id\":\"https:\\\/\\\/www.eldiariodetucuman.com\\\/web\\\/pelegrina-sobre-las-retenciones-son-los-mismos-rumores-de-la-vez-pasada\\\/#primaryimage\"},\"thumbnailUrl\":\"https:\\\/\\\/www.eldiariodetucuman.com\\\/web\\\/wp-content\\\/uploads\\\/2018\\\/09\\\/47a99ea74ad5daf514f5a93925fdad4c.jpeg\",\"datePublished\":\"2018-09-01T14:42:59+00:00\",\"dateModified\":\"2018-09-01T14:43:00+00:00\",\"breadcrumb\":{\"@id\":\"https:\\\/\\\/www.eldiariodetucuman.com\\\/web\\\/pelegrina-sobre-las-retenciones-son-los-mismos-rumores-de-la-vez-pasada\\\/#breadcrumb\"},\"inLanguage\":\"es\",\"potentialAction\":[{\"@type\":\"ReadAction\",\"target\":[\"https:\\\/\\\/www.eldiariodetucuman.com\\\/web\\\/pelegrina-sobre-las-retenciones-son-los-mismos-rumores-de-la-vez-pasada\\\/\"]}]},{\"@type\":\"ImageObject\",\"inLanguage\":\"es\",\"@id\":\"https:\\\/\\\/www.eldiariodetucuman.com\\\/web\\\/pelegrina-sobre-las-retenciones-son-los-mismos-rumores-de-la-vez-pasada\\\/#primaryimage\",\"url\":\"https:\\\/\\\/www.eldiariodetucuman.com\\\/web\\\/wp-content\\\/uploads\\\/2018\\\/09\\\/47a99ea74ad5daf514f5a93925fdad4c.jpeg\",\"contentUrl\":\"https:\\\/\\\/www.eldiariodetucuman.com\\\/web\\\/wp-content\\\/uploads\\\/2018\\\/09\\\/47a99ea74ad5daf514f5a93925fdad4c.jpeg\",\"width\":960,\"height\":539},{\"@type\":\"BreadcrumbList\",\"@id\":\"https:\\\/\\\/www.eldiariodetucuman.com\\\/web\\\/pelegrina-sobre-las-retenciones-son-los-mismos-rumores-de-la-vez-pasada\\\/#breadcrumb\",\"itemListElement\":[{\"@type\":\"ListItem\",\"position\":1,\"name\":\"Portada\",\"item\":\"https:\\\/\\\/www.eldiariodetucuman.com\\\/web\\\/\"},{\"@type\":\"ListItem\",\"position\":2,\"name\":\"Pelegrina sobre las retenciones: \u00abSon los mismos rumores de la vez pasada\u00bb\"}]},{\"@type\":\"WebSite\",\"@id\":\"https:\\\/\\\/www.eldiariodetucuman.com\\\/web\\\/#website\",\"url\":\"https:\\\/\\\/www.eldiariodetucuman.com\\\/web\\\/\",\"name\":\"El Diario de Tucuman\",\"description\":\"Diario Tucuman - Informaci\u00f3n y noticias\",\"publisher\":{\"@id\":\"https:\\\/\\\/www.eldiariodetucuman.com\\\/web\\\/#organization\"},\"potentialAction\":[{\"@type\":\"SearchAction\",\"target\":{\"@type\":\"EntryPoint\",\"urlTemplate\":\"https:\\\/\\\/www.eldiariodetucuman.com\\\/web\\\/?s={search_term_string}\"},\"query-input\":{\"@type\":\"PropertyValueSpecification\",\"valueRequired\":true,\"valueName\":\"search_term_string\"}}],\"inLanguage\":\"es\"},{\"@type\":\"Organization\",\"@id\":\"https:\\\/\\\/www.eldiariodetucuman.com\\\/web\\\/#organization\",\"name\":\"El Diario de Tucuman\",\"url\":\"https:\\\/\\\/www.eldiariodetucuman.com\\\/web\\\/\",\"logo\":{\"@type\":\"ImageObject\",\"inLanguage\":\"es\",\"@id\":\"https:\\\/\\\/www.eldiariodetucuman.com\\\/web\\\/#\\\/schema\\\/logo\\\/image\\\/\",\"url\":\"http:\\\/\\\/www.eldiariodetucuman.com\\\/web\\\/wp-content\\\/uploads\\\/2017\\\/12\\\/el-diario-de-tucuman.jpg\",\"contentUrl\":\"http:\\\/\\\/www.eldiariodetucuman.com\\\/web\\\/wp-content\\\/uploads\\\/2017\\\/12\\\/el-diario-de-tucuman.jpg\",\"width\":272,\"height\":92,\"caption\":\"El Diario de Tucuman\"},\"image\":{\"@id\":\"https:\\\/\\\/www.eldiariodetucuman.com\\\/web\\\/#\\\/schema\\\/logo\\\/image\\\/\"}},{\"@type\":\"Person\",\"@id\":\"https:\\\/\\\/www.eldiariodetucuman.com\\\/web\\\/#\\\/schema\\\/person\\\/9250197d75ab5483412e19678b121caa\",\"name\":\"admin\",\"image\":{\"@type\":\"ImageObject\",\"inLanguage\":\"es\",\"@id\":\"https:\\\/\\\/secure.gravatar.com\\\/avatar\\\/c44d117c2be811212c22cb481f6b8384b6873de103fbc49e7a03cc58d7dea4ac?s=96&d=mm&r=g\",\"url\":\"https:\\\/\\\/secure.gravatar.com\\\/avatar\\\/c44d117c2be811212c22cb481f6b8384b6873de103fbc49e7a03cc58d7dea4ac?s=96&d=mm&r=g\",\"contentUrl\":\"https:\\\/\\\/secure.gravatar.com\\\/avatar\\\/c44d117c2be811212c22cb481f6b8384b6873de103fbc49e7a03cc58d7dea4ac?s=96&d=mm&r=g\",\"caption\":\"admin\"},\"url\":\"https:\\\/\\\/www.eldiariodetucuman.com\\\/web\\\/author\\\/admin\\\/\"}]}<\/script>\n<!-- \/ Yoast SEO plugin. -->","yoast_head_json":{"title":"Pelegrina sobre las retenciones: \"Son los mismos rumores de la vez pasada\" - El Diario de Tucuman","robots":{"index":"index","follow":"follow","max-snippet":"max-snippet:-1","max-image-preview":"max-image-preview:large","max-video-preview":"max-video-preview:-1"},"canonical":"https:\/\/www.eldiariodetucuman.com\/web\/pelegrina-sobre-las-retenciones-son-los-mismos-rumores-de-la-vez-pasada\/","og_locale":"es_ES","og_type":"article","og_title":"Pelegrina sobre las retenciones: \"Son los mismos rumores de la vez pasada\" - El Diario de Tucuman","og_description":"El titular de la Sociedad Rural Argentina, Daniel Pelegrina, opin\u00f3 sobre el recorte de los derechos a la exportaci\u00f3n de la soja, el ma\u00edz y el trigo. &#8220;Son los mismos rumores de la vez pasada. Lo que nosotros tenemos que hacer para conseguir m\u00e1s d\u00f3lares es seguir d\u00e1ndole la posibilidad al campo para que exprese [&hellip;]","og_url":"https:\/\/www.eldiariodetucuman.com\/web\/pelegrina-sobre-las-retenciones-son-los-mismos-rumores-de-la-vez-pasada\/","og_site_name":"El Diario de Tucuman","article_published_time":"2018-09-01T14:42:59+00:00","article_modified_time":"2018-09-01T14:43:00+00:00","og_image":[{"width":960,"height":539,"url":"https:\/\/www.eldiariodetucuman.com\/web\/wp-content\/uploads\/2018\/09\/47a99ea74ad5daf514f5a93925fdad4c.jpeg","type":"image\/jpeg"}],"author":"admin","twitter_card":"summary_large_image","twitter_misc":{"Escrito por":"admin","Tiempo de lectura":"2 minutos"},"schema":{"@context":"https:\/\/schema.org","@graph":[{"@type":"Article","@id":"https:\/\/www.eldiariodetucuman.com\/web\/pelegrina-sobre-las-retenciones-son-los-mismos-rumores-de-la-vez-pasada\/#article","isPartOf":{"@id":"https:\/\/www.eldiariodetucuman.com\/web\/pelegrina-sobre-las-retenciones-son-los-mismos-rumores-de-la-vez-pasada\/"},"author":{"name":"admin","@id":"https:\/\/www.eldiariodetucuman.com\/web\/#\/schema\/person\/9250197d75ab5483412e19678b121caa"},"headline":"Pelegrina sobre las retenciones: \u00abSon los mismos rumores de la vez pasada\u00bb","datePublished":"2018-09-01T14:42:59+00:00","dateModified":"2018-09-01T14:43:00+00:00","mainEntityOfPage":{"@id":"https:\/\/www.eldiariodetucuman.com\/web\/pelegrina-sobre-las-retenciones-son-los-mismos-rumores-de-la-vez-pasada\/"},"wordCount":382,"commentCount":0,"publisher":{"@id":"https:\/\/www.eldiariodetucuman.com\/web\/#organization"},"image":{"@id":"https:\/\/www.eldiariodetucuman.com\/web\/pelegrina-sobre-las-retenciones-son-los-mismos-rumores-de-la-vez-pasada\/#primaryimage"},"thumbnailUrl":"https:\/\/www.eldiariodetucuman.com\/web\/wp-content\/uploads\/2018\/09\/47a99ea74ad5daf514f5a93925fdad4c.jpeg","articleSection":["Portada"],"inLanguage":"es","potentialAction":[{"@type":"CommentAction","name":"Comment","target":["https:\/\/www.eldiariodetucuman.com\/web\/pelegrina-sobre-las-retenciones-son-los-mismos-rumores-de-la-vez-pasada\/#respond"]}]},{"@type":"WebPage","@id":"https:\/\/www.eldiariodetucuman.com\/web\/pelegrina-sobre-las-retenciones-son-los-mismos-rumores-de-la-vez-pasada\/","url":"https:\/\/www.eldiariodetucuman.com\/web\/pelegrina-sobre-las-retenciones-son-los-mismos-rumores-de-la-vez-pasada\/","name":"Pelegrina sobre las retenciones: \"Son los mismos rumores de la vez pasada\" - El Diario de Tucuman","isPartOf":{"@id":"https:\/\/www.eldiariodetucuman.com\/web\/#website"},"primaryImageOfPage":{"@id":"https:\/\/www.eldiariodetucuman.com\/web\/pelegrina-sobre-las-retenciones-son-los-mismos-rumores-de-la-vez-pasada\/#primaryimage"},"image":{"@id":"https:\/\/www.eldiariodetucuman.com\/web\/pelegrina-sobre-las-retenciones-son-los-mismos-rumores-de-la-vez-pasada\/#primaryimage"},"thumbnailUrl":"https:\/\/www.eldiariodetucuman.com\/web\/wp-content\/uploads\/2018\/09\/47a99ea74ad5daf514f5a93925fdad4c.jpeg","datePublished":"2018-09-01T14:42:59+00:00","dateModified":"2018-09-01T14:43:00+00:00","breadcrumb":{"@id":"https:\/\/www.eldiariodetucuman.com\/web\/pelegrina-sobre-las-retenciones-son-los-mismos-rumores-de-la-vez-pasada\/#breadcrumb"},"inLanguage":"es","potentialAction":[{"@type":"ReadAction","target":["https:\/\/www.eldiariodetucuman.com\/web\/pelegrina-sobre-las-retenciones-son-los-mismos-rumores-de-la-vez-pasada\/"]}]},{"@type":"ImageObject","inLanguage":"es","@id":"https:\/\/www.eldiariodetucuman.com\/web\/pelegrina-sobre-las-retenciones-son-los-mismos-rumores-de-la-vez-pasada\/#primaryimage","url":"https:\/\/www.eldiariodetucuman.com\/web\/wp-content\/uploads\/2018\/09\/47a99ea74ad5daf514f5a93925fdad4c.jpeg","contentUrl":"https:\/\/www.eldiariodetucuman.com\/web\/wp-content\/uploads\/2018\/09\/47a99ea74ad5daf514f5a93925fdad4c.jpeg","width":960,"height":539},{"@type":"BreadcrumbList","@id":"https:\/\/www.eldiariodetucuman.com\/web\/pelegrina-sobre-las-retenciones-son-los-mismos-rumores-de-la-vez-pasada\/#breadcrumb","itemListElement":[{"@type":"ListItem","position":1,"name":"Portada","item":"https:\/\/www.eldiariodetucuman.com\/web\/"},{"@type":"ListItem","position":2,"name":"Pelegrina sobre las retenciones: \u00abSon los mismos rumores de la vez pasada\u00bb"}]},{"@type":"WebSite","@id":"https:\/\/www.eldiariodetucuman.com\/web\/#website","url":"https:\/\/www.eldiariodetucuman.com\/web\/","name":"El Diario de Tucuman","description":"Diario Tucuman - Informaci\u00f3n y noticias","publisher":{"@id":"https:\/\/www.eldiariodetucuman.com\/web\/#organization"},"potentialAction":[{"@type":"SearchAction","target":{"@type":"EntryPoint","urlTemplate":"https:\/\/www.eldiariodetucuman.com\/web\/?s={search_term_string}"},"query-input":{"@type":"PropertyValueSpecification","valueRequired":true,"valueName":"search_term_string"}}],"inLanguage":"es"},{"@type":"Organization","@id":"https:\/\/www.eldiariodetucuman.com\/web\/#organization","name":"El Diario de Tucuman","url":"https:\/\/www.eldiariodetucuman.com\/web\/","logo":{"@type":"ImageObject","inLanguage":"es","@id":"https:\/\/www.eldiariodetucuman.com\/web\/#\/schema\/logo\/image\/","url":"http:\/\/www.eldiariodetucuman.com\/web\/wp-content\/uploads\/2017\/12\/el-diario-de-tucuman.jpg","contentUrl":"http:\/\/www.eldiariodetucuman.com\/web\/wp-content\/uploads\/2017\/12\/el-diario-de-tucuman.jpg","width":272,"height":92,"caption":"El Diario de Tucuman"},"image":{"@id":"https:\/\/www.eldiariodetucuman.com\/web\/#\/schema\/logo\/image\/"}},{"@type":"Person","@id":"https:\/\/www.eldiariodetucuman.com\/web\/#\/schema\/person\/9250197d75ab5483412e19678b121caa","name":"admin","image":{"@type":"ImageObject","inLanguage":"es","@id":"https:\/\/secure.gravatar.com\/avatar\/c44d117c2be811212c22cb481f6b8384b6873de103fbc49e7a03cc58d7dea4ac?s=96&d=mm&r=g","url":"https:\/\/secure.gravatar.com\/avatar\/c44d117c2be811212c22cb481f6b8384b6873de103fbc49e7a03cc58d7dea4ac?s=96&d=mm&r=g","contentUrl":"https:\/\/secure.gravatar.com\/avatar\/c44d117c2be811212c22cb481f6b8384b6873de103fbc49e7a03cc58d7dea4ac?s=96&d=mm&r=g","caption":"admin"},"url":"https:\/\/www.eldiariodetucuman.com\/web\/author\/admin\/"}]}},"_links":{"self":[{"href":"https:\/\/www.eldiariodetucuman.com\/web\/wp-json\/wp\/v2\/posts\/16118","targetHints":{"allow":["GET"]}}],"collection":[{"href":"https:\/\/www.eldiariodetucuman.com\/web\/wp-json\/wp\/v2\/posts"}],"about":[{"href":"https:\/\/www.eldiariodetucuman.com\/web\/wp-json\/wp\/v2\/types\/post"}],"author":[{"embeddable":true,"href":"https:\/\/www.eldiariodetucuman.com\/web\/wp-json\/wp\/v2\/users\/1"}],"replies":[{"embeddable":true,"href":"https:\/\/www.eldiariodetucuman.com\/web\/wp-json\/wp\/v2\/comments?post=16118"}],"version-history":[{"count":1,"href":"https:\/\/www.eldiariodetucuman.com\/web\/wp-json\/wp\/v2\/posts\/16118\/revisions"}],"predecessor-version":[{"id":16120,"href":"https:\/\/www.eldiariodetucuman.com\/web\/wp-json\/wp\/v2\/posts\/16118\/revisions\/16120"}],"wp:featuredmedia":[{"embeddable":true,"href":"https:\/\/www.eldiariodetucuman.com\/web\/wp-json\/wp\/v2\/media\/16119"}],"wp:attachment":[{"href":"https:\/\/www.eldiariodetucuman.com\/web\/wp-json\/wp\/v2\/media?parent=16118"}],"wp:term":[{"taxonomy":"category","embeddable":true,"href":"https:\/\/www.eldiariodetucuman.com\/web\/wp-json\/wp\/v2\/categories?post=16118"},{"taxonomy":"post_tag","embeddable":true,"href":"https:\/\/www.eldiariodetucuman.com\/web\/wp-json\/wp\/v2\/tags?post=16118"}],"curies":[{"name":"wp","href":"https:\/\/api.w.org\/{rel}","templated":true}]}}