{"id":16115,"date":"2018-09-01T11:42:51","date_gmt":"2018-09-01T14:42:51","guid":{"rendered":"http:\/\/www.eldiariodetucuman.com\/web\/echarle-la-culpa-al-peronismo-me-parece-una-mentira-y-una-gran-injusticia\/"},"modified":"2018-09-01T11:42:53","modified_gmt":"2018-09-01T14:42:53","slug":"echarle-la-culpa-al-peronismo-me-parece-una-mentira-y-una-gran-injusticia","status":"publish","type":"post","link":"https:\/\/www.eldiariodetucuman.com\/web\/echarle-la-culpa-al-peronismo-me-parece-una-mentira-y-una-gran-injusticia\/","title":{"rendered":"\u00abEcharle la culpa al peronismo me parece una mentira y una gran injusticia\u00bb"},"content":{"rendered":"<div>\n<div readability=\"53.244\">\n<p>El jefe del Bloque Peronista en el Senado, <a href=\"https:\/\/www.elintransigente.com\/noticias\/buscar\/?buscar=Miguel+%C1ngel+Pichetto\">Miguel \u00c1ngel Pichetto<\/a>, analiz\u00f3 el desajuste econ\u00f3mico que atraviesa el pa\u00eds y opin\u00f3 sobre lo que podr\u00eda ocurrir con el <a href=\"https:\/\/www.elintransigente.com\/noticias\/buscar\/?buscar=d%F3lar\">d\u00f3lar<\/a>, la pr\u00f3xima semana. &#8220;<strong>Todos estamos preocupados<\/strong>, esperando que el gobierno pueda encontrar una senda de ordenamiento, de <strong>fijarle un techo al d\u00f3lar, de poder presentar un plan econ\u00f3mico<\/strong>&#8221;, indic\u00f3 esta ma\u00f1ana, en di\u00e1logo con el programa radial de Marcelo Bonelli.\u00a0<\/p>\n<p>&#8220;M\u00e1s all\u00e1 de las fragilidades en la pol\u00edtica, vemos la falta de un plan, un hacia d\u00f3nde vamos con la econom\u00eda argentina. Creo que es un tema que el presidente va a tener que definir para comunicarle a la gente. <strong>Me parece vital el di\u00e1logo con gobernadores<\/strong>, con rectores de las universidades. Me parece que es un momento donde hay que tener prudencia y di\u00e1logo\u00bb, remarc\u00f3 Picetto.\u00a0<\/p>\n<aside class=\"htmlinline \"><ins class=\"adsbygoogle\" data-ad-layout=\"in-article\" data-ad-format=\"fluid\" data-ad-client=\"ca-pub-7781556717282971\" data-ad-slot=\"9383133609\"><\/ins><br \/>\n<\/aside>\n<p>Y sostuvo: &#8220;Esto depende del gobierno y de los gobernadores, que tienen que discutir los recursos que la provincia puede recaudar. Vemos que <strong>hay algunos anuncios que el gobierno avanzar\u00eda en mejorar en retenciones<\/strong>. Ah\u00ed hablamos de ingresos. Las provincias, al discutir un presupuesto de recorte, hay que sentarlas en la mesa\u00bb.\u00a0<\/p>\n<p>En ese sentido, manifest\u00f3 la necesidad de &#8220;hacer hacer un consenso previo, federal\u00bb, en sinton\u00eda con el presupuesto para el 2019. En tanto, al ser consultado sobre algunos sectores del Gobierno que se\u00f1alan al peronismo como responsable de la crisis, respondi\u00f3: &#8220;Es totalmente injusto. Desde la jefatura de gabinete se confronta constantemente.<strong> Desde Dur\u00e1n Barba se cuestiona al peronismo<\/strong>&#8221;.\u00a0<\/p>\n<p>&#8220;El gobierno ha tenido todos los apoyos. Echarle la culpa al peronismo me parece una mentira y una gran injusticia. Puede hacer sectores minoritarios que esperan que al gobierno les vaya muy mal&#8230; pero no est\u00e1n en el peronismo.<strong> Al kirchnerismo lo veo como en posici\u00f3n de confrontaci\u00f3n<\/strong>. La ex presidente ha decidido correrse, este es el cuadro pol\u00edtico. El peronismo ha votado todo, ha discutido, ha dialogado&#8221;, sentenci\u00f3.\u00a0<br \/>\n\u00a0<\/p>\n<\/div>\n<\/div>\n<p>Fuente: https:\/\/www.elintransigente.com\/politica\/2018\/9\/1\/echarle-la-culpa-al-peronismo-me-parece-una-mentira-una-gran-injusticia-508984.html<\/p>\n","protected":false},"excerpt":{"rendered":"<p>El jefe del Bloque Peronista en el Senado, Miguel \u00c1ngel Pichetto, analiz\u00f3 el desajuste econ\u00f3mico que atraviesa el pa\u00eds y opin\u00f3 sobre lo que podr\u00eda ocurrir con el d\u00f3lar, la pr\u00f3xima semana. &#8220;Todos estamos preocupados, esperando que el gobierno pueda encontrar una senda de ordenamiento, de fijarle un techo al d\u00f3lar, de poder presentar un [&hellip;]<\/p>\n","protected":false},"author":1,"featured_media":16116,"comment_status":"open","ping_status":"closed","sticky":false,"template":"","format":"standard","meta":{"footnotes":""},"categories":[1],"tags":[],"class_list":{"0":"post-16115","1":"post","2":"type-post","3":"status-publish","4":"format-standard","5":"has-post-thumbnail","7":"category-portada"},"yoast_head":"<!-- This site is optimized with the Yoast SEO plugin v27.5 - https:\/\/yoast.com\/product\/yoast-seo-wordpress\/ -->\n<title>&quot;Echarle la culpa al peronismo me parece una mentira y una gran injusticia&quot; - El Diario de Tucuman<\/title>\n<meta name=\"robots\" content=\"index, follow, max-snippet:-1, max-image-preview:large, max-video-preview:-1\" \/>\n<link rel=\"canonical\" href=\"https:\/\/www.eldiariodetucuman.com\/web\/echarle-la-culpa-al-peronismo-me-parece-una-mentira-y-una-gran-injusticia\/\" \/>\n<meta property=\"og:locale\" content=\"es_ES\" \/>\n<meta property=\"og:type\" content=\"article\" \/>\n<meta property=\"og:title\" content=\"&quot;Echarle la culpa al peronismo me parece una mentira y una gran injusticia&quot; - El Diario de Tucuman\" \/>\n<meta property=\"og:description\" content=\"El jefe del Bloque Peronista en el Senado, Miguel \u00c1ngel Pichetto, analiz\u00f3 el desajuste econ\u00f3mico que atraviesa el pa\u00eds y opin\u00f3 sobre lo que podr\u00eda ocurrir con el d\u00f3lar, la pr\u00f3xima semana. &#8220;Todos estamos preocupados, esperando que el gobierno pueda encontrar una senda de ordenamiento, de fijarle un techo al d\u00f3lar, de poder presentar un [&hellip;]\" \/>\n<meta property=\"og:url\" content=\"https:\/\/www.eldiariodetucuman.com\/web\/echarle-la-culpa-al-peronismo-me-parece-una-mentira-y-una-gran-injusticia\/\" \/>\n<meta property=\"og:site_name\" content=\"El Diario de Tucuman\" \/>\n<meta property=\"article:published_time\" content=\"2018-09-01T14:42:51+00:00\" \/>\n<meta property=\"article:modified_time\" content=\"2018-09-01T14:42:53+00:00\" \/>\n<meta property=\"og:image\" content=\"https:\/\/www.eldiariodetucuman.com\/web\/wp-content\/uploads\/2018\/09\/55f2a5938521c0ce6f06b624e6aeb22a.jpeg\" \/>\n\t<meta property=\"og:image:width\" content=\"960\" \/>\n\t<meta property=\"og:image:height\" content=\"540\" \/>\n\t<meta property=\"og:image:type\" content=\"image\/jpeg\" \/>\n<meta name=\"author\" content=\"admin\" \/>\n<meta name=\"twitter:card\" content=\"summary_large_image\" \/>\n<meta name=\"twitter:label1\" content=\"Escrito por\" \/>\n\t<meta name=\"twitter:data1\" content=\"admin\" \/>\n\t<meta name=\"twitter:label2\" content=\"Tiempo de lectura\" \/>\n\t<meta name=\"twitter:data2\" content=\"2 minutos\" \/>\n<script type=\"application\/ld+json\" class=\"yoast-schema-graph\">{\"@context\":\"https:\\\/\\\/schema.org\",\"@graph\":[{\"@type\":\"Article\",\"@id\":\"https:\\\/\\\/www.eldiariodetucuman.com\\\/web\\\/echarle-la-culpa-al-peronismo-me-parece-una-mentira-y-una-gran-injusticia\\\/#article\",\"isPartOf\":{\"@id\":\"https:\\\/\\\/www.eldiariodetucuman.com\\\/web\\\/echarle-la-culpa-al-peronismo-me-parece-una-mentira-y-una-gran-injusticia\\\/\"},\"author\":{\"name\":\"admin\",\"@id\":\"https:\\\/\\\/www.eldiariodetucuman.com\\\/web\\\/#\\\/schema\\\/person\\\/9250197d75ab5483412e19678b121caa\"},\"headline\":\"\u00abEcharle la culpa al peronismo me parece una mentira y una gran injusticia\u00bb\",\"datePublished\":\"2018-09-01T14:42:51+00:00\",\"dateModified\":\"2018-09-01T14:42:53+00:00\",\"mainEntityOfPage\":{\"@id\":\"https:\\\/\\\/www.eldiariodetucuman.com\\\/web\\\/echarle-la-culpa-al-peronismo-me-parece-una-mentira-y-una-gran-injusticia\\\/\"},\"wordCount\":359,\"commentCount\":0,\"publisher\":{\"@id\":\"https:\\\/\\\/www.eldiariodetucuman.com\\\/web\\\/#organization\"},\"image\":{\"@id\":\"https:\\\/\\\/www.eldiariodetucuman.com\\\/web\\\/echarle-la-culpa-al-peronismo-me-parece-una-mentira-y-una-gran-injusticia\\\/#primaryimage\"},\"thumbnailUrl\":\"https:\\\/\\\/www.eldiariodetucuman.com\\\/web\\\/wp-content\\\/uploads\\\/2018\\\/09\\\/55f2a5938521c0ce6f06b624e6aeb22a.jpeg\",\"articleSection\":[\"Portada\"],\"inLanguage\":\"es\",\"potentialAction\":[{\"@type\":\"CommentAction\",\"name\":\"Comment\",\"target\":[\"https:\\\/\\\/www.eldiariodetucuman.com\\\/web\\\/echarle-la-culpa-al-peronismo-me-parece-una-mentira-y-una-gran-injusticia\\\/#respond\"]}]},{\"@type\":\"WebPage\",\"@id\":\"https:\\\/\\\/www.eldiariodetucuman.com\\\/web\\\/echarle-la-culpa-al-peronismo-me-parece-una-mentira-y-una-gran-injusticia\\\/\",\"url\":\"https:\\\/\\\/www.eldiariodetucuman.com\\\/web\\\/echarle-la-culpa-al-peronismo-me-parece-una-mentira-y-una-gran-injusticia\\\/\",\"name\":\"\\\"Echarle la culpa al peronismo me parece una mentira y una gran injusticia\\\" - El Diario de Tucuman\",\"isPartOf\":{\"@id\":\"https:\\\/\\\/www.eldiariodetucuman.com\\\/web\\\/#website\"},\"primaryImageOfPage\":{\"@id\":\"https:\\\/\\\/www.eldiariodetucuman.com\\\/web\\\/echarle-la-culpa-al-peronismo-me-parece-una-mentira-y-una-gran-injusticia\\\/#primaryimage\"},\"image\":{\"@id\":\"https:\\\/\\\/www.eldiariodetucuman.com\\\/web\\\/echarle-la-culpa-al-peronismo-me-parece-una-mentira-y-una-gran-injusticia\\\/#primaryimage\"},\"thumbnailUrl\":\"https:\\\/\\\/www.eldiariodetucuman.com\\\/web\\\/wp-content\\\/uploads\\\/2018\\\/09\\\/55f2a5938521c0ce6f06b624e6aeb22a.jpeg\",\"datePublished\":\"2018-09-01T14:42:51+00:00\",\"dateModified\":\"2018-09-01T14:42:53+00:00\",\"breadcrumb\":{\"@id\":\"https:\\\/\\\/www.eldiariodetucuman.com\\\/web\\\/echarle-la-culpa-al-peronismo-me-parece-una-mentira-y-una-gran-injusticia\\\/#breadcrumb\"},\"inLanguage\":\"es\",\"potentialAction\":[{\"@type\":\"ReadAction\",\"target\":[\"https:\\\/\\\/www.eldiariodetucuman.com\\\/web\\\/echarle-la-culpa-al-peronismo-me-parece-una-mentira-y-una-gran-injusticia\\\/\"]}]},{\"@type\":\"ImageObject\",\"inLanguage\":\"es\",\"@id\":\"https:\\\/\\\/www.eldiariodetucuman.com\\\/web\\\/echarle-la-culpa-al-peronismo-me-parece-una-mentira-y-una-gran-injusticia\\\/#primaryimage\",\"url\":\"https:\\\/\\\/www.eldiariodetucuman.com\\\/web\\\/wp-content\\\/uploads\\\/2018\\\/09\\\/55f2a5938521c0ce6f06b624e6aeb22a.jpeg\",\"contentUrl\":\"https:\\\/\\\/www.eldiariodetucuman.com\\\/web\\\/wp-content\\\/uploads\\\/2018\\\/09\\\/55f2a5938521c0ce6f06b624e6aeb22a.jpeg\",\"width\":960,\"height\":540},{\"@type\":\"BreadcrumbList\",\"@id\":\"https:\\\/\\\/www.eldiariodetucuman.com\\\/web\\\/echarle-la-culpa-al-peronismo-me-parece-una-mentira-y-una-gran-injusticia\\\/#breadcrumb\",\"itemListElement\":[{\"@type\":\"ListItem\",\"position\":1,\"name\":\"Portada\",\"item\":\"https:\\\/\\\/www.eldiariodetucuman.com\\\/web\\\/\"},{\"@type\":\"ListItem\",\"position\":2,\"name\":\"\u00abEcharle la culpa al peronismo me parece una mentira y una gran injusticia\u00bb\"}]},{\"@type\":\"WebSite\",\"@id\":\"https:\\\/\\\/www.eldiariodetucuman.com\\\/web\\\/#website\",\"url\":\"https:\\\/\\\/www.eldiariodetucuman.com\\\/web\\\/\",\"name\":\"El Diario de Tucuman\",\"description\":\"Diario Tucuman - Informaci\u00f3n y noticias\",\"publisher\":{\"@id\":\"https:\\\/\\\/www.eldiariodetucuman.com\\\/web\\\/#organization\"},\"potentialAction\":[{\"@type\":\"SearchAction\",\"target\":{\"@type\":\"EntryPoint\",\"urlTemplate\":\"https:\\\/\\\/www.eldiariodetucuman.com\\\/web\\\/?s={search_term_string}\"},\"query-input\":{\"@type\":\"PropertyValueSpecification\",\"valueRequired\":true,\"valueName\":\"search_term_string\"}}],\"inLanguage\":\"es\"},{\"@type\":\"Organization\",\"@id\":\"https:\\\/\\\/www.eldiariodetucuman.com\\\/web\\\/#organization\",\"name\":\"El Diario de Tucuman\",\"url\":\"https:\\\/\\\/www.eldiariodetucuman.com\\\/web\\\/\",\"logo\":{\"@type\":\"ImageObject\",\"inLanguage\":\"es\",\"@id\":\"https:\\\/\\\/www.eldiariodetucuman.com\\\/web\\\/#\\\/schema\\\/logo\\\/image\\\/\",\"url\":\"http:\\\/\\\/www.eldiariodetucuman.com\\\/web\\\/wp-content\\\/uploads\\\/2017\\\/12\\\/el-diario-de-tucuman.jpg\",\"contentUrl\":\"http:\\\/\\\/www.eldiariodetucuman.com\\\/web\\\/wp-content\\\/uploads\\\/2017\\\/12\\\/el-diario-de-tucuman.jpg\",\"width\":272,\"height\":92,\"caption\":\"El Diario de Tucuman\"},\"image\":{\"@id\":\"https:\\\/\\\/www.eldiariodetucuman.com\\\/web\\\/#\\\/schema\\\/logo\\\/image\\\/\"}},{\"@type\":\"Person\",\"@id\":\"https:\\\/\\\/www.eldiariodetucuman.com\\\/web\\\/#\\\/schema\\\/person\\\/9250197d75ab5483412e19678b121caa\",\"name\":\"admin\",\"image\":{\"@type\":\"ImageObject\",\"inLanguage\":\"es\",\"@id\":\"https:\\\/\\\/secure.gravatar.com\\\/avatar\\\/c44d117c2be811212c22cb481f6b8384b6873de103fbc49e7a03cc58d7dea4ac?s=96&d=mm&r=g\",\"url\":\"https:\\\/\\\/secure.gravatar.com\\\/avatar\\\/c44d117c2be811212c22cb481f6b8384b6873de103fbc49e7a03cc58d7dea4ac?s=96&d=mm&r=g\",\"contentUrl\":\"https:\\\/\\\/secure.gravatar.com\\\/avatar\\\/c44d117c2be811212c22cb481f6b8384b6873de103fbc49e7a03cc58d7dea4ac?s=96&d=mm&r=g\",\"caption\":\"admin\"},\"url\":\"https:\\\/\\\/www.eldiariodetucuman.com\\\/web\\\/author\\\/admin\\\/\"}]}<\/script>\n<!-- \/ Yoast SEO plugin. -->","yoast_head_json":{"title":"\"Echarle la culpa al peronismo me parece una mentira y una gran injusticia\" - El Diario de Tucuman","robots":{"index":"index","follow":"follow","max-snippet":"max-snippet:-1","max-image-preview":"max-image-preview:large","max-video-preview":"max-video-preview:-1"},"canonical":"https:\/\/www.eldiariodetucuman.com\/web\/echarle-la-culpa-al-peronismo-me-parece-una-mentira-y-una-gran-injusticia\/","og_locale":"es_ES","og_type":"article","og_title":"\"Echarle la culpa al peronismo me parece una mentira y una gran injusticia\" - El Diario de Tucuman","og_description":"El jefe del Bloque Peronista en el Senado, Miguel \u00c1ngel Pichetto, analiz\u00f3 el desajuste econ\u00f3mico que atraviesa el pa\u00eds y opin\u00f3 sobre lo que podr\u00eda ocurrir con el d\u00f3lar, la pr\u00f3xima semana. &#8220;Todos estamos preocupados, esperando que el gobierno pueda encontrar una senda de ordenamiento, de fijarle un techo al d\u00f3lar, de poder presentar un [&hellip;]","og_url":"https:\/\/www.eldiariodetucuman.com\/web\/echarle-la-culpa-al-peronismo-me-parece-una-mentira-y-una-gran-injusticia\/","og_site_name":"El Diario de Tucuman","article_published_time":"2018-09-01T14:42:51+00:00","article_modified_time":"2018-09-01T14:42:53+00:00","og_image":[{"width":960,"height":540,"url":"https:\/\/www.eldiariodetucuman.com\/web\/wp-content\/uploads\/2018\/09\/55f2a5938521c0ce6f06b624e6aeb22a.jpeg","type":"image\/jpeg"}],"author":"admin","twitter_card":"summary_large_image","twitter_misc":{"Escrito por":"admin","Tiempo de lectura":"2 minutos"},"schema":{"@context":"https:\/\/schema.org","@graph":[{"@type":"Article","@id":"https:\/\/www.eldiariodetucuman.com\/web\/echarle-la-culpa-al-peronismo-me-parece-una-mentira-y-una-gran-injusticia\/#article","isPartOf":{"@id":"https:\/\/www.eldiariodetucuman.com\/web\/echarle-la-culpa-al-peronismo-me-parece-una-mentira-y-una-gran-injusticia\/"},"author":{"name":"admin","@id":"https:\/\/www.eldiariodetucuman.com\/web\/#\/schema\/person\/9250197d75ab5483412e19678b121caa"},"headline":"\u00abEcharle la culpa al peronismo me parece una mentira y una gran injusticia\u00bb","datePublished":"2018-09-01T14:42:51+00:00","dateModified":"2018-09-01T14:42:53+00:00","mainEntityOfPage":{"@id":"https:\/\/www.eldiariodetucuman.com\/web\/echarle-la-culpa-al-peronismo-me-parece-una-mentira-y-una-gran-injusticia\/"},"wordCount":359,"commentCount":0,"publisher":{"@id":"https:\/\/www.eldiariodetucuman.com\/web\/#organization"},"image":{"@id":"https:\/\/www.eldiariodetucuman.com\/web\/echarle-la-culpa-al-peronismo-me-parece-una-mentira-y-una-gran-injusticia\/#primaryimage"},"thumbnailUrl":"https:\/\/www.eldiariodetucuman.com\/web\/wp-content\/uploads\/2018\/09\/55f2a5938521c0ce6f06b624e6aeb22a.jpeg","articleSection":["Portada"],"inLanguage":"es","potentialAction":[{"@type":"CommentAction","name":"Comment","target":["https:\/\/www.eldiariodetucuman.com\/web\/echarle-la-culpa-al-peronismo-me-parece-una-mentira-y-una-gran-injusticia\/#respond"]}]},{"@type":"WebPage","@id":"https:\/\/www.eldiariodetucuman.com\/web\/echarle-la-culpa-al-peronismo-me-parece-una-mentira-y-una-gran-injusticia\/","url":"https:\/\/www.eldiariodetucuman.com\/web\/echarle-la-culpa-al-peronismo-me-parece-una-mentira-y-una-gran-injusticia\/","name":"\"Echarle la culpa al peronismo me parece una mentira y una gran injusticia\" - El Diario de Tucuman","isPartOf":{"@id":"https:\/\/www.eldiariodetucuman.com\/web\/#website"},"primaryImageOfPage":{"@id":"https:\/\/www.eldiariodetucuman.com\/web\/echarle-la-culpa-al-peronismo-me-parece-una-mentira-y-una-gran-injusticia\/#primaryimage"},"image":{"@id":"https:\/\/www.eldiariodetucuman.com\/web\/echarle-la-culpa-al-peronismo-me-parece-una-mentira-y-una-gran-injusticia\/#primaryimage"},"thumbnailUrl":"https:\/\/www.eldiariodetucuman.com\/web\/wp-content\/uploads\/2018\/09\/55f2a5938521c0ce6f06b624e6aeb22a.jpeg","datePublished":"2018-09-01T14:42:51+00:00","dateModified":"2018-09-01T14:42:53+00:00","breadcrumb":{"@id":"https:\/\/www.eldiariodetucuman.com\/web\/echarle-la-culpa-al-peronismo-me-parece-una-mentira-y-una-gran-injusticia\/#breadcrumb"},"inLanguage":"es","potentialAction":[{"@type":"ReadAction","target":["https:\/\/www.eldiariodetucuman.com\/web\/echarle-la-culpa-al-peronismo-me-parece-una-mentira-y-una-gran-injusticia\/"]}]},{"@type":"ImageObject","inLanguage":"es","@id":"https:\/\/www.eldiariodetucuman.com\/web\/echarle-la-culpa-al-peronismo-me-parece-una-mentira-y-una-gran-injusticia\/#primaryimage","url":"https:\/\/www.eldiariodetucuman.com\/web\/wp-content\/uploads\/2018\/09\/55f2a5938521c0ce6f06b624e6aeb22a.jpeg","contentUrl":"https:\/\/www.eldiariodetucuman.com\/web\/wp-content\/uploads\/2018\/09\/55f2a5938521c0ce6f06b624e6aeb22a.jpeg","width":960,"height":540},{"@type":"BreadcrumbList","@id":"https:\/\/www.eldiariodetucuman.com\/web\/echarle-la-culpa-al-peronismo-me-parece-una-mentira-y-una-gran-injusticia\/#breadcrumb","itemListElement":[{"@type":"ListItem","position":1,"name":"Portada","item":"https:\/\/www.eldiariodetucuman.com\/web\/"},{"@type":"ListItem","position":2,"name":"\u00abEcharle la culpa al peronismo me parece una mentira y una gran injusticia\u00bb"}]},{"@type":"WebSite","@id":"https:\/\/www.eldiariodetucuman.com\/web\/#website","url":"https:\/\/www.eldiariodetucuman.com\/web\/","name":"El Diario de Tucuman","description":"Diario Tucuman - Informaci\u00f3n y noticias","publisher":{"@id":"https:\/\/www.eldiariodetucuman.com\/web\/#organization"},"potentialAction":[{"@type":"SearchAction","target":{"@type":"EntryPoint","urlTemplate":"https:\/\/www.eldiariodetucuman.com\/web\/?s={search_term_string}"},"query-input":{"@type":"PropertyValueSpecification","valueRequired":true,"valueName":"search_term_string"}}],"inLanguage":"es"},{"@type":"Organization","@id":"https:\/\/www.eldiariodetucuman.com\/web\/#organization","name":"El Diario de Tucuman","url":"https:\/\/www.eldiariodetucuman.com\/web\/","logo":{"@type":"ImageObject","inLanguage":"es","@id":"https:\/\/www.eldiariodetucuman.com\/web\/#\/schema\/logo\/image\/","url":"http:\/\/www.eldiariodetucuman.com\/web\/wp-content\/uploads\/2017\/12\/el-diario-de-tucuman.jpg","contentUrl":"http:\/\/www.eldiariodetucuman.com\/web\/wp-content\/uploads\/2017\/12\/el-diario-de-tucuman.jpg","width":272,"height":92,"caption":"El Diario de Tucuman"},"image":{"@id":"https:\/\/www.eldiariodetucuman.com\/web\/#\/schema\/logo\/image\/"}},{"@type":"Person","@id":"https:\/\/www.eldiariodetucuman.com\/web\/#\/schema\/person\/9250197d75ab5483412e19678b121caa","name":"admin","image":{"@type":"ImageObject","inLanguage":"es","@id":"https:\/\/secure.gravatar.com\/avatar\/c44d117c2be811212c22cb481f6b8384b6873de103fbc49e7a03cc58d7dea4ac?s=96&d=mm&r=g","url":"https:\/\/secure.gravatar.com\/avatar\/c44d117c2be811212c22cb481f6b8384b6873de103fbc49e7a03cc58d7dea4ac?s=96&d=mm&r=g","contentUrl":"https:\/\/secure.gravatar.com\/avatar\/c44d117c2be811212c22cb481f6b8384b6873de103fbc49e7a03cc58d7dea4ac?s=96&d=mm&r=g","caption":"admin"},"url":"https:\/\/www.eldiariodetucuman.com\/web\/author\/admin\/"}]}},"_links":{"self":[{"href":"https:\/\/www.eldiariodetucuman.com\/web\/wp-json\/wp\/v2\/posts\/16115","targetHints":{"allow":["GET"]}}],"collection":[{"href":"https:\/\/www.eldiariodetucuman.com\/web\/wp-json\/wp\/v2\/posts"}],"about":[{"href":"https:\/\/www.eldiariodetucuman.com\/web\/wp-json\/wp\/v2\/types\/post"}],"author":[{"embeddable":true,"href":"https:\/\/www.eldiariodetucuman.com\/web\/wp-json\/wp\/v2\/users\/1"}],"replies":[{"embeddable":true,"href":"https:\/\/www.eldiariodetucuman.com\/web\/wp-json\/wp\/v2\/comments?post=16115"}],"version-history":[{"count":1,"href":"https:\/\/www.eldiariodetucuman.com\/web\/wp-json\/wp\/v2\/posts\/16115\/revisions"}],"predecessor-version":[{"id":16117,"href":"https:\/\/www.eldiariodetucuman.com\/web\/wp-json\/wp\/v2\/posts\/16115\/revisions\/16117"}],"wp:featuredmedia":[{"embeddable":true,"href":"https:\/\/www.eldiariodetucuman.com\/web\/wp-json\/wp\/v2\/media\/16116"}],"wp:attachment":[{"href":"https:\/\/www.eldiariodetucuman.com\/web\/wp-json\/wp\/v2\/media?parent=16115"}],"wp:term":[{"taxonomy":"category","embeddable":true,"href":"https:\/\/www.eldiariodetucuman.com\/web\/wp-json\/wp\/v2\/categories?post=16115"},{"taxonomy":"post_tag","embeddable":true,"href":"https:\/\/www.eldiariodetucuman.com\/web\/wp-json\/wp\/v2\/tags?post=16115"}],"curies":[{"name":"wp","href":"https:\/\/api.w.org\/{rel}","templated":true}]}}