{"id":16112,"date":"2018-09-01T00:08:33","date_gmt":"2018-09-01T03:08:33","guid":{"rendered":"http:\/\/www.eldiariodetucuman.com\/web\/el-congreso-de-educacion-reunio-a-600-docentes-de-simoca-2\/"},"modified":"2018-09-01T00:08:33","modified_gmt":"2018-09-01T03:08:33","slug":"el-congreso-de-educacion-reunio-a-600-docentes-de-simoca-2","status":"publish","type":"post","link":"https:\/\/www.eldiariodetucuman.com\/web\/el-congreso-de-educacion-reunio-a-600-docentes-de-simoca-2\/","title":{"rendered":"El Congreso de Educaci\u00f3n reuni\u00f3 a 600 docentes de Simoca"},"content":{"rendered":"<div>\n<div readability=\"72.5\">\n<p>El <strong>II Congreso Internacional de Educaci\u00f3n<\/strong> contin\u00faa con su agenda itinerante en diferentes puntos de la provincia. Hoy dos de los <strong>25 disertantes internacionales<\/strong> que est\u00e1n en la provincia para hablar sobre sus experiencias en materia educativa, llegaron a Simoca a charlar con los docentes de la zona.<\/p>\n<p>La exposici\u00f3n estuvo a cargo de la economista <strong>Melissa Lo<\/strong> (Estados Unidos) y del consultor en econom\u00eda y docente <strong>V\u00edctor Sarasqueta<\/strong> (Argentina). Ambos fueron declarados hu\u00e9spedes de honor por la Municipalidad de Simoca, en un auditorio con m\u00e1s de 600 docentes presentes.<\/p>\n<div id=\"gallery-1\" class=\"gallery galleryid-176149 gallery-columns-2 gallery-size-medium\">\n<dl class=\"gallery-item\">\n<dt class=\"gallery-icon landscape\"> <a href=\"http:\/\/comunicaciontucuman.gob.ar\/wp-content\/uploads\/2018\/08\/Jaldo-Congreso-educacion-LS-5.jpg\"><img loading=\"lazy\" decoding=\"async\" width=\"300\" height=\"166\" src=\"http:\/\/comunicaciontucuman.gob.ar\/wp-content\/uploads\/2018\/08\/Jaldo-Congreso-educacion-LS-5-300x166.jpg\" class=\"attachment-medium\" alt=\"Jaldo-Congreso-educacion-LS-5\"><\/a><\/dt>\n<\/dl>\n<dl class=\"gallery-item\">\n<dt class=\"gallery-icon landscape\"> <a href=\"http:\/\/comunicaciontucuman.gob.ar\/wp-content\/uploads\/2018\/08\/Jaldo-Congreso-educacion-LS-4.jpg\"><img loading=\"lazy\" decoding=\"async\" width=\"300\" height=\"166\" src=\"http:\/\/comunicaciontucuman.gob.ar\/wp-content\/uploads\/2018\/08\/Jaldo-Congreso-educacion-LS-4-300x166.jpg\" class=\"attachment-medium\" alt=\"Jaldo-Congreso-educacion-LS-4\"><\/a><\/dt>\n<\/dl>\n<p><\/div>\n<blockquote readability=\"15\">\n<p>Por decisi\u00f3n del gobernador, <strong>Juan Manzur<\/strong>, el congreso fue tra\u00eddo hacia el interior de la provincia, para que la docencia del interior tenga las mismas oportunidades que los maestros de la Capital\u201d, expres\u00f3 el vicegobernador, a cargo del Poder Ejecutivo, <strong>Osvaldo Jaldo<\/strong>, que estuvo presente en la apertura de la jornada.<\/p>\n<\/blockquote>\n<p>El Vicegobernador record\u00f3, adem\u00e1s, que el a\u00f1o pasado el congreso lleg\u00f3 a m\u00e1s de 17 mil personas inscriptas, y este a\u00f1o, por la iniciativa de incluir a alumnos y familias, el cupo alcanz\u00f3 a m\u00e1s de <strong>30 mil participantes<\/strong> de toda la provincia.<\/p>\n<blockquote readability=\"10\">\n<p>El Congreso da un mensaje: hay cosas en las que puede haber vaivenes, en las que a veces puede haber incertidumbre. Pero de lo que est\u00e1 seguro todo el equipo de Gobierno de Tucum\u00e1n es que la educaci\u00f3n es una prioridad\u201d, sostuvo el ministro de Educaci\u00f3n, <strong>Juan Pablo Lichtmajer<\/strong>.<\/p>\n<\/blockquote>\n<p><a href=\"http:\/\/comunicaciontucuman.gob.ar\/wp-content\/uploads\/2018\/08\/Congreso-educacion-LS-2.jpg\"><img loading=\"lazy\" decoding=\"async\" class=\"size-medium wp-image-176170 alignleft\" src=\"http:\/\/comunicaciontucuman.gob.ar\/wp-content\/uploads\/2018\/08\/Congreso-educacion-LS-2-300x166.jpg\" alt=\"Congreso-educacion-LS-2\" width=\"300\" height=\"166\"><\/a><\/p>\n<p>El congreso, que tuvo su inauguraci\u00f3n oficial ayer en el Club Belgrano de la capital tucumana, se distribuye en encuentros en 15 sedes diferentes (hay seis en San Miguel de Tucum\u00e1n y seis en el interior de la provincia), con la idea de que toda la docencia de la provincia pueda acceder a las conferencias gratuitas.<\/p>\n<p>En la oportunidad estuvieron junto al Vicegobernador la diputada nacional <strong>Gladys Medina<\/strong>, los intendentes <strong>Marcelo Herrera<\/strong> (Simoca) y <strong>Dar\u00edo Monteros<\/strong> (Banda de R\u00edo Sal\u00ed) y el legislador <strong>Daniel Herrera<\/strong>.<\/p>\n<p>\u00a0<\/p>\n<p>\u00a0<\/p>\n<\/div>\n<\/div>\n<p>Fuente: http:\/\/comunicaciontucuman.gob.ar\/2018\/08\/el-congreso-de-educacion-reunio-a-600-docentes-de-simoca\/<\/p>\n","protected":false},"excerpt":{"rendered":"<p>El II Congreso Internacional de Educaci\u00f3n contin\u00faa con su agenda itinerante en diferentes puntos de la provincia. Hoy dos de los 25 disertantes internacionales que est\u00e1n en la provincia para hablar sobre sus experiencias en materia educativa, llegaron a Simoca a charlar con los docentes de la zona. La exposici\u00f3n estuvo a cargo de la [&hellip;]<\/p>\n","protected":false},"author":1,"featured_media":16113,"comment_status":"open","ping_status":"closed","sticky":false,"template":"","format":"standard","meta":{"footnotes":""},"categories":[3],"tags":[],"class_list":{"0":"post-16112","1":"post","2":"type-post","3":"status-publish","4":"format-standard","5":"has-post-thumbnail","7":"category-politica"},"yoast_head":"<!-- This site is optimized with the Yoast SEO plugin v27.4 - https:\/\/yoast.com\/product\/yoast-seo-wordpress\/ -->\n<title>El Congreso de Educaci\u00f3n reuni\u00f3 a 600 docentes de Simoca - El Diario de Tucuman<\/title>\n<meta name=\"robots\" content=\"index, follow, max-snippet:-1, max-image-preview:large, max-video-preview:-1\" \/>\n<link rel=\"canonical\" href=\"https:\/\/www.eldiariodetucuman.com\/web\/el-congreso-de-educacion-reunio-a-600-docentes-de-simoca-2\/\" \/>\n<meta property=\"og:locale\" content=\"es_ES\" \/>\n<meta property=\"og:type\" content=\"article\" \/>\n<meta property=\"og:title\" content=\"El Congreso de Educaci\u00f3n reuni\u00f3 a 600 docentes de Simoca - El Diario de Tucuman\" \/>\n<meta property=\"og:description\" content=\"El II Congreso Internacional de Educaci\u00f3n contin\u00faa con su agenda itinerante en diferentes puntos de la provincia. Hoy dos de los 25 disertantes internacionales que est\u00e1n en la provincia para hablar sobre sus experiencias en materia educativa, llegaron a Simoca a charlar con los docentes de la zona. La exposici\u00f3n estuvo a cargo de la [&hellip;]\" \/>\n<meta property=\"og:url\" content=\"https:\/\/www.eldiariodetucuman.com\/web\/el-congreso-de-educacion-reunio-a-600-docentes-de-simoca-2\/\" \/>\n<meta property=\"og:site_name\" content=\"El Diario de Tucuman\" \/>\n<meta property=\"article:published_time\" content=\"2018-09-01T03:08:33+00:00\" \/>\n<meta property=\"og:image\" content=\"https:\/\/www.eldiariodetucuman.com\/web\/wp-content\/uploads\/2018\/09\/466b1b90c5992858be5f51447965b11a.jpeg\" \/>\n\t<meta property=\"og:image:width\" content=\"300\" \/>\n\t<meta property=\"og:image:height\" content=\"166\" \/>\n\t<meta property=\"og:image:type\" content=\"image\/jpeg\" \/>\n<meta name=\"author\" content=\"admin\" \/>\n<meta name=\"twitter:card\" content=\"summary_large_image\" \/>\n<meta name=\"twitter:label1\" content=\"Escrito por\" \/>\n\t<meta name=\"twitter:data1\" content=\"admin\" \/>\n\t<meta name=\"twitter:label2\" content=\"Tiempo de lectura\" \/>\n\t<meta name=\"twitter:data2\" content=\"2 minutos\" \/>\n<script type=\"application\/ld+json\" class=\"yoast-schema-graph\">{\"@context\":\"https:\\\/\\\/schema.org\",\"@graph\":[{\"@type\":\"Article\",\"@id\":\"https:\\\/\\\/www.eldiariodetucuman.com\\\/web\\\/el-congreso-de-educacion-reunio-a-600-docentes-de-simoca-2\\\/#article\",\"isPartOf\":{\"@id\":\"https:\\\/\\\/www.eldiariodetucuman.com\\\/web\\\/el-congreso-de-educacion-reunio-a-600-docentes-de-simoca-2\\\/\"},\"author\":{\"name\":\"admin\",\"@id\":\"https:\\\/\\\/www.eldiariodetucuman.com\\\/web\\\/#\\\/schema\\\/person\\\/9250197d75ab5483412e19678b121caa\"},\"headline\":\"El Congreso de Educaci\u00f3n reuni\u00f3 a 600 docentes de Simoca\",\"datePublished\":\"2018-09-01T03:08:33+00:00\",\"mainEntityOfPage\":{\"@id\":\"https:\\\/\\\/www.eldiariodetucuman.com\\\/web\\\/el-congreso-de-educacion-reunio-a-600-docentes-de-simoca-2\\\/\"},\"wordCount\":352,\"commentCount\":0,\"publisher\":{\"@id\":\"https:\\\/\\\/www.eldiariodetucuman.com\\\/web\\\/#organization\"},\"image\":{\"@id\":\"https:\\\/\\\/www.eldiariodetucuman.com\\\/web\\\/el-congreso-de-educacion-reunio-a-600-docentes-de-simoca-2\\\/#primaryimage\"},\"thumbnailUrl\":\"https:\\\/\\\/www.eldiariodetucuman.com\\\/web\\\/wp-content\\\/uploads\\\/2018\\\/09\\\/466b1b90c5992858be5f51447965b11a.jpeg\",\"articleSection\":[\"Politica\"],\"inLanguage\":\"es\",\"potentialAction\":[{\"@type\":\"CommentAction\",\"name\":\"Comment\",\"target\":[\"https:\\\/\\\/www.eldiariodetucuman.com\\\/web\\\/el-congreso-de-educacion-reunio-a-600-docentes-de-simoca-2\\\/#respond\"]}]},{\"@type\":\"WebPage\",\"@id\":\"https:\\\/\\\/www.eldiariodetucuman.com\\\/web\\\/el-congreso-de-educacion-reunio-a-600-docentes-de-simoca-2\\\/\",\"url\":\"https:\\\/\\\/www.eldiariodetucuman.com\\\/web\\\/el-congreso-de-educacion-reunio-a-600-docentes-de-simoca-2\\\/\",\"name\":\"El Congreso de Educaci\u00f3n reuni\u00f3 a 600 docentes de Simoca - El Diario de Tucuman\",\"isPartOf\":{\"@id\":\"https:\\\/\\\/www.eldiariodetucuman.com\\\/web\\\/#website\"},\"primaryImageOfPage\":{\"@id\":\"https:\\\/\\\/www.eldiariodetucuman.com\\\/web\\\/el-congreso-de-educacion-reunio-a-600-docentes-de-simoca-2\\\/#primaryimage\"},\"image\":{\"@id\":\"https:\\\/\\\/www.eldiariodetucuman.com\\\/web\\\/el-congreso-de-educacion-reunio-a-600-docentes-de-simoca-2\\\/#primaryimage\"},\"thumbnailUrl\":\"https:\\\/\\\/www.eldiariodetucuman.com\\\/web\\\/wp-content\\\/uploads\\\/2018\\\/09\\\/466b1b90c5992858be5f51447965b11a.jpeg\",\"datePublished\":\"2018-09-01T03:08:33+00:00\",\"breadcrumb\":{\"@id\":\"https:\\\/\\\/www.eldiariodetucuman.com\\\/web\\\/el-congreso-de-educacion-reunio-a-600-docentes-de-simoca-2\\\/#breadcrumb\"},\"inLanguage\":\"es\",\"potentialAction\":[{\"@type\":\"ReadAction\",\"target\":[\"https:\\\/\\\/www.eldiariodetucuman.com\\\/web\\\/el-congreso-de-educacion-reunio-a-600-docentes-de-simoca-2\\\/\"]}]},{\"@type\":\"ImageObject\",\"inLanguage\":\"es\",\"@id\":\"https:\\\/\\\/www.eldiariodetucuman.com\\\/web\\\/el-congreso-de-educacion-reunio-a-600-docentes-de-simoca-2\\\/#primaryimage\",\"url\":\"https:\\\/\\\/www.eldiariodetucuman.com\\\/web\\\/wp-content\\\/uploads\\\/2018\\\/09\\\/466b1b90c5992858be5f51447965b11a.jpeg\",\"contentUrl\":\"https:\\\/\\\/www.eldiariodetucuman.com\\\/web\\\/wp-content\\\/uploads\\\/2018\\\/09\\\/466b1b90c5992858be5f51447965b11a.jpeg\",\"width\":300,\"height\":166},{\"@type\":\"BreadcrumbList\",\"@id\":\"https:\\\/\\\/www.eldiariodetucuman.com\\\/web\\\/el-congreso-de-educacion-reunio-a-600-docentes-de-simoca-2\\\/#breadcrumb\",\"itemListElement\":[{\"@type\":\"ListItem\",\"position\":1,\"name\":\"Portada\",\"item\":\"https:\\\/\\\/www.eldiariodetucuman.com\\\/web\\\/\"},{\"@type\":\"ListItem\",\"position\":2,\"name\":\"El Congreso de Educaci\u00f3n reuni\u00f3 a 600 docentes de Simoca\"}]},{\"@type\":\"WebSite\",\"@id\":\"https:\\\/\\\/www.eldiariodetucuman.com\\\/web\\\/#website\",\"url\":\"https:\\\/\\\/www.eldiariodetucuman.com\\\/web\\\/\",\"name\":\"El Diario de Tucuman\",\"description\":\"Diario Tucuman - Informaci\u00f3n y noticias\",\"publisher\":{\"@id\":\"https:\\\/\\\/www.eldiariodetucuman.com\\\/web\\\/#organization\"},\"potentialAction\":[{\"@type\":\"SearchAction\",\"target\":{\"@type\":\"EntryPoint\",\"urlTemplate\":\"https:\\\/\\\/www.eldiariodetucuman.com\\\/web\\\/?s={search_term_string}\"},\"query-input\":{\"@type\":\"PropertyValueSpecification\",\"valueRequired\":true,\"valueName\":\"search_term_string\"}}],\"inLanguage\":\"es\"},{\"@type\":\"Organization\",\"@id\":\"https:\\\/\\\/www.eldiariodetucuman.com\\\/web\\\/#organization\",\"name\":\"El Diario de Tucuman\",\"url\":\"https:\\\/\\\/www.eldiariodetucuman.com\\\/web\\\/\",\"logo\":{\"@type\":\"ImageObject\",\"inLanguage\":\"es\",\"@id\":\"https:\\\/\\\/www.eldiariodetucuman.com\\\/web\\\/#\\\/schema\\\/logo\\\/image\\\/\",\"url\":\"http:\\\/\\\/www.eldiariodetucuman.com\\\/web\\\/wp-content\\\/uploads\\\/2017\\\/12\\\/el-diario-de-tucuman.jpg\",\"contentUrl\":\"http:\\\/\\\/www.eldiariodetucuman.com\\\/web\\\/wp-content\\\/uploads\\\/2017\\\/12\\\/el-diario-de-tucuman.jpg\",\"width\":272,\"height\":92,\"caption\":\"El Diario de Tucuman\"},\"image\":{\"@id\":\"https:\\\/\\\/www.eldiariodetucuman.com\\\/web\\\/#\\\/schema\\\/logo\\\/image\\\/\"}},{\"@type\":\"Person\",\"@id\":\"https:\\\/\\\/www.eldiariodetucuman.com\\\/web\\\/#\\\/schema\\\/person\\\/9250197d75ab5483412e19678b121caa\",\"name\":\"admin\",\"image\":{\"@type\":\"ImageObject\",\"inLanguage\":\"es\",\"@id\":\"https:\\\/\\\/secure.gravatar.com\\\/avatar\\\/c44d117c2be811212c22cb481f6b8384b6873de103fbc49e7a03cc58d7dea4ac?s=96&d=mm&r=g\",\"url\":\"https:\\\/\\\/secure.gravatar.com\\\/avatar\\\/c44d117c2be811212c22cb481f6b8384b6873de103fbc49e7a03cc58d7dea4ac?s=96&d=mm&r=g\",\"contentUrl\":\"https:\\\/\\\/secure.gravatar.com\\\/avatar\\\/c44d117c2be811212c22cb481f6b8384b6873de103fbc49e7a03cc58d7dea4ac?s=96&d=mm&r=g\",\"caption\":\"admin\"},\"url\":\"https:\\\/\\\/www.eldiariodetucuman.com\\\/web\\\/author\\\/admin\\\/\"}]}<\/script>\n<!-- \/ Yoast SEO plugin. -->","yoast_head_json":{"title":"El Congreso de Educaci\u00f3n reuni\u00f3 a 600 docentes de Simoca - El Diario de Tucuman","robots":{"index":"index","follow":"follow","max-snippet":"max-snippet:-1","max-image-preview":"max-image-preview:large","max-video-preview":"max-video-preview:-1"},"canonical":"https:\/\/www.eldiariodetucuman.com\/web\/el-congreso-de-educacion-reunio-a-600-docentes-de-simoca-2\/","og_locale":"es_ES","og_type":"article","og_title":"El Congreso de Educaci\u00f3n reuni\u00f3 a 600 docentes de Simoca - El Diario de Tucuman","og_description":"El II Congreso Internacional de Educaci\u00f3n contin\u00faa con su agenda itinerante en diferentes puntos de la provincia. Hoy dos de los 25 disertantes internacionales que est\u00e1n en la provincia para hablar sobre sus experiencias en materia educativa, llegaron a Simoca a charlar con los docentes de la zona. La exposici\u00f3n estuvo a cargo de la [&hellip;]","og_url":"https:\/\/www.eldiariodetucuman.com\/web\/el-congreso-de-educacion-reunio-a-600-docentes-de-simoca-2\/","og_site_name":"El Diario de Tucuman","article_published_time":"2018-09-01T03:08:33+00:00","og_image":[{"width":300,"height":166,"url":"https:\/\/www.eldiariodetucuman.com\/web\/wp-content\/uploads\/2018\/09\/466b1b90c5992858be5f51447965b11a.jpeg","type":"image\/jpeg"}],"author":"admin","twitter_card":"summary_large_image","twitter_misc":{"Escrito por":"admin","Tiempo de lectura":"2 minutos"},"schema":{"@context":"https:\/\/schema.org","@graph":[{"@type":"Article","@id":"https:\/\/www.eldiariodetucuman.com\/web\/el-congreso-de-educacion-reunio-a-600-docentes-de-simoca-2\/#article","isPartOf":{"@id":"https:\/\/www.eldiariodetucuman.com\/web\/el-congreso-de-educacion-reunio-a-600-docentes-de-simoca-2\/"},"author":{"name":"admin","@id":"https:\/\/www.eldiariodetucuman.com\/web\/#\/schema\/person\/9250197d75ab5483412e19678b121caa"},"headline":"El Congreso de Educaci\u00f3n reuni\u00f3 a 600 docentes de Simoca","datePublished":"2018-09-01T03:08:33+00:00","mainEntityOfPage":{"@id":"https:\/\/www.eldiariodetucuman.com\/web\/el-congreso-de-educacion-reunio-a-600-docentes-de-simoca-2\/"},"wordCount":352,"commentCount":0,"publisher":{"@id":"https:\/\/www.eldiariodetucuman.com\/web\/#organization"},"image":{"@id":"https:\/\/www.eldiariodetucuman.com\/web\/el-congreso-de-educacion-reunio-a-600-docentes-de-simoca-2\/#primaryimage"},"thumbnailUrl":"https:\/\/www.eldiariodetucuman.com\/web\/wp-content\/uploads\/2018\/09\/466b1b90c5992858be5f51447965b11a.jpeg","articleSection":["Politica"],"inLanguage":"es","potentialAction":[{"@type":"CommentAction","name":"Comment","target":["https:\/\/www.eldiariodetucuman.com\/web\/el-congreso-de-educacion-reunio-a-600-docentes-de-simoca-2\/#respond"]}]},{"@type":"WebPage","@id":"https:\/\/www.eldiariodetucuman.com\/web\/el-congreso-de-educacion-reunio-a-600-docentes-de-simoca-2\/","url":"https:\/\/www.eldiariodetucuman.com\/web\/el-congreso-de-educacion-reunio-a-600-docentes-de-simoca-2\/","name":"El Congreso de Educaci\u00f3n reuni\u00f3 a 600 docentes de Simoca - El Diario de Tucuman","isPartOf":{"@id":"https:\/\/www.eldiariodetucuman.com\/web\/#website"},"primaryImageOfPage":{"@id":"https:\/\/www.eldiariodetucuman.com\/web\/el-congreso-de-educacion-reunio-a-600-docentes-de-simoca-2\/#primaryimage"},"image":{"@id":"https:\/\/www.eldiariodetucuman.com\/web\/el-congreso-de-educacion-reunio-a-600-docentes-de-simoca-2\/#primaryimage"},"thumbnailUrl":"https:\/\/www.eldiariodetucuman.com\/web\/wp-content\/uploads\/2018\/09\/466b1b90c5992858be5f51447965b11a.jpeg","datePublished":"2018-09-01T03:08:33+00:00","breadcrumb":{"@id":"https:\/\/www.eldiariodetucuman.com\/web\/el-congreso-de-educacion-reunio-a-600-docentes-de-simoca-2\/#breadcrumb"},"inLanguage":"es","potentialAction":[{"@type":"ReadAction","target":["https:\/\/www.eldiariodetucuman.com\/web\/el-congreso-de-educacion-reunio-a-600-docentes-de-simoca-2\/"]}]},{"@type":"ImageObject","inLanguage":"es","@id":"https:\/\/www.eldiariodetucuman.com\/web\/el-congreso-de-educacion-reunio-a-600-docentes-de-simoca-2\/#primaryimage","url":"https:\/\/www.eldiariodetucuman.com\/web\/wp-content\/uploads\/2018\/09\/466b1b90c5992858be5f51447965b11a.jpeg","contentUrl":"https:\/\/www.eldiariodetucuman.com\/web\/wp-content\/uploads\/2018\/09\/466b1b90c5992858be5f51447965b11a.jpeg","width":300,"height":166},{"@type":"BreadcrumbList","@id":"https:\/\/www.eldiariodetucuman.com\/web\/el-congreso-de-educacion-reunio-a-600-docentes-de-simoca-2\/#breadcrumb","itemListElement":[{"@type":"ListItem","position":1,"name":"Portada","item":"https:\/\/www.eldiariodetucuman.com\/web\/"},{"@type":"ListItem","position":2,"name":"El Congreso de Educaci\u00f3n reuni\u00f3 a 600 docentes de Simoca"}]},{"@type":"WebSite","@id":"https:\/\/www.eldiariodetucuman.com\/web\/#website","url":"https:\/\/www.eldiariodetucuman.com\/web\/","name":"El Diario de Tucuman","description":"Diario Tucuman - Informaci\u00f3n y noticias","publisher":{"@id":"https:\/\/www.eldiariodetucuman.com\/web\/#organization"},"potentialAction":[{"@type":"SearchAction","target":{"@type":"EntryPoint","urlTemplate":"https:\/\/www.eldiariodetucuman.com\/web\/?s={search_term_string}"},"query-input":{"@type":"PropertyValueSpecification","valueRequired":true,"valueName":"search_term_string"}}],"inLanguage":"es"},{"@type":"Organization","@id":"https:\/\/www.eldiariodetucuman.com\/web\/#organization","name":"El Diario de Tucuman","url":"https:\/\/www.eldiariodetucuman.com\/web\/","logo":{"@type":"ImageObject","inLanguage":"es","@id":"https:\/\/www.eldiariodetucuman.com\/web\/#\/schema\/logo\/image\/","url":"http:\/\/www.eldiariodetucuman.com\/web\/wp-content\/uploads\/2017\/12\/el-diario-de-tucuman.jpg","contentUrl":"http:\/\/www.eldiariodetucuman.com\/web\/wp-content\/uploads\/2017\/12\/el-diario-de-tucuman.jpg","width":272,"height":92,"caption":"El Diario de Tucuman"},"image":{"@id":"https:\/\/www.eldiariodetucuman.com\/web\/#\/schema\/logo\/image\/"}},{"@type":"Person","@id":"https:\/\/www.eldiariodetucuman.com\/web\/#\/schema\/person\/9250197d75ab5483412e19678b121caa","name":"admin","image":{"@type":"ImageObject","inLanguage":"es","@id":"https:\/\/secure.gravatar.com\/avatar\/c44d117c2be811212c22cb481f6b8384b6873de103fbc49e7a03cc58d7dea4ac?s=96&d=mm&r=g","url":"https:\/\/secure.gravatar.com\/avatar\/c44d117c2be811212c22cb481f6b8384b6873de103fbc49e7a03cc58d7dea4ac?s=96&d=mm&r=g","contentUrl":"https:\/\/secure.gravatar.com\/avatar\/c44d117c2be811212c22cb481f6b8384b6873de103fbc49e7a03cc58d7dea4ac?s=96&d=mm&r=g","caption":"admin"},"url":"https:\/\/www.eldiariodetucuman.com\/web\/author\/admin\/"}]}},"_links":{"self":[{"href":"https:\/\/www.eldiariodetucuman.com\/web\/wp-json\/wp\/v2\/posts\/16112","targetHints":{"allow":["GET"]}}],"collection":[{"href":"https:\/\/www.eldiariodetucuman.com\/web\/wp-json\/wp\/v2\/posts"}],"about":[{"href":"https:\/\/www.eldiariodetucuman.com\/web\/wp-json\/wp\/v2\/types\/post"}],"author":[{"embeddable":true,"href":"https:\/\/www.eldiariodetucuman.com\/web\/wp-json\/wp\/v2\/users\/1"}],"replies":[{"embeddable":true,"href":"https:\/\/www.eldiariodetucuman.com\/web\/wp-json\/wp\/v2\/comments?post=16112"}],"version-history":[{"count":1,"href":"https:\/\/www.eldiariodetucuman.com\/web\/wp-json\/wp\/v2\/posts\/16112\/revisions"}],"predecessor-version":[{"id":16114,"href":"https:\/\/www.eldiariodetucuman.com\/web\/wp-json\/wp\/v2\/posts\/16112\/revisions\/16114"}],"wp:featuredmedia":[{"embeddable":true,"href":"https:\/\/www.eldiariodetucuman.com\/web\/wp-json\/wp\/v2\/media\/16113"}],"wp:attachment":[{"href":"https:\/\/www.eldiariodetucuman.com\/web\/wp-json\/wp\/v2\/media?parent=16112"}],"wp:term":[{"taxonomy":"category","embeddable":true,"href":"https:\/\/www.eldiariodetucuman.com\/web\/wp-json\/wp\/v2\/categories?post=16112"},{"taxonomy":"post_tag","embeddable":true,"href":"https:\/\/www.eldiariodetucuman.com\/web\/wp-json\/wp\/v2\/tags?post=16112"}],"curies":[{"name":"wp","href":"https:\/\/api.w.org\/{rel}","templated":true}]}}