{"id":16109,"date":"2018-09-01T00:08:25","date_gmt":"2018-09-01T03:08:25","guid":{"rendered":"http:\/\/www.eldiariodetucuman.com\/web\/unos-5-000-estudiantes-participan-del-congreso-de-educacion\/"},"modified":"2018-09-01T00:08:26","modified_gmt":"2018-09-01T03:08:26","slug":"unos-5-000-estudiantes-participan-del-congreso-de-educacion","status":"publish","type":"post","link":"https:\/\/www.eldiariodetucuman.com\/web\/unos-5-000-estudiantes-participan-del-congreso-de-educacion\/","title":{"rendered":"Unos 5.000 estudiantes participan del Congreso de Educaci\u00f3n"},"content":{"rendered":"<div>\n<div readability=\"73.5\">\n<p>El <strong>II Congreso Internacional de Educaci\u00f3n<\/strong> cuenta con el \u201cCongresito\u201d, una edici\u00f3n especial para que alumnos en etapa escolar puedan escuchar charlar de expertos internacionales y contagiarse de propuestas innovadoras para realizar en el aula.<\/p>\n<p>Hoy el <strong>Congresito<\/strong> tuvo su inauguraci\u00f3n oficial en el predio del ex ingenio Lastenia, en la ciudad de Banda de R\u00edo Sal\u00ed. Hasta all\u00ed lleg\u00f3 el vicegobernador, a cargo del Poder Ejecutivo, <strong>Osvaldo Jaldo<\/strong>, junto con el ministro de Educaci\u00f3n, <strong>Juan Pablo Lichtmajer<\/strong>, para acompa\u00f1ar a los\u00a0500 alumnos que participan del megaevento educativo en ese lugar.<\/p>\n<p>Cabe destacar que hay 5.000 estudiantes inscriptos que asistir\u00e1n a las diferentes charlas distribuidas en las seis sedes en San Miguel de Tucum\u00e1n y seis sedes en diferentes municipios del interior tucumano.<\/p>\n<blockquote readability=\"10\">\n<p>Los j\u00f3venes tambi\u00e9n son los protagonistas de esta segunda edici\u00f3n del congreso internacional. Tienen que aprovechar al m\u00e1ximo esta experiencia, porque est\u00e1n viviendo un contexto social complejo y hoy es muy necesario que cuenten con su t\u00edtulo secundario y por qu\u00e9 no aspirar a seguir form\u00e1ndose despu\u00e9s\u201d, destac\u00f3 Jaldo.<\/p>\n<\/blockquote>\n<p><a href=\"http:\/\/comunicaciontucuman.gob.ar\/wp-content\/uploads\/2018\/08\/jaldo-lastenia-1.jpg\"><img loading=\"lazy\" decoding=\"async\" class=\"alignnone size-medium wp-image-176190\" src=\"http:\/\/comunicaciontucuman.gob.ar\/wp-content\/uploads\/2018\/08\/jaldo-lastenia-1-300x166.jpg\" alt=\"jaldo-lastenia (1)\" width=\"300\" height=\"166\"><\/a>\u00a0<a href=\"http:\/\/comunicaciontucuman.gob.ar\/wp-content\/uploads\/2018\/08\/jaldo-lastenia-4.jpg\"><img loading=\"lazy\" decoding=\"async\" class=\"alignnone size-medium wp-image-176185\" src=\"http:\/\/comunicaciontucuman.gob.ar\/wp-content\/uploads\/2018\/08\/jaldo-lastenia-4-300x166.jpg\" alt=\"jaldo-lastenia (4)\" width=\"300\" height=\"166\"><\/a><\/p>\n<p>Los ni\u00f1os, ni\u00f1as y j\u00f3venes disfrutaron de la charla de <strong>Eartha Pond<\/strong>, profesora de Educaci\u00f3n F\u00edsica de Gran Breta\u00f1a, que logr\u00f3 una tasa de aprobaci\u00f3n total de sus alumnos y fue premiada como la <strong>Mejor Maestra del A\u00f1o por la School Sports Matters<\/strong>.<\/p>\n<blockquote readability=\"11\">\n<p>Eartha es una deportista maravillosa. Es su primera vez en Argentina y en la Banda de R\u00edo Sal\u00ed. Esto es una oportunidad real para todos. Los grandes congresos llegan aqu\u00ed, como a otros municipios de la provincia\u201d, remarc\u00f3 por su parte, el ministro de Educaci\u00f3n, <strong>Juan Pablo Lichtmajer<\/strong>.<\/p>\n<\/blockquote>\n<p>El Vicegobernador estuvo acompa\u00f1ado por el intendente de Banda de R\u00edo Sal\u00ed, <strong>Dar\u00edo Monteros<\/strong>; la diputada nacional, <strong>Gladys Medina<\/strong>, y docentes de ese municipio. \u201cApostar en educaci\u00f3n es apostar en futuro, estamos agradecidos de que llegue este congreso aqu\u00ed\u201d, destac\u00f3 Monteros.<\/p>\n<\/div>\n<\/div>\n<p>Fuente: http:\/\/comunicaciontucuman.gob.ar\/2018\/08\/unos-5-000-estudiantes-participan-del-congreso-de-educacion\/<\/p>\n","protected":false},"excerpt":{"rendered":"<p>El II Congreso Internacional de Educaci\u00f3n cuenta con el \u201cCongresito\u201d, una edici\u00f3n especial para que alumnos en etapa escolar puedan escuchar charlar de expertos internacionales y contagiarse de propuestas innovadoras para realizar en el aula. Hoy el Congresito tuvo su inauguraci\u00f3n oficial en el predio del ex ingenio Lastenia, en la ciudad de Banda de [&hellip;]<\/p>\n","protected":false},"author":1,"featured_media":16110,"comment_status":"open","ping_status":"closed","sticky":false,"template":"","format":"standard","meta":{"footnotes":""},"categories":[3],"tags":[],"class_list":{"0":"post-16109","1":"post","2":"type-post","3":"status-publish","4":"format-standard","5":"has-post-thumbnail","7":"category-politica"},"yoast_head":"<!-- This site is optimized with the Yoast SEO plugin v27.4 - https:\/\/yoast.com\/product\/yoast-seo-wordpress\/ -->\n<title>Unos 5.000 estudiantes participan del Congreso de Educaci\u00f3n - El Diario de Tucuman<\/title>\n<meta name=\"robots\" content=\"index, follow, max-snippet:-1, max-image-preview:large, max-video-preview:-1\" \/>\n<link rel=\"canonical\" href=\"https:\/\/www.eldiariodetucuman.com\/web\/unos-5-000-estudiantes-participan-del-congreso-de-educacion\/\" \/>\n<meta property=\"og:locale\" content=\"es_ES\" \/>\n<meta property=\"og:type\" content=\"article\" \/>\n<meta property=\"og:title\" content=\"Unos 5.000 estudiantes participan del Congreso de Educaci\u00f3n - El Diario de Tucuman\" \/>\n<meta property=\"og:description\" content=\"El II Congreso Internacional de Educaci\u00f3n cuenta con el \u201cCongresito\u201d, una edici\u00f3n especial para que alumnos en etapa escolar puedan escuchar charlar de expertos internacionales y contagiarse de propuestas innovadoras para realizar en el aula. Hoy el Congresito tuvo su inauguraci\u00f3n oficial en el predio del ex ingenio Lastenia, en la ciudad de Banda de [&hellip;]\" \/>\n<meta property=\"og:url\" content=\"https:\/\/www.eldiariodetucuman.com\/web\/unos-5-000-estudiantes-participan-del-congreso-de-educacion\/\" \/>\n<meta property=\"og:site_name\" content=\"El Diario de Tucuman\" \/>\n<meta property=\"article:published_time\" content=\"2018-09-01T03:08:25+00:00\" \/>\n<meta property=\"article:modified_time\" content=\"2018-09-01T03:08:26+00:00\" \/>\n<meta property=\"og:image\" content=\"https:\/\/www.eldiariodetucuman.com\/web\/wp-content\/uploads\/2018\/09\/a08cbe9ef86eb373ba65ab41e56e4f7e.jpeg\" \/>\n\t<meta property=\"og:image:width\" content=\"300\" \/>\n\t<meta property=\"og:image:height\" content=\"166\" \/>\n\t<meta property=\"og:image:type\" content=\"image\/jpeg\" \/>\n<meta name=\"author\" content=\"admin\" \/>\n<meta name=\"twitter:card\" content=\"summary_large_image\" \/>\n<meta name=\"twitter:label1\" content=\"Escrito por\" \/>\n\t<meta name=\"twitter:data1\" content=\"admin\" \/>\n\t<meta name=\"twitter:label2\" content=\"Tiempo de lectura\" \/>\n\t<meta name=\"twitter:data2\" content=\"2 minutos\" \/>\n<script type=\"application\/ld+json\" class=\"yoast-schema-graph\">{\"@context\":\"https:\\\/\\\/schema.org\",\"@graph\":[{\"@type\":\"Article\",\"@id\":\"https:\\\/\\\/www.eldiariodetucuman.com\\\/web\\\/unos-5-000-estudiantes-participan-del-congreso-de-educacion\\\/#article\",\"isPartOf\":{\"@id\":\"https:\\\/\\\/www.eldiariodetucuman.com\\\/web\\\/unos-5-000-estudiantes-participan-del-congreso-de-educacion\\\/\"},\"author\":{\"name\":\"admin\",\"@id\":\"https:\\\/\\\/www.eldiariodetucuman.com\\\/web\\\/#\\\/schema\\\/person\\\/9250197d75ab5483412e19678b121caa\"},\"headline\":\"Unos 5.000 estudiantes participan del Congreso de Educaci\u00f3n\",\"datePublished\":\"2018-09-01T03:08:25+00:00\",\"dateModified\":\"2018-09-01T03:08:26+00:00\",\"mainEntityOfPage\":{\"@id\":\"https:\\\/\\\/www.eldiariodetucuman.com\\\/web\\\/unos-5-000-estudiantes-participan-del-congreso-de-educacion\\\/\"},\"wordCount\":349,\"commentCount\":0,\"publisher\":{\"@id\":\"https:\\\/\\\/www.eldiariodetucuman.com\\\/web\\\/#organization\"},\"image\":{\"@id\":\"https:\\\/\\\/www.eldiariodetucuman.com\\\/web\\\/unos-5-000-estudiantes-participan-del-congreso-de-educacion\\\/#primaryimage\"},\"thumbnailUrl\":\"https:\\\/\\\/www.eldiariodetucuman.com\\\/web\\\/wp-content\\\/uploads\\\/2018\\\/09\\\/a08cbe9ef86eb373ba65ab41e56e4f7e.jpeg\",\"articleSection\":[\"Politica\"],\"inLanguage\":\"es\",\"potentialAction\":[{\"@type\":\"CommentAction\",\"name\":\"Comment\",\"target\":[\"https:\\\/\\\/www.eldiariodetucuman.com\\\/web\\\/unos-5-000-estudiantes-participan-del-congreso-de-educacion\\\/#respond\"]}]},{\"@type\":\"WebPage\",\"@id\":\"https:\\\/\\\/www.eldiariodetucuman.com\\\/web\\\/unos-5-000-estudiantes-participan-del-congreso-de-educacion\\\/\",\"url\":\"https:\\\/\\\/www.eldiariodetucuman.com\\\/web\\\/unos-5-000-estudiantes-participan-del-congreso-de-educacion\\\/\",\"name\":\"Unos 5.000 estudiantes participan del Congreso de Educaci\u00f3n - El Diario de Tucuman\",\"isPartOf\":{\"@id\":\"https:\\\/\\\/www.eldiariodetucuman.com\\\/web\\\/#website\"},\"primaryImageOfPage\":{\"@id\":\"https:\\\/\\\/www.eldiariodetucuman.com\\\/web\\\/unos-5-000-estudiantes-participan-del-congreso-de-educacion\\\/#primaryimage\"},\"image\":{\"@id\":\"https:\\\/\\\/www.eldiariodetucuman.com\\\/web\\\/unos-5-000-estudiantes-participan-del-congreso-de-educacion\\\/#primaryimage\"},\"thumbnailUrl\":\"https:\\\/\\\/www.eldiariodetucuman.com\\\/web\\\/wp-content\\\/uploads\\\/2018\\\/09\\\/a08cbe9ef86eb373ba65ab41e56e4f7e.jpeg\",\"datePublished\":\"2018-09-01T03:08:25+00:00\",\"dateModified\":\"2018-09-01T03:08:26+00:00\",\"breadcrumb\":{\"@id\":\"https:\\\/\\\/www.eldiariodetucuman.com\\\/web\\\/unos-5-000-estudiantes-participan-del-congreso-de-educacion\\\/#breadcrumb\"},\"inLanguage\":\"es\",\"potentialAction\":[{\"@type\":\"ReadAction\",\"target\":[\"https:\\\/\\\/www.eldiariodetucuman.com\\\/web\\\/unos-5-000-estudiantes-participan-del-congreso-de-educacion\\\/\"]}]},{\"@type\":\"ImageObject\",\"inLanguage\":\"es\",\"@id\":\"https:\\\/\\\/www.eldiariodetucuman.com\\\/web\\\/unos-5-000-estudiantes-participan-del-congreso-de-educacion\\\/#primaryimage\",\"url\":\"https:\\\/\\\/www.eldiariodetucuman.com\\\/web\\\/wp-content\\\/uploads\\\/2018\\\/09\\\/a08cbe9ef86eb373ba65ab41e56e4f7e.jpeg\",\"contentUrl\":\"https:\\\/\\\/www.eldiariodetucuman.com\\\/web\\\/wp-content\\\/uploads\\\/2018\\\/09\\\/a08cbe9ef86eb373ba65ab41e56e4f7e.jpeg\",\"width\":300,\"height\":166},{\"@type\":\"BreadcrumbList\",\"@id\":\"https:\\\/\\\/www.eldiariodetucuman.com\\\/web\\\/unos-5-000-estudiantes-participan-del-congreso-de-educacion\\\/#breadcrumb\",\"itemListElement\":[{\"@type\":\"ListItem\",\"position\":1,\"name\":\"Portada\",\"item\":\"https:\\\/\\\/www.eldiariodetucuman.com\\\/web\\\/\"},{\"@type\":\"ListItem\",\"position\":2,\"name\":\"Unos 5.000 estudiantes participan del Congreso de Educaci\u00f3n\"}]},{\"@type\":\"WebSite\",\"@id\":\"https:\\\/\\\/www.eldiariodetucuman.com\\\/web\\\/#website\",\"url\":\"https:\\\/\\\/www.eldiariodetucuman.com\\\/web\\\/\",\"name\":\"El Diario de Tucuman\",\"description\":\"Diario Tucuman - Informaci\u00f3n y noticias\",\"publisher\":{\"@id\":\"https:\\\/\\\/www.eldiariodetucuman.com\\\/web\\\/#organization\"},\"potentialAction\":[{\"@type\":\"SearchAction\",\"target\":{\"@type\":\"EntryPoint\",\"urlTemplate\":\"https:\\\/\\\/www.eldiariodetucuman.com\\\/web\\\/?s={search_term_string}\"},\"query-input\":{\"@type\":\"PropertyValueSpecification\",\"valueRequired\":true,\"valueName\":\"search_term_string\"}}],\"inLanguage\":\"es\"},{\"@type\":\"Organization\",\"@id\":\"https:\\\/\\\/www.eldiariodetucuman.com\\\/web\\\/#organization\",\"name\":\"El Diario de Tucuman\",\"url\":\"https:\\\/\\\/www.eldiariodetucuman.com\\\/web\\\/\",\"logo\":{\"@type\":\"ImageObject\",\"inLanguage\":\"es\",\"@id\":\"https:\\\/\\\/www.eldiariodetucuman.com\\\/web\\\/#\\\/schema\\\/logo\\\/image\\\/\",\"url\":\"http:\\\/\\\/www.eldiariodetucuman.com\\\/web\\\/wp-content\\\/uploads\\\/2017\\\/12\\\/el-diario-de-tucuman.jpg\",\"contentUrl\":\"http:\\\/\\\/www.eldiariodetucuman.com\\\/web\\\/wp-content\\\/uploads\\\/2017\\\/12\\\/el-diario-de-tucuman.jpg\",\"width\":272,\"height\":92,\"caption\":\"El Diario de Tucuman\"},\"image\":{\"@id\":\"https:\\\/\\\/www.eldiariodetucuman.com\\\/web\\\/#\\\/schema\\\/logo\\\/image\\\/\"}},{\"@type\":\"Person\",\"@id\":\"https:\\\/\\\/www.eldiariodetucuman.com\\\/web\\\/#\\\/schema\\\/person\\\/9250197d75ab5483412e19678b121caa\",\"name\":\"admin\",\"image\":{\"@type\":\"ImageObject\",\"inLanguage\":\"es\",\"@id\":\"https:\\\/\\\/secure.gravatar.com\\\/avatar\\\/c44d117c2be811212c22cb481f6b8384b6873de103fbc49e7a03cc58d7dea4ac?s=96&d=mm&r=g\",\"url\":\"https:\\\/\\\/secure.gravatar.com\\\/avatar\\\/c44d117c2be811212c22cb481f6b8384b6873de103fbc49e7a03cc58d7dea4ac?s=96&d=mm&r=g\",\"contentUrl\":\"https:\\\/\\\/secure.gravatar.com\\\/avatar\\\/c44d117c2be811212c22cb481f6b8384b6873de103fbc49e7a03cc58d7dea4ac?s=96&d=mm&r=g\",\"caption\":\"admin\"},\"url\":\"https:\\\/\\\/www.eldiariodetucuman.com\\\/web\\\/author\\\/admin\\\/\"}]}<\/script>\n<!-- \/ Yoast SEO plugin. -->","yoast_head_json":{"title":"Unos 5.000 estudiantes participan del Congreso de Educaci\u00f3n - El Diario de Tucuman","robots":{"index":"index","follow":"follow","max-snippet":"max-snippet:-1","max-image-preview":"max-image-preview:large","max-video-preview":"max-video-preview:-1"},"canonical":"https:\/\/www.eldiariodetucuman.com\/web\/unos-5-000-estudiantes-participan-del-congreso-de-educacion\/","og_locale":"es_ES","og_type":"article","og_title":"Unos 5.000 estudiantes participan del Congreso de Educaci\u00f3n - El Diario de Tucuman","og_description":"El II Congreso Internacional de Educaci\u00f3n cuenta con el \u201cCongresito\u201d, una edici\u00f3n especial para que alumnos en etapa escolar puedan escuchar charlar de expertos internacionales y contagiarse de propuestas innovadoras para realizar en el aula. Hoy el Congresito tuvo su inauguraci\u00f3n oficial en el predio del ex ingenio Lastenia, en la ciudad de Banda de [&hellip;]","og_url":"https:\/\/www.eldiariodetucuman.com\/web\/unos-5-000-estudiantes-participan-del-congreso-de-educacion\/","og_site_name":"El Diario de Tucuman","article_published_time":"2018-09-01T03:08:25+00:00","article_modified_time":"2018-09-01T03:08:26+00:00","og_image":[{"width":300,"height":166,"url":"https:\/\/www.eldiariodetucuman.com\/web\/wp-content\/uploads\/2018\/09\/a08cbe9ef86eb373ba65ab41e56e4f7e.jpeg","type":"image\/jpeg"}],"author":"admin","twitter_card":"summary_large_image","twitter_misc":{"Escrito por":"admin","Tiempo de lectura":"2 minutos"},"schema":{"@context":"https:\/\/schema.org","@graph":[{"@type":"Article","@id":"https:\/\/www.eldiariodetucuman.com\/web\/unos-5-000-estudiantes-participan-del-congreso-de-educacion\/#article","isPartOf":{"@id":"https:\/\/www.eldiariodetucuman.com\/web\/unos-5-000-estudiantes-participan-del-congreso-de-educacion\/"},"author":{"name":"admin","@id":"https:\/\/www.eldiariodetucuman.com\/web\/#\/schema\/person\/9250197d75ab5483412e19678b121caa"},"headline":"Unos 5.000 estudiantes participan del Congreso de Educaci\u00f3n","datePublished":"2018-09-01T03:08:25+00:00","dateModified":"2018-09-01T03:08:26+00:00","mainEntityOfPage":{"@id":"https:\/\/www.eldiariodetucuman.com\/web\/unos-5-000-estudiantes-participan-del-congreso-de-educacion\/"},"wordCount":349,"commentCount":0,"publisher":{"@id":"https:\/\/www.eldiariodetucuman.com\/web\/#organization"},"image":{"@id":"https:\/\/www.eldiariodetucuman.com\/web\/unos-5-000-estudiantes-participan-del-congreso-de-educacion\/#primaryimage"},"thumbnailUrl":"https:\/\/www.eldiariodetucuman.com\/web\/wp-content\/uploads\/2018\/09\/a08cbe9ef86eb373ba65ab41e56e4f7e.jpeg","articleSection":["Politica"],"inLanguage":"es","potentialAction":[{"@type":"CommentAction","name":"Comment","target":["https:\/\/www.eldiariodetucuman.com\/web\/unos-5-000-estudiantes-participan-del-congreso-de-educacion\/#respond"]}]},{"@type":"WebPage","@id":"https:\/\/www.eldiariodetucuman.com\/web\/unos-5-000-estudiantes-participan-del-congreso-de-educacion\/","url":"https:\/\/www.eldiariodetucuman.com\/web\/unos-5-000-estudiantes-participan-del-congreso-de-educacion\/","name":"Unos 5.000 estudiantes participan del Congreso de Educaci\u00f3n - El Diario de Tucuman","isPartOf":{"@id":"https:\/\/www.eldiariodetucuman.com\/web\/#website"},"primaryImageOfPage":{"@id":"https:\/\/www.eldiariodetucuman.com\/web\/unos-5-000-estudiantes-participan-del-congreso-de-educacion\/#primaryimage"},"image":{"@id":"https:\/\/www.eldiariodetucuman.com\/web\/unos-5-000-estudiantes-participan-del-congreso-de-educacion\/#primaryimage"},"thumbnailUrl":"https:\/\/www.eldiariodetucuman.com\/web\/wp-content\/uploads\/2018\/09\/a08cbe9ef86eb373ba65ab41e56e4f7e.jpeg","datePublished":"2018-09-01T03:08:25+00:00","dateModified":"2018-09-01T03:08:26+00:00","breadcrumb":{"@id":"https:\/\/www.eldiariodetucuman.com\/web\/unos-5-000-estudiantes-participan-del-congreso-de-educacion\/#breadcrumb"},"inLanguage":"es","potentialAction":[{"@type":"ReadAction","target":["https:\/\/www.eldiariodetucuman.com\/web\/unos-5-000-estudiantes-participan-del-congreso-de-educacion\/"]}]},{"@type":"ImageObject","inLanguage":"es","@id":"https:\/\/www.eldiariodetucuman.com\/web\/unos-5-000-estudiantes-participan-del-congreso-de-educacion\/#primaryimage","url":"https:\/\/www.eldiariodetucuman.com\/web\/wp-content\/uploads\/2018\/09\/a08cbe9ef86eb373ba65ab41e56e4f7e.jpeg","contentUrl":"https:\/\/www.eldiariodetucuman.com\/web\/wp-content\/uploads\/2018\/09\/a08cbe9ef86eb373ba65ab41e56e4f7e.jpeg","width":300,"height":166},{"@type":"BreadcrumbList","@id":"https:\/\/www.eldiariodetucuman.com\/web\/unos-5-000-estudiantes-participan-del-congreso-de-educacion\/#breadcrumb","itemListElement":[{"@type":"ListItem","position":1,"name":"Portada","item":"https:\/\/www.eldiariodetucuman.com\/web\/"},{"@type":"ListItem","position":2,"name":"Unos 5.000 estudiantes participan del Congreso de Educaci\u00f3n"}]},{"@type":"WebSite","@id":"https:\/\/www.eldiariodetucuman.com\/web\/#website","url":"https:\/\/www.eldiariodetucuman.com\/web\/","name":"El Diario de Tucuman","description":"Diario Tucuman - Informaci\u00f3n y noticias","publisher":{"@id":"https:\/\/www.eldiariodetucuman.com\/web\/#organization"},"potentialAction":[{"@type":"SearchAction","target":{"@type":"EntryPoint","urlTemplate":"https:\/\/www.eldiariodetucuman.com\/web\/?s={search_term_string}"},"query-input":{"@type":"PropertyValueSpecification","valueRequired":true,"valueName":"search_term_string"}}],"inLanguage":"es"},{"@type":"Organization","@id":"https:\/\/www.eldiariodetucuman.com\/web\/#organization","name":"El Diario de Tucuman","url":"https:\/\/www.eldiariodetucuman.com\/web\/","logo":{"@type":"ImageObject","inLanguage":"es","@id":"https:\/\/www.eldiariodetucuman.com\/web\/#\/schema\/logo\/image\/","url":"http:\/\/www.eldiariodetucuman.com\/web\/wp-content\/uploads\/2017\/12\/el-diario-de-tucuman.jpg","contentUrl":"http:\/\/www.eldiariodetucuman.com\/web\/wp-content\/uploads\/2017\/12\/el-diario-de-tucuman.jpg","width":272,"height":92,"caption":"El Diario de Tucuman"},"image":{"@id":"https:\/\/www.eldiariodetucuman.com\/web\/#\/schema\/logo\/image\/"}},{"@type":"Person","@id":"https:\/\/www.eldiariodetucuman.com\/web\/#\/schema\/person\/9250197d75ab5483412e19678b121caa","name":"admin","image":{"@type":"ImageObject","inLanguage":"es","@id":"https:\/\/secure.gravatar.com\/avatar\/c44d117c2be811212c22cb481f6b8384b6873de103fbc49e7a03cc58d7dea4ac?s=96&d=mm&r=g","url":"https:\/\/secure.gravatar.com\/avatar\/c44d117c2be811212c22cb481f6b8384b6873de103fbc49e7a03cc58d7dea4ac?s=96&d=mm&r=g","contentUrl":"https:\/\/secure.gravatar.com\/avatar\/c44d117c2be811212c22cb481f6b8384b6873de103fbc49e7a03cc58d7dea4ac?s=96&d=mm&r=g","caption":"admin"},"url":"https:\/\/www.eldiariodetucuman.com\/web\/author\/admin\/"}]}},"_links":{"self":[{"href":"https:\/\/www.eldiariodetucuman.com\/web\/wp-json\/wp\/v2\/posts\/16109","targetHints":{"allow":["GET"]}}],"collection":[{"href":"https:\/\/www.eldiariodetucuman.com\/web\/wp-json\/wp\/v2\/posts"}],"about":[{"href":"https:\/\/www.eldiariodetucuman.com\/web\/wp-json\/wp\/v2\/types\/post"}],"author":[{"embeddable":true,"href":"https:\/\/www.eldiariodetucuman.com\/web\/wp-json\/wp\/v2\/users\/1"}],"replies":[{"embeddable":true,"href":"https:\/\/www.eldiariodetucuman.com\/web\/wp-json\/wp\/v2\/comments?post=16109"}],"version-history":[{"count":1,"href":"https:\/\/www.eldiariodetucuman.com\/web\/wp-json\/wp\/v2\/posts\/16109\/revisions"}],"predecessor-version":[{"id":16111,"href":"https:\/\/www.eldiariodetucuman.com\/web\/wp-json\/wp\/v2\/posts\/16109\/revisions\/16111"}],"wp:featuredmedia":[{"embeddable":true,"href":"https:\/\/www.eldiariodetucuman.com\/web\/wp-json\/wp\/v2\/media\/16110"}],"wp:attachment":[{"href":"https:\/\/www.eldiariodetucuman.com\/web\/wp-json\/wp\/v2\/media?parent=16109"}],"wp:term":[{"taxonomy":"category","embeddable":true,"href":"https:\/\/www.eldiariodetucuman.com\/web\/wp-json\/wp\/v2\/categories?post=16109"},{"taxonomy":"post_tag","embeddable":true,"href":"https:\/\/www.eldiariodetucuman.com\/web\/wp-json\/wp\/v2\/tags?post=16109"}],"curies":[{"name":"wp","href":"https:\/\/api.w.org\/{rel}","templated":true}]}}