{"id":16106,"date":"2018-09-01T00:08:18","date_gmt":"2018-09-01T03:08:18","guid":{"rendered":"http:\/\/www.eldiariodetucuman.com\/web\/manzur-participo-de-la-cumbre-de-alcaldes-en-uruguay\/"},"modified":"2018-09-01T00:08:19","modified_gmt":"2018-09-01T03:08:19","slug":"manzur-participo-de-la-cumbre-de-alcaldes-en-uruguay","status":"publish","type":"post","link":"https:\/\/www.eldiariodetucuman.com\/web\/manzur-participo-de-la-cumbre-de-alcaldes-en-uruguay\/","title":{"rendered":"Manzur particip\u00f3 de la Cumbre de Alcaldes en Uruguay"},"content":{"rendered":"<div>\n<div readability=\"122\">\n<p>La <strong>XII Cumbre Hemisf\u00e9rica de Alcaldes y Gobiernos Locales<\/strong> reuni\u00f3, en Punta del Este,Uruguay, a gobernadores, intendentes, alcaldes, concejales y l\u00edderes pol\u00edticos de toda Am\u00e9rica Latina para reforzar la uni\u00f3n continental y trazar una agenda de temas para promover el desarrollo local.<\/p>\n<p>De ese evento particip\u00f3 el gobernador tucumano, <strong>Juan Manzur<\/strong>, que expuso la experiencia de la Zona de Integraci\u00f3n del Centro Oeste de Am\u00e9rica del Sur (ZICOSUR), que el mandatario preside desde 2016. En ese sentido, explic\u00f3 que el organismo\u00a0est\u00e1 compuesto por seis pa\u00edses de Am\u00e9rica Latina y 50 estados subnacionales.<\/p>\n<blockquote readability=\"10\">\n<p>Hay que entender la potencialidad que tiene esta regi\u00f3n de la Zicosur. Estamos hablando de una de las m\u00e1s ricas que hay a nivel global. Una regi\u00f3n que tiene m\u00e1s de cuatro millones de kil\u00f3metros cuadrados y 75 millones de habitantes; una regi\u00f3n en la cual todav\u00eda hay muchas asimetr\u00edas e inequidades, pero que tiene una potencialidad tremenda\u201d, explic\u00f3 el gobernador tucumano.<\/p>\n<\/blockquote>\n<p><a href=\"http:\/\/comunicaciontucuman.gob.ar\/wp-content\/uploads\/2018\/08\/Manzur-cumbre-intendentes-uruguay2.jpg\"><img loading=\"lazy\" decoding=\"async\" class=\"size-medium wp-image-176216 alignleft\" src=\"http:\/\/comunicaciontucuman.gob.ar\/wp-content\/uploads\/2018\/08\/Manzur-cumbre-intendentes-uruguay2-300x166.jpg\" alt=\"Manzur-cumbre-intendentes-uruguay2\" width=\"300\" height=\"166\"><\/a><\/p>\n<p>Hizo hincapi\u00e9 en los recursos que concentra la regi\u00f3n: \u201cTiene la reserva de agua dulce m\u00e1s grande del planeta, la mayor producci\u00f3n agr\u00edcola, con soja, ma\u00edz, trigo y todo tipo de legumbres, adem\u00e1s de tener una de las reservas de prote\u00edna animal m\u00e1s significativa. La Zicosur tiene salida a dos oc\u00e9anos: Atl\u00e1ntico y Pac\u00edfico\u201d.<\/p>\n<p>Con un espacio geogr\u00e1fico tan rico, Manzur remarc\u00f3 que los procesos de integraci\u00f3n regional permiten coordinar y cooperar entre diferentes regiones con el objetivo de reforzar las econom\u00edas locales y mejorar la calidad de vida de las comunidades. Y sostuvo que la \u00fanica forma de potenciar la uni\u00f3n entre provincias de diferentes pa\u00edses es \u201cvincul\u00e1ndose y articulando acciones\u201d.<\/p>\n<p>Acompa\u00f1aron al gobernador Manzur el secretario de Relaciones Internacionales de la Provincia, <strong>Jorge Neme<\/strong>; <strong>Mariano Fern\u00e1ndez<\/strong>, subsecretario de Integraci\u00f3n Regional de la Provincia; y los intendentes <strong>Javier Noguer<\/strong>a (Taf\u00ed Viejo) y <strong>Roberto S\u00e1nchez<\/strong> (Concepci\u00f3n).<\/p>\n<p>La presencia del Gobernador en el foro de alcaldes \u201cratifica la pol\u00edtica de Estado de proyectar Tucum\u00e1n a la regi\u00f3n y al mundo. Esta l\u00ednea tiene como virtud conectar las capacidades de la provincia a la regi\u00f3n, buscando nuevos mercados, nuevos negocios, inversiones, intercambio cient\u00edfico-tecnol\u00f3gico y generando corrientes de comunicaci\u00f3n, solidaridad y encuentro con los pueblos de la regi\u00f3n\u201d, indic\u00f3 el secretario de Relaciones Internacionales.<\/p>\n<p>Por su parte, el primer mandatario agradeci\u00f3 la invitaci\u00f3n a la Cumbre de Alcaldes y asegur\u00f3 que ese tipo de encuentros propician el intercambio entre regiones y motivan la cooperaci\u00f3n con organismos internacionales, como la relaci\u00f3n de Tucum\u00e1n con la Organizaci\u00f3n de Estados Americanos (OEA).<\/p>\n<blockquote readability=\"8\">\n<p>Con estas instituciones coordinamos acciones para generar accesibilidad para nuestra gente, cerrar brechas y tener una mirada optimista al futuro\u201d, afirm\u00f3 Manzur.<\/p>\n<\/blockquote>\n<p>Como ejemplos cit\u00f3 la visita del secretario general de la OEA, <strong>Luis Almagro<\/strong>, a Tucum\u00e1n en el mes de mayo pasado; la firma de un documento para luchar contra el cambio clim\u00e1tico con el gobernador de California, <strong>Jerry Brown<\/strong>;\u00a0la vinculaci\u00f3n con el Instituto Interamericano de Cooperacio\u00f3n para la Agricultura (<strong>IICA<\/strong>)\u00a0y record\u00f3 que la\u00a0Zicosur es miembro de la\u00a0Organizaci\u00f3n de Regiones Unidas \/ Foro Global de Asociaciones de Regiones (<strong>ORU-FOGAR<\/strong>).<\/p>\n<p><a href=\"http:\/\/comunicaciontucuman.gob.ar\/wp-content\/uploads\/2018\/08\/Manzur-cumbre-intendentes-uruguay1.jpg\"><img loading=\"lazy\" decoding=\"async\" class=\"size-medium wp-image-176215 aligncenter\" src=\"http:\/\/comunicaciontucuman.gob.ar\/wp-content\/uploads\/2018\/08\/Manzur-cumbre-intendentes-uruguay1-300x166.jpg\" alt=\"Manzur-cumbre-intendentes-uruguay1\" width=\"300\" height=\"166\"><\/a><\/p>\n<p>Finalmente el Gobernador expuso que la Zicosur est\u00e1 en condiciones de \u201cproducir alimentos para abastecer a su propia poblaci\u00f3n y darle de comer a m\u00e1s de tres mil millones de personas en el mundo. Esa es nuestra casa, es lo que somos\u201d, e <strong>invit\u00f3 a los alcaldes y municipalistas de Uruguay a formar parte de la zona de integraci\u00f3n<\/strong>: \u201chay que sumar, integrarnos, vincularnos y conectarnos. Tenemos todo para hacer y construir, por eso estos encuentros a m\u00ed me llenan de entusiasmo y alegr\u00eda\u201d, concluy\u00f3.<\/p>\n<blockquote class=\"mom_quote \"><p>La XII Cumbre Hemisf\u00e9rica de Alcaldes y Gobiernos Locales de Punta del Este, comenz\u00f3 el 29 de agosto, pero tuvo su inauguraci\u00f3n oficial el jueves 30 con la presencia del presidente uruguayo <strong>Tabar\u00e9 V\u00e1zquez<\/strong>. El encuentro busca\u00a0dar continuidad al\u00a0<b>impulso de acuerdos<\/b>\u00a0para\u00a0<b>establecer una agenda pol\u00edtica del municipalismo latinoamericano,\u00a0<\/b>que consolide una\u00a0<b>presencia continental fuerte<\/b>.<\/p><\/blockquote>\n<p>La agenda internacional del Gobierno de Tucum\u00e1n persigue \u201cel objetivo de forjar v\u00ednculos y posicionar a la provincia como una sociedad con vinculaci\u00f3n y conexi\u00f3n con el mundo\u201d, a trav\u00e9s de negocios y pol\u00edticas que generen bien estar para sus habitantes, concluy\u00f3 el secretario, Jorge Neme.<\/p>\n<p>\u00a0<\/p>\n<\/div>\n<\/div>\n<p>Fuente: http:\/\/comunicaciontucuman.gob.ar\/2018\/08\/manzur-participo-de-la-cumbre-de-alcaldes-en-uruguay\/<\/p>\n","protected":false},"excerpt":{"rendered":"<p>La XII Cumbre Hemisf\u00e9rica de Alcaldes y Gobiernos Locales reuni\u00f3, en Punta del Este,Uruguay, a gobernadores, intendentes, alcaldes, concejales y l\u00edderes pol\u00edticos de toda Am\u00e9rica Latina para reforzar la uni\u00f3n continental y trazar una agenda de temas para promover el desarrollo local. De ese evento particip\u00f3 el gobernador tucumano, Juan Manzur, que expuso la experiencia [&hellip;]<\/p>\n","protected":false},"author":1,"featured_media":16107,"comment_status":"open","ping_status":"closed","sticky":false,"template":"","format":"standard","meta":{"footnotes":""},"categories":[3],"tags":[],"class_list":{"0":"post-16106","1":"post","2":"type-post","3":"status-publish","4":"format-standard","5":"has-post-thumbnail","7":"category-politica"},"yoast_head":"<!-- This site is optimized with the Yoast SEO plugin v27.4 - https:\/\/yoast.com\/product\/yoast-seo-wordpress\/ -->\n<title>Manzur particip\u00f3 de la Cumbre de Alcaldes en Uruguay - El Diario de Tucuman<\/title>\n<meta name=\"robots\" content=\"index, follow, max-snippet:-1, max-image-preview:large, max-video-preview:-1\" \/>\n<link rel=\"canonical\" href=\"https:\/\/www.eldiariodetucuman.com\/web\/manzur-participo-de-la-cumbre-de-alcaldes-en-uruguay\/\" \/>\n<meta property=\"og:locale\" content=\"es_ES\" \/>\n<meta property=\"og:type\" content=\"article\" \/>\n<meta property=\"og:title\" content=\"Manzur particip\u00f3 de la Cumbre de Alcaldes en Uruguay - El Diario de Tucuman\" \/>\n<meta property=\"og:description\" content=\"La XII Cumbre Hemisf\u00e9rica de Alcaldes y Gobiernos Locales reuni\u00f3, en Punta del Este,Uruguay, a gobernadores, intendentes, alcaldes, concejales y l\u00edderes pol\u00edticos de toda Am\u00e9rica Latina para reforzar la uni\u00f3n continental y trazar una agenda de temas para promover el desarrollo local. De ese evento particip\u00f3 el gobernador tucumano, Juan Manzur, que expuso la experiencia [&hellip;]\" \/>\n<meta property=\"og:url\" content=\"https:\/\/www.eldiariodetucuman.com\/web\/manzur-participo-de-la-cumbre-de-alcaldes-en-uruguay\/\" \/>\n<meta property=\"og:site_name\" content=\"El Diario de Tucuman\" \/>\n<meta property=\"article:published_time\" content=\"2018-09-01T03:08:18+00:00\" \/>\n<meta property=\"article:modified_time\" content=\"2018-09-01T03:08:19+00:00\" \/>\n<meta property=\"og:image\" content=\"https:\/\/www.eldiariodetucuman.com\/web\/wp-content\/uploads\/2018\/09\/0f3777b071f6c28ecbb0061d24ce8d0a.jpeg\" \/>\n\t<meta property=\"og:image:width\" content=\"300\" \/>\n\t<meta property=\"og:image:height\" content=\"166\" \/>\n\t<meta property=\"og:image:type\" content=\"image\/jpeg\" \/>\n<meta name=\"author\" content=\"admin\" \/>\n<meta name=\"twitter:card\" content=\"summary_large_image\" \/>\n<meta name=\"twitter:label1\" content=\"Escrito por\" \/>\n\t<meta name=\"twitter:data1\" content=\"admin\" \/>\n\t<meta name=\"twitter:label2\" content=\"Tiempo de lectura\" \/>\n\t<meta name=\"twitter:data2\" content=\"4 minutos\" \/>\n<script type=\"application\/ld+json\" class=\"yoast-schema-graph\">{\"@context\":\"https:\\\/\\\/schema.org\",\"@graph\":[{\"@type\":\"Article\",\"@id\":\"https:\\\/\\\/www.eldiariodetucuman.com\\\/web\\\/manzur-participo-de-la-cumbre-de-alcaldes-en-uruguay\\\/#article\",\"isPartOf\":{\"@id\":\"https:\\\/\\\/www.eldiariodetucuman.com\\\/web\\\/manzur-participo-de-la-cumbre-de-alcaldes-en-uruguay\\\/\"},\"author\":{\"name\":\"admin\",\"@id\":\"https:\\\/\\\/www.eldiariodetucuman.com\\\/web\\\/#\\\/schema\\\/person\\\/9250197d75ab5483412e19678b121caa\"},\"headline\":\"Manzur particip\u00f3 de la Cumbre de Alcaldes en Uruguay\",\"datePublished\":\"2018-09-01T03:08:18+00:00\",\"dateModified\":\"2018-09-01T03:08:19+00:00\",\"mainEntityOfPage\":{\"@id\":\"https:\\\/\\\/www.eldiariodetucuman.com\\\/web\\\/manzur-participo-de-la-cumbre-de-alcaldes-en-uruguay\\\/\"},\"wordCount\":775,\"commentCount\":0,\"publisher\":{\"@id\":\"https:\\\/\\\/www.eldiariodetucuman.com\\\/web\\\/#organization\"},\"image\":{\"@id\":\"https:\\\/\\\/www.eldiariodetucuman.com\\\/web\\\/manzur-participo-de-la-cumbre-de-alcaldes-en-uruguay\\\/#primaryimage\"},\"thumbnailUrl\":\"https:\\\/\\\/www.eldiariodetucuman.com\\\/web\\\/wp-content\\\/uploads\\\/2018\\\/09\\\/0f3777b071f6c28ecbb0061d24ce8d0a.jpeg\",\"articleSection\":[\"Politica\"],\"inLanguage\":\"es\",\"potentialAction\":[{\"@type\":\"CommentAction\",\"name\":\"Comment\",\"target\":[\"https:\\\/\\\/www.eldiariodetucuman.com\\\/web\\\/manzur-participo-de-la-cumbre-de-alcaldes-en-uruguay\\\/#respond\"]}]},{\"@type\":\"WebPage\",\"@id\":\"https:\\\/\\\/www.eldiariodetucuman.com\\\/web\\\/manzur-participo-de-la-cumbre-de-alcaldes-en-uruguay\\\/\",\"url\":\"https:\\\/\\\/www.eldiariodetucuman.com\\\/web\\\/manzur-participo-de-la-cumbre-de-alcaldes-en-uruguay\\\/\",\"name\":\"Manzur particip\u00f3 de la Cumbre de Alcaldes en Uruguay - El Diario de Tucuman\",\"isPartOf\":{\"@id\":\"https:\\\/\\\/www.eldiariodetucuman.com\\\/web\\\/#website\"},\"primaryImageOfPage\":{\"@id\":\"https:\\\/\\\/www.eldiariodetucuman.com\\\/web\\\/manzur-participo-de-la-cumbre-de-alcaldes-en-uruguay\\\/#primaryimage\"},\"image\":{\"@id\":\"https:\\\/\\\/www.eldiariodetucuman.com\\\/web\\\/manzur-participo-de-la-cumbre-de-alcaldes-en-uruguay\\\/#primaryimage\"},\"thumbnailUrl\":\"https:\\\/\\\/www.eldiariodetucuman.com\\\/web\\\/wp-content\\\/uploads\\\/2018\\\/09\\\/0f3777b071f6c28ecbb0061d24ce8d0a.jpeg\",\"datePublished\":\"2018-09-01T03:08:18+00:00\",\"dateModified\":\"2018-09-01T03:08:19+00:00\",\"breadcrumb\":{\"@id\":\"https:\\\/\\\/www.eldiariodetucuman.com\\\/web\\\/manzur-participo-de-la-cumbre-de-alcaldes-en-uruguay\\\/#breadcrumb\"},\"inLanguage\":\"es\",\"potentialAction\":[{\"@type\":\"ReadAction\",\"target\":[\"https:\\\/\\\/www.eldiariodetucuman.com\\\/web\\\/manzur-participo-de-la-cumbre-de-alcaldes-en-uruguay\\\/\"]}]},{\"@type\":\"ImageObject\",\"inLanguage\":\"es\",\"@id\":\"https:\\\/\\\/www.eldiariodetucuman.com\\\/web\\\/manzur-participo-de-la-cumbre-de-alcaldes-en-uruguay\\\/#primaryimage\",\"url\":\"https:\\\/\\\/www.eldiariodetucuman.com\\\/web\\\/wp-content\\\/uploads\\\/2018\\\/09\\\/0f3777b071f6c28ecbb0061d24ce8d0a.jpeg\",\"contentUrl\":\"https:\\\/\\\/www.eldiariodetucuman.com\\\/web\\\/wp-content\\\/uploads\\\/2018\\\/09\\\/0f3777b071f6c28ecbb0061d24ce8d0a.jpeg\",\"width\":300,\"height\":166},{\"@type\":\"BreadcrumbList\",\"@id\":\"https:\\\/\\\/www.eldiariodetucuman.com\\\/web\\\/manzur-participo-de-la-cumbre-de-alcaldes-en-uruguay\\\/#breadcrumb\",\"itemListElement\":[{\"@type\":\"ListItem\",\"position\":1,\"name\":\"Portada\",\"item\":\"https:\\\/\\\/www.eldiariodetucuman.com\\\/web\\\/\"},{\"@type\":\"ListItem\",\"position\":2,\"name\":\"Manzur particip\u00f3 de la Cumbre de Alcaldes en Uruguay\"}]},{\"@type\":\"WebSite\",\"@id\":\"https:\\\/\\\/www.eldiariodetucuman.com\\\/web\\\/#website\",\"url\":\"https:\\\/\\\/www.eldiariodetucuman.com\\\/web\\\/\",\"name\":\"El Diario de Tucuman\",\"description\":\"Diario Tucuman - Informaci\u00f3n y noticias\",\"publisher\":{\"@id\":\"https:\\\/\\\/www.eldiariodetucuman.com\\\/web\\\/#organization\"},\"potentialAction\":[{\"@type\":\"SearchAction\",\"target\":{\"@type\":\"EntryPoint\",\"urlTemplate\":\"https:\\\/\\\/www.eldiariodetucuman.com\\\/web\\\/?s={search_term_string}\"},\"query-input\":{\"@type\":\"PropertyValueSpecification\",\"valueRequired\":true,\"valueName\":\"search_term_string\"}}],\"inLanguage\":\"es\"},{\"@type\":\"Organization\",\"@id\":\"https:\\\/\\\/www.eldiariodetucuman.com\\\/web\\\/#organization\",\"name\":\"El Diario de Tucuman\",\"url\":\"https:\\\/\\\/www.eldiariodetucuman.com\\\/web\\\/\",\"logo\":{\"@type\":\"ImageObject\",\"inLanguage\":\"es\",\"@id\":\"https:\\\/\\\/www.eldiariodetucuman.com\\\/web\\\/#\\\/schema\\\/logo\\\/image\\\/\",\"url\":\"http:\\\/\\\/www.eldiariodetucuman.com\\\/web\\\/wp-content\\\/uploads\\\/2017\\\/12\\\/el-diario-de-tucuman.jpg\",\"contentUrl\":\"http:\\\/\\\/www.eldiariodetucuman.com\\\/web\\\/wp-content\\\/uploads\\\/2017\\\/12\\\/el-diario-de-tucuman.jpg\",\"width\":272,\"height\":92,\"caption\":\"El Diario de Tucuman\"},\"image\":{\"@id\":\"https:\\\/\\\/www.eldiariodetucuman.com\\\/web\\\/#\\\/schema\\\/logo\\\/image\\\/\"}},{\"@type\":\"Person\",\"@id\":\"https:\\\/\\\/www.eldiariodetucuman.com\\\/web\\\/#\\\/schema\\\/person\\\/9250197d75ab5483412e19678b121caa\",\"name\":\"admin\",\"image\":{\"@type\":\"ImageObject\",\"inLanguage\":\"es\",\"@id\":\"https:\\\/\\\/secure.gravatar.com\\\/avatar\\\/c44d117c2be811212c22cb481f6b8384b6873de103fbc49e7a03cc58d7dea4ac?s=96&d=mm&r=g\",\"url\":\"https:\\\/\\\/secure.gravatar.com\\\/avatar\\\/c44d117c2be811212c22cb481f6b8384b6873de103fbc49e7a03cc58d7dea4ac?s=96&d=mm&r=g\",\"contentUrl\":\"https:\\\/\\\/secure.gravatar.com\\\/avatar\\\/c44d117c2be811212c22cb481f6b8384b6873de103fbc49e7a03cc58d7dea4ac?s=96&d=mm&r=g\",\"caption\":\"admin\"},\"url\":\"https:\\\/\\\/www.eldiariodetucuman.com\\\/web\\\/author\\\/admin\\\/\"}]}<\/script>\n<!-- \/ Yoast SEO plugin. -->","yoast_head_json":{"title":"Manzur particip\u00f3 de la Cumbre de Alcaldes en Uruguay - El Diario de Tucuman","robots":{"index":"index","follow":"follow","max-snippet":"max-snippet:-1","max-image-preview":"max-image-preview:large","max-video-preview":"max-video-preview:-1"},"canonical":"https:\/\/www.eldiariodetucuman.com\/web\/manzur-participo-de-la-cumbre-de-alcaldes-en-uruguay\/","og_locale":"es_ES","og_type":"article","og_title":"Manzur particip\u00f3 de la Cumbre de Alcaldes en Uruguay - El Diario de Tucuman","og_description":"La XII Cumbre Hemisf\u00e9rica de Alcaldes y Gobiernos Locales reuni\u00f3, en Punta del Este,Uruguay, a gobernadores, intendentes, alcaldes, concejales y l\u00edderes pol\u00edticos de toda Am\u00e9rica Latina para reforzar la uni\u00f3n continental y trazar una agenda de temas para promover el desarrollo local. De ese evento particip\u00f3 el gobernador tucumano, Juan Manzur, que expuso la experiencia [&hellip;]","og_url":"https:\/\/www.eldiariodetucuman.com\/web\/manzur-participo-de-la-cumbre-de-alcaldes-en-uruguay\/","og_site_name":"El Diario de Tucuman","article_published_time":"2018-09-01T03:08:18+00:00","article_modified_time":"2018-09-01T03:08:19+00:00","og_image":[{"width":300,"height":166,"url":"https:\/\/www.eldiariodetucuman.com\/web\/wp-content\/uploads\/2018\/09\/0f3777b071f6c28ecbb0061d24ce8d0a.jpeg","type":"image\/jpeg"}],"author":"admin","twitter_card":"summary_large_image","twitter_misc":{"Escrito por":"admin","Tiempo de lectura":"4 minutos"},"schema":{"@context":"https:\/\/schema.org","@graph":[{"@type":"Article","@id":"https:\/\/www.eldiariodetucuman.com\/web\/manzur-participo-de-la-cumbre-de-alcaldes-en-uruguay\/#article","isPartOf":{"@id":"https:\/\/www.eldiariodetucuman.com\/web\/manzur-participo-de-la-cumbre-de-alcaldes-en-uruguay\/"},"author":{"name":"admin","@id":"https:\/\/www.eldiariodetucuman.com\/web\/#\/schema\/person\/9250197d75ab5483412e19678b121caa"},"headline":"Manzur particip\u00f3 de la Cumbre de Alcaldes en Uruguay","datePublished":"2018-09-01T03:08:18+00:00","dateModified":"2018-09-01T03:08:19+00:00","mainEntityOfPage":{"@id":"https:\/\/www.eldiariodetucuman.com\/web\/manzur-participo-de-la-cumbre-de-alcaldes-en-uruguay\/"},"wordCount":775,"commentCount":0,"publisher":{"@id":"https:\/\/www.eldiariodetucuman.com\/web\/#organization"},"image":{"@id":"https:\/\/www.eldiariodetucuman.com\/web\/manzur-participo-de-la-cumbre-de-alcaldes-en-uruguay\/#primaryimage"},"thumbnailUrl":"https:\/\/www.eldiariodetucuman.com\/web\/wp-content\/uploads\/2018\/09\/0f3777b071f6c28ecbb0061d24ce8d0a.jpeg","articleSection":["Politica"],"inLanguage":"es","potentialAction":[{"@type":"CommentAction","name":"Comment","target":["https:\/\/www.eldiariodetucuman.com\/web\/manzur-participo-de-la-cumbre-de-alcaldes-en-uruguay\/#respond"]}]},{"@type":"WebPage","@id":"https:\/\/www.eldiariodetucuman.com\/web\/manzur-participo-de-la-cumbre-de-alcaldes-en-uruguay\/","url":"https:\/\/www.eldiariodetucuman.com\/web\/manzur-participo-de-la-cumbre-de-alcaldes-en-uruguay\/","name":"Manzur particip\u00f3 de la Cumbre de Alcaldes en Uruguay - El Diario de Tucuman","isPartOf":{"@id":"https:\/\/www.eldiariodetucuman.com\/web\/#website"},"primaryImageOfPage":{"@id":"https:\/\/www.eldiariodetucuman.com\/web\/manzur-participo-de-la-cumbre-de-alcaldes-en-uruguay\/#primaryimage"},"image":{"@id":"https:\/\/www.eldiariodetucuman.com\/web\/manzur-participo-de-la-cumbre-de-alcaldes-en-uruguay\/#primaryimage"},"thumbnailUrl":"https:\/\/www.eldiariodetucuman.com\/web\/wp-content\/uploads\/2018\/09\/0f3777b071f6c28ecbb0061d24ce8d0a.jpeg","datePublished":"2018-09-01T03:08:18+00:00","dateModified":"2018-09-01T03:08:19+00:00","breadcrumb":{"@id":"https:\/\/www.eldiariodetucuman.com\/web\/manzur-participo-de-la-cumbre-de-alcaldes-en-uruguay\/#breadcrumb"},"inLanguage":"es","potentialAction":[{"@type":"ReadAction","target":["https:\/\/www.eldiariodetucuman.com\/web\/manzur-participo-de-la-cumbre-de-alcaldes-en-uruguay\/"]}]},{"@type":"ImageObject","inLanguage":"es","@id":"https:\/\/www.eldiariodetucuman.com\/web\/manzur-participo-de-la-cumbre-de-alcaldes-en-uruguay\/#primaryimage","url":"https:\/\/www.eldiariodetucuman.com\/web\/wp-content\/uploads\/2018\/09\/0f3777b071f6c28ecbb0061d24ce8d0a.jpeg","contentUrl":"https:\/\/www.eldiariodetucuman.com\/web\/wp-content\/uploads\/2018\/09\/0f3777b071f6c28ecbb0061d24ce8d0a.jpeg","width":300,"height":166},{"@type":"BreadcrumbList","@id":"https:\/\/www.eldiariodetucuman.com\/web\/manzur-participo-de-la-cumbre-de-alcaldes-en-uruguay\/#breadcrumb","itemListElement":[{"@type":"ListItem","position":1,"name":"Portada","item":"https:\/\/www.eldiariodetucuman.com\/web\/"},{"@type":"ListItem","position":2,"name":"Manzur particip\u00f3 de la Cumbre de Alcaldes en Uruguay"}]},{"@type":"WebSite","@id":"https:\/\/www.eldiariodetucuman.com\/web\/#website","url":"https:\/\/www.eldiariodetucuman.com\/web\/","name":"El Diario de Tucuman","description":"Diario Tucuman - Informaci\u00f3n y noticias","publisher":{"@id":"https:\/\/www.eldiariodetucuman.com\/web\/#organization"},"potentialAction":[{"@type":"SearchAction","target":{"@type":"EntryPoint","urlTemplate":"https:\/\/www.eldiariodetucuman.com\/web\/?s={search_term_string}"},"query-input":{"@type":"PropertyValueSpecification","valueRequired":true,"valueName":"search_term_string"}}],"inLanguage":"es"},{"@type":"Organization","@id":"https:\/\/www.eldiariodetucuman.com\/web\/#organization","name":"El Diario de Tucuman","url":"https:\/\/www.eldiariodetucuman.com\/web\/","logo":{"@type":"ImageObject","inLanguage":"es","@id":"https:\/\/www.eldiariodetucuman.com\/web\/#\/schema\/logo\/image\/","url":"http:\/\/www.eldiariodetucuman.com\/web\/wp-content\/uploads\/2017\/12\/el-diario-de-tucuman.jpg","contentUrl":"http:\/\/www.eldiariodetucuman.com\/web\/wp-content\/uploads\/2017\/12\/el-diario-de-tucuman.jpg","width":272,"height":92,"caption":"El Diario de Tucuman"},"image":{"@id":"https:\/\/www.eldiariodetucuman.com\/web\/#\/schema\/logo\/image\/"}},{"@type":"Person","@id":"https:\/\/www.eldiariodetucuman.com\/web\/#\/schema\/person\/9250197d75ab5483412e19678b121caa","name":"admin","image":{"@type":"ImageObject","inLanguage":"es","@id":"https:\/\/secure.gravatar.com\/avatar\/c44d117c2be811212c22cb481f6b8384b6873de103fbc49e7a03cc58d7dea4ac?s=96&d=mm&r=g","url":"https:\/\/secure.gravatar.com\/avatar\/c44d117c2be811212c22cb481f6b8384b6873de103fbc49e7a03cc58d7dea4ac?s=96&d=mm&r=g","contentUrl":"https:\/\/secure.gravatar.com\/avatar\/c44d117c2be811212c22cb481f6b8384b6873de103fbc49e7a03cc58d7dea4ac?s=96&d=mm&r=g","caption":"admin"},"url":"https:\/\/www.eldiariodetucuman.com\/web\/author\/admin\/"}]}},"_links":{"self":[{"href":"https:\/\/www.eldiariodetucuman.com\/web\/wp-json\/wp\/v2\/posts\/16106","targetHints":{"allow":["GET"]}}],"collection":[{"href":"https:\/\/www.eldiariodetucuman.com\/web\/wp-json\/wp\/v2\/posts"}],"about":[{"href":"https:\/\/www.eldiariodetucuman.com\/web\/wp-json\/wp\/v2\/types\/post"}],"author":[{"embeddable":true,"href":"https:\/\/www.eldiariodetucuman.com\/web\/wp-json\/wp\/v2\/users\/1"}],"replies":[{"embeddable":true,"href":"https:\/\/www.eldiariodetucuman.com\/web\/wp-json\/wp\/v2\/comments?post=16106"}],"version-history":[{"count":1,"href":"https:\/\/www.eldiariodetucuman.com\/web\/wp-json\/wp\/v2\/posts\/16106\/revisions"}],"predecessor-version":[{"id":16108,"href":"https:\/\/www.eldiariodetucuman.com\/web\/wp-json\/wp\/v2\/posts\/16106\/revisions\/16108"}],"wp:featuredmedia":[{"embeddable":true,"href":"https:\/\/www.eldiariodetucuman.com\/web\/wp-json\/wp\/v2\/media\/16107"}],"wp:attachment":[{"href":"https:\/\/www.eldiariodetucuman.com\/web\/wp-json\/wp\/v2\/media?parent=16106"}],"wp:term":[{"taxonomy":"category","embeddable":true,"href":"https:\/\/www.eldiariodetucuman.com\/web\/wp-json\/wp\/v2\/categories?post=16106"},{"taxonomy":"post_tag","embeddable":true,"href":"https:\/\/www.eldiariodetucuman.com\/web\/wp-json\/wp\/v2\/tags?post=16106"}],"curies":[{"name":"wp","href":"https:\/\/api.w.org\/{rel}","templated":true}]}}