{"id":16102,"date":"2018-08-31T13:27:02","date_gmt":"2018-08-31T16:27:02","guid":{"rendered":"http:\/\/www.eldiariodetucuman.com\/web\/?p=16102"},"modified":"2018-08-31T13:27:30","modified_gmt":"2018-08-31T16:27:30","slug":"diez-trabajadores-pierden-su-empleo-por-la-reestructuracion-de-la-gaceta","status":"publish","type":"post","link":"https:\/\/www.eldiariodetucuman.com\/web\/diez-trabajadores-pierden-su-empleo-por-la-reestructuracion-de-la-gaceta\/","title":{"rendered":"Diez trabajadores pierden su empleo por la reestructuraci\u00f3n de La Gaceta"},"content":{"rendered":"<div class=\"td-post-header td-image-gradient-style8\">\n<div class=\"td-post-header-holder\">Seg\u00fan informa el sitio Gremiales Tucumanas, luego de 4 a\u00f1os de buscar expandir su \u00e1rea de influencia, la empresa period\u00edstica\u00a0<strong>La Gaceta S.A.<\/strong>\u00a0decidi\u00f3 terminar con su proyecto digital \u201c<a href=\"https:\/\/www.lagacetasalta.com.ar\/?_ga=2.88084626.847817339.1535553912-423769086.1532997345\"><em>La Gaceta Salta<\/em><\/a>\u201c, dejando en la calle 10 nuevos trabajadores desempleados.<\/div>\n<\/div>\n<p><!--more--><\/p>\n<div class=\"td-post-template-8-box\">\n<div class=\"td-container\">\n<div class=\"td-pb-row\">\n<div class=\"td-pb-span8 td-main-content\" role=\"main\">\n<div class=\"td-ss-main-content\">\n<div class=\"td-post-content\">\n<p>En di\u00e1logo con\u00a0<a href=\"http:\/\/www.gremialestucumanas.com.ar\/\">Gremiales Tucumanas<\/a>, uno de los trabajadores que se desempe\u00f1aba en la redacci\u00f3n de La Gaceta Salta\u00a0 explic\u00f3 el desenlace del conflicto: \u201cEl pasado 8 de Agosto nos comunicaron que la empresa hab\u00eda decidido terminar con el proyecto en Salta. Alegaron cuestiones econ\u00f3micas, remarcando que\u00a0<em>La Gaceta Salta<\/em>\u00a0siempre di\u00f3 p\u00e9rdidas. Despu\u00e9s nos ofrecieron la posibilidad de ir a trabajar a Tucum\u00e1n, en las mismas condiciones laborales pero nadie acept\u00f3, y finalmente\u00a0 se consensu\u00f3\u00a0 diagramar un proyecto de reestructuraci\u00f3n que permita salvar algunos puestos de trabajo\u201d.<\/p>\n<p>Con la premisa de reducir el personal al m\u00ednimo para achicar al m\u00e1ximo los gastos, los trabajadores de prensa de \u201cLa Gaceta Salta\u201d avanzaron en el proyecto que pareciera haber recibido el aval de la empresa. \u201cEl proyecto se arm\u00f3 y hasta donde sabemos fue aceptado. El proyecto va a ser muy distinto, van a quedar trabajando 6 personas entre administrativos y periodistas\u201d, se\u00f1al\u00f3 un ex trabajador de La Gaceta Salta que pidio que se reservara su identidad.<\/p>\n<p>De esta manera, este viernes fue la \u00faltima jornada laboral de 10 trabajadores\u00a0 de prensa que prestaban servicios para La Gaceta S.A.<\/p>\n<p><strong>Fuente:<\/strong>\u00a0<a href=\"http:\/\/www.gremialestucumanas.com.ar\/index.php\/2018\/08\/31\/la-gaceta-se-reestructura-y-deja-10-trabajadores-en-la-calle\/\">http:\/\/www.gremialestucumanas.com.ar\/index.php\/2018\/08\/31\/la-gaceta-se-reestructura-y-deja-10-trabajadores-en-la-calle\/<\/a><\/p>\n<\/div>\n<\/div>\n<\/div>\n<\/div>\n<\/div>\n<\/div>\n<p>&nbsp;<\/p>\n","protected":false},"excerpt":{"rendered":"<p>Seg\u00fan informa el sitio Gremiales Tucumanas, luego de 4 a\u00f1os de buscar expandir su \u00e1rea de influencia, la empresa period\u00edstica\u00a0La Gaceta S.A.\u00a0decidi\u00f3 terminar con su proyecto digital \u201cLa Gaceta Salta\u201c, dejando en la calle 10 nuevos trabajadores desempleados.<\/p>\n","protected":false},"author":5,"featured_media":16103,"comment_status":"closed","ping_status":"open","sticky":false,"template":"","format":"standard","meta":{"footnotes":""},"categories":[2],"tags":[1854,1479,1998,840,61],"class_list":{"0":"post-16102","1":"post","2":"type-post","3":"status-publish","4":"format-standard","5":"has-post-thumbnail","7":"category-actualidad","8":"tag-crisis","9":"tag-la-gaceta","10":"tag-medio","11":"tag-salta","12":"tag-tucuman"},"yoast_head":"<!-- This site is optimized with the Yoast SEO plugin v27.4 - https:\/\/yoast.com\/product\/yoast-seo-wordpress\/ -->\n<title>Diez trabajadores pierden su empleo por la reestructuraci\u00f3n de La Gaceta - El Diario de Tucuman<\/title>\n<meta name=\"robots\" content=\"index, follow, max-snippet:-1, max-image-preview:large, max-video-preview:-1\" \/>\n<link rel=\"canonical\" href=\"https:\/\/www.eldiariodetucuman.com\/web\/diez-trabajadores-pierden-su-empleo-por-la-reestructuracion-de-la-gaceta\/\" \/>\n<meta property=\"og:locale\" content=\"es_ES\" \/>\n<meta property=\"og:type\" content=\"article\" \/>\n<meta property=\"og:title\" content=\"Diez trabajadores pierden su empleo por la reestructuraci\u00f3n de La Gaceta - El Diario de Tucuman\" \/>\n<meta property=\"og:description\" content=\"Seg\u00fan informa el sitio Gremiales Tucumanas, luego de 4 a\u00f1os de buscar expandir su \u00e1rea de influencia, la empresa period\u00edstica\u00a0La Gaceta S.A.\u00a0decidi\u00f3 terminar con su proyecto digital \u201cLa Gaceta Salta\u201c, dejando en la calle 10 nuevos trabajadores desempleados.\" \/>\n<meta property=\"og:url\" content=\"https:\/\/www.eldiariodetucuman.com\/web\/diez-trabajadores-pierden-su-empleo-por-la-reestructuracion-de-la-gaceta\/\" \/>\n<meta property=\"og:site_name\" content=\"El Diario de Tucuman\" \/>\n<meta property=\"article:published_time\" content=\"2018-08-31T16:27:02+00:00\" \/>\n<meta property=\"article:modified_time\" content=\"2018-08-31T16:27:30+00:00\" \/>\n<meta property=\"og:image\" content=\"https:\/\/www.eldiariodetucuman.com\/web\/wp-content\/uploads\/2018\/08\/lgsalta.jpg\" \/>\n\t<meta property=\"og:image:width\" content=\"680\" \/>\n\t<meta property=\"og:image:height\" content=\"510\" \/>\n\t<meta property=\"og:image:type\" content=\"image\/jpeg\" \/>\n<meta name=\"author\" content=\"Redactor Uno\" \/>\n<meta name=\"twitter:card\" content=\"summary_large_image\" \/>\n<meta name=\"twitter:label1\" content=\"Escrito por\" \/>\n\t<meta name=\"twitter:data1\" content=\"Redactor Uno\" \/>\n\t<meta name=\"twitter:label2\" content=\"Tiempo de lectura\" \/>\n\t<meta name=\"twitter:data2\" content=\"1 minuto\" \/>\n<script type=\"application\/ld+json\" class=\"yoast-schema-graph\">{\"@context\":\"https:\\\/\\\/schema.org\",\"@graph\":[{\"@type\":\"Article\",\"@id\":\"https:\\\/\\\/www.eldiariodetucuman.com\\\/web\\\/diez-trabajadores-pierden-su-empleo-por-la-reestructuracion-de-la-gaceta\\\/#article\",\"isPartOf\":{\"@id\":\"https:\\\/\\\/www.eldiariodetucuman.com\\\/web\\\/diez-trabajadores-pierden-su-empleo-por-la-reestructuracion-de-la-gaceta\\\/\"},\"author\":{\"name\":\"Redactor Uno\",\"@id\":\"https:\\\/\\\/www.eldiariodetucuman.com\\\/web\\\/#\\\/schema\\\/person\\\/7e6644a46e60888f6b868594407e08dd\"},\"headline\":\"Diez trabajadores pierden su empleo por la reestructuraci\u00f3n de La Gaceta\",\"datePublished\":\"2018-08-31T16:27:02+00:00\",\"dateModified\":\"2018-08-31T16:27:30+00:00\",\"mainEntityOfPage\":{\"@id\":\"https:\\\/\\\/www.eldiariodetucuman.com\\\/web\\\/diez-trabajadores-pierden-su-empleo-por-la-reestructuracion-de-la-gaceta\\\/\"},\"wordCount\":263,\"publisher\":{\"@id\":\"https:\\\/\\\/www.eldiariodetucuman.com\\\/web\\\/#organization\"},\"image\":{\"@id\":\"https:\\\/\\\/www.eldiariodetucuman.com\\\/web\\\/diez-trabajadores-pierden-su-empleo-por-la-reestructuracion-de-la-gaceta\\\/#primaryimage\"},\"thumbnailUrl\":\"https:\\\/\\\/www.eldiariodetucuman.com\\\/web\\\/wp-content\\\/uploads\\\/2018\\\/08\\\/lgsalta.jpg\",\"keywords\":[\"crisis\",\"La Gaceta\",\"medio\",\"salta\",\"Tucuman\"],\"articleSection\":[\"Actualidad\"],\"inLanguage\":\"es\"},{\"@type\":\"WebPage\",\"@id\":\"https:\\\/\\\/www.eldiariodetucuman.com\\\/web\\\/diez-trabajadores-pierden-su-empleo-por-la-reestructuracion-de-la-gaceta\\\/\",\"url\":\"https:\\\/\\\/www.eldiariodetucuman.com\\\/web\\\/diez-trabajadores-pierden-su-empleo-por-la-reestructuracion-de-la-gaceta\\\/\",\"name\":\"Diez trabajadores pierden su empleo por la reestructuraci\u00f3n de La Gaceta - El Diario de Tucuman\",\"isPartOf\":{\"@id\":\"https:\\\/\\\/www.eldiariodetucuman.com\\\/web\\\/#website\"},\"primaryImageOfPage\":{\"@id\":\"https:\\\/\\\/www.eldiariodetucuman.com\\\/web\\\/diez-trabajadores-pierden-su-empleo-por-la-reestructuracion-de-la-gaceta\\\/#primaryimage\"},\"image\":{\"@id\":\"https:\\\/\\\/www.eldiariodetucuman.com\\\/web\\\/diez-trabajadores-pierden-su-empleo-por-la-reestructuracion-de-la-gaceta\\\/#primaryimage\"},\"thumbnailUrl\":\"https:\\\/\\\/www.eldiariodetucuman.com\\\/web\\\/wp-content\\\/uploads\\\/2018\\\/08\\\/lgsalta.jpg\",\"datePublished\":\"2018-08-31T16:27:02+00:00\",\"dateModified\":\"2018-08-31T16:27:30+00:00\",\"breadcrumb\":{\"@id\":\"https:\\\/\\\/www.eldiariodetucuman.com\\\/web\\\/diez-trabajadores-pierden-su-empleo-por-la-reestructuracion-de-la-gaceta\\\/#breadcrumb\"},\"inLanguage\":\"es\",\"potentialAction\":[{\"@type\":\"ReadAction\",\"target\":[\"https:\\\/\\\/www.eldiariodetucuman.com\\\/web\\\/diez-trabajadores-pierden-su-empleo-por-la-reestructuracion-de-la-gaceta\\\/\"]}]},{\"@type\":\"ImageObject\",\"inLanguage\":\"es\",\"@id\":\"https:\\\/\\\/www.eldiariodetucuman.com\\\/web\\\/diez-trabajadores-pierden-su-empleo-por-la-reestructuracion-de-la-gaceta\\\/#primaryimage\",\"url\":\"https:\\\/\\\/www.eldiariodetucuman.com\\\/web\\\/wp-content\\\/uploads\\\/2018\\\/08\\\/lgsalta.jpg\",\"contentUrl\":\"https:\\\/\\\/www.eldiariodetucuman.com\\\/web\\\/wp-content\\\/uploads\\\/2018\\\/08\\\/lgsalta.jpg\",\"width\":680,\"height\":510},{\"@type\":\"BreadcrumbList\",\"@id\":\"https:\\\/\\\/www.eldiariodetucuman.com\\\/web\\\/diez-trabajadores-pierden-su-empleo-por-la-reestructuracion-de-la-gaceta\\\/#breadcrumb\",\"itemListElement\":[{\"@type\":\"ListItem\",\"position\":1,\"name\":\"Portada\",\"item\":\"https:\\\/\\\/www.eldiariodetucuman.com\\\/web\\\/\"},{\"@type\":\"ListItem\",\"position\":2,\"name\":\"Diez trabajadores pierden su empleo por la reestructuraci\u00f3n de La Gaceta\"}]},{\"@type\":\"WebSite\",\"@id\":\"https:\\\/\\\/www.eldiariodetucuman.com\\\/web\\\/#website\",\"url\":\"https:\\\/\\\/www.eldiariodetucuman.com\\\/web\\\/\",\"name\":\"El Diario de Tucuman\",\"description\":\"Diario Tucuman - Informaci\u00f3n y noticias\",\"publisher\":{\"@id\":\"https:\\\/\\\/www.eldiariodetucuman.com\\\/web\\\/#organization\"},\"potentialAction\":[{\"@type\":\"SearchAction\",\"target\":{\"@type\":\"EntryPoint\",\"urlTemplate\":\"https:\\\/\\\/www.eldiariodetucuman.com\\\/web\\\/?s={search_term_string}\"},\"query-input\":{\"@type\":\"PropertyValueSpecification\",\"valueRequired\":true,\"valueName\":\"search_term_string\"}}],\"inLanguage\":\"es\"},{\"@type\":\"Organization\",\"@id\":\"https:\\\/\\\/www.eldiariodetucuman.com\\\/web\\\/#organization\",\"name\":\"El Diario de Tucuman\",\"url\":\"https:\\\/\\\/www.eldiariodetucuman.com\\\/web\\\/\",\"logo\":{\"@type\":\"ImageObject\",\"inLanguage\":\"es\",\"@id\":\"https:\\\/\\\/www.eldiariodetucuman.com\\\/web\\\/#\\\/schema\\\/logo\\\/image\\\/\",\"url\":\"http:\\\/\\\/www.eldiariodetucuman.com\\\/web\\\/wp-content\\\/uploads\\\/2017\\\/12\\\/el-diario-de-tucuman.jpg\",\"contentUrl\":\"http:\\\/\\\/www.eldiariodetucuman.com\\\/web\\\/wp-content\\\/uploads\\\/2017\\\/12\\\/el-diario-de-tucuman.jpg\",\"width\":272,\"height\":92,\"caption\":\"El Diario de Tucuman\"},\"image\":{\"@id\":\"https:\\\/\\\/www.eldiariodetucuman.com\\\/web\\\/#\\\/schema\\\/logo\\\/image\\\/\"}},{\"@type\":\"Person\",\"@id\":\"https:\\\/\\\/www.eldiariodetucuman.com\\\/web\\\/#\\\/schema\\\/person\\\/7e6644a46e60888f6b868594407e08dd\",\"name\":\"Redactor Uno\",\"image\":{\"@type\":\"ImageObject\",\"inLanguage\":\"es\",\"@id\":\"https:\\\/\\\/secure.gravatar.com\\\/avatar\\\/0049b1bdf1bd548385c9ea6b9356431717930913089febd2ba904f0187d7d074?s=96&d=mm&r=g\",\"url\":\"https:\\\/\\\/secure.gravatar.com\\\/avatar\\\/0049b1bdf1bd548385c9ea6b9356431717930913089febd2ba904f0187d7d074?s=96&d=mm&r=g\",\"contentUrl\":\"https:\\\/\\\/secure.gravatar.com\\\/avatar\\\/0049b1bdf1bd548385c9ea6b9356431717930913089febd2ba904f0187d7d074?s=96&d=mm&r=g\",\"caption\":\"Redactor Uno\"},\"url\":\"https:\\\/\\\/www.eldiariodetucuman.com\\\/web\\\/author\\\/mramasco\\\/\"}]}<\/script>\n<!-- \/ Yoast SEO plugin. -->","yoast_head_json":{"title":"Diez trabajadores pierden su empleo por la reestructuraci\u00f3n de La Gaceta - El Diario de Tucuman","robots":{"index":"index","follow":"follow","max-snippet":"max-snippet:-1","max-image-preview":"max-image-preview:large","max-video-preview":"max-video-preview:-1"},"canonical":"https:\/\/www.eldiariodetucuman.com\/web\/diez-trabajadores-pierden-su-empleo-por-la-reestructuracion-de-la-gaceta\/","og_locale":"es_ES","og_type":"article","og_title":"Diez trabajadores pierden su empleo por la reestructuraci\u00f3n de La Gaceta - El Diario de Tucuman","og_description":"Seg\u00fan informa el sitio Gremiales Tucumanas, luego de 4 a\u00f1os de buscar expandir su \u00e1rea de influencia, la empresa period\u00edstica\u00a0La Gaceta S.A.\u00a0decidi\u00f3 terminar con su proyecto digital \u201cLa Gaceta Salta\u201c, dejando en la calle 10 nuevos trabajadores desempleados.","og_url":"https:\/\/www.eldiariodetucuman.com\/web\/diez-trabajadores-pierden-su-empleo-por-la-reestructuracion-de-la-gaceta\/","og_site_name":"El Diario de Tucuman","article_published_time":"2018-08-31T16:27:02+00:00","article_modified_time":"2018-08-31T16:27:30+00:00","og_image":[{"width":680,"height":510,"url":"https:\/\/www.eldiariodetucuman.com\/web\/wp-content\/uploads\/2018\/08\/lgsalta.jpg","type":"image\/jpeg"}],"author":"Redactor Uno","twitter_card":"summary_large_image","twitter_misc":{"Escrito por":"Redactor Uno","Tiempo de lectura":"1 minuto"},"schema":{"@context":"https:\/\/schema.org","@graph":[{"@type":"Article","@id":"https:\/\/www.eldiariodetucuman.com\/web\/diez-trabajadores-pierden-su-empleo-por-la-reestructuracion-de-la-gaceta\/#article","isPartOf":{"@id":"https:\/\/www.eldiariodetucuman.com\/web\/diez-trabajadores-pierden-su-empleo-por-la-reestructuracion-de-la-gaceta\/"},"author":{"name":"Redactor Uno","@id":"https:\/\/www.eldiariodetucuman.com\/web\/#\/schema\/person\/7e6644a46e60888f6b868594407e08dd"},"headline":"Diez trabajadores pierden su empleo por la reestructuraci\u00f3n de La Gaceta","datePublished":"2018-08-31T16:27:02+00:00","dateModified":"2018-08-31T16:27:30+00:00","mainEntityOfPage":{"@id":"https:\/\/www.eldiariodetucuman.com\/web\/diez-trabajadores-pierden-su-empleo-por-la-reestructuracion-de-la-gaceta\/"},"wordCount":263,"publisher":{"@id":"https:\/\/www.eldiariodetucuman.com\/web\/#organization"},"image":{"@id":"https:\/\/www.eldiariodetucuman.com\/web\/diez-trabajadores-pierden-su-empleo-por-la-reestructuracion-de-la-gaceta\/#primaryimage"},"thumbnailUrl":"https:\/\/www.eldiariodetucuman.com\/web\/wp-content\/uploads\/2018\/08\/lgsalta.jpg","keywords":["crisis","La Gaceta","medio","salta","Tucuman"],"articleSection":["Actualidad"],"inLanguage":"es"},{"@type":"WebPage","@id":"https:\/\/www.eldiariodetucuman.com\/web\/diez-trabajadores-pierden-su-empleo-por-la-reestructuracion-de-la-gaceta\/","url":"https:\/\/www.eldiariodetucuman.com\/web\/diez-trabajadores-pierden-su-empleo-por-la-reestructuracion-de-la-gaceta\/","name":"Diez trabajadores pierden su empleo por la reestructuraci\u00f3n de La Gaceta - El Diario de Tucuman","isPartOf":{"@id":"https:\/\/www.eldiariodetucuman.com\/web\/#website"},"primaryImageOfPage":{"@id":"https:\/\/www.eldiariodetucuman.com\/web\/diez-trabajadores-pierden-su-empleo-por-la-reestructuracion-de-la-gaceta\/#primaryimage"},"image":{"@id":"https:\/\/www.eldiariodetucuman.com\/web\/diez-trabajadores-pierden-su-empleo-por-la-reestructuracion-de-la-gaceta\/#primaryimage"},"thumbnailUrl":"https:\/\/www.eldiariodetucuman.com\/web\/wp-content\/uploads\/2018\/08\/lgsalta.jpg","datePublished":"2018-08-31T16:27:02+00:00","dateModified":"2018-08-31T16:27:30+00:00","breadcrumb":{"@id":"https:\/\/www.eldiariodetucuman.com\/web\/diez-trabajadores-pierden-su-empleo-por-la-reestructuracion-de-la-gaceta\/#breadcrumb"},"inLanguage":"es","potentialAction":[{"@type":"ReadAction","target":["https:\/\/www.eldiariodetucuman.com\/web\/diez-trabajadores-pierden-su-empleo-por-la-reestructuracion-de-la-gaceta\/"]}]},{"@type":"ImageObject","inLanguage":"es","@id":"https:\/\/www.eldiariodetucuman.com\/web\/diez-trabajadores-pierden-su-empleo-por-la-reestructuracion-de-la-gaceta\/#primaryimage","url":"https:\/\/www.eldiariodetucuman.com\/web\/wp-content\/uploads\/2018\/08\/lgsalta.jpg","contentUrl":"https:\/\/www.eldiariodetucuman.com\/web\/wp-content\/uploads\/2018\/08\/lgsalta.jpg","width":680,"height":510},{"@type":"BreadcrumbList","@id":"https:\/\/www.eldiariodetucuman.com\/web\/diez-trabajadores-pierden-su-empleo-por-la-reestructuracion-de-la-gaceta\/#breadcrumb","itemListElement":[{"@type":"ListItem","position":1,"name":"Portada","item":"https:\/\/www.eldiariodetucuman.com\/web\/"},{"@type":"ListItem","position":2,"name":"Diez trabajadores pierden su empleo por la reestructuraci\u00f3n de La Gaceta"}]},{"@type":"WebSite","@id":"https:\/\/www.eldiariodetucuman.com\/web\/#website","url":"https:\/\/www.eldiariodetucuman.com\/web\/","name":"El Diario de Tucuman","description":"Diario Tucuman - Informaci\u00f3n y noticias","publisher":{"@id":"https:\/\/www.eldiariodetucuman.com\/web\/#organization"},"potentialAction":[{"@type":"SearchAction","target":{"@type":"EntryPoint","urlTemplate":"https:\/\/www.eldiariodetucuman.com\/web\/?s={search_term_string}"},"query-input":{"@type":"PropertyValueSpecification","valueRequired":true,"valueName":"search_term_string"}}],"inLanguage":"es"},{"@type":"Organization","@id":"https:\/\/www.eldiariodetucuman.com\/web\/#organization","name":"El Diario de Tucuman","url":"https:\/\/www.eldiariodetucuman.com\/web\/","logo":{"@type":"ImageObject","inLanguage":"es","@id":"https:\/\/www.eldiariodetucuman.com\/web\/#\/schema\/logo\/image\/","url":"http:\/\/www.eldiariodetucuman.com\/web\/wp-content\/uploads\/2017\/12\/el-diario-de-tucuman.jpg","contentUrl":"http:\/\/www.eldiariodetucuman.com\/web\/wp-content\/uploads\/2017\/12\/el-diario-de-tucuman.jpg","width":272,"height":92,"caption":"El Diario de Tucuman"},"image":{"@id":"https:\/\/www.eldiariodetucuman.com\/web\/#\/schema\/logo\/image\/"}},{"@type":"Person","@id":"https:\/\/www.eldiariodetucuman.com\/web\/#\/schema\/person\/7e6644a46e60888f6b868594407e08dd","name":"Redactor Uno","image":{"@type":"ImageObject","inLanguage":"es","@id":"https:\/\/secure.gravatar.com\/avatar\/0049b1bdf1bd548385c9ea6b9356431717930913089febd2ba904f0187d7d074?s=96&d=mm&r=g","url":"https:\/\/secure.gravatar.com\/avatar\/0049b1bdf1bd548385c9ea6b9356431717930913089febd2ba904f0187d7d074?s=96&d=mm&r=g","contentUrl":"https:\/\/secure.gravatar.com\/avatar\/0049b1bdf1bd548385c9ea6b9356431717930913089febd2ba904f0187d7d074?s=96&d=mm&r=g","caption":"Redactor Uno"},"url":"https:\/\/www.eldiariodetucuman.com\/web\/author\/mramasco\/"}]}},"_links":{"self":[{"href":"https:\/\/www.eldiariodetucuman.com\/web\/wp-json\/wp\/v2\/posts\/16102","targetHints":{"allow":["GET"]}}],"collection":[{"href":"https:\/\/www.eldiariodetucuman.com\/web\/wp-json\/wp\/v2\/posts"}],"about":[{"href":"https:\/\/www.eldiariodetucuman.com\/web\/wp-json\/wp\/v2\/types\/post"}],"author":[{"embeddable":true,"href":"https:\/\/www.eldiariodetucuman.com\/web\/wp-json\/wp\/v2\/users\/5"}],"replies":[{"embeddable":true,"href":"https:\/\/www.eldiariodetucuman.com\/web\/wp-json\/wp\/v2\/comments?post=16102"}],"version-history":[{"count":2,"href":"https:\/\/www.eldiariodetucuman.com\/web\/wp-json\/wp\/v2\/posts\/16102\/revisions"}],"predecessor-version":[{"id":16105,"href":"https:\/\/www.eldiariodetucuman.com\/web\/wp-json\/wp\/v2\/posts\/16102\/revisions\/16105"}],"wp:featuredmedia":[{"embeddable":true,"href":"https:\/\/www.eldiariodetucuman.com\/web\/wp-json\/wp\/v2\/media\/16103"}],"wp:attachment":[{"href":"https:\/\/www.eldiariodetucuman.com\/web\/wp-json\/wp\/v2\/media?parent=16102"}],"wp:term":[{"taxonomy":"category","embeddable":true,"href":"https:\/\/www.eldiariodetucuman.com\/web\/wp-json\/wp\/v2\/categories?post=16102"},{"taxonomy":"post_tag","embeddable":true,"href":"https:\/\/www.eldiariodetucuman.com\/web\/wp-json\/wp\/v2\/tags?post=16102"}],"curies":[{"name":"wp","href":"https:\/\/api.w.org\/{rel}","templated":true}]}}