{"id":16096,"date":"2018-08-31T12:50:37","date_gmt":"2018-08-31T15:50:37","guid":{"rendered":"http:\/\/www.eldiariodetucuman.com\/web\/prostitutas-en-paris-aterradas-tras-mafioso-crimen-de-peruana\/"},"modified":"2018-08-31T12:50:37","modified_gmt":"2018-08-31T15:50:37","slug":"prostitutas-en-paris-aterradas-tras-mafioso-crimen-de-peruana","status":"publish","type":"post","link":"https:\/\/www.eldiariodetucuman.com\/web\/prostitutas-en-paris-aterradas-tras-mafioso-crimen-de-peruana\/","title":{"rendered":"Prostitutas en Par\u00eds aterradas tras mafioso crimen de peruana"},"content":{"rendered":"<div>\n<div itemprop=\"articleBody\" readability=\"65.362081784387\">\n<p>Un grupo de prostitutas pidi\u00f3 este jueves trabajar con\u00a0seguridad en el parisino   <a href=\"https:\/\/www.cronica.com.ar\/tags\/Bosque\">Bosque<\/a> de Boulogne, tras el brutal crimen de\u00a0Vanesa Campos, trabajadora del sexo, tras intentar impedir que ladrones la robaran a uno de sus clientes.\u00a0\u00a0<\/p>\n<p>Seg\u00fan Romina, una transexual\u00a0compa\u00f1era\u00a0de Campos, dijo que esa fue<em> \u00abuna noche horrible\u00bb y <\/em>que la v\u00edctima fue hallada agonizando cerca de su refugio improvisado: unas s\u00e1banas tendidas entre arbustos donde recib\u00eda a sus clientes.<\/p>\n<div>\n<figure class=\"image\"><img decoding=\"async\" alt=\"\" data-height=\"340\" data-size=\"w:604,h:340\" data-width=\"604\" hspace=\"5\" src=\"https:\/\/www.cronica.com.ar\/export\/sites\/cronica\/img\/2018\/08\/30\/384038_670179.jpg_397807910.jpg\" title=\"\" vspace=\"5\"><figcaption>\n   Piden el esclarecimiento del crimen de Vanesa Campos.<br \/>\n  <\/figcaption><\/figure>\n<\/div>\n<p>Unos d\u00edas m\u00e1s tarde, cinco de sus presuntos agresores, fueron inculpados por asesinato.\u00a0<\/p>\n<p>  <a href=\"https:\/\/www.cronica.com.ar\/tags\/Francia\">Francia<\/a> adopt\u00f3 en 2016 una ley que penaliza la prostituci\u00f3n con multas a los clientes (1.500 euros, 3.750 en caso de reincidencia) que ha obligado a las prostitutas a trabajar en lugares m\u00e1s aislados, en los que est\u00e1n m\u00e1s expuestas a agresiones.<\/p>\n<p>Por lo comentado por Romina, la situaci\u00f3n comenz\u00f3 a cambiar en 2013 ya que <em>\u00abal principio solo hab\u00eda un hombre\u00bb<\/em>\u00a0que romp\u00eda los vidrios de los carros mientras que estaban trabajando, para robarles sus pertenencias.<\/p>\n<p>A medida que la calidad de vida en la capital francesa empeor\u00f3, a lo largo de los a\u00f1os, los arrebatos eran diarios y esos grupos peque\u00f1os de ladrones, se transformaron en grandes grupos mafiosos que atemorizan a todos aquellos que transitan esa zona.\u00a0<br \/>\u00a0<\/p>\n<\/div>\n<\/div>\n","protected":false},"excerpt":{"rendered":"<p>Un grupo de prostitutas pidi\u00f3 este jueves trabajar con\u00a0seguridad en el parisino Bosque de Boulogne, tras el brutal crimen de\u00a0Vanesa Campos, trabajadora del sexo, tras intentar impedir que ladrones la robaran a uno de sus clientes.\u00a0\u00a0 Seg\u00fan Romina, una transexual\u00a0compa\u00f1era\u00a0de Campos, dijo que esa fue \u00abuna noche horrible\u00bb y que la v\u00edctima fue hallada agonizando [&hellip;]<\/p>\n","protected":false},"author":4,"featured_media":0,"comment_status":"open","ping_status":"closed","sticky":false,"template":"","format":"standard","meta":{"footnotes":""},"categories":[194],"tags":[],"class_list":{"0":"post-16096","1":"post","2":"type-post","3":"status-publish","4":"format-standard","6":"category-internacionales"},"yoast_head":"<!-- This site is optimized with the Yoast SEO plugin v27.4 - https:\/\/yoast.com\/product\/yoast-seo-wordpress\/ -->\n<title>Prostitutas en Par\u00eds aterradas tras mafioso crimen de peruana - El Diario de Tucuman<\/title>\n<meta name=\"robots\" content=\"index, follow, max-snippet:-1, max-image-preview:large, max-video-preview:-1\" \/>\n<link rel=\"canonical\" href=\"https:\/\/www.eldiariodetucuman.com\/web\/prostitutas-en-paris-aterradas-tras-mafioso-crimen-de-peruana\/\" \/>\n<meta property=\"og:locale\" content=\"es_ES\" \/>\n<meta property=\"og:type\" content=\"article\" \/>\n<meta property=\"og:title\" content=\"Prostitutas en Par\u00eds aterradas tras mafioso crimen de peruana - El Diario de Tucuman\" \/>\n<meta property=\"og:description\" content=\"Un grupo de prostitutas pidi\u00f3 este jueves trabajar con\u00a0seguridad en el parisino Bosque de Boulogne, tras el brutal crimen de\u00a0Vanesa Campos, trabajadora del sexo, tras intentar impedir que ladrones la robaran a uno de sus clientes.\u00a0\u00a0 Seg\u00fan Romina, una transexual\u00a0compa\u00f1era\u00a0de Campos, dijo que esa fue \u00abuna noche horrible\u00bb y que la v\u00edctima fue hallada agonizando [&hellip;]\" \/>\n<meta property=\"og:url\" content=\"https:\/\/www.eldiariodetucuman.com\/web\/prostitutas-en-paris-aterradas-tras-mafioso-crimen-de-peruana\/\" \/>\n<meta property=\"og:site_name\" content=\"El Diario de Tucuman\" \/>\n<meta property=\"article:published_time\" content=\"2018-08-31T15:50:37+00:00\" \/>\n<meta property=\"og:image\" content=\"https:\/\/www.cronica.com.ar\/export\/sites\/cronica\/img\/2018\/08\/30\/384038_670179.jpg_397807910.jpg\" \/>\n<meta name=\"author\" content=\"eldiario detucuman\" \/>\n<meta name=\"twitter:card\" content=\"summary_large_image\" \/>\n<meta name=\"twitter:label1\" content=\"Escrito por\" \/>\n\t<meta name=\"twitter:data1\" content=\"eldiario detucuman\" \/>\n\t<meta name=\"twitter:label2\" content=\"Tiempo de lectura\" \/>\n\t<meta name=\"twitter:data2\" content=\"1 minuto\" \/>\n<script type=\"application\/ld+json\" class=\"yoast-schema-graph\">{\"@context\":\"https:\\\/\\\/schema.org\",\"@graph\":[{\"@type\":\"Article\",\"@id\":\"https:\\\/\\\/www.eldiariodetucuman.com\\\/web\\\/prostitutas-en-paris-aterradas-tras-mafioso-crimen-de-peruana\\\/#article\",\"isPartOf\":{\"@id\":\"https:\\\/\\\/www.eldiariodetucuman.com\\\/web\\\/prostitutas-en-paris-aterradas-tras-mafioso-crimen-de-peruana\\\/\"},\"author\":{\"name\":\"eldiario detucuman\",\"@id\":\"https:\\\/\\\/www.eldiariodetucuman.com\\\/web\\\/#\\\/schema\\\/person\\\/6f95946e54fde848b878ffa4928071d5\"},\"headline\":\"Prostitutas en Par\u00eds aterradas tras mafioso crimen de peruana\",\"datePublished\":\"2018-08-31T15:50:37+00:00\",\"mainEntityOfPage\":{\"@id\":\"https:\\\/\\\/www.eldiariodetucuman.com\\\/web\\\/prostitutas-en-paris-aterradas-tras-mafioso-crimen-de-peruana\\\/\"},\"wordCount\":237,\"commentCount\":0,\"publisher\":{\"@id\":\"https:\\\/\\\/www.eldiariodetucuman.com\\\/web\\\/#organization\"},\"image\":{\"@id\":\"https:\\\/\\\/www.eldiariodetucuman.com\\\/web\\\/prostitutas-en-paris-aterradas-tras-mafioso-crimen-de-peruana\\\/#primaryimage\"},\"thumbnailUrl\":\"https:\\\/\\\/www.cronica.com.ar\\\/export\\\/sites\\\/cronica\\\/img\\\/2018\\\/08\\\/30\\\/384038_670179.jpg_397807910.jpg\",\"articleSection\":[\"Internacionales\"],\"inLanguage\":\"es\",\"potentialAction\":[{\"@type\":\"CommentAction\",\"name\":\"Comment\",\"target\":[\"https:\\\/\\\/www.eldiariodetucuman.com\\\/web\\\/prostitutas-en-paris-aterradas-tras-mafioso-crimen-de-peruana\\\/#respond\"]}]},{\"@type\":\"WebPage\",\"@id\":\"https:\\\/\\\/www.eldiariodetucuman.com\\\/web\\\/prostitutas-en-paris-aterradas-tras-mafioso-crimen-de-peruana\\\/\",\"url\":\"https:\\\/\\\/www.eldiariodetucuman.com\\\/web\\\/prostitutas-en-paris-aterradas-tras-mafioso-crimen-de-peruana\\\/\",\"name\":\"Prostitutas en Par\u00eds aterradas tras mafioso crimen de peruana - El Diario de Tucuman\",\"isPartOf\":{\"@id\":\"https:\\\/\\\/www.eldiariodetucuman.com\\\/web\\\/#website\"},\"primaryImageOfPage\":{\"@id\":\"https:\\\/\\\/www.eldiariodetucuman.com\\\/web\\\/prostitutas-en-paris-aterradas-tras-mafioso-crimen-de-peruana\\\/#primaryimage\"},\"image\":{\"@id\":\"https:\\\/\\\/www.eldiariodetucuman.com\\\/web\\\/prostitutas-en-paris-aterradas-tras-mafioso-crimen-de-peruana\\\/#primaryimage\"},\"thumbnailUrl\":\"https:\\\/\\\/www.cronica.com.ar\\\/export\\\/sites\\\/cronica\\\/img\\\/2018\\\/08\\\/30\\\/384038_670179.jpg_397807910.jpg\",\"datePublished\":\"2018-08-31T15:50:37+00:00\",\"breadcrumb\":{\"@id\":\"https:\\\/\\\/www.eldiariodetucuman.com\\\/web\\\/prostitutas-en-paris-aterradas-tras-mafioso-crimen-de-peruana\\\/#breadcrumb\"},\"inLanguage\":\"es\",\"potentialAction\":[{\"@type\":\"ReadAction\",\"target\":[\"https:\\\/\\\/www.eldiariodetucuman.com\\\/web\\\/prostitutas-en-paris-aterradas-tras-mafioso-crimen-de-peruana\\\/\"]}]},{\"@type\":\"ImageObject\",\"inLanguage\":\"es\",\"@id\":\"https:\\\/\\\/www.eldiariodetucuman.com\\\/web\\\/prostitutas-en-paris-aterradas-tras-mafioso-crimen-de-peruana\\\/#primaryimage\",\"url\":\"https:\\\/\\\/www.cronica.com.ar\\\/export\\\/sites\\\/cronica\\\/img\\\/2018\\\/08\\\/30\\\/384038_670179.jpg_397807910.jpg\",\"contentUrl\":\"https:\\\/\\\/www.cronica.com.ar\\\/export\\\/sites\\\/cronica\\\/img\\\/2018\\\/08\\\/30\\\/384038_670179.jpg_397807910.jpg\"},{\"@type\":\"BreadcrumbList\",\"@id\":\"https:\\\/\\\/www.eldiariodetucuman.com\\\/web\\\/prostitutas-en-paris-aterradas-tras-mafioso-crimen-de-peruana\\\/#breadcrumb\",\"itemListElement\":[{\"@type\":\"ListItem\",\"position\":1,\"name\":\"Portada\",\"item\":\"https:\\\/\\\/www.eldiariodetucuman.com\\\/web\\\/\"},{\"@type\":\"ListItem\",\"position\":2,\"name\":\"Prostitutas en Par\u00eds aterradas tras mafioso crimen de peruana\"}]},{\"@type\":\"WebSite\",\"@id\":\"https:\\\/\\\/www.eldiariodetucuman.com\\\/web\\\/#website\",\"url\":\"https:\\\/\\\/www.eldiariodetucuman.com\\\/web\\\/\",\"name\":\"El Diario de Tucuman\",\"description\":\"Diario Tucuman - Informaci\u00f3n y noticias\",\"publisher\":{\"@id\":\"https:\\\/\\\/www.eldiariodetucuman.com\\\/web\\\/#organization\"},\"potentialAction\":[{\"@type\":\"SearchAction\",\"target\":{\"@type\":\"EntryPoint\",\"urlTemplate\":\"https:\\\/\\\/www.eldiariodetucuman.com\\\/web\\\/?s={search_term_string}\"},\"query-input\":{\"@type\":\"PropertyValueSpecification\",\"valueRequired\":true,\"valueName\":\"search_term_string\"}}],\"inLanguage\":\"es\"},{\"@type\":\"Organization\",\"@id\":\"https:\\\/\\\/www.eldiariodetucuman.com\\\/web\\\/#organization\",\"name\":\"El Diario de Tucuman\",\"url\":\"https:\\\/\\\/www.eldiariodetucuman.com\\\/web\\\/\",\"logo\":{\"@type\":\"ImageObject\",\"inLanguage\":\"es\",\"@id\":\"https:\\\/\\\/www.eldiariodetucuman.com\\\/web\\\/#\\\/schema\\\/logo\\\/image\\\/\",\"url\":\"http:\\\/\\\/www.eldiariodetucuman.com\\\/web\\\/wp-content\\\/uploads\\\/2017\\\/12\\\/el-diario-de-tucuman.jpg\",\"contentUrl\":\"http:\\\/\\\/www.eldiariodetucuman.com\\\/web\\\/wp-content\\\/uploads\\\/2017\\\/12\\\/el-diario-de-tucuman.jpg\",\"width\":272,\"height\":92,\"caption\":\"El Diario de Tucuman\"},\"image\":{\"@id\":\"https:\\\/\\\/www.eldiariodetucuman.com\\\/web\\\/#\\\/schema\\\/logo\\\/image\\\/\"}},{\"@type\":\"Person\",\"@id\":\"https:\\\/\\\/www.eldiariodetucuman.com\\\/web\\\/#\\\/schema\\\/person\\\/6f95946e54fde848b878ffa4928071d5\",\"name\":\"eldiario detucuman\",\"image\":{\"@type\":\"ImageObject\",\"inLanguage\":\"es\",\"@id\":\"https:\\\/\\\/secure.gravatar.com\\\/avatar\\\/b6e1f89c5c4044c4962c8e6c20b1ca2cc99f549c965908afd4ec5308b3f51bfe?s=96&d=mm&r=g\",\"url\":\"https:\\\/\\\/secure.gravatar.com\\\/avatar\\\/b6e1f89c5c4044c4962c8e6c20b1ca2cc99f549c965908afd4ec5308b3f51bfe?s=96&d=mm&r=g\",\"contentUrl\":\"https:\\\/\\\/secure.gravatar.com\\\/avatar\\\/b6e1f89c5c4044c4962c8e6c20b1ca2cc99f549c965908afd4ec5308b3f51bfe?s=96&d=mm&r=g\",\"caption\":\"eldiario detucuman\"},\"url\":\"https:\\\/\\\/www.eldiariodetucuman.com\\\/web\\\/author\\\/eldiariodetucuman\\\/\"}]}<\/script>\n<!-- \/ Yoast SEO plugin. -->","yoast_head_json":{"title":"Prostitutas en Par\u00eds aterradas tras mafioso crimen de peruana - El Diario de Tucuman","robots":{"index":"index","follow":"follow","max-snippet":"max-snippet:-1","max-image-preview":"max-image-preview:large","max-video-preview":"max-video-preview:-1"},"canonical":"https:\/\/www.eldiariodetucuman.com\/web\/prostitutas-en-paris-aterradas-tras-mafioso-crimen-de-peruana\/","og_locale":"es_ES","og_type":"article","og_title":"Prostitutas en Par\u00eds aterradas tras mafioso crimen de peruana - El Diario de Tucuman","og_description":"Un grupo de prostitutas pidi\u00f3 este jueves trabajar con\u00a0seguridad en el parisino Bosque de Boulogne, tras el brutal crimen de\u00a0Vanesa Campos, trabajadora del sexo, tras intentar impedir que ladrones la robaran a uno de sus clientes.\u00a0\u00a0 Seg\u00fan Romina, una transexual\u00a0compa\u00f1era\u00a0de Campos, dijo que esa fue \u00abuna noche horrible\u00bb y que la v\u00edctima fue hallada agonizando [&hellip;]","og_url":"https:\/\/www.eldiariodetucuman.com\/web\/prostitutas-en-paris-aterradas-tras-mafioso-crimen-de-peruana\/","og_site_name":"El Diario de Tucuman","article_published_time":"2018-08-31T15:50:37+00:00","og_image":[{"url":"https:\/\/www.cronica.com.ar\/export\/sites\/cronica\/img\/2018\/08\/30\/384038_670179.jpg_397807910.jpg","type":"","width":"","height":""}],"author":"eldiario detucuman","twitter_card":"summary_large_image","twitter_misc":{"Escrito por":"eldiario detucuman","Tiempo de lectura":"1 minuto"},"schema":{"@context":"https:\/\/schema.org","@graph":[{"@type":"Article","@id":"https:\/\/www.eldiariodetucuman.com\/web\/prostitutas-en-paris-aterradas-tras-mafioso-crimen-de-peruana\/#article","isPartOf":{"@id":"https:\/\/www.eldiariodetucuman.com\/web\/prostitutas-en-paris-aterradas-tras-mafioso-crimen-de-peruana\/"},"author":{"name":"eldiario detucuman","@id":"https:\/\/www.eldiariodetucuman.com\/web\/#\/schema\/person\/6f95946e54fde848b878ffa4928071d5"},"headline":"Prostitutas en Par\u00eds aterradas tras mafioso crimen de peruana","datePublished":"2018-08-31T15:50:37+00:00","mainEntityOfPage":{"@id":"https:\/\/www.eldiariodetucuman.com\/web\/prostitutas-en-paris-aterradas-tras-mafioso-crimen-de-peruana\/"},"wordCount":237,"commentCount":0,"publisher":{"@id":"https:\/\/www.eldiariodetucuman.com\/web\/#organization"},"image":{"@id":"https:\/\/www.eldiariodetucuman.com\/web\/prostitutas-en-paris-aterradas-tras-mafioso-crimen-de-peruana\/#primaryimage"},"thumbnailUrl":"https:\/\/www.cronica.com.ar\/export\/sites\/cronica\/img\/2018\/08\/30\/384038_670179.jpg_397807910.jpg","articleSection":["Internacionales"],"inLanguage":"es","potentialAction":[{"@type":"CommentAction","name":"Comment","target":["https:\/\/www.eldiariodetucuman.com\/web\/prostitutas-en-paris-aterradas-tras-mafioso-crimen-de-peruana\/#respond"]}]},{"@type":"WebPage","@id":"https:\/\/www.eldiariodetucuman.com\/web\/prostitutas-en-paris-aterradas-tras-mafioso-crimen-de-peruana\/","url":"https:\/\/www.eldiariodetucuman.com\/web\/prostitutas-en-paris-aterradas-tras-mafioso-crimen-de-peruana\/","name":"Prostitutas en Par\u00eds aterradas tras mafioso crimen de peruana - El Diario de Tucuman","isPartOf":{"@id":"https:\/\/www.eldiariodetucuman.com\/web\/#website"},"primaryImageOfPage":{"@id":"https:\/\/www.eldiariodetucuman.com\/web\/prostitutas-en-paris-aterradas-tras-mafioso-crimen-de-peruana\/#primaryimage"},"image":{"@id":"https:\/\/www.eldiariodetucuman.com\/web\/prostitutas-en-paris-aterradas-tras-mafioso-crimen-de-peruana\/#primaryimage"},"thumbnailUrl":"https:\/\/www.cronica.com.ar\/export\/sites\/cronica\/img\/2018\/08\/30\/384038_670179.jpg_397807910.jpg","datePublished":"2018-08-31T15:50:37+00:00","breadcrumb":{"@id":"https:\/\/www.eldiariodetucuman.com\/web\/prostitutas-en-paris-aterradas-tras-mafioso-crimen-de-peruana\/#breadcrumb"},"inLanguage":"es","potentialAction":[{"@type":"ReadAction","target":["https:\/\/www.eldiariodetucuman.com\/web\/prostitutas-en-paris-aterradas-tras-mafioso-crimen-de-peruana\/"]}]},{"@type":"ImageObject","inLanguage":"es","@id":"https:\/\/www.eldiariodetucuman.com\/web\/prostitutas-en-paris-aterradas-tras-mafioso-crimen-de-peruana\/#primaryimage","url":"https:\/\/www.cronica.com.ar\/export\/sites\/cronica\/img\/2018\/08\/30\/384038_670179.jpg_397807910.jpg","contentUrl":"https:\/\/www.cronica.com.ar\/export\/sites\/cronica\/img\/2018\/08\/30\/384038_670179.jpg_397807910.jpg"},{"@type":"BreadcrumbList","@id":"https:\/\/www.eldiariodetucuman.com\/web\/prostitutas-en-paris-aterradas-tras-mafioso-crimen-de-peruana\/#breadcrumb","itemListElement":[{"@type":"ListItem","position":1,"name":"Portada","item":"https:\/\/www.eldiariodetucuman.com\/web\/"},{"@type":"ListItem","position":2,"name":"Prostitutas en Par\u00eds aterradas tras mafioso crimen de peruana"}]},{"@type":"WebSite","@id":"https:\/\/www.eldiariodetucuman.com\/web\/#website","url":"https:\/\/www.eldiariodetucuman.com\/web\/","name":"El Diario de Tucuman","description":"Diario Tucuman - Informaci\u00f3n y noticias","publisher":{"@id":"https:\/\/www.eldiariodetucuman.com\/web\/#organization"},"potentialAction":[{"@type":"SearchAction","target":{"@type":"EntryPoint","urlTemplate":"https:\/\/www.eldiariodetucuman.com\/web\/?s={search_term_string}"},"query-input":{"@type":"PropertyValueSpecification","valueRequired":true,"valueName":"search_term_string"}}],"inLanguage":"es"},{"@type":"Organization","@id":"https:\/\/www.eldiariodetucuman.com\/web\/#organization","name":"El Diario de Tucuman","url":"https:\/\/www.eldiariodetucuman.com\/web\/","logo":{"@type":"ImageObject","inLanguage":"es","@id":"https:\/\/www.eldiariodetucuman.com\/web\/#\/schema\/logo\/image\/","url":"http:\/\/www.eldiariodetucuman.com\/web\/wp-content\/uploads\/2017\/12\/el-diario-de-tucuman.jpg","contentUrl":"http:\/\/www.eldiariodetucuman.com\/web\/wp-content\/uploads\/2017\/12\/el-diario-de-tucuman.jpg","width":272,"height":92,"caption":"El Diario de Tucuman"},"image":{"@id":"https:\/\/www.eldiariodetucuman.com\/web\/#\/schema\/logo\/image\/"}},{"@type":"Person","@id":"https:\/\/www.eldiariodetucuman.com\/web\/#\/schema\/person\/6f95946e54fde848b878ffa4928071d5","name":"eldiario detucuman","image":{"@type":"ImageObject","inLanguage":"es","@id":"https:\/\/secure.gravatar.com\/avatar\/b6e1f89c5c4044c4962c8e6c20b1ca2cc99f549c965908afd4ec5308b3f51bfe?s=96&d=mm&r=g","url":"https:\/\/secure.gravatar.com\/avatar\/b6e1f89c5c4044c4962c8e6c20b1ca2cc99f549c965908afd4ec5308b3f51bfe?s=96&d=mm&r=g","contentUrl":"https:\/\/secure.gravatar.com\/avatar\/b6e1f89c5c4044c4962c8e6c20b1ca2cc99f549c965908afd4ec5308b3f51bfe?s=96&d=mm&r=g","caption":"eldiario detucuman"},"url":"https:\/\/www.eldiariodetucuman.com\/web\/author\/eldiariodetucuman\/"}]}},"_links":{"self":[{"href":"https:\/\/www.eldiariodetucuman.com\/web\/wp-json\/wp\/v2\/posts\/16096","targetHints":{"allow":["GET"]}}],"collection":[{"href":"https:\/\/www.eldiariodetucuman.com\/web\/wp-json\/wp\/v2\/posts"}],"about":[{"href":"https:\/\/www.eldiariodetucuman.com\/web\/wp-json\/wp\/v2\/types\/post"}],"author":[{"embeddable":true,"href":"https:\/\/www.eldiariodetucuman.com\/web\/wp-json\/wp\/v2\/users\/4"}],"replies":[{"embeddable":true,"href":"https:\/\/www.eldiariodetucuman.com\/web\/wp-json\/wp\/v2\/comments?post=16096"}],"version-history":[{"count":0,"href":"https:\/\/www.eldiariodetucuman.com\/web\/wp-json\/wp\/v2\/posts\/16096\/revisions"}],"wp:attachment":[{"href":"https:\/\/www.eldiariodetucuman.com\/web\/wp-json\/wp\/v2\/media?parent=16096"}],"wp:term":[{"taxonomy":"category","embeddable":true,"href":"https:\/\/www.eldiariodetucuman.com\/web\/wp-json\/wp\/v2\/categories?post=16096"},{"taxonomy":"post_tag","embeddable":true,"href":"https:\/\/www.eldiariodetucuman.com\/web\/wp-json\/wp\/v2\/tags?post=16096"}],"curies":[{"name":"wp","href":"https:\/\/api.w.org\/{rel}","templated":true}]}}