{"id":16092,"date":"2018-08-31T12:37:18","date_gmt":"2018-08-31T15:37:18","guid":{"rendered":"http:\/\/www.eldiariodetucuman.com\/web\/eduardo-amadeo-me-mori-me-cai-muerto-al-lado-del-auto\/"},"modified":"2018-08-31T12:37:19","modified_gmt":"2018-08-31T15:37:19","slug":"eduardo-amadeo-me-mori-me-cai-muerto-al-lado-del-auto","status":"publish","type":"post","link":"https:\/\/www.eldiariodetucuman.com\/web\/eduardo-amadeo-me-mori-me-cai-muerto-al-lado-del-auto\/","title":{"rendered":"Eduardo Amadeo: \u00abMe mor\u00ed, me ca\u00ed muerto al lado del auto\u00bb"},"content":{"rendered":"<div>\n<div readability=\"50.533783783784\">\n<p><strong>&#8220;Una forma de agradecer que estoy vivo es poner m\u00e1s energ\u00eda en resolver los problemas que nos angustian tanto&#8221;,<\/strong> dijo el <strong>diputado de<a href=\"https:\/\/www.elintransigente.com\/noticias\/buscar\/?buscar=cambiemos\"> Cambiemos<\/a> <a href=\"https:\/\/www.elintransigente.com\/politica\/2018\/8\/6\/eduardo-amadeo-fue-internado-de-urgencia-en-santa-fe-503847.html\">Eduardo Amadeo<\/a><\/strong><a href=\"https:\/\/www.elintransigente.com\/politica\/2018\/8\/6\/eduardo-amadeo-fue-internado-de-urgencia-en-santa-fe-503847.html\"> <\/a>despu\u00e9s de haber sufrido un paro cardiorespiratorio en una estaci\u00f3n de servicio al ser rociado con nafta. Adem\u00e1s se mostr\u00f3 positivo frente a la realidad econ\u00f3mica del pa\u00eds y asegur\u00f3 que conf\u00eda &#8220;en el trabajo cotidiano y serio del equipo econ\u00f3mico&#8221;.<\/p>\n<p><strong>&#8220;Me mor\u00ed, me ca\u00ed muerto al lado del auto&#8221;<\/strong>, cont\u00f3 el diputado en di\u00e1logo con Nelson Castro en Radio Continental. Amadeo asegur\u00f3 que lo que le ocurri\u00f3 fue un<strong> &#8220;milagro&#8221;<\/strong>. &#8220;Venia de Paran\u00e1 y al llegar a Rosario par\u00e9 en una estaci\u00f3n de servicio, me baj\u00e9 a cargar nafta&#8221; y <strong>al fallar una de las v\u00e1lvulas &#8220;me ba\u00f1\u00f3 en\u00bb combustible<\/strong>, relat\u00f3 el diputado. Si bien el contacto con el combustible no puede llegar a producir un efecto como el que le ocurri\u00f3 a Amadeo, al tratarse de <strong>una persona asm\u00e1tica<\/strong> el cuadro empeora. <strong>&#8220;Me produjo un espasmo bronquial terrible y un paro cardiorespiratorio&#8221;<\/strong>.<\/p>\n<aside class=\"htmlinline \"><ins class=\"adsbygoogle\" data-ad-layout=\"in-article\" data-ad-format=\"fluid\" data-ad-client=\"ca-pub-7781556717282971\" data-ad-slot=\"9383133609\"><\/ins><br \/>\n<\/aside>\n<p>Sin embargo, el diputado tuvo mucha suerte. En el caf\u00e9 de la estaci\u00f3n de servicio <strong>hab\u00eda un m\u00e9dico que al verlo caer corri\u00f3 a realizarle las maniobras necesarias para devolverlo a la vida<\/strong>. &#8221;En ese momento<strong> viene por la ruta una ambulancia que ten\u00eda las dos cosas que yo necesitaba: cortisona y ox\u00edgeno&#8221;<\/strong>, relat\u00f3 Amadeo. Pero su suerte no termin\u00f3 ah\u00ed, despu\u00e9s de la intervenci\u00f3n de la primer ambulancia, por la ruta <strong>pas\u00f3\u00a0otra de &#8220;alta complejidad&#8221; <\/strong>gracias a la cual trasladaron al diputado al Hospital Eva Per\u00f3n de General Baigorria. Una vez all\u00ed lo intubaron y <strong>permaneci\u00f3 8 d\u00edas en coma inducido.<\/strong><\/p>\n<p>Una vez estabilizado, lo trasladaron a Rosario en donde hab\u00eda una m\u00e9dica que pod\u00eda sacarle el tubo, una maniobra &#8220;que es muy dif\u00edcil&#8221;. &#8220;Nac\u00ed de nuevo&#8221;, asegur\u00f3 Amadeo y a ra\u00edz de esto es que manifest\u00f3 sus ansias de ayudar a resolver la situaci\u00f3n que enfrenta Argentina.<\/p>\n<p><strong>&#8220;El sistema financiero est\u00e1 s\u00f3lido, no hay datos que demuestren que hay corridas en los dep\u00f3sitos&#8221;<\/strong>, asegur\u00f3 Amadeo y remarc\u00f3 que el pa\u00eds le<strong> &#8220;agrega dramatismo&#8221; a la situaci\u00f3n porque &#8220;tenemos en la memoria&#8221; la crisis del 2001.<\/strong> &#8220;Do\u00f1a Rosa, que est\u00e1 pensando que va a ir a sacar el dinero que tiene (en el banco), m\u00e1s que falta de credibilidad tiene miedo a futuro&#8221;, continu\u00f3 el diputado.<\/p>\n<p>Si bien reconoce que no hay soluciones m\u00e1gicas y que una parte del peronismo est\u00e1 &#8220;tirando piedras&#8221;, el legislador es optimista y cree que el pa\u00eds podr\u00e1 <strong>&#8220;volver a tasas normales&#8221;<\/strong>.<\/p>\n<\/div>\n<\/div>\n<p>Fuente: https:\/\/www.elintransigente.com\/politica\/2018\/8\/31\/eduardo-amadeo-me-mori-me-cai-muerto-al-lado-del-auto-508793.html<\/p>\n","protected":false},"excerpt":{"rendered":"<p>&#8220;Una forma de agradecer que estoy vivo es poner m\u00e1s energ\u00eda en resolver los problemas que nos angustian tanto&#8221;, dijo el diputado de Cambiemos Eduardo Amadeo despu\u00e9s de haber sufrido un paro cardiorespiratorio en una estaci\u00f3n de servicio al ser rociado con nafta. Adem\u00e1s se mostr\u00f3 positivo frente a la realidad econ\u00f3mica del pa\u00eds y [&hellip;]<\/p>\n","protected":false},"author":1,"featured_media":16093,"comment_status":"open","ping_status":"closed","sticky":false,"template":"","format":"standard","meta":{"footnotes":""},"categories":[1],"tags":[],"class_list":{"0":"post-16092","1":"post","2":"type-post","3":"status-publish","4":"format-standard","5":"has-post-thumbnail","7":"category-portada"},"yoast_head":"<!-- This site is optimized with the Yoast SEO plugin v27.4 - https:\/\/yoast.com\/product\/yoast-seo-wordpress\/ -->\n<title>Eduardo Amadeo: &quot;Me mor\u00ed, me ca\u00ed muerto al lado del auto&quot; - El Diario de Tucuman<\/title>\n<meta name=\"robots\" content=\"index, follow, max-snippet:-1, max-image-preview:large, max-video-preview:-1\" \/>\n<link rel=\"canonical\" href=\"https:\/\/www.eldiariodetucuman.com\/web\/eduardo-amadeo-me-mori-me-cai-muerto-al-lado-del-auto\/\" \/>\n<meta property=\"og:locale\" content=\"es_ES\" \/>\n<meta property=\"og:type\" content=\"article\" \/>\n<meta property=\"og:title\" content=\"Eduardo Amadeo: &quot;Me mor\u00ed, me ca\u00ed muerto al lado del auto&quot; - El Diario de Tucuman\" \/>\n<meta property=\"og:description\" content=\"&#8220;Una forma de agradecer que estoy vivo es poner m\u00e1s energ\u00eda en resolver los problemas que nos angustian tanto&#8221;, dijo el diputado de Cambiemos Eduardo Amadeo despu\u00e9s de haber sufrido un paro cardiorespiratorio en una estaci\u00f3n de servicio al ser rociado con nafta. Adem\u00e1s se mostr\u00f3 positivo frente a la realidad econ\u00f3mica del pa\u00eds y [&hellip;]\" \/>\n<meta property=\"og:url\" content=\"https:\/\/www.eldiariodetucuman.com\/web\/eduardo-amadeo-me-mori-me-cai-muerto-al-lado-del-auto\/\" \/>\n<meta property=\"og:site_name\" content=\"El Diario de Tucuman\" \/>\n<meta property=\"article:published_time\" content=\"2018-08-31T15:37:18+00:00\" \/>\n<meta property=\"article:modified_time\" content=\"2018-08-31T15:37:19+00:00\" \/>\n<meta property=\"og:image\" content=\"https:\/\/www.eldiariodetucuman.com\/web\/wp-content\/uploads\/2018\/08\/66ded70242670c27827835a86fa69a10.jpeg\" \/>\n\t<meta property=\"og:image:width\" content=\"960\" \/>\n\t<meta property=\"og:image:height\" content=\"528\" \/>\n\t<meta property=\"og:image:type\" content=\"image\/jpeg\" \/>\n<meta name=\"author\" content=\"admin\" \/>\n<meta name=\"twitter:card\" content=\"summary_large_image\" \/>\n<meta name=\"twitter:label1\" content=\"Escrito por\" \/>\n\t<meta name=\"twitter:data1\" content=\"admin\" \/>\n\t<meta name=\"twitter:label2\" content=\"Tiempo de lectura\" \/>\n\t<meta name=\"twitter:data2\" content=\"2 minutos\" \/>\n<script type=\"application\/ld+json\" class=\"yoast-schema-graph\">{\"@context\":\"https:\\\/\\\/schema.org\",\"@graph\":[{\"@type\":\"Article\",\"@id\":\"https:\\\/\\\/www.eldiariodetucuman.com\\\/web\\\/eduardo-amadeo-me-mori-me-cai-muerto-al-lado-del-auto\\\/#article\",\"isPartOf\":{\"@id\":\"https:\\\/\\\/www.eldiariodetucuman.com\\\/web\\\/eduardo-amadeo-me-mori-me-cai-muerto-al-lado-del-auto\\\/\"},\"author\":{\"name\":\"admin\",\"@id\":\"https:\\\/\\\/www.eldiariodetucuman.com\\\/web\\\/#\\\/schema\\\/person\\\/9250197d75ab5483412e19678b121caa\"},\"headline\":\"Eduardo Amadeo: \u00abMe mor\u00ed, me ca\u00ed muerto al lado del auto\u00bb\",\"datePublished\":\"2018-08-31T15:37:18+00:00\",\"dateModified\":\"2018-08-31T15:37:19+00:00\",\"mainEntityOfPage\":{\"@id\":\"https:\\\/\\\/www.eldiariodetucuman.com\\\/web\\\/eduardo-amadeo-me-mori-me-cai-muerto-al-lado-del-auto\\\/\"},\"wordCount\":472,\"commentCount\":0,\"publisher\":{\"@id\":\"https:\\\/\\\/www.eldiariodetucuman.com\\\/web\\\/#organization\"},\"image\":{\"@id\":\"https:\\\/\\\/www.eldiariodetucuman.com\\\/web\\\/eduardo-amadeo-me-mori-me-cai-muerto-al-lado-del-auto\\\/#primaryimage\"},\"thumbnailUrl\":\"https:\\\/\\\/www.eldiariodetucuman.com\\\/web\\\/wp-content\\\/uploads\\\/2018\\\/08\\\/66ded70242670c27827835a86fa69a10.jpeg\",\"articleSection\":[\"Portada\"],\"inLanguage\":\"es\",\"potentialAction\":[{\"@type\":\"CommentAction\",\"name\":\"Comment\",\"target\":[\"https:\\\/\\\/www.eldiariodetucuman.com\\\/web\\\/eduardo-amadeo-me-mori-me-cai-muerto-al-lado-del-auto\\\/#respond\"]}]},{\"@type\":\"WebPage\",\"@id\":\"https:\\\/\\\/www.eldiariodetucuman.com\\\/web\\\/eduardo-amadeo-me-mori-me-cai-muerto-al-lado-del-auto\\\/\",\"url\":\"https:\\\/\\\/www.eldiariodetucuman.com\\\/web\\\/eduardo-amadeo-me-mori-me-cai-muerto-al-lado-del-auto\\\/\",\"name\":\"Eduardo Amadeo: \\\"Me mor\u00ed, me ca\u00ed muerto al lado del auto\\\" - El Diario de Tucuman\",\"isPartOf\":{\"@id\":\"https:\\\/\\\/www.eldiariodetucuman.com\\\/web\\\/#website\"},\"primaryImageOfPage\":{\"@id\":\"https:\\\/\\\/www.eldiariodetucuman.com\\\/web\\\/eduardo-amadeo-me-mori-me-cai-muerto-al-lado-del-auto\\\/#primaryimage\"},\"image\":{\"@id\":\"https:\\\/\\\/www.eldiariodetucuman.com\\\/web\\\/eduardo-amadeo-me-mori-me-cai-muerto-al-lado-del-auto\\\/#primaryimage\"},\"thumbnailUrl\":\"https:\\\/\\\/www.eldiariodetucuman.com\\\/web\\\/wp-content\\\/uploads\\\/2018\\\/08\\\/66ded70242670c27827835a86fa69a10.jpeg\",\"datePublished\":\"2018-08-31T15:37:18+00:00\",\"dateModified\":\"2018-08-31T15:37:19+00:00\",\"breadcrumb\":{\"@id\":\"https:\\\/\\\/www.eldiariodetucuman.com\\\/web\\\/eduardo-amadeo-me-mori-me-cai-muerto-al-lado-del-auto\\\/#breadcrumb\"},\"inLanguage\":\"es\",\"potentialAction\":[{\"@type\":\"ReadAction\",\"target\":[\"https:\\\/\\\/www.eldiariodetucuman.com\\\/web\\\/eduardo-amadeo-me-mori-me-cai-muerto-al-lado-del-auto\\\/\"]}]},{\"@type\":\"ImageObject\",\"inLanguage\":\"es\",\"@id\":\"https:\\\/\\\/www.eldiariodetucuman.com\\\/web\\\/eduardo-amadeo-me-mori-me-cai-muerto-al-lado-del-auto\\\/#primaryimage\",\"url\":\"https:\\\/\\\/www.eldiariodetucuman.com\\\/web\\\/wp-content\\\/uploads\\\/2018\\\/08\\\/66ded70242670c27827835a86fa69a10.jpeg\",\"contentUrl\":\"https:\\\/\\\/www.eldiariodetucuman.com\\\/web\\\/wp-content\\\/uploads\\\/2018\\\/08\\\/66ded70242670c27827835a86fa69a10.jpeg\",\"width\":960,\"height\":528},{\"@type\":\"BreadcrumbList\",\"@id\":\"https:\\\/\\\/www.eldiariodetucuman.com\\\/web\\\/eduardo-amadeo-me-mori-me-cai-muerto-al-lado-del-auto\\\/#breadcrumb\",\"itemListElement\":[{\"@type\":\"ListItem\",\"position\":1,\"name\":\"Portada\",\"item\":\"https:\\\/\\\/www.eldiariodetucuman.com\\\/web\\\/\"},{\"@type\":\"ListItem\",\"position\":2,\"name\":\"Eduardo Amadeo: \u00abMe mor\u00ed, me ca\u00ed muerto al lado del auto\u00bb\"}]},{\"@type\":\"WebSite\",\"@id\":\"https:\\\/\\\/www.eldiariodetucuman.com\\\/web\\\/#website\",\"url\":\"https:\\\/\\\/www.eldiariodetucuman.com\\\/web\\\/\",\"name\":\"El Diario de Tucuman\",\"description\":\"Diario Tucuman - Informaci\u00f3n y noticias\",\"publisher\":{\"@id\":\"https:\\\/\\\/www.eldiariodetucuman.com\\\/web\\\/#organization\"},\"potentialAction\":[{\"@type\":\"SearchAction\",\"target\":{\"@type\":\"EntryPoint\",\"urlTemplate\":\"https:\\\/\\\/www.eldiariodetucuman.com\\\/web\\\/?s={search_term_string}\"},\"query-input\":{\"@type\":\"PropertyValueSpecification\",\"valueRequired\":true,\"valueName\":\"search_term_string\"}}],\"inLanguage\":\"es\"},{\"@type\":\"Organization\",\"@id\":\"https:\\\/\\\/www.eldiariodetucuman.com\\\/web\\\/#organization\",\"name\":\"El Diario de Tucuman\",\"url\":\"https:\\\/\\\/www.eldiariodetucuman.com\\\/web\\\/\",\"logo\":{\"@type\":\"ImageObject\",\"inLanguage\":\"es\",\"@id\":\"https:\\\/\\\/www.eldiariodetucuman.com\\\/web\\\/#\\\/schema\\\/logo\\\/image\\\/\",\"url\":\"http:\\\/\\\/www.eldiariodetucuman.com\\\/web\\\/wp-content\\\/uploads\\\/2017\\\/12\\\/el-diario-de-tucuman.jpg\",\"contentUrl\":\"http:\\\/\\\/www.eldiariodetucuman.com\\\/web\\\/wp-content\\\/uploads\\\/2017\\\/12\\\/el-diario-de-tucuman.jpg\",\"width\":272,\"height\":92,\"caption\":\"El Diario de Tucuman\"},\"image\":{\"@id\":\"https:\\\/\\\/www.eldiariodetucuman.com\\\/web\\\/#\\\/schema\\\/logo\\\/image\\\/\"}},{\"@type\":\"Person\",\"@id\":\"https:\\\/\\\/www.eldiariodetucuman.com\\\/web\\\/#\\\/schema\\\/person\\\/9250197d75ab5483412e19678b121caa\",\"name\":\"admin\",\"image\":{\"@type\":\"ImageObject\",\"inLanguage\":\"es\",\"@id\":\"https:\\\/\\\/secure.gravatar.com\\\/avatar\\\/c44d117c2be811212c22cb481f6b8384b6873de103fbc49e7a03cc58d7dea4ac?s=96&d=mm&r=g\",\"url\":\"https:\\\/\\\/secure.gravatar.com\\\/avatar\\\/c44d117c2be811212c22cb481f6b8384b6873de103fbc49e7a03cc58d7dea4ac?s=96&d=mm&r=g\",\"contentUrl\":\"https:\\\/\\\/secure.gravatar.com\\\/avatar\\\/c44d117c2be811212c22cb481f6b8384b6873de103fbc49e7a03cc58d7dea4ac?s=96&d=mm&r=g\",\"caption\":\"admin\"},\"url\":\"https:\\\/\\\/www.eldiariodetucuman.com\\\/web\\\/author\\\/admin\\\/\"}]}<\/script>\n<!-- \/ Yoast SEO plugin. -->","yoast_head_json":{"title":"Eduardo Amadeo: \"Me mor\u00ed, me ca\u00ed muerto al lado del auto\" - El Diario de Tucuman","robots":{"index":"index","follow":"follow","max-snippet":"max-snippet:-1","max-image-preview":"max-image-preview:large","max-video-preview":"max-video-preview:-1"},"canonical":"https:\/\/www.eldiariodetucuman.com\/web\/eduardo-amadeo-me-mori-me-cai-muerto-al-lado-del-auto\/","og_locale":"es_ES","og_type":"article","og_title":"Eduardo Amadeo: \"Me mor\u00ed, me ca\u00ed muerto al lado del auto\" - El Diario de Tucuman","og_description":"&#8220;Una forma de agradecer que estoy vivo es poner m\u00e1s energ\u00eda en resolver los problemas que nos angustian tanto&#8221;, dijo el diputado de Cambiemos Eduardo Amadeo despu\u00e9s de haber sufrido un paro cardiorespiratorio en una estaci\u00f3n de servicio al ser rociado con nafta. Adem\u00e1s se mostr\u00f3 positivo frente a la realidad econ\u00f3mica del pa\u00eds y [&hellip;]","og_url":"https:\/\/www.eldiariodetucuman.com\/web\/eduardo-amadeo-me-mori-me-cai-muerto-al-lado-del-auto\/","og_site_name":"El Diario de Tucuman","article_published_time":"2018-08-31T15:37:18+00:00","article_modified_time":"2018-08-31T15:37:19+00:00","og_image":[{"width":960,"height":528,"url":"https:\/\/www.eldiariodetucuman.com\/web\/wp-content\/uploads\/2018\/08\/66ded70242670c27827835a86fa69a10.jpeg","type":"image\/jpeg"}],"author":"admin","twitter_card":"summary_large_image","twitter_misc":{"Escrito por":"admin","Tiempo de lectura":"2 minutos"},"schema":{"@context":"https:\/\/schema.org","@graph":[{"@type":"Article","@id":"https:\/\/www.eldiariodetucuman.com\/web\/eduardo-amadeo-me-mori-me-cai-muerto-al-lado-del-auto\/#article","isPartOf":{"@id":"https:\/\/www.eldiariodetucuman.com\/web\/eduardo-amadeo-me-mori-me-cai-muerto-al-lado-del-auto\/"},"author":{"name":"admin","@id":"https:\/\/www.eldiariodetucuman.com\/web\/#\/schema\/person\/9250197d75ab5483412e19678b121caa"},"headline":"Eduardo Amadeo: \u00abMe mor\u00ed, me ca\u00ed muerto al lado del auto\u00bb","datePublished":"2018-08-31T15:37:18+00:00","dateModified":"2018-08-31T15:37:19+00:00","mainEntityOfPage":{"@id":"https:\/\/www.eldiariodetucuman.com\/web\/eduardo-amadeo-me-mori-me-cai-muerto-al-lado-del-auto\/"},"wordCount":472,"commentCount":0,"publisher":{"@id":"https:\/\/www.eldiariodetucuman.com\/web\/#organization"},"image":{"@id":"https:\/\/www.eldiariodetucuman.com\/web\/eduardo-amadeo-me-mori-me-cai-muerto-al-lado-del-auto\/#primaryimage"},"thumbnailUrl":"https:\/\/www.eldiariodetucuman.com\/web\/wp-content\/uploads\/2018\/08\/66ded70242670c27827835a86fa69a10.jpeg","articleSection":["Portada"],"inLanguage":"es","potentialAction":[{"@type":"CommentAction","name":"Comment","target":["https:\/\/www.eldiariodetucuman.com\/web\/eduardo-amadeo-me-mori-me-cai-muerto-al-lado-del-auto\/#respond"]}]},{"@type":"WebPage","@id":"https:\/\/www.eldiariodetucuman.com\/web\/eduardo-amadeo-me-mori-me-cai-muerto-al-lado-del-auto\/","url":"https:\/\/www.eldiariodetucuman.com\/web\/eduardo-amadeo-me-mori-me-cai-muerto-al-lado-del-auto\/","name":"Eduardo Amadeo: \"Me mor\u00ed, me ca\u00ed muerto al lado del auto\" - El Diario de Tucuman","isPartOf":{"@id":"https:\/\/www.eldiariodetucuman.com\/web\/#website"},"primaryImageOfPage":{"@id":"https:\/\/www.eldiariodetucuman.com\/web\/eduardo-amadeo-me-mori-me-cai-muerto-al-lado-del-auto\/#primaryimage"},"image":{"@id":"https:\/\/www.eldiariodetucuman.com\/web\/eduardo-amadeo-me-mori-me-cai-muerto-al-lado-del-auto\/#primaryimage"},"thumbnailUrl":"https:\/\/www.eldiariodetucuman.com\/web\/wp-content\/uploads\/2018\/08\/66ded70242670c27827835a86fa69a10.jpeg","datePublished":"2018-08-31T15:37:18+00:00","dateModified":"2018-08-31T15:37:19+00:00","breadcrumb":{"@id":"https:\/\/www.eldiariodetucuman.com\/web\/eduardo-amadeo-me-mori-me-cai-muerto-al-lado-del-auto\/#breadcrumb"},"inLanguage":"es","potentialAction":[{"@type":"ReadAction","target":["https:\/\/www.eldiariodetucuman.com\/web\/eduardo-amadeo-me-mori-me-cai-muerto-al-lado-del-auto\/"]}]},{"@type":"ImageObject","inLanguage":"es","@id":"https:\/\/www.eldiariodetucuman.com\/web\/eduardo-amadeo-me-mori-me-cai-muerto-al-lado-del-auto\/#primaryimage","url":"https:\/\/www.eldiariodetucuman.com\/web\/wp-content\/uploads\/2018\/08\/66ded70242670c27827835a86fa69a10.jpeg","contentUrl":"https:\/\/www.eldiariodetucuman.com\/web\/wp-content\/uploads\/2018\/08\/66ded70242670c27827835a86fa69a10.jpeg","width":960,"height":528},{"@type":"BreadcrumbList","@id":"https:\/\/www.eldiariodetucuman.com\/web\/eduardo-amadeo-me-mori-me-cai-muerto-al-lado-del-auto\/#breadcrumb","itemListElement":[{"@type":"ListItem","position":1,"name":"Portada","item":"https:\/\/www.eldiariodetucuman.com\/web\/"},{"@type":"ListItem","position":2,"name":"Eduardo Amadeo: \u00abMe mor\u00ed, me ca\u00ed muerto al lado del auto\u00bb"}]},{"@type":"WebSite","@id":"https:\/\/www.eldiariodetucuman.com\/web\/#website","url":"https:\/\/www.eldiariodetucuman.com\/web\/","name":"El Diario de Tucuman","description":"Diario Tucuman - Informaci\u00f3n y noticias","publisher":{"@id":"https:\/\/www.eldiariodetucuman.com\/web\/#organization"},"potentialAction":[{"@type":"SearchAction","target":{"@type":"EntryPoint","urlTemplate":"https:\/\/www.eldiariodetucuman.com\/web\/?s={search_term_string}"},"query-input":{"@type":"PropertyValueSpecification","valueRequired":true,"valueName":"search_term_string"}}],"inLanguage":"es"},{"@type":"Organization","@id":"https:\/\/www.eldiariodetucuman.com\/web\/#organization","name":"El Diario de Tucuman","url":"https:\/\/www.eldiariodetucuman.com\/web\/","logo":{"@type":"ImageObject","inLanguage":"es","@id":"https:\/\/www.eldiariodetucuman.com\/web\/#\/schema\/logo\/image\/","url":"http:\/\/www.eldiariodetucuman.com\/web\/wp-content\/uploads\/2017\/12\/el-diario-de-tucuman.jpg","contentUrl":"http:\/\/www.eldiariodetucuman.com\/web\/wp-content\/uploads\/2017\/12\/el-diario-de-tucuman.jpg","width":272,"height":92,"caption":"El Diario de Tucuman"},"image":{"@id":"https:\/\/www.eldiariodetucuman.com\/web\/#\/schema\/logo\/image\/"}},{"@type":"Person","@id":"https:\/\/www.eldiariodetucuman.com\/web\/#\/schema\/person\/9250197d75ab5483412e19678b121caa","name":"admin","image":{"@type":"ImageObject","inLanguage":"es","@id":"https:\/\/secure.gravatar.com\/avatar\/c44d117c2be811212c22cb481f6b8384b6873de103fbc49e7a03cc58d7dea4ac?s=96&d=mm&r=g","url":"https:\/\/secure.gravatar.com\/avatar\/c44d117c2be811212c22cb481f6b8384b6873de103fbc49e7a03cc58d7dea4ac?s=96&d=mm&r=g","contentUrl":"https:\/\/secure.gravatar.com\/avatar\/c44d117c2be811212c22cb481f6b8384b6873de103fbc49e7a03cc58d7dea4ac?s=96&d=mm&r=g","caption":"admin"},"url":"https:\/\/www.eldiariodetucuman.com\/web\/author\/admin\/"}]}},"_links":{"self":[{"href":"https:\/\/www.eldiariodetucuman.com\/web\/wp-json\/wp\/v2\/posts\/16092","targetHints":{"allow":["GET"]}}],"collection":[{"href":"https:\/\/www.eldiariodetucuman.com\/web\/wp-json\/wp\/v2\/posts"}],"about":[{"href":"https:\/\/www.eldiariodetucuman.com\/web\/wp-json\/wp\/v2\/types\/post"}],"author":[{"embeddable":true,"href":"https:\/\/www.eldiariodetucuman.com\/web\/wp-json\/wp\/v2\/users\/1"}],"replies":[{"embeddable":true,"href":"https:\/\/www.eldiariodetucuman.com\/web\/wp-json\/wp\/v2\/comments?post=16092"}],"version-history":[{"count":1,"href":"https:\/\/www.eldiariodetucuman.com\/web\/wp-json\/wp\/v2\/posts\/16092\/revisions"}],"predecessor-version":[{"id":16094,"href":"https:\/\/www.eldiariodetucuman.com\/web\/wp-json\/wp\/v2\/posts\/16092\/revisions\/16094"}],"wp:featuredmedia":[{"embeddable":true,"href":"https:\/\/www.eldiariodetucuman.com\/web\/wp-json\/wp\/v2\/media\/16093"}],"wp:attachment":[{"href":"https:\/\/www.eldiariodetucuman.com\/web\/wp-json\/wp\/v2\/media?parent=16092"}],"wp:term":[{"taxonomy":"category","embeddable":true,"href":"https:\/\/www.eldiariodetucuman.com\/web\/wp-json\/wp\/v2\/categories?post=16092"},{"taxonomy":"post_tag","embeddable":true,"href":"https:\/\/www.eldiariodetucuman.com\/web\/wp-json\/wp\/v2\/tags?post=16092"}],"curies":[{"name":"wp","href":"https:\/\/api.w.org\/{rel}","templated":true}]}}