{"id":16086,"date":"2018-08-31T12:37:03","date_gmt":"2018-08-31T15:37:03","guid":{"rendered":"http:\/\/www.eldiariodetucuman.com\/web\/el-gobierno-nombro-al-coordinador-de-la-unidad-medica-presidencial\/"},"modified":"2018-08-31T12:37:04","modified_gmt":"2018-08-31T15:37:04","slug":"el-gobierno-nombro-al-coordinador-de-la-unidad-medica-presidencial","status":"publish","type":"post","link":"https:\/\/www.eldiariodetucuman.com\/web\/el-gobierno-nombro-al-coordinador-de-la-unidad-medica-presidencial\/","title":{"rendered":"El Gobierno nombr\u00f3 al Coordinador de la Unidad M\u00e9dica Presidencial"},"content":{"rendered":"<div>\n<div readability=\"39.947592067989\">\n<p>El <a href=\"https:\/\/www.elintransigente.com\/noticias\/buscar\/?buscar=gobierno+nacional\">Gobierno Nacional<\/a> design\u00f3, a partir del 19 de junio de 2018, al doctor <strong>Christian Adri\u00e1n Caroli,<\/strong> en el cargo extraescalafonario de <strong>Coordinador de la Unidad M\u00e9dica Presidencial<\/strong>, de la Subsecretar\u00eda de Asuntos Presidenciales de la <a href=\"https:\/\/www.elintransigente.com\/noticias\/buscar\/?buscar=secretaria+general+de+la+nacion\">Secretar\u00eda General de la Presidencia de la Naci\u00f3n.<\/a>\u00a0<\/p>\n<p>El doctor Christian Adri\u00e1n Caroli, designado a partir del 19 de junio, tiene 37 a\u00f1os y <strong>se desempe\u00f1aba como responsable de cuidados generales en el Departamento de Cardiolog\u00eda de la Fundaci\u00f3n para la Lucha contra las Enfermedades Neurol\u00f3gicas de la Infancia<\/strong> (FLENI). Adem\u00e1s, suele dar cursos de actualizaci\u00f3n para la Sociedad Argentina de Cardiolog\u00eda.<\/p>\n<aside class=\"htmlinline \"><ins class=\"adsbygoogle\" data-ad-layout=\"in-article\" data-ad-format=\"fluid\" data-ad-client=\"ca-pub-7781556717282971\" data-ad-slot=\"9383133609\"><\/ins><br \/>\n<\/aside>\n<p>Este nombramiento, se produjo d\u00edas despu\u00e9s de la <strong>arritmia que el presidente Mauricio Macri sufri\u00f3 el pasado 3 de junio<\/strong>.<\/p>\n<p>En aquella jornada, el mandatario debi\u00f3 ser internado por unas horas en la Cl\u00ednica Olivos para realizarse una serie de estudios tras haber sentido un malestar esa misma ma\u00f1ana.<\/p>\n<p>La Secretar\u00eda General, a trav\u00e9s del <strong>Decreto 789\/2018<\/strong>, justifica esta medida en el Decreto N\u00b0 355\/17, el cual dispuso, entre otras cuestiones, que toda designaci\u00f3n transitoria de personal en cargos de planta permanente y extraescalafonarios vacantes y financiados presupuestariamente, en jurisdicciones y unidades organizativas dependientes de la Presidencia de la Naci\u00f3n,<strong> de conformidad a las estructuras organizativas, ser\u00e1 efectuada por el Presidente.<\/strong><\/p>\n<\/div>\n<\/div>\n<p>Fuente: https:\/\/www.elintransigente.com\/politica\/2018\/8\/31\/el-gobierno-nombro-al-coordinador-de-la-unidad-medica-presidencial-508800.html<\/p>\n","protected":false},"excerpt":{"rendered":"<p>El Gobierno Nacional design\u00f3, a partir del 19 de junio de 2018, al doctor Christian Adri\u00e1n Caroli, en el cargo extraescalafonario de Coordinador de la Unidad M\u00e9dica Presidencial, de la Subsecretar\u00eda de Asuntos Presidenciales de la Secretar\u00eda General de la Presidencia de la Naci\u00f3n.\u00a0 El doctor Christian Adri\u00e1n Caroli, designado a partir del 19 de [&hellip;]<\/p>\n","protected":false},"author":1,"featured_media":16087,"comment_status":"open","ping_status":"closed","sticky":false,"template":"","format":"standard","meta":{"footnotes":""},"categories":[1],"tags":[],"class_list":{"0":"post-16086","1":"post","2":"type-post","3":"status-publish","4":"format-standard","5":"has-post-thumbnail","7":"category-portada"},"yoast_head":"<!-- This site is optimized with the Yoast SEO plugin v27.4 - https:\/\/yoast.com\/product\/yoast-seo-wordpress\/ -->\n<title>El Gobierno nombr\u00f3 al Coordinador de la Unidad M\u00e9dica Presidencial - El Diario de Tucuman<\/title>\n<meta name=\"robots\" content=\"index, follow, max-snippet:-1, max-image-preview:large, max-video-preview:-1\" \/>\n<link rel=\"canonical\" href=\"https:\/\/www.eldiariodetucuman.com\/web\/el-gobierno-nombro-al-coordinador-de-la-unidad-medica-presidencial\/\" \/>\n<meta property=\"og:locale\" content=\"es_ES\" \/>\n<meta property=\"og:type\" content=\"article\" \/>\n<meta property=\"og:title\" content=\"El Gobierno nombr\u00f3 al Coordinador de la Unidad M\u00e9dica Presidencial - El Diario de Tucuman\" \/>\n<meta property=\"og:description\" content=\"El Gobierno Nacional design\u00f3, a partir del 19 de junio de 2018, al doctor Christian Adri\u00e1n Caroli, en el cargo extraescalafonario de Coordinador de la Unidad M\u00e9dica Presidencial, de la Subsecretar\u00eda de Asuntos Presidenciales de la Secretar\u00eda General de la Presidencia de la Naci\u00f3n.\u00a0 El doctor Christian Adri\u00e1n Caroli, designado a partir del 19 de [&hellip;]\" \/>\n<meta property=\"og:url\" content=\"https:\/\/www.eldiariodetucuman.com\/web\/el-gobierno-nombro-al-coordinador-de-la-unidad-medica-presidencial\/\" \/>\n<meta property=\"og:site_name\" content=\"El Diario de Tucuman\" \/>\n<meta property=\"article:published_time\" content=\"2018-08-31T15:37:03+00:00\" \/>\n<meta property=\"article:modified_time\" content=\"2018-08-31T15:37:04+00:00\" \/>\n<meta property=\"og:image\" content=\"https:\/\/www.eldiariodetucuman.com\/web\/wp-content\/uploads\/2018\/08\/30d14a492bf79586c6fe526d332dec15.jpeg\" \/>\n\t<meta property=\"og:image:width\" content=\"960\" \/>\n\t<meta property=\"og:image:height\" content=\"576\" \/>\n\t<meta property=\"og:image:type\" content=\"image\/jpeg\" \/>\n<meta name=\"author\" content=\"admin\" \/>\n<meta name=\"twitter:card\" content=\"summary_large_image\" \/>\n<meta name=\"twitter:label1\" content=\"Escrito por\" \/>\n\t<meta name=\"twitter:data1\" content=\"admin\" \/>\n\t<meta name=\"twitter:label2\" content=\"Tiempo de lectura\" \/>\n\t<meta name=\"twitter:data2\" content=\"1 minuto\" \/>\n<script type=\"application\/ld+json\" class=\"yoast-schema-graph\">{\"@context\":\"https:\\\/\\\/schema.org\",\"@graph\":[{\"@type\":\"Article\",\"@id\":\"https:\\\/\\\/www.eldiariodetucuman.com\\\/web\\\/el-gobierno-nombro-al-coordinador-de-la-unidad-medica-presidencial\\\/#article\",\"isPartOf\":{\"@id\":\"https:\\\/\\\/www.eldiariodetucuman.com\\\/web\\\/el-gobierno-nombro-al-coordinador-de-la-unidad-medica-presidencial\\\/\"},\"author\":{\"name\":\"admin\",\"@id\":\"https:\\\/\\\/www.eldiariodetucuman.com\\\/web\\\/#\\\/schema\\\/person\\\/9250197d75ab5483412e19678b121caa\"},\"headline\":\"El Gobierno nombr\u00f3 al Coordinador de la Unidad M\u00e9dica Presidencial\",\"datePublished\":\"2018-08-31T15:37:03+00:00\",\"dateModified\":\"2018-08-31T15:37:04+00:00\",\"mainEntityOfPage\":{\"@id\":\"https:\\\/\\\/www.eldiariodetucuman.com\\\/web\\\/el-gobierno-nombro-al-coordinador-de-la-unidad-medica-presidencial\\\/\"},\"wordCount\":243,\"commentCount\":0,\"publisher\":{\"@id\":\"https:\\\/\\\/www.eldiariodetucuman.com\\\/web\\\/#organization\"},\"image\":{\"@id\":\"https:\\\/\\\/www.eldiariodetucuman.com\\\/web\\\/el-gobierno-nombro-al-coordinador-de-la-unidad-medica-presidencial\\\/#primaryimage\"},\"thumbnailUrl\":\"https:\\\/\\\/www.eldiariodetucuman.com\\\/web\\\/wp-content\\\/uploads\\\/2018\\\/08\\\/30d14a492bf79586c6fe526d332dec15.jpeg\",\"articleSection\":[\"Portada\"],\"inLanguage\":\"es\",\"potentialAction\":[{\"@type\":\"CommentAction\",\"name\":\"Comment\",\"target\":[\"https:\\\/\\\/www.eldiariodetucuman.com\\\/web\\\/el-gobierno-nombro-al-coordinador-de-la-unidad-medica-presidencial\\\/#respond\"]}]},{\"@type\":\"WebPage\",\"@id\":\"https:\\\/\\\/www.eldiariodetucuman.com\\\/web\\\/el-gobierno-nombro-al-coordinador-de-la-unidad-medica-presidencial\\\/\",\"url\":\"https:\\\/\\\/www.eldiariodetucuman.com\\\/web\\\/el-gobierno-nombro-al-coordinador-de-la-unidad-medica-presidencial\\\/\",\"name\":\"El Gobierno nombr\u00f3 al Coordinador de la Unidad M\u00e9dica Presidencial - El Diario de Tucuman\",\"isPartOf\":{\"@id\":\"https:\\\/\\\/www.eldiariodetucuman.com\\\/web\\\/#website\"},\"primaryImageOfPage\":{\"@id\":\"https:\\\/\\\/www.eldiariodetucuman.com\\\/web\\\/el-gobierno-nombro-al-coordinador-de-la-unidad-medica-presidencial\\\/#primaryimage\"},\"image\":{\"@id\":\"https:\\\/\\\/www.eldiariodetucuman.com\\\/web\\\/el-gobierno-nombro-al-coordinador-de-la-unidad-medica-presidencial\\\/#primaryimage\"},\"thumbnailUrl\":\"https:\\\/\\\/www.eldiariodetucuman.com\\\/web\\\/wp-content\\\/uploads\\\/2018\\\/08\\\/30d14a492bf79586c6fe526d332dec15.jpeg\",\"datePublished\":\"2018-08-31T15:37:03+00:00\",\"dateModified\":\"2018-08-31T15:37:04+00:00\",\"breadcrumb\":{\"@id\":\"https:\\\/\\\/www.eldiariodetucuman.com\\\/web\\\/el-gobierno-nombro-al-coordinador-de-la-unidad-medica-presidencial\\\/#breadcrumb\"},\"inLanguage\":\"es\",\"potentialAction\":[{\"@type\":\"ReadAction\",\"target\":[\"https:\\\/\\\/www.eldiariodetucuman.com\\\/web\\\/el-gobierno-nombro-al-coordinador-de-la-unidad-medica-presidencial\\\/\"]}]},{\"@type\":\"ImageObject\",\"inLanguage\":\"es\",\"@id\":\"https:\\\/\\\/www.eldiariodetucuman.com\\\/web\\\/el-gobierno-nombro-al-coordinador-de-la-unidad-medica-presidencial\\\/#primaryimage\",\"url\":\"https:\\\/\\\/www.eldiariodetucuman.com\\\/web\\\/wp-content\\\/uploads\\\/2018\\\/08\\\/30d14a492bf79586c6fe526d332dec15.jpeg\",\"contentUrl\":\"https:\\\/\\\/www.eldiariodetucuman.com\\\/web\\\/wp-content\\\/uploads\\\/2018\\\/08\\\/30d14a492bf79586c6fe526d332dec15.jpeg\",\"width\":960,\"height\":576},{\"@type\":\"BreadcrumbList\",\"@id\":\"https:\\\/\\\/www.eldiariodetucuman.com\\\/web\\\/el-gobierno-nombro-al-coordinador-de-la-unidad-medica-presidencial\\\/#breadcrumb\",\"itemListElement\":[{\"@type\":\"ListItem\",\"position\":1,\"name\":\"Portada\",\"item\":\"https:\\\/\\\/www.eldiariodetucuman.com\\\/web\\\/\"},{\"@type\":\"ListItem\",\"position\":2,\"name\":\"El Gobierno nombr\u00f3 al Coordinador de la Unidad M\u00e9dica Presidencial\"}]},{\"@type\":\"WebSite\",\"@id\":\"https:\\\/\\\/www.eldiariodetucuman.com\\\/web\\\/#website\",\"url\":\"https:\\\/\\\/www.eldiariodetucuman.com\\\/web\\\/\",\"name\":\"El Diario de Tucuman\",\"description\":\"Diario Tucuman - Informaci\u00f3n y noticias\",\"publisher\":{\"@id\":\"https:\\\/\\\/www.eldiariodetucuman.com\\\/web\\\/#organization\"},\"potentialAction\":[{\"@type\":\"SearchAction\",\"target\":{\"@type\":\"EntryPoint\",\"urlTemplate\":\"https:\\\/\\\/www.eldiariodetucuman.com\\\/web\\\/?s={search_term_string}\"},\"query-input\":{\"@type\":\"PropertyValueSpecification\",\"valueRequired\":true,\"valueName\":\"search_term_string\"}}],\"inLanguage\":\"es\"},{\"@type\":\"Organization\",\"@id\":\"https:\\\/\\\/www.eldiariodetucuman.com\\\/web\\\/#organization\",\"name\":\"El Diario de Tucuman\",\"url\":\"https:\\\/\\\/www.eldiariodetucuman.com\\\/web\\\/\",\"logo\":{\"@type\":\"ImageObject\",\"inLanguage\":\"es\",\"@id\":\"https:\\\/\\\/www.eldiariodetucuman.com\\\/web\\\/#\\\/schema\\\/logo\\\/image\\\/\",\"url\":\"http:\\\/\\\/www.eldiariodetucuman.com\\\/web\\\/wp-content\\\/uploads\\\/2017\\\/12\\\/el-diario-de-tucuman.jpg\",\"contentUrl\":\"http:\\\/\\\/www.eldiariodetucuman.com\\\/web\\\/wp-content\\\/uploads\\\/2017\\\/12\\\/el-diario-de-tucuman.jpg\",\"width\":272,\"height\":92,\"caption\":\"El Diario de Tucuman\"},\"image\":{\"@id\":\"https:\\\/\\\/www.eldiariodetucuman.com\\\/web\\\/#\\\/schema\\\/logo\\\/image\\\/\"}},{\"@type\":\"Person\",\"@id\":\"https:\\\/\\\/www.eldiariodetucuman.com\\\/web\\\/#\\\/schema\\\/person\\\/9250197d75ab5483412e19678b121caa\",\"name\":\"admin\",\"image\":{\"@type\":\"ImageObject\",\"inLanguage\":\"es\",\"@id\":\"https:\\\/\\\/secure.gravatar.com\\\/avatar\\\/c44d117c2be811212c22cb481f6b8384b6873de103fbc49e7a03cc58d7dea4ac?s=96&d=mm&r=g\",\"url\":\"https:\\\/\\\/secure.gravatar.com\\\/avatar\\\/c44d117c2be811212c22cb481f6b8384b6873de103fbc49e7a03cc58d7dea4ac?s=96&d=mm&r=g\",\"contentUrl\":\"https:\\\/\\\/secure.gravatar.com\\\/avatar\\\/c44d117c2be811212c22cb481f6b8384b6873de103fbc49e7a03cc58d7dea4ac?s=96&d=mm&r=g\",\"caption\":\"admin\"},\"url\":\"https:\\\/\\\/www.eldiariodetucuman.com\\\/web\\\/author\\\/admin\\\/\"}]}<\/script>\n<!-- \/ Yoast SEO plugin. -->","yoast_head_json":{"title":"El Gobierno nombr\u00f3 al Coordinador de la Unidad M\u00e9dica Presidencial - El Diario de Tucuman","robots":{"index":"index","follow":"follow","max-snippet":"max-snippet:-1","max-image-preview":"max-image-preview:large","max-video-preview":"max-video-preview:-1"},"canonical":"https:\/\/www.eldiariodetucuman.com\/web\/el-gobierno-nombro-al-coordinador-de-la-unidad-medica-presidencial\/","og_locale":"es_ES","og_type":"article","og_title":"El Gobierno nombr\u00f3 al Coordinador de la Unidad M\u00e9dica Presidencial - El Diario de Tucuman","og_description":"El Gobierno Nacional design\u00f3, a partir del 19 de junio de 2018, al doctor Christian Adri\u00e1n Caroli, en el cargo extraescalafonario de Coordinador de la Unidad M\u00e9dica Presidencial, de la Subsecretar\u00eda de Asuntos Presidenciales de la Secretar\u00eda General de la Presidencia de la Naci\u00f3n.\u00a0 El doctor Christian Adri\u00e1n Caroli, designado a partir del 19 de [&hellip;]","og_url":"https:\/\/www.eldiariodetucuman.com\/web\/el-gobierno-nombro-al-coordinador-de-la-unidad-medica-presidencial\/","og_site_name":"El Diario de Tucuman","article_published_time":"2018-08-31T15:37:03+00:00","article_modified_time":"2018-08-31T15:37:04+00:00","og_image":[{"width":960,"height":576,"url":"https:\/\/www.eldiariodetucuman.com\/web\/wp-content\/uploads\/2018\/08\/30d14a492bf79586c6fe526d332dec15.jpeg","type":"image\/jpeg"}],"author":"admin","twitter_card":"summary_large_image","twitter_misc":{"Escrito por":"admin","Tiempo de lectura":"1 minuto"},"schema":{"@context":"https:\/\/schema.org","@graph":[{"@type":"Article","@id":"https:\/\/www.eldiariodetucuman.com\/web\/el-gobierno-nombro-al-coordinador-de-la-unidad-medica-presidencial\/#article","isPartOf":{"@id":"https:\/\/www.eldiariodetucuman.com\/web\/el-gobierno-nombro-al-coordinador-de-la-unidad-medica-presidencial\/"},"author":{"name":"admin","@id":"https:\/\/www.eldiariodetucuman.com\/web\/#\/schema\/person\/9250197d75ab5483412e19678b121caa"},"headline":"El Gobierno nombr\u00f3 al Coordinador de la Unidad M\u00e9dica Presidencial","datePublished":"2018-08-31T15:37:03+00:00","dateModified":"2018-08-31T15:37:04+00:00","mainEntityOfPage":{"@id":"https:\/\/www.eldiariodetucuman.com\/web\/el-gobierno-nombro-al-coordinador-de-la-unidad-medica-presidencial\/"},"wordCount":243,"commentCount":0,"publisher":{"@id":"https:\/\/www.eldiariodetucuman.com\/web\/#organization"},"image":{"@id":"https:\/\/www.eldiariodetucuman.com\/web\/el-gobierno-nombro-al-coordinador-de-la-unidad-medica-presidencial\/#primaryimage"},"thumbnailUrl":"https:\/\/www.eldiariodetucuman.com\/web\/wp-content\/uploads\/2018\/08\/30d14a492bf79586c6fe526d332dec15.jpeg","articleSection":["Portada"],"inLanguage":"es","potentialAction":[{"@type":"CommentAction","name":"Comment","target":["https:\/\/www.eldiariodetucuman.com\/web\/el-gobierno-nombro-al-coordinador-de-la-unidad-medica-presidencial\/#respond"]}]},{"@type":"WebPage","@id":"https:\/\/www.eldiariodetucuman.com\/web\/el-gobierno-nombro-al-coordinador-de-la-unidad-medica-presidencial\/","url":"https:\/\/www.eldiariodetucuman.com\/web\/el-gobierno-nombro-al-coordinador-de-la-unidad-medica-presidencial\/","name":"El Gobierno nombr\u00f3 al Coordinador de la Unidad M\u00e9dica Presidencial - El Diario de Tucuman","isPartOf":{"@id":"https:\/\/www.eldiariodetucuman.com\/web\/#website"},"primaryImageOfPage":{"@id":"https:\/\/www.eldiariodetucuman.com\/web\/el-gobierno-nombro-al-coordinador-de-la-unidad-medica-presidencial\/#primaryimage"},"image":{"@id":"https:\/\/www.eldiariodetucuman.com\/web\/el-gobierno-nombro-al-coordinador-de-la-unidad-medica-presidencial\/#primaryimage"},"thumbnailUrl":"https:\/\/www.eldiariodetucuman.com\/web\/wp-content\/uploads\/2018\/08\/30d14a492bf79586c6fe526d332dec15.jpeg","datePublished":"2018-08-31T15:37:03+00:00","dateModified":"2018-08-31T15:37:04+00:00","breadcrumb":{"@id":"https:\/\/www.eldiariodetucuman.com\/web\/el-gobierno-nombro-al-coordinador-de-la-unidad-medica-presidencial\/#breadcrumb"},"inLanguage":"es","potentialAction":[{"@type":"ReadAction","target":["https:\/\/www.eldiariodetucuman.com\/web\/el-gobierno-nombro-al-coordinador-de-la-unidad-medica-presidencial\/"]}]},{"@type":"ImageObject","inLanguage":"es","@id":"https:\/\/www.eldiariodetucuman.com\/web\/el-gobierno-nombro-al-coordinador-de-la-unidad-medica-presidencial\/#primaryimage","url":"https:\/\/www.eldiariodetucuman.com\/web\/wp-content\/uploads\/2018\/08\/30d14a492bf79586c6fe526d332dec15.jpeg","contentUrl":"https:\/\/www.eldiariodetucuman.com\/web\/wp-content\/uploads\/2018\/08\/30d14a492bf79586c6fe526d332dec15.jpeg","width":960,"height":576},{"@type":"BreadcrumbList","@id":"https:\/\/www.eldiariodetucuman.com\/web\/el-gobierno-nombro-al-coordinador-de-la-unidad-medica-presidencial\/#breadcrumb","itemListElement":[{"@type":"ListItem","position":1,"name":"Portada","item":"https:\/\/www.eldiariodetucuman.com\/web\/"},{"@type":"ListItem","position":2,"name":"El Gobierno nombr\u00f3 al Coordinador de la Unidad M\u00e9dica Presidencial"}]},{"@type":"WebSite","@id":"https:\/\/www.eldiariodetucuman.com\/web\/#website","url":"https:\/\/www.eldiariodetucuman.com\/web\/","name":"El Diario de Tucuman","description":"Diario Tucuman - Informaci\u00f3n y noticias","publisher":{"@id":"https:\/\/www.eldiariodetucuman.com\/web\/#organization"},"potentialAction":[{"@type":"SearchAction","target":{"@type":"EntryPoint","urlTemplate":"https:\/\/www.eldiariodetucuman.com\/web\/?s={search_term_string}"},"query-input":{"@type":"PropertyValueSpecification","valueRequired":true,"valueName":"search_term_string"}}],"inLanguage":"es"},{"@type":"Organization","@id":"https:\/\/www.eldiariodetucuman.com\/web\/#organization","name":"El Diario de Tucuman","url":"https:\/\/www.eldiariodetucuman.com\/web\/","logo":{"@type":"ImageObject","inLanguage":"es","@id":"https:\/\/www.eldiariodetucuman.com\/web\/#\/schema\/logo\/image\/","url":"http:\/\/www.eldiariodetucuman.com\/web\/wp-content\/uploads\/2017\/12\/el-diario-de-tucuman.jpg","contentUrl":"http:\/\/www.eldiariodetucuman.com\/web\/wp-content\/uploads\/2017\/12\/el-diario-de-tucuman.jpg","width":272,"height":92,"caption":"El Diario de Tucuman"},"image":{"@id":"https:\/\/www.eldiariodetucuman.com\/web\/#\/schema\/logo\/image\/"}},{"@type":"Person","@id":"https:\/\/www.eldiariodetucuman.com\/web\/#\/schema\/person\/9250197d75ab5483412e19678b121caa","name":"admin","image":{"@type":"ImageObject","inLanguage":"es","@id":"https:\/\/secure.gravatar.com\/avatar\/c44d117c2be811212c22cb481f6b8384b6873de103fbc49e7a03cc58d7dea4ac?s=96&d=mm&r=g","url":"https:\/\/secure.gravatar.com\/avatar\/c44d117c2be811212c22cb481f6b8384b6873de103fbc49e7a03cc58d7dea4ac?s=96&d=mm&r=g","contentUrl":"https:\/\/secure.gravatar.com\/avatar\/c44d117c2be811212c22cb481f6b8384b6873de103fbc49e7a03cc58d7dea4ac?s=96&d=mm&r=g","caption":"admin"},"url":"https:\/\/www.eldiariodetucuman.com\/web\/author\/admin\/"}]}},"_links":{"self":[{"href":"https:\/\/www.eldiariodetucuman.com\/web\/wp-json\/wp\/v2\/posts\/16086","targetHints":{"allow":["GET"]}}],"collection":[{"href":"https:\/\/www.eldiariodetucuman.com\/web\/wp-json\/wp\/v2\/posts"}],"about":[{"href":"https:\/\/www.eldiariodetucuman.com\/web\/wp-json\/wp\/v2\/types\/post"}],"author":[{"embeddable":true,"href":"https:\/\/www.eldiariodetucuman.com\/web\/wp-json\/wp\/v2\/users\/1"}],"replies":[{"embeddable":true,"href":"https:\/\/www.eldiariodetucuman.com\/web\/wp-json\/wp\/v2\/comments?post=16086"}],"version-history":[{"count":1,"href":"https:\/\/www.eldiariodetucuman.com\/web\/wp-json\/wp\/v2\/posts\/16086\/revisions"}],"predecessor-version":[{"id":16088,"href":"https:\/\/www.eldiariodetucuman.com\/web\/wp-json\/wp\/v2\/posts\/16086\/revisions\/16088"}],"wp:featuredmedia":[{"embeddable":true,"href":"https:\/\/www.eldiariodetucuman.com\/web\/wp-json\/wp\/v2\/media\/16087"}],"wp:attachment":[{"href":"https:\/\/www.eldiariodetucuman.com\/web\/wp-json\/wp\/v2\/media?parent=16086"}],"wp:term":[{"taxonomy":"category","embeddable":true,"href":"https:\/\/www.eldiariodetucuman.com\/web\/wp-json\/wp\/v2\/categories?post=16086"},{"taxonomy":"post_tag","embeddable":true,"href":"https:\/\/www.eldiariodetucuman.com\/web\/wp-json\/wp\/v2\/tags?post=16086"}],"curies":[{"name":"wp","href":"https:\/\/api.w.org\/{rel}","templated":true}]}}