{"id":16074,"date":"2018-08-31T12:17:05","date_gmt":"2018-08-31T15:17:05","guid":{"rendered":"http:\/\/www.eldiariodetucuman.com\/web\/?p=16074"},"modified":"2018-08-31T12:17:05","modified_gmt":"2018-08-31T15:17:05","slug":"teatro-christiane-una-biografia-musical-sale-a-escena-en-el-virla","status":"publish","type":"post","link":"https:\/\/www.eldiariodetucuman.com\/web\/teatro-christiane-una-biografia-musical-sale-a-escena-en-el-virla\/","title":{"rendered":"Teatro | \u00abChristiane\u00bb una biograf\u00eda musical sale a escena en el Virla"},"content":{"rendered":"<div class=\"td-post-header\">\n<header class=\"td-post-title\">\n<div class=\"td-module-meta-info\">Una historia inspirada en la vida real saldr\u00e1 a escena este viernes a las 22 en el\u00a0Centro Cultural Virla.<\/div>\n<\/header>\n<\/div>\n<p><!--more--><\/p>\n<div class=\"td-post-content\">\n<p>En el marco de las VI Jornadas Nacionales de Teatro Musical Argentino, se presentar\u00e1 la obra <strong>\u201cChristiane\u201d<\/strong>, definida como un bio musical cient\u00edfico en homenaje a Christiane Dosne Pasqualini, quien viaj\u00f3 desde Canad\u00e1 a Buenos Aires a los 22 a\u00f1os para trabajar junto al premio Nobel de Medicina, Bernardo Houssay.<\/p>\n<p>La cient\u00edfica se aboc\u00f3 a investigar las causas del c\u00e1ncer en sus ratones de laboratorio y fue la primera mujer que ocup\u00f3 un asiento en la Academia Nacional de Medicina, mientras constru\u00eda y sosten\u00eda una familia. La propuesta se consagr\u00f3 en los Premios Hugo del a\u00f1o pasado (galardones reservados para el g\u00e9nero musical), donde gan\u00f3 en las categor\u00edas mejor libro, mejores letras y mejor espect\u00e1culo para un solo int\u00e9rprete. Estas distinciones recayeron en Bel\u00e9n Pasqualini, quien es la protagonista, la dramaturga y la nieta de Christiane, en cuya autobiograf\u00eda se bas\u00f3 para escribir una historia real que la lleva en la sangre.<\/p>\n<p><strong>Fuente:<\/strong><a href=\"http:\/\/www.0381.com.ar\/teatro-musical-en-el-virla\/\">\u00a0http:\/\/www.0381.com.ar\/teatro-musical-en-el-virla\/<\/a><\/p>\n<\/div>\n","protected":false},"excerpt":{"rendered":"<p>Una historia inspirada en la vida real saldr\u00e1 a escena este viernes a las 22 en el\u00a0Centro Cultural Virla.<\/p>\n","protected":false},"author":5,"featured_media":16084,"comment_status":"closed","ping_status":"open","sticky":false,"template":"","format":"standard","meta":{"footnotes":""},"categories":[191],"tags":[],"class_list":{"0":"post-16074","1":"post","2":"type-post","3":"status-publish","4":"format-standard","5":"has-post-thumbnail","7":"category-cartelera-de-espectaculos"},"yoast_head":"<!-- This site is optimized with the Yoast SEO plugin v27.4 - https:\/\/yoast.com\/product\/yoast-seo-wordpress\/ -->\n<title>Teatro | &quot;Christiane&quot; una biograf\u00eda musical sale a escena en el Virla - El Diario de Tucuman<\/title>\n<meta name=\"robots\" content=\"index, follow, max-snippet:-1, max-image-preview:large, max-video-preview:-1\" \/>\n<link rel=\"canonical\" href=\"https:\/\/www.eldiariodetucuman.com\/web\/teatro-christiane-una-biografia-musical-sale-a-escena-en-el-virla\/\" \/>\n<meta property=\"og:locale\" content=\"es_ES\" \/>\n<meta property=\"og:type\" content=\"article\" \/>\n<meta property=\"og:title\" content=\"Teatro | &quot;Christiane&quot; una biograf\u00eda musical sale a escena en el Virla - El Diario de Tucuman\" \/>\n<meta property=\"og:description\" content=\"Una historia inspirada en la vida real saldr\u00e1 a escena este viernes a las 22 en el\u00a0Centro Cultural Virla.\" \/>\n<meta property=\"og:url\" content=\"https:\/\/www.eldiariodetucuman.com\/web\/teatro-christiane-una-biografia-musical-sale-a-escena-en-el-virla\/\" \/>\n<meta property=\"og:site_name\" content=\"El Diario de Tucuman\" \/>\n<meta property=\"article:published_time\" content=\"2018-08-31T15:17:05+00:00\" \/>\n<meta property=\"og:image\" content=\"https:\/\/www.eldiariodetucuman.com\/web\/wp-content\/uploads\/2018\/08\/WhatsApp-Image-2018-08-31-at-11.17.28-AM-1.jpeg\" \/>\n\t<meta property=\"og:image:width\" content=\"1280\" \/>\n\t<meta property=\"og:image:height\" content=\"1280\" \/>\n\t<meta property=\"og:image:type\" content=\"image\/jpeg\" \/>\n<meta name=\"author\" content=\"Redactor Uno\" \/>\n<meta name=\"twitter:card\" content=\"summary_large_image\" \/>\n<meta name=\"twitter:label1\" content=\"Escrito por\" \/>\n\t<meta name=\"twitter:data1\" content=\"Redactor Uno\" \/>\n\t<meta name=\"twitter:label2\" content=\"Tiempo de lectura\" \/>\n\t<meta name=\"twitter:data2\" content=\"1 minuto\" \/>\n<script type=\"application\/ld+json\" class=\"yoast-schema-graph\">{\"@context\":\"https:\\\/\\\/schema.org\",\"@graph\":[{\"@type\":\"Article\",\"@id\":\"https:\\\/\\\/www.eldiariodetucuman.com\\\/web\\\/teatro-christiane-una-biografia-musical-sale-a-escena-en-el-virla\\\/#article\",\"isPartOf\":{\"@id\":\"https:\\\/\\\/www.eldiariodetucuman.com\\\/web\\\/teatro-christiane-una-biografia-musical-sale-a-escena-en-el-virla\\\/\"},\"author\":{\"name\":\"Redactor Uno\",\"@id\":\"https:\\\/\\\/www.eldiariodetucuman.com\\\/web\\\/#\\\/schema\\\/person\\\/7e6644a46e60888f6b868594407e08dd\"},\"headline\":\"Teatro | \u00abChristiane\u00bb una biograf\u00eda musical sale a escena en el Virla\",\"datePublished\":\"2018-08-31T15:17:05+00:00\",\"mainEntityOfPage\":{\"@id\":\"https:\\\/\\\/www.eldiariodetucuman.com\\\/web\\\/teatro-christiane-una-biografia-musical-sale-a-escena-en-el-virla\\\/\"},\"wordCount\":201,\"publisher\":{\"@id\":\"https:\\\/\\\/www.eldiariodetucuman.com\\\/web\\\/#organization\"},\"image\":{\"@id\":\"https:\\\/\\\/www.eldiariodetucuman.com\\\/web\\\/teatro-christiane-una-biografia-musical-sale-a-escena-en-el-virla\\\/#primaryimage\"},\"thumbnailUrl\":\"https:\\\/\\\/www.eldiariodetucuman.com\\\/web\\\/wp-content\\\/uploads\\\/2018\\\/08\\\/WhatsApp-Image-2018-08-31-at-11.17.28-AM-1.jpeg\",\"articleSection\":[\"Cartelera de espect\u00e1culos\"],\"inLanguage\":\"es\"},{\"@type\":\"WebPage\",\"@id\":\"https:\\\/\\\/www.eldiariodetucuman.com\\\/web\\\/teatro-christiane-una-biografia-musical-sale-a-escena-en-el-virla\\\/\",\"url\":\"https:\\\/\\\/www.eldiariodetucuman.com\\\/web\\\/teatro-christiane-una-biografia-musical-sale-a-escena-en-el-virla\\\/\",\"name\":\"Teatro | \\\"Christiane\\\" una biograf\u00eda musical sale a escena en el Virla - El Diario de Tucuman\",\"isPartOf\":{\"@id\":\"https:\\\/\\\/www.eldiariodetucuman.com\\\/web\\\/#website\"},\"primaryImageOfPage\":{\"@id\":\"https:\\\/\\\/www.eldiariodetucuman.com\\\/web\\\/teatro-christiane-una-biografia-musical-sale-a-escena-en-el-virla\\\/#primaryimage\"},\"image\":{\"@id\":\"https:\\\/\\\/www.eldiariodetucuman.com\\\/web\\\/teatro-christiane-una-biografia-musical-sale-a-escena-en-el-virla\\\/#primaryimage\"},\"thumbnailUrl\":\"https:\\\/\\\/www.eldiariodetucuman.com\\\/web\\\/wp-content\\\/uploads\\\/2018\\\/08\\\/WhatsApp-Image-2018-08-31-at-11.17.28-AM-1.jpeg\",\"datePublished\":\"2018-08-31T15:17:05+00:00\",\"breadcrumb\":{\"@id\":\"https:\\\/\\\/www.eldiariodetucuman.com\\\/web\\\/teatro-christiane-una-biografia-musical-sale-a-escena-en-el-virla\\\/#breadcrumb\"},\"inLanguage\":\"es\",\"potentialAction\":[{\"@type\":\"ReadAction\",\"target\":[\"https:\\\/\\\/www.eldiariodetucuman.com\\\/web\\\/teatro-christiane-una-biografia-musical-sale-a-escena-en-el-virla\\\/\"]}]},{\"@type\":\"ImageObject\",\"inLanguage\":\"es\",\"@id\":\"https:\\\/\\\/www.eldiariodetucuman.com\\\/web\\\/teatro-christiane-una-biografia-musical-sale-a-escena-en-el-virla\\\/#primaryimage\",\"url\":\"https:\\\/\\\/www.eldiariodetucuman.com\\\/web\\\/wp-content\\\/uploads\\\/2018\\\/08\\\/WhatsApp-Image-2018-08-31-at-11.17.28-AM-1.jpeg\",\"contentUrl\":\"https:\\\/\\\/www.eldiariodetucuman.com\\\/web\\\/wp-content\\\/uploads\\\/2018\\\/08\\\/WhatsApp-Image-2018-08-31-at-11.17.28-AM-1.jpeg\",\"width\":1280,\"height\":1280},{\"@type\":\"BreadcrumbList\",\"@id\":\"https:\\\/\\\/www.eldiariodetucuman.com\\\/web\\\/teatro-christiane-una-biografia-musical-sale-a-escena-en-el-virla\\\/#breadcrumb\",\"itemListElement\":[{\"@type\":\"ListItem\",\"position\":1,\"name\":\"Portada\",\"item\":\"https:\\\/\\\/www.eldiariodetucuman.com\\\/web\\\/\"},{\"@type\":\"ListItem\",\"position\":2,\"name\":\"Teatro | \u00abChristiane\u00bb una biograf\u00eda musical sale a escena en el Virla\"}]},{\"@type\":\"WebSite\",\"@id\":\"https:\\\/\\\/www.eldiariodetucuman.com\\\/web\\\/#website\",\"url\":\"https:\\\/\\\/www.eldiariodetucuman.com\\\/web\\\/\",\"name\":\"El Diario de Tucuman\",\"description\":\"Diario Tucuman - Informaci\u00f3n y noticias\",\"publisher\":{\"@id\":\"https:\\\/\\\/www.eldiariodetucuman.com\\\/web\\\/#organization\"},\"potentialAction\":[{\"@type\":\"SearchAction\",\"target\":{\"@type\":\"EntryPoint\",\"urlTemplate\":\"https:\\\/\\\/www.eldiariodetucuman.com\\\/web\\\/?s={search_term_string}\"},\"query-input\":{\"@type\":\"PropertyValueSpecification\",\"valueRequired\":true,\"valueName\":\"search_term_string\"}}],\"inLanguage\":\"es\"},{\"@type\":\"Organization\",\"@id\":\"https:\\\/\\\/www.eldiariodetucuman.com\\\/web\\\/#organization\",\"name\":\"El Diario de Tucuman\",\"url\":\"https:\\\/\\\/www.eldiariodetucuman.com\\\/web\\\/\",\"logo\":{\"@type\":\"ImageObject\",\"inLanguage\":\"es\",\"@id\":\"https:\\\/\\\/www.eldiariodetucuman.com\\\/web\\\/#\\\/schema\\\/logo\\\/image\\\/\",\"url\":\"http:\\\/\\\/www.eldiariodetucuman.com\\\/web\\\/wp-content\\\/uploads\\\/2017\\\/12\\\/el-diario-de-tucuman.jpg\",\"contentUrl\":\"http:\\\/\\\/www.eldiariodetucuman.com\\\/web\\\/wp-content\\\/uploads\\\/2017\\\/12\\\/el-diario-de-tucuman.jpg\",\"width\":272,\"height\":92,\"caption\":\"El Diario de Tucuman\"},\"image\":{\"@id\":\"https:\\\/\\\/www.eldiariodetucuman.com\\\/web\\\/#\\\/schema\\\/logo\\\/image\\\/\"}},{\"@type\":\"Person\",\"@id\":\"https:\\\/\\\/www.eldiariodetucuman.com\\\/web\\\/#\\\/schema\\\/person\\\/7e6644a46e60888f6b868594407e08dd\",\"name\":\"Redactor Uno\",\"image\":{\"@type\":\"ImageObject\",\"inLanguage\":\"es\",\"@id\":\"https:\\\/\\\/secure.gravatar.com\\\/avatar\\\/0049b1bdf1bd548385c9ea6b9356431717930913089febd2ba904f0187d7d074?s=96&d=mm&r=g\",\"url\":\"https:\\\/\\\/secure.gravatar.com\\\/avatar\\\/0049b1bdf1bd548385c9ea6b9356431717930913089febd2ba904f0187d7d074?s=96&d=mm&r=g\",\"contentUrl\":\"https:\\\/\\\/secure.gravatar.com\\\/avatar\\\/0049b1bdf1bd548385c9ea6b9356431717930913089febd2ba904f0187d7d074?s=96&d=mm&r=g\",\"caption\":\"Redactor Uno\"},\"url\":\"https:\\\/\\\/www.eldiariodetucuman.com\\\/web\\\/author\\\/mramasco\\\/\"}]}<\/script>\n<!-- \/ Yoast SEO plugin. -->","yoast_head_json":{"title":"Teatro | \"Christiane\" una biograf\u00eda musical sale a escena en el Virla - El Diario de Tucuman","robots":{"index":"index","follow":"follow","max-snippet":"max-snippet:-1","max-image-preview":"max-image-preview:large","max-video-preview":"max-video-preview:-1"},"canonical":"https:\/\/www.eldiariodetucuman.com\/web\/teatro-christiane-una-biografia-musical-sale-a-escena-en-el-virla\/","og_locale":"es_ES","og_type":"article","og_title":"Teatro | \"Christiane\" una biograf\u00eda musical sale a escena en el Virla - El Diario de Tucuman","og_description":"Una historia inspirada en la vida real saldr\u00e1 a escena este viernes a las 22 en el\u00a0Centro Cultural Virla.","og_url":"https:\/\/www.eldiariodetucuman.com\/web\/teatro-christiane-una-biografia-musical-sale-a-escena-en-el-virla\/","og_site_name":"El Diario de Tucuman","article_published_time":"2018-08-31T15:17:05+00:00","og_image":[{"width":1280,"height":1280,"url":"https:\/\/www.eldiariodetucuman.com\/web\/wp-content\/uploads\/2018\/08\/WhatsApp-Image-2018-08-31-at-11.17.28-AM-1.jpeg","type":"image\/jpeg"}],"author":"Redactor Uno","twitter_card":"summary_large_image","twitter_misc":{"Escrito por":"Redactor Uno","Tiempo de lectura":"1 minuto"},"schema":{"@context":"https:\/\/schema.org","@graph":[{"@type":"Article","@id":"https:\/\/www.eldiariodetucuman.com\/web\/teatro-christiane-una-biografia-musical-sale-a-escena-en-el-virla\/#article","isPartOf":{"@id":"https:\/\/www.eldiariodetucuman.com\/web\/teatro-christiane-una-biografia-musical-sale-a-escena-en-el-virla\/"},"author":{"name":"Redactor Uno","@id":"https:\/\/www.eldiariodetucuman.com\/web\/#\/schema\/person\/7e6644a46e60888f6b868594407e08dd"},"headline":"Teatro | \u00abChristiane\u00bb una biograf\u00eda musical sale a escena en el Virla","datePublished":"2018-08-31T15:17:05+00:00","mainEntityOfPage":{"@id":"https:\/\/www.eldiariodetucuman.com\/web\/teatro-christiane-una-biografia-musical-sale-a-escena-en-el-virla\/"},"wordCount":201,"publisher":{"@id":"https:\/\/www.eldiariodetucuman.com\/web\/#organization"},"image":{"@id":"https:\/\/www.eldiariodetucuman.com\/web\/teatro-christiane-una-biografia-musical-sale-a-escena-en-el-virla\/#primaryimage"},"thumbnailUrl":"https:\/\/www.eldiariodetucuman.com\/web\/wp-content\/uploads\/2018\/08\/WhatsApp-Image-2018-08-31-at-11.17.28-AM-1.jpeg","articleSection":["Cartelera de espect\u00e1culos"],"inLanguage":"es"},{"@type":"WebPage","@id":"https:\/\/www.eldiariodetucuman.com\/web\/teatro-christiane-una-biografia-musical-sale-a-escena-en-el-virla\/","url":"https:\/\/www.eldiariodetucuman.com\/web\/teatro-christiane-una-biografia-musical-sale-a-escena-en-el-virla\/","name":"Teatro | \"Christiane\" una biograf\u00eda musical sale a escena en el Virla - El Diario de Tucuman","isPartOf":{"@id":"https:\/\/www.eldiariodetucuman.com\/web\/#website"},"primaryImageOfPage":{"@id":"https:\/\/www.eldiariodetucuman.com\/web\/teatro-christiane-una-biografia-musical-sale-a-escena-en-el-virla\/#primaryimage"},"image":{"@id":"https:\/\/www.eldiariodetucuman.com\/web\/teatro-christiane-una-biografia-musical-sale-a-escena-en-el-virla\/#primaryimage"},"thumbnailUrl":"https:\/\/www.eldiariodetucuman.com\/web\/wp-content\/uploads\/2018\/08\/WhatsApp-Image-2018-08-31-at-11.17.28-AM-1.jpeg","datePublished":"2018-08-31T15:17:05+00:00","breadcrumb":{"@id":"https:\/\/www.eldiariodetucuman.com\/web\/teatro-christiane-una-biografia-musical-sale-a-escena-en-el-virla\/#breadcrumb"},"inLanguage":"es","potentialAction":[{"@type":"ReadAction","target":["https:\/\/www.eldiariodetucuman.com\/web\/teatro-christiane-una-biografia-musical-sale-a-escena-en-el-virla\/"]}]},{"@type":"ImageObject","inLanguage":"es","@id":"https:\/\/www.eldiariodetucuman.com\/web\/teatro-christiane-una-biografia-musical-sale-a-escena-en-el-virla\/#primaryimage","url":"https:\/\/www.eldiariodetucuman.com\/web\/wp-content\/uploads\/2018\/08\/WhatsApp-Image-2018-08-31-at-11.17.28-AM-1.jpeg","contentUrl":"https:\/\/www.eldiariodetucuman.com\/web\/wp-content\/uploads\/2018\/08\/WhatsApp-Image-2018-08-31-at-11.17.28-AM-1.jpeg","width":1280,"height":1280},{"@type":"BreadcrumbList","@id":"https:\/\/www.eldiariodetucuman.com\/web\/teatro-christiane-una-biografia-musical-sale-a-escena-en-el-virla\/#breadcrumb","itemListElement":[{"@type":"ListItem","position":1,"name":"Portada","item":"https:\/\/www.eldiariodetucuman.com\/web\/"},{"@type":"ListItem","position":2,"name":"Teatro | \u00abChristiane\u00bb una biograf\u00eda musical sale a escena en el Virla"}]},{"@type":"WebSite","@id":"https:\/\/www.eldiariodetucuman.com\/web\/#website","url":"https:\/\/www.eldiariodetucuman.com\/web\/","name":"El Diario de Tucuman","description":"Diario Tucuman - Informaci\u00f3n y noticias","publisher":{"@id":"https:\/\/www.eldiariodetucuman.com\/web\/#organization"},"potentialAction":[{"@type":"SearchAction","target":{"@type":"EntryPoint","urlTemplate":"https:\/\/www.eldiariodetucuman.com\/web\/?s={search_term_string}"},"query-input":{"@type":"PropertyValueSpecification","valueRequired":true,"valueName":"search_term_string"}}],"inLanguage":"es"},{"@type":"Organization","@id":"https:\/\/www.eldiariodetucuman.com\/web\/#organization","name":"El Diario de Tucuman","url":"https:\/\/www.eldiariodetucuman.com\/web\/","logo":{"@type":"ImageObject","inLanguage":"es","@id":"https:\/\/www.eldiariodetucuman.com\/web\/#\/schema\/logo\/image\/","url":"http:\/\/www.eldiariodetucuman.com\/web\/wp-content\/uploads\/2017\/12\/el-diario-de-tucuman.jpg","contentUrl":"http:\/\/www.eldiariodetucuman.com\/web\/wp-content\/uploads\/2017\/12\/el-diario-de-tucuman.jpg","width":272,"height":92,"caption":"El Diario de Tucuman"},"image":{"@id":"https:\/\/www.eldiariodetucuman.com\/web\/#\/schema\/logo\/image\/"}},{"@type":"Person","@id":"https:\/\/www.eldiariodetucuman.com\/web\/#\/schema\/person\/7e6644a46e60888f6b868594407e08dd","name":"Redactor Uno","image":{"@type":"ImageObject","inLanguage":"es","@id":"https:\/\/secure.gravatar.com\/avatar\/0049b1bdf1bd548385c9ea6b9356431717930913089febd2ba904f0187d7d074?s=96&d=mm&r=g","url":"https:\/\/secure.gravatar.com\/avatar\/0049b1bdf1bd548385c9ea6b9356431717930913089febd2ba904f0187d7d074?s=96&d=mm&r=g","contentUrl":"https:\/\/secure.gravatar.com\/avatar\/0049b1bdf1bd548385c9ea6b9356431717930913089febd2ba904f0187d7d074?s=96&d=mm&r=g","caption":"Redactor Uno"},"url":"https:\/\/www.eldiariodetucuman.com\/web\/author\/mramasco\/"}]}},"_links":{"self":[{"href":"https:\/\/www.eldiariodetucuman.com\/web\/wp-json\/wp\/v2\/posts\/16074","targetHints":{"allow":["GET"]}}],"collection":[{"href":"https:\/\/www.eldiariodetucuman.com\/web\/wp-json\/wp\/v2\/posts"}],"about":[{"href":"https:\/\/www.eldiariodetucuman.com\/web\/wp-json\/wp\/v2\/types\/post"}],"author":[{"embeddable":true,"href":"https:\/\/www.eldiariodetucuman.com\/web\/wp-json\/wp\/v2\/users\/5"}],"replies":[{"embeddable":true,"href":"https:\/\/www.eldiariodetucuman.com\/web\/wp-json\/wp\/v2\/comments?post=16074"}],"version-history":[{"count":1,"href":"https:\/\/www.eldiariodetucuman.com\/web\/wp-json\/wp\/v2\/posts\/16074\/revisions"}],"predecessor-version":[{"id":16085,"href":"https:\/\/www.eldiariodetucuman.com\/web\/wp-json\/wp\/v2\/posts\/16074\/revisions\/16085"}],"wp:featuredmedia":[{"embeddable":true,"href":"https:\/\/www.eldiariodetucuman.com\/web\/wp-json\/wp\/v2\/media\/16084"}],"wp:attachment":[{"href":"https:\/\/www.eldiariodetucuman.com\/web\/wp-json\/wp\/v2\/media?parent=16074"}],"wp:term":[{"taxonomy":"category","embeddable":true,"href":"https:\/\/www.eldiariodetucuman.com\/web\/wp-json\/wp\/v2\/categories?post=16074"},{"taxonomy":"post_tag","embeddable":true,"href":"https:\/\/www.eldiariodetucuman.com\/web\/wp-json\/wp\/v2\/tags?post=16074"}],"curies":[{"name":"wp","href":"https:\/\/api.w.org\/{rel}","templated":true}]}}