{"id":15810,"date":"2018-08-26T11:42:07","date_gmt":"2018-08-26T14:42:07","guid":{"rendered":"http:\/\/www.eldiariodetucuman.com\/web\/la-prioridad-es-la-unidad-de-la-oposicion-de-cara-al-2019\/"},"modified":"2018-08-26T11:42:09","modified_gmt":"2018-08-26T14:42:09","slug":"la-prioridad-es-la-unidad-de-la-oposicion-de-cara-al-2019","status":"publish","type":"post","link":"https:\/\/www.eldiariodetucuman.com\/web\/la-prioridad-es-la-unidad-de-la-oposicion-de-cara-al-2019\/","title":{"rendered":"\u00abLa prioridad es la unidad de la oposici\u00f3n de cara al 2019\u00bb"},"content":{"rendered":"<div>\n<div readability=\"73.550788643533\">\n<p>El diputado del Frente Renovador, <a href=\"https:\/\/www.elintransigente.com\/noticias\/buscar\/?buscar=Felipe+Sol%E1\"><strong>Felipe Sol\u00e1<\/strong><\/a>, se reuni\u00f3 hoy con el gobernador de San Juan,\u00a0<a href=\"https:\/\/www.elintransigente.com\/noticias\/buscar\/?buscar=+Sergio+U%F1ac\"><strong>Sergio U\u00f1ac<\/strong><\/a>, y con el presidente del PJ nacional, <strong>Jos\u00e9 Luis Gioja<\/strong>, y en ese marco no dej\u00f3 pasar la oportunidad de\u00a0subrayar que \u00abla unidad ser\u00e1 clave para vencer\u00bb a la coalici\u00f3n oficialista Cambiemos en la contienda electoral del a\u00f1o pr\u00f3ximo.\u00a0<\/p>\n<p>Durante su visita a San Juan, el legislador de la oposici\u00f3n se mostr\u00f3 junto al gobernador, enrolado en el ala peronista m\u00e1s distanciada del kirchnerismo, y al exgobernador y titular del PJ, que por el contrario se muestra cerca del espacio que lidera la expresidenta y actual senadora por Unidad Ciudadana, Cristina Fern\u00e1ndez de Kirchner.<\/p>\n<aside class=\"htmlinline \"><ins class=\"adsbygoogle\" data-ad-layout=\"in-article\" data-ad-format=\"fluid\" data-ad-client=\"ca-pub-7781556717282971\" data-ad-slot=\"9383133609\"><\/ins><br \/>\n<\/aside>\n<aside class=\"relacionadas con-foto\">\n<h5>Noticias Relacionadas<\/h5>\n<\/aside>\n<p>En ese marco, Sol\u00e1 elogi\u00f3 con \u00e9nfasis la gesti\u00f3n de U\u00f1ac, cuestion\u00f3 el programa econ\u00f3mico y social promovido por la administraci\u00f3n del presidente Mauricio Macri y\u00a0enfatiz\u00f3:<strong> \u00abHay muestras de unidad, lo que ser\u00e1 clave para vencer en el 2019\u00bb<\/strong>. Cabe se\u00f1alar que el diputado contin\u00faa en el FR sin embargo se ha distanciado del l\u00edder de dicho espacio pol\u00edtico, Sergio Massa.\u00a0<\/p>\n<p>Su distanciamiento se efectu\u00f3 luego de que diera a conocer sus aspiraciones electorales. Con la mira en 2019, Felipe Sol\u00e1 convers\u00f3 con el jefe provincial y dijo:<strong> \u00abCoincidimos con U\u00f1ac en la importancia de defender el trabajo argentino y la responsabilidad de cada uno en el armado pol\u00edtico futuro\u00bb<\/strong>. Asimismo, sostuvo que \u00abSan Juan crecer\u00eda mucho m\u00e1s si el Gobierno nacional no hubiese aplicado el ajuste\u00bb.\u00a0<\/p>\n<p>Acto seguido, expres\u00f3: <strong>\u00abSi por U\u00f1ac fuera, San Juan estar\u00eda creciendo\u00bb<\/strong>. Sol\u00e1 estuvo acompa\u00f1ado por los diputados nacionales Facundo Moyano, Fernando Asencio as\u00ed como por el legislador bonaerense Pablo Garate. Ayer visitaron a peque\u00f1os y medianos productores de Mendoza e hicieron hincapi\u00e9 en la actual situaci\u00f3n econ\u00f3mica que atraviesa el pa\u00eds.\u00a0<\/p>\n<p>\u00abYo viv\u00ed el 2001 como gobernador y s\u00e9 que de esta situaci\u00f3n hay que salir por arriba, produciendo m\u00e1s, no recortando. Se sale confiando en el trabajo y en la producci\u00f3n argentina\u00bb, manifest\u00f3 el legislador de Frente Renovador al tiempo que a\u00f1adi\u00f3: \u00abHay que mirar para adelante y centrarse en una \u00fanica pol\u00edtica posible, que es la de defender el trabajo argentino\u00bb.\u00a0<\/p>\n<p>\u00abHay que cuidar a aquellos que producen y tambi\u00e9n a los que dan trabajo\u00bb, resumi\u00f3 reunido con secretarios gremiales de Mendoza, legisladores y autoridades del PJ provincial. \u00abComo oposici\u00f3n estamos muy dispersos, pero caminamos, venimos y vamos para el a\u00f1o que viene tener una oposici\u00f3n seria y unificada\u00bb, enfatiz\u00f3 llamando a una uni\u00f3n dentro del peronismo.\u00a0<\/p>\n<p>En ese marco, tampoco pas\u00f3 por alto la causa por los cuadernos con detalles de presuntas coimas pagadas por empresarios a exfuncionarios a cambio de obra p\u00fablica durante el kirchnerismo. \u00abNo tengo en claro si Cristina Kirchner deber\u00eda ser o no candidata. Pero no es tiempo de poner el eje en las candidaturas, nuestras energ\u00edas deben estar puestas en generar los consensos para encontrar un camino distinto para el pa\u00eds\u00bb, afirm\u00f3. \u00a0<\/p>\n<\/div>\n<\/div>\n<p>Fuente: https:\/\/www.elintransigente.com\/politica\/2018\/8\/25\/la-prioridad-es-la-unidad-de-la-oposicion-de-cara-al-2019-507659.html<\/p>\n","protected":false},"excerpt":{"rendered":"<p>El diputado del Frente Renovador, Felipe Sol\u00e1, se reuni\u00f3 hoy con el gobernador de San Juan,\u00a0Sergio U\u00f1ac, y con el presidente del PJ nacional, Jos\u00e9 Luis Gioja, y en ese marco no dej\u00f3 pasar la oportunidad de\u00a0subrayar que \u00abla unidad ser\u00e1 clave para vencer\u00bb a la coalici\u00f3n oficialista Cambiemos en la contienda electoral del a\u00f1o [&hellip;]<\/p>\n","protected":false},"author":1,"featured_media":15811,"comment_status":"open","ping_status":"closed","sticky":false,"template":"","format":"standard","meta":{"footnotes":""},"categories":[1],"tags":[],"class_list":{"0":"post-15810","1":"post","2":"type-post","3":"status-publish","4":"format-standard","5":"has-post-thumbnail","7":"category-portada"},"yoast_head":"<!-- This site is optimized with the Yoast SEO plugin v27.4 - https:\/\/yoast.com\/product\/yoast-seo-wordpress\/ -->\n<title>&quot;La prioridad es la unidad de la oposici\u00f3n de cara al 2019&quot; - El Diario de Tucuman<\/title>\n<meta name=\"robots\" content=\"index, follow, max-snippet:-1, max-image-preview:large, max-video-preview:-1\" \/>\n<link rel=\"canonical\" href=\"https:\/\/www.eldiariodetucuman.com\/web\/la-prioridad-es-la-unidad-de-la-oposicion-de-cara-al-2019\/\" \/>\n<meta property=\"og:locale\" content=\"es_ES\" \/>\n<meta property=\"og:type\" content=\"article\" \/>\n<meta property=\"og:title\" content=\"&quot;La prioridad es la unidad de la oposici\u00f3n de cara al 2019&quot; - El Diario de Tucuman\" \/>\n<meta property=\"og:description\" content=\"El diputado del Frente Renovador, Felipe Sol\u00e1, se reuni\u00f3 hoy con el gobernador de San Juan,\u00a0Sergio U\u00f1ac, y con el presidente del PJ nacional, Jos\u00e9 Luis Gioja, y en ese marco no dej\u00f3 pasar la oportunidad de\u00a0subrayar que \u00abla unidad ser\u00e1 clave para vencer\u00bb a la coalici\u00f3n oficialista Cambiemos en la contienda electoral del a\u00f1o [&hellip;]\" \/>\n<meta property=\"og:url\" content=\"https:\/\/www.eldiariodetucuman.com\/web\/la-prioridad-es-la-unidad-de-la-oposicion-de-cara-al-2019\/\" \/>\n<meta property=\"og:site_name\" content=\"El Diario de Tucuman\" \/>\n<meta property=\"article:published_time\" content=\"2018-08-26T14:42:07+00:00\" \/>\n<meta property=\"article:modified_time\" content=\"2018-08-26T14:42:09+00:00\" \/>\n<meta property=\"og:image\" content=\"https:\/\/www.eldiariodetucuman.com\/web\/wp-content\/uploads\/2018\/08\/8ffaed698e4d34a8df6a537db9f7b533.jpeg\" \/>\n\t<meta property=\"og:image:width\" content=\"960\" \/>\n\t<meta property=\"og:image:height\" content=\"608\" \/>\n\t<meta property=\"og:image:type\" content=\"image\/jpeg\" \/>\n<meta name=\"author\" content=\"admin\" \/>\n<meta name=\"twitter:card\" content=\"summary_large_image\" \/>\n<meta name=\"twitter:label1\" content=\"Escrito por\" \/>\n\t<meta name=\"twitter:data1\" content=\"admin\" \/>\n\t<meta name=\"twitter:label2\" content=\"Tiempo de lectura\" \/>\n\t<meta name=\"twitter:data2\" content=\"3 minutos\" \/>\n<script type=\"application\/ld+json\" class=\"yoast-schema-graph\">{\"@context\":\"https:\\\/\\\/schema.org\",\"@graph\":[{\"@type\":\"Article\",\"@id\":\"https:\\\/\\\/www.eldiariodetucuman.com\\\/web\\\/la-prioridad-es-la-unidad-de-la-oposicion-de-cara-al-2019\\\/#article\",\"isPartOf\":{\"@id\":\"https:\\\/\\\/www.eldiariodetucuman.com\\\/web\\\/la-prioridad-es-la-unidad-de-la-oposicion-de-cara-al-2019\\\/\"},\"author\":{\"name\":\"admin\",\"@id\":\"https:\\\/\\\/www.eldiariodetucuman.com\\\/web\\\/#\\\/schema\\\/person\\\/9250197d75ab5483412e19678b121caa\"},\"headline\":\"\u00abLa prioridad es la unidad de la oposici\u00f3n de cara al 2019\u00bb\",\"datePublished\":\"2018-08-26T14:42:07+00:00\",\"dateModified\":\"2018-08-26T14:42:09+00:00\",\"mainEntityOfPage\":{\"@id\":\"https:\\\/\\\/www.eldiariodetucuman.com\\\/web\\\/la-prioridad-es-la-unidad-de-la-oposicion-de-cara-al-2019\\\/\"},\"wordCount\":541,\"commentCount\":0,\"publisher\":{\"@id\":\"https:\\\/\\\/www.eldiariodetucuman.com\\\/web\\\/#organization\"},\"image\":{\"@id\":\"https:\\\/\\\/www.eldiariodetucuman.com\\\/web\\\/la-prioridad-es-la-unidad-de-la-oposicion-de-cara-al-2019\\\/#primaryimage\"},\"thumbnailUrl\":\"https:\\\/\\\/www.eldiariodetucuman.com\\\/web\\\/wp-content\\\/uploads\\\/2018\\\/08\\\/8ffaed698e4d34a8df6a537db9f7b533.jpeg\",\"articleSection\":[\"Portada\"],\"inLanguage\":\"es\",\"potentialAction\":[{\"@type\":\"CommentAction\",\"name\":\"Comment\",\"target\":[\"https:\\\/\\\/www.eldiariodetucuman.com\\\/web\\\/la-prioridad-es-la-unidad-de-la-oposicion-de-cara-al-2019\\\/#respond\"]}]},{\"@type\":\"WebPage\",\"@id\":\"https:\\\/\\\/www.eldiariodetucuman.com\\\/web\\\/la-prioridad-es-la-unidad-de-la-oposicion-de-cara-al-2019\\\/\",\"url\":\"https:\\\/\\\/www.eldiariodetucuman.com\\\/web\\\/la-prioridad-es-la-unidad-de-la-oposicion-de-cara-al-2019\\\/\",\"name\":\"\\\"La prioridad es la unidad de la oposici\u00f3n de cara al 2019\\\" - El Diario de Tucuman\",\"isPartOf\":{\"@id\":\"https:\\\/\\\/www.eldiariodetucuman.com\\\/web\\\/#website\"},\"primaryImageOfPage\":{\"@id\":\"https:\\\/\\\/www.eldiariodetucuman.com\\\/web\\\/la-prioridad-es-la-unidad-de-la-oposicion-de-cara-al-2019\\\/#primaryimage\"},\"image\":{\"@id\":\"https:\\\/\\\/www.eldiariodetucuman.com\\\/web\\\/la-prioridad-es-la-unidad-de-la-oposicion-de-cara-al-2019\\\/#primaryimage\"},\"thumbnailUrl\":\"https:\\\/\\\/www.eldiariodetucuman.com\\\/web\\\/wp-content\\\/uploads\\\/2018\\\/08\\\/8ffaed698e4d34a8df6a537db9f7b533.jpeg\",\"datePublished\":\"2018-08-26T14:42:07+00:00\",\"dateModified\":\"2018-08-26T14:42:09+00:00\",\"breadcrumb\":{\"@id\":\"https:\\\/\\\/www.eldiariodetucuman.com\\\/web\\\/la-prioridad-es-la-unidad-de-la-oposicion-de-cara-al-2019\\\/#breadcrumb\"},\"inLanguage\":\"es\",\"potentialAction\":[{\"@type\":\"ReadAction\",\"target\":[\"https:\\\/\\\/www.eldiariodetucuman.com\\\/web\\\/la-prioridad-es-la-unidad-de-la-oposicion-de-cara-al-2019\\\/\"]}]},{\"@type\":\"ImageObject\",\"inLanguage\":\"es\",\"@id\":\"https:\\\/\\\/www.eldiariodetucuman.com\\\/web\\\/la-prioridad-es-la-unidad-de-la-oposicion-de-cara-al-2019\\\/#primaryimage\",\"url\":\"https:\\\/\\\/www.eldiariodetucuman.com\\\/web\\\/wp-content\\\/uploads\\\/2018\\\/08\\\/8ffaed698e4d34a8df6a537db9f7b533.jpeg\",\"contentUrl\":\"https:\\\/\\\/www.eldiariodetucuman.com\\\/web\\\/wp-content\\\/uploads\\\/2018\\\/08\\\/8ffaed698e4d34a8df6a537db9f7b533.jpeg\",\"width\":960,\"height\":608},{\"@type\":\"BreadcrumbList\",\"@id\":\"https:\\\/\\\/www.eldiariodetucuman.com\\\/web\\\/la-prioridad-es-la-unidad-de-la-oposicion-de-cara-al-2019\\\/#breadcrumb\",\"itemListElement\":[{\"@type\":\"ListItem\",\"position\":1,\"name\":\"Portada\",\"item\":\"https:\\\/\\\/www.eldiariodetucuman.com\\\/web\\\/\"},{\"@type\":\"ListItem\",\"position\":2,\"name\":\"\u00abLa prioridad es la unidad de la oposici\u00f3n de cara al 2019\u00bb\"}]},{\"@type\":\"WebSite\",\"@id\":\"https:\\\/\\\/www.eldiariodetucuman.com\\\/web\\\/#website\",\"url\":\"https:\\\/\\\/www.eldiariodetucuman.com\\\/web\\\/\",\"name\":\"El Diario de Tucuman\",\"description\":\"Diario Tucuman - Informaci\u00f3n y noticias\",\"publisher\":{\"@id\":\"https:\\\/\\\/www.eldiariodetucuman.com\\\/web\\\/#organization\"},\"potentialAction\":[{\"@type\":\"SearchAction\",\"target\":{\"@type\":\"EntryPoint\",\"urlTemplate\":\"https:\\\/\\\/www.eldiariodetucuman.com\\\/web\\\/?s={search_term_string}\"},\"query-input\":{\"@type\":\"PropertyValueSpecification\",\"valueRequired\":true,\"valueName\":\"search_term_string\"}}],\"inLanguage\":\"es\"},{\"@type\":\"Organization\",\"@id\":\"https:\\\/\\\/www.eldiariodetucuman.com\\\/web\\\/#organization\",\"name\":\"El Diario de Tucuman\",\"url\":\"https:\\\/\\\/www.eldiariodetucuman.com\\\/web\\\/\",\"logo\":{\"@type\":\"ImageObject\",\"inLanguage\":\"es\",\"@id\":\"https:\\\/\\\/www.eldiariodetucuman.com\\\/web\\\/#\\\/schema\\\/logo\\\/image\\\/\",\"url\":\"http:\\\/\\\/www.eldiariodetucuman.com\\\/web\\\/wp-content\\\/uploads\\\/2017\\\/12\\\/el-diario-de-tucuman.jpg\",\"contentUrl\":\"http:\\\/\\\/www.eldiariodetucuman.com\\\/web\\\/wp-content\\\/uploads\\\/2017\\\/12\\\/el-diario-de-tucuman.jpg\",\"width\":272,\"height\":92,\"caption\":\"El Diario de Tucuman\"},\"image\":{\"@id\":\"https:\\\/\\\/www.eldiariodetucuman.com\\\/web\\\/#\\\/schema\\\/logo\\\/image\\\/\"}},{\"@type\":\"Person\",\"@id\":\"https:\\\/\\\/www.eldiariodetucuman.com\\\/web\\\/#\\\/schema\\\/person\\\/9250197d75ab5483412e19678b121caa\",\"name\":\"admin\",\"image\":{\"@type\":\"ImageObject\",\"inLanguage\":\"es\",\"@id\":\"https:\\\/\\\/secure.gravatar.com\\\/avatar\\\/c44d117c2be811212c22cb481f6b8384b6873de103fbc49e7a03cc58d7dea4ac?s=96&d=mm&r=g\",\"url\":\"https:\\\/\\\/secure.gravatar.com\\\/avatar\\\/c44d117c2be811212c22cb481f6b8384b6873de103fbc49e7a03cc58d7dea4ac?s=96&d=mm&r=g\",\"contentUrl\":\"https:\\\/\\\/secure.gravatar.com\\\/avatar\\\/c44d117c2be811212c22cb481f6b8384b6873de103fbc49e7a03cc58d7dea4ac?s=96&d=mm&r=g\",\"caption\":\"admin\"},\"url\":\"https:\\\/\\\/www.eldiariodetucuman.com\\\/web\\\/author\\\/admin\\\/\"}]}<\/script>\n<!-- \/ Yoast SEO plugin. -->","yoast_head_json":{"title":"\"La prioridad es la unidad de la oposici\u00f3n de cara al 2019\" - El Diario de Tucuman","robots":{"index":"index","follow":"follow","max-snippet":"max-snippet:-1","max-image-preview":"max-image-preview:large","max-video-preview":"max-video-preview:-1"},"canonical":"https:\/\/www.eldiariodetucuman.com\/web\/la-prioridad-es-la-unidad-de-la-oposicion-de-cara-al-2019\/","og_locale":"es_ES","og_type":"article","og_title":"\"La prioridad es la unidad de la oposici\u00f3n de cara al 2019\" - El Diario de Tucuman","og_description":"El diputado del Frente Renovador, Felipe Sol\u00e1, se reuni\u00f3 hoy con el gobernador de San Juan,\u00a0Sergio U\u00f1ac, y con el presidente del PJ nacional, Jos\u00e9 Luis Gioja, y en ese marco no dej\u00f3 pasar la oportunidad de\u00a0subrayar que \u00abla unidad ser\u00e1 clave para vencer\u00bb a la coalici\u00f3n oficialista Cambiemos en la contienda electoral del a\u00f1o [&hellip;]","og_url":"https:\/\/www.eldiariodetucuman.com\/web\/la-prioridad-es-la-unidad-de-la-oposicion-de-cara-al-2019\/","og_site_name":"El Diario de Tucuman","article_published_time":"2018-08-26T14:42:07+00:00","article_modified_time":"2018-08-26T14:42:09+00:00","og_image":[{"width":960,"height":608,"url":"https:\/\/www.eldiariodetucuman.com\/web\/wp-content\/uploads\/2018\/08\/8ffaed698e4d34a8df6a537db9f7b533.jpeg","type":"image\/jpeg"}],"author":"admin","twitter_card":"summary_large_image","twitter_misc":{"Escrito por":"admin","Tiempo de lectura":"3 minutos"},"schema":{"@context":"https:\/\/schema.org","@graph":[{"@type":"Article","@id":"https:\/\/www.eldiariodetucuman.com\/web\/la-prioridad-es-la-unidad-de-la-oposicion-de-cara-al-2019\/#article","isPartOf":{"@id":"https:\/\/www.eldiariodetucuman.com\/web\/la-prioridad-es-la-unidad-de-la-oposicion-de-cara-al-2019\/"},"author":{"name":"admin","@id":"https:\/\/www.eldiariodetucuman.com\/web\/#\/schema\/person\/9250197d75ab5483412e19678b121caa"},"headline":"\u00abLa prioridad es la unidad de la oposici\u00f3n de cara al 2019\u00bb","datePublished":"2018-08-26T14:42:07+00:00","dateModified":"2018-08-26T14:42:09+00:00","mainEntityOfPage":{"@id":"https:\/\/www.eldiariodetucuman.com\/web\/la-prioridad-es-la-unidad-de-la-oposicion-de-cara-al-2019\/"},"wordCount":541,"commentCount":0,"publisher":{"@id":"https:\/\/www.eldiariodetucuman.com\/web\/#organization"},"image":{"@id":"https:\/\/www.eldiariodetucuman.com\/web\/la-prioridad-es-la-unidad-de-la-oposicion-de-cara-al-2019\/#primaryimage"},"thumbnailUrl":"https:\/\/www.eldiariodetucuman.com\/web\/wp-content\/uploads\/2018\/08\/8ffaed698e4d34a8df6a537db9f7b533.jpeg","articleSection":["Portada"],"inLanguage":"es","potentialAction":[{"@type":"CommentAction","name":"Comment","target":["https:\/\/www.eldiariodetucuman.com\/web\/la-prioridad-es-la-unidad-de-la-oposicion-de-cara-al-2019\/#respond"]}]},{"@type":"WebPage","@id":"https:\/\/www.eldiariodetucuman.com\/web\/la-prioridad-es-la-unidad-de-la-oposicion-de-cara-al-2019\/","url":"https:\/\/www.eldiariodetucuman.com\/web\/la-prioridad-es-la-unidad-de-la-oposicion-de-cara-al-2019\/","name":"\"La prioridad es la unidad de la oposici\u00f3n de cara al 2019\" - El Diario de Tucuman","isPartOf":{"@id":"https:\/\/www.eldiariodetucuman.com\/web\/#website"},"primaryImageOfPage":{"@id":"https:\/\/www.eldiariodetucuman.com\/web\/la-prioridad-es-la-unidad-de-la-oposicion-de-cara-al-2019\/#primaryimage"},"image":{"@id":"https:\/\/www.eldiariodetucuman.com\/web\/la-prioridad-es-la-unidad-de-la-oposicion-de-cara-al-2019\/#primaryimage"},"thumbnailUrl":"https:\/\/www.eldiariodetucuman.com\/web\/wp-content\/uploads\/2018\/08\/8ffaed698e4d34a8df6a537db9f7b533.jpeg","datePublished":"2018-08-26T14:42:07+00:00","dateModified":"2018-08-26T14:42:09+00:00","breadcrumb":{"@id":"https:\/\/www.eldiariodetucuman.com\/web\/la-prioridad-es-la-unidad-de-la-oposicion-de-cara-al-2019\/#breadcrumb"},"inLanguage":"es","potentialAction":[{"@type":"ReadAction","target":["https:\/\/www.eldiariodetucuman.com\/web\/la-prioridad-es-la-unidad-de-la-oposicion-de-cara-al-2019\/"]}]},{"@type":"ImageObject","inLanguage":"es","@id":"https:\/\/www.eldiariodetucuman.com\/web\/la-prioridad-es-la-unidad-de-la-oposicion-de-cara-al-2019\/#primaryimage","url":"https:\/\/www.eldiariodetucuman.com\/web\/wp-content\/uploads\/2018\/08\/8ffaed698e4d34a8df6a537db9f7b533.jpeg","contentUrl":"https:\/\/www.eldiariodetucuman.com\/web\/wp-content\/uploads\/2018\/08\/8ffaed698e4d34a8df6a537db9f7b533.jpeg","width":960,"height":608},{"@type":"BreadcrumbList","@id":"https:\/\/www.eldiariodetucuman.com\/web\/la-prioridad-es-la-unidad-de-la-oposicion-de-cara-al-2019\/#breadcrumb","itemListElement":[{"@type":"ListItem","position":1,"name":"Portada","item":"https:\/\/www.eldiariodetucuman.com\/web\/"},{"@type":"ListItem","position":2,"name":"\u00abLa prioridad es la unidad de la oposici\u00f3n de cara al 2019\u00bb"}]},{"@type":"WebSite","@id":"https:\/\/www.eldiariodetucuman.com\/web\/#website","url":"https:\/\/www.eldiariodetucuman.com\/web\/","name":"El Diario de Tucuman","description":"Diario Tucuman - Informaci\u00f3n y noticias","publisher":{"@id":"https:\/\/www.eldiariodetucuman.com\/web\/#organization"},"potentialAction":[{"@type":"SearchAction","target":{"@type":"EntryPoint","urlTemplate":"https:\/\/www.eldiariodetucuman.com\/web\/?s={search_term_string}"},"query-input":{"@type":"PropertyValueSpecification","valueRequired":true,"valueName":"search_term_string"}}],"inLanguage":"es"},{"@type":"Organization","@id":"https:\/\/www.eldiariodetucuman.com\/web\/#organization","name":"El Diario de Tucuman","url":"https:\/\/www.eldiariodetucuman.com\/web\/","logo":{"@type":"ImageObject","inLanguage":"es","@id":"https:\/\/www.eldiariodetucuman.com\/web\/#\/schema\/logo\/image\/","url":"http:\/\/www.eldiariodetucuman.com\/web\/wp-content\/uploads\/2017\/12\/el-diario-de-tucuman.jpg","contentUrl":"http:\/\/www.eldiariodetucuman.com\/web\/wp-content\/uploads\/2017\/12\/el-diario-de-tucuman.jpg","width":272,"height":92,"caption":"El Diario de Tucuman"},"image":{"@id":"https:\/\/www.eldiariodetucuman.com\/web\/#\/schema\/logo\/image\/"}},{"@type":"Person","@id":"https:\/\/www.eldiariodetucuman.com\/web\/#\/schema\/person\/9250197d75ab5483412e19678b121caa","name":"admin","image":{"@type":"ImageObject","inLanguage":"es","@id":"https:\/\/secure.gravatar.com\/avatar\/c44d117c2be811212c22cb481f6b8384b6873de103fbc49e7a03cc58d7dea4ac?s=96&d=mm&r=g","url":"https:\/\/secure.gravatar.com\/avatar\/c44d117c2be811212c22cb481f6b8384b6873de103fbc49e7a03cc58d7dea4ac?s=96&d=mm&r=g","contentUrl":"https:\/\/secure.gravatar.com\/avatar\/c44d117c2be811212c22cb481f6b8384b6873de103fbc49e7a03cc58d7dea4ac?s=96&d=mm&r=g","caption":"admin"},"url":"https:\/\/www.eldiariodetucuman.com\/web\/author\/admin\/"}]}},"_links":{"self":[{"href":"https:\/\/www.eldiariodetucuman.com\/web\/wp-json\/wp\/v2\/posts\/15810","targetHints":{"allow":["GET"]}}],"collection":[{"href":"https:\/\/www.eldiariodetucuman.com\/web\/wp-json\/wp\/v2\/posts"}],"about":[{"href":"https:\/\/www.eldiariodetucuman.com\/web\/wp-json\/wp\/v2\/types\/post"}],"author":[{"embeddable":true,"href":"https:\/\/www.eldiariodetucuman.com\/web\/wp-json\/wp\/v2\/users\/1"}],"replies":[{"embeddable":true,"href":"https:\/\/www.eldiariodetucuman.com\/web\/wp-json\/wp\/v2\/comments?post=15810"}],"version-history":[{"count":1,"href":"https:\/\/www.eldiariodetucuman.com\/web\/wp-json\/wp\/v2\/posts\/15810\/revisions"}],"predecessor-version":[{"id":15812,"href":"https:\/\/www.eldiariodetucuman.com\/web\/wp-json\/wp\/v2\/posts\/15810\/revisions\/15812"}],"wp:featuredmedia":[{"embeddable":true,"href":"https:\/\/www.eldiariodetucuman.com\/web\/wp-json\/wp\/v2\/media\/15811"}],"wp:attachment":[{"href":"https:\/\/www.eldiariodetucuman.com\/web\/wp-json\/wp\/v2\/media?parent=15810"}],"wp:term":[{"taxonomy":"category","embeddable":true,"href":"https:\/\/www.eldiariodetucuman.com\/web\/wp-json\/wp\/v2\/categories?post=15810"},{"taxonomy":"post_tag","embeddable":true,"href":"https:\/\/www.eldiariodetucuman.com\/web\/wp-json\/wp\/v2\/tags?post=15810"}],"curies":[{"name":"wp","href":"https:\/\/api.w.org\/{rel}","templated":true}]}}